{"id":2047,"date":"2024-11-06T16:50:00","date_gmt":"2024-11-06T15:50:00","guid":{"rendered":"https:\/\/www.justretail.news\/latam\/?p=2047"},"modified":"2025-11-08T23:52:57","modified_gmt":"2025-11-08T22:52:57","slug":"ikea-inaugura-la-tienda-mas-grande-de-mexico","status":"publish","type":"post","link":"https:\/\/www.justretail.news\/latam\/noticias\/ikea-inaugura-la-tienda-mas-grande-de-mexico\/","title":{"rendered":"IKEA Inaugura la Tienda M\u00e1s Grande de M\u00e9xico"},"content":{"rendered":"\n<p>El 14 de noviembre de 2024, IKEA abrir\u00e1 su tienda m\u00e1s grande en M\u00e9xico, ubicada en Expo Guadalajara. Esta nueva tienda, que abarca 37,000 metros cuadrados, representa un hito en el mercado mexicano. La marca sueca se enfoca en ofrecer un dise\u00f1o democr\u00e1tico, que combina elementos de la cultura local con un fuerte compromiso hacia la sustentabilidad. <\/p>\n\n\n\n<figure class=\"wp-block-gallery has-nested-images columns-default is-cropped wp-block-gallery-1 is-layout-flex wp-block-gallery-is-layout-flex\">\n<figure class=\"wp-block-image size-large\"><img loading=\"lazy\" decoding=\"async\" width=\"800\" height=\"420\" data-id=\"2050\" src=\"https:\/\/www.justretail.news\/latam\/wp-content\/uploads\/2024\/11\/ikea-portada.jpg\" alt=\"Ikea Expo Guadalajara\" class=\"wp-image-2050\" srcset=\"https:\/\/www.justretail.news\/latam\/wp-content\/uploads\/2024\/11\/ikea-portada.jpg 800w, https:\/\/www.justretail.news\/latam\/wp-content\/uploads\/2024\/11\/ikea-portada-300x158.jpg 300w, https:\/\/www.justretail.news\/latam\/wp-content\/uploads\/2024\/11\/ikea-portada-768x403.jpg 768w, https:\/\/www.justretail.news\/latam\/wp-content\/uploads\/2024\/11\/ikea-portada-150x79.jpg 150w, https:\/\/www.justretail.news\/latam\/wp-content\/uploads\/2024\/11\/ikea-portada-696x365.jpg 696w\" sizes=\"auto, (max-width: 800px) 100vw, 800px\" \/><\/figure>\n\n\n\n<figure class=\"wp-block-image size-large\"><img loading=\"lazy\" decoding=\"async\" width=\"768\" height=\"512\" data-id=\"2052\" src=\"https:\/\/www.justretail.news\/latam\/wp-content\/uploads\/2024\/11\/66e49f3e21b47.jpeg\" alt=\"Expo Guadalajara\" class=\"wp-image-2052\" srcset=\"https:\/\/www.justretail.news\/latam\/wp-content\/uploads\/2024\/11\/66e49f3e21b47.jpeg 768w, https:\/\/www.justretail.news\/latam\/wp-content\/uploads\/2024\/11\/66e49f3e21b47-300x200.jpeg 300w, https:\/\/www.justretail.news\/latam\/wp-content\/uploads\/2024\/11\/66e49f3e21b47-630x420.jpeg 630w, https:\/\/www.justretail.news\/latam\/wp-content\/uploads\/2024\/11\/66e49f3e21b47-150x100.jpeg 150w, https:\/\/www.justretail.news\/latam\/wp-content\/uploads\/2024\/11\/66e49f3e21b47-696x464.jpeg 696w\" sizes=\"auto, (max-width: 768px) 100vw, 768px\" \/><\/figure>\n<\/figure>\n\n\n\n<h2 class=\"wp-block-heading\">Dise\u00f1o de la Tienda: Una Experiencia Inmersiva<\/h2>\n\n\n\n<p>La tienda de Expo Guadalajara se divide en dos \u00e1reas principales. La primera \u00e1rea permite a los visitantes recorrer espacios que simulan ambientes hogare\u00f1os. Este dise\u00f1o busca inspirar a los compradores a imaginar c\u00f3mo los productos pueden integrarse en sus propios hogares. Adem\u00e1s, incluye un \u00e1rea para ni\u00f1os que promueve el aprendizaje autodidacta, lo que resalta la apuesta de IKEA por una experiencia l\u00fadica e interactiva. <\/p>\n\n\n\n<p>La segunda \u00e1rea se dedica a una extensa selecci\u00f3n de accesorios. Aqu\u00ed, los consumidores encontrar\u00e1n productos como contenedores, art\u00edculos de cocina, decoraci\u00f3n y textiles. Todos estos productos est\u00e1n adaptados a las necesidades y preferencias del consumidor mexicano. Esta disposici\u00f3n responde a una estrategia de segmentaci\u00f3n y localizaci\u00f3n que IKEA ha implementado en sus tiendas internacionales. La tienda tambi\u00e9n presentar\u00e1 productos que fusionan el dise\u00f1o escandinavo con elementos mexicanos, como tortilleros y bancos, acercando al p\u00fablico un dise\u00f1o accesible y culturalmente relevante. <\/p>\n\n\n\n<h2 class=\"wp-block-heading\">Compromiso con el Dise\u00f1o Democr\u00e1tico y Sustentable<\/h2>\n\n\n\n<p>IKEA mantiene su compromiso con el dise\u00f1o democr\u00e1tico, un concepto que enfatiza la creaci\u00f3n de productos de alta calidad a precios accesibles. Este enfoque ha sido fundamental en su estrategia global y se alinea con la creciente demanda en M\u00e9xico de productos que se ajusten a presupuestos familiares. La tienda de Expo Guadalajara ser\u00e1 la primera en M\u00e9xico en contar con un museo que documenta la historia de IKEA y los principios de dise\u00f1o democr\u00e1tico. Esta iniciativa busca educar y conectar con los consumidores, resaltando los valores de la marca y su recorrido en la b\u00fasqueda de hacer el dise\u00f1o accesible para todos.<\/p>\n\n\n\n<figure class=\"wp-block-gallery has-nested-images columns-default is-cropped wp-block-gallery-2 is-layout-flex wp-block-gallery-is-layout-flex\">\n<figure class=\"wp-block-image size-large\"><img loading=\"lazy\" decoding=\"async\" width=\"1008\" height=\"756\" data-id=\"2054\" src=\"https:\/\/www.justretail.news\/latam\/wp-content\/uploads\/2024\/11\/IMG_7590.jpg-1.webp\" alt=\"Ikea\" class=\"wp-image-2054\" srcset=\"https:\/\/www.justretail.news\/latam\/wp-content\/uploads\/2024\/11\/IMG_7590.jpg-1.webp 1008w, https:\/\/www.justretail.news\/latam\/wp-content\/uploads\/2024\/11\/IMG_7590.jpg-1-300x225.webp 300w, https:\/\/www.justretail.news\/latam\/wp-content\/uploads\/2024\/11\/IMG_7590.jpg-1-768x576.webp 768w, https:\/\/www.justretail.news\/latam\/wp-content\/uploads\/2024\/11\/IMG_7590.jpg-1-560x420.webp 560w, https:\/\/www.justretail.news\/latam\/wp-content\/uploads\/2024\/11\/IMG_7590.jpg-1-80x60.webp 80w, https:\/\/www.justretail.news\/latam\/wp-content\/uploads\/2024\/11\/IMG_7590.jpg-1-150x113.webp 150w, https:\/\/www.justretail.news\/latam\/wp-content\/uploads\/2024\/11\/IMG_7590.jpg-1-696x522.webp 696w, https:\/\/www.justretail.news\/latam\/wp-content\/uploads\/2024\/11\/IMG_7590.jpg-1-265x198.webp 265w\" sizes=\"auto, (max-width: 1008px) 100vw, 1008px\" \/><\/figure>\n\n\n\n<figure class=\"wp-block-image size-large\"><img loading=\"lazy\" decoding=\"async\" width=\"960\" height=\"640\" data-id=\"2053\" src=\"https:\/\/www.justretail.news\/latam\/wp-content\/uploads\/2024\/11\/ImageTransformer.aspx_.jpeg\" alt=\"Expo Guadalajara\" class=\"wp-image-2053\" srcset=\"https:\/\/www.justretail.news\/latam\/wp-content\/uploads\/2024\/11\/ImageTransformer.aspx_.jpeg 960w, https:\/\/www.justretail.news\/latam\/wp-content\/uploads\/2024\/11\/ImageTransformer.aspx_-300x200.jpeg 300w, https:\/\/www.justretail.news\/latam\/wp-content\/uploads\/2024\/11\/ImageTransformer.aspx_-768x512.jpeg 768w, https:\/\/www.justretail.news\/latam\/wp-content\/uploads\/2024\/11\/ImageTransformer.aspx_-630x420.jpeg 630w, https:\/\/www.justretail.news\/latam\/wp-content\/uploads\/2024\/11\/ImageTransformer.aspx_-150x100.jpeg 150w, https:\/\/www.justretail.news\/latam\/wp-content\/uploads\/2024\/11\/ImageTransformer.aspx_-696x464.jpeg 696w\" sizes=\"auto, (max-width: 960px) 100vw, 960px\" \/><\/figure>\n<\/figure>\n\n\n\n<p>La sustentabilidad es otro pilar fundamental de la estrategia de IKEA en Guadalajara. La marca ha dise\u00f1ado procesos que minimizan el impacto ambiental, utilizando materiales reutilizables y maximizando la vida \u00fatil de la materia prima. Esto incluye una producci\u00f3n optimizada en la que los recursos, como la madera, se aprovechan al m\u00e1ximo. De esta manera, IKEA ayuda a reducir las mermas y a crear productos sustentables que contribuyen a un ciclo de vida m\u00e1s largo y amigable con el medio ambiente. <\/p>\n\n\n\n<p>Para IKEA, comunicar sus pr\u00e1cticas sustentables es tan importante como implementarlas. En Expo Guadalajara, los clientes recibir\u00e1n informaci\u00f3n detallada sobre cada producto, incluyendo el origen de sus materiales y el impacto ambiental de los procesos de fabricaci\u00f3n. La tienda contar\u00e1 con paneles informativos que explican los procesos de reciclaje y optimizaci\u00f3n de recursos, adem\u00e1s de describir las pol\u00edticas de sustentabilidad y la responsabilidad ambiental de la marca. <\/p>\n\n\n\n<h2 class=\"wp-block-heading\">Estrategia de Marketing y Expectativa en Redes Sociales<\/h2>\n\n\n\n<p>Desde su anuncio, la apertura de<a href=\"https:\/\/www.justretail.news\/latam\/noticias\/ikea-entrega-nacional-mexico\/\"> IKEA<\/a> Expo Guadalajara ha generado gran expectativa en redes sociales. Las campa\u00f1as en plataformas digitales han sido clave en esta estrategia, generando contenido visual que apela a los valores de accesibilidad, inclusi\u00f3n y sustentabilidad de IKEA. La marca ha creado contenido interactivo que resalta la adaptaci\u00f3n de sus productos a la cultura mexicana, fortaleciendo el sentido de conexi\u00f3n cultural con el mercado local. <\/p>\n\n\n\n<figure class=\"wp-block-image size-full\"><img loading=\"lazy\" decoding=\"async\" width=\"960\" height=\"640\" src=\"https:\/\/www.justretail.news\/latam\/wp-content\/uploads\/2024\/11\/ImageTransformer.aspx-2.jpeg\" alt=\"Ikea Expo Guadalajara\" class=\"wp-image-2055\" srcset=\"https:\/\/www.justretail.news\/latam\/wp-content\/uploads\/2024\/11\/ImageTransformer.aspx-2.jpeg 960w, https:\/\/www.justretail.news\/latam\/wp-content\/uploads\/2024\/11\/ImageTransformer.aspx-2-300x200.jpeg 300w, https:\/\/www.justretail.news\/latam\/wp-content\/uploads\/2024\/11\/ImageTransformer.aspx-2-768x512.jpeg 768w, https:\/\/www.justretail.news\/latam\/wp-content\/uploads\/2024\/11\/ImageTransformer.aspx-2-630x420.jpeg 630w, https:\/\/www.justretail.news\/latam\/wp-content\/uploads\/2024\/11\/ImageTransformer.aspx-2-150x100.jpeg 150w, https:\/\/www.justretail.news\/latam\/wp-content\/uploads\/2024\/11\/ImageTransformer.aspx-2-696x464.jpeg 696w\" sizes=\"auto, (max-width: 960px) 100vw, 960px\" \/><\/figure>\n\n\n\n<p>La presencia en redes de IKEA, sustentada en una estrategia de storytelling y marketing de contenidos, permite que la marca mantenga una conversaci\u00f3n activa con su audiencia. Esto potencia tanto la expectativa de apertura como el v\u00ednculo emocional con los consumidores. La expansi\u00f3n de IKEA en M\u00e9xico representa una oportunidad para consolidar su presencia en Am\u00e9rica Latina, un mercado con un creciente inter\u00e9s en el dise\u00f1o accesible y las pr\u00e1cticas sustentables. <\/p>\n\n\n\n<h2 class=\"wp-block-heading\">Oportunidades y Retos en el Mercado Mexicano<\/h2>\n\n\n\n<p>La expansi\u00f3n de IKEA en M\u00e9xico representa una oportunidad para que la marca consolide su presencia en Am\u00e9rica Latina, un mercado con un creciente inter\u00e9s en el dise\u00f1o accesible y las pr\u00e1cticas sustentables. Sin embargo, tambi\u00e9n enfrenta retos como la adaptaci\u00f3n de sus propuestas de dise\u00f1o a las necesidades y gustos espec\u00edficos del mercado mexicano, as\u00ed como la consolidaci\u00f3n de su propuesta de valor frente a competidores nacionales e internacionales. <\/p>\n\n\n\n<p>Con la apertura de <a href=\"https:\/\/www.ikea.com\">IKEA E<\/a>xpo Guadalajara, la marca tiene la oportunidad de consolidarse no solo como un proveedor de muebles y accesorios, sino como un l\u00edder en el dise\u00f1o democr\u00e1tico y la sustentabilidad en el mercado mexicano.<\/p>\n\n\n\n<p><\/p>\n","protected":false},"excerpt":{"rendered":"<p>El 14 de noviembre de 2024, IKEA abrir\u00e1 su tienda m\u00e1s grande en M\u00e9xico, ubicada en Expo Guadalajara. Esta nueva tienda, que abarca 37,000 metros cuadrados, representa un hito en el mercado mexicano. La marca sueca se enfoca en ofrecer un dise\u00f1o democr\u00e1tico, que combina elementos de la cultura local con un fuerte compromiso hacia [&hellip;]<\/p>\n","protected":false},"author":3,"featured_media":2049,"comment_status":"closed","ping_status":"open","sticky":false,"template":"","format":"standard","meta":{"_jetpack_memberships_contains_paid_content":false,"footnotes":""},"categories":[40],"tags":[189,65,385,232,66],"class_list":{"0":"post-2047","1":"post","2":"type-post","3":"status-publish","4":"format-standard","5":"has-post-thumbnail","7":"category-locations","8":"tag-apertura","9":"tag-expansion","10":"tag-guadalajara","11":"tag-ikea","12":"tag-mexico"},"yoast_head":"<!-- This site is optimized with the Yoast SEO plugin v27.4 - https:\/\/yoast.com\/product\/yoast-seo-wordpress\/ -->\n<title>IKEA Inaugura la Tienda M\u00e1s Grande de M\u00e9xico - Just Retail Latam<\/title>\n<meta name=\"description\" content=\"IKEA abrir\u00e1 su tienda m\u00e1s grande en Expo Guadalajara, con una visi\u00f3n en dise\u00f1o democr\u00e1tico, cultura local y sustentabilidad.\" \/>\n<meta name=\"robots\" content=\"index, follow, max-snippet:-1, max-image-preview:large, max-video-preview:-1\" \/>\n<link rel=\"canonical\" href=\"https:\/\/www.justretail.news\/latam\/noticias\/ikea-inaugura-la-tienda-mas-grande-de-mexico\/\" \/>\n<meta property=\"og:locale\" content=\"es_ES\" \/>\n<meta property=\"og:type\" content=\"article\" \/>\n<meta property=\"og:title\" content=\"IKEA Inaugura la Tienda M\u00e1s Grande de M\u00e9xico - Just Retail Latam\" \/>\n<meta property=\"og:description\" content=\"IKEA abrir\u00e1 su tienda m\u00e1s grande en Expo Guadalajara, con una visi\u00f3n en dise\u00f1o democr\u00e1tico, cultura local y sustentabilidad.\" \/>\n<meta property=\"og:url\" content=\"https:\/\/www.justretail.news\/latam\/noticias\/ikea-inaugura-la-tienda-mas-grande-de-mexico\/\" \/>\n<meta property=\"og:site_name\" content=\"Just Retail Latam\" \/>\n<meta property=\"article:published_time\" content=\"2024-11-06T15:50:00+00:00\" \/>\n<meta property=\"article:modified_time\" content=\"2025-11-08T22:52:57+00:00\" \/>\n<meta property=\"og:image\" content=\"https:\/\/www.justretail.news\/latam\/wp-content\/uploads\/2024\/11\/Captura-de-pantalla-2024-11-05-a-las-11.42.38\u202fp.m.png\" \/>\n\t<meta property=\"og:image:width\" content=\"1526\" \/>\n\t<meta property=\"og:image:height\" content=\"1040\" \/>\n\t<meta property=\"og:image:type\" content=\"image\/png\" \/>\n<meta name=\"author\" content=\"redaccion\" \/>\n<meta name=\"twitter:card\" content=\"summary_large_image\" \/>\n<meta name=\"twitter:label1\" content=\"Escrito por\" \/>\n\t<meta name=\"twitter:data1\" content=\"redaccion\" \/>\n\t<meta name=\"twitter:label2\" content=\"Tiempo de lectura\" \/>\n\t<meta name=\"twitter:data2\" content=\"5 minutos\" \/>\n<script type=\"application\/ld+json\" class=\"yoast-schema-graph\">{\"@context\":\"https:\\\/\\\/schema.org\",\"@graph\":[{\"@type\":\"Article\",\"@id\":\"https:\\\/\\\/www.justretail.news\\\/latam\\\/noticias\\\/ikea-inaugura-la-tienda-mas-grande-de-mexico\\\/#article\",\"isPartOf\":{\"@id\":\"https:\\\/\\\/www.justretail.news\\\/latam\\\/noticias\\\/ikea-inaugura-la-tienda-mas-grande-de-mexico\\\/\"},\"author\":{\"name\":\"redaccion\",\"@id\":\"https:\\\/\\\/www.justretail.news\\\/latam\\\/#\\\/schema\\\/person\\\/c2656ce0a4e1c3a0cb63204b17bce2d2\"},\"headline\":\"IKEA Inaugura la Tienda M\u00e1s Grande de M\u00e9xico\",\"datePublished\":\"2024-11-06T15:50:00+00:00\",\"dateModified\":\"2025-11-08T22:52:57+00:00\",\"mainEntityOfPage\":{\"@id\":\"https:\\\/\\\/www.justretail.news\\\/latam\\\/noticias\\\/ikea-inaugura-la-tienda-mas-grande-de-mexico\\\/\"},\"wordCount\":810,\"publisher\":{\"@id\":\"https:\\\/\\\/www.justretail.news\\\/latam\\\/#organization\"},\"image\":{\"@id\":\"https:\\\/\\\/www.justretail.news\\\/latam\\\/noticias\\\/ikea-inaugura-la-tienda-mas-grande-de-mexico\\\/#primaryimage\"},\"thumbnailUrl\":\"https:\\\/\\\/www.justretail.news\\\/latam\\\/wp-content\\\/uploads\\\/2024\\\/11\\\/Captura-de-pantalla-2024-11-05-a-las-11.42.38\u202fp.m.png\",\"keywords\":[\"Apertura\",\"expansi\u00f3n\",\"Guadalajara\",\"Ikea\",\"M\u00e9xico\"],\"articleSection\":[\"Locations\"],\"inLanguage\":\"es\"},{\"@type\":\"WebPage\",\"@id\":\"https:\\\/\\\/www.justretail.news\\\/latam\\\/noticias\\\/ikea-inaugura-la-tienda-mas-grande-de-mexico\\\/\",\"url\":\"https:\\\/\\\/www.justretail.news\\\/latam\\\/noticias\\\/ikea-inaugura-la-tienda-mas-grande-de-mexico\\\/\",\"name\":\"IKEA Inaugura la Tienda M\u00e1s Grande de M\u00e9xico - Just Retail Latam\",\"isPartOf\":{\"@id\":\"https:\\\/\\\/www.justretail.news\\\/latam\\\/#website\"},\"primaryImageOfPage\":{\"@id\":\"https:\\\/\\\/www.justretail.news\\\/latam\\\/noticias\\\/ikea-inaugura-la-tienda-mas-grande-de-mexico\\\/#primaryimage\"},\"image\":{\"@id\":\"https:\\\/\\\/www.justretail.news\\\/latam\\\/noticias\\\/ikea-inaugura-la-tienda-mas-grande-de-mexico\\\/#primaryimage\"},\"thumbnailUrl\":\"https:\\\/\\\/www.justretail.news\\\/latam\\\/wp-content\\\/uploads\\\/2024\\\/11\\\/Captura-de-pantalla-2024-11-05-a-las-11.42.38\u202fp.m.png\",\"datePublished\":\"2024-11-06T15:50:00+00:00\",\"dateModified\":\"2025-11-08T22:52:57+00:00\",\"description\":\"IKEA abrir\u00e1 su tienda m\u00e1s grande en Expo Guadalajara, con una visi\u00f3n en dise\u00f1o democr\u00e1tico, cultura local y sustentabilidad.\",\"breadcrumb\":{\"@id\":\"https:\\\/\\\/www.justretail.news\\\/latam\\\/noticias\\\/ikea-inaugura-la-tienda-mas-grande-de-mexico\\\/#breadcrumb\"},\"inLanguage\":\"es\",\"potentialAction\":[{\"@type\":\"ReadAction\",\"target\":[\"https:\\\/\\\/www.justretail.news\\\/latam\\\/noticias\\\/ikea-inaugura-la-tienda-mas-grande-de-mexico\\\/\"]}]},{\"@type\":\"ImageObject\",\"inLanguage\":\"es\",\"@id\":\"https:\\\/\\\/www.justretail.news\\\/latam\\\/noticias\\\/ikea-inaugura-la-tienda-mas-grande-de-mexico\\\/#primaryimage\",\"url\":\"https:\\\/\\\/www.justretail.news\\\/latam\\\/wp-content\\\/uploads\\\/2024\\\/11\\\/Captura-de-pantalla-2024-11-05-a-las-11.42.38\u202fp.m.png\",\"contentUrl\":\"https:\\\/\\\/www.justretail.news\\\/latam\\\/wp-content\\\/uploads\\\/2024\\\/11\\\/Captura-de-pantalla-2024-11-05-a-las-11.42.38\u202fp.m.png\",\"width\":1526,\"height\":1040,\"caption\":\"Ikea Guadalajara\"},{\"@type\":\"BreadcrumbList\",\"@id\":\"https:\\\/\\\/www.justretail.news\\\/latam\\\/noticias\\\/ikea-inaugura-la-tienda-mas-grande-de-mexico\\\/#breadcrumb\",\"itemListElement\":[{\"@type\":\"ListItem\",\"position\":1,\"name\":\"Portada\",\"item\":\"https:\\\/\\\/www.justretail.news\\\/latam\\\/\"},{\"@type\":\"ListItem\",\"position\":2,\"name\":\"IKEA Inaugura la Tienda M\u00e1s Grande de M\u00e9xico\"}]},{\"@type\":\"WebSite\",\"@id\":\"https:\\\/\\\/www.justretail.news\\\/latam\\\/#website\",\"url\":\"https:\\\/\\\/www.justretail.news\\\/latam\\\/\",\"name\":\"Just Retail Latam\",\"description\":\"\",\"publisher\":{\"@id\":\"https:\\\/\\\/www.justretail.news\\\/latam\\\/#organization\"},\"potentialAction\":[{\"@type\":\"SearchAction\",\"target\":{\"@type\":\"EntryPoint\",\"urlTemplate\":\"https:\\\/\\\/www.justretail.news\\\/latam\\\/?s={search_term_string}\"},\"query-input\":{\"@type\":\"PropertyValueSpecification\",\"valueRequired\":true,\"valueName\":\"search_term_string\"}}],\"inLanguage\":\"es\"},{\"@type\":\"Organization\",\"@id\":\"https:\\\/\\\/www.justretail.news\\\/latam\\\/#organization\",\"name\":\"Just Retail Latam\",\"url\":\"https:\\\/\\\/www.justretail.news\\\/latam\\\/\",\"logo\":{\"@type\":\"ImageObject\",\"inLanguage\":\"es\",\"@id\":\"https:\\\/\\\/www.justretail.news\\\/latam\\\/#\\\/schema\\\/logo\\\/image\\\/\",\"url\":\"https:\\\/\\\/www.justretail.news\\\/latam\\\/wp-content\\\/uploads\\\/2024\\\/05\\\/just-retail-logo-NEGRO-trans-latam-272x90_nuevo.png\",\"contentUrl\":\"https:\\\/\\\/www.justretail.news\\\/latam\\\/wp-content\\\/uploads\\\/2024\\\/05\\\/just-retail-logo-NEGRO-trans-latam-272x90_nuevo.png\",\"width\":272,\"height\":90,\"caption\":\"Just Retail Latam\"},\"image\":{\"@id\":\"https:\\\/\\\/www.justretail.news\\\/latam\\\/#\\\/schema\\\/logo\\\/image\\\/\"}},{\"@type\":\"Person\",\"@id\":\"https:\\\/\\\/www.justretail.news\\\/latam\\\/#\\\/schema\\\/person\\\/c2656ce0a4e1c3a0cb63204b17bce2d2\",\"name\":\"redaccion\",\"image\":{\"@type\":\"ImageObject\",\"inLanguage\":\"es\",\"@id\":\"https:\\\/\\\/secure.gravatar.com\\\/avatar\\\/0af76fe7cdb55b1d9835c5dcb644cd298ff04e340eef9d71898a0f0a1ea867d0?s=96&d=mm&r=g\",\"url\":\"https:\\\/\\\/secure.gravatar.com\\\/avatar\\\/0af76fe7cdb55b1d9835c5dcb644cd298ff04e340eef9d71898a0f0a1ea867d0?s=96&d=mm&r=g\",\"contentUrl\":\"https:\\\/\\\/secure.gravatar.com\\\/avatar\\\/0af76fe7cdb55b1d9835c5dcb644cd298ff04e340eef9d71898a0f0a1ea867d0?s=96&d=mm&r=g\",\"caption\":\"redaccion\"},\"url\":\"https:\\\/\\\/www.justretail.news\\\/latam\\\/noticias\\\/author\\\/redaccion\\\/\"}]}<\/script>\n<!-- \/ Yoast SEO plugin. -->","yoast_head_json":{"title":"IKEA Inaugura la Tienda M\u00e1s Grande de M\u00e9xico - Just Retail Latam","description":"IKEA abrir\u00e1 su tienda m\u00e1s grande en Expo Guadalajara, con una visi\u00f3n en dise\u00f1o democr\u00e1tico, cultura local y sustentabilidad.","robots":{"index":"index","follow":"follow","max-snippet":"max-snippet:-1","max-image-preview":"max-image-preview:large","max-video-preview":"max-video-preview:-1"},"canonical":"https:\/\/www.justretail.news\/latam\/noticias\/ikea-inaugura-la-tienda-mas-grande-de-mexico\/","og_locale":"es_ES","og_type":"article","og_title":"IKEA Inaugura la Tienda M\u00e1s Grande de M\u00e9xico - Just Retail Latam","og_description":"IKEA abrir\u00e1 su tienda m\u00e1s grande en Expo Guadalajara, con una visi\u00f3n en dise\u00f1o democr\u00e1tico, cultura local y sustentabilidad.","og_url":"https:\/\/www.justretail.news\/latam\/noticias\/ikea-inaugura-la-tienda-mas-grande-de-mexico\/","og_site_name":"Just Retail Latam","article_published_time":"2024-11-06T15:50:00+00:00","article_modified_time":"2025-11-08T22:52:57+00:00","og_image":[{"width":1526,"height":1040,"url":"https:\/\/www.justretail.news\/latam\/wp-content\/uploads\/2024\/11\/Captura-de-pantalla-2024-11-05-a-las-11.42.38\u202fp.m.png","type":"image\/png"}],"author":"redaccion","twitter_card":"summary_large_image","twitter_misc":{"Escrito por":"redaccion","Tiempo de lectura":"5 minutos"},"schema":{"@context":"https:\/\/schema.org","@graph":[{"@type":"Article","@id":"https:\/\/www.justretail.news\/latam\/noticias\/ikea-inaugura-la-tienda-mas-grande-de-mexico\/#article","isPartOf":{"@id":"https:\/\/www.justretail.news\/latam\/noticias\/ikea-inaugura-la-tienda-mas-grande-de-mexico\/"},"author":{"name":"redaccion","@id":"https:\/\/www.justretail.news\/latam\/#\/schema\/person\/c2656ce0a4e1c3a0cb63204b17bce2d2"},"headline":"IKEA Inaugura la Tienda M\u00e1s Grande de M\u00e9xico","datePublished":"2024-11-06T15:50:00+00:00","dateModified":"2025-11-08T22:52:57+00:00","mainEntityOfPage":{"@id":"https:\/\/www.justretail.news\/latam\/noticias\/ikea-inaugura-la-tienda-mas-grande-de-mexico\/"},"wordCount":810,"publisher":{"@id":"https:\/\/www.justretail.news\/latam\/#organization"},"image":{"@id":"https:\/\/www.justretail.news\/latam\/noticias\/ikea-inaugura-la-tienda-mas-grande-de-mexico\/#primaryimage"},"thumbnailUrl":"https:\/\/www.justretail.news\/latam\/wp-content\/uploads\/2024\/11\/Captura-de-pantalla-2024-11-05-a-las-11.42.38\u202fp.m.png","keywords":["Apertura","expansi\u00f3n","Guadalajara","Ikea","M\u00e9xico"],"articleSection":["Locations"],"inLanguage":"es"},{"@type":"WebPage","@id":"https:\/\/www.justretail.news\/latam\/noticias\/ikea-inaugura-la-tienda-mas-grande-de-mexico\/","url":"https:\/\/www.justretail.news\/latam\/noticias\/ikea-inaugura-la-tienda-mas-grande-de-mexico\/","name":"IKEA Inaugura la Tienda M\u00e1s Grande de M\u00e9xico - Just Retail Latam","isPartOf":{"@id":"https:\/\/www.justretail.news\/latam\/#website"},"primaryImageOfPage":{"@id":"https:\/\/www.justretail.news\/latam\/noticias\/ikea-inaugura-la-tienda-mas-grande-de-mexico\/#primaryimage"},"image":{"@id":"https:\/\/www.justretail.news\/latam\/noticias\/ikea-inaugura-la-tienda-mas-grande-de-mexico\/#primaryimage"},"thumbnailUrl":"https:\/\/www.justretail.news\/latam\/wp-content\/uploads\/2024\/11\/Captura-de-pantalla-2024-11-05-a-las-11.42.38\u202fp.m.png","datePublished":"2024-11-06T15:50:00+00:00","dateModified":"2025-11-08T22:52:57+00:00","description":"IKEA abrir\u00e1 su tienda m\u00e1s grande en Expo Guadalajara, con una visi\u00f3n en dise\u00f1o democr\u00e1tico, cultura local y sustentabilidad.","breadcrumb":{"@id":"https:\/\/www.justretail.news\/latam\/noticias\/ikea-inaugura-la-tienda-mas-grande-de-mexico\/#breadcrumb"},"inLanguage":"es","potentialAction":[{"@type":"ReadAction","target":["https:\/\/www.justretail.news\/latam\/noticias\/ikea-inaugura-la-tienda-mas-grande-de-mexico\/"]}]},{"@type":"ImageObject","inLanguage":"es","@id":"https:\/\/www.justretail.news\/latam\/noticias\/ikea-inaugura-la-tienda-mas-grande-de-mexico\/#primaryimage","url":"https:\/\/www.justretail.news\/latam\/wp-content\/uploads\/2024\/11\/Captura-de-pantalla-2024-11-05-a-las-11.42.38\u202fp.m.png","contentUrl":"https:\/\/www.justretail.news\/latam\/wp-content\/uploads\/2024\/11\/Captura-de-pantalla-2024-11-05-a-las-11.42.38\u202fp.m.png","width":1526,"height":1040,"caption":"Ikea Guadalajara"},{"@type":"BreadcrumbList","@id":"https:\/\/www.justretail.news\/latam\/noticias\/ikea-inaugura-la-tienda-mas-grande-de-mexico\/#breadcrumb","itemListElement":[{"@type":"ListItem","position":1,"name":"Portada","item":"https:\/\/www.justretail.news\/latam\/"},{"@type":"ListItem","position":2,"name":"IKEA Inaugura la Tienda M\u00e1s Grande de M\u00e9xico"}]},{"@type":"WebSite","@id":"https:\/\/www.justretail.news\/latam\/#website","url":"https:\/\/www.justretail.news\/latam\/","name":"Just Retail Latam","description":"","publisher":{"@id":"https:\/\/www.justretail.news\/latam\/#organization"},"potentialAction":[{"@type":"SearchAction","target":{"@type":"EntryPoint","urlTemplate":"https:\/\/www.justretail.news\/latam\/?s={search_term_string}"},"query-input":{"@type":"PropertyValueSpecification","valueRequired":true,"valueName":"search_term_string"}}],"inLanguage":"es"},{"@type":"Organization","@id":"https:\/\/www.justretail.news\/latam\/#organization","name":"Just Retail Latam","url":"https:\/\/www.justretail.news\/latam\/","logo":{"@type":"ImageObject","inLanguage":"es","@id":"https:\/\/www.justretail.news\/latam\/#\/schema\/logo\/image\/","url":"https:\/\/www.justretail.news\/latam\/wp-content\/uploads\/2024\/05\/just-retail-logo-NEGRO-trans-latam-272x90_nuevo.png","contentUrl":"https:\/\/www.justretail.news\/latam\/wp-content\/uploads\/2024\/05\/just-retail-logo-NEGRO-trans-latam-272x90_nuevo.png","width":272,"height":90,"caption":"Just Retail Latam"},"image":{"@id":"https:\/\/www.justretail.news\/latam\/#\/schema\/logo\/image\/"}},{"@type":"Person","@id":"https:\/\/www.justretail.news\/latam\/#\/schema\/person\/c2656ce0a4e1c3a0cb63204b17bce2d2","name":"redaccion","image":{"@type":"ImageObject","inLanguage":"es","@id":"https:\/\/secure.gravatar.com\/avatar\/0af76fe7cdb55b1d9835c5dcb644cd298ff04e340eef9d71898a0f0a1ea867d0?s=96&d=mm&r=g","url":"https:\/\/secure.gravatar.com\/avatar\/0af76fe7cdb55b1d9835c5dcb644cd298ff04e340eef9d71898a0f0a1ea867d0?s=96&d=mm&r=g","contentUrl":"https:\/\/secure.gravatar.com\/avatar\/0af76fe7cdb55b1d9835c5dcb644cd298ff04e340eef9d71898a0f0a1ea867d0?s=96&d=mm&r=g","caption":"redaccion"},"url":"https:\/\/www.justretail.news\/latam\/noticias\/author\/redaccion\/"}]}},"jetpack_featured_media_url":"https:\/\/www.justretail.news\/latam\/wp-content\/uploads\/2024\/11\/Captura-de-pantalla-2024-11-05-a-las-11.42.38\u202fp.m.png","jetpack_sharing_enabled":true,"_links":{"self":[{"href":"https:\/\/www.justretail.news\/latam\/wp-json\/wp\/v2\/posts\/2047","targetHints":{"allow":["GET"]}}],"collection":[{"href":"https:\/\/www.justretail.news\/latam\/wp-json\/wp\/v2\/posts"}],"about":[{"href":"https:\/\/www.justretail.news\/latam\/wp-json\/wp\/v2\/types\/post"}],"author":[{"embeddable":true,"href":"https:\/\/www.justretail.news\/latam\/wp-json\/wp\/v2\/users\/3"}],"replies":[{"embeddable":true,"href":"https:\/\/www.justretail.news\/latam\/wp-json\/wp\/v2\/comments?post=2047"}],"version-history":[{"count":3,"href":"https:\/\/www.justretail.news\/latam\/wp-json\/wp\/v2\/posts\/2047\/revisions"}],"predecessor-version":[{"id":2057,"href":"https:\/\/www.justretail.news\/latam\/wp-json\/wp\/v2\/posts\/2047\/revisions\/2057"}],"wp:featuredmedia":[{"embeddable":true,"href":"https:\/\/www.justretail.news\/latam\/wp-json\/wp\/v2\/media\/2049"}],"wp:attachment":[{"href":"https:\/\/www.justretail.news\/latam\/wp-json\/wp\/v2\/media?parent=2047"}],"wp:term":[{"taxonomy":"category","embeddable":true,"href":"https:\/\/www.justretail.news\/latam\/wp-json\/wp\/v2\/categories?post=2047"},{"taxonomy":"post_tag","embeddable":true,"href":"https:\/\/www.justretail.news\/latam\/wp-json\/wp\/v2\/tags?post=2047"}],"curies":[{"name":"wp","href":"https:\/\/api.w.org\/{rel}","templated":true}]}}