{"id":2352,"date":"2024-12-05T16:50:00","date_gmt":"2024-12-05T15:50:00","guid":{"rendered":"https:\/\/www.justretail.news\/latam\/?p=2352"},"modified":"2025-11-08T23:52:54","modified_gmt":"2025-11-08T22:52:54","slug":"retail-mind-group-impulsando-crecimiento-del-comercio-minorista-en-latinoamerica","status":"publish","type":"post","link":"https:\/\/www.justretail.news\/latam\/noticias\/retail-mind-group-impulsando-crecimiento-del-comercio-minorista-en-latinoamerica\/","title":{"rendered":"Retail Mind Group: Impulsando Crecimiento del Comercio Minorista en Latinoam\u00e9rica"},"content":{"rendered":"\n<p>Retail Mind Group, fundado en 2012, se ha consolidado como una consultora boutique especializada en gesti\u00f3n y consultor\u00eda de retail. <strong>La empresa ha crecido y transformado los mercados en los que opera, destac\u00e1ndose por su enfoque en la personalizaci\u00f3n y la creaci\u00f3n de soluciones efectivas.<\/strong> Su objetivo principal es maximizar la presencia y el rendimiento de las marcas en diversos mercados.\u00a0<\/p>\n\n\n\n<div class=\"wp-block-columns is-layout-flex wp-container-core-columns-is-layout-9d6595d7 wp-block-columns-is-layout-flex\">\n<div class=\"wp-block-column is-layout-flow wp-block-column-is-layout-flow\" style=\"flex-basis:33.33%\"><div class=\"wp-block-image\">\n<figure class=\"aligncenter size-full is-resized\"><img loading=\"lazy\" decoding=\"async\" width=\"443\" height=\"640\" src=\"https:\/\/www.justretail.news\/latam\/wp-content\/uploads\/2024\/12\/Paulo-Sousa-1.jpg\" alt=\"Retail Mind\n\" class=\"wp-image-2353\" style=\"width:172px;height:auto\" srcset=\"https:\/\/www.justretail.news\/latam\/wp-content\/uploads\/2024\/12\/Paulo-Sousa-1.jpg 443w, https:\/\/www.justretail.news\/latam\/wp-content\/uploads\/2024\/12\/Paulo-Sousa-1-208x300.jpg 208w, https:\/\/www.justretail.news\/latam\/wp-content\/uploads\/2024\/12\/Paulo-Sousa-1-291x420.jpg 291w, https:\/\/www.justretail.news\/latam\/wp-content\/uploads\/2024\/12\/Paulo-Sousa-1-150x217.jpg 150w, https:\/\/www.justretail.news\/latam\/wp-content\/uploads\/2024\/12\/Paulo-Sousa-1-300x433.jpg 300w\" sizes=\"auto, (max-width: 443px) 100vw, 443px\" \/><\/figure>\n<\/div><\/div>\n\n\n\n<div class=\"wp-block-column is-vertically-aligned-center is-layout-flow wp-block-column-is-layout-flow\" style=\"flex-basis:66.66%\">\n<p>Trabajando en estrecha colaboraci\u00f3n con sus clientes. Retail Mind se especializa en estrategias de expansi\u00f3n y gesti\u00f3n de marcas minoristas. Esto incluye desde el an\u00e1lisis de mercado y la selecci\u00f3n de ubicaciones hasta la creaci\u00f3n de estrategias personalizadas de implementaci\u00f3n y operaci\u00f3n en el sector minorista.\u00a0Seg\u00fan Paulo Sousa, Director Corporativo Internacional del Grupo, <strong>la empresa busca asociaciones a largo plazo, enfoc\u00e1ndose en la expansi\u00f3n y gesti\u00f3n integrada de las marcas.<\/strong><\/p>\n<\/div>\n<\/div>\n\n\n\n<p>En su enfoque, Retail Mind se posiciona como parte de la marca, aline\u00e1ndose con sus valores y objetivos. Este modelo permite a la consultora abordar cada etapa del proceso con una visi\u00f3n estrat\u00e9gica. La empresa se considera un <strong>\u00absastre del negocio minorista\u00bb<\/strong>, creando proyectos a medida que responden a las necesidades espec\u00edficas de cada cliente y mercado.\u00a0<\/p>\n\n\n\n<h2 class=\"wp-block-heading\"><strong>Oportunidades y Desaf\u00edos en el Mercado Latinoamericano<\/strong><\/h2>\n\n\n\n<p>La visi\u00f3n de Retail Mind para el comercio minorista en Latinoam\u00e9rica es clara. El mercado enfrenta oportunidades incre\u00edbles y obst\u00e1culos complejos. <strong>El \u00e9xito depende de un conocimiento profundo de cada pa\u00eds, sus econom\u00edas y la situaci\u00f3n particular de cada segmento minorista.<\/strong> Aunque existe una gran proximidad cultural entre los pa\u00edses de la regi\u00f3n, las peque\u00f1as diferencias son clave para garantizar el \u00e9xito de los proyectos.<\/p>\n\n\n\n<p>La elecci\u00f3n de socios adecuados es fundamental en este contexto. Retail Mind enfatiza la importancia de contar con socios que conozcan tanto los mercados locales como las tendencias globales del sector. Esta estrategia se convierte en un factor clave para el \u00e9xito de las marcas en la regi\u00f3n. La consultora ofrece apoyo en todas las \u00e1reas del negocio, incluyendo operaciones, cadena de suministro, finanzas, marketing y comunicaci\u00f3n.&nbsp;<\/p>\n\n\n\n<figure class=\"wp-block-image size-large\"><img loading=\"lazy\" decoding=\"async\" width=\"1024\" height=\"707\" src=\"https:\/\/www.justretail.news\/latam\/wp-content\/uploads\/2024\/12\/Presenca-global-ES-1024x707.jpg\" alt=\"Retail Mind\" class=\"wp-image-2354\" srcset=\"https:\/\/www.justretail.news\/latam\/wp-content\/uploads\/2024\/12\/Presenca-global-ES-1024x707.jpg 1024w, https:\/\/www.justretail.news\/latam\/wp-content\/uploads\/2024\/12\/Presenca-global-ES-300x207.jpg 300w, https:\/\/www.justretail.news\/latam\/wp-content\/uploads\/2024\/12\/Presenca-global-ES-768x530.jpg 768w, https:\/\/www.justretail.news\/latam\/wp-content\/uploads\/2024\/12\/Presenca-global-ES-608x420.jpg 608w, https:\/\/www.justretail.news\/latam\/wp-content\/uploads\/2024\/12\/Presenca-global-ES-150x104.jpg 150w, https:\/\/www.justretail.news\/latam\/wp-content\/uploads\/2024\/12\/Presenca-global-ES-218x150.jpg 218w, https:\/\/www.justretail.news\/latam\/wp-content\/uploads\/2024\/12\/Presenca-global-ES-696x480.jpg 696w, https:\/\/www.justretail.news\/latam\/wp-content\/uploads\/2024\/12\/Presenca-global-ES-1068x737.jpg 1068w, https:\/\/www.justretail.news\/latam\/wp-content\/uploads\/2024\/12\/Presenca-global-ES-100x70.jpg 100w, https:\/\/www.justretail.news\/latam\/wp-content\/uploads\/2024\/12\/Presenca-global-ES.jpg 1285w\" sizes=\"auto, (max-width: 1024px) 100vw, 1024px\" \/><\/figure>\n\n\n\n<p>En Colombia, Retail Mind Group identifica un mercado minorista prometedor. A pesar de los desaf\u00edos econ\u00f3micos, el pa\u00eds presenta un enorme potencial de crecimiento.<strong> La expansi\u00f3n de marcas en Colombia est\u00e1 impulsada por una clase media en ascenso que busca cada vez m\u00e1s marcas internacionales. <\/strong>Las grandes ciudades, como Bogot\u00e1, Medell\u00edn, Cali, Barranquilla y Cartagena, concentran un n\u00famero creciente de centros comerciales. Estos espacios sirven como n\u00facleos de experimentaci\u00f3n para nuevas marcas internacionales.\u00a0<\/p>\n\n\n\n<h2 class=\"wp-block-heading\"><strong>Desaf\u00edos en el Escenario Colombiano<\/strong><\/h2>\n\n\n\n<p>Sin embargo, el escenario colombiano no est\u00e1 exento de desaf\u00edos. La informalidad del sector sigue siendo significativa y la econom\u00eda enfrenta incertidumbres que afectan el poder adquisitivo de los consumidores. Por lo tanto, la capacidad de adaptaci\u00f3n y la oferta de un valor a\u00f1adido diferenciado son esenciales para las marcas que buscan el \u00e9xito y el crecimiento sostenible en el pa\u00eds.&nbsp;<\/p>\n\n\n\n<p>La tendencia en el mercado minorista latinoamericano se dirige hacia un crecimiento sostenido pero selectivo. Las marcas est\u00e1n cada vez m\u00e1s enfocadas en establecer asociaciones regionales, apoyadas por medios de digitalizaci\u00f3n robustos. Las estrategias omnichannel se est\u00e1n volviendo vitales, permitiendo a las marcas probar mercados con inversiones m\u00e1s controladas. Esto les permite responder r\u00e1pidamente a las preferencias de los consumidores, que siempre requerir\u00e1n ajustes en un nuevo mercado.<\/p>\n\n\n\n<p>A medida que se acerca 2025, se espera que las marcas inviertan m\u00e1s en comprender las culturas y especificidades de cada pa\u00eds. <strong>Adaptar sus ofertas y modelos de negocio se vuelve crucial para atender las necesidades del p\u00fablico en estos nuevos mercados.<\/strong> Esta adaptaci\u00f3n posicionar\u00e1 a las marcas para un crecimiento estable y relevante en el sector minorista de la regi\u00f3n.\u00a0<\/p>\n\n\n\n<p>Retail Mind Group tiene la vista puesta en varios pa\u00edses de Latinoam\u00e9rica. La consultora busca expandir su influencia y ayudar a las marcas a navegar por el complejo panorama del comercio minorista. Con su enfoque personalizado y su profundo conocimiento del mercado,<a href=\"https:\/\/retailmind.com\"> Retail Mind<\/a> se posiciona como un aliado estrat\u00e9gico para las marcas que buscan crecer en la regi\u00f3n.<\/p>\n\n\n\n<p><\/p>\n","protected":false},"excerpt":{"rendered":"<p>Retail Mind Group, fundado en 2012, se ha consolidado como una consultora boutique especializada en gesti\u00f3n y consultor\u00eda de retail. La empresa ha crecido y transformado los mercados en los que opera, destac\u00e1ndose por su enfoque en la personalizaci\u00f3n y la creaci\u00f3n de soluciones efectivas. Su objetivo principal es maximizar la presencia y el rendimiento [&hellip;]<\/p>\n","protected":false},"author":3,"featured_media":2375,"comment_status":"closed","ping_status":"open","sticky":false,"template":"","format":"standard","meta":{"_jetpack_memberships_contains_paid_content":false,"footnotes":""},"categories":[59],"tags":[78,486,484,169,485,52,483],"class_list":{"0":"post-2352","1":"post","2":"type-post","3":"status-publish","4":"format-standard","5":"has-post-thumbnail","7":"category-destacadas","8":"tag-colombia","9":"tag-comunicacion","10":"tag-finanzas","11":"tag-marketing","12":"tag-negocios","13":"tag-retail","14":"tag-retail-mind-group"},"yoast_head":"<!-- This site is optimized with the Yoast SEO plugin v27.4 - https:\/\/yoast.com\/product\/yoast-seo-wordpress\/ -->\n<title>Retail Mind Group: Impulsando Crecimiento del Comercio Minorista en Latinoam\u00e9rica - Just Retail Latam<\/title>\n<meta name=\"description\" content=\"Retail Mind Group impulsa el crecimiento en Latinoam\u00e9rica, ofreciendo estrategias personalizadas y apoyo integral a marcas.\" \/>\n<meta name=\"robots\" content=\"index, follow, max-snippet:-1, max-image-preview:large, max-video-preview:-1\" \/>\n<link rel=\"canonical\" href=\"https:\/\/www.justretail.news\/latam\/noticias\/retail-mind-group-impulsando-crecimiento-del-comercio-minorista-en-latinoamerica\/\" \/>\n<meta property=\"og:locale\" content=\"es_ES\" \/>\n<meta property=\"og:type\" content=\"article\" \/>\n<meta property=\"og:title\" content=\"Retail Mind Group: Impulsando Crecimiento del Comercio Minorista en Latinoam\u00e9rica - Just Retail Latam\" \/>\n<meta property=\"og:description\" content=\"Retail Mind Group impulsa el crecimiento en Latinoam\u00e9rica, ofreciendo estrategias personalizadas y apoyo integral a marcas.\" \/>\n<meta property=\"og:url\" content=\"https:\/\/www.justretail.news\/latam\/noticias\/retail-mind-group-impulsando-crecimiento-del-comercio-minorista-en-latinoamerica\/\" \/>\n<meta property=\"og:site_name\" content=\"Just Retail Latam\" \/>\n<meta property=\"article:published_time\" content=\"2024-12-05T15:50:00+00:00\" \/>\n<meta property=\"article:modified_time\" content=\"2025-11-08T22:52:54+00:00\" \/>\n<meta property=\"og:image\" content=\"https:\/\/www.justretail.news\/latam\/wp-content\/uploads\/2024\/12\/Captura-de-pantalla-2024-12-04-a-las-1.21.51\u202fp.m-1024x521.png\" \/>\n\t<meta property=\"og:image:width\" content=\"1024\" \/>\n\t<meta property=\"og:image:height\" content=\"521\" \/>\n\t<meta property=\"og:image:type\" content=\"image\/png\" \/>\n<meta name=\"author\" content=\"redaccion\" \/>\n<meta name=\"twitter:card\" content=\"summary_large_image\" \/>\n<meta name=\"twitter:label1\" content=\"Escrito por\" \/>\n\t<meta name=\"twitter:data1\" content=\"redaccion\" \/>\n\t<meta name=\"twitter:label2\" content=\"Tiempo de lectura\" \/>\n\t<meta name=\"twitter:data2\" content=\"4 minutos\" \/>\n<script type=\"application\/ld+json\" class=\"yoast-schema-graph\">{\"@context\":\"https:\\\/\\\/schema.org\",\"@graph\":[{\"@type\":\"Article\",\"@id\":\"https:\\\/\\\/www.justretail.news\\\/latam\\\/noticias\\\/retail-mind-group-impulsando-crecimiento-del-comercio-minorista-en-latinoamerica\\\/#article\",\"isPartOf\":{\"@id\":\"https:\\\/\\\/www.justretail.news\\\/latam\\\/noticias\\\/retail-mind-group-impulsando-crecimiento-del-comercio-minorista-en-latinoamerica\\\/\"},\"author\":{\"name\":\"redaccion\",\"@id\":\"https:\\\/\\\/www.justretail.news\\\/latam\\\/#\\\/schema\\\/person\\\/c2656ce0a4e1c3a0cb63204b17bce2d2\"},\"headline\":\"Retail Mind Group: Impulsando Crecimiento del Comercio Minorista en Latinoam\u00e9rica\",\"datePublished\":\"2024-12-05T15:50:00+00:00\",\"dateModified\":\"2025-11-08T22:52:54+00:00\",\"mainEntityOfPage\":{\"@id\":\"https:\\\/\\\/www.justretail.news\\\/latam\\\/noticias\\\/retail-mind-group-impulsando-crecimiento-del-comercio-minorista-en-latinoamerica\\\/\"},\"wordCount\":732,\"publisher\":{\"@id\":\"https:\\\/\\\/www.justretail.news\\\/latam\\\/#organization\"},\"image\":{\"@id\":\"https:\\\/\\\/www.justretail.news\\\/latam\\\/noticias\\\/retail-mind-group-impulsando-crecimiento-del-comercio-minorista-en-latinoamerica\\\/#primaryimage\"},\"thumbnailUrl\":\"https:\\\/\\\/www.justretail.news\\\/latam\\\/wp-content\\\/uploads\\\/2024\\\/12\\\/Captura-de-pantalla-2024-12-04-a-las-1.21.51\u202fp.m.png\",\"keywords\":[\"Colombia\",\"comunicaci\u00f3n\",\"finanzas\",\"marketing\",\"negocios\",\"retail\",\"Retail mind Group\"],\"articleSection\":[\"Destacadas\"],\"inLanguage\":\"es\"},{\"@type\":\"WebPage\",\"@id\":\"https:\\\/\\\/www.justretail.news\\\/latam\\\/noticias\\\/retail-mind-group-impulsando-crecimiento-del-comercio-minorista-en-latinoamerica\\\/\",\"url\":\"https:\\\/\\\/www.justretail.news\\\/latam\\\/noticias\\\/retail-mind-group-impulsando-crecimiento-del-comercio-minorista-en-latinoamerica\\\/\",\"name\":\"Retail Mind Group: Impulsando Crecimiento del Comercio Minorista en Latinoam\u00e9rica - Just Retail Latam\",\"isPartOf\":{\"@id\":\"https:\\\/\\\/www.justretail.news\\\/latam\\\/#website\"},\"primaryImageOfPage\":{\"@id\":\"https:\\\/\\\/www.justretail.news\\\/latam\\\/noticias\\\/retail-mind-group-impulsando-crecimiento-del-comercio-minorista-en-latinoamerica\\\/#primaryimage\"},\"image\":{\"@id\":\"https:\\\/\\\/www.justretail.news\\\/latam\\\/noticias\\\/retail-mind-group-impulsando-crecimiento-del-comercio-minorista-en-latinoamerica\\\/#primaryimage\"},\"thumbnailUrl\":\"https:\\\/\\\/www.justretail.news\\\/latam\\\/wp-content\\\/uploads\\\/2024\\\/12\\\/Captura-de-pantalla-2024-12-04-a-las-1.21.51\u202fp.m.png\",\"datePublished\":\"2024-12-05T15:50:00+00:00\",\"dateModified\":\"2025-11-08T22:52:54+00:00\",\"description\":\"Retail Mind Group impulsa el crecimiento en Latinoam\u00e9rica, ofreciendo estrategias personalizadas y apoyo integral a marcas.\",\"breadcrumb\":{\"@id\":\"https:\\\/\\\/www.justretail.news\\\/latam\\\/noticias\\\/retail-mind-group-impulsando-crecimiento-del-comercio-minorista-en-latinoamerica\\\/#breadcrumb\"},\"inLanguage\":\"es\",\"potentialAction\":[{\"@type\":\"ReadAction\",\"target\":[\"https:\\\/\\\/www.justretail.news\\\/latam\\\/noticias\\\/retail-mind-group-impulsando-crecimiento-del-comercio-minorista-en-latinoamerica\\\/\"]}]},{\"@type\":\"ImageObject\",\"inLanguage\":\"es\",\"@id\":\"https:\\\/\\\/www.justretail.news\\\/latam\\\/noticias\\\/retail-mind-group-impulsando-crecimiento-del-comercio-minorista-en-latinoamerica\\\/#primaryimage\",\"url\":\"https:\\\/\\\/www.justretail.news\\\/latam\\\/wp-content\\\/uploads\\\/2024\\\/12\\\/Captura-de-pantalla-2024-12-04-a-las-1.21.51\u202fp.m.png\",\"contentUrl\":\"https:\\\/\\\/www.justretail.news\\\/latam\\\/wp-content\\\/uploads\\\/2024\\\/12\\\/Captura-de-pantalla-2024-12-04-a-las-1.21.51\u202fp.m.png\",\"width\":2002,\"height\":1018,\"caption\":\"Retail Mind Group\"},{\"@type\":\"BreadcrumbList\",\"@id\":\"https:\\\/\\\/www.justretail.news\\\/latam\\\/noticias\\\/retail-mind-group-impulsando-crecimiento-del-comercio-minorista-en-latinoamerica\\\/#breadcrumb\",\"itemListElement\":[{\"@type\":\"ListItem\",\"position\":1,\"name\":\"Portada\",\"item\":\"https:\\\/\\\/www.justretail.news\\\/latam\\\/\"},{\"@type\":\"ListItem\",\"position\":2,\"name\":\"Retail Mind Group: Impulsando Crecimiento del Comercio Minorista en Latinoam\u00e9rica\"}]},{\"@type\":\"WebSite\",\"@id\":\"https:\\\/\\\/www.justretail.news\\\/latam\\\/#website\",\"url\":\"https:\\\/\\\/www.justretail.news\\\/latam\\\/\",\"name\":\"Just Retail Latam\",\"description\":\"\",\"publisher\":{\"@id\":\"https:\\\/\\\/www.justretail.news\\\/latam\\\/#organization\"},\"potentialAction\":[{\"@type\":\"SearchAction\",\"target\":{\"@type\":\"EntryPoint\",\"urlTemplate\":\"https:\\\/\\\/www.justretail.news\\\/latam\\\/?s={search_term_string}\"},\"query-input\":{\"@type\":\"PropertyValueSpecification\",\"valueRequired\":true,\"valueName\":\"search_term_string\"}}],\"inLanguage\":\"es\"},{\"@type\":\"Organization\",\"@id\":\"https:\\\/\\\/www.justretail.news\\\/latam\\\/#organization\",\"name\":\"Just Retail Latam\",\"url\":\"https:\\\/\\\/www.justretail.news\\\/latam\\\/\",\"logo\":{\"@type\":\"ImageObject\",\"inLanguage\":\"es\",\"@id\":\"https:\\\/\\\/www.justretail.news\\\/latam\\\/#\\\/schema\\\/logo\\\/image\\\/\",\"url\":\"https:\\\/\\\/www.justretail.news\\\/latam\\\/wp-content\\\/uploads\\\/2024\\\/05\\\/just-retail-logo-NEGRO-trans-latam-272x90_nuevo.png\",\"contentUrl\":\"https:\\\/\\\/www.justretail.news\\\/latam\\\/wp-content\\\/uploads\\\/2024\\\/05\\\/just-retail-logo-NEGRO-trans-latam-272x90_nuevo.png\",\"width\":272,\"height\":90,\"caption\":\"Just Retail Latam\"},\"image\":{\"@id\":\"https:\\\/\\\/www.justretail.news\\\/latam\\\/#\\\/schema\\\/logo\\\/image\\\/\"}},{\"@type\":\"Person\",\"@id\":\"https:\\\/\\\/www.justretail.news\\\/latam\\\/#\\\/schema\\\/person\\\/c2656ce0a4e1c3a0cb63204b17bce2d2\",\"name\":\"redaccion\",\"image\":{\"@type\":\"ImageObject\",\"inLanguage\":\"es\",\"@id\":\"https:\\\/\\\/secure.gravatar.com\\\/avatar\\\/0af76fe7cdb55b1d9835c5dcb644cd298ff04e340eef9d71898a0f0a1ea867d0?s=96&d=mm&r=g\",\"url\":\"https:\\\/\\\/secure.gravatar.com\\\/avatar\\\/0af76fe7cdb55b1d9835c5dcb644cd298ff04e340eef9d71898a0f0a1ea867d0?s=96&d=mm&r=g\",\"contentUrl\":\"https:\\\/\\\/secure.gravatar.com\\\/avatar\\\/0af76fe7cdb55b1d9835c5dcb644cd298ff04e340eef9d71898a0f0a1ea867d0?s=96&d=mm&r=g\",\"caption\":\"redaccion\"},\"url\":\"https:\\\/\\\/www.justretail.news\\\/latam\\\/noticias\\\/author\\\/redaccion\\\/\"}]}<\/script>\n<!-- \/ Yoast SEO plugin. -->","yoast_head_json":{"title":"Retail Mind Group: Impulsando Crecimiento del Comercio Minorista en Latinoam\u00e9rica - Just Retail Latam","description":"Retail Mind Group impulsa el crecimiento en Latinoam\u00e9rica, ofreciendo estrategias personalizadas y apoyo integral a marcas.","robots":{"index":"index","follow":"follow","max-snippet":"max-snippet:-1","max-image-preview":"max-image-preview:large","max-video-preview":"max-video-preview:-1"},"canonical":"https:\/\/www.justretail.news\/latam\/noticias\/retail-mind-group-impulsando-crecimiento-del-comercio-minorista-en-latinoamerica\/","og_locale":"es_ES","og_type":"article","og_title":"Retail Mind Group: Impulsando Crecimiento del Comercio Minorista en Latinoam\u00e9rica - Just Retail Latam","og_description":"Retail Mind Group impulsa el crecimiento en Latinoam\u00e9rica, ofreciendo estrategias personalizadas y apoyo integral a marcas.","og_url":"https:\/\/www.justretail.news\/latam\/noticias\/retail-mind-group-impulsando-crecimiento-del-comercio-minorista-en-latinoamerica\/","og_site_name":"Just Retail Latam","article_published_time":"2024-12-05T15:50:00+00:00","article_modified_time":"2025-11-08T22:52:54+00:00","og_image":[{"width":1024,"height":521,"url":"https:\/\/www.justretail.news\/latam\/wp-content\/uploads\/2024\/12\/Captura-de-pantalla-2024-12-04-a-las-1.21.51\u202fp.m-1024x521.png","type":"image\/png"}],"author":"redaccion","twitter_card":"summary_large_image","twitter_misc":{"Escrito por":"redaccion","Tiempo de lectura":"4 minutos"},"schema":{"@context":"https:\/\/schema.org","@graph":[{"@type":"Article","@id":"https:\/\/www.justretail.news\/latam\/noticias\/retail-mind-group-impulsando-crecimiento-del-comercio-minorista-en-latinoamerica\/#article","isPartOf":{"@id":"https:\/\/www.justretail.news\/latam\/noticias\/retail-mind-group-impulsando-crecimiento-del-comercio-minorista-en-latinoamerica\/"},"author":{"name":"redaccion","@id":"https:\/\/www.justretail.news\/latam\/#\/schema\/person\/c2656ce0a4e1c3a0cb63204b17bce2d2"},"headline":"Retail Mind Group: Impulsando Crecimiento del Comercio Minorista en Latinoam\u00e9rica","datePublished":"2024-12-05T15:50:00+00:00","dateModified":"2025-11-08T22:52:54+00:00","mainEntityOfPage":{"@id":"https:\/\/www.justretail.news\/latam\/noticias\/retail-mind-group-impulsando-crecimiento-del-comercio-minorista-en-latinoamerica\/"},"wordCount":732,"publisher":{"@id":"https:\/\/www.justretail.news\/latam\/#organization"},"image":{"@id":"https:\/\/www.justretail.news\/latam\/noticias\/retail-mind-group-impulsando-crecimiento-del-comercio-minorista-en-latinoamerica\/#primaryimage"},"thumbnailUrl":"https:\/\/www.justretail.news\/latam\/wp-content\/uploads\/2024\/12\/Captura-de-pantalla-2024-12-04-a-las-1.21.51\u202fp.m.png","keywords":["Colombia","comunicaci\u00f3n","finanzas","marketing","negocios","retail","Retail mind Group"],"articleSection":["Destacadas"],"inLanguage":"es"},{"@type":"WebPage","@id":"https:\/\/www.justretail.news\/latam\/noticias\/retail-mind-group-impulsando-crecimiento-del-comercio-minorista-en-latinoamerica\/","url":"https:\/\/www.justretail.news\/latam\/noticias\/retail-mind-group-impulsando-crecimiento-del-comercio-minorista-en-latinoamerica\/","name":"Retail Mind Group: Impulsando Crecimiento del Comercio Minorista en Latinoam\u00e9rica - Just Retail Latam","isPartOf":{"@id":"https:\/\/www.justretail.news\/latam\/#website"},"primaryImageOfPage":{"@id":"https:\/\/www.justretail.news\/latam\/noticias\/retail-mind-group-impulsando-crecimiento-del-comercio-minorista-en-latinoamerica\/#primaryimage"},"image":{"@id":"https:\/\/www.justretail.news\/latam\/noticias\/retail-mind-group-impulsando-crecimiento-del-comercio-minorista-en-latinoamerica\/#primaryimage"},"thumbnailUrl":"https:\/\/www.justretail.news\/latam\/wp-content\/uploads\/2024\/12\/Captura-de-pantalla-2024-12-04-a-las-1.21.51\u202fp.m.png","datePublished":"2024-12-05T15:50:00+00:00","dateModified":"2025-11-08T22:52:54+00:00","description":"Retail Mind Group impulsa el crecimiento en Latinoam\u00e9rica, ofreciendo estrategias personalizadas y apoyo integral a marcas.","breadcrumb":{"@id":"https:\/\/www.justretail.news\/latam\/noticias\/retail-mind-group-impulsando-crecimiento-del-comercio-minorista-en-latinoamerica\/#breadcrumb"},"inLanguage":"es","potentialAction":[{"@type":"ReadAction","target":["https:\/\/www.justretail.news\/latam\/noticias\/retail-mind-group-impulsando-crecimiento-del-comercio-minorista-en-latinoamerica\/"]}]},{"@type":"ImageObject","inLanguage":"es","@id":"https:\/\/www.justretail.news\/latam\/noticias\/retail-mind-group-impulsando-crecimiento-del-comercio-minorista-en-latinoamerica\/#primaryimage","url":"https:\/\/www.justretail.news\/latam\/wp-content\/uploads\/2024\/12\/Captura-de-pantalla-2024-12-04-a-las-1.21.51\u202fp.m.png","contentUrl":"https:\/\/www.justretail.news\/latam\/wp-content\/uploads\/2024\/12\/Captura-de-pantalla-2024-12-04-a-las-1.21.51\u202fp.m.png","width":2002,"height":1018,"caption":"Retail Mind Group"},{"@type":"BreadcrumbList","@id":"https:\/\/www.justretail.news\/latam\/noticias\/retail-mind-group-impulsando-crecimiento-del-comercio-minorista-en-latinoamerica\/#breadcrumb","itemListElement":[{"@type":"ListItem","position":1,"name":"Portada","item":"https:\/\/www.justretail.news\/latam\/"},{"@type":"ListItem","position":2,"name":"Retail Mind Group: Impulsando Crecimiento del Comercio Minorista en Latinoam\u00e9rica"}]},{"@type":"WebSite","@id":"https:\/\/www.justretail.news\/latam\/#website","url":"https:\/\/www.justretail.news\/latam\/","name":"Just Retail Latam","description":"","publisher":{"@id":"https:\/\/www.justretail.news\/latam\/#organization"},"potentialAction":[{"@type":"SearchAction","target":{"@type":"EntryPoint","urlTemplate":"https:\/\/www.justretail.news\/latam\/?s={search_term_string}"},"query-input":{"@type":"PropertyValueSpecification","valueRequired":true,"valueName":"search_term_string"}}],"inLanguage":"es"},{"@type":"Organization","@id":"https:\/\/www.justretail.news\/latam\/#organization","name":"Just Retail Latam","url":"https:\/\/www.justretail.news\/latam\/","logo":{"@type":"ImageObject","inLanguage":"es","@id":"https:\/\/www.justretail.news\/latam\/#\/schema\/logo\/image\/","url":"https:\/\/www.justretail.news\/latam\/wp-content\/uploads\/2024\/05\/just-retail-logo-NEGRO-trans-latam-272x90_nuevo.png","contentUrl":"https:\/\/www.justretail.news\/latam\/wp-content\/uploads\/2024\/05\/just-retail-logo-NEGRO-trans-latam-272x90_nuevo.png","width":272,"height":90,"caption":"Just Retail Latam"},"image":{"@id":"https:\/\/www.justretail.news\/latam\/#\/schema\/logo\/image\/"}},{"@type":"Person","@id":"https:\/\/www.justretail.news\/latam\/#\/schema\/person\/c2656ce0a4e1c3a0cb63204b17bce2d2","name":"redaccion","image":{"@type":"ImageObject","inLanguage":"es","@id":"https:\/\/secure.gravatar.com\/avatar\/0af76fe7cdb55b1d9835c5dcb644cd298ff04e340eef9d71898a0f0a1ea867d0?s=96&d=mm&r=g","url":"https:\/\/secure.gravatar.com\/avatar\/0af76fe7cdb55b1d9835c5dcb644cd298ff04e340eef9d71898a0f0a1ea867d0?s=96&d=mm&r=g","contentUrl":"https:\/\/secure.gravatar.com\/avatar\/0af76fe7cdb55b1d9835c5dcb644cd298ff04e340eef9d71898a0f0a1ea867d0?s=96&d=mm&r=g","caption":"redaccion"},"url":"https:\/\/www.justretail.news\/latam\/noticias\/author\/redaccion\/"}]}},"jetpack_featured_media_url":"https:\/\/www.justretail.news\/latam\/wp-content\/uploads\/2024\/12\/Captura-de-pantalla-2024-12-04-a-las-1.21.51\u202fp.m.png","jetpack_sharing_enabled":true,"_links":{"self":[{"href":"https:\/\/www.justretail.news\/latam\/wp-json\/wp\/v2\/posts\/2352","targetHints":{"allow":["GET"]}}],"collection":[{"href":"https:\/\/www.justretail.news\/latam\/wp-json\/wp\/v2\/posts"}],"about":[{"href":"https:\/\/www.justretail.news\/latam\/wp-json\/wp\/v2\/types\/post"}],"author":[{"embeddable":true,"href":"https:\/\/www.justretail.news\/latam\/wp-json\/wp\/v2\/users\/3"}],"replies":[{"embeddable":true,"href":"https:\/\/www.justretail.news\/latam\/wp-json\/wp\/v2\/comments?post=2352"}],"version-history":[{"count":2,"href":"https:\/\/www.justretail.news\/latam\/wp-json\/wp\/v2\/posts\/2352\/revisions"}],"predecessor-version":[{"id":2356,"href":"https:\/\/www.justretail.news\/latam\/wp-json\/wp\/v2\/posts\/2352\/revisions\/2356"}],"wp:featuredmedia":[{"embeddable":true,"href":"https:\/\/www.justretail.news\/latam\/wp-json\/wp\/v2\/media\/2375"}],"wp:attachment":[{"href":"https:\/\/www.justretail.news\/latam\/wp-json\/wp\/v2\/media?parent=2352"}],"wp:term":[{"taxonomy":"category","embeddable":true,"href":"https:\/\/www.justretail.news\/latam\/wp-json\/wp\/v2\/categories?post=2352"},{"taxonomy":"post_tag","embeddable":true,"href":"https:\/\/www.justretail.news\/latam\/wp-json\/wp\/v2\/tags?post=2352"}],"curies":[{"name":"wp","href":"https:\/\/api.w.org\/{rel}","templated":true}]}}