{"id":2552,"date":"2024-12-24T16:50:00","date_gmt":"2024-12-24T15:50:00","guid":{"rendered":"https:\/\/www.justretail.news\/latam\/?p=2552"},"modified":"2025-11-08T23:52:53","modified_gmt":"2025-11-08T22:52:53","slug":"nordstrom-se-vuelve-privada-con-el-puerto-de-liverpool","status":"publish","type":"post","link":"https:\/\/www.justretail.news\/latam\/noticias\/nordstrom-se-vuelve-privada-con-el-puerto-de-liverpool\/","title":{"rendered":"Nordstrom Se Vuelve Privada con El Puerto de Liverpool"},"content":{"rendered":"\n<p>Nordstrom, la reconocida tienda departamental estadounidense, ha decidido convertirse en una empresa privada. Este cambio se produce tras un acuerdo hist\u00f3rico con El Puerto de Liverpool, un grupo mexicano de retail.<strong> La transacci\u00f3n est\u00e1 valorada en 6,250 millones de d\u00f3lares y marca un nuevo cap\u00edtulo en la historia de la cadena.<\/strong><\/p>\n\n\n\n<p>El acuerdo implica que la familia Nordstrom adquirir\u00e1 el 50.1% de la compa\u00f1\u00eda, mientras que El Puerto de Liverpool poseer\u00e1 el 49.9% restante. Esta estructura de propiedad permitir\u00e1 a la familia fundadora mantener una participaci\u00f3n significativa en la empresa. El consejo de administraci\u00f3n de la cadena americana aprob\u00f3 un\u00e1nimemente esta transacci\u00f3n, siguiendo la recomendaci\u00f3n de un comit\u00e9 especial de directores independientes.<\/p>\n\n\n\n<p>Erik Nordstrom, CEO de la compa\u00f1\u00eda, expres\u00f3 que este acuerdo representa un cap\u00edtulo emocionante para el negocio.<strong> La familia Nordstrom, que ha liderado la empresa durante m\u00e1s de un siglo, espera trabajar con el equipo para asegurar el futuro de la marca.<\/strong> La cadena fue fundada en 1901 en Seattle como una zapater\u00eda y ha crecido hasta convertirse en un referente en el sector de tiendas departamentales.<\/p>\n\n\n\n<figure class=\"wp-block-image size-large\"><img loading=\"lazy\" decoding=\"async\" width=\"1024\" height=\"536\" src=\"https:\/\/www.justretail.news\/latam\/wp-content\/uploads\/2024\/12\/23NORDSTROM-01-ktcq-facebookJumbo-1024x536.jpg\" alt=\"\" class=\"wp-image-2554\" srcset=\"https:\/\/www.justretail.news\/latam\/wp-content\/uploads\/2024\/12\/23NORDSTROM-01-ktcq-facebookJumbo-1024x536.jpg 1024w, https:\/\/www.justretail.news\/latam\/wp-content\/uploads\/2024\/12\/23NORDSTROM-01-ktcq-facebookJumbo-300x157.jpg 300w, https:\/\/www.justretail.news\/latam\/wp-content\/uploads\/2024\/12\/23NORDSTROM-01-ktcq-facebookJumbo-768x402.jpg 768w, https:\/\/www.justretail.news\/latam\/wp-content\/uploads\/2024\/12\/23NORDSTROM-01-ktcq-facebookJumbo-802x420.jpg 802w, https:\/\/www.justretail.news\/latam\/wp-content\/uploads\/2024\/12\/23NORDSTROM-01-ktcq-facebookJumbo-150x79.jpg 150w, https:\/\/www.justretail.news\/latam\/wp-content\/uploads\/2024\/12\/23NORDSTROM-01-ktcq-facebookJumbo-696x365.jpg 696w, https:\/\/www.justretail.news\/latam\/wp-content\/uploads\/2024\/12\/23NORDSTROM-01-ktcq-facebookJumbo.jpg 1050w\" sizes=\"auto, (max-width: 1024px) 100vw, 1024px\" \/><\/figure>\n\n\n\n<p>El acuerdo con El Puerto de Liverpool se considera una inversi\u00f3n estrat\u00e9gica. Graciano F. Guichard, presidente ejecutivo del consejo de El Puerto de Liverpool, destac\u00f3 la importancia de esta transacci\u00f3n. Seg\u00fan Guichard, la cadena americana es un l\u00edder mundial en el comercio minorista y su asociaci\u00f3n con la familia Nordstrom es un honor.<\/p>\n\n\n\n<p>Los accionistas comunes de Nordstrom recibir\u00e1n 24.25 d\u00f3lares en efectivo por cada acci\u00f3n que posean. <strong>Esta oferta representa una prima de aproximadamente el 42% sobre el precio de cierre de las acciones antes de la especulaci\u00f3n medi\u00e1tica sobre la transacci\u00f3n.<\/strong> Adem\u00e1s, el consejo de administraci\u00f3n tiene la intenci\u00f3n de autorizar un dividendo especial de hasta 0.25 d\u00f3lares por acci\u00f3n, que se distribuir\u00e1 antes del cierre de la transacci\u00f3n.<\/p>\n\n\n\n<figure class=\"wp-block-image size-full\"><img loading=\"lazy\" decoding=\"async\" width=\"1440\" height=\"810\" src=\"https:\/\/www.justretail.news\/latam\/wp-content\/uploads\/2024\/12\/23RXR6Y74ND4TLEI2F2NQZJZHQ.jpg.avif\" alt=\"\" class=\"wp-image-2557\"\/><\/figure>\n\n\n\n<p>La transacci\u00f3n est\u00e1 prevista para cerrarse en la primera mitad de 2025, sujeta a aprobaciones regulatorias. Mientras tanto, Nordstrom continuar\u00e1 operando sus 350 ubicaciones, que incluyen tiendas Nordstrom, Nordstrom Local y Nordstrom Rack. La compa\u00f1\u00eda tambi\u00e9n mantendr\u00e1 sus aplicaciones y sitios web de ventas.<\/p>\n\n\n\n<p>Este cambio hacia la propiedad privada representa un paso importante para Nordstrom. La decisi\u00f3n de asociarse con El Puerto de Liverpool busca fortalecer su posici\u00f3n en el mercado minorista. Adem\u00e1s, permitir\u00e1 a la cadena adaptarse mejor a los desaf\u00edos del entorno econ\u00f3mico global.<\/p>\n\n\n\n<p>Con la participaci\u00f3n de El Puerto de Liverpool, se espera que la cadena contin\u00fae prosperando. La nueva estructura de propiedad podr\u00eda influir en la gesti\u00f3n de los empleados y en las oportunidades de crecimiento. La familia Nordstrom ha reafirmado su compromiso con el bienestar de sus trabajadores y la calidad del servicio al cliente.<\/p>\n\n\n\n<p><\/p>\n","protected":false},"excerpt":{"rendered":"<p>Nordstrom, la reconocida tienda departamental estadounidense, ha decidido convertirse en una empresa privada. Este cambio se produce tras un acuerdo hist\u00f3rico con El Puerto de Liverpool, un grupo mexicano de retail. La transacci\u00f3n est\u00e1 valorada en 6,250 millones de d\u00f3lares y marca un nuevo cap\u00edtulo en la historia de la cadena. El acuerdo implica que [&hellip;]<\/p>\n","protected":false},"author":3,"featured_media":2556,"comment_status":"closed","ping_status":"open","sticky":false,"template":"","format":"standard","meta":{"_jetpack_memberships_contains_paid_content":false,"footnotes":""},"categories":[37],"tags":[522,171,66,295,52],"class_list":{"0":"post-2552","1":"post","2":"type-post","3":"status-publish","4":"format-standard","5":"has-post-thumbnail","7":"category-retailers","8":"tag-el-puerto-de-liverpool","9":"tag-liverpool","10":"tag-mexico","11":"tag-nordstrom","12":"tag-retail"},"yoast_head":"<!-- This site is optimized with the Yoast SEO plugin v27.4 - https:\/\/yoast.com\/product\/yoast-seo-wordpress\/ -->\n<title>Nordstrom Se Vuelve Privada con El Puerto de Liverpool - Just Retail Latam<\/title>\n<meta name=\"description\" content=\"Nordstrom se vuelve privada tras un acuerdo con El Puerto de Liverpool por $6.25 mil millones. Nordstrom adquirir\u00e1 el 50.1% de la compa\u00f1\u00eda.\" \/>\n<meta name=\"robots\" content=\"index, follow, max-snippet:-1, max-image-preview:large, max-video-preview:-1\" \/>\n<link rel=\"canonical\" href=\"https:\/\/www.justretail.news\/latam\/noticias\/nordstrom-se-vuelve-privada-con-el-puerto-de-liverpool\/\" \/>\n<meta property=\"og:locale\" content=\"es_ES\" \/>\n<meta property=\"og:type\" content=\"article\" \/>\n<meta property=\"og:title\" content=\"Nordstrom Se Vuelve Privada con El Puerto de Liverpool - Just Retail Latam\" \/>\n<meta property=\"og:description\" content=\"Nordstrom se vuelve privada tras un acuerdo con El Puerto de Liverpool por $6.25 mil millones. Nordstrom adquirir\u00e1 el 50.1% de la compa\u00f1\u00eda.\" \/>\n<meta property=\"og:url\" content=\"https:\/\/www.justretail.news\/latam\/noticias\/nordstrom-se-vuelve-privada-con-el-puerto-de-liverpool\/\" \/>\n<meta property=\"og:site_name\" content=\"Just Retail Latam\" \/>\n<meta property=\"article:published_time\" content=\"2024-12-24T15:50:00+00:00\" \/>\n<meta property=\"article:modified_time\" content=\"2025-11-08T22:52:53+00:00\" \/>\n<meta name=\"author\" content=\"redaccion\" \/>\n<meta name=\"twitter:card\" content=\"summary_large_image\" \/>\n<meta name=\"twitter:label1\" content=\"Escrito por\" \/>\n\t<meta name=\"twitter:data1\" content=\"redaccion\" \/>\n\t<meta name=\"twitter:label2\" content=\"Tiempo de lectura\" \/>\n\t<meta name=\"twitter:data2\" content=\"3 minutos\" \/>\n<script type=\"application\/ld+json\" class=\"yoast-schema-graph\">{\"@context\":\"https:\\\/\\\/schema.org\",\"@graph\":[{\"@type\":\"Article\",\"@id\":\"https:\\\/\\\/www.justretail.news\\\/latam\\\/noticias\\\/nordstrom-se-vuelve-privada-con-el-puerto-de-liverpool\\\/#article\",\"isPartOf\":{\"@id\":\"https:\\\/\\\/www.justretail.news\\\/latam\\\/noticias\\\/nordstrom-se-vuelve-privada-con-el-puerto-de-liverpool\\\/\"},\"author\":{\"name\":\"redaccion\",\"@id\":\"https:\\\/\\\/www.justretail.news\\\/latam\\\/#\\\/schema\\\/person\\\/c2656ce0a4e1c3a0cb63204b17bce2d2\"},\"headline\":\"Nordstrom Se Vuelve Privada con El Puerto de Liverpool\",\"datePublished\":\"2024-12-24T15:50:00+00:00\",\"dateModified\":\"2025-11-08T22:52:53+00:00\",\"mainEntityOfPage\":{\"@id\":\"https:\\\/\\\/www.justretail.news\\\/latam\\\/noticias\\\/nordstrom-se-vuelve-privada-con-el-puerto-de-liverpool\\\/\"},\"wordCount\":485,\"publisher\":{\"@id\":\"https:\\\/\\\/www.justretail.news\\\/latam\\\/#organization\"},\"image\":{\"@id\":\"https:\\\/\\\/www.justretail.news\\\/latam\\\/noticias\\\/nordstrom-se-vuelve-privada-con-el-puerto-de-liverpool\\\/#primaryimage\"},\"thumbnailUrl\":\"https:\\\/\\\/www.justretail.news\\\/latam\\\/wp-content\\\/uploads\\\/2024\\\/12\\\/GMWWGCLMBJH65BXIBYHQVLHTSY.avif\",\"keywords\":[\"El puerto de liverpool\",\"Liverpool\",\"M\u00e9xico\",\"Nordstrom\",\"retail\"],\"articleSection\":[\"Retailers\"],\"inLanguage\":\"es\"},{\"@type\":\"WebPage\",\"@id\":\"https:\\\/\\\/www.justretail.news\\\/latam\\\/noticias\\\/nordstrom-se-vuelve-privada-con-el-puerto-de-liverpool\\\/\",\"url\":\"https:\\\/\\\/www.justretail.news\\\/latam\\\/noticias\\\/nordstrom-se-vuelve-privada-con-el-puerto-de-liverpool\\\/\",\"name\":\"Nordstrom Se Vuelve Privada con El Puerto de Liverpool - Just Retail Latam\",\"isPartOf\":{\"@id\":\"https:\\\/\\\/www.justretail.news\\\/latam\\\/#website\"},\"primaryImageOfPage\":{\"@id\":\"https:\\\/\\\/www.justretail.news\\\/latam\\\/noticias\\\/nordstrom-se-vuelve-privada-con-el-puerto-de-liverpool\\\/#primaryimage\"},\"image\":{\"@id\":\"https:\\\/\\\/www.justretail.news\\\/latam\\\/noticias\\\/nordstrom-se-vuelve-privada-con-el-puerto-de-liverpool\\\/#primaryimage\"},\"thumbnailUrl\":\"https:\\\/\\\/www.justretail.news\\\/latam\\\/wp-content\\\/uploads\\\/2024\\\/12\\\/GMWWGCLMBJH65BXIBYHQVLHTSY.avif\",\"datePublished\":\"2024-12-24T15:50:00+00:00\",\"dateModified\":\"2025-11-08T22:52:53+00:00\",\"description\":\"Nordstrom se vuelve privada tras un acuerdo con El Puerto de Liverpool por $6.25 mil millones. Nordstrom adquirir\u00e1 el 50.1% de la compa\u00f1\u00eda.\",\"breadcrumb\":{\"@id\":\"https:\\\/\\\/www.justretail.news\\\/latam\\\/noticias\\\/nordstrom-se-vuelve-privada-con-el-puerto-de-liverpool\\\/#breadcrumb\"},\"inLanguage\":\"es\",\"potentialAction\":[{\"@type\":\"ReadAction\",\"target\":[\"https:\\\/\\\/www.justretail.news\\\/latam\\\/noticias\\\/nordstrom-se-vuelve-privada-con-el-puerto-de-liverpool\\\/\"]}]},{\"@type\":\"ImageObject\",\"inLanguage\":\"es\",\"@id\":\"https:\\\/\\\/www.justretail.news\\\/latam\\\/noticias\\\/nordstrom-se-vuelve-privada-con-el-puerto-de-liverpool\\\/#primaryimage\",\"url\":\"https:\\\/\\\/www.justretail.news\\\/latam\\\/wp-content\\\/uploads\\\/2024\\\/12\\\/GMWWGCLMBJH65BXIBYHQVLHTSY.avif\",\"contentUrl\":\"https:\\\/\\\/www.justretail.news\\\/latam\\\/wp-content\\\/uploads\\\/2024\\\/12\\\/GMWWGCLMBJH65BXIBYHQVLHTSY.avif\",\"width\":1200,\"height\":800},{\"@type\":\"BreadcrumbList\",\"@id\":\"https:\\\/\\\/www.justretail.news\\\/latam\\\/noticias\\\/nordstrom-se-vuelve-privada-con-el-puerto-de-liverpool\\\/#breadcrumb\",\"itemListElement\":[{\"@type\":\"ListItem\",\"position\":1,\"name\":\"Portada\",\"item\":\"https:\\\/\\\/www.justretail.news\\\/latam\\\/\"},{\"@type\":\"ListItem\",\"position\":2,\"name\":\"Nordstrom Se Vuelve Privada con El Puerto de Liverpool\"}]},{\"@type\":\"WebSite\",\"@id\":\"https:\\\/\\\/www.justretail.news\\\/latam\\\/#website\",\"url\":\"https:\\\/\\\/www.justretail.news\\\/latam\\\/\",\"name\":\"Just Retail Latam\",\"description\":\"\",\"publisher\":{\"@id\":\"https:\\\/\\\/www.justretail.news\\\/latam\\\/#organization\"},\"potentialAction\":[{\"@type\":\"SearchAction\",\"target\":{\"@type\":\"EntryPoint\",\"urlTemplate\":\"https:\\\/\\\/www.justretail.news\\\/latam\\\/?s={search_term_string}\"},\"query-input\":{\"@type\":\"PropertyValueSpecification\",\"valueRequired\":true,\"valueName\":\"search_term_string\"}}],\"inLanguage\":\"es\"},{\"@type\":\"Organization\",\"@id\":\"https:\\\/\\\/www.justretail.news\\\/latam\\\/#organization\",\"name\":\"Just Retail Latam\",\"url\":\"https:\\\/\\\/www.justretail.news\\\/latam\\\/\",\"logo\":{\"@type\":\"ImageObject\",\"inLanguage\":\"es\",\"@id\":\"https:\\\/\\\/www.justretail.news\\\/latam\\\/#\\\/schema\\\/logo\\\/image\\\/\",\"url\":\"https:\\\/\\\/www.justretail.news\\\/latam\\\/wp-content\\\/uploads\\\/2024\\\/05\\\/just-retail-logo-NEGRO-trans-latam-272x90_nuevo.png\",\"contentUrl\":\"https:\\\/\\\/www.justretail.news\\\/latam\\\/wp-content\\\/uploads\\\/2024\\\/05\\\/just-retail-logo-NEGRO-trans-latam-272x90_nuevo.png\",\"width\":272,\"height\":90,\"caption\":\"Just Retail Latam\"},\"image\":{\"@id\":\"https:\\\/\\\/www.justretail.news\\\/latam\\\/#\\\/schema\\\/logo\\\/image\\\/\"}},{\"@type\":\"Person\",\"@id\":\"https:\\\/\\\/www.justretail.news\\\/latam\\\/#\\\/schema\\\/person\\\/c2656ce0a4e1c3a0cb63204b17bce2d2\",\"name\":\"redaccion\",\"image\":{\"@type\":\"ImageObject\",\"inLanguage\":\"es\",\"@id\":\"https:\\\/\\\/secure.gravatar.com\\\/avatar\\\/0af76fe7cdb55b1d9835c5dcb644cd298ff04e340eef9d71898a0f0a1ea867d0?s=96&d=mm&r=g\",\"url\":\"https:\\\/\\\/secure.gravatar.com\\\/avatar\\\/0af76fe7cdb55b1d9835c5dcb644cd298ff04e340eef9d71898a0f0a1ea867d0?s=96&d=mm&r=g\",\"contentUrl\":\"https:\\\/\\\/secure.gravatar.com\\\/avatar\\\/0af76fe7cdb55b1d9835c5dcb644cd298ff04e340eef9d71898a0f0a1ea867d0?s=96&d=mm&r=g\",\"caption\":\"redaccion\"},\"url\":\"https:\\\/\\\/www.justretail.news\\\/latam\\\/noticias\\\/author\\\/redaccion\\\/\"}]}<\/script>\n<!-- \/ Yoast SEO plugin. -->","yoast_head_json":{"title":"Nordstrom Se Vuelve Privada con El Puerto de Liverpool - Just Retail Latam","description":"Nordstrom se vuelve privada tras un acuerdo con El Puerto de Liverpool por $6.25 mil millones. Nordstrom adquirir\u00e1 el 50.1% de la compa\u00f1\u00eda.","robots":{"index":"index","follow":"follow","max-snippet":"max-snippet:-1","max-image-preview":"max-image-preview:large","max-video-preview":"max-video-preview:-1"},"canonical":"https:\/\/www.justretail.news\/latam\/noticias\/nordstrom-se-vuelve-privada-con-el-puerto-de-liverpool\/","og_locale":"es_ES","og_type":"article","og_title":"Nordstrom Se Vuelve Privada con El Puerto de Liverpool - Just Retail Latam","og_description":"Nordstrom se vuelve privada tras un acuerdo con El Puerto de Liverpool por $6.25 mil millones. Nordstrom adquirir\u00e1 el 50.1% de la compa\u00f1\u00eda.","og_url":"https:\/\/www.justretail.news\/latam\/noticias\/nordstrom-se-vuelve-privada-con-el-puerto-de-liverpool\/","og_site_name":"Just Retail Latam","article_published_time":"2024-12-24T15:50:00+00:00","article_modified_time":"2025-11-08T22:52:53+00:00","author":"redaccion","twitter_card":"summary_large_image","twitter_misc":{"Escrito por":"redaccion","Tiempo de lectura":"3 minutos"},"schema":{"@context":"https:\/\/schema.org","@graph":[{"@type":"Article","@id":"https:\/\/www.justretail.news\/latam\/noticias\/nordstrom-se-vuelve-privada-con-el-puerto-de-liverpool\/#article","isPartOf":{"@id":"https:\/\/www.justretail.news\/latam\/noticias\/nordstrom-se-vuelve-privada-con-el-puerto-de-liverpool\/"},"author":{"name":"redaccion","@id":"https:\/\/www.justretail.news\/latam\/#\/schema\/person\/c2656ce0a4e1c3a0cb63204b17bce2d2"},"headline":"Nordstrom Se Vuelve Privada con El Puerto de Liverpool","datePublished":"2024-12-24T15:50:00+00:00","dateModified":"2025-11-08T22:52:53+00:00","mainEntityOfPage":{"@id":"https:\/\/www.justretail.news\/latam\/noticias\/nordstrom-se-vuelve-privada-con-el-puerto-de-liverpool\/"},"wordCount":485,"publisher":{"@id":"https:\/\/www.justretail.news\/latam\/#organization"},"image":{"@id":"https:\/\/www.justretail.news\/latam\/noticias\/nordstrom-se-vuelve-privada-con-el-puerto-de-liverpool\/#primaryimage"},"thumbnailUrl":"https:\/\/www.justretail.news\/latam\/wp-content\/uploads\/2024\/12\/GMWWGCLMBJH65BXIBYHQVLHTSY.avif","keywords":["El puerto de liverpool","Liverpool","M\u00e9xico","Nordstrom","retail"],"articleSection":["Retailers"],"inLanguage":"es"},{"@type":"WebPage","@id":"https:\/\/www.justretail.news\/latam\/noticias\/nordstrom-se-vuelve-privada-con-el-puerto-de-liverpool\/","url":"https:\/\/www.justretail.news\/latam\/noticias\/nordstrom-se-vuelve-privada-con-el-puerto-de-liverpool\/","name":"Nordstrom Se Vuelve Privada con El Puerto de Liverpool - Just Retail Latam","isPartOf":{"@id":"https:\/\/www.justretail.news\/latam\/#website"},"primaryImageOfPage":{"@id":"https:\/\/www.justretail.news\/latam\/noticias\/nordstrom-se-vuelve-privada-con-el-puerto-de-liverpool\/#primaryimage"},"image":{"@id":"https:\/\/www.justretail.news\/latam\/noticias\/nordstrom-se-vuelve-privada-con-el-puerto-de-liverpool\/#primaryimage"},"thumbnailUrl":"https:\/\/www.justretail.news\/latam\/wp-content\/uploads\/2024\/12\/GMWWGCLMBJH65BXIBYHQVLHTSY.avif","datePublished":"2024-12-24T15:50:00+00:00","dateModified":"2025-11-08T22:52:53+00:00","description":"Nordstrom se vuelve privada tras un acuerdo con El Puerto de Liverpool por $6.25 mil millones. Nordstrom adquirir\u00e1 el 50.1% de la compa\u00f1\u00eda.","breadcrumb":{"@id":"https:\/\/www.justretail.news\/latam\/noticias\/nordstrom-se-vuelve-privada-con-el-puerto-de-liverpool\/#breadcrumb"},"inLanguage":"es","potentialAction":[{"@type":"ReadAction","target":["https:\/\/www.justretail.news\/latam\/noticias\/nordstrom-se-vuelve-privada-con-el-puerto-de-liverpool\/"]}]},{"@type":"ImageObject","inLanguage":"es","@id":"https:\/\/www.justretail.news\/latam\/noticias\/nordstrom-se-vuelve-privada-con-el-puerto-de-liverpool\/#primaryimage","url":"https:\/\/www.justretail.news\/latam\/wp-content\/uploads\/2024\/12\/GMWWGCLMBJH65BXIBYHQVLHTSY.avif","contentUrl":"https:\/\/www.justretail.news\/latam\/wp-content\/uploads\/2024\/12\/GMWWGCLMBJH65BXIBYHQVLHTSY.avif","width":1200,"height":800},{"@type":"BreadcrumbList","@id":"https:\/\/www.justretail.news\/latam\/noticias\/nordstrom-se-vuelve-privada-con-el-puerto-de-liverpool\/#breadcrumb","itemListElement":[{"@type":"ListItem","position":1,"name":"Portada","item":"https:\/\/www.justretail.news\/latam\/"},{"@type":"ListItem","position":2,"name":"Nordstrom Se Vuelve Privada con El Puerto de Liverpool"}]},{"@type":"WebSite","@id":"https:\/\/www.justretail.news\/latam\/#website","url":"https:\/\/www.justretail.news\/latam\/","name":"Just Retail Latam","description":"","publisher":{"@id":"https:\/\/www.justretail.news\/latam\/#organization"},"potentialAction":[{"@type":"SearchAction","target":{"@type":"EntryPoint","urlTemplate":"https:\/\/www.justretail.news\/latam\/?s={search_term_string}"},"query-input":{"@type":"PropertyValueSpecification","valueRequired":true,"valueName":"search_term_string"}}],"inLanguage":"es"},{"@type":"Organization","@id":"https:\/\/www.justretail.news\/latam\/#organization","name":"Just Retail Latam","url":"https:\/\/www.justretail.news\/latam\/","logo":{"@type":"ImageObject","inLanguage":"es","@id":"https:\/\/www.justretail.news\/latam\/#\/schema\/logo\/image\/","url":"https:\/\/www.justretail.news\/latam\/wp-content\/uploads\/2024\/05\/just-retail-logo-NEGRO-trans-latam-272x90_nuevo.png","contentUrl":"https:\/\/www.justretail.news\/latam\/wp-content\/uploads\/2024\/05\/just-retail-logo-NEGRO-trans-latam-272x90_nuevo.png","width":272,"height":90,"caption":"Just Retail Latam"},"image":{"@id":"https:\/\/www.justretail.news\/latam\/#\/schema\/logo\/image\/"}},{"@type":"Person","@id":"https:\/\/www.justretail.news\/latam\/#\/schema\/person\/c2656ce0a4e1c3a0cb63204b17bce2d2","name":"redaccion","image":{"@type":"ImageObject","inLanguage":"es","@id":"https:\/\/secure.gravatar.com\/avatar\/0af76fe7cdb55b1d9835c5dcb644cd298ff04e340eef9d71898a0f0a1ea867d0?s=96&d=mm&r=g","url":"https:\/\/secure.gravatar.com\/avatar\/0af76fe7cdb55b1d9835c5dcb644cd298ff04e340eef9d71898a0f0a1ea867d0?s=96&d=mm&r=g","contentUrl":"https:\/\/secure.gravatar.com\/avatar\/0af76fe7cdb55b1d9835c5dcb644cd298ff04e340eef9d71898a0f0a1ea867d0?s=96&d=mm&r=g","caption":"redaccion"},"url":"https:\/\/www.justretail.news\/latam\/noticias\/author\/redaccion\/"}]}},"jetpack_featured_media_url":"https:\/\/www.justretail.news\/latam\/wp-content\/uploads\/2024\/12\/GMWWGCLMBJH65BXIBYHQVLHTSY.avif","jetpack_sharing_enabled":true,"_links":{"self":[{"href":"https:\/\/www.justretail.news\/latam\/wp-json\/wp\/v2\/posts\/2552","targetHints":{"allow":["GET"]}}],"collection":[{"href":"https:\/\/www.justretail.news\/latam\/wp-json\/wp\/v2\/posts"}],"about":[{"href":"https:\/\/www.justretail.news\/latam\/wp-json\/wp\/v2\/types\/post"}],"author":[{"embeddable":true,"href":"https:\/\/www.justretail.news\/latam\/wp-json\/wp\/v2\/users\/3"}],"replies":[{"embeddable":true,"href":"https:\/\/www.justretail.news\/latam\/wp-json\/wp\/v2\/comments?post=2552"}],"version-history":[{"count":3,"href":"https:\/\/www.justretail.news\/latam\/wp-json\/wp\/v2\/posts\/2552\/revisions"}],"predecessor-version":[{"id":2560,"href":"https:\/\/www.justretail.news\/latam\/wp-json\/wp\/v2\/posts\/2552\/revisions\/2560"}],"wp:featuredmedia":[{"embeddable":true,"href":"https:\/\/www.justretail.news\/latam\/wp-json\/wp\/v2\/media\/2556"}],"wp:attachment":[{"href":"https:\/\/www.justretail.news\/latam\/wp-json\/wp\/v2\/media?parent=2552"}],"wp:term":[{"taxonomy":"category","embeddable":true,"href":"https:\/\/www.justretail.news\/latam\/wp-json\/wp\/v2\/categories?post=2552"},{"taxonomy":"post_tag","embeddable":true,"href":"https:\/\/www.justretail.news\/latam\/wp-json\/wp\/v2\/tags?post=2552"}],"curies":[{"name":"wp","href":"https:\/\/api.w.org\/{rel}","templated":true}]}}