{"id":2672,"date":"2025-01-10T15:50:00","date_gmt":"2025-01-10T14:50:00","guid":{"rendered":"https:\/\/www.justretail.news\/latam\/?p=2672"},"modified":"2025-11-08T23:52:51","modified_gmt":"2025-11-08T22:52:51","slug":"frida-escobedo-la-arquitecta-mexicana-que-deja-huella-en-el-met","status":"publish","type":"post","link":"https:\/\/www.justretail.news\/latam\/noticias\/frida-escobedo-la-arquitecta-mexicana-que-deja-huella-en-el-met\/","title":{"rendered":"Frida Escobedo: La Arquitecta Mexicana que Deja Huella en el Met"},"content":{"rendered":"\n<p>Frida Escobedo, arquitecta originaria de M\u00e9xico, ha alcanzado un hito significativo en su carrera. Recientemente, dise\u00f1\u00f3 el nuevo ala Tang del Museo Metropolitano de Arte (Met) en Nueva York. Este proyecto la convierte en <strong>la primera mujer en dise\u00f1ar una ala en la historia de 154 a\u00f1os del museo.<\/strong> A sus 45 a\u00f1os, Escobedo ha demostrado que su visi\u00f3n arquitect\u00f3nica es tanto audaz como innovadora.<\/p>\n\n\n\n<figure class=\"wp-block-image size-large\"><img loading=\"lazy\" decoding=\"async\" width=\"820\" height=\"1024\" src=\"https:\/\/www.justretail.news\/latam\/wp-content\/uploads\/2025\/01\/07frida-escobedo-qftc-superJumbo.jpg-820x1024.webp\" alt=\"\" class=\"wp-image-2681\" srcset=\"https:\/\/www.justretail.news\/latam\/wp-content\/uploads\/2025\/01\/07frida-escobedo-qftc-superJumbo.jpg-820x1024.webp 820w, https:\/\/www.justretail.news\/latam\/wp-content\/uploads\/2025\/01\/07frida-escobedo-qftc-superJumbo.jpg-240x300.webp 240w, https:\/\/www.justretail.news\/latam\/wp-content\/uploads\/2025\/01\/07frida-escobedo-qftc-superJumbo.jpg-768x960.webp 768w, https:\/\/www.justretail.news\/latam\/wp-content\/uploads\/2025\/01\/07frida-escobedo-qftc-superJumbo.jpg-1229x1536.webp 1229w, https:\/\/www.justretail.news\/latam\/wp-content\/uploads\/2025\/01\/07frida-escobedo-qftc-superJumbo.jpg-336x420.webp 336w, https:\/\/www.justretail.news\/latam\/wp-content\/uploads\/2025\/01\/07frida-escobedo-qftc-superJumbo.jpg-150x187.webp 150w, https:\/\/www.justretail.news\/latam\/wp-content\/uploads\/2025\/01\/07frida-escobedo-qftc-superJumbo.jpg-300x375.webp 300w, https:\/\/www.justretail.news\/latam\/wp-content\/uploads\/2025\/01\/07frida-escobedo-qftc-superJumbo.jpg-696x870.webp 696w, https:\/\/www.justretail.news\/latam\/wp-content\/uploads\/2025\/01\/07frida-escobedo-qftc-superJumbo.jpg-1068x1335.webp 1068w, https:\/\/www.justretail.news\/latam\/wp-content\/uploads\/2025\/01\/07frida-escobedo-qftc-superJumbo.jpg.webp 1639w\" sizes=\"auto, (max-width: 820px) 100vw, 820px\" \/><\/figure>\n\n\n\n<p>Escobedo ha trabajado principalmente en estructuras temporales antes de este importante encargo. Su experiencia incluye proyectos destacados en eventos internacionales como<strong> la Trienal de Arquitectura de Lisboa y la Bienal de Arquitectura de Chicago.<\/strong> Sin embargo, su trabajo en el Met representa un cambio significativo hacia proyectos permanentes y de gran escala.<\/p>\n\n\n\n<p>La arquitecta se describe a s\u00ed misma como una persona reservada y un poco introvertida. Sin embargo, su personalidad tranquila no debe confundirse con timidez. Escobedo ha mostrado una firme convicci\u00f3n en su visi\u00f3n para las nuevas galer\u00edas de arte moderno y contempor\u00e1neo del Met. En una reciente entrevista, mencion\u00f3: \u201cTengo una personalidad suave, pero puedo ser muy persistente\u201d<\/p>\n\n\n\n<figure class=\"wp-block-gallery has-nested-images columns-default is-cropped wp-block-gallery-1 is-layout-flex wp-block-gallery-is-layout-flex\">\n<figure class=\"wp-block-image size-large\"><img loading=\"lazy\" decoding=\"async\" width=\"820\" height=\"1024\" data-id=\"2676\" src=\"https:\/\/www.justretail.news\/latam\/wp-content\/uploads\/2025\/01\/07frida-escobedo-hwbq-superJumbo.jpg-820x1024.webp\" alt=\"Frida Escobedo\" class=\"wp-image-2676\" srcset=\"https:\/\/www.justretail.news\/latam\/wp-content\/uploads\/2025\/01\/07frida-escobedo-hwbq-superJumbo.jpg-820x1024.webp 820w, https:\/\/www.justretail.news\/latam\/wp-content\/uploads\/2025\/01\/07frida-escobedo-hwbq-superJumbo.jpg-240x300.webp 240w, https:\/\/www.justretail.news\/latam\/wp-content\/uploads\/2025\/01\/07frida-escobedo-hwbq-superJumbo.jpg-768x960.webp 768w, https:\/\/www.justretail.news\/latam\/wp-content\/uploads\/2025\/01\/07frida-escobedo-hwbq-superJumbo.jpg-1229x1536.webp 1229w, https:\/\/www.justretail.news\/latam\/wp-content\/uploads\/2025\/01\/07frida-escobedo-hwbq-superJumbo.jpg-336x420.webp 336w, https:\/\/www.justretail.news\/latam\/wp-content\/uploads\/2025\/01\/07frida-escobedo-hwbq-superJumbo.jpg-150x187.webp 150w, https:\/\/www.justretail.news\/latam\/wp-content\/uploads\/2025\/01\/07frida-escobedo-hwbq-superJumbo.jpg-300x375.webp 300w, https:\/\/www.justretail.news\/latam\/wp-content\/uploads\/2025\/01\/07frida-escobedo-hwbq-superJumbo.jpg-696x870.webp 696w, https:\/\/www.justretail.news\/latam\/wp-content\/uploads\/2025\/01\/07frida-escobedo-hwbq-superJumbo.jpg-1068x1335.webp 1068w, https:\/\/www.justretail.news\/latam\/wp-content\/uploads\/2025\/01\/07frida-escobedo-hwbq-superJumbo.jpg.webp 1639w\" sizes=\"auto, (max-width: 820px) 100vw, 820px\" \/><\/figure>\n\n\n\n<figure class=\"wp-block-image size-large\"><img loading=\"lazy\" decoding=\"async\" width=\"1024\" height=\"683\" data-id=\"2678\" src=\"https:\/\/www.justretail.news\/latam\/wp-content\/uploads\/2025\/01\/07frida-escobedo-jqfh-superJumbo.jpg-1-1024x683.webp\" alt=\"Frida Escobedo\" class=\"wp-image-2678\" srcset=\"https:\/\/www.justretail.news\/latam\/wp-content\/uploads\/2025\/01\/07frida-escobedo-jqfh-superJumbo.jpg-1-1024x683.webp 1024w, https:\/\/www.justretail.news\/latam\/wp-content\/uploads\/2025\/01\/07frida-escobedo-jqfh-superJumbo.jpg-1-300x200.webp 300w, https:\/\/www.justretail.news\/latam\/wp-content\/uploads\/2025\/01\/07frida-escobedo-jqfh-superJumbo.jpg-1-768x512.webp 768w, https:\/\/www.justretail.news\/latam\/wp-content\/uploads\/2025\/01\/07frida-escobedo-jqfh-superJumbo.jpg-1-1536x1024.webp 1536w, https:\/\/www.justretail.news\/latam\/wp-content\/uploads\/2025\/01\/07frida-escobedo-jqfh-superJumbo.jpg-1-630x420.webp 630w, https:\/\/www.justretail.news\/latam\/wp-content\/uploads\/2025\/01\/07frida-escobedo-jqfh-superJumbo.jpg-1-150x100.webp 150w, https:\/\/www.justretail.news\/latam\/wp-content\/uploads\/2025\/01\/07frida-escobedo-jqfh-superJumbo.jpg-1-696x464.webp 696w, https:\/\/www.justretail.news\/latam\/wp-content\/uploads\/2025\/01\/07frida-escobedo-jqfh-superJumbo.jpg-1-1068x712.webp 1068w, https:\/\/www.justretail.news\/latam\/wp-content\/uploads\/2025\/01\/07frida-escobedo-jqfh-superJumbo.jpg-1-1920x1280.webp 1920w, https:\/\/www.justretail.news\/latam\/wp-content\/uploads\/2025\/01\/07frida-escobedo-jqfh-superJumbo.jpg-1.webp 2048w\" sizes=\"auto, (max-width: 1024px) 100vw, 1024px\" \/><\/figure>\n\n\n\n<figure class=\"wp-block-image size-large\"><img loading=\"lazy\" decoding=\"async\" width=\"1024\" height=\"683\" data-id=\"2677\" src=\"https:\/\/www.justretail.news\/latam\/wp-content\/uploads\/2025\/01\/07frida-escobedo-kbjc-superJumbo.jpg-1024x683.webp\" alt=\"Frida Escobedo\" class=\"wp-image-2677\" srcset=\"https:\/\/www.justretail.news\/latam\/wp-content\/uploads\/2025\/01\/07frida-escobedo-kbjc-superJumbo.jpg-1024x683.webp 1024w, https:\/\/www.justretail.news\/latam\/wp-content\/uploads\/2025\/01\/07frida-escobedo-kbjc-superJumbo.jpg-300x200.webp 300w, https:\/\/www.justretail.news\/latam\/wp-content\/uploads\/2025\/01\/07frida-escobedo-kbjc-superJumbo.jpg-768x512.webp 768w, https:\/\/www.justretail.news\/latam\/wp-content\/uploads\/2025\/01\/07frida-escobedo-kbjc-superJumbo.jpg-1536x1024.webp 1536w, https:\/\/www.justretail.news\/latam\/wp-content\/uploads\/2025\/01\/07frida-escobedo-kbjc-superJumbo.jpg-630x420.webp 630w, https:\/\/www.justretail.news\/latam\/wp-content\/uploads\/2025\/01\/07frida-escobedo-kbjc-superJumbo.jpg-150x100.webp 150w, https:\/\/www.justretail.news\/latam\/wp-content\/uploads\/2025\/01\/07frida-escobedo-kbjc-superJumbo.jpg-696x464.webp 696w, https:\/\/www.justretail.news\/latam\/wp-content\/uploads\/2025\/01\/07frida-escobedo-kbjc-superJumbo.jpg-1068x712.webp 1068w, https:\/\/www.justretail.news\/latam\/wp-content\/uploads\/2025\/01\/07frida-escobedo-kbjc-superJumbo.jpg-1920x1280.webp 1920w, https:\/\/www.justretail.news\/latam\/wp-content\/uploads\/2025\/01\/07frida-escobedo-kbjc-superJumbo.jpg.webp 2048w\" sizes=\"auto, (max-width: 1024px) 100vw, 1024px\" \/><\/figure>\n<\/figure>\n\n\n\n<p>El proyecto del Met ha presentado desaf\u00edos considerables. Escobedo ha tenido que navegar por un complejo entramado de partes interesadas, que incluyen curadores, funcionarios del gobierno y defensores de Central Park. <strong>La ubicaci\u00f3n del ala Tang, que se extiende hacia el parque, ha generado opiniones diversas.<\/strong> A pesar de esto, Escobedo ha mantenido su enfoque y ha defendido sus decisiones de dise\u00f1o.<\/p>\n\n\n\n<p>El dise\u00f1o del ala Tang conecta las galer\u00edas con el resto del museo. Adem\u00e1s, crea nuevas aperturas hacia la ciudad y el parque a trav\u00e9s de ventanas innovadoras. La estructura est\u00e1 envuelta en una pantalla de piedra caliza que proporciona un efecto visual \u00fanico.<strong> Escobedo se inspir\u00f3 en diversas influencias, incluyendo la artista textil Anni Albers y la arquitectura precolombina de Per\u00fa.<\/strong><\/p>\n\n\n\n<figure class=\"wp-block-gallery has-nested-images columns-default is-cropped wp-block-gallery-2 is-layout-flex wp-block-gallery-is-layout-flex\">\n<figure class=\"wp-block-image size-large\"><img loading=\"lazy\" decoding=\"async\" width=\"820\" height=\"1024\" data-id=\"2684\" src=\"https:\/\/www.justretail.news\/latam\/wp-content\/uploads\/2025\/01\/07frida-escobedo-khtw-superJumbo.jpg-820x1024.webp\" alt=\"Frida Escobedo\" class=\"wp-image-2684\" srcset=\"https:\/\/www.justretail.news\/latam\/wp-content\/uploads\/2025\/01\/07frida-escobedo-khtw-superJumbo.jpg-820x1024.webp 820w, https:\/\/www.justretail.news\/latam\/wp-content\/uploads\/2025\/01\/07frida-escobedo-khtw-superJumbo.jpg-240x300.webp 240w, https:\/\/www.justretail.news\/latam\/wp-content\/uploads\/2025\/01\/07frida-escobedo-khtw-superJumbo.jpg-768x960.webp 768w, https:\/\/www.justretail.news\/latam\/wp-content\/uploads\/2025\/01\/07frida-escobedo-khtw-superJumbo.jpg-1229x1536.webp 1229w, https:\/\/www.justretail.news\/latam\/wp-content\/uploads\/2025\/01\/07frida-escobedo-khtw-superJumbo.jpg-336x420.webp 336w, https:\/\/www.justretail.news\/latam\/wp-content\/uploads\/2025\/01\/07frida-escobedo-khtw-superJumbo.jpg-150x187.webp 150w, https:\/\/www.justretail.news\/latam\/wp-content\/uploads\/2025\/01\/07frida-escobedo-khtw-superJumbo.jpg-300x375.webp 300w, https:\/\/www.justretail.news\/latam\/wp-content\/uploads\/2025\/01\/07frida-escobedo-khtw-superJumbo.jpg-696x870.webp 696w, https:\/\/www.justretail.news\/latam\/wp-content\/uploads\/2025\/01\/07frida-escobedo-khtw-superJumbo.jpg-1068x1335.webp 1068w, https:\/\/www.justretail.news\/latam\/wp-content\/uploads\/2025\/01\/07frida-escobedo-khtw-superJumbo.jpg.webp 1639w\" sizes=\"auto, (max-width: 820px) 100vw, 820px\" \/><\/figure>\n\n\n\n<figure class=\"wp-block-image size-large\"><img loading=\"lazy\" decoding=\"async\" width=\"1024\" height=\"854\" data-id=\"2679\" src=\"https:\/\/www.justretail.news\/latam\/wp-content\/uploads\/2025\/01\/07frida-escobedo-cklj-superJumbo.jpg-1024x854.webp\" alt=\"Frida Escobedo\" class=\"wp-image-2679\" srcset=\"https:\/\/www.justretail.news\/latam\/wp-content\/uploads\/2025\/01\/07frida-escobedo-cklj-superJumbo.jpg-1024x854.webp 1024w, https:\/\/www.justretail.news\/latam\/wp-content\/uploads\/2025\/01\/07frida-escobedo-cklj-superJumbo.jpg-300x250.webp 300w, https:\/\/www.justretail.news\/latam\/wp-content\/uploads\/2025\/01\/07frida-escobedo-cklj-superJumbo.jpg-768x640.webp 768w, https:\/\/www.justretail.news\/latam\/wp-content\/uploads\/2025\/01\/07frida-escobedo-cklj-superJumbo.jpg-1536x1280.webp 1536w, https:\/\/www.justretail.news\/latam\/wp-content\/uploads\/2025\/01\/07frida-escobedo-cklj-superJumbo.jpg-504x420.webp 504w, https:\/\/www.justretail.news\/latam\/wp-content\/uploads\/2025\/01\/07frida-escobedo-cklj-superJumbo.jpg-150x125.webp 150w, https:\/\/www.justretail.news\/latam\/wp-content\/uploads\/2025\/01\/07frida-escobedo-cklj-superJumbo.jpg-696x580.webp 696w, https:\/\/www.justretail.news\/latam\/wp-content\/uploads\/2025\/01\/07frida-escobedo-cklj-superJumbo.jpg-1068x890.webp 1068w, https:\/\/www.justretail.news\/latam\/wp-content\/uploads\/2025\/01\/07frida-escobedo-cklj-superJumbo.jpg-1920x1600.webp 1920w, https:\/\/www.justretail.news\/latam\/wp-content\/uploads\/2025\/01\/07frida-escobedo-cklj-superJumbo.jpg.webp 2048w\" sizes=\"auto, (max-width: 1024px) 100vw, 1024px\" \/><\/figure>\n<\/figure>\n\n\n\n<p>La carrera de Escobedo ha sido marcada por un enfoque en la materialidad y la sostenibilidad. Ella busca utilizar materiales que envejezcan bien y que reflejen cambios sutiles a lo largo del tiempo. Esta filosof\u00eda se manifiesta en su trabajo, <strong>donde cada proyecto se convierte en una expresi\u00f3n de su compromiso con el entorno y la comunidad.<\/strong><\/p>\n\n\n\n<p>Escobedo se form\u00f3 en la Universidad Iberoamericana en Ciudad de M\u00e9xico y luego complet\u00f3 una maestr\u00eda en dise\u00f1o en la Escuela de Dise\u00f1o de Harvard. Su tiempo en Harvard fue transformador, ya que le permiti\u00f3 explorar la arquitectura m\u00e1s all\u00e1 de los l\u00edmites tradicionales. Esta experiencia la llev\u00f3 a entender que la arquitectura puede abarcar instalaciones, muebles y otras formas de expresi\u00f3n.<\/p>\n\n\n\n<p>Su momento de despegue lleg\u00f3 en 2018, cuando se convirti\u00f3 en la arquitecta m\u00e1s joven en dise\u00f1ar el Pabell\u00f3n Serpentine en Londres. Este proyecto le vali\u00f3 reconocimiento internacional y la atenci\u00f3n de importantes instituciones. <strong>Desde entonces, ha sido honrada como miembro internacional del Royal Institute of British Architects y ha ense\u00f1ado en universidades de prestigio como Columbia y Yale.<\/strong><\/p>\n\n\n\n<figure class=\"wp-block-image size-large\"><img loading=\"lazy\" decoding=\"async\" width=\"820\" height=\"1024\" src=\"https:\/\/www.justretail.news\/latam\/wp-content\/uploads\/2025\/01\/07frida-escobedo-mgvf-superJumbo.jpg-820x1024.webp\" alt=\"Frida Escobedo\" class=\"wp-image-2680\" srcset=\"https:\/\/www.justretail.news\/latam\/wp-content\/uploads\/2025\/01\/07frida-escobedo-mgvf-superJumbo.jpg-820x1024.webp 820w, https:\/\/www.justretail.news\/latam\/wp-content\/uploads\/2025\/01\/07frida-escobedo-mgvf-superJumbo.jpg-240x300.webp 240w, https:\/\/www.justretail.news\/latam\/wp-content\/uploads\/2025\/01\/07frida-escobedo-mgvf-superJumbo.jpg-768x960.webp 768w, https:\/\/www.justretail.news\/latam\/wp-content\/uploads\/2025\/01\/07frida-escobedo-mgvf-superJumbo.jpg-1229x1536.webp 1229w, https:\/\/www.justretail.news\/latam\/wp-content\/uploads\/2025\/01\/07frida-escobedo-mgvf-superJumbo.jpg-336x420.webp 336w, https:\/\/www.justretail.news\/latam\/wp-content\/uploads\/2025\/01\/07frida-escobedo-mgvf-superJumbo.jpg-150x187.webp 150w, https:\/\/www.justretail.news\/latam\/wp-content\/uploads\/2025\/01\/07frida-escobedo-mgvf-superJumbo.jpg-300x375.webp 300w, https:\/\/www.justretail.news\/latam\/wp-content\/uploads\/2025\/01\/07frida-escobedo-mgvf-superJumbo.jpg-696x870.webp 696w, https:\/\/www.justretail.news\/latam\/wp-content\/uploads\/2025\/01\/07frida-escobedo-mgvf-superJumbo.jpg-1068x1335.webp 1068w, https:\/\/www.justretail.news\/latam\/wp-content\/uploads\/2025\/01\/07frida-escobedo-mgvf-superJumbo.jpg.webp 1639w\" sizes=\"auto, (max-width: 820px) 100vw, 820px\" \/><\/figure>\n\n\n\n<p>El director del Met, Max Hollein, ha elogiado a Escobedo por su comprensi\u00f3n del arte y su capacidad para crear espacios p\u00fablicos. Hollein destac\u00f3 que <strong>su lenguaje arquitect\u00f3nico no abruma, sino que complementa el entorno del museo.<\/strong> Esta habilidad para equilibrar la historia del Met con una visi\u00f3n contempor\u00e1nea ha sido clave para el \u00e9xito del proyecto.<\/p>\n\n\n\n<p>A medida que el ala Tang se prepara para abrir sus puertas, Escobedo contin\u00faa trabajando en otros proyectos importantes. Entre ellos se encuentran<strong> la renovaci\u00f3n del Centro Pompidou en Par\u00eds y un nuevo hogar para el National Black Theater en Harlem.<\/strong> Su enfoque multidisciplinario y su compromiso con la comunidad la posicionan como una figura influyente en la arquitectura contempor\u00e1nea.<\/p>\n","protected":false},"excerpt":{"rendered":"<p>Frida Escobedo, arquitecta originaria de M\u00e9xico, ha alcanzado un hito significativo en su carrera. Recientemente, dise\u00f1\u00f3 el nuevo ala Tang del Museo Metropolitano de Arte (Met) en Nueva York. Este proyecto la convierte en la primera mujer en dise\u00f1ar una ala en la historia de 154 a\u00f1os del museo. A sus 45 a\u00f1os, Escobedo ha [&hellip;]<\/p>\n","protected":false},"author":3,"featured_media":2683,"comment_status":"closed","ping_status":"open","sticky":false,"template":"","format":"standard","meta":{"_jetpack_memberships_contains_paid_content":false,"footnotes":""},"categories":[59],"tags":[558,557,66,561,560,341],"class_list":{"0":"post-2672","1":"post","2":"type-post","3":"status-publish","4":"format-standard","5":"has-post-thumbnail","7":"category-destacadas","8":"tag-arquitectura","9":"tag-frida-escobedo","10":"tag-mexico","11":"tag-museo-metropolitano","12":"tag-nueva-york","13":"tag-retailers"},"yoast_head":"<!-- This site is optimized with the Yoast SEO plugin v27.4 - https:\/\/yoast.com\/product\/yoast-seo-wordpress\/ -->\n<title>Frida Escobedo: La Arquitecta Mexicana que Deja Huella en el Met - Just Retail Latam<\/title>\n<meta name=\"description\" content=\"Frida Escobedo, arquitecta mexicana, dise\u00f1a el nuevo ala Tang del Met, convirti\u00e9ndose en la primera mujer en hacerlo.\" \/>\n<meta name=\"robots\" content=\"index, follow, max-snippet:-1, max-image-preview:large, max-video-preview:-1\" \/>\n<link rel=\"canonical\" href=\"https:\/\/www.justretail.news\/latam\/noticias\/frida-escobedo-la-arquitecta-mexicana-que-deja-huella-en-el-met\/\" \/>\n<meta property=\"og:locale\" content=\"es_ES\" \/>\n<meta property=\"og:type\" content=\"article\" \/>\n<meta property=\"og:title\" content=\"Frida Escobedo: La Arquitecta Mexicana que Deja Huella en el Met - Just Retail Latam\" \/>\n<meta property=\"og:description\" content=\"Frida Escobedo, arquitecta mexicana, dise\u00f1a el nuevo ala Tang del Met, convirti\u00e9ndose en la primera mujer en hacerlo.\" \/>\n<meta property=\"og:url\" content=\"https:\/\/www.justretail.news\/latam\/noticias\/frida-escobedo-la-arquitecta-mexicana-que-deja-huella-en-el-met\/\" \/>\n<meta property=\"og:site_name\" content=\"Just Retail Latam\" \/>\n<meta property=\"article:published_time\" content=\"2025-01-10T14:50:00+00:00\" \/>\n<meta property=\"article:modified_time\" content=\"2025-11-08T22:52:51+00:00\" \/>\n<meta property=\"og:image\" content=\"https:\/\/www.justretail.news\/latam\/wp-content\/uploads\/2025\/01\/07frida-escobedo-qmjp-superJumbo.jpg.webp\" \/>\n\t<meta property=\"og:image:width\" content=\"2048\" \/>\n\t<meta property=\"og:image:height\" content=\"1363\" \/>\n\t<meta property=\"og:image:type\" content=\"image\/webp\" \/>\n<meta name=\"author\" content=\"redaccion\" \/>\n<meta name=\"twitter:card\" content=\"summary_large_image\" \/>\n<meta name=\"twitter:label1\" content=\"Escrito por\" \/>\n\t<meta name=\"twitter:data1\" content=\"redaccion\" \/>\n\t<meta name=\"twitter:label2\" content=\"Tiempo de lectura\" \/>\n\t<meta name=\"twitter:data2\" content=\"5 minutos\" \/>\n<script type=\"application\/ld+json\" class=\"yoast-schema-graph\">{\"@context\":\"https:\\\/\\\/schema.org\",\"@graph\":[{\"@type\":\"Article\",\"@id\":\"https:\\\/\\\/www.justretail.news\\\/latam\\\/noticias\\\/frida-escobedo-la-arquitecta-mexicana-que-deja-huella-en-el-met\\\/#article\",\"isPartOf\":{\"@id\":\"https:\\\/\\\/www.justretail.news\\\/latam\\\/noticias\\\/frida-escobedo-la-arquitecta-mexicana-que-deja-huella-en-el-met\\\/\"},\"author\":{\"name\":\"redaccion\",\"@id\":\"https:\\\/\\\/www.justretail.news\\\/latam\\\/#\\\/schema\\\/person\\\/c2656ce0a4e1c3a0cb63204b17bce2d2\"},\"headline\":\"Frida Escobedo: La Arquitecta Mexicana que Deja Huella en el Met\",\"datePublished\":\"2025-01-10T14:50:00+00:00\",\"dateModified\":\"2025-11-08T22:52:51+00:00\",\"mainEntityOfPage\":{\"@id\":\"https:\\\/\\\/www.justretail.news\\\/latam\\\/noticias\\\/frida-escobedo-la-arquitecta-mexicana-que-deja-huella-en-el-met\\\/\"},\"wordCount\":643,\"publisher\":{\"@id\":\"https:\\\/\\\/www.justretail.news\\\/latam\\\/#organization\"},\"image\":{\"@id\":\"https:\\\/\\\/www.justretail.news\\\/latam\\\/noticias\\\/frida-escobedo-la-arquitecta-mexicana-que-deja-huella-en-el-met\\\/#primaryimage\"},\"thumbnailUrl\":\"https:\\\/\\\/www.justretail.news\\\/latam\\\/wp-content\\\/uploads\\\/2025\\\/01\\\/07frida-escobedo-qmjp-superJumbo.jpg.webp\",\"keywords\":[\"Arquitectura\",\"Frida Escobedo\",\"M\u00e9xico\",\"Museo Metropolitano\",\"Nueva York\",\"Retailers\"],\"articleSection\":[\"Destacadas\"],\"inLanguage\":\"es\"},{\"@type\":\"WebPage\",\"@id\":\"https:\\\/\\\/www.justretail.news\\\/latam\\\/noticias\\\/frida-escobedo-la-arquitecta-mexicana-que-deja-huella-en-el-met\\\/\",\"url\":\"https:\\\/\\\/www.justretail.news\\\/latam\\\/noticias\\\/frida-escobedo-la-arquitecta-mexicana-que-deja-huella-en-el-met\\\/\",\"name\":\"Frida Escobedo: La Arquitecta Mexicana que Deja Huella en el Met - Just Retail Latam\",\"isPartOf\":{\"@id\":\"https:\\\/\\\/www.justretail.news\\\/latam\\\/#website\"},\"primaryImageOfPage\":{\"@id\":\"https:\\\/\\\/www.justretail.news\\\/latam\\\/noticias\\\/frida-escobedo-la-arquitecta-mexicana-que-deja-huella-en-el-met\\\/#primaryimage\"},\"image\":{\"@id\":\"https:\\\/\\\/www.justretail.news\\\/latam\\\/noticias\\\/frida-escobedo-la-arquitecta-mexicana-que-deja-huella-en-el-met\\\/#primaryimage\"},\"thumbnailUrl\":\"https:\\\/\\\/www.justretail.news\\\/latam\\\/wp-content\\\/uploads\\\/2025\\\/01\\\/07frida-escobedo-qmjp-superJumbo.jpg.webp\",\"datePublished\":\"2025-01-10T14:50:00+00:00\",\"dateModified\":\"2025-11-08T22:52:51+00:00\",\"description\":\"Frida Escobedo, arquitecta mexicana, dise\u00f1a el nuevo ala Tang del Met, convirti\u00e9ndose en la primera mujer en hacerlo.\",\"breadcrumb\":{\"@id\":\"https:\\\/\\\/www.justretail.news\\\/latam\\\/noticias\\\/frida-escobedo-la-arquitecta-mexicana-que-deja-huella-en-el-met\\\/#breadcrumb\"},\"inLanguage\":\"es\",\"potentialAction\":[{\"@type\":\"ReadAction\",\"target\":[\"https:\\\/\\\/www.justretail.news\\\/latam\\\/noticias\\\/frida-escobedo-la-arquitecta-mexicana-que-deja-huella-en-el-met\\\/\"]}]},{\"@type\":\"ImageObject\",\"inLanguage\":\"es\",\"@id\":\"https:\\\/\\\/www.justretail.news\\\/latam\\\/noticias\\\/frida-escobedo-la-arquitecta-mexicana-que-deja-huella-en-el-met\\\/#primaryimage\",\"url\":\"https:\\\/\\\/www.justretail.news\\\/latam\\\/wp-content\\\/uploads\\\/2025\\\/01\\\/07frida-escobedo-qmjp-superJumbo.jpg.webp\",\"contentUrl\":\"https:\\\/\\\/www.justretail.news\\\/latam\\\/wp-content\\\/uploads\\\/2025\\\/01\\\/07frida-escobedo-qmjp-superJumbo.jpg.webp\",\"width\":2048,\"height\":1363},{\"@type\":\"BreadcrumbList\",\"@id\":\"https:\\\/\\\/www.justretail.news\\\/latam\\\/noticias\\\/frida-escobedo-la-arquitecta-mexicana-que-deja-huella-en-el-met\\\/#breadcrumb\",\"itemListElement\":[{\"@type\":\"ListItem\",\"position\":1,\"name\":\"Portada\",\"item\":\"https:\\\/\\\/www.justretail.news\\\/latam\\\/\"},{\"@type\":\"ListItem\",\"position\":2,\"name\":\"Frida Escobedo: La Arquitecta Mexicana que Deja Huella en el Met\"}]},{\"@type\":\"WebSite\",\"@id\":\"https:\\\/\\\/www.justretail.news\\\/latam\\\/#website\",\"url\":\"https:\\\/\\\/www.justretail.news\\\/latam\\\/\",\"name\":\"Just Retail Latam\",\"description\":\"\",\"publisher\":{\"@id\":\"https:\\\/\\\/www.justretail.news\\\/latam\\\/#organization\"},\"potentialAction\":[{\"@type\":\"SearchAction\",\"target\":{\"@type\":\"EntryPoint\",\"urlTemplate\":\"https:\\\/\\\/www.justretail.news\\\/latam\\\/?s={search_term_string}\"},\"query-input\":{\"@type\":\"PropertyValueSpecification\",\"valueRequired\":true,\"valueName\":\"search_term_string\"}}],\"inLanguage\":\"es\"},{\"@type\":\"Organization\",\"@id\":\"https:\\\/\\\/www.justretail.news\\\/latam\\\/#organization\",\"name\":\"Just Retail Latam\",\"url\":\"https:\\\/\\\/www.justretail.news\\\/latam\\\/\",\"logo\":{\"@type\":\"ImageObject\",\"inLanguage\":\"es\",\"@id\":\"https:\\\/\\\/www.justretail.news\\\/latam\\\/#\\\/schema\\\/logo\\\/image\\\/\",\"url\":\"https:\\\/\\\/www.justretail.news\\\/latam\\\/wp-content\\\/uploads\\\/2024\\\/05\\\/just-retail-logo-NEGRO-trans-latam-272x90_nuevo.png\",\"contentUrl\":\"https:\\\/\\\/www.justretail.news\\\/latam\\\/wp-content\\\/uploads\\\/2024\\\/05\\\/just-retail-logo-NEGRO-trans-latam-272x90_nuevo.png\",\"width\":272,\"height\":90,\"caption\":\"Just Retail Latam\"},\"image\":{\"@id\":\"https:\\\/\\\/www.justretail.news\\\/latam\\\/#\\\/schema\\\/logo\\\/image\\\/\"}},{\"@type\":\"Person\",\"@id\":\"https:\\\/\\\/www.justretail.news\\\/latam\\\/#\\\/schema\\\/person\\\/c2656ce0a4e1c3a0cb63204b17bce2d2\",\"name\":\"redaccion\",\"image\":{\"@type\":\"ImageObject\",\"inLanguage\":\"es\",\"@id\":\"https:\\\/\\\/secure.gravatar.com\\\/avatar\\\/0af76fe7cdb55b1d9835c5dcb644cd298ff04e340eef9d71898a0f0a1ea867d0?s=96&d=mm&r=g\",\"url\":\"https:\\\/\\\/secure.gravatar.com\\\/avatar\\\/0af76fe7cdb55b1d9835c5dcb644cd298ff04e340eef9d71898a0f0a1ea867d0?s=96&d=mm&r=g\",\"contentUrl\":\"https:\\\/\\\/secure.gravatar.com\\\/avatar\\\/0af76fe7cdb55b1d9835c5dcb644cd298ff04e340eef9d71898a0f0a1ea867d0?s=96&d=mm&r=g\",\"caption\":\"redaccion\"},\"url\":\"https:\\\/\\\/www.justretail.news\\\/latam\\\/noticias\\\/author\\\/redaccion\\\/\"}]}<\/script>\n<!-- \/ Yoast SEO plugin. -->","yoast_head_json":{"title":"Frida Escobedo: La Arquitecta Mexicana que Deja Huella en el Met - Just Retail Latam","description":"Frida Escobedo, arquitecta mexicana, dise\u00f1a el nuevo ala Tang del Met, convirti\u00e9ndose en la primera mujer en hacerlo.","robots":{"index":"index","follow":"follow","max-snippet":"max-snippet:-1","max-image-preview":"max-image-preview:large","max-video-preview":"max-video-preview:-1"},"canonical":"https:\/\/www.justretail.news\/latam\/noticias\/frida-escobedo-la-arquitecta-mexicana-que-deja-huella-en-el-met\/","og_locale":"es_ES","og_type":"article","og_title":"Frida Escobedo: La Arquitecta Mexicana que Deja Huella en el Met - Just Retail Latam","og_description":"Frida Escobedo, arquitecta mexicana, dise\u00f1a el nuevo ala Tang del Met, convirti\u00e9ndose en la primera mujer en hacerlo.","og_url":"https:\/\/www.justretail.news\/latam\/noticias\/frida-escobedo-la-arquitecta-mexicana-que-deja-huella-en-el-met\/","og_site_name":"Just Retail Latam","article_published_time":"2025-01-10T14:50:00+00:00","article_modified_time":"2025-11-08T22:52:51+00:00","og_image":[{"width":2048,"height":1363,"url":"https:\/\/www.justretail.news\/latam\/wp-content\/uploads\/2025\/01\/07frida-escobedo-qmjp-superJumbo.jpg.webp","type":"image\/webp"}],"author":"redaccion","twitter_card":"summary_large_image","twitter_misc":{"Escrito por":"redaccion","Tiempo de lectura":"5 minutos"},"schema":{"@context":"https:\/\/schema.org","@graph":[{"@type":"Article","@id":"https:\/\/www.justretail.news\/latam\/noticias\/frida-escobedo-la-arquitecta-mexicana-que-deja-huella-en-el-met\/#article","isPartOf":{"@id":"https:\/\/www.justretail.news\/latam\/noticias\/frida-escobedo-la-arquitecta-mexicana-que-deja-huella-en-el-met\/"},"author":{"name":"redaccion","@id":"https:\/\/www.justretail.news\/latam\/#\/schema\/person\/c2656ce0a4e1c3a0cb63204b17bce2d2"},"headline":"Frida Escobedo: La Arquitecta Mexicana que Deja Huella en el Met","datePublished":"2025-01-10T14:50:00+00:00","dateModified":"2025-11-08T22:52:51+00:00","mainEntityOfPage":{"@id":"https:\/\/www.justretail.news\/latam\/noticias\/frida-escobedo-la-arquitecta-mexicana-que-deja-huella-en-el-met\/"},"wordCount":643,"publisher":{"@id":"https:\/\/www.justretail.news\/latam\/#organization"},"image":{"@id":"https:\/\/www.justretail.news\/latam\/noticias\/frida-escobedo-la-arquitecta-mexicana-que-deja-huella-en-el-met\/#primaryimage"},"thumbnailUrl":"https:\/\/www.justretail.news\/latam\/wp-content\/uploads\/2025\/01\/07frida-escobedo-qmjp-superJumbo.jpg.webp","keywords":["Arquitectura","Frida Escobedo","M\u00e9xico","Museo Metropolitano","Nueva York","Retailers"],"articleSection":["Destacadas"],"inLanguage":"es"},{"@type":"WebPage","@id":"https:\/\/www.justretail.news\/latam\/noticias\/frida-escobedo-la-arquitecta-mexicana-que-deja-huella-en-el-met\/","url":"https:\/\/www.justretail.news\/latam\/noticias\/frida-escobedo-la-arquitecta-mexicana-que-deja-huella-en-el-met\/","name":"Frida Escobedo: La Arquitecta Mexicana que Deja Huella en el Met - Just Retail Latam","isPartOf":{"@id":"https:\/\/www.justretail.news\/latam\/#website"},"primaryImageOfPage":{"@id":"https:\/\/www.justretail.news\/latam\/noticias\/frida-escobedo-la-arquitecta-mexicana-que-deja-huella-en-el-met\/#primaryimage"},"image":{"@id":"https:\/\/www.justretail.news\/latam\/noticias\/frida-escobedo-la-arquitecta-mexicana-que-deja-huella-en-el-met\/#primaryimage"},"thumbnailUrl":"https:\/\/www.justretail.news\/latam\/wp-content\/uploads\/2025\/01\/07frida-escobedo-qmjp-superJumbo.jpg.webp","datePublished":"2025-01-10T14:50:00+00:00","dateModified":"2025-11-08T22:52:51+00:00","description":"Frida Escobedo, arquitecta mexicana, dise\u00f1a el nuevo ala Tang del Met, convirti\u00e9ndose en la primera mujer en hacerlo.","breadcrumb":{"@id":"https:\/\/www.justretail.news\/latam\/noticias\/frida-escobedo-la-arquitecta-mexicana-que-deja-huella-en-el-met\/#breadcrumb"},"inLanguage":"es","potentialAction":[{"@type":"ReadAction","target":["https:\/\/www.justretail.news\/latam\/noticias\/frida-escobedo-la-arquitecta-mexicana-que-deja-huella-en-el-met\/"]}]},{"@type":"ImageObject","inLanguage":"es","@id":"https:\/\/www.justretail.news\/latam\/noticias\/frida-escobedo-la-arquitecta-mexicana-que-deja-huella-en-el-met\/#primaryimage","url":"https:\/\/www.justretail.news\/latam\/wp-content\/uploads\/2025\/01\/07frida-escobedo-qmjp-superJumbo.jpg.webp","contentUrl":"https:\/\/www.justretail.news\/latam\/wp-content\/uploads\/2025\/01\/07frida-escobedo-qmjp-superJumbo.jpg.webp","width":2048,"height":1363},{"@type":"BreadcrumbList","@id":"https:\/\/www.justretail.news\/latam\/noticias\/frida-escobedo-la-arquitecta-mexicana-que-deja-huella-en-el-met\/#breadcrumb","itemListElement":[{"@type":"ListItem","position":1,"name":"Portada","item":"https:\/\/www.justretail.news\/latam\/"},{"@type":"ListItem","position":2,"name":"Frida Escobedo: La Arquitecta Mexicana que Deja Huella en el Met"}]},{"@type":"WebSite","@id":"https:\/\/www.justretail.news\/latam\/#website","url":"https:\/\/www.justretail.news\/latam\/","name":"Just Retail Latam","description":"","publisher":{"@id":"https:\/\/www.justretail.news\/latam\/#organization"},"potentialAction":[{"@type":"SearchAction","target":{"@type":"EntryPoint","urlTemplate":"https:\/\/www.justretail.news\/latam\/?s={search_term_string}"},"query-input":{"@type":"PropertyValueSpecification","valueRequired":true,"valueName":"search_term_string"}}],"inLanguage":"es"},{"@type":"Organization","@id":"https:\/\/www.justretail.news\/latam\/#organization","name":"Just Retail Latam","url":"https:\/\/www.justretail.news\/latam\/","logo":{"@type":"ImageObject","inLanguage":"es","@id":"https:\/\/www.justretail.news\/latam\/#\/schema\/logo\/image\/","url":"https:\/\/www.justretail.news\/latam\/wp-content\/uploads\/2024\/05\/just-retail-logo-NEGRO-trans-latam-272x90_nuevo.png","contentUrl":"https:\/\/www.justretail.news\/latam\/wp-content\/uploads\/2024\/05\/just-retail-logo-NEGRO-trans-latam-272x90_nuevo.png","width":272,"height":90,"caption":"Just Retail Latam"},"image":{"@id":"https:\/\/www.justretail.news\/latam\/#\/schema\/logo\/image\/"}},{"@type":"Person","@id":"https:\/\/www.justretail.news\/latam\/#\/schema\/person\/c2656ce0a4e1c3a0cb63204b17bce2d2","name":"redaccion","image":{"@type":"ImageObject","inLanguage":"es","@id":"https:\/\/secure.gravatar.com\/avatar\/0af76fe7cdb55b1d9835c5dcb644cd298ff04e340eef9d71898a0f0a1ea867d0?s=96&d=mm&r=g","url":"https:\/\/secure.gravatar.com\/avatar\/0af76fe7cdb55b1d9835c5dcb644cd298ff04e340eef9d71898a0f0a1ea867d0?s=96&d=mm&r=g","contentUrl":"https:\/\/secure.gravatar.com\/avatar\/0af76fe7cdb55b1d9835c5dcb644cd298ff04e340eef9d71898a0f0a1ea867d0?s=96&d=mm&r=g","caption":"redaccion"},"url":"https:\/\/www.justretail.news\/latam\/noticias\/author\/redaccion\/"}]}},"jetpack_featured_media_url":"https:\/\/www.justretail.news\/latam\/wp-content\/uploads\/2025\/01\/07frida-escobedo-qmjp-superJumbo.jpg.webp","jetpack_sharing_enabled":true,"_links":{"self":[{"href":"https:\/\/www.justretail.news\/latam\/wp-json\/wp\/v2\/posts\/2672","targetHints":{"allow":["GET"]}}],"collection":[{"href":"https:\/\/www.justretail.news\/latam\/wp-json\/wp\/v2\/posts"}],"about":[{"href":"https:\/\/www.justretail.news\/latam\/wp-json\/wp\/v2\/types\/post"}],"author":[{"embeddable":true,"href":"https:\/\/www.justretail.news\/latam\/wp-json\/wp\/v2\/users\/3"}],"replies":[{"embeddable":true,"href":"https:\/\/www.justretail.news\/latam\/wp-json\/wp\/v2\/comments?post=2672"}],"version-history":[{"count":1,"href":"https:\/\/www.justretail.news\/latam\/wp-json\/wp\/v2\/posts\/2672\/revisions"}],"predecessor-version":[{"id":2685,"href":"https:\/\/www.justretail.news\/latam\/wp-json\/wp\/v2\/posts\/2672\/revisions\/2685"}],"wp:featuredmedia":[{"embeddable":true,"href":"https:\/\/www.justretail.news\/latam\/wp-json\/wp\/v2\/media\/2683"}],"wp:attachment":[{"href":"https:\/\/www.justretail.news\/latam\/wp-json\/wp\/v2\/media?parent=2672"}],"wp:term":[{"taxonomy":"category","embeddable":true,"href":"https:\/\/www.justretail.news\/latam\/wp-json\/wp\/v2\/categories?post=2672"},{"taxonomy":"post_tag","embeddable":true,"href":"https:\/\/www.justretail.news\/latam\/wp-json\/wp\/v2\/tags?post=2672"}],"curies":[{"name":"wp","href":"https:\/\/api.w.org\/{rel}","templated":true}]}}