{"id":3107,"date":"2025-02-21T15:20:00","date_gmt":"2025-02-21T14:20:00","guid":{"rendered":"https:\/\/www.justretail.news\/latam\/?p=3107"},"modified":"2025-11-08T23:52:29","modified_gmt":"2025-11-08T22:52:29","slug":"comercio-mayorista-de-moda-en-mexico-cierra-2024-en-caida","status":"publish","type":"post","link":"https:\/\/www.justretail.news\/latam\/noticias\/comercio-mayorista-de-moda-en-mexico-cierra-2024-en-caida\/","title":{"rendered":"Comercio mayorista de moda en M\u00e9xico cierra 2024 en ca\u00edda"},"content":{"rendered":"\n<p>El comercio mayorista de moda en M\u00e9xico enfrenta un cierre de 2024 complicado. Seg\u00fan la Encuesta Mensual sobre Empresas Comerciales (EMEC) del Inegi,<strong> los ingresos reales de este sector cayeron un 9.4% en diciembre de 2024.<\/strong> Este descenso refleja una desaceleraci\u00f3n en el sector mayorista, que incluye productos textiles y calzado. Los cambios en el consumo y la demanda han impactado negativamente en este segmento del mercado.<\/p>\n\n\n\n<p>El informe del Inegi tambi\u00e9n revela una reducci\u00f3n del 2.2% en el personal ocupado dentro de la industria mayorista de la moda. Esta disminuci\u00f3n en el empleo indica un ajuste en la estructura del sector, que enfrenta desaf\u00edos significativos. Sin embargo, <strong>a pesar de la ca\u00edda en los ingresos y el empleo, las remuneraciones medias reales pagadas a los trabajadores del sector aumentaron un 19.8%.<\/strong> Este incremento sugiere que, aunque el sector enfrenta dificultades, los trabajadores est\u00e1n recibiendo compensaciones m\u00e1s altas.<\/p>\n\n\n\n<p>En contraste, el canal minorista presenta un panorama m\u00e1s optimista. Los ingresos reales de los comercios dedicados a la venta de productos textiles, bisuter\u00eda, accesorios de vestir y calzado crecieron un 2.4% en comparaci\u00f3n con diciembre de 2023. Este crecimiento en el retail indica que los consumidores contin\u00faan comprando, aunque el sector mayorista no logra mantener el mismo ritmo.<\/p>\n\n\n\n<p>A pesar del crecimiento en el sector minorista, este tambi\u00e9n enfrenta retos. <strong>Las remuneraciones en el canal minorista aumentaron un 3.4%<\/strong>, pero el personal ocupado total registr\u00f3 una bajada del 2.3% anual. Esto sugiere que, aunque los ingresos crecen, las empresas est\u00e1n ajustando su plantilla laboral. La situaci\u00f3n del comercio mayorista contrasta con la del retail, lo que plantea preguntas sobre la sostenibilidad de ambos sectores en el futuro.<\/p>\n\n\n\n<figure class=\"wp-block-gallery has-nested-images columns-default is-cropped wp-block-gallery-1 is-layout-flex wp-block-gallery-is-layout-flex\">\n<figure class=\"wp-block-image size-large\"><img loading=\"lazy\" decoding=\"async\" width=\"600\" height=\"600\" data-id=\"3110\" src=\"https:\/\/www.justretail.news\/latam\/wp-content\/uploads\/2025\/02\/72e9.jpg.avif\" alt=\"\" class=\"wp-image-3110\"\/><\/figure>\n\n\n\n<figure class=\"wp-block-image size-large\"><img loading=\"lazy\" decoding=\"async\" width=\"1024\" height=\"563\" data-id=\"3109\" src=\"https:\/\/www.justretail.news\/latam\/wp-content\/uploads\/2025\/02\/xtc4DOMQLL0ED1ONfbIokFHuEMPk3bRpKui.jpg-1024x563.webp\" alt=\"\" class=\"wp-image-3109\" srcset=\"https:\/\/www.justretail.news\/latam\/wp-content\/uploads\/2025\/02\/xtc4DOMQLL0ED1ONfbIokFHuEMPk3bRpKui.jpg-1024x563.webp 1024w, https:\/\/www.justretail.news\/latam\/wp-content\/uploads\/2025\/02\/xtc4DOMQLL0ED1ONfbIokFHuEMPk3bRpKui.jpg-300x165.webp 300w, https:\/\/www.justretail.news\/latam\/wp-content\/uploads\/2025\/02\/xtc4DOMQLL0ED1ONfbIokFHuEMPk3bRpKui.jpg-768x422.webp 768w, https:\/\/www.justretail.news\/latam\/wp-content\/uploads\/2025\/02\/xtc4DOMQLL0ED1ONfbIokFHuEMPk3bRpKui.jpg-764x420.webp 764w, https:\/\/www.justretail.news\/latam\/wp-content\/uploads\/2025\/02\/xtc4DOMQLL0ED1ONfbIokFHuEMPk3bRpKui.jpg-150x83.webp 150w, https:\/\/www.justretail.news\/latam\/wp-content\/uploads\/2025\/02\/xtc4DOMQLL0ED1ONfbIokFHuEMPk3bRpKui.jpg-696x383.webp 696w, https:\/\/www.justretail.news\/latam\/wp-content\/uploads\/2025\/02\/xtc4DOMQLL0ED1ONfbIokFHuEMPk3bRpKui.jpg-1068x587.webp 1068w, https:\/\/www.justretail.news\/latam\/wp-content\/uploads\/2025\/02\/xtc4DOMQLL0ED1ONfbIokFHuEMPk3bRpKui.jpg.webp 1200w\" sizes=\"auto, (max-width: 1024px) 100vw, 1024px\" \/><\/figure>\n<\/figure>\n\n\n\n<p>Los cambios en el comportamiento del consumidor han influido en esta din\u00e1mica. Los consumidores buscan cada vez m\u00e1s experiencias de compra personalizadas y productos que se alineen con sus valores. Este cambio en la demanda ha llevado a los minoristas a adaptarse r\u00e1pidamente, mientras que el sector mayorista parece estar rezagado.<\/p>\n\n\n\n<p>Adem\u00e1s, la pandemia de <strong>COVID-19 ha dejado una huella duradera en el comercio.<\/strong> Las empresas han tenido que replantear sus estrategias para sobrevivir en un entorno cambiante. <strong>La digitalizaci\u00f3n y el comercio electr\u00f3nico han cobrado relevancia, lo que ha beneficiado al retail.<\/strong> Sin embargo, el sector mayorista ha tenido dificultades para adaptarse a estas nuevas realidades.<\/p>\n\n\n\n<p>En consecuencia, el futuro del comercio mayorista de moda en M\u00e9xico se presenta incierto. Las empresas deben encontrar formas de innovar y adaptarse a las nuevas demandas del mercado. La capacidad de respuesta ante los cambios en el consumo ser\u00e1 crucial para la recuperaci\u00f3n del sector.<\/p>\n","protected":false},"excerpt":{"rendered":"<p>El comercio mayorista de moda en M\u00e9xico enfrenta un cierre de 2024 complicado. Seg\u00fan la Encuesta Mensual sobre Empresas Comerciales (EMEC) del Inegi, los ingresos reales de este sector cayeron un 9.4% en diciembre de 2024. Este descenso refleja una desaceleraci\u00f3n en el sector mayorista, que incluye productos textiles y calzado. Los cambios en el [&hellip;]<\/p>\n","protected":false},"author":3,"featured_media":3111,"comment_status":"closed","ping_status":"open","sticky":false,"template":"","format":"standard","meta":{"_jetpack_memberships_contains_paid_content":false,"footnotes":""},"categories":[38],"tags":[666,664,66,417,52,665],"class_list":{"0":"post-3107","1":"post","2":"type-post","3":"status-publish","4":"format-standard","5":"has-post-thumbnail","7":"category-ocio-fb","8":"tag-comercio-mayotista","9":"tag-emec","10":"tag-mexico","11":"tag-moda","12":"tag-retail","13":"tag-textiles"},"yoast_head":"<!-- This site is optimized with the Yoast SEO plugin v27.4 - https:\/\/yoast.com\/product\/yoast-seo-wordpress\/ -->\n<title>Comercio mayorista de moda en M\u00e9xico cierra 2024 en ca\u00edda - Just Retail Latam<\/title>\n<meta name=\"description\" content=\"El comercio mayorista de moda en M\u00e9xico cierra 2024 con una ca\u00edda del 9.4% en ingresos, mientras que el retail crece un 2.4%.\" \/>\n<meta name=\"robots\" content=\"index, follow, max-snippet:-1, max-image-preview:large, max-video-preview:-1\" \/>\n<link rel=\"canonical\" href=\"https:\/\/www.justretail.news\/latam\/noticias\/comercio-mayorista-de-moda-en-mexico-cierra-2024-en-caida\/\" \/>\n<meta property=\"og:locale\" content=\"es_ES\" \/>\n<meta property=\"og:type\" content=\"article\" \/>\n<meta property=\"og:title\" content=\"Comercio mayorista de moda en M\u00e9xico cierra 2024 en ca\u00edda - Just Retail Latam\" \/>\n<meta property=\"og:description\" content=\"El comercio mayorista de moda en M\u00e9xico cierra 2024 con una ca\u00edda del 9.4% en ingresos, mientras que el retail crece un 2.4%.\" \/>\n<meta property=\"og:url\" content=\"https:\/\/www.justretail.news\/latam\/noticias\/comercio-mayorista-de-moda-en-mexico-cierra-2024-en-caida\/\" \/>\n<meta property=\"og:site_name\" content=\"Just Retail Latam\" \/>\n<meta property=\"article:published_time\" content=\"2025-02-21T14:20:00+00:00\" \/>\n<meta property=\"article:modified_time\" content=\"2025-11-08T22:52:29+00:00\" \/>\n<meta property=\"og:image\" content=\"https:\/\/www.justretail.news\/latam\/wp-content\/uploads\/2025\/02\/ropa_freepik.jpg\" \/>\n\t<meta property=\"og:image:width\" content=\"1000\" \/>\n\t<meta property=\"og:image:height\" content=\"600\" \/>\n\t<meta property=\"og:image:type\" content=\"image\/jpeg\" \/>\n<meta name=\"author\" content=\"redaccion\" \/>\n<meta name=\"twitter:card\" content=\"summary_large_image\" \/>\n<meta name=\"twitter:label1\" content=\"Escrito por\" \/>\n\t<meta name=\"twitter:data1\" content=\"redaccion\" \/>\n\t<meta name=\"twitter:label2\" content=\"Tiempo de lectura\" \/>\n\t<meta name=\"twitter:data2\" content=\"3 minutos\" \/>\n<script type=\"application\/ld+json\" class=\"yoast-schema-graph\">{\"@context\":\"https:\\\/\\\/schema.org\",\"@graph\":[{\"@type\":\"Article\",\"@id\":\"https:\\\/\\\/www.justretail.news\\\/latam\\\/noticias\\\/comercio-mayorista-de-moda-en-mexico-cierra-2024-en-caida\\\/#article\",\"isPartOf\":{\"@id\":\"https:\\\/\\\/www.justretail.news\\\/latam\\\/noticias\\\/comercio-mayorista-de-moda-en-mexico-cierra-2024-en-caida\\\/\"},\"author\":{\"name\":\"redaccion\",\"@id\":\"https:\\\/\\\/www.justretail.news\\\/latam\\\/#\\\/schema\\\/person\\\/c2656ce0a4e1c3a0cb63204b17bce2d2\"},\"headline\":\"Comercio mayorista de moda en M\u00e9xico cierra 2024 en ca\u00edda\",\"datePublished\":\"2025-02-21T14:20:00+00:00\",\"dateModified\":\"2025-11-08T22:52:29+00:00\",\"mainEntityOfPage\":{\"@id\":\"https:\\\/\\\/www.justretail.news\\\/latam\\\/noticias\\\/comercio-mayorista-de-moda-en-mexico-cierra-2024-en-caida\\\/\"},\"wordCount\":456,\"publisher\":{\"@id\":\"https:\\\/\\\/www.justretail.news\\\/latam\\\/#organization\"},\"image\":{\"@id\":\"https:\\\/\\\/www.justretail.news\\\/latam\\\/noticias\\\/comercio-mayorista-de-moda-en-mexico-cierra-2024-en-caida\\\/#primaryimage\"},\"thumbnailUrl\":\"https:\\\/\\\/www.justretail.news\\\/latam\\\/wp-content\\\/uploads\\\/2025\\\/02\\\/ropa_freepik.jpg\",\"keywords\":[\"comercio mayotista\",\"EMEC\",\"M\u00e9xico\",\"Moda\",\"retail\",\"TEXTILES\"],\"articleSection\":[\"Ocio &amp; F&amp;B\"],\"inLanguage\":\"es\"},{\"@type\":\"WebPage\",\"@id\":\"https:\\\/\\\/www.justretail.news\\\/latam\\\/noticias\\\/comercio-mayorista-de-moda-en-mexico-cierra-2024-en-caida\\\/\",\"url\":\"https:\\\/\\\/www.justretail.news\\\/latam\\\/noticias\\\/comercio-mayorista-de-moda-en-mexico-cierra-2024-en-caida\\\/\",\"name\":\"Comercio mayorista de moda en M\u00e9xico cierra 2024 en ca\u00edda - Just Retail Latam\",\"isPartOf\":{\"@id\":\"https:\\\/\\\/www.justretail.news\\\/latam\\\/#website\"},\"primaryImageOfPage\":{\"@id\":\"https:\\\/\\\/www.justretail.news\\\/latam\\\/noticias\\\/comercio-mayorista-de-moda-en-mexico-cierra-2024-en-caida\\\/#primaryimage\"},\"image\":{\"@id\":\"https:\\\/\\\/www.justretail.news\\\/latam\\\/noticias\\\/comercio-mayorista-de-moda-en-mexico-cierra-2024-en-caida\\\/#primaryimage\"},\"thumbnailUrl\":\"https:\\\/\\\/www.justretail.news\\\/latam\\\/wp-content\\\/uploads\\\/2025\\\/02\\\/ropa_freepik.jpg\",\"datePublished\":\"2025-02-21T14:20:00+00:00\",\"dateModified\":\"2025-11-08T22:52:29+00:00\",\"description\":\"El comercio mayorista de moda en M\u00e9xico cierra 2024 con una ca\u00edda del 9.4% en ingresos, mientras que el retail crece un 2.4%.\",\"breadcrumb\":{\"@id\":\"https:\\\/\\\/www.justretail.news\\\/latam\\\/noticias\\\/comercio-mayorista-de-moda-en-mexico-cierra-2024-en-caida\\\/#breadcrumb\"},\"inLanguage\":\"es\",\"potentialAction\":[{\"@type\":\"ReadAction\",\"target\":[\"https:\\\/\\\/www.justretail.news\\\/latam\\\/noticias\\\/comercio-mayorista-de-moda-en-mexico-cierra-2024-en-caida\\\/\"]}]},{\"@type\":\"ImageObject\",\"inLanguage\":\"es\",\"@id\":\"https:\\\/\\\/www.justretail.news\\\/latam\\\/noticias\\\/comercio-mayorista-de-moda-en-mexico-cierra-2024-en-caida\\\/#primaryimage\",\"url\":\"https:\\\/\\\/www.justretail.news\\\/latam\\\/wp-content\\\/uploads\\\/2025\\\/02\\\/ropa_freepik.jpg\",\"contentUrl\":\"https:\\\/\\\/www.justretail.news\\\/latam\\\/wp-content\\\/uploads\\\/2025\\\/02\\\/ropa_freepik.jpg\",\"width\":1000,\"height\":600,\"caption\":\"comercio\"},{\"@type\":\"BreadcrumbList\",\"@id\":\"https:\\\/\\\/www.justretail.news\\\/latam\\\/noticias\\\/comercio-mayorista-de-moda-en-mexico-cierra-2024-en-caida\\\/#breadcrumb\",\"itemListElement\":[{\"@type\":\"ListItem\",\"position\":1,\"name\":\"Portada\",\"item\":\"https:\\\/\\\/www.justretail.news\\\/latam\\\/\"},{\"@type\":\"ListItem\",\"position\":2,\"name\":\"Comercio mayorista de moda en M\u00e9xico cierra 2024 en ca\u00edda\"}]},{\"@type\":\"WebSite\",\"@id\":\"https:\\\/\\\/www.justretail.news\\\/latam\\\/#website\",\"url\":\"https:\\\/\\\/www.justretail.news\\\/latam\\\/\",\"name\":\"Just Retail Latam\",\"description\":\"\",\"publisher\":{\"@id\":\"https:\\\/\\\/www.justretail.news\\\/latam\\\/#organization\"},\"potentialAction\":[{\"@type\":\"SearchAction\",\"target\":{\"@type\":\"EntryPoint\",\"urlTemplate\":\"https:\\\/\\\/www.justretail.news\\\/latam\\\/?s={search_term_string}\"},\"query-input\":{\"@type\":\"PropertyValueSpecification\",\"valueRequired\":true,\"valueName\":\"search_term_string\"}}],\"inLanguage\":\"es\"},{\"@type\":\"Organization\",\"@id\":\"https:\\\/\\\/www.justretail.news\\\/latam\\\/#organization\",\"name\":\"Just Retail Latam\",\"url\":\"https:\\\/\\\/www.justretail.news\\\/latam\\\/\",\"logo\":{\"@type\":\"ImageObject\",\"inLanguage\":\"es\",\"@id\":\"https:\\\/\\\/www.justretail.news\\\/latam\\\/#\\\/schema\\\/logo\\\/image\\\/\",\"url\":\"https:\\\/\\\/www.justretail.news\\\/latam\\\/wp-content\\\/uploads\\\/2024\\\/05\\\/just-retail-logo-NEGRO-trans-latam-272x90_nuevo.png\",\"contentUrl\":\"https:\\\/\\\/www.justretail.news\\\/latam\\\/wp-content\\\/uploads\\\/2024\\\/05\\\/just-retail-logo-NEGRO-trans-latam-272x90_nuevo.png\",\"width\":272,\"height\":90,\"caption\":\"Just Retail Latam\"},\"image\":{\"@id\":\"https:\\\/\\\/www.justretail.news\\\/latam\\\/#\\\/schema\\\/logo\\\/image\\\/\"}},{\"@type\":\"Person\",\"@id\":\"https:\\\/\\\/www.justretail.news\\\/latam\\\/#\\\/schema\\\/person\\\/c2656ce0a4e1c3a0cb63204b17bce2d2\",\"name\":\"redaccion\",\"image\":{\"@type\":\"ImageObject\",\"inLanguage\":\"es\",\"@id\":\"https:\\\/\\\/secure.gravatar.com\\\/avatar\\\/0af76fe7cdb55b1d9835c5dcb644cd298ff04e340eef9d71898a0f0a1ea867d0?s=96&d=mm&r=g\",\"url\":\"https:\\\/\\\/secure.gravatar.com\\\/avatar\\\/0af76fe7cdb55b1d9835c5dcb644cd298ff04e340eef9d71898a0f0a1ea867d0?s=96&d=mm&r=g\",\"contentUrl\":\"https:\\\/\\\/secure.gravatar.com\\\/avatar\\\/0af76fe7cdb55b1d9835c5dcb644cd298ff04e340eef9d71898a0f0a1ea867d0?s=96&d=mm&r=g\",\"caption\":\"redaccion\"},\"url\":\"https:\\\/\\\/www.justretail.news\\\/latam\\\/noticias\\\/author\\\/redaccion\\\/\"}]}<\/script>\n<!-- \/ Yoast SEO plugin. -->","yoast_head_json":{"title":"Comercio mayorista de moda en M\u00e9xico cierra 2024 en ca\u00edda - Just Retail Latam","description":"El comercio mayorista de moda en M\u00e9xico cierra 2024 con una ca\u00edda del 9.4% en ingresos, mientras que el retail crece un 2.4%.","robots":{"index":"index","follow":"follow","max-snippet":"max-snippet:-1","max-image-preview":"max-image-preview:large","max-video-preview":"max-video-preview:-1"},"canonical":"https:\/\/www.justretail.news\/latam\/noticias\/comercio-mayorista-de-moda-en-mexico-cierra-2024-en-caida\/","og_locale":"es_ES","og_type":"article","og_title":"Comercio mayorista de moda en M\u00e9xico cierra 2024 en ca\u00edda - Just Retail Latam","og_description":"El comercio mayorista de moda en M\u00e9xico cierra 2024 con una ca\u00edda del 9.4% en ingresos, mientras que el retail crece un 2.4%.","og_url":"https:\/\/www.justretail.news\/latam\/noticias\/comercio-mayorista-de-moda-en-mexico-cierra-2024-en-caida\/","og_site_name":"Just Retail Latam","article_published_time":"2025-02-21T14:20:00+00:00","article_modified_time":"2025-11-08T22:52:29+00:00","og_image":[{"width":1000,"height":600,"url":"https:\/\/www.justretail.news\/latam\/wp-content\/uploads\/2025\/02\/ropa_freepik.jpg","type":"image\/jpeg"}],"author":"redaccion","twitter_card":"summary_large_image","twitter_misc":{"Escrito por":"redaccion","Tiempo de lectura":"3 minutos"},"schema":{"@context":"https:\/\/schema.org","@graph":[{"@type":"Article","@id":"https:\/\/www.justretail.news\/latam\/noticias\/comercio-mayorista-de-moda-en-mexico-cierra-2024-en-caida\/#article","isPartOf":{"@id":"https:\/\/www.justretail.news\/latam\/noticias\/comercio-mayorista-de-moda-en-mexico-cierra-2024-en-caida\/"},"author":{"name":"redaccion","@id":"https:\/\/www.justretail.news\/latam\/#\/schema\/person\/c2656ce0a4e1c3a0cb63204b17bce2d2"},"headline":"Comercio mayorista de moda en M\u00e9xico cierra 2024 en ca\u00edda","datePublished":"2025-02-21T14:20:00+00:00","dateModified":"2025-11-08T22:52:29+00:00","mainEntityOfPage":{"@id":"https:\/\/www.justretail.news\/latam\/noticias\/comercio-mayorista-de-moda-en-mexico-cierra-2024-en-caida\/"},"wordCount":456,"publisher":{"@id":"https:\/\/www.justretail.news\/latam\/#organization"},"image":{"@id":"https:\/\/www.justretail.news\/latam\/noticias\/comercio-mayorista-de-moda-en-mexico-cierra-2024-en-caida\/#primaryimage"},"thumbnailUrl":"https:\/\/www.justretail.news\/latam\/wp-content\/uploads\/2025\/02\/ropa_freepik.jpg","keywords":["comercio mayotista","EMEC","M\u00e9xico","Moda","retail","TEXTILES"],"articleSection":["Ocio &amp; F&amp;B"],"inLanguage":"es"},{"@type":"WebPage","@id":"https:\/\/www.justretail.news\/latam\/noticias\/comercio-mayorista-de-moda-en-mexico-cierra-2024-en-caida\/","url":"https:\/\/www.justretail.news\/latam\/noticias\/comercio-mayorista-de-moda-en-mexico-cierra-2024-en-caida\/","name":"Comercio mayorista de moda en M\u00e9xico cierra 2024 en ca\u00edda - Just Retail Latam","isPartOf":{"@id":"https:\/\/www.justretail.news\/latam\/#website"},"primaryImageOfPage":{"@id":"https:\/\/www.justretail.news\/latam\/noticias\/comercio-mayorista-de-moda-en-mexico-cierra-2024-en-caida\/#primaryimage"},"image":{"@id":"https:\/\/www.justretail.news\/latam\/noticias\/comercio-mayorista-de-moda-en-mexico-cierra-2024-en-caida\/#primaryimage"},"thumbnailUrl":"https:\/\/www.justretail.news\/latam\/wp-content\/uploads\/2025\/02\/ropa_freepik.jpg","datePublished":"2025-02-21T14:20:00+00:00","dateModified":"2025-11-08T22:52:29+00:00","description":"El comercio mayorista de moda en M\u00e9xico cierra 2024 con una ca\u00edda del 9.4% en ingresos, mientras que el retail crece un 2.4%.","breadcrumb":{"@id":"https:\/\/www.justretail.news\/latam\/noticias\/comercio-mayorista-de-moda-en-mexico-cierra-2024-en-caida\/#breadcrumb"},"inLanguage":"es","potentialAction":[{"@type":"ReadAction","target":["https:\/\/www.justretail.news\/latam\/noticias\/comercio-mayorista-de-moda-en-mexico-cierra-2024-en-caida\/"]}]},{"@type":"ImageObject","inLanguage":"es","@id":"https:\/\/www.justretail.news\/latam\/noticias\/comercio-mayorista-de-moda-en-mexico-cierra-2024-en-caida\/#primaryimage","url":"https:\/\/www.justretail.news\/latam\/wp-content\/uploads\/2025\/02\/ropa_freepik.jpg","contentUrl":"https:\/\/www.justretail.news\/latam\/wp-content\/uploads\/2025\/02\/ropa_freepik.jpg","width":1000,"height":600,"caption":"comercio"},{"@type":"BreadcrumbList","@id":"https:\/\/www.justretail.news\/latam\/noticias\/comercio-mayorista-de-moda-en-mexico-cierra-2024-en-caida\/#breadcrumb","itemListElement":[{"@type":"ListItem","position":1,"name":"Portada","item":"https:\/\/www.justretail.news\/latam\/"},{"@type":"ListItem","position":2,"name":"Comercio mayorista de moda en M\u00e9xico cierra 2024 en ca\u00edda"}]},{"@type":"WebSite","@id":"https:\/\/www.justretail.news\/latam\/#website","url":"https:\/\/www.justretail.news\/latam\/","name":"Just Retail Latam","description":"","publisher":{"@id":"https:\/\/www.justretail.news\/latam\/#organization"},"potentialAction":[{"@type":"SearchAction","target":{"@type":"EntryPoint","urlTemplate":"https:\/\/www.justretail.news\/latam\/?s={search_term_string}"},"query-input":{"@type":"PropertyValueSpecification","valueRequired":true,"valueName":"search_term_string"}}],"inLanguage":"es"},{"@type":"Organization","@id":"https:\/\/www.justretail.news\/latam\/#organization","name":"Just Retail Latam","url":"https:\/\/www.justretail.news\/latam\/","logo":{"@type":"ImageObject","inLanguage":"es","@id":"https:\/\/www.justretail.news\/latam\/#\/schema\/logo\/image\/","url":"https:\/\/www.justretail.news\/latam\/wp-content\/uploads\/2024\/05\/just-retail-logo-NEGRO-trans-latam-272x90_nuevo.png","contentUrl":"https:\/\/www.justretail.news\/latam\/wp-content\/uploads\/2024\/05\/just-retail-logo-NEGRO-trans-latam-272x90_nuevo.png","width":272,"height":90,"caption":"Just Retail Latam"},"image":{"@id":"https:\/\/www.justretail.news\/latam\/#\/schema\/logo\/image\/"}},{"@type":"Person","@id":"https:\/\/www.justretail.news\/latam\/#\/schema\/person\/c2656ce0a4e1c3a0cb63204b17bce2d2","name":"redaccion","image":{"@type":"ImageObject","inLanguage":"es","@id":"https:\/\/secure.gravatar.com\/avatar\/0af76fe7cdb55b1d9835c5dcb644cd298ff04e340eef9d71898a0f0a1ea867d0?s=96&d=mm&r=g","url":"https:\/\/secure.gravatar.com\/avatar\/0af76fe7cdb55b1d9835c5dcb644cd298ff04e340eef9d71898a0f0a1ea867d0?s=96&d=mm&r=g","contentUrl":"https:\/\/secure.gravatar.com\/avatar\/0af76fe7cdb55b1d9835c5dcb644cd298ff04e340eef9d71898a0f0a1ea867d0?s=96&d=mm&r=g","caption":"redaccion"},"url":"https:\/\/www.justretail.news\/latam\/noticias\/author\/redaccion\/"}]}},"jetpack_featured_media_url":"https:\/\/www.justretail.news\/latam\/wp-content\/uploads\/2025\/02\/ropa_freepik.jpg","jetpack_sharing_enabled":true,"_links":{"self":[{"href":"https:\/\/www.justretail.news\/latam\/wp-json\/wp\/v2\/posts\/3107","targetHints":{"allow":["GET"]}}],"collection":[{"href":"https:\/\/www.justretail.news\/latam\/wp-json\/wp\/v2\/posts"}],"about":[{"href":"https:\/\/www.justretail.news\/latam\/wp-json\/wp\/v2\/types\/post"}],"author":[{"embeddable":true,"href":"https:\/\/www.justretail.news\/latam\/wp-json\/wp\/v2\/users\/3"}],"replies":[{"embeddable":true,"href":"https:\/\/www.justretail.news\/latam\/wp-json\/wp\/v2\/comments?post=3107"}],"version-history":[{"count":2,"href":"https:\/\/www.justretail.news\/latam\/wp-json\/wp\/v2\/posts\/3107\/revisions"}],"predecessor-version":[{"id":3112,"href":"https:\/\/www.justretail.news\/latam\/wp-json\/wp\/v2\/posts\/3107\/revisions\/3112"}],"wp:featuredmedia":[{"embeddable":true,"href":"https:\/\/www.justretail.news\/latam\/wp-json\/wp\/v2\/media\/3111"}],"wp:attachment":[{"href":"https:\/\/www.justretail.news\/latam\/wp-json\/wp\/v2\/media?parent=3107"}],"wp:term":[{"taxonomy":"category","embeddable":true,"href":"https:\/\/www.justretail.news\/latam\/wp-json\/wp\/v2\/categories?post=3107"},{"taxonomy":"post_tag","embeddable":true,"href":"https:\/\/www.justretail.news\/latam\/wp-json\/wp\/v2\/tags?post=3107"}],"curies":[{"name":"wp","href":"https:\/\/api.w.org\/{rel}","templated":true}]}}