{"id":3123,"date":"2025-02-24T15:10:00","date_gmt":"2025-02-24T14:10:00","guid":{"rendered":"https:\/\/www.justretail.news\/latam\/?p=3123"},"modified":"2025-11-08T23:52:29","modified_gmt":"2025-11-08T22:52:29","slug":"ray-ban-tiene-a-aap-rocky-como-nueva-direccion-creativa","status":"publish","type":"post","link":"https:\/\/www.justretail.news\/latam\/noticias\/ray-ban-tiene-a-aap-rocky-como-nueva-direccion-creativa\/","title":{"rendered":"Ray-Ban tiene a A$AP Rocky como nueva direcci\u00f3n creativa"},"content":{"rendered":"\n<p>El mundo del retail y la moda ha dado un giro estrat\u00e9gico con el nombramiento del rapero y empresario A$AP Rocky como director creativo de Ray-Ban. La ic\u00f3nica marca de gafas de sol, reconocida por su herencia y estilo atemporal, ha apostado por una figura con gran influencia en la cultura urbana y la moda contempor\u00e1nea. <strong>Este movimiento no solo refuerza su posicionamiento en el mercado, sino que tambi\u00e9n responde a una estrategia de marketing centrada en la autenticidad y la conexi\u00f3n con nuevas audiencias.<\/strong><\/p>\n\n\n\n<h2 class=\"wp-block-heading\"><strong>Una estrategia enfocada en la cultura y la innovaci\u00f3n<\/strong><\/h2>\n\n\n\n<p>Ray-Ban ha destacado por su capacidad de adaptaci\u00f3n a las tendencias sin perder su esencia. Con la incorporaci\u00f3n de A$AP Rocky, la marca busca fortalecer su presencia en segmentos j\u00f3venes y urbanos, donde la autenticidad y la innovaci\u00f3n son factores clave en la decisi\u00f3n de compra. \u201cLa moda y la m\u00fasica siempre han ido de la mano. Estoy emocionado de aportar mi visi\u00f3n a una marca con una historia tan rica\u201d, expres\u00f3 el artista en un comunicado oficial.<\/p>\n\n\n\n<p>La colaboraci\u00f3n incluye el desarrollo de nuevas colecciones y estrategias de comunicaci\u00f3n que reflejen el ADN de Ray-Ban desde una \u00f3ptica contempor\u00e1nea. En palabras de Rocky, su objetivo es \u201ccrear piezas que trasciendan el tiempo, al igual que la m\u00fasica\u201d. Este enfoque refuerza el compromiso de la marca con un storytelling que resuena con su audiencia, un pilar fundamental en las estrategias de marketing actuales.<\/p>\n\n\n\n<figure class=\"wp-block-image size-full\"><img loading=\"lazy\" decoding=\"async\" width=\"1024\" height=\"576\" src=\"https:\/\/www.justretail.news\/latam\/wp-content\/uploads\/2025\/02\/Ray-Ban-x-AAP-ftrd-1024x576-1.jpg\" alt=\"Ray-Ban\" class=\"wp-image-3126\" srcset=\"https:\/\/www.justretail.news\/latam\/wp-content\/uploads\/2025\/02\/Ray-Ban-x-AAP-ftrd-1024x576-1.jpg 1024w, https:\/\/www.justretail.news\/latam\/wp-content\/uploads\/2025\/02\/Ray-Ban-x-AAP-ftrd-1024x576-1-300x169.jpg 300w, https:\/\/www.justretail.news\/latam\/wp-content\/uploads\/2025\/02\/Ray-Ban-x-AAP-ftrd-1024x576-1-768x432.jpg 768w, https:\/\/www.justretail.news\/latam\/wp-content\/uploads\/2025\/02\/Ray-Ban-x-AAP-ftrd-1024x576-1-747x420.jpg 747w, https:\/\/www.justretail.news\/latam\/wp-content\/uploads\/2025\/02\/Ray-Ban-x-AAP-ftrd-1024x576-1-150x84.jpg 150w, https:\/\/www.justretail.news\/latam\/wp-content\/uploads\/2025\/02\/Ray-Ban-x-AAP-ftrd-1024x576-1-696x392.jpg 696w\" sizes=\"auto, (max-width: 1024px) 100vw, 1024px\" \/><\/figure>\n\n\n\n<h2 class=\"wp-block-heading\"><strong>El impacto en el marketing de retail<\/strong><\/h2>\n\n\n\n<p>La elecci\u00f3n de A$AP Rocky no es casualidad. Su influencia en la moda ha sido evidente en colaboraciones con marcas de lujo y en su capacidad para marcar tendencia dentro del streetwear. Con su llegada a Ray-Ban, la marca no solo se asegura una estrategia de marketing centrada en la imagen del artista, <strong>sino que tambi\u00e9n se beneficia de su red de seguidores y conexiones en la industria.<\/strong><\/p>\n\n\n\n<p>Seg\u00fan expertos del sector, este tipo de nombramientos generan un impacto directo en la percepci\u00f3n de la marca y en la fidelizaci\u00f3n del consumidor. \u201cAsociarse con figuras relevantes permite a las marcas conectar de manera m\u00e1s genuina con su p\u00fablico objetivo\u201d, menciona un analista de tendencias en retail. En consecuencia, <strong>Ray-Ban refuerza su identidad sin perder su herencia, logrando una fusi\u00f3n entre la tradici\u00f3n y la vanguardia.<\/strong><\/p>\n\n\n\n<h2 class=\"wp-block-heading\"><strong>Marketing experiencial y omnicanalidad<\/strong><\/h2>\n\n\n\n<p>Adem\u00e1s del desarrollo de productos, la estrategia de Ray-Ban con A$AP Rocky se alinea con tendencias clave del marketing de retail, como la personalizaci\u00f3n y la omnicanalidad. <strong>Se espera que la marca potencie su presencia en plataformas digitales con contenido exclusivo y experiencias interactivas para los consumidores.<\/strong> Esto responde a la creciente demanda de experiencias de compra m\u00e1s din\u00e1micas y alineadas con el estilo de vida del p\u00fablico objetivo.<\/p>\n\n\n\n<p>El nombramiento de A$AP Rocky como director creativo de Ray-Ban representa una jugada estrat\u00e9gica que refuerza la autenticidad y relevancia de la marca en el mercado actual. Al combinar su herencia con la visi\u00f3n de un \u00edcono cultural, Ray-Ban no solo ampl\u00eda su alcance, sino que fortalece su conexi\u00f3n con una audiencia que valora la originalidad y la innovaci\u00f3n.<\/p>\n","protected":false},"excerpt":{"rendered":"<p>El mundo del retail y la moda ha dado un giro estrat\u00e9gico con el nombramiento del rapero y empresario A$AP Rocky como director creativo de Ray-Ban. La ic\u00f3nica marca de gafas de sol, reconocida por su herencia y estilo atemporal, ha apostado por una figura con gran influencia en la cultura urbana y la moda [&hellip;]<\/p>\n","protected":false},"author":3,"featured_media":3127,"comment_status":"closed","ping_status":"open","sticky":false,"template":"","format":"standard","meta":{"_jetpack_memberships_contains_paid_content":false,"footnotes":""},"categories":[39],"tags":[668,252,169,667,52],"class_list":{"0":"post-3123","1":"post","2":"type-post","3":"status-publish","4":"format-standard","5":"has-post-thumbnail","7":"category-marketing","8":"tag-aap-rocky","9":"tag-campana-publicitaria","10":"tag-marketing","11":"tag-rayban","12":"tag-retail"},"yoast_head":"<!-- This site is optimized with the Yoast SEO plugin v27.4 - https:\/\/yoast.com\/product\/yoast-seo-wordpress\/ -->\n<title>Ray-Ban tiene a A$AP Rocky como nueva direcci\u00f3n creativa - Just Retail Latam<\/title>\n<meta name=\"description\" content=\"Ray-Ban ha nombrado a A$AP Rocky como su nuevo director creativo, en una estrategia de marketing enfocada en la autenticidad.\" \/>\n<meta name=\"robots\" content=\"index, follow, max-snippet:-1, max-image-preview:large, max-video-preview:-1\" \/>\n<link rel=\"canonical\" href=\"https:\/\/www.justretail.news\/latam\/noticias\/ray-ban-tiene-a-aap-rocky-como-nueva-direccion-creativa\/\" \/>\n<meta property=\"og:locale\" content=\"es_ES\" \/>\n<meta property=\"og:type\" content=\"article\" \/>\n<meta property=\"og:title\" content=\"Ray-Ban tiene a A$AP Rocky como nueva direcci\u00f3n creativa - Just Retail Latam\" \/>\n<meta property=\"og:description\" content=\"Ray-Ban ha nombrado a A$AP Rocky como su nuevo director creativo, en una estrategia de marketing enfocada en la autenticidad.\" \/>\n<meta property=\"og:url\" content=\"https:\/\/www.justretail.news\/latam\/noticias\/ray-ban-tiene-a-aap-rocky-como-nueva-direccion-creativa\/\" \/>\n<meta property=\"og:site_name\" content=\"Just Retail Latam\" \/>\n<meta property=\"article:published_time\" content=\"2025-02-24T14:10:00+00:00\" \/>\n<meta property=\"article:modified_time\" content=\"2025-11-08T22:52:29+00:00\" \/>\n<meta property=\"og:image\" content=\"https:\/\/www.justretail.news\/latam\/wp-content\/uploads\/2025\/02\/Screenshot-2025-02-22-alle-12.14.47-1140x518-1.png\" \/>\n\t<meta property=\"og:image:width\" content=\"1140\" \/>\n\t<meta property=\"og:image:height\" content=\"518\" \/>\n\t<meta property=\"og:image:type\" content=\"image\/png\" \/>\n<meta name=\"author\" content=\"redaccion\" \/>\n<meta name=\"twitter:card\" content=\"summary_large_image\" \/>\n<meta name=\"twitter:label1\" content=\"Escrito por\" \/>\n\t<meta name=\"twitter:data1\" content=\"redaccion\" \/>\n\t<meta name=\"twitter:label2\" content=\"Tiempo de lectura\" \/>\n\t<meta name=\"twitter:data2\" content=\"3 minutos\" \/>\n<script type=\"application\/ld+json\" class=\"yoast-schema-graph\">{\"@context\":\"https:\\\/\\\/schema.org\",\"@graph\":[{\"@type\":\"Article\",\"@id\":\"https:\\\/\\\/www.justretail.news\\\/latam\\\/noticias\\\/ray-ban-tiene-a-aap-rocky-como-nueva-direccion-creativa\\\/#article\",\"isPartOf\":{\"@id\":\"https:\\\/\\\/www.justretail.news\\\/latam\\\/noticias\\\/ray-ban-tiene-a-aap-rocky-como-nueva-direccion-creativa\\\/\"},\"author\":{\"name\":\"redaccion\",\"@id\":\"https:\\\/\\\/www.justretail.news\\\/latam\\\/#\\\/schema\\\/person\\\/c2656ce0a4e1c3a0cb63204b17bce2d2\"},\"headline\":\"Ray-Ban tiene a A$AP Rocky como nueva direcci\u00f3n creativa\",\"datePublished\":\"2025-02-24T14:10:00+00:00\",\"dateModified\":\"2025-11-08T22:52:29+00:00\",\"mainEntityOfPage\":{\"@id\":\"https:\\\/\\\/www.justretail.news\\\/latam\\\/noticias\\\/ray-ban-tiene-a-aap-rocky-como-nueva-direccion-creativa\\\/\"},\"wordCount\":563,\"publisher\":{\"@id\":\"https:\\\/\\\/www.justretail.news\\\/latam\\\/#organization\"},\"image\":{\"@id\":\"https:\\\/\\\/www.justretail.news\\\/latam\\\/noticias\\\/ray-ban-tiene-a-aap-rocky-como-nueva-direccion-creativa\\\/#primaryimage\"},\"thumbnailUrl\":\"https:\\\/\\\/www.justretail.news\\\/latam\\\/wp-content\\\/uploads\\\/2025\\\/02\\\/Screenshot-2025-02-22-alle-12.14.47-1140x518-1.png\",\"keywords\":[\"A$AP Rocky\",\"Campa\u00f1a Publicitaria\",\"marketing\",\"Rayban\",\"retail\"],\"articleSection\":[\"Marketing\"],\"inLanguage\":\"es\"},{\"@type\":\"WebPage\",\"@id\":\"https:\\\/\\\/www.justretail.news\\\/latam\\\/noticias\\\/ray-ban-tiene-a-aap-rocky-como-nueva-direccion-creativa\\\/\",\"url\":\"https:\\\/\\\/www.justretail.news\\\/latam\\\/noticias\\\/ray-ban-tiene-a-aap-rocky-como-nueva-direccion-creativa\\\/\",\"name\":\"Ray-Ban tiene a A$AP Rocky como nueva direcci\u00f3n creativa - Just Retail Latam\",\"isPartOf\":{\"@id\":\"https:\\\/\\\/www.justretail.news\\\/latam\\\/#website\"},\"primaryImageOfPage\":{\"@id\":\"https:\\\/\\\/www.justretail.news\\\/latam\\\/noticias\\\/ray-ban-tiene-a-aap-rocky-como-nueva-direccion-creativa\\\/#primaryimage\"},\"image\":{\"@id\":\"https:\\\/\\\/www.justretail.news\\\/latam\\\/noticias\\\/ray-ban-tiene-a-aap-rocky-como-nueva-direccion-creativa\\\/#primaryimage\"},\"thumbnailUrl\":\"https:\\\/\\\/www.justretail.news\\\/latam\\\/wp-content\\\/uploads\\\/2025\\\/02\\\/Screenshot-2025-02-22-alle-12.14.47-1140x518-1.png\",\"datePublished\":\"2025-02-24T14:10:00+00:00\",\"dateModified\":\"2025-11-08T22:52:29+00:00\",\"description\":\"Ray-Ban ha nombrado a A$AP Rocky como su nuevo director creativo, en una estrategia de marketing enfocada en la autenticidad.\",\"breadcrumb\":{\"@id\":\"https:\\\/\\\/www.justretail.news\\\/latam\\\/noticias\\\/ray-ban-tiene-a-aap-rocky-como-nueva-direccion-creativa\\\/#breadcrumb\"},\"inLanguage\":\"es\",\"potentialAction\":[{\"@type\":\"ReadAction\",\"target\":[\"https:\\\/\\\/www.justretail.news\\\/latam\\\/noticias\\\/ray-ban-tiene-a-aap-rocky-como-nueva-direccion-creativa\\\/\"]}]},{\"@type\":\"ImageObject\",\"inLanguage\":\"es\",\"@id\":\"https:\\\/\\\/www.justretail.news\\\/latam\\\/noticias\\\/ray-ban-tiene-a-aap-rocky-como-nueva-direccion-creativa\\\/#primaryimage\",\"url\":\"https:\\\/\\\/www.justretail.news\\\/latam\\\/wp-content\\\/uploads\\\/2025\\\/02\\\/Screenshot-2025-02-22-alle-12.14.47-1140x518-1.png\",\"contentUrl\":\"https:\\\/\\\/www.justretail.news\\\/latam\\\/wp-content\\\/uploads\\\/2025\\\/02\\\/Screenshot-2025-02-22-alle-12.14.47-1140x518-1.png\",\"width\":1140,\"height\":518,\"caption\":\"Ray-Ban ha nombrado a A$AP Rocky\"},{\"@type\":\"BreadcrumbList\",\"@id\":\"https:\\\/\\\/www.justretail.news\\\/latam\\\/noticias\\\/ray-ban-tiene-a-aap-rocky-como-nueva-direccion-creativa\\\/#breadcrumb\",\"itemListElement\":[{\"@type\":\"ListItem\",\"position\":1,\"name\":\"Portada\",\"item\":\"https:\\\/\\\/www.justretail.news\\\/latam\\\/\"},{\"@type\":\"ListItem\",\"position\":2,\"name\":\"Ray-Ban tiene a A$AP Rocky como nueva direcci\u00f3n creativa\"}]},{\"@type\":\"WebSite\",\"@id\":\"https:\\\/\\\/www.justretail.news\\\/latam\\\/#website\",\"url\":\"https:\\\/\\\/www.justretail.news\\\/latam\\\/\",\"name\":\"Just Retail Latam\",\"description\":\"\",\"publisher\":{\"@id\":\"https:\\\/\\\/www.justretail.news\\\/latam\\\/#organization\"},\"potentialAction\":[{\"@type\":\"SearchAction\",\"target\":{\"@type\":\"EntryPoint\",\"urlTemplate\":\"https:\\\/\\\/www.justretail.news\\\/latam\\\/?s={search_term_string}\"},\"query-input\":{\"@type\":\"PropertyValueSpecification\",\"valueRequired\":true,\"valueName\":\"search_term_string\"}}],\"inLanguage\":\"es\"},{\"@type\":\"Organization\",\"@id\":\"https:\\\/\\\/www.justretail.news\\\/latam\\\/#organization\",\"name\":\"Just Retail Latam\",\"url\":\"https:\\\/\\\/www.justretail.news\\\/latam\\\/\",\"logo\":{\"@type\":\"ImageObject\",\"inLanguage\":\"es\",\"@id\":\"https:\\\/\\\/www.justretail.news\\\/latam\\\/#\\\/schema\\\/logo\\\/image\\\/\",\"url\":\"https:\\\/\\\/www.justretail.news\\\/latam\\\/wp-content\\\/uploads\\\/2024\\\/05\\\/just-retail-logo-NEGRO-trans-latam-272x90_nuevo.png\",\"contentUrl\":\"https:\\\/\\\/www.justretail.news\\\/latam\\\/wp-content\\\/uploads\\\/2024\\\/05\\\/just-retail-logo-NEGRO-trans-latam-272x90_nuevo.png\",\"width\":272,\"height\":90,\"caption\":\"Just Retail Latam\"},\"image\":{\"@id\":\"https:\\\/\\\/www.justretail.news\\\/latam\\\/#\\\/schema\\\/logo\\\/image\\\/\"}},{\"@type\":\"Person\",\"@id\":\"https:\\\/\\\/www.justretail.news\\\/latam\\\/#\\\/schema\\\/person\\\/c2656ce0a4e1c3a0cb63204b17bce2d2\",\"name\":\"redaccion\",\"image\":{\"@type\":\"ImageObject\",\"inLanguage\":\"es\",\"@id\":\"https:\\\/\\\/secure.gravatar.com\\\/avatar\\\/0af76fe7cdb55b1d9835c5dcb644cd298ff04e340eef9d71898a0f0a1ea867d0?s=96&d=mm&r=g\",\"url\":\"https:\\\/\\\/secure.gravatar.com\\\/avatar\\\/0af76fe7cdb55b1d9835c5dcb644cd298ff04e340eef9d71898a0f0a1ea867d0?s=96&d=mm&r=g\",\"contentUrl\":\"https:\\\/\\\/secure.gravatar.com\\\/avatar\\\/0af76fe7cdb55b1d9835c5dcb644cd298ff04e340eef9d71898a0f0a1ea867d0?s=96&d=mm&r=g\",\"caption\":\"redaccion\"},\"url\":\"https:\\\/\\\/www.justretail.news\\\/latam\\\/noticias\\\/author\\\/redaccion\\\/\"}]}<\/script>\n<!-- \/ Yoast SEO plugin. -->","yoast_head_json":{"title":"Ray-Ban tiene a A$AP Rocky como nueva direcci\u00f3n creativa - Just Retail Latam","description":"Ray-Ban ha nombrado a A$AP Rocky como su nuevo director creativo, en una estrategia de marketing enfocada en la autenticidad.","robots":{"index":"index","follow":"follow","max-snippet":"max-snippet:-1","max-image-preview":"max-image-preview:large","max-video-preview":"max-video-preview:-1"},"canonical":"https:\/\/www.justretail.news\/latam\/noticias\/ray-ban-tiene-a-aap-rocky-como-nueva-direccion-creativa\/","og_locale":"es_ES","og_type":"article","og_title":"Ray-Ban tiene a A$AP Rocky como nueva direcci\u00f3n creativa - Just Retail Latam","og_description":"Ray-Ban ha nombrado a A$AP Rocky como su nuevo director creativo, en una estrategia de marketing enfocada en la autenticidad.","og_url":"https:\/\/www.justretail.news\/latam\/noticias\/ray-ban-tiene-a-aap-rocky-como-nueva-direccion-creativa\/","og_site_name":"Just Retail Latam","article_published_time":"2025-02-24T14:10:00+00:00","article_modified_time":"2025-11-08T22:52:29+00:00","og_image":[{"width":1140,"height":518,"url":"https:\/\/www.justretail.news\/latam\/wp-content\/uploads\/2025\/02\/Screenshot-2025-02-22-alle-12.14.47-1140x518-1.png","type":"image\/png"}],"author":"redaccion","twitter_card":"summary_large_image","twitter_misc":{"Escrito por":"redaccion","Tiempo de lectura":"3 minutos"},"schema":{"@context":"https:\/\/schema.org","@graph":[{"@type":"Article","@id":"https:\/\/www.justretail.news\/latam\/noticias\/ray-ban-tiene-a-aap-rocky-como-nueva-direccion-creativa\/#article","isPartOf":{"@id":"https:\/\/www.justretail.news\/latam\/noticias\/ray-ban-tiene-a-aap-rocky-como-nueva-direccion-creativa\/"},"author":{"name":"redaccion","@id":"https:\/\/www.justretail.news\/latam\/#\/schema\/person\/c2656ce0a4e1c3a0cb63204b17bce2d2"},"headline":"Ray-Ban tiene a A$AP Rocky como nueva direcci\u00f3n creativa","datePublished":"2025-02-24T14:10:00+00:00","dateModified":"2025-11-08T22:52:29+00:00","mainEntityOfPage":{"@id":"https:\/\/www.justretail.news\/latam\/noticias\/ray-ban-tiene-a-aap-rocky-como-nueva-direccion-creativa\/"},"wordCount":563,"publisher":{"@id":"https:\/\/www.justretail.news\/latam\/#organization"},"image":{"@id":"https:\/\/www.justretail.news\/latam\/noticias\/ray-ban-tiene-a-aap-rocky-como-nueva-direccion-creativa\/#primaryimage"},"thumbnailUrl":"https:\/\/www.justretail.news\/latam\/wp-content\/uploads\/2025\/02\/Screenshot-2025-02-22-alle-12.14.47-1140x518-1.png","keywords":["A$AP Rocky","Campa\u00f1a Publicitaria","marketing","Rayban","retail"],"articleSection":["Marketing"],"inLanguage":"es"},{"@type":"WebPage","@id":"https:\/\/www.justretail.news\/latam\/noticias\/ray-ban-tiene-a-aap-rocky-como-nueva-direccion-creativa\/","url":"https:\/\/www.justretail.news\/latam\/noticias\/ray-ban-tiene-a-aap-rocky-como-nueva-direccion-creativa\/","name":"Ray-Ban tiene a A$AP Rocky como nueva direcci\u00f3n creativa - Just Retail Latam","isPartOf":{"@id":"https:\/\/www.justretail.news\/latam\/#website"},"primaryImageOfPage":{"@id":"https:\/\/www.justretail.news\/latam\/noticias\/ray-ban-tiene-a-aap-rocky-como-nueva-direccion-creativa\/#primaryimage"},"image":{"@id":"https:\/\/www.justretail.news\/latam\/noticias\/ray-ban-tiene-a-aap-rocky-como-nueva-direccion-creativa\/#primaryimage"},"thumbnailUrl":"https:\/\/www.justretail.news\/latam\/wp-content\/uploads\/2025\/02\/Screenshot-2025-02-22-alle-12.14.47-1140x518-1.png","datePublished":"2025-02-24T14:10:00+00:00","dateModified":"2025-11-08T22:52:29+00:00","description":"Ray-Ban ha nombrado a A$AP Rocky como su nuevo director creativo, en una estrategia de marketing enfocada en la autenticidad.","breadcrumb":{"@id":"https:\/\/www.justretail.news\/latam\/noticias\/ray-ban-tiene-a-aap-rocky-como-nueva-direccion-creativa\/#breadcrumb"},"inLanguage":"es","potentialAction":[{"@type":"ReadAction","target":["https:\/\/www.justretail.news\/latam\/noticias\/ray-ban-tiene-a-aap-rocky-como-nueva-direccion-creativa\/"]}]},{"@type":"ImageObject","inLanguage":"es","@id":"https:\/\/www.justretail.news\/latam\/noticias\/ray-ban-tiene-a-aap-rocky-como-nueva-direccion-creativa\/#primaryimage","url":"https:\/\/www.justretail.news\/latam\/wp-content\/uploads\/2025\/02\/Screenshot-2025-02-22-alle-12.14.47-1140x518-1.png","contentUrl":"https:\/\/www.justretail.news\/latam\/wp-content\/uploads\/2025\/02\/Screenshot-2025-02-22-alle-12.14.47-1140x518-1.png","width":1140,"height":518,"caption":"Ray-Ban ha nombrado a A$AP Rocky"},{"@type":"BreadcrumbList","@id":"https:\/\/www.justretail.news\/latam\/noticias\/ray-ban-tiene-a-aap-rocky-como-nueva-direccion-creativa\/#breadcrumb","itemListElement":[{"@type":"ListItem","position":1,"name":"Portada","item":"https:\/\/www.justretail.news\/latam\/"},{"@type":"ListItem","position":2,"name":"Ray-Ban tiene a A$AP Rocky como nueva direcci\u00f3n creativa"}]},{"@type":"WebSite","@id":"https:\/\/www.justretail.news\/latam\/#website","url":"https:\/\/www.justretail.news\/latam\/","name":"Just Retail Latam","description":"","publisher":{"@id":"https:\/\/www.justretail.news\/latam\/#organization"},"potentialAction":[{"@type":"SearchAction","target":{"@type":"EntryPoint","urlTemplate":"https:\/\/www.justretail.news\/latam\/?s={search_term_string}"},"query-input":{"@type":"PropertyValueSpecification","valueRequired":true,"valueName":"search_term_string"}}],"inLanguage":"es"},{"@type":"Organization","@id":"https:\/\/www.justretail.news\/latam\/#organization","name":"Just Retail Latam","url":"https:\/\/www.justretail.news\/latam\/","logo":{"@type":"ImageObject","inLanguage":"es","@id":"https:\/\/www.justretail.news\/latam\/#\/schema\/logo\/image\/","url":"https:\/\/www.justretail.news\/latam\/wp-content\/uploads\/2024\/05\/just-retail-logo-NEGRO-trans-latam-272x90_nuevo.png","contentUrl":"https:\/\/www.justretail.news\/latam\/wp-content\/uploads\/2024\/05\/just-retail-logo-NEGRO-trans-latam-272x90_nuevo.png","width":272,"height":90,"caption":"Just Retail Latam"},"image":{"@id":"https:\/\/www.justretail.news\/latam\/#\/schema\/logo\/image\/"}},{"@type":"Person","@id":"https:\/\/www.justretail.news\/latam\/#\/schema\/person\/c2656ce0a4e1c3a0cb63204b17bce2d2","name":"redaccion","image":{"@type":"ImageObject","inLanguage":"es","@id":"https:\/\/secure.gravatar.com\/avatar\/0af76fe7cdb55b1d9835c5dcb644cd298ff04e340eef9d71898a0f0a1ea867d0?s=96&d=mm&r=g","url":"https:\/\/secure.gravatar.com\/avatar\/0af76fe7cdb55b1d9835c5dcb644cd298ff04e340eef9d71898a0f0a1ea867d0?s=96&d=mm&r=g","contentUrl":"https:\/\/secure.gravatar.com\/avatar\/0af76fe7cdb55b1d9835c5dcb644cd298ff04e340eef9d71898a0f0a1ea867d0?s=96&d=mm&r=g","caption":"redaccion"},"url":"https:\/\/www.justretail.news\/latam\/noticias\/author\/redaccion\/"}]}},"jetpack_featured_media_url":"https:\/\/www.justretail.news\/latam\/wp-content\/uploads\/2025\/02\/Screenshot-2025-02-22-alle-12.14.47-1140x518-1.png","jetpack_sharing_enabled":true,"_links":{"self":[{"href":"https:\/\/www.justretail.news\/latam\/wp-json\/wp\/v2\/posts\/3123","targetHints":{"allow":["GET"]}}],"collection":[{"href":"https:\/\/www.justretail.news\/latam\/wp-json\/wp\/v2\/posts"}],"about":[{"href":"https:\/\/www.justretail.news\/latam\/wp-json\/wp\/v2\/types\/post"}],"author":[{"embeddable":true,"href":"https:\/\/www.justretail.news\/latam\/wp-json\/wp\/v2\/users\/3"}],"replies":[{"embeddable":true,"href":"https:\/\/www.justretail.news\/latam\/wp-json\/wp\/v2\/comments?post=3123"}],"version-history":[{"count":5,"href":"https:\/\/www.justretail.news\/latam\/wp-json\/wp\/v2\/posts\/3123\/revisions"}],"predecessor-version":[{"id":3130,"href":"https:\/\/www.justretail.news\/latam\/wp-json\/wp\/v2\/posts\/3123\/revisions\/3130"}],"wp:featuredmedia":[{"embeddable":true,"href":"https:\/\/www.justretail.news\/latam\/wp-json\/wp\/v2\/media\/3127"}],"wp:attachment":[{"href":"https:\/\/www.justretail.news\/latam\/wp-json\/wp\/v2\/media?parent=3123"}],"wp:term":[{"taxonomy":"category","embeddable":true,"href":"https:\/\/www.justretail.news\/latam\/wp-json\/wp\/v2\/categories?post=3123"},{"taxonomy":"post_tag","embeddable":true,"href":"https:\/\/www.justretail.news\/latam\/wp-json\/wp\/v2\/tags?post=3123"}],"curies":[{"name":"wp","href":"https:\/\/api.w.org\/{rel}","templated":true}]}}