{"id":3222,"date":"2025-03-11T15:15:00","date_gmt":"2025-03-11T14:15:00","guid":{"rendered":"https:\/\/www.justretail.news\/latam\/?p=3222"},"modified":"2025-11-08T23:52:28","modified_gmt":"2025-11-08T22:52:28","slug":"natura-lanza-su-tienda-oficial-en-mercado-libre","status":"publish","type":"post","link":"https:\/\/www.justretail.news\/latam\/noticias\/natura-lanza-su-tienda-oficial-en-mercado-libre\/","title":{"rendered":"Natura lanza su tienda oficial en Mercado Libre"},"content":{"rendered":"\n<h3 class=\"wp-block-heading\">Expansi\u00f3n de la estrategia omnicanal<\/h3>\n\n\n\n<p>Natura, reconocida marca de belleza y cuidado personal en Argentina y Latinoam\u00e9rica, ha fortalecido su estrategia omnicanal al inaugurar su tienda oficial en Mercado Libre, el principal portal de comercio electr\u00f3nico de la regi\u00f3n.<\/p>\n\n\n\n<p>Este lanzamiento ofrece a los consumidores una nueva alternativa para adquirir productos de Natura, complementando su sitio web de e-commerce, <strong>14 tiendas f\u00edsicas en el pa\u00eds, stands en diversos puntos de venta y una red de m\u00e1s de 300,000 consultoras de belleza<\/strong>, de acuerdo con Fashion Network.<\/p>\n\n\n\n<h3 class=\"wp-block-heading\">Una apuesta por la innovaci\u00f3n digital<\/h3>\n\n\n\n<p>Santiago Del Giudice, gerente de Digital Commerce, Retail y Growth de Natura Argentina, se\u00f1al\u00f3 en di\u00e1logo con Fashion Network que esta iniciativa busca acercarse a los consumidores y adaptarse a sus h\u00e1bitos de compra. \u00abSer parte de Mercado Libre es coherente con nuestra visi\u00f3n y una oportunidad para seguir innovando en nuestra estrategia omnicanal\u00bb, afirm\u00f3 Del Giudice.<\/p>\n\n\n\n<p>La tienda oficial de Natura en Mercado Libre ofrece m\u00e1s de <strong>290 productos con certificaciones como Cruelty Free y Veganos, en envases reciclados y reciclables.<\/strong> Adem\u00e1s, los clientes pueden aprovechar los beneficios de la plataforma, como env\u00edos r\u00e1pidos y compras protegidas.<\/p>\n\n\n\n<figure class=\"wp-block-gallery has-nested-images columns-default is-cropped wp-block-gallery-1 is-layout-flex wp-block-gallery-is-layout-flex\">\n<figure class=\"wp-block-image size-large\"><img loading=\"lazy\" decoding=\"async\" width=\"606\" height=\"340\" data-id=\"3226\" src=\"https:\/\/www.justretail.news\/latam\/wp-content\/uploads\/2025\/03\/naatura-e1733756820546.webp\" alt=\"natura\" class=\"wp-image-3226\" srcset=\"https:\/\/www.justretail.news\/latam\/wp-content\/uploads\/2025\/03\/naatura-e1733756820546.webp 606w, https:\/\/www.justretail.news\/latam\/wp-content\/uploads\/2025\/03\/naatura-e1733756820546-300x168.webp 300w, https:\/\/www.justretail.news\/latam\/wp-content\/uploads\/2025\/03\/naatura-e1733756820546-150x84.webp 150w\" sizes=\"auto, (max-width: 606px) 100vw, 606px\" \/><\/figure>\n\n\n\n<figure class=\"wp-block-image size-large\"><img decoding=\"async\" data-id=\"3225\" src=\"https:\/\/www.justretail.news\/latam\/wp-content\/uploads\/2025\/03\/7a92.avif\" alt=\"natura\" class=\"wp-image-3225\"\/><\/figure>\n<\/figure>\n\n\n\n<h3 class=\"wp-block-heading\">Compromiso con la sostenibilidad<\/h3>\n\n\n\n<p>Laura Manzione, directora de Fashion &amp; Beauty de Mercado Libre, destac\u00f3 en declaraciones a Fashion Network que esta alianza ampl\u00eda la oferta de productos de belleza y promueve opciones m\u00e1s sostenibles y responsables con el medio ambiente.<\/p>\n\n\n\n<p>Con esta iniciativa, Natura refuerza su compromiso de adaptarse a las tendencias de consumo actuales y ofrecer a sus clientes m\u00faltiples canales de compra que se ajusten a sus preferencias y necesidades, seg\u00fan explic\u00f3 TotalMedios.<\/p>\n\n\n\n<h3 class=\"wp-block-heading\">Un paso adelante en el comercio electr\u00f3nico<\/h3>\n\n\n\n<p>En resumen, la apertura de la tienda oficial de Natura en <a href=\"https:\/\/listado.mercadolibre.com.mx\/natura\">Mercado Libre<\/a> representa un paso significativo en la consolidaci\u00f3n de su presencia en el comercio electr\u00f3nico, brindando a los consumidores una experiencia de compra m\u00e1s accesible y alineada con valores de sostenibilidad.<\/p>\n","protected":false},"excerpt":{"rendered":"<p>Expansi\u00f3n de la estrategia omnicanal Natura, reconocida marca de belleza y cuidado personal en Argentina y Latinoam\u00e9rica, ha fortalecido su estrategia omnicanal al inaugurar su tienda oficial en Mercado Libre, el principal portal de comercio electr\u00f3nico de la regi\u00f3n. Este lanzamiento ofrece a los consumidores una nueva alternativa para adquirir productos de Natura, complementando su [&hellip;]<\/p>\n","protected":false},"author":3,"featured_media":3224,"comment_status":"closed","ping_status":"open","sticky":false,"template":"","format":"standard","meta":{"_jetpack_memberships_contains_paid_content":false,"footnotes":""},"categories":[60],"tags":[194,50,412,94,229,52,51],"class_list":{"0":"post-3222","1":"post","2":"type-post","3":"status-publish","4":"format-standard","5":"has-post-thumbnail","7":"category-tech","8":"tag-argentina","9":"tag-innovacion","10":"tag-latinoamerica","11":"tag-mercado-libre","12":"tag-natura","13":"tag-retail","14":"tag-sostenibilidad"},"yoast_head":"<!-- This site is optimized with the Yoast SEO plugin v27.4 - https:\/\/yoast.com\/product\/yoast-seo-wordpress\/ -->\n<title>Natura lanza su tienda oficial en Mercado Libre - Just Retail Latam<\/title>\n<meta name=\"description\" content=\"La presencia de natura en mercado libre representa un paso significativo en la consolidaci\u00f3n de su presencia en el comercio electr\u00f3nico.\" \/>\n<meta name=\"robots\" content=\"index, follow, max-snippet:-1, max-image-preview:large, max-video-preview:-1\" \/>\n<link rel=\"canonical\" href=\"https:\/\/www.justretail.news\/latam\/noticias\/natura-lanza-su-tienda-oficial-en-mercado-libre\/\" \/>\n<meta property=\"og:locale\" content=\"es_ES\" \/>\n<meta property=\"og:type\" content=\"article\" \/>\n<meta property=\"og:title\" content=\"Natura lanza su tienda oficial en Mercado Libre - Just Retail Latam\" \/>\n<meta property=\"og:description\" content=\"La presencia de natura en mercado libre representa un paso significativo en la consolidaci\u00f3n de su presencia en el comercio electr\u00f3nico.\" \/>\n<meta property=\"og:url\" content=\"https:\/\/www.justretail.news\/latam\/noticias\/natura-lanza-su-tienda-oficial-en-mercado-libre\/\" \/>\n<meta property=\"og:site_name\" content=\"Just Retail Latam\" \/>\n<meta property=\"article:published_time\" content=\"2025-03-11T14:15:00+00:00\" \/>\n<meta property=\"article:modified_time\" content=\"2025-11-08T22:52:28+00:00\" \/>\n<meta property=\"og:image\" content=\"https:\/\/www.justretail.news\/latam\/wp-content\/uploads\/2025\/03\/Imagen-de-WhatsApp-2024-03-15-a-las-14.04.20_85cd48b0.jpg\" \/>\n\t<meta property=\"og:image:width\" content=\"1280\" \/>\n\t<meta property=\"og:image:height\" content=\"720\" \/>\n\t<meta property=\"og:image:type\" content=\"image\/jpeg\" \/>\n<meta name=\"author\" content=\"redaccion\" \/>\n<meta name=\"twitter:card\" content=\"summary_large_image\" \/>\n<meta name=\"twitter:label1\" content=\"Escrito por\" \/>\n\t<meta name=\"twitter:data1\" content=\"redaccion\" \/>\n\t<meta name=\"twitter:label2\" content=\"Tiempo de lectura\" \/>\n\t<meta name=\"twitter:data2\" content=\"3 minutos\" \/>\n<script type=\"application\/ld+json\" class=\"yoast-schema-graph\">{\"@context\":\"https:\\\/\\\/schema.org\",\"@graph\":[{\"@type\":\"Article\",\"@id\":\"https:\\\/\\\/www.justretail.news\\\/latam\\\/noticias\\\/natura-lanza-su-tienda-oficial-en-mercado-libre\\\/#article\",\"isPartOf\":{\"@id\":\"https:\\\/\\\/www.justretail.news\\\/latam\\\/noticias\\\/natura-lanza-su-tienda-oficial-en-mercado-libre\\\/\"},\"author\":{\"name\":\"redaccion\",\"@id\":\"https:\\\/\\\/www.justretail.news\\\/latam\\\/#\\\/schema\\\/person\\\/c2656ce0a4e1c3a0cb63204b17bce2d2\"},\"headline\":\"Natura lanza su tienda oficial en Mercado Libre\",\"datePublished\":\"2025-03-11T14:15:00+00:00\",\"dateModified\":\"2025-11-08T22:52:28+00:00\",\"mainEntityOfPage\":{\"@id\":\"https:\\\/\\\/www.justretail.news\\\/latam\\\/noticias\\\/natura-lanza-su-tienda-oficial-en-mercado-libre\\\/\"},\"wordCount\":345,\"publisher\":{\"@id\":\"https:\\\/\\\/www.justretail.news\\\/latam\\\/#organization\"},\"image\":{\"@id\":\"https:\\\/\\\/www.justretail.news\\\/latam\\\/noticias\\\/natura-lanza-su-tienda-oficial-en-mercado-libre\\\/#primaryimage\"},\"thumbnailUrl\":\"https:\\\/\\\/www.justretail.news\\\/latam\\\/wp-content\\\/uploads\\\/2025\\\/03\\\/Imagen-de-WhatsApp-2024-03-15-a-las-14.04.20_85cd48b0.jpg\",\"keywords\":[\"Argentina\",\"innovaci\u00f3n\",\"Latinoam\u00e9rica\",\"mercado libre\",\"Natura\",\"retail\",\"sostenibilidad\"],\"articleSection\":[\"Tech\"],\"inLanguage\":\"es\"},{\"@type\":\"WebPage\",\"@id\":\"https:\\\/\\\/www.justretail.news\\\/latam\\\/noticias\\\/natura-lanza-su-tienda-oficial-en-mercado-libre\\\/\",\"url\":\"https:\\\/\\\/www.justretail.news\\\/latam\\\/noticias\\\/natura-lanza-su-tienda-oficial-en-mercado-libre\\\/\",\"name\":\"Natura lanza su tienda oficial en Mercado Libre - Just Retail Latam\",\"isPartOf\":{\"@id\":\"https:\\\/\\\/www.justretail.news\\\/latam\\\/#website\"},\"primaryImageOfPage\":{\"@id\":\"https:\\\/\\\/www.justretail.news\\\/latam\\\/noticias\\\/natura-lanza-su-tienda-oficial-en-mercado-libre\\\/#primaryimage\"},\"image\":{\"@id\":\"https:\\\/\\\/www.justretail.news\\\/latam\\\/noticias\\\/natura-lanza-su-tienda-oficial-en-mercado-libre\\\/#primaryimage\"},\"thumbnailUrl\":\"https:\\\/\\\/www.justretail.news\\\/latam\\\/wp-content\\\/uploads\\\/2025\\\/03\\\/Imagen-de-WhatsApp-2024-03-15-a-las-14.04.20_85cd48b0.jpg\",\"datePublished\":\"2025-03-11T14:15:00+00:00\",\"dateModified\":\"2025-11-08T22:52:28+00:00\",\"description\":\"La presencia de natura en mercado libre representa un paso significativo en la consolidaci\u00f3n de su presencia en el comercio electr\u00f3nico.\",\"breadcrumb\":{\"@id\":\"https:\\\/\\\/www.justretail.news\\\/latam\\\/noticias\\\/natura-lanza-su-tienda-oficial-en-mercado-libre\\\/#breadcrumb\"},\"inLanguage\":\"es\",\"potentialAction\":[{\"@type\":\"ReadAction\",\"target\":[\"https:\\\/\\\/www.justretail.news\\\/latam\\\/noticias\\\/natura-lanza-su-tienda-oficial-en-mercado-libre\\\/\"]}]},{\"@type\":\"ImageObject\",\"inLanguage\":\"es\",\"@id\":\"https:\\\/\\\/www.justretail.news\\\/latam\\\/noticias\\\/natura-lanza-su-tienda-oficial-en-mercado-libre\\\/#primaryimage\",\"url\":\"https:\\\/\\\/www.justretail.news\\\/latam\\\/wp-content\\\/uploads\\\/2025\\\/03\\\/Imagen-de-WhatsApp-2024-03-15-a-las-14.04.20_85cd48b0.jpg\",\"contentUrl\":\"https:\\\/\\\/www.justretail.news\\\/latam\\\/wp-content\\\/uploads\\\/2025\\\/03\\\/Imagen-de-WhatsApp-2024-03-15-a-las-14.04.20_85cd48b0.jpg\",\"width\":1280,\"height\":720,\"caption\":\"Natura\"},{\"@type\":\"BreadcrumbList\",\"@id\":\"https:\\\/\\\/www.justretail.news\\\/latam\\\/noticias\\\/natura-lanza-su-tienda-oficial-en-mercado-libre\\\/#breadcrumb\",\"itemListElement\":[{\"@type\":\"ListItem\",\"position\":1,\"name\":\"Portada\",\"item\":\"https:\\\/\\\/www.justretail.news\\\/latam\\\/\"},{\"@type\":\"ListItem\",\"position\":2,\"name\":\"Natura lanza su tienda oficial en Mercado Libre\"}]},{\"@type\":\"WebSite\",\"@id\":\"https:\\\/\\\/www.justretail.news\\\/latam\\\/#website\",\"url\":\"https:\\\/\\\/www.justretail.news\\\/latam\\\/\",\"name\":\"Just Retail Latam\",\"description\":\"\",\"publisher\":{\"@id\":\"https:\\\/\\\/www.justretail.news\\\/latam\\\/#organization\"},\"potentialAction\":[{\"@type\":\"SearchAction\",\"target\":{\"@type\":\"EntryPoint\",\"urlTemplate\":\"https:\\\/\\\/www.justretail.news\\\/latam\\\/?s={search_term_string}\"},\"query-input\":{\"@type\":\"PropertyValueSpecification\",\"valueRequired\":true,\"valueName\":\"search_term_string\"}}],\"inLanguage\":\"es\"},{\"@type\":\"Organization\",\"@id\":\"https:\\\/\\\/www.justretail.news\\\/latam\\\/#organization\",\"name\":\"Just Retail Latam\",\"url\":\"https:\\\/\\\/www.justretail.news\\\/latam\\\/\",\"logo\":{\"@type\":\"ImageObject\",\"inLanguage\":\"es\",\"@id\":\"https:\\\/\\\/www.justretail.news\\\/latam\\\/#\\\/schema\\\/logo\\\/image\\\/\",\"url\":\"https:\\\/\\\/www.justretail.news\\\/latam\\\/wp-content\\\/uploads\\\/2024\\\/05\\\/just-retail-logo-NEGRO-trans-latam-272x90_nuevo.png\",\"contentUrl\":\"https:\\\/\\\/www.justretail.news\\\/latam\\\/wp-content\\\/uploads\\\/2024\\\/05\\\/just-retail-logo-NEGRO-trans-latam-272x90_nuevo.png\",\"width\":272,\"height\":90,\"caption\":\"Just Retail Latam\"},\"image\":{\"@id\":\"https:\\\/\\\/www.justretail.news\\\/latam\\\/#\\\/schema\\\/logo\\\/image\\\/\"}},{\"@type\":\"Person\",\"@id\":\"https:\\\/\\\/www.justretail.news\\\/latam\\\/#\\\/schema\\\/person\\\/c2656ce0a4e1c3a0cb63204b17bce2d2\",\"name\":\"redaccion\",\"image\":{\"@type\":\"ImageObject\",\"inLanguage\":\"es\",\"@id\":\"https:\\\/\\\/secure.gravatar.com\\\/avatar\\\/0af76fe7cdb55b1d9835c5dcb644cd298ff04e340eef9d71898a0f0a1ea867d0?s=96&d=mm&r=g\",\"url\":\"https:\\\/\\\/secure.gravatar.com\\\/avatar\\\/0af76fe7cdb55b1d9835c5dcb644cd298ff04e340eef9d71898a0f0a1ea867d0?s=96&d=mm&r=g\",\"contentUrl\":\"https:\\\/\\\/secure.gravatar.com\\\/avatar\\\/0af76fe7cdb55b1d9835c5dcb644cd298ff04e340eef9d71898a0f0a1ea867d0?s=96&d=mm&r=g\",\"caption\":\"redaccion\"},\"url\":\"https:\\\/\\\/www.justretail.news\\\/latam\\\/noticias\\\/author\\\/redaccion\\\/\"}]}<\/script>\n<!-- \/ Yoast SEO plugin. -->","yoast_head_json":{"title":"Natura lanza su tienda oficial en Mercado Libre - Just Retail Latam","description":"La presencia de natura en mercado libre representa un paso significativo en la consolidaci\u00f3n de su presencia en el comercio electr\u00f3nico.","robots":{"index":"index","follow":"follow","max-snippet":"max-snippet:-1","max-image-preview":"max-image-preview:large","max-video-preview":"max-video-preview:-1"},"canonical":"https:\/\/www.justretail.news\/latam\/noticias\/natura-lanza-su-tienda-oficial-en-mercado-libre\/","og_locale":"es_ES","og_type":"article","og_title":"Natura lanza su tienda oficial en Mercado Libre - Just Retail Latam","og_description":"La presencia de natura en mercado libre representa un paso significativo en la consolidaci\u00f3n de su presencia en el comercio electr\u00f3nico.","og_url":"https:\/\/www.justretail.news\/latam\/noticias\/natura-lanza-su-tienda-oficial-en-mercado-libre\/","og_site_name":"Just Retail Latam","article_published_time":"2025-03-11T14:15:00+00:00","article_modified_time":"2025-11-08T22:52:28+00:00","og_image":[{"width":1280,"height":720,"url":"https:\/\/www.justretail.news\/latam\/wp-content\/uploads\/2025\/03\/Imagen-de-WhatsApp-2024-03-15-a-las-14.04.20_85cd48b0.jpg","type":"image\/jpeg"}],"author":"redaccion","twitter_card":"summary_large_image","twitter_misc":{"Escrito por":"redaccion","Tiempo de lectura":"3 minutos"},"schema":{"@context":"https:\/\/schema.org","@graph":[{"@type":"Article","@id":"https:\/\/www.justretail.news\/latam\/noticias\/natura-lanza-su-tienda-oficial-en-mercado-libre\/#article","isPartOf":{"@id":"https:\/\/www.justretail.news\/latam\/noticias\/natura-lanza-su-tienda-oficial-en-mercado-libre\/"},"author":{"name":"redaccion","@id":"https:\/\/www.justretail.news\/latam\/#\/schema\/person\/c2656ce0a4e1c3a0cb63204b17bce2d2"},"headline":"Natura lanza su tienda oficial en Mercado Libre","datePublished":"2025-03-11T14:15:00+00:00","dateModified":"2025-11-08T22:52:28+00:00","mainEntityOfPage":{"@id":"https:\/\/www.justretail.news\/latam\/noticias\/natura-lanza-su-tienda-oficial-en-mercado-libre\/"},"wordCount":345,"publisher":{"@id":"https:\/\/www.justretail.news\/latam\/#organization"},"image":{"@id":"https:\/\/www.justretail.news\/latam\/noticias\/natura-lanza-su-tienda-oficial-en-mercado-libre\/#primaryimage"},"thumbnailUrl":"https:\/\/www.justretail.news\/latam\/wp-content\/uploads\/2025\/03\/Imagen-de-WhatsApp-2024-03-15-a-las-14.04.20_85cd48b0.jpg","keywords":["Argentina","innovaci\u00f3n","Latinoam\u00e9rica","mercado libre","Natura","retail","sostenibilidad"],"articleSection":["Tech"],"inLanguage":"es"},{"@type":"WebPage","@id":"https:\/\/www.justretail.news\/latam\/noticias\/natura-lanza-su-tienda-oficial-en-mercado-libre\/","url":"https:\/\/www.justretail.news\/latam\/noticias\/natura-lanza-su-tienda-oficial-en-mercado-libre\/","name":"Natura lanza su tienda oficial en Mercado Libre - Just Retail Latam","isPartOf":{"@id":"https:\/\/www.justretail.news\/latam\/#website"},"primaryImageOfPage":{"@id":"https:\/\/www.justretail.news\/latam\/noticias\/natura-lanza-su-tienda-oficial-en-mercado-libre\/#primaryimage"},"image":{"@id":"https:\/\/www.justretail.news\/latam\/noticias\/natura-lanza-su-tienda-oficial-en-mercado-libre\/#primaryimage"},"thumbnailUrl":"https:\/\/www.justretail.news\/latam\/wp-content\/uploads\/2025\/03\/Imagen-de-WhatsApp-2024-03-15-a-las-14.04.20_85cd48b0.jpg","datePublished":"2025-03-11T14:15:00+00:00","dateModified":"2025-11-08T22:52:28+00:00","description":"La presencia de natura en mercado libre representa un paso significativo en la consolidaci\u00f3n de su presencia en el comercio electr\u00f3nico.","breadcrumb":{"@id":"https:\/\/www.justretail.news\/latam\/noticias\/natura-lanza-su-tienda-oficial-en-mercado-libre\/#breadcrumb"},"inLanguage":"es","potentialAction":[{"@type":"ReadAction","target":["https:\/\/www.justretail.news\/latam\/noticias\/natura-lanza-su-tienda-oficial-en-mercado-libre\/"]}]},{"@type":"ImageObject","inLanguage":"es","@id":"https:\/\/www.justretail.news\/latam\/noticias\/natura-lanza-su-tienda-oficial-en-mercado-libre\/#primaryimage","url":"https:\/\/www.justretail.news\/latam\/wp-content\/uploads\/2025\/03\/Imagen-de-WhatsApp-2024-03-15-a-las-14.04.20_85cd48b0.jpg","contentUrl":"https:\/\/www.justretail.news\/latam\/wp-content\/uploads\/2025\/03\/Imagen-de-WhatsApp-2024-03-15-a-las-14.04.20_85cd48b0.jpg","width":1280,"height":720,"caption":"Natura"},{"@type":"BreadcrumbList","@id":"https:\/\/www.justretail.news\/latam\/noticias\/natura-lanza-su-tienda-oficial-en-mercado-libre\/#breadcrumb","itemListElement":[{"@type":"ListItem","position":1,"name":"Portada","item":"https:\/\/www.justretail.news\/latam\/"},{"@type":"ListItem","position":2,"name":"Natura lanza su tienda oficial en Mercado Libre"}]},{"@type":"WebSite","@id":"https:\/\/www.justretail.news\/latam\/#website","url":"https:\/\/www.justretail.news\/latam\/","name":"Just Retail Latam","description":"","publisher":{"@id":"https:\/\/www.justretail.news\/latam\/#organization"},"potentialAction":[{"@type":"SearchAction","target":{"@type":"EntryPoint","urlTemplate":"https:\/\/www.justretail.news\/latam\/?s={search_term_string}"},"query-input":{"@type":"PropertyValueSpecification","valueRequired":true,"valueName":"search_term_string"}}],"inLanguage":"es"},{"@type":"Organization","@id":"https:\/\/www.justretail.news\/latam\/#organization","name":"Just Retail Latam","url":"https:\/\/www.justretail.news\/latam\/","logo":{"@type":"ImageObject","inLanguage":"es","@id":"https:\/\/www.justretail.news\/latam\/#\/schema\/logo\/image\/","url":"https:\/\/www.justretail.news\/latam\/wp-content\/uploads\/2024\/05\/just-retail-logo-NEGRO-trans-latam-272x90_nuevo.png","contentUrl":"https:\/\/www.justretail.news\/latam\/wp-content\/uploads\/2024\/05\/just-retail-logo-NEGRO-trans-latam-272x90_nuevo.png","width":272,"height":90,"caption":"Just Retail Latam"},"image":{"@id":"https:\/\/www.justretail.news\/latam\/#\/schema\/logo\/image\/"}},{"@type":"Person","@id":"https:\/\/www.justretail.news\/latam\/#\/schema\/person\/c2656ce0a4e1c3a0cb63204b17bce2d2","name":"redaccion","image":{"@type":"ImageObject","inLanguage":"es","@id":"https:\/\/secure.gravatar.com\/avatar\/0af76fe7cdb55b1d9835c5dcb644cd298ff04e340eef9d71898a0f0a1ea867d0?s=96&d=mm&r=g","url":"https:\/\/secure.gravatar.com\/avatar\/0af76fe7cdb55b1d9835c5dcb644cd298ff04e340eef9d71898a0f0a1ea867d0?s=96&d=mm&r=g","contentUrl":"https:\/\/secure.gravatar.com\/avatar\/0af76fe7cdb55b1d9835c5dcb644cd298ff04e340eef9d71898a0f0a1ea867d0?s=96&d=mm&r=g","caption":"redaccion"},"url":"https:\/\/www.justretail.news\/latam\/noticias\/author\/redaccion\/"}]}},"jetpack_featured_media_url":"https:\/\/www.justretail.news\/latam\/wp-content\/uploads\/2025\/03\/Imagen-de-WhatsApp-2024-03-15-a-las-14.04.20_85cd48b0.jpg","jetpack_sharing_enabled":true,"_links":{"self":[{"href":"https:\/\/www.justretail.news\/latam\/wp-json\/wp\/v2\/posts\/3222","targetHints":{"allow":["GET"]}}],"collection":[{"href":"https:\/\/www.justretail.news\/latam\/wp-json\/wp\/v2\/posts"}],"about":[{"href":"https:\/\/www.justretail.news\/latam\/wp-json\/wp\/v2\/types\/post"}],"author":[{"embeddable":true,"href":"https:\/\/www.justretail.news\/latam\/wp-json\/wp\/v2\/users\/3"}],"replies":[{"embeddable":true,"href":"https:\/\/www.justretail.news\/latam\/wp-json\/wp\/v2\/comments?post=3222"}],"version-history":[{"count":2,"href":"https:\/\/www.justretail.news\/latam\/wp-json\/wp\/v2\/posts\/3222\/revisions"}],"predecessor-version":[{"id":3227,"href":"https:\/\/www.justretail.news\/latam\/wp-json\/wp\/v2\/posts\/3222\/revisions\/3227"}],"wp:featuredmedia":[{"embeddable":true,"href":"https:\/\/www.justretail.news\/latam\/wp-json\/wp\/v2\/media\/3224"}],"wp:attachment":[{"href":"https:\/\/www.justretail.news\/latam\/wp-json\/wp\/v2\/media?parent=3222"}],"wp:term":[{"taxonomy":"category","embeddable":true,"href":"https:\/\/www.justretail.news\/latam\/wp-json\/wp\/v2\/categories?post=3222"},{"taxonomy":"post_tag","embeddable":true,"href":"https:\/\/www.justretail.news\/latam\/wp-json\/wp\/v2\/tags?post=3222"}],"curies":[{"name":"wp","href":"https:\/\/api.w.org\/{rel}","templated":true}]}}