{"id":3509,"date":"2025-04-21T00:35:21","date_gmt":"2025-04-20T22:35:21","guid":{"rendered":"https:\/\/www.justretail.news\/latam\/?p=3509"},"modified":"2025-11-08T23:50:39","modified_gmt":"2025-11-08T22:50:39","slug":"the-extreme-collection-impulsa-su-crecimiento-en-latinoamerica","status":"publish","type":"post","link":"https:\/\/www.justretail.news\/latam\/noticias\/the-extreme-collection-impulsa-su-crecimiento-en-latinoamerica\/","title":{"rendered":"The Extreme Collection impulsa su crecimiento en Latinoam\u00e9rica"},"content":{"rendered":"\n<h2 class=\"wp-block-heading\">Refuerzo industrial y expansi\u00f3n internacional<\/h2>\n\n\n\n<p>La firma madrile\u00f1a de moda femenina, The Extreme Collection, ha fortalecido su estructura industrial con la apertura de un nuevo centro de planchado en Espa\u00f1a. Esta decisi\u00f3n responde a la dificultad de encontrar proveedores confiables, seg\u00fan explic\u00f3 Jorge Garc\u00eda, cofundador y consejero delegado de la compa\u00f1\u00eda. Con esta incorporaci\u00f3n, la empresa suma cuatro instalaciones productivas, incluyendo tres plantas en Madrid y Toledo, adem\u00e1s de un centro log\u00edstico en Sonseca.<\/p>\n\n\n\n<figure class=\"wp-block-image size-full\"><img loading=\"lazy\" decoding=\"async\" width=\"900\" height=\"600\" src=\"https:\/\/www.justretail.news\/latam\/wp-content\/uploads\/2025\/04\/The-Extreme-Collection_-Revolucion-textil-en-Latinoamerica.jpg\" alt=\"Extreme Collection\" class=\"wp-image-3511\" srcset=\"https:\/\/www.justretail.news\/latam\/wp-content\/uploads\/2025\/04\/The-Extreme-Collection_-Revolucion-textil-en-Latinoamerica.jpg 900w, https:\/\/www.justretail.news\/latam\/wp-content\/uploads\/2025\/04\/The-Extreme-Collection_-Revolucion-textil-en-Latinoamerica-300x200.jpg 300w, https:\/\/www.justretail.news\/latam\/wp-content\/uploads\/2025\/04\/The-Extreme-Collection_-Revolucion-textil-en-Latinoamerica-768x512.jpg 768w, https:\/\/www.justretail.news\/latam\/wp-content\/uploads\/2025\/04\/The-Extreme-Collection_-Revolucion-textil-en-Latinoamerica-630x420.jpg 630w, https:\/\/www.justretail.news\/latam\/wp-content\/uploads\/2025\/04\/The-Extreme-Collection_-Revolucion-textil-en-Latinoamerica-150x100.jpg 150w, https:\/\/www.justretail.news\/latam\/wp-content\/uploads\/2025\/04\/The-Extreme-Collection_-Revolucion-textil-en-Latinoamerica-696x464.jpg 696w\" sizes=\"auto, (max-width: 900px) 100vw, 900px\" \/><\/figure>\n\n\n\n<h2 class=\"wp-block-heading\">Estrategia de internacionalizaci\u00f3n<\/h2>\n\n\n\n<p>En 2024, The Extreme Collection logr\u00f3 que el <strong>40% de sus ventas provinieran del extranjero, <\/strong>destacando Italia y China como mercados clave, cada uno representando el 5% de la facturaci\u00f3n total. En China, la empresa opera mediante un socio que gestiona un centro log\u00edstico para distribuir sus productos en el pa\u00eds.<\/p>\n\n\n\n<p><strong>La compa\u00f1\u00eda tiene previsto abrir un corner de 30 metros cuadrados en un concept store en Panam\u00e1<\/strong>, marcando su entrada en el <strong>mercado centroamericano.<\/strong> Adem\u00e1s, est\u00e1 desarrollando estrategias digitales espec\u00edficas para mercados como Francia, Italia y Reino Unido, con el objetivo de impulsar su presencia en l\u00ednea mediante campa\u00f1as de marketing e influencers locales.<\/p>\n\n\n<div class=\"wp-block-image\">\n<figure class=\"aligncenter size-full\"><img loading=\"lazy\" decoding=\"async\" width=\"728\" height=\"350\" src=\"https:\/\/www.justretail.news\/latam\/wp-content\/uploads\/2025\/04\/the-extreme-collection-728.jpg\" alt=\"Extreme Collection\" class=\"wp-image-3512\" srcset=\"https:\/\/www.justretail.news\/latam\/wp-content\/uploads\/2025\/04\/the-extreme-collection-728.jpg 728w, https:\/\/www.justretail.news\/latam\/wp-content\/uploads\/2025\/04\/the-extreme-collection-728-300x144.jpg 300w, https:\/\/www.justretail.news\/latam\/wp-content\/uploads\/2025\/04\/the-extreme-collection-728-150x72.jpg 150w, https:\/\/www.justretail.news\/latam\/wp-content\/uploads\/2025\/04\/the-extreme-collection-728-696x335.jpg 696w\" sizes=\"auto, (max-width: 728px) 100vw, 728px\" \/><\/figure>\n<\/div>\n\n\n<h2 class=\"wp-block-heading\">Modelo de negocio y producci\u00f3n<\/h2>\n\n\n\n<p><a href=\"https:\/\/theextremecollectionusa.com\/?srsltid=AfmBOoqGgKHii3cZaeOBXVaIWvDIgu1ew4PTBpjffAgGWG49WZp4IEzY\">The Extreme Collection<\/a> mantiene tres tiendas f\u00edsicas en Madrid y no planea expandir su presencia retail. <strong>Su modelo de negocio se basa en el comercio electr\u00f3nico y el canal wholesale, que representan el 30% y 40% de sus ventas, respectivamente<\/strong>. La empresa comercializa aproximadamente 30,000 prendas al a\u00f1o, con un ticket medio de 300 euros.<\/p>\n\n\n\n<p>Fundada en 1990 por Jorge y Mariano Garc\u00eda Magari\u00f1os, la marca se especializa en chaquetas para mujer, aunque ocasionalmente ha lanzado colecciones masculinas. En 2022, colabor\u00f3 con la dise\u00f1adora colombiana Johanna Ortiz y la modelo Nieves \u00c1lvarez para desarrollar nuevas l\u00edneas de productos.<\/p>\n\n\n\n<p><\/p>\n","protected":false},"excerpt":{"rendered":"<p>Refuerzo industrial y expansi\u00f3n internacional La firma madrile\u00f1a de moda femenina, The Extreme Collection, ha fortalecido su estructura industrial con la apertura de un nuevo centro de planchado en Espa\u00f1a. Esta decisi\u00f3n responde a la dificultad de encontrar proveedores confiables, seg\u00fan explic\u00f3 Jorge Garc\u00eda, cofundador y consejero delegado de la compa\u00f1\u00eda. Con esta incorporaci\u00f3n, la [&hellip;]<\/p>\n","protected":false},"author":3,"featured_media":3513,"comment_status":"closed","ping_status":"open","sticky":false,"template":"","format":"standard","meta":{"_jetpack_memberships_contains_paid_content":false,"footnotes":""},"categories":[38],"tags":[65,412,569,52,794,795],"class_list":{"0":"post-3509","1":"post","2":"type-post","3":"status-publish","4":"format-standard","5":"has-post-thumbnail","7":"category-ocio-fb","8":"tag-expansion","9":"tag-latinoamerica","10":"tag-panama","11":"tag-retail","12":"tag-the-extreme-collection","13":"tag-wholesale"},"yoast_head":"<!-- This site is optimized with the Yoast SEO plugin v27.4 - https:\/\/yoast.com\/product\/yoast-seo-wordpress\/ -->\n<title>The Extreme Collection impulsa su crecimiento en Latinoam\u00e9rica - Just Retail Latam<\/title>\n<meta name=\"description\" content=\"The Extreme Collection fortalece su estructura industrial en Espa\u00f1a y acelera su expansi\u00f3n internacional, destacando su entrada en Panam\u00e1.\" \/>\n<meta name=\"robots\" content=\"index, follow, max-snippet:-1, max-image-preview:large, max-video-preview:-1\" \/>\n<link rel=\"canonical\" href=\"https:\/\/www.justretail.news\/latam\/noticias\/the-extreme-collection-impulsa-su-crecimiento-en-latinoamerica\/\" \/>\n<meta property=\"og:locale\" content=\"es_ES\" \/>\n<meta property=\"og:type\" content=\"article\" \/>\n<meta property=\"og:title\" content=\"The Extreme Collection impulsa su crecimiento en Latinoam\u00e9rica - Just Retail Latam\" \/>\n<meta property=\"og:description\" content=\"The Extreme Collection fortalece su estructura industrial en Espa\u00f1a y acelera su expansi\u00f3n internacional, destacando su entrada en Panam\u00e1.\" \/>\n<meta property=\"og:url\" content=\"https:\/\/www.justretail.news\/latam\/noticias\/the-extreme-collection-impulsa-su-crecimiento-en-latinoamerica\/\" \/>\n<meta property=\"og:site_name\" content=\"Just Retail Latam\" \/>\n<meta property=\"article:published_time\" content=\"2025-04-20T22:35:21+00:00\" \/>\n<meta property=\"article:modified_time\" content=\"2025-11-08T22:50:39+00:00\" \/>\n<meta property=\"og:image\" content=\"https:\/\/www.justretail.news\/latam\/wp-content\/uploads\/2025\/04\/98.jpg.webp\" \/>\n\t<meta property=\"og:image:width\" content=\"1900\" \/>\n\t<meta property=\"og:image:height\" content=\"1069\" \/>\n\t<meta property=\"og:image:type\" content=\"image\/webp\" \/>\n<meta name=\"author\" content=\"redaccion\" \/>\n<meta name=\"twitter:card\" content=\"summary_large_image\" \/>\n<meta name=\"twitter:label1\" content=\"Escrito por\" \/>\n\t<meta name=\"twitter:data1\" content=\"redaccion\" \/>\n\t<meta name=\"twitter:label2\" content=\"Tiempo de lectura\" \/>\n\t<meta name=\"twitter:data2\" content=\"2 minutos\" \/>\n<script type=\"application\/ld+json\" class=\"yoast-schema-graph\">{\"@context\":\"https:\\\/\\\/schema.org\",\"@graph\":[{\"@type\":\"Article\",\"@id\":\"https:\\\/\\\/www.justretail.news\\\/latam\\\/noticias\\\/the-extreme-collection-impulsa-su-crecimiento-en-latinoamerica\\\/#article\",\"isPartOf\":{\"@id\":\"https:\\\/\\\/www.justretail.news\\\/latam\\\/noticias\\\/the-extreme-collection-impulsa-su-crecimiento-en-latinoamerica\\\/\"},\"author\":{\"name\":\"redaccion\",\"@id\":\"https:\\\/\\\/www.justretail.news\\\/latam\\\/#\\\/schema\\\/person\\\/c2656ce0a4e1c3a0cb63204b17bce2d2\"},\"headline\":\"The Extreme Collection impulsa su crecimiento en Latinoam\u00e9rica\",\"datePublished\":\"2025-04-20T22:35:21+00:00\",\"dateModified\":\"2025-11-08T22:50:39+00:00\",\"mainEntityOfPage\":{\"@id\":\"https:\\\/\\\/www.justretail.news\\\/latam\\\/noticias\\\/the-extreme-collection-impulsa-su-crecimiento-en-latinoamerica\\\/\"},\"wordCount\":311,\"publisher\":{\"@id\":\"https:\\\/\\\/www.justretail.news\\\/latam\\\/#organization\"},\"image\":{\"@id\":\"https:\\\/\\\/www.justretail.news\\\/latam\\\/noticias\\\/the-extreme-collection-impulsa-su-crecimiento-en-latinoamerica\\\/#primaryimage\"},\"thumbnailUrl\":\"https:\\\/\\\/www.justretail.news\\\/latam\\\/wp-content\\\/uploads\\\/2025\\\/04\\\/98.jpg.webp\",\"keywords\":[\"expansi\u00f3n\",\"Latinoam\u00e9rica\",\"Panam\u00e1\",\"retail\",\"The Extreme Collection\",\"Wholesale\"],\"articleSection\":[\"Ocio &amp; F&amp;B\"],\"inLanguage\":\"es\"},{\"@type\":\"WebPage\",\"@id\":\"https:\\\/\\\/www.justretail.news\\\/latam\\\/noticias\\\/the-extreme-collection-impulsa-su-crecimiento-en-latinoamerica\\\/\",\"url\":\"https:\\\/\\\/www.justretail.news\\\/latam\\\/noticias\\\/the-extreme-collection-impulsa-su-crecimiento-en-latinoamerica\\\/\",\"name\":\"The Extreme Collection impulsa su crecimiento en Latinoam\u00e9rica - Just Retail Latam\",\"isPartOf\":{\"@id\":\"https:\\\/\\\/www.justretail.news\\\/latam\\\/#website\"},\"primaryImageOfPage\":{\"@id\":\"https:\\\/\\\/www.justretail.news\\\/latam\\\/noticias\\\/the-extreme-collection-impulsa-su-crecimiento-en-latinoamerica\\\/#primaryimage\"},\"image\":{\"@id\":\"https:\\\/\\\/www.justretail.news\\\/latam\\\/noticias\\\/the-extreme-collection-impulsa-su-crecimiento-en-latinoamerica\\\/#primaryimage\"},\"thumbnailUrl\":\"https:\\\/\\\/www.justretail.news\\\/latam\\\/wp-content\\\/uploads\\\/2025\\\/04\\\/98.jpg.webp\",\"datePublished\":\"2025-04-20T22:35:21+00:00\",\"dateModified\":\"2025-11-08T22:50:39+00:00\",\"description\":\"The Extreme Collection fortalece su estructura industrial en Espa\u00f1a y acelera su expansi\u00f3n internacional, destacando su entrada en Panam\u00e1.\",\"breadcrumb\":{\"@id\":\"https:\\\/\\\/www.justretail.news\\\/latam\\\/noticias\\\/the-extreme-collection-impulsa-su-crecimiento-en-latinoamerica\\\/#breadcrumb\"},\"inLanguage\":\"es\",\"potentialAction\":[{\"@type\":\"ReadAction\",\"target\":[\"https:\\\/\\\/www.justretail.news\\\/latam\\\/noticias\\\/the-extreme-collection-impulsa-su-crecimiento-en-latinoamerica\\\/\"]}]},{\"@type\":\"ImageObject\",\"inLanguage\":\"es\",\"@id\":\"https:\\\/\\\/www.justretail.news\\\/latam\\\/noticias\\\/the-extreme-collection-impulsa-su-crecimiento-en-latinoamerica\\\/#primaryimage\",\"url\":\"https:\\\/\\\/www.justretail.news\\\/latam\\\/wp-content\\\/uploads\\\/2025\\\/04\\\/98.jpg.webp\",\"contentUrl\":\"https:\\\/\\\/www.justretail.news\\\/latam\\\/wp-content\\\/uploads\\\/2025\\\/04\\\/98.jpg.webp\",\"width\":1900,\"height\":1069,\"caption\":\"Extreme Collection\"},{\"@type\":\"BreadcrumbList\",\"@id\":\"https:\\\/\\\/www.justretail.news\\\/latam\\\/noticias\\\/the-extreme-collection-impulsa-su-crecimiento-en-latinoamerica\\\/#breadcrumb\",\"itemListElement\":[{\"@type\":\"ListItem\",\"position\":1,\"name\":\"Portada\",\"item\":\"https:\\\/\\\/www.justretail.news\\\/latam\\\/\"},{\"@type\":\"ListItem\",\"position\":2,\"name\":\"The Extreme Collection impulsa su crecimiento en Latinoam\u00e9rica\"}]},{\"@type\":\"WebSite\",\"@id\":\"https:\\\/\\\/www.justretail.news\\\/latam\\\/#website\",\"url\":\"https:\\\/\\\/www.justretail.news\\\/latam\\\/\",\"name\":\"Just Retail Latam\",\"description\":\"\",\"publisher\":{\"@id\":\"https:\\\/\\\/www.justretail.news\\\/latam\\\/#organization\"},\"potentialAction\":[{\"@type\":\"SearchAction\",\"target\":{\"@type\":\"EntryPoint\",\"urlTemplate\":\"https:\\\/\\\/www.justretail.news\\\/latam\\\/?s={search_term_string}\"},\"query-input\":{\"@type\":\"PropertyValueSpecification\",\"valueRequired\":true,\"valueName\":\"search_term_string\"}}],\"inLanguage\":\"es\"},{\"@type\":\"Organization\",\"@id\":\"https:\\\/\\\/www.justretail.news\\\/latam\\\/#organization\",\"name\":\"Just Retail Latam\",\"url\":\"https:\\\/\\\/www.justretail.news\\\/latam\\\/\",\"logo\":{\"@type\":\"ImageObject\",\"inLanguage\":\"es\",\"@id\":\"https:\\\/\\\/www.justretail.news\\\/latam\\\/#\\\/schema\\\/logo\\\/image\\\/\",\"url\":\"https:\\\/\\\/www.justretail.news\\\/latam\\\/wp-content\\\/uploads\\\/2024\\\/05\\\/just-retail-logo-NEGRO-trans-latam-272x90_nuevo.png\",\"contentUrl\":\"https:\\\/\\\/www.justretail.news\\\/latam\\\/wp-content\\\/uploads\\\/2024\\\/05\\\/just-retail-logo-NEGRO-trans-latam-272x90_nuevo.png\",\"width\":272,\"height\":90,\"caption\":\"Just Retail Latam\"},\"image\":{\"@id\":\"https:\\\/\\\/www.justretail.news\\\/latam\\\/#\\\/schema\\\/logo\\\/image\\\/\"}},{\"@type\":\"Person\",\"@id\":\"https:\\\/\\\/www.justretail.news\\\/latam\\\/#\\\/schema\\\/person\\\/c2656ce0a4e1c3a0cb63204b17bce2d2\",\"name\":\"redaccion\",\"image\":{\"@type\":\"ImageObject\",\"inLanguage\":\"es\",\"@id\":\"https:\\\/\\\/secure.gravatar.com\\\/avatar\\\/0af76fe7cdb55b1d9835c5dcb644cd298ff04e340eef9d71898a0f0a1ea867d0?s=96&d=mm&r=g\",\"url\":\"https:\\\/\\\/secure.gravatar.com\\\/avatar\\\/0af76fe7cdb55b1d9835c5dcb644cd298ff04e340eef9d71898a0f0a1ea867d0?s=96&d=mm&r=g\",\"contentUrl\":\"https:\\\/\\\/secure.gravatar.com\\\/avatar\\\/0af76fe7cdb55b1d9835c5dcb644cd298ff04e340eef9d71898a0f0a1ea867d0?s=96&d=mm&r=g\",\"caption\":\"redaccion\"},\"url\":\"https:\\\/\\\/www.justretail.news\\\/latam\\\/noticias\\\/author\\\/redaccion\\\/\"}]}<\/script>\n<!-- \/ Yoast SEO plugin. -->","yoast_head_json":{"title":"The Extreme Collection impulsa su crecimiento en Latinoam\u00e9rica - Just Retail Latam","description":"The Extreme Collection fortalece su estructura industrial en Espa\u00f1a y acelera su expansi\u00f3n internacional, destacando su entrada en Panam\u00e1.","robots":{"index":"index","follow":"follow","max-snippet":"max-snippet:-1","max-image-preview":"max-image-preview:large","max-video-preview":"max-video-preview:-1"},"canonical":"https:\/\/www.justretail.news\/latam\/noticias\/the-extreme-collection-impulsa-su-crecimiento-en-latinoamerica\/","og_locale":"es_ES","og_type":"article","og_title":"The Extreme Collection impulsa su crecimiento en Latinoam\u00e9rica - Just Retail Latam","og_description":"The Extreme Collection fortalece su estructura industrial en Espa\u00f1a y acelera su expansi\u00f3n internacional, destacando su entrada en Panam\u00e1.","og_url":"https:\/\/www.justretail.news\/latam\/noticias\/the-extreme-collection-impulsa-su-crecimiento-en-latinoamerica\/","og_site_name":"Just Retail Latam","article_published_time":"2025-04-20T22:35:21+00:00","article_modified_time":"2025-11-08T22:50:39+00:00","og_image":[{"width":1900,"height":1069,"url":"https:\/\/www.justretail.news\/latam\/wp-content\/uploads\/2025\/04\/98.jpg.webp","type":"image\/webp"}],"author":"redaccion","twitter_card":"summary_large_image","twitter_misc":{"Escrito por":"redaccion","Tiempo de lectura":"2 minutos"},"schema":{"@context":"https:\/\/schema.org","@graph":[{"@type":"Article","@id":"https:\/\/www.justretail.news\/latam\/noticias\/the-extreme-collection-impulsa-su-crecimiento-en-latinoamerica\/#article","isPartOf":{"@id":"https:\/\/www.justretail.news\/latam\/noticias\/the-extreme-collection-impulsa-su-crecimiento-en-latinoamerica\/"},"author":{"name":"redaccion","@id":"https:\/\/www.justretail.news\/latam\/#\/schema\/person\/c2656ce0a4e1c3a0cb63204b17bce2d2"},"headline":"The Extreme Collection impulsa su crecimiento en Latinoam\u00e9rica","datePublished":"2025-04-20T22:35:21+00:00","dateModified":"2025-11-08T22:50:39+00:00","mainEntityOfPage":{"@id":"https:\/\/www.justretail.news\/latam\/noticias\/the-extreme-collection-impulsa-su-crecimiento-en-latinoamerica\/"},"wordCount":311,"publisher":{"@id":"https:\/\/www.justretail.news\/latam\/#organization"},"image":{"@id":"https:\/\/www.justretail.news\/latam\/noticias\/the-extreme-collection-impulsa-su-crecimiento-en-latinoamerica\/#primaryimage"},"thumbnailUrl":"https:\/\/www.justretail.news\/latam\/wp-content\/uploads\/2025\/04\/98.jpg.webp","keywords":["expansi\u00f3n","Latinoam\u00e9rica","Panam\u00e1","retail","The Extreme Collection","Wholesale"],"articleSection":["Ocio &amp; F&amp;B"],"inLanguage":"es"},{"@type":"WebPage","@id":"https:\/\/www.justretail.news\/latam\/noticias\/the-extreme-collection-impulsa-su-crecimiento-en-latinoamerica\/","url":"https:\/\/www.justretail.news\/latam\/noticias\/the-extreme-collection-impulsa-su-crecimiento-en-latinoamerica\/","name":"The Extreme Collection impulsa su crecimiento en Latinoam\u00e9rica - Just Retail Latam","isPartOf":{"@id":"https:\/\/www.justretail.news\/latam\/#website"},"primaryImageOfPage":{"@id":"https:\/\/www.justretail.news\/latam\/noticias\/the-extreme-collection-impulsa-su-crecimiento-en-latinoamerica\/#primaryimage"},"image":{"@id":"https:\/\/www.justretail.news\/latam\/noticias\/the-extreme-collection-impulsa-su-crecimiento-en-latinoamerica\/#primaryimage"},"thumbnailUrl":"https:\/\/www.justretail.news\/latam\/wp-content\/uploads\/2025\/04\/98.jpg.webp","datePublished":"2025-04-20T22:35:21+00:00","dateModified":"2025-11-08T22:50:39+00:00","description":"The Extreme Collection fortalece su estructura industrial en Espa\u00f1a y acelera su expansi\u00f3n internacional, destacando su entrada en Panam\u00e1.","breadcrumb":{"@id":"https:\/\/www.justretail.news\/latam\/noticias\/the-extreme-collection-impulsa-su-crecimiento-en-latinoamerica\/#breadcrumb"},"inLanguage":"es","potentialAction":[{"@type":"ReadAction","target":["https:\/\/www.justretail.news\/latam\/noticias\/the-extreme-collection-impulsa-su-crecimiento-en-latinoamerica\/"]}]},{"@type":"ImageObject","inLanguage":"es","@id":"https:\/\/www.justretail.news\/latam\/noticias\/the-extreme-collection-impulsa-su-crecimiento-en-latinoamerica\/#primaryimage","url":"https:\/\/www.justretail.news\/latam\/wp-content\/uploads\/2025\/04\/98.jpg.webp","contentUrl":"https:\/\/www.justretail.news\/latam\/wp-content\/uploads\/2025\/04\/98.jpg.webp","width":1900,"height":1069,"caption":"Extreme Collection"},{"@type":"BreadcrumbList","@id":"https:\/\/www.justretail.news\/latam\/noticias\/the-extreme-collection-impulsa-su-crecimiento-en-latinoamerica\/#breadcrumb","itemListElement":[{"@type":"ListItem","position":1,"name":"Portada","item":"https:\/\/www.justretail.news\/latam\/"},{"@type":"ListItem","position":2,"name":"The Extreme Collection impulsa su crecimiento en Latinoam\u00e9rica"}]},{"@type":"WebSite","@id":"https:\/\/www.justretail.news\/latam\/#website","url":"https:\/\/www.justretail.news\/latam\/","name":"Just Retail Latam","description":"","publisher":{"@id":"https:\/\/www.justretail.news\/latam\/#organization"},"potentialAction":[{"@type":"SearchAction","target":{"@type":"EntryPoint","urlTemplate":"https:\/\/www.justretail.news\/latam\/?s={search_term_string}"},"query-input":{"@type":"PropertyValueSpecification","valueRequired":true,"valueName":"search_term_string"}}],"inLanguage":"es"},{"@type":"Organization","@id":"https:\/\/www.justretail.news\/latam\/#organization","name":"Just Retail Latam","url":"https:\/\/www.justretail.news\/latam\/","logo":{"@type":"ImageObject","inLanguage":"es","@id":"https:\/\/www.justretail.news\/latam\/#\/schema\/logo\/image\/","url":"https:\/\/www.justretail.news\/latam\/wp-content\/uploads\/2024\/05\/just-retail-logo-NEGRO-trans-latam-272x90_nuevo.png","contentUrl":"https:\/\/www.justretail.news\/latam\/wp-content\/uploads\/2024\/05\/just-retail-logo-NEGRO-trans-latam-272x90_nuevo.png","width":272,"height":90,"caption":"Just Retail Latam"},"image":{"@id":"https:\/\/www.justretail.news\/latam\/#\/schema\/logo\/image\/"}},{"@type":"Person","@id":"https:\/\/www.justretail.news\/latam\/#\/schema\/person\/c2656ce0a4e1c3a0cb63204b17bce2d2","name":"redaccion","image":{"@type":"ImageObject","inLanguage":"es","@id":"https:\/\/secure.gravatar.com\/avatar\/0af76fe7cdb55b1d9835c5dcb644cd298ff04e340eef9d71898a0f0a1ea867d0?s=96&d=mm&r=g","url":"https:\/\/secure.gravatar.com\/avatar\/0af76fe7cdb55b1d9835c5dcb644cd298ff04e340eef9d71898a0f0a1ea867d0?s=96&d=mm&r=g","contentUrl":"https:\/\/secure.gravatar.com\/avatar\/0af76fe7cdb55b1d9835c5dcb644cd298ff04e340eef9d71898a0f0a1ea867d0?s=96&d=mm&r=g","caption":"redaccion"},"url":"https:\/\/www.justretail.news\/latam\/noticias\/author\/redaccion\/"}]}},"jetpack_featured_media_url":"https:\/\/www.justretail.news\/latam\/wp-content\/uploads\/2025\/04\/98.jpg.webp","jetpack_sharing_enabled":true,"_links":{"self":[{"href":"https:\/\/www.justretail.news\/latam\/wp-json\/wp\/v2\/posts\/3509","targetHints":{"allow":["GET"]}}],"collection":[{"href":"https:\/\/www.justretail.news\/latam\/wp-json\/wp\/v2\/posts"}],"about":[{"href":"https:\/\/www.justretail.news\/latam\/wp-json\/wp\/v2\/types\/post"}],"author":[{"embeddable":true,"href":"https:\/\/www.justretail.news\/latam\/wp-json\/wp\/v2\/users\/3"}],"replies":[{"embeddable":true,"href":"https:\/\/www.justretail.news\/latam\/wp-json\/wp\/v2\/comments?post=3509"}],"version-history":[{"count":2,"href":"https:\/\/www.justretail.news\/latam\/wp-json\/wp\/v2\/posts\/3509\/revisions"}],"predecessor-version":[{"id":3514,"href":"https:\/\/www.justretail.news\/latam\/wp-json\/wp\/v2\/posts\/3509\/revisions\/3514"}],"wp:featuredmedia":[{"embeddable":true,"href":"https:\/\/www.justretail.news\/latam\/wp-json\/wp\/v2\/media\/3513"}],"wp:attachment":[{"href":"https:\/\/www.justretail.news\/latam\/wp-json\/wp\/v2\/media?parent=3509"}],"wp:term":[{"taxonomy":"category","embeddable":true,"href":"https:\/\/www.justretail.news\/latam\/wp-json\/wp\/v2\/categories?post=3509"},{"taxonomy":"post_tag","embeddable":true,"href":"https:\/\/www.justretail.news\/latam\/wp-json\/wp\/v2\/tags?post=3509"}],"curies":[{"name":"wp","href":"https:\/\/api.w.org\/{rel}","templated":true}]}}