{"id":3541,"date":"2025-05-01T20:34:12","date_gmt":"2025-05-01T18:34:12","guid":{"rendered":"https:\/\/www.justretail.news\/latam\/?p=3541"},"modified":"2025-11-08T23:50:39","modified_gmt":"2025-11-08T22:50:39","slug":"funo-reitera-su-compromiso-de-mantener-el-grado-de-inversion-ante-la-posible-rebaja-de-moodys","status":"publish","type":"post","link":"https:\/\/www.justretail.news\/latam\/noticias\/funo-reitera-su-compromiso-de-mantener-el-grado-de-inversion-ante-la-posible-rebaja-de-moodys\/","title":{"rendered":"FUNO reitera su compromiso de mantener el grado de inversi\u00f3n ante la posible rebaja de Moody&#8217;s"},"content":{"rendered":"\n<p><strong>Fibra Uno<\/strong><a href=\"https:\/\/elceo.com\/tag\/funo\/\" target=\"_blank\" rel=\"noreferrer noopener\"> <\/a>(FUNO), el mayor fideicomiso de inversi\u00f3n en bienes ra\u00edces de Am\u00e9rica Latina, present\u00f3 sus resultados financieros del primer trimestre de 2025, con un <strong>incremento del 11.4% en ingresos totales<\/strong>, en comparaci\u00f3n con el mismo periodo de 2024. Asimismo, reiter\u00f3 su compromiso de mantener su calificaci\u00f3n en grado de inversi\u00f3n, luego de que la agencia calificadora Moody\u2019s decidi\u00f3 colocar a revisi\u00f3n a la baja su calificaci\u00f3n.<\/p>\n\n\n\n<p>La empresa report\u00f3 <strong>ingresos por 7,604.8 millones de pesos<\/strong>, frente a los 6,823 registrados en el primer trimestre de 2024. Adem\u00e1s, el fideicomiso registr\u00f3, en el mismo periodo, un <strong>incremento del 10.9% en ingresos de propiedades constantes<\/strong>, lo que refuerza el car\u00e1cter defensivo de su portafolio.<\/p>\n\n\n\n<p>Entre los principales motores de dicho desempe\u00f1o destacan el <strong>segmento industrial<\/strong> con un crecimiento del <strong>16.4%<\/strong>; seguido por \u201c<strong>Otros<\/strong>\u201d donde obtuvo un <strong>incremento del 14.2%<\/strong>; mientras que <strong>oficinas<\/strong> y <strong>comercial<\/strong> registraron un alza del <strong>9.9<\/strong> y <strong>6.6%<\/strong>, respectivamente.<\/p>\n\n\n\n<p>El fideicomiso se\u00f1ala que estos resultados se producen gracias a renovaciones en espacios industriales, mayores rentas variables y una ocupaci\u00f3n estable.<\/p>\n\n\n\n<p>\u00abEl dinamismo del sector industrial y la <strong>recuperaci\u00f3n en los segmentos oficinas y comercial<\/strong> confirman nuestra estrategia. Seguimos apostando por el pa\u00eds con una visi\u00f3n a largo plazo\u00bb, se\u00f1al\u00f3 Gonzalo Robina, director general adjunto de FUNO, en conferencia de prensa.<\/p>\n\n\n\n<h2 class=\"wp-block-heading\">Conversaciones con Moody&#8217;s<\/h2>\n\n\n\n<p>La semana pasada Fibra Uno levant\u00f3 la confidencialidad para el lanzamiento de una emisi\u00f3n de un bono en el mercado local con el que buscar\u00e1n el refinanciamiento de una parte de los vencimientos a corto plazo.<\/p>\n\n\n\n<p>Adem\u00e1s, buscar\u00e1n conversaciones con el equipo de Moody\u2019s para exponerle sus planes para hacer frente a sus vencimientos. <strong>\u00abEstamos completamente comprometidos con nuestra calificaci\u00f3n de grado de inversi\u00f3n y tenemos las herramientas y las vamos a utilizar para asegurarnos que se mantenga esa calificaci\u00f3n,<\/strong> explic\u00f3 Jorge Pigeon, vicepresidente de Mercados de Capital y Relaci\u00f3n con Inversionistas de FUNO, durante la conferencia de prensa.<\/p>\n\n\n\n<p>El martes, Moody\u2019s anunci\u00f3 el cambio en tanto eval\u00faa la capacidad de la compa\u00f1\u00eda de desapalancarse y mejorar sus m\u00e9tricas crediticias generales, as\u00ed como sus planes de refinanciamiento de vencimientos a corto plazo.<\/p>\n\n\n\n<h2 class=\"wp-block-heading\">FUNO coloca bonos sostenibles por 800 mdd<\/h2>\n\n\n\n<p><strong>La ocupaci\u00f3n total del portafolio de FUNO se mantuvo s\u00f3lida con 95.4% al cierre del primer trimestre <\/strong>de este a\u00f1o; por ejemplo, el segmento industrial registr\u00f3 una ocupaci\u00f3n del 98.2% (pr\u00e1cticamente sin cambios frente al cuarto trimestre de 2024).<\/p>\n\n\n\n<p>As\u00ed mismo el Ingreso Operativo Neto (NOI) creci\u00f3 8.9% anual, alcanzando los 5,649 mdp.<\/p>\n\n\n\n<p>Mientras que la distribuci\u00f3n por Certificado Burs\u00e1til Fiduciario Inmobiliario (CBFI) fue de 0.5550 pesos, lo que representa el 88.6% del Fondo Ajustado de Operaciones (AFFO).<\/p>\n\n\n\n<p>Dichas cifras, refuerzan la posici\u00f3n financiera del fideicomiso, as\u00ed como su compromiso con los inversionistas, al mantener un flujo estable a pesar del entorno econ\u00f3mico global.<\/p>\n\n\n\n<p>Finalmente, <strong>entre los logos del trimestre destacan la colocaci\u00f3n de bonos sostenibles por 800 mdd en los mercados internacionales, eliminando vencimientos en d\u00f3lares hasta 2030.<\/strong> Adem\u00e1s, su centro log\u00edstico en el Estado de M\u00e9xico, se convirti\u00f3 en el primer proyecto industrial del mundo en obtener la certificaci\u00f3n LEED O+M V5 Beta en nivel Oro.<\/p>\n","protected":false},"excerpt":{"rendered":"<p>El martes, Moody\u2019s anunci\u00f3 el cambio en tanto eval\u00faa la capacidad de la compa\u00f1\u00eda de desapalancarse y mejorar sus m\u00e9tricas crediticias generales.<\/p>\n","protected":false},"author":1,"featured_media":3542,"comment_status":"closed","ping_status":"open","sticky":false,"template":"","format":"standard","meta":{"_jetpack_memberships_contains_paid_content":false,"footnotes":""},"categories":[744],"tags":[807,808,63],"class_list":{"0":"post-3541","1":"post","2":"type-post","3":"status-publish","4":"format-standard","5":"has-post-thumbnail","7":"category-empresas","8":"tag-funo","9":"tag-moodys","10":"tag-resultados"},"yoast_head":"<!-- This site is optimized with the Yoast SEO plugin v27.4 - https:\/\/yoast.com\/product\/yoast-seo-wordpress\/ -->\n<title>FUNO reitera su compromiso de mantener el grado de inversi\u00f3n ante la posible rebaja de Moody&#039;s - Just Retail Latam<\/title>\n<meta name=\"description\" content=\"Fibra Uno (FUNO) present\u00f3 sus resultados financieros del primer trimestre de 2025, con un incremento del 11.4% en ingresos totales.\" \/>\n<meta name=\"robots\" content=\"index, follow, max-snippet:-1, max-image-preview:large, max-video-preview:-1\" \/>\n<link rel=\"canonical\" href=\"https:\/\/www.justretail.news\/latam\/noticias\/funo-reitera-su-compromiso-de-mantener-el-grado-de-inversion-ante-la-posible-rebaja-de-moodys\/\" \/>\n<meta property=\"og:locale\" content=\"es_ES\" \/>\n<meta property=\"og:type\" content=\"article\" \/>\n<meta property=\"og:title\" content=\"FUNO reitera su compromiso de mantener el grado de inversi\u00f3n ante la posible rebaja de Moody&#039;s - Just Retail Latam\" \/>\n<meta property=\"og:description\" content=\"Fibra Uno (FUNO) present\u00f3 sus resultados financieros del primer trimestre de 2025, con un incremento del 11.4% en ingresos totales.\" \/>\n<meta property=\"og:url\" content=\"https:\/\/www.justretail.news\/latam\/noticias\/funo-reitera-su-compromiso-de-mantener-el-grado-de-inversion-ante-la-posible-rebaja-de-moodys\/\" \/>\n<meta property=\"og:site_name\" content=\"Just Retail Latam\" \/>\n<meta property=\"article:published_time\" content=\"2025-05-01T18:34:12+00:00\" \/>\n<meta property=\"article:modified_time\" content=\"2025-11-08T22:50:39+00:00\" \/>\n<meta property=\"og:image\" content=\"https:\/\/www.justretail.news\/latam\/wp-content\/uploads\/2025\/05\/Captura-de-pantalla-2025-05-04-a-las-20.48.07-1024x639.png\" \/>\n\t<meta property=\"og:image:width\" content=\"1024\" \/>\n\t<meta property=\"og:image:height\" content=\"639\" \/>\n\t<meta property=\"og:image:type\" content=\"image\/png\" \/>\n<meta name=\"author\" content=\"Redacci\u00f3n\" \/>\n<meta name=\"twitter:card\" content=\"summary_large_image\" \/>\n<meta name=\"twitter:label1\" content=\"Escrito por\" \/>\n\t<meta name=\"twitter:data1\" content=\"Redacci\u00f3n\" \/>\n\t<meta name=\"twitter:label2\" content=\"Tiempo de lectura\" \/>\n\t<meta name=\"twitter:data2\" content=\"3 minutos\" \/>\n<script type=\"application\/ld+json\" class=\"yoast-schema-graph\">{\"@context\":\"https:\\\/\\\/schema.org\",\"@graph\":[{\"@type\":\"Article\",\"@id\":\"https:\\\/\\\/www.justretail.news\\\/latam\\\/noticias\\\/funo-reitera-su-compromiso-de-mantener-el-grado-de-inversion-ante-la-posible-rebaja-de-moodys\\\/#article\",\"isPartOf\":{\"@id\":\"https:\\\/\\\/www.justretail.news\\\/latam\\\/noticias\\\/funo-reitera-su-compromiso-de-mantener-el-grado-de-inversion-ante-la-posible-rebaja-de-moodys\\\/\"},\"author\":{\"name\":\"Redacci\u00f3n\",\"@id\":\"https:\\\/\\\/www.justretail.news\\\/latam\\\/#\\\/schema\\\/person\\\/1543b9d803b2d5751fba2211e7785c5f\"},\"headline\":\"FUNO reitera su compromiso de mantener el grado de inversi\u00f3n ante la posible rebaja de Moody&#8217;s\",\"datePublished\":\"2025-05-01T18:34:12+00:00\",\"dateModified\":\"2025-11-08T22:50:39+00:00\",\"mainEntityOfPage\":{\"@id\":\"https:\\\/\\\/www.justretail.news\\\/latam\\\/noticias\\\/funo-reitera-su-compromiso-de-mantener-el-grado-de-inversion-ante-la-posible-rebaja-de-moodys\\\/\"},\"wordCount\":557,\"publisher\":{\"@id\":\"https:\\\/\\\/www.justretail.news\\\/latam\\\/#organization\"},\"image\":{\"@id\":\"https:\\\/\\\/www.justretail.news\\\/latam\\\/noticias\\\/funo-reitera-su-compromiso-de-mantener-el-grado-de-inversion-ante-la-posible-rebaja-de-moodys\\\/#primaryimage\"},\"thumbnailUrl\":\"https:\\\/\\\/www.justretail.news\\\/latam\\\/wp-content\\\/uploads\\\/2025\\\/05\\\/Captura-de-pantalla-2025-05-04-a-las-20.48.07.png\",\"keywords\":[\"FUNO\",\"Moody's\",\"resultados\"],\"articleSection\":[\"Empresas\"],\"inLanguage\":\"es\"},{\"@type\":\"WebPage\",\"@id\":\"https:\\\/\\\/www.justretail.news\\\/latam\\\/noticias\\\/funo-reitera-su-compromiso-de-mantener-el-grado-de-inversion-ante-la-posible-rebaja-de-moodys\\\/\",\"url\":\"https:\\\/\\\/www.justretail.news\\\/latam\\\/noticias\\\/funo-reitera-su-compromiso-de-mantener-el-grado-de-inversion-ante-la-posible-rebaja-de-moodys\\\/\",\"name\":\"FUNO reitera su compromiso de mantener el grado de inversi\u00f3n ante la posible rebaja de Moody's - Just Retail Latam\",\"isPartOf\":{\"@id\":\"https:\\\/\\\/www.justretail.news\\\/latam\\\/#website\"},\"primaryImageOfPage\":{\"@id\":\"https:\\\/\\\/www.justretail.news\\\/latam\\\/noticias\\\/funo-reitera-su-compromiso-de-mantener-el-grado-de-inversion-ante-la-posible-rebaja-de-moodys\\\/#primaryimage\"},\"image\":{\"@id\":\"https:\\\/\\\/www.justretail.news\\\/latam\\\/noticias\\\/funo-reitera-su-compromiso-de-mantener-el-grado-de-inversion-ante-la-posible-rebaja-de-moodys\\\/#primaryimage\"},\"thumbnailUrl\":\"https:\\\/\\\/www.justretail.news\\\/latam\\\/wp-content\\\/uploads\\\/2025\\\/05\\\/Captura-de-pantalla-2025-05-04-a-las-20.48.07.png\",\"datePublished\":\"2025-05-01T18:34:12+00:00\",\"dateModified\":\"2025-11-08T22:50:39+00:00\",\"description\":\"Fibra Uno (FUNO) present\u00f3 sus resultados financieros del primer trimestre de 2025, con un incremento del 11.4% en ingresos totales.\",\"breadcrumb\":{\"@id\":\"https:\\\/\\\/www.justretail.news\\\/latam\\\/noticias\\\/funo-reitera-su-compromiso-de-mantener-el-grado-de-inversion-ante-la-posible-rebaja-de-moodys\\\/#breadcrumb\"},\"inLanguage\":\"es\",\"potentialAction\":[{\"@type\":\"ReadAction\",\"target\":[\"https:\\\/\\\/www.justretail.news\\\/latam\\\/noticias\\\/funo-reitera-su-compromiso-de-mantener-el-grado-de-inversion-ante-la-posible-rebaja-de-moodys\\\/\"]}]},{\"@type\":\"ImageObject\",\"inLanguage\":\"es\",\"@id\":\"https:\\\/\\\/www.justretail.news\\\/latam\\\/noticias\\\/funo-reitera-su-compromiso-de-mantener-el-grado-de-inversion-ante-la-posible-rebaja-de-moodys\\\/#primaryimage\",\"url\":\"https:\\\/\\\/www.justretail.news\\\/latam\\\/wp-content\\\/uploads\\\/2025\\\/05\\\/Captura-de-pantalla-2025-05-04-a-las-20.48.07.png\",\"contentUrl\":\"https:\\\/\\\/www.justretail.news\\\/latam\\\/wp-content\\\/uploads\\\/2025\\\/05\\\/Captura-de-pantalla-2025-05-04-a-las-20.48.07.png\",\"width\":2060,\"height\":1286,\"caption\":\"Plaza Central - FUNO\"},{\"@type\":\"BreadcrumbList\",\"@id\":\"https:\\\/\\\/www.justretail.news\\\/latam\\\/noticias\\\/funo-reitera-su-compromiso-de-mantener-el-grado-de-inversion-ante-la-posible-rebaja-de-moodys\\\/#breadcrumb\",\"itemListElement\":[{\"@type\":\"ListItem\",\"position\":1,\"name\":\"Portada\",\"item\":\"https:\\\/\\\/www.justretail.news\\\/latam\\\/\"},{\"@type\":\"ListItem\",\"position\":2,\"name\":\"FUNO reitera su compromiso de mantener el grado de inversi\u00f3n ante la posible rebaja de Moody&#8217;s\"}]},{\"@type\":\"WebSite\",\"@id\":\"https:\\\/\\\/www.justretail.news\\\/latam\\\/#website\",\"url\":\"https:\\\/\\\/www.justretail.news\\\/latam\\\/\",\"name\":\"Just Retail Latam\",\"description\":\"\",\"publisher\":{\"@id\":\"https:\\\/\\\/www.justretail.news\\\/latam\\\/#organization\"},\"potentialAction\":[{\"@type\":\"SearchAction\",\"target\":{\"@type\":\"EntryPoint\",\"urlTemplate\":\"https:\\\/\\\/www.justretail.news\\\/latam\\\/?s={search_term_string}\"},\"query-input\":{\"@type\":\"PropertyValueSpecification\",\"valueRequired\":true,\"valueName\":\"search_term_string\"}}],\"inLanguage\":\"es\"},{\"@type\":\"Organization\",\"@id\":\"https:\\\/\\\/www.justretail.news\\\/latam\\\/#organization\",\"name\":\"Just Retail Latam\",\"url\":\"https:\\\/\\\/www.justretail.news\\\/latam\\\/\",\"logo\":{\"@type\":\"ImageObject\",\"inLanguage\":\"es\",\"@id\":\"https:\\\/\\\/www.justretail.news\\\/latam\\\/#\\\/schema\\\/logo\\\/image\\\/\",\"url\":\"https:\\\/\\\/www.justretail.news\\\/latam\\\/wp-content\\\/uploads\\\/2024\\\/05\\\/just-retail-logo-NEGRO-trans-latam-272x90_nuevo.png\",\"contentUrl\":\"https:\\\/\\\/www.justretail.news\\\/latam\\\/wp-content\\\/uploads\\\/2024\\\/05\\\/just-retail-logo-NEGRO-trans-latam-272x90_nuevo.png\",\"width\":272,\"height\":90,\"caption\":\"Just Retail Latam\"},\"image\":{\"@id\":\"https:\\\/\\\/www.justretail.news\\\/latam\\\/#\\\/schema\\\/logo\\\/image\\\/\"}},{\"@type\":\"Person\",\"@id\":\"https:\\\/\\\/www.justretail.news\\\/latam\\\/#\\\/schema\\\/person\\\/1543b9d803b2d5751fba2211e7785c5f\",\"name\":\"Redacci\u00f3n\",\"image\":{\"@type\":\"ImageObject\",\"inLanguage\":\"es\",\"@id\":\"https:\\\/\\\/secure.gravatar.com\\\/avatar\\\/728f66d366b9809efe89ec232bef06263abc057cefaba166bbd45a167e648b3c?s=96&d=mm&r=g\",\"url\":\"https:\\\/\\\/secure.gravatar.com\\\/avatar\\\/728f66d366b9809efe89ec232bef06263abc057cefaba166bbd45a167e648b3c?s=96&d=mm&r=g\",\"contentUrl\":\"https:\\\/\\\/secure.gravatar.com\\\/avatar\\\/728f66d366b9809efe89ec232bef06263abc057cefaba166bbd45a167e648b3c?s=96&d=mm&r=g\",\"caption\":\"Redacci\u00f3n\"},\"sameAs\":[\"https:\\\/\\\/www.justretail.news\\\/latam\"],\"url\":\"https:\\\/\\\/www.justretail.news\\\/latam\\\/noticias\\\/author\\\/latam_master\\\/\"}]}<\/script>\n<!-- \/ Yoast SEO plugin. -->","yoast_head_json":{"title":"FUNO reitera su compromiso de mantener el grado de inversi\u00f3n ante la posible rebaja de Moody's - Just Retail Latam","description":"Fibra Uno (FUNO) present\u00f3 sus resultados financieros del primer trimestre de 2025, con un incremento del 11.4% en ingresos totales.","robots":{"index":"index","follow":"follow","max-snippet":"max-snippet:-1","max-image-preview":"max-image-preview:large","max-video-preview":"max-video-preview:-1"},"canonical":"https:\/\/www.justretail.news\/latam\/noticias\/funo-reitera-su-compromiso-de-mantener-el-grado-de-inversion-ante-la-posible-rebaja-de-moodys\/","og_locale":"es_ES","og_type":"article","og_title":"FUNO reitera su compromiso de mantener el grado de inversi\u00f3n ante la posible rebaja de Moody's - Just Retail Latam","og_description":"Fibra Uno (FUNO) present\u00f3 sus resultados financieros del primer trimestre de 2025, con un incremento del 11.4% en ingresos totales.","og_url":"https:\/\/www.justretail.news\/latam\/noticias\/funo-reitera-su-compromiso-de-mantener-el-grado-de-inversion-ante-la-posible-rebaja-de-moodys\/","og_site_name":"Just Retail Latam","article_published_time":"2025-05-01T18:34:12+00:00","article_modified_time":"2025-11-08T22:50:39+00:00","og_image":[{"width":1024,"height":639,"url":"https:\/\/www.justretail.news\/latam\/wp-content\/uploads\/2025\/05\/Captura-de-pantalla-2025-05-04-a-las-20.48.07-1024x639.png","type":"image\/png"}],"author":"Redacci\u00f3n","twitter_card":"summary_large_image","twitter_misc":{"Escrito por":"Redacci\u00f3n","Tiempo de lectura":"3 minutos"},"schema":{"@context":"https:\/\/schema.org","@graph":[{"@type":"Article","@id":"https:\/\/www.justretail.news\/latam\/noticias\/funo-reitera-su-compromiso-de-mantener-el-grado-de-inversion-ante-la-posible-rebaja-de-moodys\/#article","isPartOf":{"@id":"https:\/\/www.justretail.news\/latam\/noticias\/funo-reitera-su-compromiso-de-mantener-el-grado-de-inversion-ante-la-posible-rebaja-de-moodys\/"},"author":{"name":"Redacci\u00f3n","@id":"https:\/\/www.justretail.news\/latam\/#\/schema\/person\/1543b9d803b2d5751fba2211e7785c5f"},"headline":"FUNO reitera su compromiso de mantener el grado de inversi\u00f3n ante la posible rebaja de Moody&#8217;s","datePublished":"2025-05-01T18:34:12+00:00","dateModified":"2025-11-08T22:50:39+00:00","mainEntityOfPage":{"@id":"https:\/\/www.justretail.news\/latam\/noticias\/funo-reitera-su-compromiso-de-mantener-el-grado-de-inversion-ante-la-posible-rebaja-de-moodys\/"},"wordCount":557,"publisher":{"@id":"https:\/\/www.justretail.news\/latam\/#organization"},"image":{"@id":"https:\/\/www.justretail.news\/latam\/noticias\/funo-reitera-su-compromiso-de-mantener-el-grado-de-inversion-ante-la-posible-rebaja-de-moodys\/#primaryimage"},"thumbnailUrl":"https:\/\/www.justretail.news\/latam\/wp-content\/uploads\/2025\/05\/Captura-de-pantalla-2025-05-04-a-las-20.48.07.png","keywords":["FUNO","Moody's","resultados"],"articleSection":["Empresas"],"inLanguage":"es"},{"@type":"WebPage","@id":"https:\/\/www.justretail.news\/latam\/noticias\/funo-reitera-su-compromiso-de-mantener-el-grado-de-inversion-ante-la-posible-rebaja-de-moodys\/","url":"https:\/\/www.justretail.news\/latam\/noticias\/funo-reitera-su-compromiso-de-mantener-el-grado-de-inversion-ante-la-posible-rebaja-de-moodys\/","name":"FUNO reitera su compromiso de mantener el grado de inversi\u00f3n ante la posible rebaja de Moody's - Just Retail Latam","isPartOf":{"@id":"https:\/\/www.justretail.news\/latam\/#website"},"primaryImageOfPage":{"@id":"https:\/\/www.justretail.news\/latam\/noticias\/funo-reitera-su-compromiso-de-mantener-el-grado-de-inversion-ante-la-posible-rebaja-de-moodys\/#primaryimage"},"image":{"@id":"https:\/\/www.justretail.news\/latam\/noticias\/funo-reitera-su-compromiso-de-mantener-el-grado-de-inversion-ante-la-posible-rebaja-de-moodys\/#primaryimage"},"thumbnailUrl":"https:\/\/www.justretail.news\/latam\/wp-content\/uploads\/2025\/05\/Captura-de-pantalla-2025-05-04-a-las-20.48.07.png","datePublished":"2025-05-01T18:34:12+00:00","dateModified":"2025-11-08T22:50:39+00:00","description":"Fibra Uno (FUNO) present\u00f3 sus resultados financieros del primer trimestre de 2025, con un incremento del 11.4% en ingresos totales.","breadcrumb":{"@id":"https:\/\/www.justretail.news\/latam\/noticias\/funo-reitera-su-compromiso-de-mantener-el-grado-de-inversion-ante-la-posible-rebaja-de-moodys\/#breadcrumb"},"inLanguage":"es","potentialAction":[{"@type":"ReadAction","target":["https:\/\/www.justretail.news\/latam\/noticias\/funo-reitera-su-compromiso-de-mantener-el-grado-de-inversion-ante-la-posible-rebaja-de-moodys\/"]}]},{"@type":"ImageObject","inLanguage":"es","@id":"https:\/\/www.justretail.news\/latam\/noticias\/funo-reitera-su-compromiso-de-mantener-el-grado-de-inversion-ante-la-posible-rebaja-de-moodys\/#primaryimage","url":"https:\/\/www.justretail.news\/latam\/wp-content\/uploads\/2025\/05\/Captura-de-pantalla-2025-05-04-a-las-20.48.07.png","contentUrl":"https:\/\/www.justretail.news\/latam\/wp-content\/uploads\/2025\/05\/Captura-de-pantalla-2025-05-04-a-las-20.48.07.png","width":2060,"height":1286,"caption":"Plaza Central - FUNO"},{"@type":"BreadcrumbList","@id":"https:\/\/www.justretail.news\/latam\/noticias\/funo-reitera-su-compromiso-de-mantener-el-grado-de-inversion-ante-la-posible-rebaja-de-moodys\/#breadcrumb","itemListElement":[{"@type":"ListItem","position":1,"name":"Portada","item":"https:\/\/www.justretail.news\/latam\/"},{"@type":"ListItem","position":2,"name":"FUNO reitera su compromiso de mantener el grado de inversi\u00f3n ante la posible rebaja de Moody&#8217;s"}]},{"@type":"WebSite","@id":"https:\/\/www.justretail.news\/latam\/#website","url":"https:\/\/www.justretail.news\/latam\/","name":"Just Retail Latam","description":"","publisher":{"@id":"https:\/\/www.justretail.news\/latam\/#organization"},"potentialAction":[{"@type":"SearchAction","target":{"@type":"EntryPoint","urlTemplate":"https:\/\/www.justretail.news\/latam\/?s={search_term_string}"},"query-input":{"@type":"PropertyValueSpecification","valueRequired":true,"valueName":"search_term_string"}}],"inLanguage":"es"},{"@type":"Organization","@id":"https:\/\/www.justretail.news\/latam\/#organization","name":"Just Retail Latam","url":"https:\/\/www.justretail.news\/latam\/","logo":{"@type":"ImageObject","inLanguage":"es","@id":"https:\/\/www.justretail.news\/latam\/#\/schema\/logo\/image\/","url":"https:\/\/www.justretail.news\/latam\/wp-content\/uploads\/2024\/05\/just-retail-logo-NEGRO-trans-latam-272x90_nuevo.png","contentUrl":"https:\/\/www.justretail.news\/latam\/wp-content\/uploads\/2024\/05\/just-retail-logo-NEGRO-trans-latam-272x90_nuevo.png","width":272,"height":90,"caption":"Just Retail Latam"},"image":{"@id":"https:\/\/www.justretail.news\/latam\/#\/schema\/logo\/image\/"}},{"@type":"Person","@id":"https:\/\/www.justretail.news\/latam\/#\/schema\/person\/1543b9d803b2d5751fba2211e7785c5f","name":"Redacci\u00f3n","image":{"@type":"ImageObject","inLanguage":"es","@id":"https:\/\/secure.gravatar.com\/avatar\/728f66d366b9809efe89ec232bef06263abc057cefaba166bbd45a167e648b3c?s=96&d=mm&r=g","url":"https:\/\/secure.gravatar.com\/avatar\/728f66d366b9809efe89ec232bef06263abc057cefaba166bbd45a167e648b3c?s=96&d=mm&r=g","contentUrl":"https:\/\/secure.gravatar.com\/avatar\/728f66d366b9809efe89ec232bef06263abc057cefaba166bbd45a167e648b3c?s=96&d=mm&r=g","caption":"Redacci\u00f3n"},"sameAs":["https:\/\/www.justretail.news\/latam"],"url":"https:\/\/www.justretail.news\/latam\/noticias\/author\/latam_master\/"}]}},"jetpack_featured_media_url":"https:\/\/www.justretail.news\/latam\/wp-content\/uploads\/2025\/05\/Captura-de-pantalla-2025-05-04-a-las-20.48.07.png","jetpack_sharing_enabled":true,"_links":{"self":[{"href":"https:\/\/www.justretail.news\/latam\/wp-json\/wp\/v2\/posts\/3541","targetHints":{"allow":["GET"]}}],"collection":[{"href":"https:\/\/www.justretail.news\/latam\/wp-json\/wp\/v2\/posts"}],"about":[{"href":"https:\/\/www.justretail.news\/latam\/wp-json\/wp\/v2\/types\/post"}],"author":[{"embeddable":true,"href":"https:\/\/www.justretail.news\/latam\/wp-json\/wp\/v2\/users\/1"}],"replies":[{"embeddable":true,"href":"https:\/\/www.justretail.news\/latam\/wp-json\/wp\/v2\/comments?post=3541"}],"version-history":[{"count":1,"href":"https:\/\/www.justretail.news\/latam\/wp-json\/wp\/v2\/posts\/3541\/revisions"}],"predecessor-version":[{"id":3543,"href":"https:\/\/www.justretail.news\/latam\/wp-json\/wp\/v2\/posts\/3541\/revisions\/3543"}],"wp:featuredmedia":[{"embeddable":true,"href":"https:\/\/www.justretail.news\/latam\/wp-json\/wp\/v2\/media\/3542"}],"wp:attachment":[{"href":"https:\/\/www.justretail.news\/latam\/wp-json\/wp\/v2\/media?parent=3541"}],"wp:term":[{"taxonomy":"category","embeddable":true,"href":"https:\/\/www.justretail.news\/latam\/wp-json\/wp\/v2\/categories?post=3541"},{"taxonomy":"post_tag","embeddable":true,"href":"https:\/\/www.justretail.news\/latam\/wp-json\/wp\/v2\/tags?post=3541"}],"curies":[{"name":"wp","href":"https:\/\/api.w.org\/{rel}","templated":true}]}}