{"id":3545,"date":"2025-05-04T22:39:00","date_gmt":"2025-05-04T20:39:00","guid":{"rendered":"https:\/\/www.justretail.news\/latam\/?p=3545"},"modified":"2025-11-08T23:50:39","modified_gmt":"2025-11-08T22:50:39","slug":"la-espanola-shon-mott-abrira-en-ciudad-de-mexico-su-primera-tienda-en-latinoamerica","status":"publish","type":"post","link":"https:\/\/www.justretail.news\/latam\/noticias\/la-espanola-shon-mott-abrira-en-ciudad-de-mexico-su-primera-tienda-en-latinoamerica\/","title":{"rendered":"La espa\u00f1ola Shon Mott abrir\u00e1 en Ciudad de M\u00e9xico su primera tienda en Latinoam\u00e9rica"},"content":{"rendered":"\n<p>La marca espa\u00f1ola\u00a0Shon Mott est\u00e1 buscando local para instalar en Ciudad de M\u00e9xico su <strong>primera <em>flagship<\/em> en Latinoam\u00e9rica.<\/strong><\/p>\n\n\n\n<p>Shon<strong> <\/strong>Mott\u00a0es una marca de moda que se caracteriza por su enfoque en la sostenibilidad y la producci\u00f3n \u00e9tica, ofreciendo prendas de alta calidad con un dise\u00f1o atemporal y minimalista. Sus colecciones est\u00e1n dise\u00f1adas y confeccionadas en Barcelona.<\/p>\n\n\n\n<p>Inspirada en el estilo de vida mediterr\u00e1neo, se distingue por ofrecer prendas de l\u00edneas limpias y sin ornamentos, confeccionadas con materiales naturales como algod\u00f3n 100%, <em>cashmere<\/em> y seda. Estas piezas, tanto para hombre como para mujer, son producidas localmente en Espa\u00f1a, priorizando la sostenibilidad y la \u00e9tica en su fabricaci\u00f3n.<\/p>\n\n\n\n<figure class=\"wp-block-gallery has-nested-images columns-default is-cropped wp-block-gallery-1 is-layout-flex wp-block-gallery-is-layout-flex\">\n<figure class=\"wp-block-image size-large\"><img loading=\"lazy\" decoding=\"async\" width=\"1024\" height=\"683\" data-id=\"3549\" src=\"https:\/\/www.justretail.news\/latam\/wp-content\/uploads\/2025\/05\/Shon-Mott-3-1024x683.webp\" alt=\"Shon Mott\" class=\"wp-image-3549\" srcset=\"https:\/\/www.justretail.news\/latam\/wp-content\/uploads\/2025\/05\/Shon-Mott-3-1024x683.webp 1024w, https:\/\/www.justretail.news\/latam\/wp-content\/uploads\/2025\/05\/Shon-Mott-3-300x200.webp 300w, https:\/\/www.justretail.news\/latam\/wp-content\/uploads\/2025\/05\/Shon-Mott-3-768x512.webp 768w, https:\/\/www.justretail.news\/latam\/wp-content\/uploads\/2025\/05\/Shon-Mott-3-630x420.webp 630w, https:\/\/www.justretail.news\/latam\/wp-content\/uploads\/2025\/05\/Shon-Mott-3-150x100.webp 150w, https:\/\/www.justretail.news\/latam\/wp-content\/uploads\/2025\/05\/Shon-Mott-3-696x464.webp 696w, https:\/\/www.justretail.news\/latam\/wp-content\/uploads\/2025\/05\/Shon-Mott-3-1068x712.webp 1068w, https:\/\/www.justretail.news\/latam\/wp-content\/uploads\/2025\/05\/Shon-Mott-3.webp 1200w\" sizes=\"auto, (max-width: 1024px) 100vw, 1024px\" \/><\/figure>\n\n\n\n<figure class=\"wp-block-image size-large\"><img loading=\"lazy\" decoding=\"async\" width=\"680\" height=\"491\" data-id=\"3547\" src=\"https:\/\/www.justretail.news\/latam\/wp-content\/uploads\/2025\/05\/Shon-Mott.jpg\" alt=\"Shon Mott\" class=\"wp-image-3547\" srcset=\"https:\/\/www.justretail.news\/latam\/wp-content\/uploads\/2025\/05\/Shon-Mott.jpg 680w, https:\/\/www.justretail.news\/latam\/wp-content\/uploads\/2025\/05\/Shon-Mott-300x217.jpg 300w, https:\/\/www.justretail.news\/latam\/wp-content\/uploads\/2025\/05\/Shon-Mott-582x420.jpg 582w, https:\/\/www.justretail.news\/latam\/wp-content\/uploads\/2025\/05\/Shon-Mott-150x108.jpg 150w, https:\/\/www.justretail.news\/latam\/wp-content\/uploads\/2025\/05\/Shon-Mott-324x235.jpg 324w\" sizes=\"auto, (max-width: 680px) 100vw, 680px\" \/><\/figure>\n<\/figure>\n\n\n\n<p>Con tiendas en Barcelona, Madrid, Mallorca, Amberes, Lisboa y Par\u00eds, Shon Mott apuesta ahora por Latinoam\u00e9rica y <strong>han elegido M\u00e9xico para su desembarco en el continente.<\/strong><\/p>\n\n\n\n<p>Los responsables de la firma, junto con <strong>Lizan Retail Advisors (LRA)<\/strong>, est\u00e1n analizando opciones en locales a pie de calle con alto tr\u00e1fico peatonal, con frente para aparador y con superficies de entre 40 m2 y 100 m2, m\u00e1s bodega.<\/p>\n\n\n\n<p>Las zonas concretas en las que la marca est\u00e1 buscando ubicaci\u00f3n son: <strong>Roma Norte<\/strong>, <strong>Polanco,<\/strong> <strong>Condesa<\/strong> y <strong>Colonia Ju\u00e1rez<\/strong>.<\/p>\n","protected":false},"excerpt":{"rendered":"<p>Las zonas concretas en las que la marca est\u00e1 buscando ubicaci\u00f3n son: Roma Norte, Polanco, Condesa y Colonia Ju\u00e1rez.<\/p>\n","protected":false},"author":1,"featured_media":3548,"comment_status":"closed","ping_status":"open","sticky":false,"template":"","format":"standard","meta":{"_jetpack_memberships_contains_paid_content":false,"footnotes":""},"categories":[37],"tags":[809],"class_list":{"0":"post-3545","1":"post","2":"type-post","3":"status-publish","4":"format-standard","5":"has-post-thumbnail","7":"category-retailers","8":"tag-shon-mott"},"yoast_head":"<!-- This site is optimized with the Yoast SEO plugin v27.4 - https:\/\/yoast.com\/product\/yoast-seo-wordpress\/ -->\n<title>La espa\u00f1ola Shon Mott abrir\u00e1 en Ciudad de M\u00e9xico su primera tienda en Latinoam\u00e9rica - Just Retail Latam<\/title>\n<meta name=\"description\" content=\"La marca espa\u00f1ola\u00a0Shon Mott est\u00e1 buscando local para instalar en Ciudad de M\u00e9xico su primera flagship en Latinoam\u00e9rica.\" \/>\n<meta name=\"robots\" content=\"index, follow, max-snippet:-1, max-image-preview:large, max-video-preview:-1\" \/>\n<link rel=\"canonical\" href=\"https:\/\/www.justretail.news\/latam\/noticias\/la-espanola-shon-mott-abrira-en-ciudad-de-mexico-su-primera-tienda-en-latinoamerica\/\" \/>\n<meta property=\"og:locale\" content=\"es_ES\" \/>\n<meta property=\"og:type\" content=\"article\" \/>\n<meta property=\"og:title\" content=\"La espa\u00f1ola Shon Mott abrir\u00e1 en Ciudad de M\u00e9xico su primera tienda en Latinoam\u00e9rica - Just Retail Latam\" \/>\n<meta property=\"og:description\" content=\"La marca espa\u00f1ola\u00a0Shon Mott est\u00e1 buscando local para instalar en Ciudad de M\u00e9xico su primera flagship en Latinoam\u00e9rica.\" \/>\n<meta property=\"og:url\" content=\"https:\/\/www.justretail.news\/latam\/noticias\/la-espanola-shon-mott-abrira-en-ciudad-de-mexico-su-primera-tienda-en-latinoamerica\/\" \/>\n<meta property=\"og:site_name\" content=\"Just Retail Latam\" \/>\n<meta property=\"article:published_time\" content=\"2025-05-04T20:39:00+00:00\" \/>\n<meta property=\"article:modified_time\" content=\"2025-11-08T22:50:39+00:00\" \/>\n<meta property=\"og:image\" content=\"https:\/\/www.justretail.news\/latam\/wp-content\/uploads\/2025\/05\/Shon-Mott-2.webp\" \/>\n\t<meta property=\"og:image:width\" content=\"1200\" \/>\n\t<meta property=\"og:image:height\" content=\"800\" \/>\n\t<meta property=\"og:image:type\" content=\"image\/webp\" \/>\n<meta name=\"author\" content=\"Redacci\u00f3n\" \/>\n<meta name=\"twitter:card\" content=\"summary_large_image\" \/>\n<meta name=\"twitter:label1\" content=\"Escrito por\" \/>\n\t<meta name=\"twitter:data1\" content=\"Redacci\u00f3n\" \/>\n\t<meta name=\"twitter:label2\" content=\"Tiempo de lectura\" \/>\n\t<meta name=\"twitter:data2\" content=\"2 minutos\" \/>\n<script type=\"application\/ld+json\" class=\"yoast-schema-graph\">{\"@context\":\"https:\\\/\\\/schema.org\",\"@graph\":[{\"@type\":\"Article\",\"@id\":\"https:\\\/\\\/www.justretail.news\\\/latam\\\/noticias\\\/la-espanola-shon-mott-abrira-en-ciudad-de-mexico-su-primera-tienda-en-latinoamerica\\\/#article\",\"isPartOf\":{\"@id\":\"https:\\\/\\\/www.justretail.news\\\/latam\\\/noticias\\\/la-espanola-shon-mott-abrira-en-ciudad-de-mexico-su-primera-tienda-en-latinoamerica\\\/\"},\"author\":{\"name\":\"Redacci\u00f3n\",\"@id\":\"https:\\\/\\\/www.justretail.news\\\/latam\\\/#\\\/schema\\\/person\\\/1543b9d803b2d5751fba2211e7785c5f\"},\"headline\":\"La espa\u00f1ola Shon Mott abrir\u00e1 en Ciudad de M\u00e9xico su primera tienda en Latinoam\u00e9rica\",\"datePublished\":\"2025-05-04T20:39:00+00:00\",\"dateModified\":\"2025-11-08T22:50:39+00:00\",\"mainEntityOfPage\":{\"@id\":\"https:\\\/\\\/www.justretail.news\\\/latam\\\/noticias\\\/la-espanola-shon-mott-abrira-en-ciudad-de-mexico-su-primera-tienda-en-latinoamerica\\\/\"},\"wordCount\":227,\"publisher\":{\"@id\":\"https:\\\/\\\/www.justretail.news\\\/latam\\\/#organization\"},\"image\":{\"@id\":\"https:\\\/\\\/www.justretail.news\\\/latam\\\/noticias\\\/la-espanola-shon-mott-abrira-en-ciudad-de-mexico-su-primera-tienda-en-latinoamerica\\\/#primaryimage\"},\"thumbnailUrl\":\"https:\\\/\\\/www.justretail.news\\\/latam\\\/wp-content\\\/uploads\\\/2025\\\/05\\\/Shon-Mott-2.webp\",\"keywords\":[\"Shon Mott\"],\"articleSection\":[\"Retailers\"],\"inLanguage\":\"es\"},{\"@type\":\"WebPage\",\"@id\":\"https:\\\/\\\/www.justretail.news\\\/latam\\\/noticias\\\/la-espanola-shon-mott-abrira-en-ciudad-de-mexico-su-primera-tienda-en-latinoamerica\\\/\",\"url\":\"https:\\\/\\\/www.justretail.news\\\/latam\\\/noticias\\\/la-espanola-shon-mott-abrira-en-ciudad-de-mexico-su-primera-tienda-en-latinoamerica\\\/\",\"name\":\"La espa\u00f1ola Shon Mott abrir\u00e1 en Ciudad de M\u00e9xico su primera tienda en Latinoam\u00e9rica - Just Retail Latam\",\"isPartOf\":{\"@id\":\"https:\\\/\\\/www.justretail.news\\\/latam\\\/#website\"},\"primaryImageOfPage\":{\"@id\":\"https:\\\/\\\/www.justretail.news\\\/latam\\\/noticias\\\/la-espanola-shon-mott-abrira-en-ciudad-de-mexico-su-primera-tienda-en-latinoamerica\\\/#primaryimage\"},\"image\":{\"@id\":\"https:\\\/\\\/www.justretail.news\\\/latam\\\/noticias\\\/la-espanola-shon-mott-abrira-en-ciudad-de-mexico-su-primera-tienda-en-latinoamerica\\\/#primaryimage\"},\"thumbnailUrl\":\"https:\\\/\\\/www.justretail.news\\\/latam\\\/wp-content\\\/uploads\\\/2025\\\/05\\\/Shon-Mott-2.webp\",\"datePublished\":\"2025-05-04T20:39:00+00:00\",\"dateModified\":\"2025-11-08T22:50:39+00:00\",\"description\":\"La marca espa\u00f1ola\u00a0Shon Mott est\u00e1 buscando local para instalar en Ciudad de M\u00e9xico su primera flagship en Latinoam\u00e9rica.\",\"breadcrumb\":{\"@id\":\"https:\\\/\\\/www.justretail.news\\\/latam\\\/noticias\\\/la-espanola-shon-mott-abrira-en-ciudad-de-mexico-su-primera-tienda-en-latinoamerica\\\/#breadcrumb\"},\"inLanguage\":\"es\",\"potentialAction\":[{\"@type\":\"ReadAction\",\"target\":[\"https:\\\/\\\/www.justretail.news\\\/latam\\\/noticias\\\/la-espanola-shon-mott-abrira-en-ciudad-de-mexico-su-primera-tienda-en-latinoamerica\\\/\"]}]},{\"@type\":\"ImageObject\",\"inLanguage\":\"es\",\"@id\":\"https:\\\/\\\/www.justretail.news\\\/latam\\\/noticias\\\/la-espanola-shon-mott-abrira-en-ciudad-de-mexico-su-primera-tienda-en-latinoamerica\\\/#primaryimage\",\"url\":\"https:\\\/\\\/www.justretail.news\\\/latam\\\/wp-content\\\/uploads\\\/2025\\\/05\\\/Shon-Mott-2.webp\",\"contentUrl\":\"https:\\\/\\\/www.justretail.news\\\/latam\\\/wp-content\\\/uploads\\\/2025\\\/05\\\/Shon-Mott-2.webp\",\"width\":1200,\"height\":800,\"caption\":\"Shon Mott\"},{\"@type\":\"BreadcrumbList\",\"@id\":\"https:\\\/\\\/www.justretail.news\\\/latam\\\/noticias\\\/la-espanola-shon-mott-abrira-en-ciudad-de-mexico-su-primera-tienda-en-latinoamerica\\\/#breadcrumb\",\"itemListElement\":[{\"@type\":\"ListItem\",\"position\":1,\"name\":\"Portada\",\"item\":\"https:\\\/\\\/www.justretail.news\\\/latam\\\/\"},{\"@type\":\"ListItem\",\"position\":2,\"name\":\"La espa\u00f1ola Shon Mott abrir\u00e1 en Ciudad de M\u00e9xico su primera tienda en Latinoam\u00e9rica\"}]},{\"@type\":\"WebSite\",\"@id\":\"https:\\\/\\\/www.justretail.news\\\/latam\\\/#website\",\"url\":\"https:\\\/\\\/www.justretail.news\\\/latam\\\/\",\"name\":\"Just Retail Latam\",\"description\":\"\",\"publisher\":{\"@id\":\"https:\\\/\\\/www.justretail.news\\\/latam\\\/#organization\"},\"potentialAction\":[{\"@type\":\"SearchAction\",\"target\":{\"@type\":\"EntryPoint\",\"urlTemplate\":\"https:\\\/\\\/www.justretail.news\\\/latam\\\/?s={search_term_string}\"},\"query-input\":{\"@type\":\"PropertyValueSpecification\",\"valueRequired\":true,\"valueName\":\"search_term_string\"}}],\"inLanguage\":\"es\"},{\"@type\":\"Organization\",\"@id\":\"https:\\\/\\\/www.justretail.news\\\/latam\\\/#organization\",\"name\":\"Just Retail Latam\",\"url\":\"https:\\\/\\\/www.justretail.news\\\/latam\\\/\",\"logo\":{\"@type\":\"ImageObject\",\"inLanguage\":\"es\",\"@id\":\"https:\\\/\\\/www.justretail.news\\\/latam\\\/#\\\/schema\\\/logo\\\/image\\\/\",\"url\":\"https:\\\/\\\/www.justretail.news\\\/latam\\\/wp-content\\\/uploads\\\/2024\\\/05\\\/just-retail-logo-NEGRO-trans-latam-272x90_nuevo.png\",\"contentUrl\":\"https:\\\/\\\/www.justretail.news\\\/latam\\\/wp-content\\\/uploads\\\/2024\\\/05\\\/just-retail-logo-NEGRO-trans-latam-272x90_nuevo.png\",\"width\":272,\"height\":90,\"caption\":\"Just Retail Latam\"},\"image\":{\"@id\":\"https:\\\/\\\/www.justretail.news\\\/latam\\\/#\\\/schema\\\/logo\\\/image\\\/\"}},{\"@type\":\"Person\",\"@id\":\"https:\\\/\\\/www.justretail.news\\\/latam\\\/#\\\/schema\\\/person\\\/1543b9d803b2d5751fba2211e7785c5f\",\"name\":\"Redacci\u00f3n\",\"image\":{\"@type\":\"ImageObject\",\"inLanguage\":\"es\",\"@id\":\"https:\\\/\\\/secure.gravatar.com\\\/avatar\\\/728f66d366b9809efe89ec232bef06263abc057cefaba166bbd45a167e648b3c?s=96&d=mm&r=g\",\"url\":\"https:\\\/\\\/secure.gravatar.com\\\/avatar\\\/728f66d366b9809efe89ec232bef06263abc057cefaba166bbd45a167e648b3c?s=96&d=mm&r=g\",\"contentUrl\":\"https:\\\/\\\/secure.gravatar.com\\\/avatar\\\/728f66d366b9809efe89ec232bef06263abc057cefaba166bbd45a167e648b3c?s=96&d=mm&r=g\",\"caption\":\"Redacci\u00f3n\"},\"sameAs\":[\"https:\\\/\\\/www.justretail.news\\\/latam\"],\"url\":\"https:\\\/\\\/www.justretail.news\\\/latam\\\/noticias\\\/author\\\/latam_master\\\/\"}]}<\/script>\n<!-- \/ Yoast SEO plugin. -->","yoast_head_json":{"title":"La espa\u00f1ola Shon Mott abrir\u00e1 en Ciudad de M\u00e9xico su primera tienda en Latinoam\u00e9rica - Just Retail Latam","description":"La marca espa\u00f1ola\u00a0Shon Mott est\u00e1 buscando local para instalar en Ciudad de M\u00e9xico su primera flagship en Latinoam\u00e9rica.","robots":{"index":"index","follow":"follow","max-snippet":"max-snippet:-1","max-image-preview":"max-image-preview:large","max-video-preview":"max-video-preview:-1"},"canonical":"https:\/\/www.justretail.news\/latam\/noticias\/la-espanola-shon-mott-abrira-en-ciudad-de-mexico-su-primera-tienda-en-latinoamerica\/","og_locale":"es_ES","og_type":"article","og_title":"La espa\u00f1ola Shon Mott abrir\u00e1 en Ciudad de M\u00e9xico su primera tienda en Latinoam\u00e9rica - Just Retail Latam","og_description":"La marca espa\u00f1ola\u00a0Shon Mott est\u00e1 buscando local para instalar en Ciudad de M\u00e9xico su primera flagship en Latinoam\u00e9rica.","og_url":"https:\/\/www.justretail.news\/latam\/noticias\/la-espanola-shon-mott-abrira-en-ciudad-de-mexico-su-primera-tienda-en-latinoamerica\/","og_site_name":"Just Retail Latam","article_published_time":"2025-05-04T20:39:00+00:00","article_modified_time":"2025-11-08T22:50:39+00:00","og_image":[{"width":1200,"height":800,"url":"https:\/\/www.justretail.news\/latam\/wp-content\/uploads\/2025\/05\/Shon-Mott-2.webp","type":"image\/webp"}],"author":"Redacci\u00f3n","twitter_card":"summary_large_image","twitter_misc":{"Escrito por":"Redacci\u00f3n","Tiempo de lectura":"2 minutos"},"schema":{"@context":"https:\/\/schema.org","@graph":[{"@type":"Article","@id":"https:\/\/www.justretail.news\/latam\/noticias\/la-espanola-shon-mott-abrira-en-ciudad-de-mexico-su-primera-tienda-en-latinoamerica\/#article","isPartOf":{"@id":"https:\/\/www.justretail.news\/latam\/noticias\/la-espanola-shon-mott-abrira-en-ciudad-de-mexico-su-primera-tienda-en-latinoamerica\/"},"author":{"name":"Redacci\u00f3n","@id":"https:\/\/www.justretail.news\/latam\/#\/schema\/person\/1543b9d803b2d5751fba2211e7785c5f"},"headline":"La espa\u00f1ola Shon Mott abrir\u00e1 en Ciudad de M\u00e9xico su primera tienda en Latinoam\u00e9rica","datePublished":"2025-05-04T20:39:00+00:00","dateModified":"2025-11-08T22:50:39+00:00","mainEntityOfPage":{"@id":"https:\/\/www.justretail.news\/latam\/noticias\/la-espanola-shon-mott-abrira-en-ciudad-de-mexico-su-primera-tienda-en-latinoamerica\/"},"wordCount":227,"publisher":{"@id":"https:\/\/www.justretail.news\/latam\/#organization"},"image":{"@id":"https:\/\/www.justretail.news\/latam\/noticias\/la-espanola-shon-mott-abrira-en-ciudad-de-mexico-su-primera-tienda-en-latinoamerica\/#primaryimage"},"thumbnailUrl":"https:\/\/www.justretail.news\/latam\/wp-content\/uploads\/2025\/05\/Shon-Mott-2.webp","keywords":["Shon Mott"],"articleSection":["Retailers"],"inLanguage":"es"},{"@type":"WebPage","@id":"https:\/\/www.justretail.news\/latam\/noticias\/la-espanola-shon-mott-abrira-en-ciudad-de-mexico-su-primera-tienda-en-latinoamerica\/","url":"https:\/\/www.justretail.news\/latam\/noticias\/la-espanola-shon-mott-abrira-en-ciudad-de-mexico-su-primera-tienda-en-latinoamerica\/","name":"La espa\u00f1ola Shon Mott abrir\u00e1 en Ciudad de M\u00e9xico su primera tienda en Latinoam\u00e9rica - Just Retail Latam","isPartOf":{"@id":"https:\/\/www.justretail.news\/latam\/#website"},"primaryImageOfPage":{"@id":"https:\/\/www.justretail.news\/latam\/noticias\/la-espanola-shon-mott-abrira-en-ciudad-de-mexico-su-primera-tienda-en-latinoamerica\/#primaryimage"},"image":{"@id":"https:\/\/www.justretail.news\/latam\/noticias\/la-espanola-shon-mott-abrira-en-ciudad-de-mexico-su-primera-tienda-en-latinoamerica\/#primaryimage"},"thumbnailUrl":"https:\/\/www.justretail.news\/latam\/wp-content\/uploads\/2025\/05\/Shon-Mott-2.webp","datePublished":"2025-05-04T20:39:00+00:00","dateModified":"2025-11-08T22:50:39+00:00","description":"La marca espa\u00f1ola\u00a0Shon Mott est\u00e1 buscando local para instalar en Ciudad de M\u00e9xico su primera flagship en Latinoam\u00e9rica.","breadcrumb":{"@id":"https:\/\/www.justretail.news\/latam\/noticias\/la-espanola-shon-mott-abrira-en-ciudad-de-mexico-su-primera-tienda-en-latinoamerica\/#breadcrumb"},"inLanguage":"es","potentialAction":[{"@type":"ReadAction","target":["https:\/\/www.justretail.news\/latam\/noticias\/la-espanola-shon-mott-abrira-en-ciudad-de-mexico-su-primera-tienda-en-latinoamerica\/"]}]},{"@type":"ImageObject","inLanguage":"es","@id":"https:\/\/www.justretail.news\/latam\/noticias\/la-espanola-shon-mott-abrira-en-ciudad-de-mexico-su-primera-tienda-en-latinoamerica\/#primaryimage","url":"https:\/\/www.justretail.news\/latam\/wp-content\/uploads\/2025\/05\/Shon-Mott-2.webp","contentUrl":"https:\/\/www.justretail.news\/latam\/wp-content\/uploads\/2025\/05\/Shon-Mott-2.webp","width":1200,"height":800,"caption":"Shon Mott"},{"@type":"BreadcrumbList","@id":"https:\/\/www.justretail.news\/latam\/noticias\/la-espanola-shon-mott-abrira-en-ciudad-de-mexico-su-primera-tienda-en-latinoamerica\/#breadcrumb","itemListElement":[{"@type":"ListItem","position":1,"name":"Portada","item":"https:\/\/www.justretail.news\/latam\/"},{"@type":"ListItem","position":2,"name":"La espa\u00f1ola Shon Mott abrir\u00e1 en Ciudad de M\u00e9xico su primera tienda en Latinoam\u00e9rica"}]},{"@type":"WebSite","@id":"https:\/\/www.justretail.news\/latam\/#website","url":"https:\/\/www.justretail.news\/latam\/","name":"Just Retail Latam","description":"","publisher":{"@id":"https:\/\/www.justretail.news\/latam\/#organization"},"potentialAction":[{"@type":"SearchAction","target":{"@type":"EntryPoint","urlTemplate":"https:\/\/www.justretail.news\/latam\/?s={search_term_string}"},"query-input":{"@type":"PropertyValueSpecification","valueRequired":true,"valueName":"search_term_string"}}],"inLanguage":"es"},{"@type":"Organization","@id":"https:\/\/www.justretail.news\/latam\/#organization","name":"Just Retail Latam","url":"https:\/\/www.justretail.news\/latam\/","logo":{"@type":"ImageObject","inLanguage":"es","@id":"https:\/\/www.justretail.news\/latam\/#\/schema\/logo\/image\/","url":"https:\/\/www.justretail.news\/latam\/wp-content\/uploads\/2024\/05\/just-retail-logo-NEGRO-trans-latam-272x90_nuevo.png","contentUrl":"https:\/\/www.justretail.news\/latam\/wp-content\/uploads\/2024\/05\/just-retail-logo-NEGRO-trans-latam-272x90_nuevo.png","width":272,"height":90,"caption":"Just Retail Latam"},"image":{"@id":"https:\/\/www.justretail.news\/latam\/#\/schema\/logo\/image\/"}},{"@type":"Person","@id":"https:\/\/www.justretail.news\/latam\/#\/schema\/person\/1543b9d803b2d5751fba2211e7785c5f","name":"Redacci\u00f3n","image":{"@type":"ImageObject","inLanguage":"es","@id":"https:\/\/secure.gravatar.com\/avatar\/728f66d366b9809efe89ec232bef06263abc057cefaba166bbd45a167e648b3c?s=96&d=mm&r=g","url":"https:\/\/secure.gravatar.com\/avatar\/728f66d366b9809efe89ec232bef06263abc057cefaba166bbd45a167e648b3c?s=96&d=mm&r=g","contentUrl":"https:\/\/secure.gravatar.com\/avatar\/728f66d366b9809efe89ec232bef06263abc057cefaba166bbd45a167e648b3c?s=96&d=mm&r=g","caption":"Redacci\u00f3n"},"sameAs":["https:\/\/www.justretail.news\/latam"],"url":"https:\/\/www.justretail.news\/latam\/noticias\/author\/latam_master\/"}]}},"jetpack_featured_media_url":"https:\/\/www.justretail.news\/latam\/wp-content\/uploads\/2025\/05\/Shon-Mott-2.webp","jetpack_sharing_enabled":true,"_links":{"self":[{"href":"https:\/\/www.justretail.news\/latam\/wp-json\/wp\/v2\/posts\/3545","targetHints":{"allow":["GET"]}}],"collection":[{"href":"https:\/\/www.justretail.news\/latam\/wp-json\/wp\/v2\/posts"}],"about":[{"href":"https:\/\/www.justretail.news\/latam\/wp-json\/wp\/v2\/types\/post"}],"author":[{"embeddable":true,"href":"https:\/\/www.justretail.news\/latam\/wp-json\/wp\/v2\/users\/1"}],"replies":[{"embeddable":true,"href":"https:\/\/www.justretail.news\/latam\/wp-json\/wp\/v2\/comments?post=3545"}],"version-history":[{"count":2,"href":"https:\/\/www.justretail.news\/latam\/wp-json\/wp\/v2\/posts\/3545\/revisions"}],"predecessor-version":[{"id":3550,"href":"https:\/\/www.justretail.news\/latam\/wp-json\/wp\/v2\/posts\/3545\/revisions\/3550"}],"wp:featuredmedia":[{"embeddable":true,"href":"https:\/\/www.justretail.news\/latam\/wp-json\/wp\/v2\/media\/3548"}],"wp:attachment":[{"href":"https:\/\/www.justretail.news\/latam\/wp-json\/wp\/v2\/media?parent=3545"}],"wp:term":[{"taxonomy":"category","embeddable":true,"href":"https:\/\/www.justretail.news\/latam\/wp-json\/wp\/v2\/categories?post=3545"},{"taxonomy":"post_tag","embeddable":true,"href":"https:\/\/www.justretail.news\/latam\/wp-json\/wp\/v2\/tags?post=3545"}],"curies":[{"name":"wp","href":"https:\/\/api.w.org\/{rel}","templated":true}]}}