{"id":3645,"date":"2025-05-14T15:10:00","date_gmt":"2025-05-14T13:10:00","guid":{"rendered":"https:\/\/www.justretail.news\/latam\/?p=3645"},"modified":"2025-11-08T23:50:38","modified_gmt":"2025-11-08T22:50:38","slug":"aqui-tu-remodelacion-llega-a-colombia-con-modelo-innovador","status":"publish","type":"post","link":"https:\/\/www.justretail.news\/latam\/noticias\/aqui-tu-remodelacion-llega-a-colombia-con-modelo-innovador\/","title":{"rendered":"Aqu\u00ed tu Remodelaci\u00f3n llega a Colombia con modelo innovador"},"content":{"rendered":"\n<p>Aqu\u00ed tu Remodelaci\u00f3n, la marca espa\u00f1ola especializada en remodelaciones lanza su operaci\u00f3n en el pa\u00eds con un enfoque tecnol\u00f3gico, una red de franquicias y tiendas f\u00edsicas dise\u00f1adas para profesionalizar el mercado.<\/p>\n\n\n\n<p>En un contexto donde el sector de remodelaciones en Colombia a\u00fan opera en gran parte desde la informalidad y con baja adopci\u00f3n tecnol\u00f3gica, llega una nueva propuesta que busca cambiar las reglas del juego. Se trata de&nbsp;<strong>Aqu\u00ed tu Remodelaci\u00f3n<\/strong>, marca perteneciente a&nbsp;<em>Aqu\u00ed Renovation Group<\/em>, una multinacional de origen espa\u00f1ol con presencia en ocho pa\u00edses.<\/p>\n\n\n\n<p>El grupo, respaldado por fondos como Iberdrola, Roca Ventures y Seaya Ventures (Glovo, Cabify), ha logrado escalar un modelo de franquicia que combina tecnolog\u00eda, marca fuerte y experiencia de cliente. Ahora, tras su entrada a M\u00e9xico en 2021, Colombia se convierte en su segundo mercado en Latinoam\u00e9rica.<\/p>\n\n\n\n<figure class=\"wp-block-image size-large\"><img loading=\"lazy\" decoding=\"async\" width=\"1024\" height=\"768\" src=\"https:\/\/www.justretail.news\/latam\/wp-content\/uploads\/2025\/05\/IMG_3380-1024x768.jpg\" alt=\"Aqu\u00ed tu Remodelaci\u00f3n\" class=\"wp-image-3648\" srcset=\"https:\/\/www.justretail.news\/latam\/wp-content\/uploads\/2025\/05\/IMG_3380-1024x768.jpg 1024w, https:\/\/www.justretail.news\/latam\/wp-content\/uploads\/2025\/05\/IMG_3380-300x225.jpg 300w, https:\/\/www.justretail.news\/latam\/wp-content\/uploads\/2025\/05\/IMG_3380-768x576.jpg 768w, https:\/\/www.justretail.news\/latam\/wp-content\/uploads\/2025\/05\/IMG_3380-1536x1152.jpg 1536w, https:\/\/www.justretail.news\/latam\/wp-content\/uploads\/2025\/05\/IMG_3380-2048x1536.jpg 2048w, https:\/\/www.justretail.news\/latam\/wp-content\/uploads\/2025\/05\/IMG_3380-560x420.jpg 560w, https:\/\/www.justretail.news\/latam\/wp-content\/uploads\/2025\/05\/IMG_3380-80x60.jpg 80w, https:\/\/www.justretail.news\/latam\/wp-content\/uploads\/2025\/05\/IMG_3380-150x113.jpg 150w, https:\/\/www.justretail.news\/latam\/wp-content\/uploads\/2025\/05\/IMG_3380-696x522.jpg 696w, https:\/\/www.justretail.news\/latam\/wp-content\/uploads\/2025\/05\/IMG_3380-1068x801.jpg 1068w, https:\/\/www.justretail.news\/latam\/wp-content\/uploads\/2025\/05\/IMG_3380-1920x1440.jpg 1920w, https:\/\/www.justretail.news\/latam\/wp-content\/uploads\/2025\/05\/IMG_3380-265x198.jpg 265w\" sizes=\"auto, (max-width: 1024px) 100vw, 1024px\" \/><\/figure>\n\n\n\n<h3 class=\"wp-block-heading\"><strong>Una red de franquicias con tiendas f\u00edsicas y foco en el cliente<\/strong><\/h3>\n\n\n\n<p>La operaci\u00f3n en Colombia estar\u00e1 liderada por&nbsp;<strong>Mario Giorgi<\/strong>, empresario con experiencia en remodelaciones B2B en los sectores retail y bancario. Su visi\u00f3n es clara: construir una red de&nbsp;<strong>150 franquiciados en cinco a\u00f1os<\/strong>, con un fuerte enfoque en el formato&nbsp;<strong>Concept Store<\/strong>, que representar\u00e1 el 40% del crecimiento proyectado.<\/p>\n\n\n\n<p>Estas tiendas estar\u00e1n ubicadas a pie de calle y contar\u00e1n con un dise\u00f1o funcional pensado para ofrecer&nbsp;<strong>una experiencia integral al cliente final<\/strong>. El objetivo es centralizar todos los elementos de una remodelaci\u00f3n en un solo lugar: asesor\u00eda, dise\u00f1o, presupuestos sin sorpresas, tiempos definidos y garant\u00eda.<\/p>\n\n\n\n<p>La primera de estas Concept Stores abrir\u00e1 en&nbsp;<strong>Cartagena<\/strong>, y durante 2025 se planea alcanzar al menos&nbsp;<strong>10 aperturas<\/strong>&nbsp;en ciudades clave como Bogot\u00e1, Medell\u00edn, Cali y en la regi\u00f3n Caribe.<\/p>\n\n\n\n<figure class=\"wp-block-image size-large\"><img loading=\"lazy\" decoding=\"async\" width=\"1024\" height=\"683\" src=\"https:\/\/www.justretail.news\/latam\/wp-content\/uploads\/2025\/05\/mature-father-with-small-son-indoors-in-bathroom-h-XF3MUYD-1024x683.jpg\" alt=\"Aqu\u00ed tu Remodelaci\u00f3n\" class=\"wp-image-3646\" srcset=\"https:\/\/www.justretail.news\/latam\/wp-content\/uploads\/2025\/05\/mature-father-with-small-son-indoors-in-bathroom-h-XF3MUYD-1024x683.jpg 1024w, https:\/\/www.justretail.news\/latam\/wp-content\/uploads\/2025\/05\/mature-father-with-small-son-indoors-in-bathroom-h-XF3MUYD-300x200.jpg 300w, https:\/\/www.justretail.news\/latam\/wp-content\/uploads\/2025\/05\/mature-father-with-small-son-indoors-in-bathroom-h-XF3MUYD-768x512.jpg 768w, https:\/\/www.justretail.news\/latam\/wp-content\/uploads\/2025\/05\/mature-father-with-small-son-indoors-in-bathroom-h-XF3MUYD-1536x1024.jpg 1536w, https:\/\/www.justretail.news\/latam\/wp-content\/uploads\/2025\/05\/mature-father-with-small-son-indoors-in-bathroom-h-XF3MUYD-2048x1365.jpg 2048w, https:\/\/www.justretail.news\/latam\/wp-content\/uploads\/2025\/05\/mature-father-with-small-son-indoors-in-bathroom-h-XF3MUYD-630x420.jpg 630w, https:\/\/www.justretail.news\/latam\/wp-content\/uploads\/2025\/05\/mature-father-with-small-son-indoors-in-bathroom-h-XF3MUYD-150x100.jpg 150w, https:\/\/www.justretail.news\/latam\/wp-content\/uploads\/2025\/05\/mature-father-with-small-son-indoors-in-bathroom-h-XF3MUYD-696x464.jpg 696w, https:\/\/www.justretail.news\/latam\/wp-content\/uploads\/2025\/05\/mature-father-with-small-son-indoors-in-bathroom-h-XF3MUYD-1068x712.jpg 1068w, https:\/\/www.justretail.news\/latam\/wp-content\/uploads\/2025\/05\/mature-father-with-small-son-indoors-in-bathroom-h-XF3MUYD-1920x1280.jpg 1920w\" sizes=\"auto, (max-width: 1024px) 100vw, 1024px\" \/><figcaption class=\"wp-element-caption\">Mature father carrying small son indoors in bathroom, having fun.<\/figcaption><\/figure>\n\n\n\n<h3 class=\"wp-block-heading\"><strong>Tecnolog\u00eda, transparencia y alianzas estrat\u00e9gicas<\/strong><\/h3>\n\n\n\n<p>El modelo de negocio se apoya en tres pilares fundamentales. Primero, la&nbsp;<strong>tecnolog\u00eda<\/strong>, con herramientas como blockchain para digitalizar procesos y dar seguimiento transparente a los proyectos. Segundo, el formato&nbsp;<strong>Concept Store<\/strong>, que permite mejorar la experiencia y confianza del consumidor. Y tercero, la&nbsp;<strong>marca<\/strong>, que aspira a establecer un nuevo est\u00e1ndar de calidad en el sector.<\/p>\n\n\n\n<p>Adem\u00e1s, la compa\u00f1\u00eda ha cerrado acuerdos con proveedores y marcas como&nbsp;<strong>Corona, Sodimac Homecenter, Madecentro, Vitelsa, LG Hausys, Cer\u00e1mica Italia<\/strong>, entre otros, con el fin de garantizar calidad, suministro confiable y precios estables.<\/p>\n\n\n\n<p>\u201cPara transformar el sector, necesitamos colaboraci\u00f3n\u201d, afirm\u00f3 Mario Giorgi. \u201cNuestro modelo se apoya en alianzas con aseguradoras, bancos, constructoras e inmobiliarias para ofrecer m\u00e1s valor a los franquiciados y mejores resultados al cliente final\u201d.<\/p>\n","protected":false},"excerpt":{"rendered":"<p>Aqu\u00ed tu Remodelaci\u00f3n, la marca espa\u00f1ola especializada en remodelaciones lanza su operaci\u00f3n en el pa\u00eds con un enfoque tecnol\u00f3gico, una red de franquicias y tiendas f\u00edsicas dise\u00f1adas para profesionalizar el mercado. En un contexto donde el sector de remodelaciones en Colombia a\u00fan opera en gran parte desde la informalidad y con baja adopci\u00f3n tecnol\u00f3gica, llega [&hellip;]<\/p>\n","protected":false},"author":3,"featured_media":3647,"comment_status":"closed","ping_status":"open","sticky":false,"template":"","format":"standard","meta":{"_jetpack_memberships_contains_paid_content":false,"footnotes":""},"categories":[744],"tags":[805,78,185,65],"class_list":{"0":"post-3645","1":"post","2":"type-post","3":"status-publish","4":"format-standard","5":"has-post-thumbnail","7":"category-empresas","8":"tag-aqui-tu-remodelacion","10":"tag-espana","11":"tag-expansion"},"yoast_head":"<!-- This site is optimized with the Yoast SEO plugin v27.4 - https:\/\/yoast.com\/product\/yoast-seo-wordpress\/ -->\n<title>Aqu\u00ed tu Remodelaci\u00f3n llega a Colombia con modelo innovador - Just Retail Latam<\/title>\n<meta name=\"description\" content=\"Aqu\u00ed tu Remodelaci\u00f3n llega a Colombia con un modelo que combina tecnolog\u00eda, tiendas f\u00edsicas y una red de franquicias.\" \/>\n<meta name=\"robots\" content=\"index, follow, max-snippet:-1, max-image-preview:large, max-video-preview:-1\" \/>\n<link rel=\"canonical\" href=\"https:\/\/www.justretail.news\/latam\/noticias\/aqui-tu-remodelacion-llega-a-colombia-con-modelo-innovador\/\" \/>\n<meta property=\"og:locale\" content=\"es_ES\" \/>\n<meta property=\"og:type\" content=\"article\" \/>\n<meta property=\"og:title\" content=\"Aqu\u00ed tu Remodelaci\u00f3n llega a Colombia con modelo innovador - Just Retail Latam\" \/>\n<meta property=\"og:description\" content=\"Aqu\u00ed tu Remodelaci\u00f3n llega a Colombia con un modelo que combina tecnolog\u00eda, tiendas f\u00edsicas y una red de franquicias.\" \/>\n<meta property=\"og:url\" content=\"https:\/\/www.justretail.news\/latam\/noticias\/aqui-tu-remodelacion-llega-a-colombia-con-modelo-innovador\/\" \/>\n<meta property=\"og:site_name\" content=\"Just Retail Latam\" \/>\n<meta property=\"article:published_time\" content=\"2025-05-14T13:10:00+00:00\" \/>\n<meta property=\"article:modified_time\" content=\"2025-11-08T22:50:38+00:00\" \/>\n<meta property=\"og:image\" content=\"https:\/\/www.justretail.news\/latam\/wp-content\/uploads\/2025\/05\/AdobeStock_170711980-scaled.jpeg\" \/>\n\t<meta property=\"og:image:width\" content=\"2560\" \/>\n\t<meta property=\"og:image:height\" content=\"1707\" \/>\n\t<meta property=\"og:image:type\" content=\"image\/jpeg\" \/>\n<meta name=\"author\" content=\"redaccion\" \/>\n<meta name=\"twitter:card\" content=\"summary_large_image\" \/>\n<meta name=\"twitter:label1\" content=\"Escrito por\" \/>\n\t<meta name=\"twitter:data1\" content=\"redaccion\" \/>\n\t<meta name=\"twitter:label2\" content=\"Tiempo de lectura\" \/>\n\t<meta name=\"twitter:data2\" content=\"3 minutos\" \/>\n<script type=\"application\/ld+json\" class=\"yoast-schema-graph\">{\"@context\":\"https:\\\/\\\/schema.org\",\"@graph\":[{\"@type\":\"Article\",\"@id\":\"https:\\\/\\\/www.justretail.news\\\/latam\\\/noticias\\\/aqui-tu-remodelacion-llega-a-colombia-con-modelo-innovador\\\/#article\",\"isPartOf\":{\"@id\":\"https:\\\/\\\/www.justretail.news\\\/latam\\\/noticias\\\/aqui-tu-remodelacion-llega-a-colombia-con-modelo-innovador\\\/\"},\"author\":{\"name\":\"redaccion\",\"@id\":\"https:\\\/\\\/www.justretail.news\\\/latam\\\/#\\\/schema\\\/person\\\/c2656ce0a4e1c3a0cb63204b17bce2d2\"},\"headline\":\"Aqu\u00ed tu Remodelaci\u00f3n llega a Colombia con modelo innovador\",\"datePublished\":\"2025-05-14T13:10:00+00:00\",\"dateModified\":\"2025-11-08T22:50:38+00:00\",\"mainEntityOfPage\":{\"@id\":\"https:\\\/\\\/www.justretail.news\\\/latam\\\/noticias\\\/aqui-tu-remodelacion-llega-a-colombia-con-modelo-innovador\\\/\"},\"wordCount\":469,\"publisher\":{\"@id\":\"https:\\\/\\\/www.justretail.news\\\/latam\\\/#organization\"},\"image\":{\"@id\":\"https:\\\/\\\/www.justretail.news\\\/latam\\\/noticias\\\/aqui-tu-remodelacion-llega-a-colombia-con-modelo-innovador\\\/#primaryimage\"},\"thumbnailUrl\":\"https:\\\/\\\/www.justretail.news\\\/latam\\\/wp-content\\\/uploads\\\/2025\\\/05\\\/AdobeStock_170711980-scaled.jpeg\",\"keywords\":[\"Aqu\u00ed tu remodelaci\u00f3n\",\"Colombia\",\"Espa\u00f1a\",\"expansi\u00f3n\"],\"articleSection\":[\"Empresas\"],\"inLanguage\":\"es\"},{\"@type\":\"WebPage\",\"@id\":\"https:\\\/\\\/www.justretail.news\\\/latam\\\/noticias\\\/aqui-tu-remodelacion-llega-a-colombia-con-modelo-innovador\\\/\",\"url\":\"https:\\\/\\\/www.justretail.news\\\/latam\\\/noticias\\\/aqui-tu-remodelacion-llega-a-colombia-con-modelo-innovador\\\/\",\"name\":\"Aqu\u00ed tu Remodelaci\u00f3n llega a Colombia con modelo innovador - Just Retail Latam\",\"isPartOf\":{\"@id\":\"https:\\\/\\\/www.justretail.news\\\/latam\\\/#website\"},\"primaryImageOfPage\":{\"@id\":\"https:\\\/\\\/www.justretail.news\\\/latam\\\/noticias\\\/aqui-tu-remodelacion-llega-a-colombia-con-modelo-innovador\\\/#primaryimage\"},\"image\":{\"@id\":\"https:\\\/\\\/www.justretail.news\\\/latam\\\/noticias\\\/aqui-tu-remodelacion-llega-a-colombia-con-modelo-innovador\\\/#primaryimage\"},\"thumbnailUrl\":\"https:\\\/\\\/www.justretail.news\\\/latam\\\/wp-content\\\/uploads\\\/2025\\\/05\\\/AdobeStock_170711980-scaled.jpeg\",\"datePublished\":\"2025-05-14T13:10:00+00:00\",\"dateModified\":\"2025-11-08T22:50:38+00:00\",\"description\":\"Aqu\u00ed tu Remodelaci\u00f3n llega a Colombia con un modelo que combina tecnolog\u00eda, tiendas f\u00edsicas y una red de franquicias.\",\"breadcrumb\":{\"@id\":\"https:\\\/\\\/www.justretail.news\\\/latam\\\/noticias\\\/aqui-tu-remodelacion-llega-a-colombia-con-modelo-innovador\\\/#breadcrumb\"},\"inLanguage\":\"es\",\"potentialAction\":[{\"@type\":\"ReadAction\",\"target\":[\"https:\\\/\\\/www.justretail.news\\\/latam\\\/noticias\\\/aqui-tu-remodelacion-llega-a-colombia-con-modelo-innovador\\\/\"]}]},{\"@type\":\"ImageObject\",\"inLanguage\":\"es\",\"@id\":\"https:\\\/\\\/www.justretail.news\\\/latam\\\/noticias\\\/aqui-tu-remodelacion-llega-a-colombia-con-modelo-innovador\\\/#primaryimage\",\"url\":\"https:\\\/\\\/www.justretail.news\\\/latam\\\/wp-content\\\/uploads\\\/2025\\\/05\\\/AdobeStock_170711980-scaled.jpeg\",\"contentUrl\":\"https:\\\/\\\/www.justretail.news\\\/latam\\\/wp-content\\\/uploads\\\/2025\\\/05\\\/AdobeStock_170711980-scaled.jpeg\",\"width\":2560,\"height\":1707,\"caption\":\"Overhead View Of Couple Looking At Laptop In Modern Kitchen\"},{\"@type\":\"BreadcrumbList\",\"@id\":\"https:\\\/\\\/www.justretail.news\\\/latam\\\/noticias\\\/aqui-tu-remodelacion-llega-a-colombia-con-modelo-innovador\\\/#breadcrumb\",\"itemListElement\":[{\"@type\":\"ListItem\",\"position\":1,\"name\":\"Portada\",\"item\":\"https:\\\/\\\/www.justretail.news\\\/latam\\\/\"},{\"@type\":\"ListItem\",\"position\":2,\"name\":\"Aqu\u00ed tu Remodelaci\u00f3n llega a Colombia con modelo innovador\"}]},{\"@type\":\"WebSite\",\"@id\":\"https:\\\/\\\/www.justretail.news\\\/latam\\\/#website\",\"url\":\"https:\\\/\\\/www.justretail.news\\\/latam\\\/\",\"name\":\"Just Retail Latam\",\"description\":\"\",\"publisher\":{\"@id\":\"https:\\\/\\\/www.justretail.news\\\/latam\\\/#organization\"},\"potentialAction\":[{\"@type\":\"SearchAction\",\"target\":{\"@type\":\"EntryPoint\",\"urlTemplate\":\"https:\\\/\\\/www.justretail.news\\\/latam\\\/?s={search_term_string}\"},\"query-input\":{\"@type\":\"PropertyValueSpecification\",\"valueRequired\":true,\"valueName\":\"search_term_string\"}}],\"inLanguage\":\"es\"},{\"@type\":\"Organization\",\"@id\":\"https:\\\/\\\/www.justretail.news\\\/latam\\\/#organization\",\"name\":\"Just Retail Latam\",\"url\":\"https:\\\/\\\/www.justretail.news\\\/latam\\\/\",\"logo\":{\"@type\":\"ImageObject\",\"inLanguage\":\"es\",\"@id\":\"https:\\\/\\\/www.justretail.news\\\/latam\\\/#\\\/schema\\\/logo\\\/image\\\/\",\"url\":\"https:\\\/\\\/www.justretail.news\\\/latam\\\/wp-content\\\/uploads\\\/2024\\\/05\\\/just-retail-logo-NEGRO-trans-latam-272x90_nuevo.png\",\"contentUrl\":\"https:\\\/\\\/www.justretail.news\\\/latam\\\/wp-content\\\/uploads\\\/2024\\\/05\\\/just-retail-logo-NEGRO-trans-latam-272x90_nuevo.png\",\"width\":272,\"height\":90,\"caption\":\"Just Retail Latam\"},\"image\":{\"@id\":\"https:\\\/\\\/www.justretail.news\\\/latam\\\/#\\\/schema\\\/logo\\\/image\\\/\"}},{\"@type\":\"Person\",\"@id\":\"https:\\\/\\\/www.justretail.news\\\/latam\\\/#\\\/schema\\\/person\\\/c2656ce0a4e1c3a0cb63204b17bce2d2\",\"name\":\"redaccion\",\"image\":{\"@type\":\"ImageObject\",\"inLanguage\":\"es\",\"@id\":\"https:\\\/\\\/secure.gravatar.com\\\/avatar\\\/0af76fe7cdb55b1d9835c5dcb644cd298ff04e340eef9d71898a0f0a1ea867d0?s=96&d=mm&r=g\",\"url\":\"https:\\\/\\\/secure.gravatar.com\\\/avatar\\\/0af76fe7cdb55b1d9835c5dcb644cd298ff04e340eef9d71898a0f0a1ea867d0?s=96&d=mm&r=g\",\"contentUrl\":\"https:\\\/\\\/secure.gravatar.com\\\/avatar\\\/0af76fe7cdb55b1d9835c5dcb644cd298ff04e340eef9d71898a0f0a1ea867d0?s=96&d=mm&r=g\",\"caption\":\"redaccion\"},\"url\":\"https:\\\/\\\/www.justretail.news\\\/latam\\\/noticias\\\/author\\\/redaccion\\\/\"}]}<\/script>\n<!-- \/ Yoast SEO plugin. -->","yoast_head_json":{"title":"Aqu\u00ed tu Remodelaci\u00f3n llega a Colombia con modelo innovador - Just Retail Latam","description":"Aqu\u00ed tu Remodelaci\u00f3n llega a Colombia con un modelo que combina tecnolog\u00eda, tiendas f\u00edsicas y una red de franquicias.","robots":{"index":"index","follow":"follow","max-snippet":"max-snippet:-1","max-image-preview":"max-image-preview:large","max-video-preview":"max-video-preview:-1"},"canonical":"https:\/\/www.justretail.news\/latam\/noticias\/aqui-tu-remodelacion-llega-a-colombia-con-modelo-innovador\/","og_locale":"es_ES","og_type":"article","og_title":"Aqu\u00ed tu Remodelaci\u00f3n llega a Colombia con modelo innovador - Just Retail Latam","og_description":"Aqu\u00ed tu Remodelaci\u00f3n llega a Colombia con un modelo que combina tecnolog\u00eda, tiendas f\u00edsicas y una red de franquicias.","og_url":"https:\/\/www.justretail.news\/latam\/noticias\/aqui-tu-remodelacion-llega-a-colombia-con-modelo-innovador\/","og_site_name":"Just Retail Latam","article_published_time":"2025-05-14T13:10:00+00:00","article_modified_time":"2025-11-08T22:50:38+00:00","og_image":[{"width":2560,"height":1707,"url":"https:\/\/www.justretail.news\/latam\/wp-content\/uploads\/2025\/05\/AdobeStock_170711980-scaled.jpeg","type":"image\/jpeg"}],"author":"redaccion","twitter_card":"summary_large_image","twitter_misc":{"Escrito por":"redaccion","Tiempo de lectura":"3 minutos"},"schema":{"@context":"https:\/\/schema.org","@graph":[{"@type":"Article","@id":"https:\/\/www.justretail.news\/latam\/noticias\/aqui-tu-remodelacion-llega-a-colombia-con-modelo-innovador\/#article","isPartOf":{"@id":"https:\/\/www.justretail.news\/latam\/noticias\/aqui-tu-remodelacion-llega-a-colombia-con-modelo-innovador\/"},"author":{"name":"redaccion","@id":"https:\/\/www.justretail.news\/latam\/#\/schema\/person\/c2656ce0a4e1c3a0cb63204b17bce2d2"},"headline":"Aqu\u00ed tu Remodelaci\u00f3n llega a Colombia con modelo innovador","datePublished":"2025-05-14T13:10:00+00:00","dateModified":"2025-11-08T22:50:38+00:00","mainEntityOfPage":{"@id":"https:\/\/www.justretail.news\/latam\/noticias\/aqui-tu-remodelacion-llega-a-colombia-con-modelo-innovador\/"},"wordCount":469,"publisher":{"@id":"https:\/\/www.justretail.news\/latam\/#organization"},"image":{"@id":"https:\/\/www.justretail.news\/latam\/noticias\/aqui-tu-remodelacion-llega-a-colombia-con-modelo-innovador\/#primaryimage"},"thumbnailUrl":"https:\/\/www.justretail.news\/latam\/wp-content\/uploads\/2025\/05\/AdobeStock_170711980-scaled.jpeg","keywords":["Aqu\u00ed tu remodelaci\u00f3n","Colombia","Espa\u00f1a","expansi\u00f3n"],"articleSection":["Empresas"],"inLanguage":"es"},{"@type":"WebPage","@id":"https:\/\/www.justretail.news\/latam\/noticias\/aqui-tu-remodelacion-llega-a-colombia-con-modelo-innovador\/","url":"https:\/\/www.justretail.news\/latam\/noticias\/aqui-tu-remodelacion-llega-a-colombia-con-modelo-innovador\/","name":"Aqu\u00ed tu Remodelaci\u00f3n llega a Colombia con modelo innovador - Just Retail Latam","isPartOf":{"@id":"https:\/\/www.justretail.news\/latam\/#website"},"primaryImageOfPage":{"@id":"https:\/\/www.justretail.news\/latam\/noticias\/aqui-tu-remodelacion-llega-a-colombia-con-modelo-innovador\/#primaryimage"},"image":{"@id":"https:\/\/www.justretail.news\/latam\/noticias\/aqui-tu-remodelacion-llega-a-colombia-con-modelo-innovador\/#primaryimage"},"thumbnailUrl":"https:\/\/www.justretail.news\/latam\/wp-content\/uploads\/2025\/05\/AdobeStock_170711980-scaled.jpeg","datePublished":"2025-05-14T13:10:00+00:00","dateModified":"2025-11-08T22:50:38+00:00","description":"Aqu\u00ed tu Remodelaci\u00f3n llega a Colombia con un modelo que combina tecnolog\u00eda, tiendas f\u00edsicas y una red de franquicias.","breadcrumb":{"@id":"https:\/\/www.justretail.news\/latam\/noticias\/aqui-tu-remodelacion-llega-a-colombia-con-modelo-innovador\/#breadcrumb"},"inLanguage":"es","potentialAction":[{"@type":"ReadAction","target":["https:\/\/www.justretail.news\/latam\/noticias\/aqui-tu-remodelacion-llega-a-colombia-con-modelo-innovador\/"]}]},{"@type":"ImageObject","inLanguage":"es","@id":"https:\/\/www.justretail.news\/latam\/noticias\/aqui-tu-remodelacion-llega-a-colombia-con-modelo-innovador\/#primaryimage","url":"https:\/\/www.justretail.news\/latam\/wp-content\/uploads\/2025\/05\/AdobeStock_170711980-scaled.jpeg","contentUrl":"https:\/\/www.justretail.news\/latam\/wp-content\/uploads\/2025\/05\/AdobeStock_170711980-scaled.jpeg","width":2560,"height":1707,"caption":"Overhead View Of Couple Looking At Laptop In Modern Kitchen"},{"@type":"BreadcrumbList","@id":"https:\/\/www.justretail.news\/latam\/noticias\/aqui-tu-remodelacion-llega-a-colombia-con-modelo-innovador\/#breadcrumb","itemListElement":[{"@type":"ListItem","position":1,"name":"Portada","item":"https:\/\/www.justretail.news\/latam\/"},{"@type":"ListItem","position":2,"name":"Aqu\u00ed tu Remodelaci\u00f3n llega a Colombia con modelo innovador"}]},{"@type":"WebSite","@id":"https:\/\/www.justretail.news\/latam\/#website","url":"https:\/\/www.justretail.news\/latam\/","name":"Just Retail Latam","description":"","publisher":{"@id":"https:\/\/www.justretail.news\/latam\/#organization"},"potentialAction":[{"@type":"SearchAction","target":{"@type":"EntryPoint","urlTemplate":"https:\/\/www.justretail.news\/latam\/?s={search_term_string}"},"query-input":{"@type":"PropertyValueSpecification","valueRequired":true,"valueName":"search_term_string"}}],"inLanguage":"es"},{"@type":"Organization","@id":"https:\/\/www.justretail.news\/latam\/#organization","name":"Just Retail Latam","url":"https:\/\/www.justretail.news\/latam\/","logo":{"@type":"ImageObject","inLanguage":"es","@id":"https:\/\/www.justretail.news\/latam\/#\/schema\/logo\/image\/","url":"https:\/\/www.justretail.news\/latam\/wp-content\/uploads\/2024\/05\/just-retail-logo-NEGRO-trans-latam-272x90_nuevo.png","contentUrl":"https:\/\/www.justretail.news\/latam\/wp-content\/uploads\/2024\/05\/just-retail-logo-NEGRO-trans-latam-272x90_nuevo.png","width":272,"height":90,"caption":"Just Retail Latam"},"image":{"@id":"https:\/\/www.justretail.news\/latam\/#\/schema\/logo\/image\/"}},{"@type":"Person","@id":"https:\/\/www.justretail.news\/latam\/#\/schema\/person\/c2656ce0a4e1c3a0cb63204b17bce2d2","name":"redaccion","image":{"@type":"ImageObject","inLanguage":"es","@id":"https:\/\/secure.gravatar.com\/avatar\/0af76fe7cdb55b1d9835c5dcb644cd298ff04e340eef9d71898a0f0a1ea867d0?s=96&d=mm&r=g","url":"https:\/\/secure.gravatar.com\/avatar\/0af76fe7cdb55b1d9835c5dcb644cd298ff04e340eef9d71898a0f0a1ea867d0?s=96&d=mm&r=g","contentUrl":"https:\/\/secure.gravatar.com\/avatar\/0af76fe7cdb55b1d9835c5dcb644cd298ff04e340eef9d71898a0f0a1ea867d0?s=96&d=mm&r=g","caption":"redaccion"},"url":"https:\/\/www.justretail.news\/latam\/noticias\/author\/redaccion\/"}]}},"jetpack_featured_media_url":"https:\/\/www.justretail.news\/latam\/wp-content\/uploads\/2025\/05\/AdobeStock_170711980-scaled.jpeg","jetpack_sharing_enabled":true,"_links":{"self":[{"href":"https:\/\/www.justretail.news\/latam\/wp-json\/wp\/v2\/posts\/3645","targetHints":{"allow":["GET"]}}],"collection":[{"href":"https:\/\/www.justretail.news\/latam\/wp-json\/wp\/v2\/posts"}],"about":[{"href":"https:\/\/www.justretail.news\/latam\/wp-json\/wp\/v2\/types\/post"}],"author":[{"embeddable":true,"href":"https:\/\/www.justretail.news\/latam\/wp-json\/wp\/v2\/users\/3"}],"replies":[{"embeddable":true,"href":"https:\/\/www.justretail.news\/latam\/wp-json\/wp\/v2\/comments?post=3645"}],"version-history":[{"count":2,"href":"https:\/\/www.justretail.news\/latam\/wp-json\/wp\/v2\/posts\/3645\/revisions"}],"predecessor-version":[{"id":3650,"href":"https:\/\/www.justretail.news\/latam\/wp-json\/wp\/v2\/posts\/3645\/revisions\/3650"}],"wp:featuredmedia":[{"embeddable":true,"href":"https:\/\/www.justretail.news\/latam\/wp-json\/wp\/v2\/media\/3647"}],"wp:attachment":[{"href":"https:\/\/www.justretail.news\/latam\/wp-json\/wp\/v2\/media?parent=3645"}],"wp:term":[{"taxonomy":"category","embeddable":true,"href":"https:\/\/www.justretail.news\/latam\/wp-json\/wp\/v2\/categories?post=3645"},{"taxonomy":"post_tag","embeddable":true,"href":"https:\/\/www.justretail.news\/latam\/wp-json\/wp\/v2\/tags?post=3645"}],"curies":[{"name":"wp","href":"https:\/\/api.w.org\/{rel}","templated":true}]}}