{"id":3651,"date":"2025-05-15T15:00:00","date_gmt":"2025-05-15T13:00:00","guid":{"rendered":"https:\/\/www.justretail.news\/latam\/?p=3651"},"modified":"2025-11-08T23:50:38","modified_gmt":"2025-11-08T22:50:38","slug":"globalsuite-nombra-a-jaime-giron-como-consejero-ejecutivo","status":"publish","type":"post","link":"https:\/\/www.justretail.news\/latam\/noticias\/globalsuite-nombra-a-jaime-giron-como-consejero-ejecutivo\/","title":{"rendered":"GlobalSuite nombra a Jaime Gir\u00f3n como Consejero Ejecutivo"},"content":{"rendered":"\n<p>GlobalSuite Solutions, la firma tecnol\u00f3gica, ha anunciado la incorporaci\u00f3n de\u00a0<strong>Jaime Gir\u00f3n de Velasco como nuevo Consejero Ejecutivo<\/strong>, con el objetivo de reforzar su estrategia de expansi\u00f3n en Europa y Latinoam\u00e9rica dentro del mercado de Gobierno, Riesgo y Cumplimiento (GRC).<\/p>\n\n\n\n<p>Gir\u00f3n de Velasco aporta m\u00e1s de&nbsp;<strong>20 a\u00f1os de experiencia<\/strong>&nbsp;en capital privado, direcci\u00f3n empresarial y emprendimiento. Su trayectoria incluye cargos como CEO y CFO en diferentes compa\u00f1\u00edas, as\u00ed como la cofundaci\u00f3n de Moonz, red de cl\u00ednicas dentales con presencia en Espa\u00f1a y Reino Unido. Tambi\u00e9n ha sido parte de firmas como Capza, Inova Capital, Oliver Wyman y Bankia.<\/p>\n\n\n\n<h3 class=\"wp-block-heading\"><strong>Crecimiento org\u00e1nico e inorg\u00e1nico en un mercado en expansi\u00f3n<\/strong><\/h3>\n\n\n\n<p>Con este nombramiento, GlobalSuite Solutions apuesta por fortalecer su liderazgo en un sector que se encuentra en pleno crecimiento. Seg\u00fan datos del mercado, se espera que el ecosistema GRC supere los&nbsp;<strong>160 mil millones de d\u00f3lares en 2032<\/strong>, con un crecimiento promedio anual del&nbsp;<strong>15%<\/strong>.<\/p>\n\n\n\n<p>La llegada de Gir\u00f3n de Velasco apunta a impulsar tanto el&nbsp;<strong>crecimiento org\u00e1nico<\/strong>&nbsp;como el&nbsp;<strong>inorg\u00e1nico<\/strong>&nbsp;de la compa\u00f1\u00eda, mediante nuevas adquisiciones y estrategias de consolidaci\u00f3n. Su experiencia en fusiones y adquisiciones (M&amp;A), as\u00ed como en el ecosistema emprendedor, ofrecer\u00e1 una perspectiva estrat\u00e9gica centrada en la innovaci\u00f3n y el valor a largo plazo.<\/p>\n\n\n\n<h3 class=\"wp-block-heading\"><strong>Foco regional: Europa y Latinoam\u00e9rica como ejes de expansi\u00f3n<\/strong><\/h3>\n\n\n\n<p>Desde su nueva posici\u00f3n, el ejecutivo asumir\u00e1 responsabilidad sobre&nbsp;<strong>todos los mercados en los que opera la empresa<\/strong>, con \u00e9nfasis en Latinoam\u00e9rica, una regi\u00f3n clave para GlobalSuite Solutions. Actualmente, la compa\u00f1\u00eda tiene presencia activa en&nbsp;<strong>M\u00e9xico, Chile, Per\u00fa, Colombia, Ecuador y Rep\u00fablica Dominicana<\/strong>, consolidando su alcance en mercados emergentes.<\/p>\n\n\n\n<p>\u201cEstoy convencido del valor de <a href=\"https:\/\/www.globalsuitesolutions.com\/es\/?gad_source=1&amp;gad_campaignid=21493661700&amp;gbraid=0AAAAAD7gb8ito6CYsaOUPO6BcrR-R-W8L&amp;gclid=CjwKCAjw_pDBBhBMEiwAmY02Nm-Az87wUivM6qtX1K4qbUNl17-qp7AFYo6TljRm1gMu4RZeMmav4BoCarUQAvD_BwE\">GlobalSuite <\/a>como plataforma de referencia para la gesti\u00f3n GRC\u201d, coment\u00f3 Gir\u00f3n de Velasco. \u201cEn un entorno de creciente incertidumbre, las organizaciones necesitan soluciones confiables para automatizar y digitalizar sus procesos de cumplimiento y gesti\u00f3n de riesgos\u201d.<\/p>\n","protected":false},"excerpt":{"rendered":"<p>GlobalSuite Solutions, la firma tecnol\u00f3gica, ha anunciado la incorporaci\u00f3n de\u00a0Jaime Gir\u00f3n de Velasco como nuevo Consejero Ejecutivo, con el objetivo de reforzar su estrategia de expansi\u00f3n en Europa y Latinoam\u00e9rica dentro del mercado de Gobierno, Riesgo y Cumplimiento (GRC). Gir\u00f3n de Velasco aporta m\u00e1s de&nbsp;20 a\u00f1os de experiencia&nbsp;en capital privado, direcci\u00f3n empresarial y emprendimiento. Su [&hellip;]<\/p>\n","protected":false},"author":3,"featured_media":3652,"comment_status":"closed","ping_status":"open","sticky":false,"template":"","format":"standard","meta":{"_jetpack_memberships_contains_paid_content":false,"footnotes":""},"categories":[71],"tags":[65,821,822,412,267],"class_list":{"0":"post-3651","1":"post","2":"type-post","3":"status-publish","4":"format-standard","5":"has-post-thumbnail","7":"category-nombramientos","8":"tag-expansion","9":"tag-global-suite","10":"tag-jaime-giron","11":"tag-latinoamerica","12":"tag-nombramiento"},"yoast_head":"<!-- This site is optimized with the Yoast SEO plugin v27.4 - https:\/\/yoast.com\/product\/yoast-seo-wordpress\/ -->\n<title>GlobalSuite nombra a Jaime Gir\u00f3n como Consejero Ejecutivo - Just Retail Latam<\/title>\n<meta name=\"description\" content=\"GlobalSuite Solutions nombra a Jaime Gir\u00f3n de Velasco como Consejero Ejecutivo para liderar su expansi\u00f3n en Latinoam\u00e9rica en el sector GRC.\" \/>\n<meta name=\"robots\" content=\"index, follow, max-snippet:-1, max-image-preview:large, max-video-preview:-1\" \/>\n<link rel=\"canonical\" href=\"https:\/\/www.justretail.news\/latam\/noticias\/globalsuite-nombra-a-jaime-giron-como-consejero-ejecutivo\/\" \/>\n<meta property=\"og:locale\" content=\"es_ES\" \/>\n<meta property=\"og:type\" content=\"article\" \/>\n<meta property=\"og:title\" content=\"GlobalSuite nombra a Jaime Gir\u00f3n como Consejero Ejecutivo - Just Retail Latam\" \/>\n<meta property=\"og:description\" content=\"GlobalSuite Solutions nombra a Jaime Gir\u00f3n de Velasco como Consejero Ejecutivo para liderar su expansi\u00f3n en Latinoam\u00e9rica en el sector GRC.\" \/>\n<meta property=\"og:url\" content=\"https:\/\/www.justretail.news\/latam\/noticias\/globalsuite-nombra-a-jaime-giron-como-consejero-ejecutivo\/\" \/>\n<meta property=\"og:site_name\" content=\"Just Retail Latam\" \/>\n<meta property=\"article:published_time\" content=\"2025-05-15T13:00:00+00:00\" \/>\n<meta property=\"article:modified_time\" content=\"2025-11-08T22:50:38+00:00\" \/>\n<meta property=\"og:image\" content=\"https:\/\/www.justretail.news\/latam\/wp-content\/uploads\/2025\/05\/globalnombramiento.jpg\" \/>\n\t<meta property=\"og:image:width\" content=\"1920\" \/>\n\t<meta property=\"og:image:height\" content=\"1080\" \/>\n\t<meta property=\"og:image:type\" content=\"image\/jpeg\" \/>\n<meta name=\"author\" content=\"redaccion\" \/>\n<meta name=\"twitter:card\" content=\"summary_large_image\" \/>\n<meta name=\"twitter:label1\" content=\"Escrito por\" \/>\n\t<meta name=\"twitter:data1\" content=\"redaccion\" \/>\n\t<meta name=\"twitter:label2\" content=\"Tiempo de lectura\" \/>\n\t<meta name=\"twitter:data2\" content=\"2 minutos\" \/>\n<script type=\"application\/ld+json\" class=\"yoast-schema-graph\">{\"@context\":\"https:\\\/\\\/schema.org\",\"@graph\":[{\"@type\":\"Article\",\"@id\":\"https:\\\/\\\/www.justretail.news\\\/latam\\\/noticias\\\/globalsuite-nombra-a-jaime-giron-como-consejero-ejecutivo\\\/#article\",\"isPartOf\":{\"@id\":\"https:\\\/\\\/www.justretail.news\\\/latam\\\/noticias\\\/globalsuite-nombra-a-jaime-giron-como-consejero-ejecutivo\\\/\"},\"author\":{\"name\":\"redaccion\",\"@id\":\"https:\\\/\\\/www.justretail.news\\\/latam\\\/#\\\/schema\\\/person\\\/c2656ce0a4e1c3a0cb63204b17bce2d2\"},\"headline\":\"GlobalSuite nombra a Jaime Gir\u00f3n como Consejero Ejecutivo\",\"datePublished\":\"2025-05-15T13:00:00+00:00\",\"dateModified\":\"2025-11-08T22:50:38+00:00\",\"mainEntityOfPage\":{\"@id\":\"https:\\\/\\\/www.justretail.news\\\/latam\\\/noticias\\\/globalsuite-nombra-a-jaime-giron-como-consejero-ejecutivo\\\/\"},\"wordCount\":359,\"publisher\":{\"@id\":\"https:\\\/\\\/www.justretail.news\\\/latam\\\/#organization\"},\"image\":{\"@id\":\"https:\\\/\\\/www.justretail.news\\\/latam\\\/noticias\\\/globalsuite-nombra-a-jaime-giron-como-consejero-ejecutivo\\\/#primaryimage\"},\"thumbnailUrl\":\"https:\\\/\\\/www.justretail.news\\\/latam\\\/wp-content\\\/uploads\\\/2025\\\/05\\\/globalnombramiento.jpg\",\"keywords\":[\"expansi\u00f3n\",\"Global Suite\",\"Jaime Gir\u00f3n\",\"Latinoam\u00e9rica\",\"nombramiento\"],\"articleSection\":[\"Nombramientos\"],\"inLanguage\":\"es\"},{\"@type\":\"WebPage\",\"@id\":\"https:\\\/\\\/www.justretail.news\\\/latam\\\/noticias\\\/globalsuite-nombra-a-jaime-giron-como-consejero-ejecutivo\\\/\",\"url\":\"https:\\\/\\\/www.justretail.news\\\/latam\\\/noticias\\\/globalsuite-nombra-a-jaime-giron-como-consejero-ejecutivo\\\/\",\"name\":\"GlobalSuite nombra a Jaime Gir\u00f3n como Consejero Ejecutivo - Just Retail Latam\",\"isPartOf\":{\"@id\":\"https:\\\/\\\/www.justretail.news\\\/latam\\\/#website\"},\"primaryImageOfPage\":{\"@id\":\"https:\\\/\\\/www.justretail.news\\\/latam\\\/noticias\\\/globalsuite-nombra-a-jaime-giron-como-consejero-ejecutivo\\\/#primaryimage\"},\"image\":{\"@id\":\"https:\\\/\\\/www.justretail.news\\\/latam\\\/noticias\\\/globalsuite-nombra-a-jaime-giron-como-consejero-ejecutivo\\\/#primaryimage\"},\"thumbnailUrl\":\"https:\\\/\\\/www.justretail.news\\\/latam\\\/wp-content\\\/uploads\\\/2025\\\/05\\\/globalnombramiento.jpg\",\"datePublished\":\"2025-05-15T13:00:00+00:00\",\"dateModified\":\"2025-11-08T22:50:38+00:00\",\"description\":\"GlobalSuite Solutions nombra a Jaime Gir\u00f3n de Velasco como Consejero Ejecutivo para liderar su expansi\u00f3n en Latinoam\u00e9rica en el sector GRC.\",\"breadcrumb\":{\"@id\":\"https:\\\/\\\/www.justretail.news\\\/latam\\\/noticias\\\/globalsuite-nombra-a-jaime-giron-como-consejero-ejecutivo\\\/#breadcrumb\"},\"inLanguage\":\"es\",\"potentialAction\":[{\"@type\":\"ReadAction\",\"target\":[\"https:\\\/\\\/www.justretail.news\\\/latam\\\/noticias\\\/globalsuite-nombra-a-jaime-giron-como-consejero-ejecutivo\\\/\"]}]},{\"@type\":\"ImageObject\",\"inLanguage\":\"es\",\"@id\":\"https:\\\/\\\/www.justretail.news\\\/latam\\\/noticias\\\/globalsuite-nombra-a-jaime-giron-como-consejero-ejecutivo\\\/#primaryimage\",\"url\":\"https:\\\/\\\/www.justretail.news\\\/latam\\\/wp-content\\\/uploads\\\/2025\\\/05\\\/globalnombramiento.jpg\",\"contentUrl\":\"https:\\\/\\\/www.justretail.news\\\/latam\\\/wp-content\\\/uploads\\\/2025\\\/05\\\/globalnombramiento.jpg\",\"width\":1920,\"height\":1080,\"caption\":\"GlobalSuite\"},{\"@type\":\"BreadcrumbList\",\"@id\":\"https:\\\/\\\/www.justretail.news\\\/latam\\\/noticias\\\/globalsuite-nombra-a-jaime-giron-como-consejero-ejecutivo\\\/#breadcrumb\",\"itemListElement\":[{\"@type\":\"ListItem\",\"position\":1,\"name\":\"Portada\",\"item\":\"https:\\\/\\\/www.justretail.news\\\/latam\\\/\"},{\"@type\":\"ListItem\",\"position\":2,\"name\":\"GlobalSuite nombra a Jaime Gir\u00f3n como Consejero Ejecutivo\"}]},{\"@type\":\"WebSite\",\"@id\":\"https:\\\/\\\/www.justretail.news\\\/latam\\\/#website\",\"url\":\"https:\\\/\\\/www.justretail.news\\\/latam\\\/\",\"name\":\"Just Retail Latam\",\"description\":\"\",\"publisher\":{\"@id\":\"https:\\\/\\\/www.justretail.news\\\/latam\\\/#organization\"},\"potentialAction\":[{\"@type\":\"SearchAction\",\"target\":{\"@type\":\"EntryPoint\",\"urlTemplate\":\"https:\\\/\\\/www.justretail.news\\\/latam\\\/?s={search_term_string}\"},\"query-input\":{\"@type\":\"PropertyValueSpecification\",\"valueRequired\":true,\"valueName\":\"search_term_string\"}}],\"inLanguage\":\"es\"},{\"@type\":\"Organization\",\"@id\":\"https:\\\/\\\/www.justretail.news\\\/latam\\\/#organization\",\"name\":\"Just Retail Latam\",\"url\":\"https:\\\/\\\/www.justretail.news\\\/latam\\\/\",\"logo\":{\"@type\":\"ImageObject\",\"inLanguage\":\"es\",\"@id\":\"https:\\\/\\\/www.justretail.news\\\/latam\\\/#\\\/schema\\\/logo\\\/image\\\/\",\"url\":\"https:\\\/\\\/www.justretail.news\\\/latam\\\/wp-content\\\/uploads\\\/2024\\\/05\\\/just-retail-logo-NEGRO-trans-latam-272x90_nuevo.png\",\"contentUrl\":\"https:\\\/\\\/www.justretail.news\\\/latam\\\/wp-content\\\/uploads\\\/2024\\\/05\\\/just-retail-logo-NEGRO-trans-latam-272x90_nuevo.png\",\"width\":272,\"height\":90,\"caption\":\"Just Retail Latam\"},\"image\":{\"@id\":\"https:\\\/\\\/www.justretail.news\\\/latam\\\/#\\\/schema\\\/logo\\\/image\\\/\"}},{\"@type\":\"Person\",\"@id\":\"https:\\\/\\\/www.justretail.news\\\/latam\\\/#\\\/schema\\\/person\\\/c2656ce0a4e1c3a0cb63204b17bce2d2\",\"name\":\"redaccion\",\"image\":{\"@type\":\"ImageObject\",\"inLanguage\":\"es\",\"@id\":\"https:\\\/\\\/secure.gravatar.com\\\/avatar\\\/0af76fe7cdb55b1d9835c5dcb644cd298ff04e340eef9d71898a0f0a1ea867d0?s=96&d=mm&r=g\",\"url\":\"https:\\\/\\\/secure.gravatar.com\\\/avatar\\\/0af76fe7cdb55b1d9835c5dcb644cd298ff04e340eef9d71898a0f0a1ea867d0?s=96&d=mm&r=g\",\"contentUrl\":\"https:\\\/\\\/secure.gravatar.com\\\/avatar\\\/0af76fe7cdb55b1d9835c5dcb644cd298ff04e340eef9d71898a0f0a1ea867d0?s=96&d=mm&r=g\",\"caption\":\"redaccion\"},\"url\":\"https:\\\/\\\/www.justretail.news\\\/latam\\\/noticias\\\/author\\\/redaccion\\\/\"}]}<\/script>\n<!-- \/ Yoast SEO plugin. -->","yoast_head_json":{"title":"GlobalSuite nombra a Jaime Gir\u00f3n como Consejero Ejecutivo - Just Retail Latam","description":"GlobalSuite Solutions nombra a Jaime Gir\u00f3n de Velasco como Consejero Ejecutivo para liderar su expansi\u00f3n en Latinoam\u00e9rica en el sector GRC.","robots":{"index":"index","follow":"follow","max-snippet":"max-snippet:-1","max-image-preview":"max-image-preview:large","max-video-preview":"max-video-preview:-1"},"canonical":"https:\/\/www.justretail.news\/latam\/noticias\/globalsuite-nombra-a-jaime-giron-como-consejero-ejecutivo\/","og_locale":"es_ES","og_type":"article","og_title":"GlobalSuite nombra a Jaime Gir\u00f3n como Consejero Ejecutivo - Just Retail Latam","og_description":"GlobalSuite Solutions nombra a Jaime Gir\u00f3n de Velasco como Consejero Ejecutivo para liderar su expansi\u00f3n en Latinoam\u00e9rica en el sector GRC.","og_url":"https:\/\/www.justretail.news\/latam\/noticias\/globalsuite-nombra-a-jaime-giron-como-consejero-ejecutivo\/","og_site_name":"Just Retail Latam","article_published_time":"2025-05-15T13:00:00+00:00","article_modified_time":"2025-11-08T22:50:38+00:00","og_image":[{"width":1920,"height":1080,"url":"https:\/\/www.justretail.news\/latam\/wp-content\/uploads\/2025\/05\/globalnombramiento.jpg","type":"image\/jpeg"}],"author":"redaccion","twitter_card":"summary_large_image","twitter_misc":{"Escrito por":"redaccion","Tiempo de lectura":"2 minutos"},"schema":{"@context":"https:\/\/schema.org","@graph":[{"@type":"Article","@id":"https:\/\/www.justretail.news\/latam\/noticias\/globalsuite-nombra-a-jaime-giron-como-consejero-ejecutivo\/#article","isPartOf":{"@id":"https:\/\/www.justretail.news\/latam\/noticias\/globalsuite-nombra-a-jaime-giron-como-consejero-ejecutivo\/"},"author":{"name":"redaccion","@id":"https:\/\/www.justretail.news\/latam\/#\/schema\/person\/c2656ce0a4e1c3a0cb63204b17bce2d2"},"headline":"GlobalSuite nombra a Jaime Gir\u00f3n como Consejero Ejecutivo","datePublished":"2025-05-15T13:00:00+00:00","dateModified":"2025-11-08T22:50:38+00:00","mainEntityOfPage":{"@id":"https:\/\/www.justretail.news\/latam\/noticias\/globalsuite-nombra-a-jaime-giron-como-consejero-ejecutivo\/"},"wordCount":359,"publisher":{"@id":"https:\/\/www.justretail.news\/latam\/#organization"},"image":{"@id":"https:\/\/www.justretail.news\/latam\/noticias\/globalsuite-nombra-a-jaime-giron-como-consejero-ejecutivo\/#primaryimage"},"thumbnailUrl":"https:\/\/www.justretail.news\/latam\/wp-content\/uploads\/2025\/05\/globalnombramiento.jpg","keywords":["expansi\u00f3n","Global Suite","Jaime Gir\u00f3n","Latinoam\u00e9rica","nombramiento"],"articleSection":["Nombramientos"],"inLanguage":"es"},{"@type":"WebPage","@id":"https:\/\/www.justretail.news\/latam\/noticias\/globalsuite-nombra-a-jaime-giron-como-consejero-ejecutivo\/","url":"https:\/\/www.justretail.news\/latam\/noticias\/globalsuite-nombra-a-jaime-giron-como-consejero-ejecutivo\/","name":"GlobalSuite nombra a Jaime Gir\u00f3n como Consejero Ejecutivo - Just Retail Latam","isPartOf":{"@id":"https:\/\/www.justretail.news\/latam\/#website"},"primaryImageOfPage":{"@id":"https:\/\/www.justretail.news\/latam\/noticias\/globalsuite-nombra-a-jaime-giron-como-consejero-ejecutivo\/#primaryimage"},"image":{"@id":"https:\/\/www.justretail.news\/latam\/noticias\/globalsuite-nombra-a-jaime-giron-como-consejero-ejecutivo\/#primaryimage"},"thumbnailUrl":"https:\/\/www.justretail.news\/latam\/wp-content\/uploads\/2025\/05\/globalnombramiento.jpg","datePublished":"2025-05-15T13:00:00+00:00","dateModified":"2025-11-08T22:50:38+00:00","description":"GlobalSuite Solutions nombra a Jaime Gir\u00f3n de Velasco como Consejero Ejecutivo para liderar su expansi\u00f3n en Latinoam\u00e9rica en el sector GRC.","breadcrumb":{"@id":"https:\/\/www.justretail.news\/latam\/noticias\/globalsuite-nombra-a-jaime-giron-como-consejero-ejecutivo\/#breadcrumb"},"inLanguage":"es","potentialAction":[{"@type":"ReadAction","target":["https:\/\/www.justretail.news\/latam\/noticias\/globalsuite-nombra-a-jaime-giron-como-consejero-ejecutivo\/"]}]},{"@type":"ImageObject","inLanguage":"es","@id":"https:\/\/www.justretail.news\/latam\/noticias\/globalsuite-nombra-a-jaime-giron-como-consejero-ejecutivo\/#primaryimage","url":"https:\/\/www.justretail.news\/latam\/wp-content\/uploads\/2025\/05\/globalnombramiento.jpg","contentUrl":"https:\/\/www.justretail.news\/latam\/wp-content\/uploads\/2025\/05\/globalnombramiento.jpg","width":1920,"height":1080,"caption":"GlobalSuite"},{"@type":"BreadcrumbList","@id":"https:\/\/www.justretail.news\/latam\/noticias\/globalsuite-nombra-a-jaime-giron-como-consejero-ejecutivo\/#breadcrumb","itemListElement":[{"@type":"ListItem","position":1,"name":"Portada","item":"https:\/\/www.justretail.news\/latam\/"},{"@type":"ListItem","position":2,"name":"GlobalSuite nombra a Jaime Gir\u00f3n como Consejero Ejecutivo"}]},{"@type":"WebSite","@id":"https:\/\/www.justretail.news\/latam\/#website","url":"https:\/\/www.justretail.news\/latam\/","name":"Just Retail Latam","description":"","publisher":{"@id":"https:\/\/www.justretail.news\/latam\/#organization"},"potentialAction":[{"@type":"SearchAction","target":{"@type":"EntryPoint","urlTemplate":"https:\/\/www.justretail.news\/latam\/?s={search_term_string}"},"query-input":{"@type":"PropertyValueSpecification","valueRequired":true,"valueName":"search_term_string"}}],"inLanguage":"es"},{"@type":"Organization","@id":"https:\/\/www.justretail.news\/latam\/#organization","name":"Just Retail Latam","url":"https:\/\/www.justretail.news\/latam\/","logo":{"@type":"ImageObject","inLanguage":"es","@id":"https:\/\/www.justretail.news\/latam\/#\/schema\/logo\/image\/","url":"https:\/\/www.justretail.news\/latam\/wp-content\/uploads\/2024\/05\/just-retail-logo-NEGRO-trans-latam-272x90_nuevo.png","contentUrl":"https:\/\/www.justretail.news\/latam\/wp-content\/uploads\/2024\/05\/just-retail-logo-NEGRO-trans-latam-272x90_nuevo.png","width":272,"height":90,"caption":"Just Retail Latam"},"image":{"@id":"https:\/\/www.justretail.news\/latam\/#\/schema\/logo\/image\/"}},{"@type":"Person","@id":"https:\/\/www.justretail.news\/latam\/#\/schema\/person\/c2656ce0a4e1c3a0cb63204b17bce2d2","name":"redaccion","image":{"@type":"ImageObject","inLanguage":"es","@id":"https:\/\/secure.gravatar.com\/avatar\/0af76fe7cdb55b1d9835c5dcb644cd298ff04e340eef9d71898a0f0a1ea867d0?s=96&d=mm&r=g","url":"https:\/\/secure.gravatar.com\/avatar\/0af76fe7cdb55b1d9835c5dcb644cd298ff04e340eef9d71898a0f0a1ea867d0?s=96&d=mm&r=g","contentUrl":"https:\/\/secure.gravatar.com\/avatar\/0af76fe7cdb55b1d9835c5dcb644cd298ff04e340eef9d71898a0f0a1ea867d0?s=96&d=mm&r=g","caption":"redaccion"},"url":"https:\/\/www.justretail.news\/latam\/noticias\/author\/redaccion\/"}]}},"jetpack_featured_media_url":"https:\/\/www.justretail.news\/latam\/wp-content\/uploads\/2025\/05\/globalnombramiento.jpg","jetpack_sharing_enabled":true,"_links":{"self":[{"href":"https:\/\/www.justretail.news\/latam\/wp-json\/wp\/v2\/posts\/3651","targetHints":{"allow":["GET"]}}],"collection":[{"href":"https:\/\/www.justretail.news\/latam\/wp-json\/wp\/v2\/posts"}],"about":[{"href":"https:\/\/www.justretail.news\/latam\/wp-json\/wp\/v2\/types\/post"}],"author":[{"embeddable":true,"href":"https:\/\/www.justretail.news\/latam\/wp-json\/wp\/v2\/users\/3"}],"replies":[{"embeddable":true,"href":"https:\/\/www.justretail.news\/latam\/wp-json\/wp\/v2\/comments?post=3651"}],"version-history":[{"count":2,"href":"https:\/\/www.justretail.news\/latam\/wp-json\/wp\/v2\/posts\/3651\/revisions"}],"predecessor-version":[{"id":3654,"href":"https:\/\/www.justretail.news\/latam\/wp-json\/wp\/v2\/posts\/3651\/revisions\/3654"}],"wp:featuredmedia":[{"embeddable":true,"href":"https:\/\/www.justretail.news\/latam\/wp-json\/wp\/v2\/media\/3652"}],"wp:attachment":[{"href":"https:\/\/www.justretail.news\/latam\/wp-json\/wp\/v2\/media?parent=3651"}],"wp:term":[{"taxonomy":"category","embeddable":true,"href":"https:\/\/www.justretail.news\/latam\/wp-json\/wp\/v2\/categories?post=3651"},{"taxonomy":"post_tag","embeddable":true,"href":"https:\/\/www.justretail.news\/latam\/wp-json\/wp\/v2\/tags?post=3651"}],"curies":[{"name":"wp","href":"https:\/\/api.w.org\/{rel}","templated":true}]}}