{"id":4010,"date":"2025-07-11T15:00:00","date_gmt":"2025-07-11T13:00:00","guid":{"rendered":"https:\/\/www.justretail.news\/latam\/?p=4010"},"modified":"2025-11-08T23:50:34","modified_gmt":"2025-11-08T22:50:34","slug":"carrefour-analiza-vender-o-asociarse-en-argentina","status":"publish","type":"post","link":"https:\/\/www.justretail.news\/latam\/noticias\/carrefour-analiza-vender-o-asociarse-en-argentina\/","title":{"rendered":"Carrefour analiza vender o asociarse en Argentina"},"content":{"rendered":"\n<p><strong>Como parte de un plan global, la firma francesa busca opciones para su operaci\u00f3n local.<\/strong><\/p>\n\n\n\n<p>Carrefour Argentina inici\u00f3 un proceso para evaluar la venta total o parcial de su filial, o bien la incorporaci\u00f3n de un socio estrat\u00e9gico. La casa matriz en Francia encarg\u00f3 a Deutsche\u202fBank la tarea de valuar activos y preparar una lista de posibles interesados.<\/p>\n\n\n\n<p>La decisi\u00f3n forma parte de un plan de reestructuraci\u00f3n global liderado por el CEO Alexandre\u202fBompard. La revisi\u00f3n alcanza a varios pa\u00edses considerados no prioritarios, como Rumania, Italia, Polonia y Argentina.<\/p>\n\n\n\n<p>Fuentes cercanas advierten que el proceso est\u00e1 en una fase inicial, puede extenderse por meses o m\u00e1s de un a\u00f1o, y no compromete la continuidad del negocio ni los empleos locales.<\/p>\n\n\n\n<figure class=\"wp-block-image size-large\"><img loading=\"lazy\" decoding=\"async\" width=\"1024\" height=\"576\" src=\"https:\/\/www.justretail.news\/latam\/wp-content\/uploads\/2025\/07\/carrefour.jpg-1024x576.webp\" alt=\"\" class=\"wp-image-4012\" srcset=\"https:\/\/www.justretail.news\/latam\/wp-content\/uploads\/2025\/07\/carrefour.jpg-1024x576.webp 1024w, https:\/\/www.justretail.news\/latam\/wp-content\/uploads\/2025\/07\/carrefour.jpg-300x169.webp 300w, https:\/\/www.justretail.news\/latam\/wp-content\/uploads\/2025\/07\/carrefour.jpg-768x432.webp 768w, https:\/\/www.justretail.news\/latam\/wp-content\/uploads\/2025\/07\/carrefour.jpg-747x420.webp 747w, https:\/\/www.justretail.news\/latam\/wp-content\/uploads\/2025\/07\/carrefour.jpg-150x84.webp 150w, https:\/\/www.justretail.news\/latam\/wp-content\/uploads\/2025\/07\/carrefour.jpg-696x392.webp 696w, https:\/\/www.justretail.news\/latam\/wp-content\/uploads\/2025\/07\/carrefour.jpg-1068x601.webp 1068w, https:\/\/www.justretail.news\/latam\/wp-content\/uploads\/2025\/07\/carrefour.jpg.webp 1200w\" sizes=\"auto, (max-width: 1024px) 100vw, 1024px\" \/><\/figure>\n\n\n\n<h3 class=\"wp-block-heading\"><strong>Una operaci\u00f3n de gran magnitud<\/strong><\/h3>\n\n\n\n<p>Carrefour Argentina opera m\u00e1s de 680 sucursales en 22 provincias, con una plantilla que supera los 17,000 empleados. El negocio registr\u00f3 ventas anuales cercanas a los USD\u202f6,000 millones, seg\u00fan datos de cierre de 2024.<\/p>\n\n\n\n<p>El objetivo no es solo vender, sino tambi\u00e9n explorar la posibilidad de formar una alianza corporativa similar a modelos aplicados en Asia y \u00c1frica, en los cuales Carrefour mantiene participaci\u00f3n conjunta.<\/p>\n\n\n\n<p>Industria local e inversores analizan oportunidades, aunque no todos se enfoquen en una compra total: algunos podr\u00edan preferir asociarse con activos o unidades espec\u00edficas.<\/p>\n\n\n\n<h3 class=\"wp-block-heading\"><strong>Etapas del proceso y pr\u00f3ximos pasos<\/strong><\/h3>\n\n\n\n<p>La estrategia contempla varias fases: valoraci\u00f3n, habilitaci\u00f3n de un \u00abdata room\u00bb con informaci\u00f3n financiera y operativa, y luego la recepci\u00f3n de ofertas formales. Solo al final se definir\u00e1 si avanza una venta o asociaci\u00f3n.<\/p>\n\n\n\n<p>Aunque no se ha establecido un cronograma concreto, se anticipa que podr\u00eda concluir dentro de unos meses o incluso m\u00e1s de un a\u00f1o, seg\u00fan se\u00f1alan fuentes de la compa\u00f1\u00eda.<\/p>\n\n\n\n<p>A\u00fan no hay comentarios oficiales de Carrefour Argentina, mientras el mercado especula sobre los posibles interesados, entre ellos grandes operadores del retail local.<\/p>\n","protected":false},"excerpt":{"rendered":"<p>Como parte de un plan global, la firma francesa busca opciones para su operaci\u00f3n local. Carrefour Argentina inici\u00f3 un proceso para evaluar la venta total o parcial de su filial, o bien la incorporaci\u00f3n de un socio estrat\u00e9gico. La casa matriz en Francia encarg\u00f3 a Deutsche\u202fBank la tarea de valuar activos y preparar una lista [&hellip;]<\/p>\n","protected":false},"author":3,"featured_media":4011,"comment_status":"closed","ping_status":"open","sticky":false,"template":"","format":"standard","meta":{"_jetpack_memberships_contains_paid_content":false,"footnotes":""},"categories":[744],"tags":[194,216,52,882],"class_list":{"0":"post-4010","1":"post","2":"type-post","3":"status-publish","4":"format-standard","5":"has-post-thumbnail","7":"category-empresas","8":"tag-argentina","9":"tag-carrefour","10":"tag-retail","11":"tag-venta"},"yoast_head":"<!-- This site is optimized with the Yoast SEO plugin v27.4 - https:\/\/yoast.com\/product\/yoast-seo-wordpress\/ -->\n<title>Carrefour analiza vender o asociarse en Argentina - Just Retail Latam<\/title>\n<meta name=\"description\" content=\"Carrefour Argentina eval\u00faa vender o asociarse con un socio estrat\u00e9gico como parte de una reestructuraci\u00f3n ordenada.\" \/>\n<meta name=\"robots\" content=\"index, follow, max-snippet:-1, max-image-preview:large, max-video-preview:-1\" \/>\n<link rel=\"canonical\" href=\"https:\/\/www.justretail.news\/latam\/noticias\/carrefour-analiza-vender-o-asociarse-en-argentina\/\" \/>\n<meta property=\"og:locale\" content=\"es_ES\" \/>\n<meta property=\"og:type\" content=\"article\" \/>\n<meta property=\"og:title\" content=\"Carrefour analiza vender o asociarse en Argentina - Just Retail Latam\" \/>\n<meta property=\"og:description\" content=\"Carrefour Argentina eval\u00faa vender o asociarse con un socio estrat\u00e9gico como parte de una reestructuraci\u00f3n ordenada.\" \/>\n<meta property=\"og:url\" content=\"https:\/\/www.justretail.news\/latam\/noticias\/carrefour-analiza-vender-o-asociarse-en-argentina\/\" \/>\n<meta property=\"og:site_name\" content=\"Just Retail Latam\" \/>\n<meta property=\"article:published_time\" content=\"2025-07-11T13:00:00+00:00\" \/>\n<meta property=\"article:modified_time\" content=\"2025-11-08T22:50:34+00:00\" \/>\n<meta property=\"og:image\" content=\"https:\/\/www.justretail.news\/latam\/wp-content\/uploads\/2025\/07\/a-queue-of-people-waiting-to-enter-the-carrefour-supermarket.jpeg\" \/>\n\t<meta property=\"og:image:width\" content=\"1200\" \/>\n\t<meta property=\"og:image:height\" content=\"720\" \/>\n\t<meta property=\"og:image:type\" content=\"image\/jpeg\" \/>\n<meta name=\"author\" content=\"redaccion\" \/>\n<meta name=\"twitter:card\" content=\"summary_large_image\" \/>\n<meta name=\"twitter:label1\" content=\"Escrito por\" \/>\n\t<meta name=\"twitter:data1\" content=\"redaccion\" \/>\n\t<meta name=\"twitter:label2\" content=\"Tiempo de lectura\" \/>\n\t<meta name=\"twitter:data2\" content=\"2 minutos\" \/>\n<script type=\"application\/ld+json\" class=\"yoast-schema-graph\">{\"@context\":\"https:\\\/\\\/schema.org\",\"@graph\":[{\"@type\":\"Article\",\"@id\":\"https:\\\/\\\/www.justretail.news\\\/latam\\\/noticias\\\/carrefour-analiza-vender-o-asociarse-en-argentina\\\/#article\",\"isPartOf\":{\"@id\":\"https:\\\/\\\/www.justretail.news\\\/latam\\\/noticias\\\/carrefour-analiza-vender-o-asociarse-en-argentina\\\/\"},\"author\":{\"name\":\"redaccion\",\"@id\":\"https:\\\/\\\/www.justretail.news\\\/latam\\\/#\\\/schema\\\/person\\\/c2656ce0a4e1c3a0cb63204b17bce2d2\"},\"headline\":\"Carrefour analiza vender o asociarse en Argentina\",\"datePublished\":\"2025-07-11T13:00:00+00:00\",\"dateModified\":\"2025-11-08T22:50:34+00:00\",\"mainEntityOfPage\":{\"@id\":\"https:\\\/\\\/www.justretail.news\\\/latam\\\/noticias\\\/carrefour-analiza-vender-o-asociarse-en-argentina\\\/\"},\"wordCount\":339,\"publisher\":{\"@id\":\"https:\\\/\\\/www.justretail.news\\\/latam\\\/#organization\"},\"image\":{\"@id\":\"https:\\\/\\\/www.justretail.news\\\/latam\\\/noticias\\\/carrefour-analiza-vender-o-asociarse-en-argentina\\\/#primaryimage\"},\"thumbnailUrl\":\"https:\\\/\\\/www.justretail.news\\\/latam\\\/wp-content\\\/uploads\\\/2025\\\/07\\\/a-queue-of-people-waiting-to-enter-the-carrefour-supermarket.jpeg\",\"keywords\":[\"Argentina\",\"Carrefour\",\"retail\",\"venta\"],\"articleSection\":[\"Empresas\"],\"inLanguage\":\"es\"},{\"@type\":\"WebPage\",\"@id\":\"https:\\\/\\\/www.justretail.news\\\/latam\\\/noticias\\\/carrefour-analiza-vender-o-asociarse-en-argentina\\\/\",\"url\":\"https:\\\/\\\/www.justretail.news\\\/latam\\\/noticias\\\/carrefour-analiza-vender-o-asociarse-en-argentina\\\/\",\"name\":\"Carrefour analiza vender o asociarse en Argentina - Just Retail Latam\",\"isPartOf\":{\"@id\":\"https:\\\/\\\/www.justretail.news\\\/latam\\\/#website\"},\"primaryImageOfPage\":{\"@id\":\"https:\\\/\\\/www.justretail.news\\\/latam\\\/noticias\\\/carrefour-analiza-vender-o-asociarse-en-argentina\\\/#primaryimage\"},\"image\":{\"@id\":\"https:\\\/\\\/www.justretail.news\\\/latam\\\/noticias\\\/carrefour-analiza-vender-o-asociarse-en-argentina\\\/#primaryimage\"},\"thumbnailUrl\":\"https:\\\/\\\/www.justretail.news\\\/latam\\\/wp-content\\\/uploads\\\/2025\\\/07\\\/a-queue-of-people-waiting-to-enter-the-carrefour-supermarket.jpeg\",\"datePublished\":\"2025-07-11T13:00:00+00:00\",\"dateModified\":\"2025-11-08T22:50:34+00:00\",\"description\":\"Carrefour Argentina eval\u00faa vender o asociarse con un socio estrat\u00e9gico como parte de una reestructuraci\u00f3n ordenada.\",\"breadcrumb\":{\"@id\":\"https:\\\/\\\/www.justretail.news\\\/latam\\\/noticias\\\/carrefour-analiza-vender-o-asociarse-en-argentina\\\/#breadcrumb\"},\"inLanguage\":\"es\",\"potentialAction\":[{\"@type\":\"ReadAction\",\"target\":[\"https:\\\/\\\/www.justretail.news\\\/latam\\\/noticias\\\/carrefour-analiza-vender-o-asociarse-en-argentina\\\/\"]}]},{\"@type\":\"ImageObject\",\"inLanguage\":\"es\",\"@id\":\"https:\\\/\\\/www.justretail.news\\\/latam\\\/noticias\\\/carrefour-analiza-vender-o-asociarse-en-argentina\\\/#primaryimage\",\"url\":\"https:\\\/\\\/www.justretail.news\\\/latam\\\/wp-content\\\/uploads\\\/2025\\\/07\\\/a-queue-of-people-waiting-to-enter-the-carrefour-supermarket.jpeg\",\"contentUrl\":\"https:\\\/\\\/www.justretail.news\\\/latam\\\/wp-content\\\/uploads\\\/2025\\\/07\\\/a-queue-of-people-waiting-to-enter-the-carrefour-supermarket.jpeg\",\"width\":1200,\"height\":720,\"caption\":\"Carrefour\"},{\"@type\":\"BreadcrumbList\",\"@id\":\"https:\\\/\\\/www.justretail.news\\\/latam\\\/noticias\\\/carrefour-analiza-vender-o-asociarse-en-argentina\\\/#breadcrumb\",\"itemListElement\":[{\"@type\":\"ListItem\",\"position\":1,\"name\":\"Portada\",\"item\":\"https:\\\/\\\/www.justretail.news\\\/latam\\\/\"},{\"@type\":\"ListItem\",\"position\":2,\"name\":\"Carrefour analiza vender o asociarse en Argentina\"}]},{\"@type\":\"WebSite\",\"@id\":\"https:\\\/\\\/www.justretail.news\\\/latam\\\/#website\",\"url\":\"https:\\\/\\\/www.justretail.news\\\/latam\\\/\",\"name\":\"Just Retail Latam\",\"description\":\"\",\"publisher\":{\"@id\":\"https:\\\/\\\/www.justretail.news\\\/latam\\\/#organization\"},\"potentialAction\":[{\"@type\":\"SearchAction\",\"target\":{\"@type\":\"EntryPoint\",\"urlTemplate\":\"https:\\\/\\\/www.justretail.news\\\/latam\\\/?s={search_term_string}\"},\"query-input\":{\"@type\":\"PropertyValueSpecification\",\"valueRequired\":true,\"valueName\":\"search_term_string\"}}],\"inLanguage\":\"es\"},{\"@type\":\"Organization\",\"@id\":\"https:\\\/\\\/www.justretail.news\\\/latam\\\/#organization\",\"name\":\"Just Retail Latam\",\"url\":\"https:\\\/\\\/www.justretail.news\\\/latam\\\/\",\"logo\":{\"@type\":\"ImageObject\",\"inLanguage\":\"es\",\"@id\":\"https:\\\/\\\/www.justretail.news\\\/latam\\\/#\\\/schema\\\/logo\\\/image\\\/\",\"url\":\"https:\\\/\\\/www.justretail.news\\\/latam\\\/wp-content\\\/uploads\\\/2024\\\/05\\\/just-retail-logo-NEGRO-trans-latam-272x90_nuevo.png\",\"contentUrl\":\"https:\\\/\\\/www.justretail.news\\\/latam\\\/wp-content\\\/uploads\\\/2024\\\/05\\\/just-retail-logo-NEGRO-trans-latam-272x90_nuevo.png\",\"width\":272,\"height\":90,\"caption\":\"Just Retail Latam\"},\"image\":{\"@id\":\"https:\\\/\\\/www.justretail.news\\\/latam\\\/#\\\/schema\\\/logo\\\/image\\\/\"}},{\"@type\":\"Person\",\"@id\":\"https:\\\/\\\/www.justretail.news\\\/latam\\\/#\\\/schema\\\/person\\\/c2656ce0a4e1c3a0cb63204b17bce2d2\",\"name\":\"redaccion\",\"image\":{\"@type\":\"ImageObject\",\"inLanguage\":\"es\",\"@id\":\"https:\\\/\\\/secure.gravatar.com\\\/avatar\\\/0af76fe7cdb55b1d9835c5dcb644cd298ff04e340eef9d71898a0f0a1ea867d0?s=96&d=mm&r=g\",\"url\":\"https:\\\/\\\/secure.gravatar.com\\\/avatar\\\/0af76fe7cdb55b1d9835c5dcb644cd298ff04e340eef9d71898a0f0a1ea867d0?s=96&d=mm&r=g\",\"contentUrl\":\"https:\\\/\\\/secure.gravatar.com\\\/avatar\\\/0af76fe7cdb55b1d9835c5dcb644cd298ff04e340eef9d71898a0f0a1ea867d0?s=96&d=mm&r=g\",\"caption\":\"redaccion\"},\"url\":\"https:\\\/\\\/www.justretail.news\\\/latam\\\/noticias\\\/author\\\/redaccion\\\/\"}]}<\/script>\n<!-- \/ Yoast SEO plugin. -->","yoast_head_json":{"title":"Carrefour analiza vender o asociarse en Argentina - Just Retail Latam","description":"Carrefour Argentina eval\u00faa vender o asociarse con un socio estrat\u00e9gico como parte de una reestructuraci\u00f3n ordenada.","robots":{"index":"index","follow":"follow","max-snippet":"max-snippet:-1","max-image-preview":"max-image-preview:large","max-video-preview":"max-video-preview:-1"},"canonical":"https:\/\/www.justretail.news\/latam\/noticias\/carrefour-analiza-vender-o-asociarse-en-argentina\/","og_locale":"es_ES","og_type":"article","og_title":"Carrefour analiza vender o asociarse en Argentina - Just Retail Latam","og_description":"Carrefour Argentina eval\u00faa vender o asociarse con un socio estrat\u00e9gico como parte de una reestructuraci\u00f3n ordenada.","og_url":"https:\/\/www.justretail.news\/latam\/noticias\/carrefour-analiza-vender-o-asociarse-en-argentina\/","og_site_name":"Just Retail Latam","article_published_time":"2025-07-11T13:00:00+00:00","article_modified_time":"2025-11-08T22:50:34+00:00","og_image":[{"width":1200,"height":720,"url":"https:\/\/www.justretail.news\/latam\/wp-content\/uploads\/2025\/07\/a-queue-of-people-waiting-to-enter-the-carrefour-supermarket.jpeg","type":"image\/jpeg"}],"author":"redaccion","twitter_card":"summary_large_image","twitter_misc":{"Escrito por":"redaccion","Tiempo de lectura":"2 minutos"},"schema":{"@context":"https:\/\/schema.org","@graph":[{"@type":"Article","@id":"https:\/\/www.justretail.news\/latam\/noticias\/carrefour-analiza-vender-o-asociarse-en-argentina\/#article","isPartOf":{"@id":"https:\/\/www.justretail.news\/latam\/noticias\/carrefour-analiza-vender-o-asociarse-en-argentina\/"},"author":{"name":"redaccion","@id":"https:\/\/www.justretail.news\/latam\/#\/schema\/person\/c2656ce0a4e1c3a0cb63204b17bce2d2"},"headline":"Carrefour analiza vender o asociarse en Argentina","datePublished":"2025-07-11T13:00:00+00:00","dateModified":"2025-11-08T22:50:34+00:00","mainEntityOfPage":{"@id":"https:\/\/www.justretail.news\/latam\/noticias\/carrefour-analiza-vender-o-asociarse-en-argentina\/"},"wordCount":339,"publisher":{"@id":"https:\/\/www.justretail.news\/latam\/#organization"},"image":{"@id":"https:\/\/www.justretail.news\/latam\/noticias\/carrefour-analiza-vender-o-asociarse-en-argentina\/#primaryimage"},"thumbnailUrl":"https:\/\/www.justretail.news\/latam\/wp-content\/uploads\/2025\/07\/a-queue-of-people-waiting-to-enter-the-carrefour-supermarket.jpeg","keywords":["Argentina","Carrefour","retail","venta"],"articleSection":["Empresas"],"inLanguage":"es"},{"@type":"WebPage","@id":"https:\/\/www.justretail.news\/latam\/noticias\/carrefour-analiza-vender-o-asociarse-en-argentina\/","url":"https:\/\/www.justretail.news\/latam\/noticias\/carrefour-analiza-vender-o-asociarse-en-argentina\/","name":"Carrefour analiza vender o asociarse en Argentina - Just Retail Latam","isPartOf":{"@id":"https:\/\/www.justretail.news\/latam\/#website"},"primaryImageOfPage":{"@id":"https:\/\/www.justretail.news\/latam\/noticias\/carrefour-analiza-vender-o-asociarse-en-argentina\/#primaryimage"},"image":{"@id":"https:\/\/www.justretail.news\/latam\/noticias\/carrefour-analiza-vender-o-asociarse-en-argentina\/#primaryimage"},"thumbnailUrl":"https:\/\/www.justretail.news\/latam\/wp-content\/uploads\/2025\/07\/a-queue-of-people-waiting-to-enter-the-carrefour-supermarket.jpeg","datePublished":"2025-07-11T13:00:00+00:00","dateModified":"2025-11-08T22:50:34+00:00","description":"Carrefour Argentina eval\u00faa vender o asociarse con un socio estrat\u00e9gico como parte de una reestructuraci\u00f3n ordenada.","breadcrumb":{"@id":"https:\/\/www.justretail.news\/latam\/noticias\/carrefour-analiza-vender-o-asociarse-en-argentina\/#breadcrumb"},"inLanguage":"es","potentialAction":[{"@type":"ReadAction","target":["https:\/\/www.justretail.news\/latam\/noticias\/carrefour-analiza-vender-o-asociarse-en-argentina\/"]}]},{"@type":"ImageObject","inLanguage":"es","@id":"https:\/\/www.justretail.news\/latam\/noticias\/carrefour-analiza-vender-o-asociarse-en-argentina\/#primaryimage","url":"https:\/\/www.justretail.news\/latam\/wp-content\/uploads\/2025\/07\/a-queue-of-people-waiting-to-enter-the-carrefour-supermarket.jpeg","contentUrl":"https:\/\/www.justretail.news\/latam\/wp-content\/uploads\/2025\/07\/a-queue-of-people-waiting-to-enter-the-carrefour-supermarket.jpeg","width":1200,"height":720,"caption":"Carrefour"},{"@type":"BreadcrumbList","@id":"https:\/\/www.justretail.news\/latam\/noticias\/carrefour-analiza-vender-o-asociarse-en-argentina\/#breadcrumb","itemListElement":[{"@type":"ListItem","position":1,"name":"Portada","item":"https:\/\/www.justretail.news\/latam\/"},{"@type":"ListItem","position":2,"name":"Carrefour analiza vender o asociarse en Argentina"}]},{"@type":"WebSite","@id":"https:\/\/www.justretail.news\/latam\/#website","url":"https:\/\/www.justretail.news\/latam\/","name":"Just Retail Latam","description":"","publisher":{"@id":"https:\/\/www.justretail.news\/latam\/#organization"},"potentialAction":[{"@type":"SearchAction","target":{"@type":"EntryPoint","urlTemplate":"https:\/\/www.justretail.news\/latam\/?s={search_term_string}"},"query-input":{"@type":"PropertyValueSpecification","valueRequired":true,"valueName":"search_term_string"}}],"inLanguage":"es"},{"@type":"Organization","@id":"https:\/\/www.justretail.news\/latam\/#organization","name":"Just Retail Latam","url":"https:\/\/www.justretail.news\/latam\/","logo":{"@type":"ImageObject","inLanguage":"es","@id":"https:\/\/www.justretail.news\/latam\/#\/schema\/logo\/image\/","url":"https:\/\/www.justretail.news\/latam\/wp-content\/uploads\/2024\/05\/just-retail-logo-NEGRO-trans-latam-272x90_nuevo.png","contentUrl":"https:\/\/www.justretail.news\/latam\/wp-content\/uploads\/2024\/05\/just-retail-logo-NEGRO-trans-latam-272x90_nuevo.png","width":272,"height":90,"caption":"Just Retail Latam"},"image":{"@id":"https:\/\/www.justretail.news\/latam\/#\/schema\/logo\/image\/"}},{"@type":"Person","@id":"https:\/\/www.justretail.news\/latam\/#\/schema\/person\/c2656ce0a4e1c3a0cb63204b17bce2d2","name":"redaccion","image":{"@type":"ImageObject","inLanguage":"es","@id":"https:\/\/secure.gravatar.com\/avatar\/0af76fe7cdb55b1d9835c5dcb644cd298ff04e340eef9d71898a0f0a1ea867d0?s=96&d=mm&r=g","url":"https:\/\/secure.gravatar.com\/avatar\/0af76fe7cdb55b1d9835c5dcb644cd298ff04e340eef9d71898a0f0a1ea867d0?s=96&d=mm&r=g","contentUrl":"https:\/\/secure.gravatar.com\/avatar\/0af76fe7cdb55b1d9835c5dcb644cd298ff04e340eef9d71898a0f0a1ea867d0?s=96&d=mm&r=g","caption":"redaccion"},"url":"https:\/\/www.justretail.news\/latam\/noticias\/author\/redaccion\/"}]}},"jetpack_featured_media_url":"https:\/\/www.justretail.news\/latam\/wp-content\/uploads\/2025\/07\/a-queue-of-people-waiting-to-enter-the-carrefour-supermarket.jpeg","jetpack_sharing_enabled":true,"_links":{"self":[{"href":"https:\/\/www.justretail.news\/latam\/wp-json\/wp\/v2\/posts\/4010","targetHints":{"allow":["GET"]}}],"collection":[{"href":"https:\/\/www.justretail.news\/latam\/wp-json\/wp\/v2\/posts"}],"about":[{"href":"https:\/\/www.justretail.news\/latam\/wp-json\/wp\/v2\/types\/post"}],"author":[{"embeddable":true,"href":"https:\/\/www.justretail.news\/latam\/wp-json\/wp\/v2\/users\/3"}],"replies":[{"embeddable":true,"href":"https:\/\/www.justretail.news\/latam\/wp-json\/wp\/v2\/comments?post=4010"}],"version-history":[{"count":1,"href":"https:\/\/www.justretail.news\/latam\/wp-json\/wp\/v2\/posts\/4010\/revisions"}],"predecessor-version":[{"id":4013,"href":"https:\/\/www.justretail.news\/latam\/wp-json\/wp\/v2\/posts\/4010\/revisions\/4013"}],"wp:featuredmedia":[{"embeddable":true,"href":"https:\/\/www.justretail.news\/latam\/wp-json\/wp\/v2\/media\/4011"}],"wp:attachment":[{"href":"https:\/\/www.justretail.news\/latam\/wp-json\/wp\/v2\/media?parent=4010"}],"wp:term":[{"taxonomy":"category","embeddable":true,"href":"https:\/\/www.justretail.news\/latam\/wp-json\/wp\/v2\/categories?post=4010"},{"taxonomy":"post_tag","embeddable":true,"href":"https:\/\/www.justretail.news\/latam\/wp-json\/wp\/v2\/tags?post=4010"}],"curies":[{"name":"wp","href":"https:\/\/api.w.org\/{rel}","templated":true}]}}