{"id":4014,"date":"2025-07-11T15:00:00","date_gmt":"2025-07-11T13:00:00","guid":{"rendered":"https:\/\/www.justretail.news\/latam\/?p=4014"},"modified":"2025-11-08T23:50:34","modified_gmt":"2025-11-08T22:50:34","slug":"aldo-cumple-objetivo-de-seis-tiendas-nuevas-en-latinoamerica","status":"publish","type":"post","link":"https:\/\/www.justretail.news\/latam\/noticias\/aldo-cumple-objetivo-de-seis-tiendas-nuevas-en-latinoamerica\/","title":{"rendered":"Aldo cumple objetivo de seis tiendas nuevas en Latinoam\u00e9rica"},"content":{"rendered":"\n<p><strong>La marca canadiense avanza con aperturas en Per\u00fa, Colombia y Bolivia para reforzar su presencia regional.<\/strong><\/p>\n\n\n\n<p>Aldo, el mayorista de calzado y accesorios con sede en Canad\u00e1, est\u00e1 cumpliendo su meta de apertura para este trimestre en Latinoam\u00e9rica. Con las nuevas seis tiendas operando, el retailer ampl\u00eda su red con presencia estrat\u00e9gica en mercados clave como Per\u00fa, Colombia y Bolivia.<\/p>\n\n\n\n<p>En Per\u00fa, la expansi\u00f3n incluye locales en centros comerciales de alto tr\u00e1fico. En Colombia, la primera tienda en Bogot\u00e1 (ubicada en Multiplaza La Felicidad) ofrece al p\u00fablico una experiencia moderna, alineada con tendencias internacionales. En Bolivia, se suma una sexta tienda, consolidando su estrategia de crecimiento en ese mercado.<\/p>\n\n\n\n<p>Con este impulso, Aldo refuerza su modelo de negocios que combina establecimientos propios con corners dentro de tiendas departamentales, especialmente en Falabella, donde ya combina presencia directa con puntos de venta integrados.<\/p>\n\n\n\n<h3 class=\"wp-block-heading\"><strong>Estrategia regional con enfoque omnicanal<\/strong><\/h3>\n\n\n\n<p>La estrategia de Aldo combina aperturas f\u00edsicas con canales digitales, apoyados por alianzas estrat\u00e9gicas con socios locales. En Colombia y Per\u00fa, se prioriza la proximidad a zonas urbanas de alto consumo y centros de moda para captar al consumidor moderno y consciente de tendencias.<\/p>\n\n\n\n<p>La tienda en Bogot\u00e1, con un dise\u00f1o sofisticado, busca establecerse como referente de estilo en el mercado capitalino. Simult\u00e1neamente, en Bolivia, la sexta apertura sit\u00faa a Aldo como una marca consolidada en m\u00faltiples ciudades, mostrando adaptabilidad a realidades de mercado diversas.<\/p>\n\n\n\n<p>La combinaci\u00f3n de puntos de venta propios y corners en Falabella permite a Aldo mantener visibilidad en distintos formatos, al tiempo que maximiza cobertura de mercado y potencial de ventas.<\/p>\n\n\n\n<figure class=\"wp-block-gallery has-nested-images columns-default is-cropped wp-block-gallery-1 is-layout-flex wp-block-gallery-is-layout-flex\">\n<figure class=\"wp-block-image size-large\"><img loading=\"lazy\" decoding=\"async\" width=\"806\" height=\"1024\" data-id=\"4016\" src=\"https:\/\/www.justretail.news\/latam\/wp-content\/uploads\/2025\/07\/Website_version_courte_Home_Boutique_v32_NEW-806x1024.png\" alt=\"\" class=\"wp-image-4016\" srcset=\"https:\/\/www.justretail.news\/latam\/wp-content\/uploads\/2025\/07\/Website_version_courte_Home_Boutique_v32_NEW-806x1024.png 806w, https:\/\/www.justretail.news\/latam\/wp-content\/uploads\/2025\/07\/Website_version_courte_Home_Boutique_v32_NEW-236x300.png 236w, https:\/\/www.justretail.news\/latam\/wp-content\/uploads\/2025\/07\/Website_version_courte_Home_Boutique_v32_NEW-768x976.png 768w, https:\/\/www.justretail.news\/latam\/wp-content\/uploads\/2025\/07\/Website_version_courte_Home_Boutique_v32_NEW-331x420.png 331w, https:\/\/www.justretail.news\/latam\/wp-content\/uploads\/2025\/07\/Website_version_courte_Home_Boutique_v32_NEW-150x191.png 150w, https:\/\/www.justretail.news\/latam\/wp-content\/uploads\/2025\/07\/Website_version_courte_Home_Boutique_v32_NEW-300x381.png 300w, https:\/\/www.justretail.news\/latam\/wp-content\/uploads\/2025\/07\/Website_version_courte_Home_Boutique_v32_NEW-696x884.png 696w, https:\/\/www.justretail.news\/latam\/wp-content\/uploads\/2025\/07\/Website_version_courte_Home_Boutique_v32_NEW.png 840w\" sizes=\"auto, (max-width: 806px) 100vw, 806px\" \/><\/figure>\n\n\n\n<figure class=\"wp-block-image size-full\"><img loading=\"lazy\" decoding=\"async\" width=\"957\" height=\"868\" data-id=\"4018\" src=\"https:\/\/www.justretail.news\/latam\/wp-content\/uploads\/2025\/07\/189a5737.jpg\" alt=\"\" class=\"wp-image-4018\" srcset=\"https:\/\/www.justretail.news\/latam\/wp-content\/uploads\/2025\/07\/189a5737.jpg 957w, https:\/\/www.justretail.news\/latam\/wp-content\/uploads\/2025\/07\/189a5737-300x272.jpg 300w, https:\/\/www.justretail.news\/latam\/wp-content\/uploads\/2025\/07\/189a5737-768x697.jpg 768w, https:\/\/www.justretail.news\/latam\/wp-content\/uploads\/2025\/07\/189a5737-463x420.jpg 463w, https:\/\/www.justretail.news\/latam\/wp-content\/uploads\/2025\/07\/189a5737-150x136.jpg 150w, https:\/\/www.justretail.news\/latam\/wp-content\/uploads\/2025\/07\/189a5737-696x631.jpg 696w\" sizes=\"auto, (max-width: 957px) 100vw, 957px\" \/><\/figure>\n<\/figure>\n\n\n\n<h3 class=\"wp-block-heading\"><strong>Potencial de crecimiento y sostenibilidad de marca<\/strong><\/h3>\n\n\n\n<p>Aldo celebra m\u00e1s de 50 a\u00f1os de trayectoria global, con operaciones en cerca de 100 pa\u00edses. Este nuevo ciclo de seis aperturas en la regi\u00f3n coincide con su enfoque en sostenibilidad, la cual fue adoptada desde hace a\u00f1os, con pol\u00edticas de baja huella de carbono y producci\u00f3n responsable.<\/p>\n\n\n\n<p>El logro de estas seis tiendas en menos de seis meses en Latinoam\u00e9rica es una se\u00f1al clara de consolidaci\u00f3n, permitiendo al grupo evaluar formatos, rotaci\u00f3n y aceptaci\u00f3n mientras fortalece relaciones con centros comerciales y socios estrat\u00e9gicos.<\/p>\n\n\n\n<p>La marca continuar\u00e1 su monitoreo evaluativo antes de planear pr\u00f3ximos movimientos, pero este hito refuerza su perfil como actor relevante, con presencia efectiva en mercados de diferentes magnitudes y contextos.<\/p>\n","protected":false},"excerpt":{"rendered":"<p>La marca canadiense avanza con aperturas en Per\u00fa, Colombia y Bolivia para reforzar su presencia regional. Aldo, el mayorista de calzado y accesorios con sede en Canad\u00e1, est\u00e1 cumpliendo su meta de apertura para este trimestre en Latinoam\u00e9rica. Con las nuevas seis tiendas operando, el retailer ampl\u00eda su red con presencia estrat\u00e9gica en mercados clave [&hellip;]<\/p>\n","protected":false},"author":3,"featured_media":4019,"comment_status":"closed","ping_status":"open","sticky":false,"template":"","format":"standard","meta":{"_jetpack_memberships_contains_paid_content":false,"footnotes":""},"categories":[38],"tags":[883,884,65,75,52],"class_list":{"0":"post-4014","1":"post","2":"type-post","3":"status-publish","4":"format-standard","5":"has-post-thumbnail","7":"category-ocio-fb","8":"tag-aldo","9":"tag-bolivia","10":"tag-expansion","11":"tag-peru","12":"tag-retail"},"yoast_head":"<!-- This site is optimized with the Yoast SEO plugin v27.4 - https:\/\/yoast.com\/product\/yoast-seo-wordpress\/ -->\n<title>Aldo cumple objetivo de seis tiendas nuevas en Latinoam\u00e9rica - Just Retail Latam<\/title>\n<meta name=\"description\" content=\"Aldo abre seis tiendas nuevas en Latinoam\u00e9rica este trimestre reforzando su estrategia de expansi\u00f3n f\u00edsica y sostenibilidad regional.\" \/>\n<meta name=\"robots\" content=\"index, follow, max-snippet:-1, max-image-preview:large, max-video-preview:-1\" \/>\n<link rel=\"canonical\" href=\"https:\/\/www.justretail.news\/latam\/noticias\/aldo-cumple-objetivo-de-seis-tiendas-nuevas-en-latinoamerica\/\" \/>\n<meta property=\"og:locale\" content=\"es_ES\" \/>\n<meta property=\"og:type\" content=\"article\" \/>\n<meta property=\"og:title\" content=\"Aldo cumple objetivo de seis tiendas nuevas en Latinoam\u00e9rica - Just Retail Latam\" \/>\n<meta property=\"og:description\" content=\"Aldo abre seis tiendas nuevas en Latinoam\u00e9rica este trimestre reforzando su estrategia de expansi\u00f3n f\u00edsica y sostenibilidad regional.\" \/>\n<meta property=\"og:url\" content=\"https:\/\/www.justretail.news\/latam\/noticias\/aldo-cumple-objetivo-de-seis-tiendas-nuevas-en-latinoamerica\/\" \/>\n<meta property=\"og:site_name\" content=\"Just Retail Latam\" \/>\n<meta property=\"article:published_time\" content=\"2025-07-11T13:00:00+00:00\" \/>\n<meta property=\"article:modified_time\" content=\"2025-11-08T22:50:34+00:00\" \/>\n<meta property=\"og:image\" content=\"https:\/\/www.justretail.news\/latam\/wp-content\/uploads\/2025\/07\/Aldo-Storefront-Web-6-1.jpg\" \/>\n\t<meta property=\"og:image:width\" content=\"1046\" \/>\n\t<meta property=\"og:image:height\" content=\"600\" \/>\n\t<meta property=\"og:image:type\" content=\"image\/jpeg\" \/>\n<meta name=\"author\" content=\"redaccion\" \/>\n<meta name=\"twitter:card\" content=\"summary_large_image\" \/>\n<meta name=\"twitter:label1\" content=\"Escrito por\" \/>\n\t<meta name=\"twitter:data1\" content=\"redaccion\" \/>\n\t<meta name=\"twitter:label2\" content=\"Tiempo de lectura\" \/>\n\t<meta name=\"twitter:data2\" content=\"3 minutos\" \/>\n<script type=\"application\/ld+json\" class=\"yoast-schema-graph\">{\"@context\":\"https:\\\/\\\/schema.org\",\"@graph\":[{\"@type\":\"Article\",\"@id\":\"https:\\\/\\\/www.justretail.news\\\/latam\\\/noticias\\\/aldo-cumple-objetivo-de-seis-tiendas-nuevas-en-latinoamerica\\\/#article\",\"isPartOf\":{\"@id\":\"https:\\\/\\\/www.justretail.news\\\/latam\\\/noticias\\\/aldo-cumple-objetivo-de-seis-tiendas-nuevas-en-latinoamerica\\\/\"},\"author\":{\"name\":\"redaccion\",\"@id\":\"https:\\\/\\\/www.justretail.news\\\/latam\\\/#\\\/schema\\\/person\\\/c2656ce0a4e1c3a0cb63204b17bce2d2\"},\"headline\":\"Aldo cumple objetivo de seis tiendas nuevas en Latinoam\u00e9rica\",\"datePublished\":\"2025-07-11T13:00:00+00:00\",\"dateModified\":\"2025-11-08T22:50:34+00:00\",\"mainEntityOfPage\":{\"@id\":\"https:\\\/\\\/www.justretail.news\\\/latam\\\/noticias\\\/aldo-cumple-objetivo-de-seis-tiendas-nuevas-en-latinoamerica\\\/\"},\"wordCount\":417,\"publisher\":{\"@id\":\"https:\\\/\\\/www.justretail.news\\\/latam\\\/#organization\"},\"image\":{\"@id\":\"https:\\\/\\\/www.justretail.news\\\/latam\\\/noticias\\\/aldo-cumple-objetivo-de-seis-tiendas-nuevas-en-latinoamerica\\\/#primaryimage\"},\"thumbnailUrl\":\"https:\\\/\\\/www.justretail.news\\\/latam\\\/wp-content\\\/uploads\\\/2025\\\/07\\\/Aldo-Storefront-Web-6-1.jpg\",\"keywords\":[\"Aldo\",\"Bolivia\",\"expansi\u00f3n\",\"Per\u00fa\",\"retail\"],\"articleSection\":[\"Ocio &amp; F&amp;B\"],\"inLanguage\":\"es\"},{\"@type\":\"WebPage\",\"@id\":\"https:\\\/\\\/www.justretail.news\\\/latam\\\/noticias\\\/aldo-cumple-objetivo-de-seis-tiendas-nuevas-en-latinoamerica\\\/\",\"url\":\"https:\\\/\\\/www.justretail.news\\\/latam\\\/noticias\\\/aldo-cumple-objetivo-de-seis-tiendas-nuevas-en-latinoamerica\\\/\",\"name\":\"Aldo cumple objetivo de seis tiendas nuevas en Latinoam\u00e9rica - Just Retail Latam\",\"isPartOf\":{\"@id\":\"https:\\\/\\\/www.justretail.news\\\/latam\\\/#website\"},\"primaryImageOfPage\":{\"@id\":\"https:\\\/\\\/www.justretail.news\\\/latam\\\/noticias\\\/aldo-cumple-objetivo-de-seis-tiendas-nuevas-en-latinoamerica\\\/#primaryimage\"},\"image\":{\"@id\":\"https:\\\/\\\/www.justretail.news\\\/latam\\\/noticias\\\/aldo-cumple-objetivo-de-seis-tiendas-nuevas-en-latinoamerica\\\/#primaryimage\"},\"thumbnailUrl\":\"https:\\\/\\\/www.justretail.news\\\/latam\\\/wp-content\\\/uploads\\\/2025\\\/07\\\/Aldo-Storefront-Web-6-1.jpg\",\"datePublished\":\"2025-07-11T13:00:00+00:00\",\"dateModified\":\"2025-11-08T22:50:34+00:00\",\"description\":\"Aldo abre seis tiendas nuevas en Latinoam\u00e9rica este trimestre reforzando su estrategia de expansi\u00f3n f\u00edsica y sostenibilidad regional.\",\"breadcrumb\":{\"@id\":\"https:\\\/\\\/www.justretail.news\\\/latam\\\/noticias\\\/aldo-cumple-objetivo-de-seis-tiendas-nuevas-en-latinoamerica\\\/#breadcrumb\"},\"inLanguage\":\"es\",\"potentialAction\":[{\"@type\":\"ReadAction\",\"target\":[\"https:\\\/\\\/www.justretail.news\\\/latam\\\/noticias\\\/aldo-cumple-objetivo-de-seis-tiendas-nuevas-en-latinoamerica\\\/\"]}]},{\"@type\":\"ImageObject\",\"inLanguage\":\"es\",\"@id\":\"https:\\\/\\\/www.justretail.news\\\/latam\\\/noticias\\\/aldo-cumple-objetivo-de-seis-tiendas-nuevas-en-latinoamerica\\\/#primaryimage\",\"url\":\"https:\\\/\\\/www.justretail.news\\\/latam\\\/wp-content\\\/uploads\\\/2025\\\/07\\\/Aldo-Storefront-Web-6-1.jpg\",\"contentUrl\":\"https:\\\/\\\/www.justretail.news\\\/latam\\\/wp-content\\\/uploads\\\/2025\\\/07\\\/Aldo-Storefront-Web-6-1.jpg\",\"width\":1046,\"height\":600},{\"@type\":\"BreadcrumbList\",\"@id\":\"https:\\\/\\\/www.justretail.news\\\/latam\\\/noticias\\\/aldo-cumple-objetivo-de-seis-tiendas-nuevas-en-latinoamerica\\\/#breadcrumb\",\"itemListElement\":[{\"@type\":\"ListItem\",\"position\":1,\"name\":\"Portada\",\"item\":\"https:\\\/\\\/www.justretail.news\\\/latam\\\/\"},{\"@type\":\"ListItem\",\"position\":2,\"name\":\"Aldo cumple objetivo de seis tiendas nuevas en Latinoam\u00e9rica\"}]},{\"@type\":\"WebSite\",\"@id\":\"https:\\\/\\\/www.justretail.news\\\/latam\\\/#website\",\"url\":\"https:\\\/\\\/www.justretail.news\\\/latam\\\/\",\"name\":\"Just Retail Latam\",\"description\":\"\",\"publisher\":{\"@id\":\"https:\\\/\\\/www.justretail.news\\\/latam\\\/#organization\"},\"potentialAction\":[{\"@type\":\"SearchAction\",\"target\":{\"@type\":\"EntryPoint\",\"urlTemplate\":\"https:\\\/\\\/www.justretail.news\\\/latam\\\/?s={search_term_string}\"},\"query-input\":{\"@type\":\"PropertyValueSpecification\",\"valueRequired\":true,\"valueName\":\"search_term_string\"}}],\"inLanguage\":\"es\"},{\"@type\":\"Organization\",\"@id\":\"https:\\\/\\\/www.justretail.news\\\/latam\\\/#organization\",\"name\":\"Just Retail Latam\",\"url\":\"https:\\\/\\\/www.justretail.news\\\/latam\\\/\",\"logo\":{\"@type\":\"ImageObject\",\"inLanguage\":\"es\",\"@id\":\"https:\\\/\\\/www.justretail.news\\\/latam\\\/#\\\/schema\\\/logo\\\/image\\\/\",\"url\":\"https:\\\/\\\/www.justretail.news\\\/latam\\\/wp-content\\\/uploads\\\/2024\\\/05\\\/just-retail-logo-NEGRO-trans-latam-272x90_nuevo.png\",\"contentUrl\":\"https:\\\/\\\/www.justretail.news\\\/latam\\\/wp-content\\\/uploads\\\/2024\\\/05\\\/just-retail-logo-NEGRO-trans-latam-272x90_nuevo.png\",\"width\":272,\"height\":90,\"caption\":\"Just Retail Latam\"},\"image\":{\"@id\":\"https:\\\/\\\/www.justretail.news\\\/latam\\\/#\\\/schema\\\/logo\\\/image\\\/\"}},{\"@type\":\"Person\",\"@id\":\"https:\\\/\\\/www.justretail.news\\\/latam\\\/#\\\/schema\\\/person\\\/c2656ce0a4e1c3a0cb63204b17bce2d2\",\"name\":\"redaccion\",\"image\":{\"@type\":\"ImageObject\",\"inLanguage\":\"es\",\"@id\":\"https:\\\/\\\/secure.gravatar.com\\\/avatar\\\/0af76fe7cdb55b1d9835c5dcb644cd298ff04e340eef9d71898a0f0a1ea867d0?s=96&d=mm&r=g\",\"url\":\"https:\\\/\\\/secure.gravatar.com\\\/avatar\\\/0af76fe7cdb55b1d9835c5dcb644cd298ff04e340eef9d71898a0f0a1ea867d0?s=96&d=mm&r=g\",\"contentUrl\":\"https:\\\/\\\/secure.gravatar.com\\\/avatar\\\/0af76fe7cdb55b1d9835c5dcb644cd298ff04e340eef9d71898a0f0a1ea867d0?s=96&d=mm&r=g\",\"caption\":\"redaccion\"},\"url\":\"https:\\\/\\\/www.justretail.news\\\/latam\\\/noticias\\\/author\\\/redaccion\\\/\"}]}<\/script>\n<!-- \/ Yoast SEO plugin. -->","yoast_head_json":{"title":"Aldo cumple objetivo de seis tiendas nuevas en Latinoam\u00e9rica - Just Retail Latam","description":"Aldo abre seis tiendas nuevas en Latinoam\u00e9rica este trimestre reforzando su estrategia de expansi\u00f3n f\u00edsica y sostenibilidad regional.","robots":{"index":"index","follow":"follow","max-snippet":"max-snippet:-1","max-image-preview":"max-image-preview:large","max-video-preview":"max-video-preview:-1"},"canonical":"https:\/\/www.justretail.news\/latam\/noticias\/aldo-cumple-objetivo-de-seis-tiendas-nuevas-en-latinoamerica\/","og_locale":"es_ES","og_type":"article","og_title":"Aldo cumple objetivo de seis tiendas nuevas en Latinoam\u00e9rica - Just Retail Latam","og_description":"Aldo abre seis tiendas nuevas en Latinoam\u00e9rica este trimestre reforzando su estrategia de expansi\u00f3n f\u00edsica y sostenibilidad regional.","og_url":"https:\/\/www.justretail.news\/latam\/noticias\/aldo-cumple-objetivo-de-seis-tiendas-nuevas-en-latinoamerica\/","og_site_name":"Just Retail Latam","article_published_time":"2025-07-11T13:00:00+00:00","article_modified_time":"2025-11-08T22:50:34+00:00","og_image":[{"width":1046,"height":600,"url":"https:\/\/www.justretail.news\/latam\/wp-content\/uploads\/2025\/07\/Aldo-Storefront-Web-6-1.jpg","type":"image\/jpeg"}],"author":"redaccion","twitter_card":"summary_large_image","twitter_misc":{"Escrito por":"redaccion","Tiempo de lectura":"3 minutos"},"schema":{"@context":"https:\/\/schema.org","@graph":[{"@type":"Article","@id":"https:\/\/www.justretail.news\/latam\/noticias\/aldo-cumple-objetivo-de-seis-tiendas-nuevas-en-latinoamerica\/#article","isPartOf":{"@id":"https:\/\/www.justretail.news\/latam\/noticias\/aldo-cumple-objetivo-de-seis-tiendas-nuevas-en-latinoamerica\/"},"author":{"name":"redaccion","@id":"https:\/\/www.justretail.news\/latam\/#\/schema\/person\/c2656ce0a4e1c3a0cb63204b17bce2d2"},"headline":"Aldo cumple objetivo de seis tiendas nuevas en Latinoam\u00e9rica","datePublished":"2025-07-11T13:00:00+00:00","dateModified":"2025-11-08T22:50:34+00:00","mainEntityOfPage":{"@id":"https:\/\/www.justretail.news\/latam\/noticias\/aldo-cumple-objetivo-de-seis-tiendas-nuevas-en-latinoamerica\/"},"wordCount":417,"publisher":{"@id":"https:\/\/www.justretail.news\/latam\/#organization"},"image":{"@id":"https:\/\/www.justretail.news\/latam\/noticias\/aldo-cumple-objetivo-de-seis-tiendas-nuevas-en-latinoamerica\/#primaryimage"},"thumbnailUrl":"https:\/\/www.justretail.news\/latam\/wp-content\/uploads\/2025\/07\/Aldo-Storefront-Web-6-1.jpg","keywords":["Aldo","Bolivia","expansi\u00f3n","Per\u00fa","retail"],"articleSection":["Ocio &amp; F&amp;B"],"inLanguage":"es"},{"@type":"WebPage","@id":"https:\/\/www.justretail.news\/latam\/noticias\/aldo-cumple-objetivo-de-seis-tiendas-nuevas-en-latinoamerica\/","url":"https:\/\/www.justretail.news\/latam\/noticias\/aldo-cumple-objetivo-de-seis-tiendas-nuevas-en-latinoamerica\/","name":"Aldo cumple objetivo de seis tiendas nuevas en Latinoam\u00e9rica - Just Retail Latam","isPartOf":{"@id":"https:\/\/www.justretail.news\/latam\/#website"},"primaryImageOfPage":{"@id":"https:\/\/www.justretail.news\/latam\/noticias\/aldo-cumple-objetivo-de-seis-tiendas-nuevas-en-latinoamerica\/#primaryimage"},"image":{"@id":"https:\/\/www.justretail.news\/latam\/noticias\/aldo-cumple-objetivo-de-seis-tiendas-nuevas-en-latinoamerica\/#primaryimage"},"thumbnailUrl":"https:\/\/www.justretail.news\/latam\/wp-content\/uploads\/2025\/07\/Aldo-Storefront-Web-6-1.jpg","datePublished":"2025-07-11T13:00:00+00:00","dateModified":"2025-11-08T22:50:34+00:00","description":"Aldo abre seis tiendas nuevas en Latinoam\u00e9rica este trimestre reforzando su estrategia de expansi\u00f3n f\u00edsica y sostenibilidad regional.","breadcrumb":{"@id":"https:\/\/www.justretail.news\/latam\/noticias\/aldo-cumple-objetivo-de-seis-tiendas-nuevas-en-latinoamerica\/#breadcrumb"},"inLanguage":"es","potentialAction":[{"@type":"ReadAction","target":["https:\/\/www.justretail.news\/latam\/noticias\/aldo-cumple-objetivo-de-seis-tiendas-nuevas-en-latinoamerica\/"]}]},{"@type":"ImageObject","inLanguage":"es","@id":"https:\/\/www.justretail.news\/latam\/noticias\/aldo-cumple-objetivo-de-seis-tiendas-nuevas-en-latinoamerica\/#primaryimage","url":"https:\/\/www.justretail.news\/latam\/wp-content\/uploads\/2025\/07\/Aldo-Storefront-Web-6-1.jpg","contentUrl":"https:\/\/www.justretail.news\/latam\/wp-content\/uploads\/2025\/07\/Aldo-Storefront-Web-6-1.jpg","width":1046,"height":600},{"@type":"BreadcrumbList","@id":"https:\/\/www.justretail.news\/latam\/noticias\/aldo-cumple-objetivo-de-seis-tiendas-nuevas-en-latinoamerica\/#breadcrumb","itemListElement":[{"@type":"ListItem","position":1,"name":"Portada","item":"https:\/\/www.justretail.news\/latam\/"},{"@type":"ListItem","position":2,"name":"Aldo cumple objetivo de seis tiendas nuevas en Latinoam\u00e9rica"}]},{"@type":"WebSite","@id":"https:\/\/www.justretail.news\/latam\/#website","url":"https:\/\/www.justretail.news\/latam\/","name":"Just Retail Latam","description":"","publisher":{"@id":"https:\/\/www.justretail.news\/latam\/#organization"},"potentialAction":[{"@type":"SearchAction","target":{"@type":"EntryPoint","urlTemplate":"https:\/\/www.justretail.news\/latam\/?s={search_term_string}"},"query-input":{"@type":"PropertyValueSpecification","valueRequired":true,"valueName":"search_term_string"}}],"inLanguage":"es"},{"@type":"Organization","@id":"https:\/\/www.justretail.news\/latam\/#organization","name":"Just Retail Latam","url":"https:\/\/www.justretail.news\/latam\/","logo":{"@type":"ImageObject","inLanguage":"es","@id":"https:\/\/www.justretail.news\/latam\/#\/schema\/logo\/image\/","url":"https:\/\/www.justretail.news\/latam\/wp-content\/uploads\/2024\/05\/just-retail-logo-NEGRO-trans-latam-272x90_nuevo.png","contentUrl":"https:\/\/www.justretail.news\/latam\/wp-content\/uploads\/2024\/05\/just-retail-logo-NEGRO-trans-latam-272x90_nuevo.png","width":272,"height":90,"caption":"Just Retail Latam"},"image":{"@id":"https:\/\/www.justretail.news\/latam\/#\/schema\/logo\/image\/"}},{"@type":"Person","@id":"https:\/\/www.justretail.news\/latam\/#\/schema\/person\/c2656ce0a4e1c3a0cb63204b17bce2d2","name":"redaccion","image":{"@type":"ImageObject","inLanguage":"es","@id":"https:\/\/secure.gravatar.com\/avatar\/0af76fe7cdb55b1d9835c5dcb644cd298ff04e340eef9d71898a0f0a1ea867d0?s=96&d=mm&r=g","url":"https:\/\/secure.gravatar.com\/avatar\/0af76fe7cdb55b1d9835c5dcb644cd298ff04e340eef9d71898a0f0a1ea867d0?s=96&d=mm&r=g","contentUrl":"https:\/\/secure.gravatar.com\/avatar\/0af76fe7cdb55b1d9835c5dcb644cd298ff04e340eef9d71898a0f0a1ea867d0?s=96&d=mm&r=g","caption":"redaccion"},"url":"https:\/\/www.justretail.news\/latam\/noticias\/author\/redaccion\/"}]}},"jetpack_featured_media_url":"https:\/\/www.justretail.news\/latam\/wp-content\/uploads\/2025\/07\/Aldo-Storefront-Web-6-1.jpg","jetpack_sharing_enabled":true,"_links":{"self":[{"href":"https:\/\/www.justretail.news\/latam\/wp-json\/wp\/v2\/posts\/4014","targetHints":{"allow":["GET"]}}],"collection":[{"href":"https:\/\/www.justretail.news\/latam\/wp-json\/wp\/v2\/posts"}],"about":[{"href":"https:\/\/www.justretail.news\/latam\/wp-json\/wp\/v2\/types\/post"}],"author":[{"embeddable":true,"href":"https:\/\/www.justretail.news\/latam\/wp-json\/wp\/v2\/users\/3"}],"replies":[{"embeddable":true,"href":"https:\/\/www.justretail.news\/latam\/wp-json\/wp\/v2\/comments?post=4014"}],"version-history":[{"count":1,"href":"https:\/\/www.justretail.news\/latam\/wp-json\/wp\/v2\/posts\/4014\/revisions"}],"predecessor-version":[{"id":4020,"href":"https:\/\/www.justretail.news\/latam\/wp-json\/wp\/v2\/posts\/4014\/revisions\/4020"}],"wp:featuredmedia":[{"embeddable":true,"href":"https:\/\/www.justretail.news\/latam\/wp-json\/wp\/v2\/media\/4019"}],"wp:attachment":[{"href":"https:\/\/www.justretail.news\/latam\/wp-json\/wp\/v2\/media?parent=4014"}],"wp:term":[{"taxonomy":"category","embeddable":true,"href":"https:\/\/www.justretail.news\/latam\/wp-json\/wp\/v2\/categories?post=4014"},{"taxonomy":"post_tag","embeddable":true,"href":"https:\/\/www.justretail.news\/latam\/wp-json\/wp\/v2\/tags?post=4014"}],"curies":[{"name":"wp","href":"https:\/\/api.w.org\/{rel}","templated":true}]}}