{"id":4022,"date":"2025-07-14T04:14:42","date_gmt":"2025-07-14T02:14:42","guid":{"rendered":"https:\/\/www.justretail.news\/latam\/?p=4022"},"modified":"2025-11-08T23:50:34","modified_gmt":"2025-11-08T22:50:34","slug":"volkswagen-reanuda-produccion-del-golf-en-puebla-para-2027","status":"publish","type":"post","link":"https:\/\/www.justretail.news\/latam\/noticias\/volkswagen-reanuda-produccion-del-golf-en-puebla-para-2027\/","title":{"rendered":"Volkswagen reanuda producci\u00f3n del Golf en Puebla para 2027"},"content":{"rendered":"\n<p>Volkswagen de M\u00e9xico anunci\u00f3 que la planta en Puebla retomar\u00e1 la producci\u00f3n del modelo&nbsp;<strong>Golf<\/strong>&nbsp;a partir de&nbsp;<strong>2027<\/strong>, marcando un retorno trascendental para este emblem\u00e1tico veh\u00edculo en territorio nacional. Esta decisi\u00f3n busca reforzar tanto la eficiencia industrial como la estrategia global de producci\u00f3n.<\/p>\n\n\n\n<p>El Golf se ensambl\u00f3 por primera vez en Puebla en 1977 y, hasta su salida en 2021, se produjeron m\u00e1s de&nbsp;<strong>2 millones de unidades<\/strong>&nbsp;en esa misma planta. Ahora, tras un periodo de ausencia de casi seis a\u00f1os, el modelo regresa con una nueva visi\u00f3n industrial.<\/p>\n\n\n\n<p>El presidente y CEO de Volkswagen de M\u00e9xico,&nbsp;<strong>Holger Nestler<\/strong>, asegur\u00f3 que reactivar el Golf es un homenaje al legado y la confiabilidad construidos en m\u00e1s de seis d\u00e9cadas operativas en Puebla.<\/p>\n\n\n\n<figure class=\"wp-block-image size-large\"><img loading=\"lazy\" decoding=\"async\" width=\"1024\" height=\"576\" src=\"https:\/\/www.justretail.news\/latam\/wp-content\/uploads\/2025\/07\/1120.jpg-1024x576.webp\" alt=\"Volkswagen\" class=\"wp-image-4024\" srcset=\"https:\/\/www.justretail.news\/latam\/wp-content\/uploads\/2025\/07\/1120.jpg-1024x576.webp 1024w, https:\/\/www.justretail.news\/latam\/wp-content\/uploads\/2025\/07\/1120.jpg-300x169.webp 300w, https:\/\/www.justretail.news\/latam\/wp-content\/uploads\/2025\/07\/1120.jpg-768x432.webp 768w, https:\/\/www.justretail.news\/latam\/wp-content\/uploads\/2025\/07\/1120.jpg-747x420.webp 747w, https:\/\/www.justretail.news\/latam\/wp-content\/uploads\/2025\/07\/1120.jpg-150x84.webp 150w, https:\/\/www.justretail.news\/latam\/wp-content\/uploads\/2025\/07\/1120.jpg-696x392.webp 696w, https:\/\/www.justretail.news\/latam\/wp-content\/uploads\/2025\/07\/1120.jpg-1068x601.webp 1068w, https:\/\/www.justretail.news\/latam\/wp-content\/uploads\/2025\/07\/1120.jpg.webp 1280w\" sizes=\"auto, (max-width: 1024px) 100vw, 1024px\" \/><\/figure>\n\n\n\n<h3 class=\"wp-block-heading\"><strong>Infraestructura de punta y producci\u00f3n sostenible<\/strong><\/h3>\n\n\n\n<p>La planta poblana, ubicada en&nbsp;<strong>Cuautlancingo<\/strong>, abarca&nbsp;<strong>300 hect\u00e1reas<\/strong>&nbsp;y actualmente fabrica modelos como Jetta, Taos y Tiguan. Entre sus instalaciones destaca una nave de pintura&nbsp;<strong>100\u202f% el\u00e9ctrica<\/strong>, dise\u00f1ada para evitar el uso de gas natural y reducir&nbsp;<strong>29 mil toneladas de CO\u2082 al a\u00f1o<\/strong>, en l\u00ednea con la estrategia global \u201cGo To Zero\u201d.<\/p>\n\n\n\n<p>Esta infraestructura posiciona a Puebla como un centro de manufactura de primer nivel, capaz de acoger de nuevo al Golf con los est\u00e1ndares actuales de calidad y sostenibilidad que exige la industria automotriz global.<\/p>\n\n\n\n<h3 class=\"wp-block-heading\"><strong>Proyecci\u00f3n de futuro y contexto industrial<\/strong><\/h3>\n\n\n\n<p>Aunque todav\u00eda no se han anunciado versiones espec\u00edficas del Golf que se ensamblar\u00e1n, se anticipa la fabricaci\u00f3n de variantes deportivas \u2014como el Golf GTI\u2014 e incluso modelos con tecnolog\u00edas h\u00edbridas o el\u00e9ctricas. Esta proyecci\u00f3n refleja una estrategia de modernizaci\u00f3n de la l\u00ednea productiva.<\/p>\n\n\n\n<p>El regreso del Golf se da en un momento en que la planta enfrenta una ca\u00edda reciente en producci\u00f3n (un 27\u202f% menos comparado con el mismo periodo del a\u00f1o pasado), por lo que reactivar este modelo podr\u00eda contribuir a estabilizar y revitalizar la operaci\u00f3n poblana.<\/p>\n","protected":false},"excerpt":{"rendered":"<p>Volkswagen de M\u00e9xico anunci\u00f3 que la planta en Puebla retomar\u00e1 la producci\u00f3n del modelo&nbsp;Golf&nbsp;a partir de&nbsp;2027, marcando un retorno trascendental para este emblem\u00e1tico veh\u00edculo en territorio nacional. Esta decisi\u00f3n busca reforzar tanto la eficiencia industrial como la estrategia global de producci\u00f3n. El Golf se ensambl\u00f3 por primera vez en Puebla en 1977 y, hasta su [&hellip;]<\/p>\n","protected":false},"author":3,"featured_media":4023,"comment_status":"closed","ping_status":"open","sticky":false,"template":"","format":"standard","meta":{"_jetpack_memberships_contains_paid_content":false,"footnotes":""},"categories":[744],"tags":[711,66,462],"class_list":{"0":"post-4022","1":"post","2":"type-post","3":"status-publish","4":"format-standard","5":"has-post-thumbnail","7":"category-empresas","8":"tag-infraestructura","9":"tag-mexico","10":"tag-volkswagen"},"yoast_head":"<!-- This site is optimized with the Yoast SEO plugin v27.4 - https:\/\/yoast.com\/product\/yoast-seo-wordpress\/ -->\n<title>Volkswagen reanuda producci\u00f3n del Golf en Puebla para 2027 - Just Retail Latam<\/title>\n<meta name=\"description\" content=\"Volkswagen de M\u00e9xico reanudar\u00e1 en 2027 la producci\u00f3n del modelo Golf en su planta de Puebla, fortaleciendo su legado industrial y compromiso con la sostenibilidad.\" \/>\n<meta name=\"robots\" content=\"index, follow, max-snippet:-1, max-image-preview:large, max-video-preview:-1\" \/>\n<link rel=\"canonical\" href=\"https:\/\/www.justretail.news\/latam\/noticias\/volkswagen-reanuda-produccion-del-golf-en-puebla-para-2027\/\" \/>\n<meta property=\"og:locale\" content=\"es_ES\" \/>\n<meta property=\"og:type\" content=\"article\" \/>\n<meta property=\"og:title\" content=\"Volkswagen reanuda producci\u00f3n del Golf en Puebla para 2027 - Just Retail Latam\" \/>\n<meta property=\"og:description\" content=\"Volkswagen de M\u00e9xico reanudar\u00e1 en 2027 la producci\u00f3n del modelo Golf en su planta de Puebla, fortaleciendo su legado industrial y compromiso con la sostenibilidad.\" \/>\n<meta property=\"og:url\" content=\"https:\/\/www.justretail.news\/latam\/noticias\/volkswagen-reanuda-produccion-del-golf-en-puebla-para-2027\/\" \/>\n<meta property=\"og:site_name\" content=\"Just Retail Latam\" \/>\n<meta property=\"article:published_time\" content=\"2025-07-14T02:14:42+00:00\" \/>\n<meta property=\"article:modified_time\" content=\"2025-11-08T22:50:34+00:00\" \/>\n<meta property=\"og:image\" content=\"https:\/\/www.justretail.news\/latam\/wp-content\/uploads\/2025\/07\/vw-informacion-corporativa.png\" \/>\n\t<meta property=\"og:image:width\" content=\"1600\" \/>\n\t<meta property=\"og:image:height\" content=\"900\" \/>\n\t<meta property=\"og:image:type\" content=\"image\/png\" \/>\n<meta name=\"author\" content=\"redaccion\" \/>\n<meta name=\"twitter:card\" content=\"summary_large_image\" \/>\n<meta name=\"twitter:label1\" content=\"Escrito por\" \/>\n\t<meta name=\"twitter:data1\" content=\"redaccion\" \/>\n\t<meta name=\"twitter:label2\" content=\"Tiempo de lectura\" \/>\n\t<meta name=\"twitter:data2\" content=\"2 minutos\" \/>\n<script type=\"application\/ld+json\" class=\"yoast-schema-graph\">{\"@context\":\"https:\\\/\\\/schema.org\",\"@graph\":[{\"@type\":\"Article\",\"@id\":\"https:\\\/\\\/www.justretail.news\\\/latam\\\/noticias\\\/volkswagen-reanuda-produccion-del-golf-en-puebla-para-2027\\\/#article\",\"isPartOf\":{\"@id\":\"https:\\\/\\\/www.justretail.news\\\/latam\\\/noticias\\\/volkswagen-reanuda-produccion-del-golf-en-puebla-para-2027\\\/\"},\"author\":{\"name\":\"redaccion\",\"@id\":\"https:\\\/\\\/www.justretail.news\\\/latam\\\/#\\\/schema\\\/person\\\/c2656ce0a4e1c3a0cb63204b17bce2d2\"},\"headline\":\"Volkswagen reanuda producci\u00f3n del Golf en Puebla para 2027\",\"datePublished\":\"2025-07-14T02:14:42+00:00\",\"dateModified\":\"2025-11-08T22:50:34+00:00\",\"mainEntityOfPage\":{\"@id\":\"https:\\\/\\\/www.justretail.news\\\/latam\\\/noticias\\\/volkswagen-reanuda-produccion-del-golf-en-puebla-para-2027\\\/\"},\"wordCount\":358,\"publisher\":{\"@id\":\"https:\\\/\\\/www.justretail.news\\\/latam\\\/#organization\"},\"image\":{\"@id\":\"https:\\\/\\\/www.justretail.news\\\/latam\\\/noticias\\\/volkswagen-reanuda-produccion-del-golf-en-puebla-para-2027\\\/#primaryimage\"},\"thumbnailUrl\":\"https:\\\/\\\/www.justretail.news\\\/latam\\\/wp-content\\\/uploads\\\/2025\\\/07\\\/vw-informacion-corporativa.png\",\"keywords\":[\"infraestructura\",\"M\u00e9xico\",\"Volkswagen\"],\"articleSection\":[\"Empresas\"],\"inLanguage\":\"es\"},{\"@type\":\"WebPage\",\"@id\":\"https:\\\/\\\/www.justretail.news\\\/latam\\\/noticias\\\/volkswagen-reanuda-produccion-del-golf-en-puebla-para-2027\\\/\",\"url\":\"https:\\\/\\\/www.justretail.news\\\/latam\\\/noticias\\\/volkswagen-reanuda-produccion-del-golf-en-puebla-para-2027\\\/\",\"name\":\"Volkswagen reanuda producci\u00f3n del Golf en Puebla para 2027 - Just Retail Latam\",\"isPartOf\":{\"@id\":\"https:\\\/\\\/www.justretail.news\\\/latam\\\/#website\"},\"primaryImageOfPage\":{\"@id\":\"https:\\\/\\\/www.justretail.news\\\/latam\\\/noticias\\\/volkswagen-reanuda-produccion-del-golf-en-puebla-para-2027\\\/#primaryimage\"},\"image\":{\"@id\":\"https:\\\/\\\/www.justretail.news\\\/latam\\\/noticias\\\/volkswagen-reanuda-produccion-del-golf-en-puebla-para-2027\\\/#primaryimage\"},\"thumbnailUrl\":\"https:\\\/\\\/www.justretail.news\\\/latam\\\/wp-content\\\/uploads\\\/2025\\\/07\\\/vw-informacion-corporativa.png\",\"datePublished\":\"2025-07-14T02:14:42+00:00\",\"dateModified\":\"2025-11-08T22:50:34+00:00\",\"description\":\"Volkswagen de M\u00e9xico reanudar\u00e1 en 2027 la producci\u00f3n del modelo Golf en su planta de Puebla, fortaleciendo su legado industrial y compromiso con la sostenibilidad.\",\"breadcrumb\":{\"@id\":\"https:\\\/\\\/www.justretail.news\\\/latam\\\/noticias\\\/volkswagen-reanuda-produccion-del-golf-en-puebla-para-2027\\\/#breadcrumb\"},\"inLanguage\":\"es\",\"potentialAction\":[{\"@type\":\"ReadAction\",\"target\":[\"https:\\\/\\\/www.justretail.news\\\/latam\\\/noticias\\\/volkswagen-reanuda-produccion-del-golf-en-puebla-para-2027\\\/\"]}]},{\"@type\":\"ImageObject\",\"inLanguage\":\"es\",\"@id\":\"https:\\\/\\\/www.justretail.news\\\/latam\\\/noticias\\\/volkswagen-reanuda-produccion-del-golf-en-puebla-para-2027\\\/#primaryimage\",\"url\":\"https:\\\/\\\/www.justretail.news\\\/latam\\\/wp-content\\\/uploads\\\/2025\\\/07\\\/vw-informacion-corporativa.png\",\"contentUrl\":\"https:\\\/\\\/www.justretail.news\\\/latam\\\/wp-content\\\/uploads\\\/2025\\\/07\\\/vw-informacion-corporativa.png\",\"width\":1600,\"height\":900,\"caption\":\"Volkswagen\"},{\"@type\":\"BreadcrumbList\",\"@id\":\"https:\\\/\\\/www.justretail.news\\\/latam\\\/noticias\\\/volkswagen-reanuda-produccion-del-golf-en-puebla-para-2027\\\/#breadcrumb\",\"itemListElement\":[{\"@type\":\"ListItem\",\"position\":1,\"name\":\"Portada\",\"item\":\"https:\\\/\\\/www.justretail.news\\\/latam\\\/\"},{\"@type\":\"ListItem\",\"position\":2,\"name\":\"Volkswagen reanuda producci\u00f3n del Golf en Puebla para 2027\"}]},{\"@type\":\"WebSite\",\"@id\":\"https:\\\/\\\/www.justretail.news\\\/latam\\\/#website\",\"url\":\"https:\\\/\\\/www.justretail.news\\\/latam\\\/\",\"name\":\"Just Retail Latam\",\"description\":\"\",\"publisher\":{\"@id\":\"https:\\\/\\\/www.justretail.news\\\/latam\\\/#organization\"},\"potentialAction\":[{\"@type\":\"SearchAction\",\"target\":{\"@type\":\"EntryPoint\",\"urlTemplate\":\"https:\\\/\\\/www.justretail.news\\\/latam\\\/?s={search_term_string}\"},\"query-input\":{\"@type\":\"PropertyValueSpecification\",\"valueRequired\":true,\"valueName\":\"search_term_string\"}}],\"inLanguage\":\"es\"},{\"@type\":\"Organization\",\"@id\":\"https:\\\/\\\/www.justretail.news\\\/latam\\\/#organization\",\"name\":\"Just Retail Latam\",\"url\":\"https:\\\/\\\/www.justretail.news\\\/latam\\\/\",\"logo\":{\"@type\":\"ImageObject\",\"inLanguage\":\"es\",\"@id\":\"https:\\\/\\\/www.justretail.news\\\/latam\\\/#\\\/schema\\\/logo\\\/image\\\/\",\"url\":\"https:\\\/\\\/www.justretail.news\\\/latam\\\/wp-content\\\/uploads\\\/2024\\\/05\\\/just-retail-logo-NEGRO-trans-latam-272x90_nuevo.png\",\"contentUrl\":\"https:\\\/\\\/www.justretail.news\\\/latam\\\/wp-content\\\/uploads\\\/2024\\\/05\\\/just-retail-logo-NEGRO-trans-latam-272x90_nuevo.png\",\"width\":272,\"height\":90,\"caption\":\"Just Retail Latam\"},\"image\":{\"@id\":\"https:\\\/\\\/www.justretail.news\\\/latam\\\/#\\\/schema\\\/logo\\\/image\\\/\"}},{\"@type\":\"Person\",\"@id\":\"https:\\\/\\\/www.justretail.news\\\/latam\\\/#\\\/schema\\\/person\\\/c2656ce0a4e1c3a0cb63204b17bce2d2\",\"name\":\"redaccion\",\"image\":{\"@type\":\"ImageObject\",\"inLanguage\":\"es\",\"@id\":\"https:\\\/\\\/secure.gravatar.com\\\/avatar\\\/0af76fe7cdb55b1d9835c5dcb644cd298ff04e340eef9d71898a0f0a1ea867d0?s=96&d=mm&r=g\",\"url\":\"https:\\\/\\\/secure.gravatar.com\\\/avatar\\\/0af76fe7cdb55b1d9835c5dcb644cd298ff04e340eef9d71898a0f0a1ea867d0?s=96&d=mm&r=g\",\"contentUrl\":\"https:\\\/\\\/secure.gravatar.com\\\/avatar\\\/0af76fe7cdb55b1d9835c5dcb644cd298ff04e340eef9d71898a0f0a1ea867d0?s=96&d=mm&r=g\",\"caption\":\"redaccion\"},\"url\":\"https:\\\/\\\/www.justretail.news\\\/latam\\\/noticias\\\/author\\\/redaccion\\\/\"}]}<\/script>\n<!-- \/ Yoast SEO plugin. -->","yoast_head_json":{"title":"Volkswagen reanuda producci\u00f3n del Golf en Puebla para 2027 - Just Retail Latam","description":"Volkswagen de M\u00e9xico reanudar\u00e1 en 2027 la producci\u00f3n del modelo Golf en su planta de Puebla, fortaleciendo su legado industrial y compromiso con la sostenibilidad.","robots":{"index":"index","follow":"follow","max-snippet":"max-snippet:-1","max-image-preview":"max-image-preview:large","max-video-preview":"max-video-preview:-1"},"canonical":"https:\/\/www.justretail.news\/latam\/noticias\/volkswagen-reanuda-produccion-del-golf-en-puebla-para-2027\/","og_locale":"es_ES","og_type":"article","og_title":"Volkswagen reanuda producci\u00f3n del Golf en Puebla para 2027 - Just Retail Latam","og_description":"Volkswagen de M\u00e9xico reanudar\u00e1 en 2027 la producci\u00f3n del modelo Golf en su planta de Puebla, fortaleciendo su legado industrial y compromiso con la sostenibilidad.","og_url":"https:\/\/www.justretail.news\/latam\/noticias\/volkswagen-reanuda-produccion-del-golf-en-puebla-para-2027\/","og_site_name":"Just Retail Latam","article_published_time":"2025-07-14T02:14:42+00:00","article_modified_time":"2025-11-08T22:50:34+00:00","og_image":[{"width":1600,"height":900,"url":"https:\/\/www.justretail.news\/latam\/wp-content\/uploads\/2025\/07\/vw-informacion-corporativa.png","type":"image\/png"}],"author":"redaccion","twitter_card":"summary_large_image","twitter_misc":{"Escrito por":"redaccion","Tiempo de lectura":"2 minutos"},"schema":{"@context":"https:\/\/schema.org","@graph":[{"@type":"Article","@id":"https:\/\/www.justretail.news\/latam\/noticias\/volkswagen-reanuda-produccion-del-golf-en-puebla-para-2027\/#article","isPartOf":{"@id":"https:\/\/www.justretail.news\/latam\/noticias\/volkswagen-reanuda-produccion-del-golf-en-puebla-para-2027\/"},"author":{"name":"redaccion","@id":"https:\/\/www.justretail.news\/latam\/#\/schema\/person\/c2656ce0a4e1c3a0cb63204b17bce2d2"},"headline":"Volkswagen reanuda producci\u00f3n del Golf en Puebla para 2027","datePublished":"2025-07-14T02:14:42+00:00","dateModified":"2025-11-08T22:50:34+00:00","mainEntityOfPage":{"@id":"https:\/\/www.justretail.news\/latam\/noticias\/volkswagen-reanuda-produccion-del-golf-en-puebla-para-2027\/"},"wordCount":358,"publisher":{"@id":"https:\/\/www.justretail.news\/latam\/#organization"},"image":{"@id":"https:\/\/www.justretail.news\/latam\/noticias\/volkswagen-reanuda-produccion-del-golf-en-puebla-para-2027\/#primaryimage"},"thumbnailUrl":"https:\/\/www.justretail.news\/latam\/wp-content\/uploads\/2025\/07\/vw-informacion-corporativa.png","keywords":["infraestructura","M\u00e9xico","Volkswagen"],"articleSection":["Empresas"],"inLanguage":"es"},{"@type":"WebPage","@id":"https:\/\/www.justretail.news\/latam\/noticias\/volkswagen-reanuda-produccion-del-golf-en-puebla-para-2027\/","url":"https:\/\/www.justretail.news\/latam\/noticias\/volkswagen-reanuda-produccion-del-golf-en-puebla-para-2027\/","name":"Volkswagen reanuda producci\u00f3n del Golf en Puebla para 2027 - Just Retail Latam","isPartOf":{"@id":"https:\/\/www.justretail.news\/latam\/#website"},"primaryImageOfPage":{"@id":"https:\/\/www.justretail.news\/latam\/noticias\/volkswagen-reanuda-produccion-del-golf-en-puebla-para-2027\/#primaryimage"},"image":{"@id":"https:\/\/www.justretail.news\/latam\/noticias\/volkswagen-reanuda-produccion-del-golf-en-puebla-para-2027\/#primaryimage"},"thumbnailUrl":"https:\/\/www.justretail.news\/latam\/wp-content\/uploads\/2025\/07\/vw-informacion-corporativa.png","datePublished":"2025-07-14T02:14:42+00:00","dateModified":"2025-11-08T22:50:34+00:00","description":"Volkswagen de M\u00e9xico reanudar\u00e1 en 2027 la producci\u00f3n del modelo Golf en su planta de Puebla, fortaleciendo su legado industrial y compromiso con la sostenibilidad.","breadcrumb":{"@id":"https:\/\/www.justretail.news\/latam\/noticias\/volkswagen-reanuda-produccion-del-golf-en-puebla-para-2027\/#breadcrumb"},"inLanguage":"es","potentialAction":[{"@type":"ReadAction","target":["https:\/\/www.justretail.news\/latam\/noticias\/volkswagen-reanuda-produccion-del-golf-en-puebla-para-2027\/"]}]},{"@type":"ImageObject","inLanguage":"es","@id":"https:\/\/www.justretail.news\/latam\/noticias\/volkswagen-reanuda-produccion-del-golf-en-puebla-para-2027\/#primaryimage","url":"https:\/\/www.justretail.news\/latam\/wp-content\/uploads\/2025\/07\/vw-informacion-corporativa.png","contentUrl":"https:\/\/www.justretail.news\/latam\/wp-content\/uploads\/2025\/07\/vw-informacion-corporativa.png","width":1600,"height":900,"caption":"Volkswagen"},{"@type":"BreadcrumbList","@id":"https:\/\/www.justretail.news\/latam\/noticias\/volkswagen-reanuda-produccion-del-golf-en-puebla-para-2027\/#breadcrumb","itemListElement":[{"@type":"ListItem","position":1,"name":"Portada","item":"https:\/\/www.justretail.news\/latam\/"},{"@type":"ListItem","position":2,"name":"Volkswagen reanuda producci\u00f3n del Golf en Puebla para 2027"}]},{"@type":"WebSite","@id":"https:\/\/www.justretail.news\/latam\/#website","url":"https:\/\/www.justretail.news\/latam\/","name":"Just Retail Latam","description":"","publisher":{"@id":"https:\/\/www.justretail.news\/latam\/#organization"},"potentialAction":[{"@type":"SearchAction","target":{"@type":"EntryPoint","urlTemplate":"https:\/\/www.justretail.news\/latam\/?s={search_term_string}"},"query-input":{"@type":"PropertyValueSpecification","valueRequired":true,"valueName":"search_term_string"}}],"inLanguage":"es"},{"@type":"Organization","@id":"https:\/\/www.justretail.news\/latam\/#organization","name":"Just Retail Latam","url":"https:\/\/www.justretail.news\/latam\/","logo":{"@type":"ImageObject","inLanguage":"es","@id":"https:\/\/www.justretail.news\/latam\/#\/schema\/logo\/image\/","url":"https:\/\/www.justretail.news\/latam\/wp-content\/uploads\/2024\/05\/just-retail-logo-NEGRO-trans-latam-272x90_nuevo.png","contentUrl":"https:\/\/www.justretail.news\/latam\/wp-content\/uploads\/2024\/05\/just-retail-logo-NEGRO-trans-latam-272x90_nuevo.png","width":272,"height":90,"caption":"Just Retail Latam"},"image":{"@id":"https:\/\/www.justretail.news\/latam\/#\/schema\/logo\/image\/"}},{"@type":"Person","@id":"https:\/\/www.justretail.news\/latam\/#\/schema\/person\/c2656ce0a4e1c3a0cb63204b17bce2d2","name":"redaccion","image":{"@type":"ImageObject","inLanguage":"es","@id":"https:\/\/secure.gravatar.com\/avatar\/0af76fe7cdb55b1d9835c5dcb644cd298ff04e340eef9d71898a0f0a1ea867d0?s=96&d=mm&r=g","url":"https:\/\/secure.gravatar.com\/avatar\/0af76fe7cdb55b1d9835c5dcb644cd298ff04e340eef9d71898a0f0a1ea867d0?s=96&d=mm&r=g","contentUrl":"https:\/\/secure.gravatar.com\/avatar\/0af76fe7cdb55b1d9835c5dcb644cd298ff04e340eef9d71898a0f0a1ea867d0?s=96&d=mm&r=g","caption":"redaccion"},"url":"https:\/\/www.justretail.news\/latam\/noticias\/author\/redaccion\/"}]}},"jetpack_featured_media_url":"https:\/\/www.justretail.news\/latam\/wp-content\/uploads\/2025\/07\/vw-informacion-corporativa.png","jetpack_sharing_enabled":true,"_links":{"self":[{"href":"https:\/\/www.justretail.news\/latam\/wp-json\/wp\/v2\/posts\/4022","targetHints":{"allow":["GET"]}}],"collection":[{"href":"https:\/\/www.justretail.news\/latam\/wp-json\/wp\/v2\/posts"}],"about":[{"href":"https:\/\/www.justretail.news\/latam\/wp-json\/wp\/v2\/types\/post"}],"author":[{"embeddable":true,"href":"https:\/\/www.justretail.news\/latam\/wp-json\/wp\/v2\/users\/3"}],"replies":[{"embeddable":true,"href":"https:\/\/www.justretail.news\/latam\/wp-json\/wp\/v2\/comments?post=4022"}],"version-history":[{"count":1,"href":"https:\/\/www.justretail.news\/latam\/wp-json\/wp\/v2\/posts\/4022\/revisions"}],"predecessor-version":[{"id":4025,"href":"https:\/\/www.justretail.news\/latam\/wp-json\/wp\/v2\/posts\/4022\/revisions\/4025"}],"wp:featuredmedia":[{"embeddable":true,"href":"https:\/\/www.justretail.news\/latam\/wp-json\/wp\/v2\/media\/4023"}],"wp:attachment":[{"href":"https:\/\/www.justretail.news\/latam\/wp-json\/wp\/v2\/media?parent=4022"}],"wp:term":[{"taxonomy":"category","embeddable":true,"href":"https:\/\/www.justretail.news\/latam\/wp-json\/wp\/v2\/categories?post=4022"},{"taxonomy":"post_tag","embeddable":true,"href":"https:\/\/www.justretail.news\/latam\/wp-json\/wp\/v2\/tags?post=4022"}],"curies":[{"name":"wp","href":"https:\/\/api.w.org\/{rel}","templated":true}]}}