{"id":4026,"date":"2025-07-14T15:15:00","date_gmt":"2025-07-14T13:15:00","guid":{"rendered":"https:\/\/www.justretail.news\/latam\/?p=4026"},"modified":"2025-11-08T23:50:34","modified_gmt":"2025-11-08T22:50:34","slug":"retail-y-centros-comerciales-en-2025","status":"publish","type":"post","link":"https:\/\/www.justretail.news\/latam\/noticias\/retail-y-centros-comerciales-en-2025\/","title":{"rendered":"Retail y centros comerciales en 2025"},"content":{"rendered":"\n<p class=\"has-text-align-right\">Por Jorge Lizan<br>Managing Director de Lizan Retail Advisors (LRA)<\/p>\n\n\n\n<p class=\"has-text-align-left\">Con motivo del 3er Congreso de Centros Comerciales de latinoam\u00e9rica (CLICC) del 28 al 31 de julio en la Ciudad de Guatemala, quisimos hablar sobre estos puntos importantes en Centros Comerciales y tambi\u00e9n aprovechamos para entrevistar a 2 de los speakers que participarean en el evento.<\/p>\n\n\n\n<h2 class=\"wp-block-heading has-text-align-center\">Claves para liderar en un entorno en plena reinvenci\u00f3n<\/h2>\n\n\n\n<p>El 2025 se perfila como un a\u00f1o decisivo para el retail y los centros comerciales en Am\u00e9rica Latina. Frente a un entorno de transformaci\u00f3n acelerada \u2014impulsado por la evoluci\u00f3n del consumidor, la evoluci\u00f3n digital y crecientes presiones econ\u00f3micas y medioambientales\u2014 el sector enfrenta una doble exigencia: adaptarse \u00e1gilmente y, al mismo tiempo, elevar su propuesta de valor.<\/p>\n\n\n\n<p><br>Lejos de ser un momento de incertidumbre paralizante, este panorama representa una oportunidad estrat\u00e9gica para redibujar el rol del retail y los centros comerciales en la vida de las personas. Se trata de mucho m\u00e1s que vender productos: el nuevo prop\u00f3sito es crear experiencias memorables, construir relaciones emocionales y convertirse en espacios urbanos relevantes, tanto en el plano f\u00edsico como digital.<\/p>\n\n\n\n<h2 class=\"wp-block-heading\">Reinventar lo f\u00edsico con una experiencia superior<\/h2>\n\n\n\n<p>Aunque el e-commerce ha ganado terreno, la tienda f\u00edsica sigue siendo el centro de gravedad para la mayor\u00eda de las compras. Eso s\u00ed: el consumidor ya no busca simplemente adquirir, sino vivir una experiencia. El desaf\u00edo est\u00e1 en superar las expectativas digitales desde el espacio f\u00edsico.<\/p>\n\n\n\n<p><br>As\u00ed lo plantea <strong>Eduardo P\u00e9rez Marchant, CEO de Parque Arauco<\/strong>, al se\u00f1alar que \u201cen el sector de centros comerciales, el principal desaf\u00edo es entregar una experiencia de compra f\u00edsica superior a la experiencia digital. Tambi\u00e9n debemos considerar la incertidumbre pol\u00edtica, econ\u00f3mica y social, que puede afectar variables macroecon\u00f3micas como las tasas de inter\u00e9s de largo plazo, impactando directamente el costo de financiamiento y la valorizaci\u00f3n de los centros comerciales\u201d.<\/p>\n\n\n\n<p>En este contexto, los centros comerciales est\u00e1n evolucionando hacia destinos multifuncionales donde se integran retail, gastronom\u00eda, entretenimiento, servicios y cultura, redefiniendo su rol como plataformas de conexi\u00f3n social y bienestar urbano.<\/p>\n\n\n\n<h2 class=\"wp-block-heading\">Tecnolog\u00eda y data: de la intuici\u00f3n a la inteligencia<\/h2>\n\n\n\n<p>La transformaci\u00f3n digital se ha convertido en la columna vertebral del retail moderno.<br>La integraci\u00f3n de tecnolog\u00edas como inteligencia artificial, machine learning y big data no solo permite mejorar la eficiencia operativa, sino tambi\u00e9n anticiparse a los deseos del consumidor con propuestas hiperpersonalizadas. <\/p>\n\n\n\n<p>Para<strong> Juan Jos\u00e9 Calle, Gerente General de Jockey Plaza<\/strong>, el conocimiento profundo del visitante es clave: \u201cLos centros comerciales, especialmente en Am\u00e9rica Latina, se han convertido en espacios urbanos donde la experiencia, el entretenimiento y la socializaci\u00f3n cobran cada vez m\u00e1s fuerza. Para responder a las necesidades del ciudadano, es fundamental conocerlo profundamente. Por ello, el an\u00e1lisis de datos se vuelve indispensable para tomar decisiones acertadas\u201d.<\/p>\n\n\n\n<p>La inteligencia basada en datos ser\u00e1 una de las ventajas competitivas m\u00e1s poderosas para quienes quieran ofrecer valor real y diferenciado en un mercado cada vez m\u00e1s saturado.<\/p>\n\n\n\n<figure class=\"wp-block-image size-large\"><img loading=\"lazy\" decoding=\"async\" width=\"1024\" height=\"683\" src=\"https:\/\/www.justretail.news\/latam\/wp-content\/uploads\/2025\/07\/optimizar-tu-ecommerce-1024x683.jpg\" alt=\"\" class=\"wp-image-4028\" srcset=\"https:\/\/www.justretail.news\/latam\/wp-content\/uploads\/2025\/07\/optimizar-tu-ecommerce-1024x683.jpg 1024w, https:\/\/www.justretail.news\/latam\/wp-content\/uploads\/2025\/07\/optimizar-tu-ecommerce-300x200.jpg 300w, https:\/\/www.justretail.news\/latam\/wp-content\/uploads\/2025\/07\/optimizar-tu-ecommerce-768x512.jpg 768w, https:\/\/www.justretail.news\/latam\/wp-content\/uploads\/2025\/07\/optimizar-tu-ecommerce-630x420.jpg 630w, https:\/\/www.justretail.news\/latam\/wp-content\/uploads\/2025\/07\/optimizar-tu-ecommerce-150x100.jpg 150w, https:\/\/www.justretail.news\/latam\/wp-content\/uploads\/2025\/07\/optimizar-tu-ecommerce-696x464.jpg 696w, https:\/\/www.justretail.news\/latam\/wp-content\/uploads\/2025\/07\/optimizar-tu-ecommerce-1068x712.jpg 1068w, https:\/\/www.justretail.news\/latam\/wp-content\/uploads\/2025\/07\/optimizar-tu-ecommerce.jpg 1200w\" sizes=\"auto, (max-width: 1024px) 100vw, 1024px\" \/><\/figure>\n\n\n\n<h2 class=\"wp-block-heading\">Competencia global, propuesta de valor local<\/h2>\n\n\n\n<p>En un entorno cada vez m\u00e1s globalizado, las marcas locales deben competir con un creciente n\u00famero de players internacionales que llegan con propuestas s\u00f3lidas, innovadoras y con gran respaldo financiero. P\u00e9rez Marchant lo resume con claridad: \u201cEl principal desaf\u00edo del retail es ofrecer una<br>propuesta de valor superior en un contexto donde muchas marcas nuevas est\u00e1n llegando a la regi\u00f3n con propuestas muy robustas. A esto se suma la incertidumbre en los impuestos aduaneros, que podr\u00edan reconfigurar la cadena de abastecimiento de las principales empresas del sector\u201d.<\/p>\n\n\n\n<p>La diferenciaci\u00f3n ser\u00e1 clave. Quienes logren adaptar su oferta a los c\u00f3digos culturales,<br>h\u00e1bitos de consumo y aspiraciones del cliente latinoamericano tendr\u00e1n una ventaja real<br>frente a la competencia global.<\/p>\n\n\n\n<h2 class=\"wp-block-heading\">Omnicanalidad: m\u00e1s que presencia, consistencia<\/h2>\n\n\n\n<p>El consumidor actual transita entre canales f\u00edsicos y digitales de manera natural y espera que la experiencia de marca sea coherente en cada uno de ellos. La verdadera omnicanalidad va m\u00e1s all\u00e1 de integrar plataformas: exige dise\u00f1ar una narrativa unificada que conecte desde el primer clic hasta la compra final.<br>Desde apps m\u00f3viles que permiten escanear productos en tienda hasta experiencias personalizadas por geolocalizaci\u00f3n, los retailers deber\u00e1n asegurar fluidez, conveniencia y valor en cada punto de contacto.<\/p>\n\n\n\n<h2 class=\"wp-block-heading\">Social Commerce: las redes como punto de venta<\/h2>\n\n\n\n<p>El comercio social ya no es una promesa: es una realidad. Las redes sociales han evolucionado de espacios de inspiraci\u00f3n a aut\u00e9nticos canales de conversi\u00f3n. En Am\u00e9rica Latina, donde el uso de plataformas digitales es especialmente alto, esta tendencia representa una oportunidad estrat\u00e9gica para conectar con el consumidor de forma directa, emocional y efectiva.<br>El desaf\u00edo est\u00e1 en articular contenido, comunidad y comercio en una experiencia fluida,<br>que se sienta menos como una venta y m\u00e1s como una recomendaci\u00f3n org\u00e1nica.<\/p>\n\n\n\n<h2 class=\"wp-block-heading\">Sostenibilidad como narrativa con evidencia<\/h2>\n\n\n\n<p>La presi\u00f3n por integrar pr\u00e1cticas sostenibles ha pasado del plano reputacional al estrat\u00e9gico. El consumidor espera no solo compromiso, sino acci\u00f3n verificable: desde empaques biodegradables hasta pr\u00e1cticas responsables en toda la cadena de valor.<br>Integrar la sostenibilidad de forma transversal \u2014no como una campa\u00f1a aislada, sino como un componente esencial del modelo de negocio\u2014 ser\u00e1 una de las claves para construir confianza y diferenciaci\u00f3n a largo plazo.<\/p>\n\n\n\n<figure class=\"wp-block-image size-full\"><img loading=\"lazy\" decoding=\"async\" width=\"1000\" height=\"556\" src=\"https:\/\/www.justretail.news\/latam\/wp-content\/uploads\/2025\/07\/Estrategias-para-reducir-huella-de-carbono-retail.jpg\" alt=\"\" class=\"wp-image-4029\" srcset=\"https:\/\/www.justretail.news\/latam\/wp-content\/uploads\/2025\/07\/Estrategias-para-reducir-huella-de-carbono-retail.jpg 1000w, https:\/\/www.justretail.news\/latam\/wp-content\/uploads\/2025\/07\/Estrategias-para-reducir-huella-de-carbono-retail-300x167.jpg 300w, https:\/\/www.justretail.news\/latam\/wp-content\/uploads\/2025\/07\/Estrategias-para-reducir-huella-de-carbono-retail-768x427.jpg 768w, https:\/\/www.justretail.news\/latam\/wp-content\/uploads\/2025\/07\/Estrategias-para-reducir-huella-de-carbono-retail-755x420.jpg 755w, https:\/\/www.justretail.news\/latam\/wp-content\/uploads\/2025\/07\/Estrategias-para-reducir-huella-de-carbono-retail-150x83.jpg 150w, https:\/\/www.justretail.news\/latam\/wp-content\/uploads\/2025\/07\/Estrategias-para-reducir-huella-de-carbono-retail-696x387.jpg 696w\" sizes=\"auto, (max-width: 1000px) 100vw, 1000px\" \/><\/figure>\n\n\n\n<h2 class=\"wp-block-heading\">Hacia un retail m\u00e1s emp\u00e1tico, inteligente y conectado<\/h2>\n\n\n\n<p><br>El 2025 marcar\u00e1 un antes y un despu\u00e9s en la evoluci\u00f3n del retail y los centros comerciales en Am\u00e9rica Latina. En un entorno donde la competencia es global, la presi\u00f3n econ\u00f3mica es constante y el consumidor es m\u00e1s consciente y exigente que nunca, solo las marcas que combinen innovaci\u00f3n, conocimiento del cliente y visi\u00f3n estrat\u00e9gica podr\u00e1n liderar.<\/p>\n\n\n\n<p>Desde la personalizaci\u00f3n basada en datos hasta el auge del \u00abexperiential shopping\u00bb, pasando por el comercio social y la sostenibilidad real, el retail del futuro ser\u00e1 de quienes est\u00e9n dispuestos a desaprender lo establecido y reinventar lo esencial. Como advierten sus propios protagonistas, la clave no ser\u00e1 simplemente adaptarse al cambio, sino anticiparlo y convertirlo en ventaja competitiva.<\/p>\n","protected":false},"excerpt":{"rendered":"<p>Por Jorge LizanManaging Director de Lizan Retail Advisors (LRA) Con motivo del 3er Congreso de Centros Comerciales de latinoam\u00e9rica (CLICC) del 28 al 31 de julio en la Ciudad de Guatemala, quisimos hablar sobre estos puntos importantes en Centros Comerciales y tambi\u00e9n aprovechamos para entrevistar a 2 de los speakers que participarean en el evento. [&hellip;]<\/p>\n","protected":false},"author":3,"featured_media":4027,"comment_status":"closed","ping_status":"open","sticky":false,"template":"","format":"standard","meta":{"_jetpack_memberships_contains_paid_content":false,"footnotes":""},"categories":[37],"tags":[73,131,52,51],"class_list":{"0":"post-4026","1":"post","2":"type-post","3":"status-publish","4":"format-standard","5":"has-post-thumbnail","7":"category-retailers","8":"tag-centros-comerciales","9":"tag-ecommerce","10":"tag-retail","11":"tag-sostenibilidad"},"yoast_head":"<!-- This site is optimized with the Yoast SEO plugin v27.4 - https:\/\/yoast.com\/product\/yoast-seo-wordpress\/ -->\n<title>Retail y centros comerciales en 2025 - Just Retail Latam<\/title>\n<meta name=\"description\" content=\"El 2025 se perfila como un a\u00f1o decisivo para el retail y los centros comerciales en Am\u00e9rica Latina.\" \/>\n<meta name=\"robots\" content=\"index, follow, max-snippet:-1, max-image-preview:large, max-video-preview:-1\" \/>\n<link rel=\"canonical\" href=\"https:\/\/www.justretail.news\/latam\/noticias\/retail-y-centros-comerciales-en-2025\/\" \/>\n<meta property=\"og:locale\" content=\"es_ES\" \/>\n<meta property=\"og:type\" content=\"article\" \/>\n<meta property=\"og:title\" content=\"Retail y centros comerciales en 2025 - Just Retail Latam\" \/>\n<meta property=\"og:description\" content=\"El 2025 se perfila como un a\u00f1o decisivo para el retail y los centros comerciales en Am\u00e9rica Latina.\" \/>\n<meta property=\"og:url\" content=\"https:\/\/www.justretail.news\/latam\/noticias\/retail-y-centros-comerciales-en-2025\/\" \/>\n<meta property=\"og:site_name\" content=\"Just Retail Latam\" \/>\n<meta property=\"article:published_time\" content=\"2025-07-14T13:15:00+00:00\" \/>\n<meta property=\"article:modified_time\" content=\"2025-11-08T22:50:34+00:00\" \/>\n<meta property=\"og:image\" content=\"https:\/\/www.justretail.news\/latam\/wp-content\/uploads\/2025\/07\/Captura-de-pantalla-2025-07-13-a-las-8.29.33\u202fp.m-1024x531.png\" \/>\n\t<meta property=\"og:image:width\" content=\"1024\" \/>\n\t<meta property=\"og:image:height\" content=\"531\" \/>\n\t<meta property=\"og:image:type\" content=\"image\/png\" \/>\n<meta name=\"author\" content=\"redaccion\" \/>\n<meta name=\"twitter:card\" content=\"summary_large_image\" \/>\n<meta name=\"twitter:label1\" content=\"Escrito por\" \/>\n\t<meta name=\"twitter:data1\" content=\"redaccion\" \/>\n\t<meta name=\"twitter:label2\" content=\"Tiempo de lectura\" \/>\n\t<meta name=\"twitter:data2\" content=\"6 minutos\" \/>\n<script type=\"application\/ld+json\" class=\"yoast-schema-graph\">{\"@context\":\"https:\\\/\\\/schema.org\",\"@graph\":[{\"@type\":\"Article\",\"@id\":\"https:\\\/\\\/www.justretail.news\\\/latam\\\/noticias\\\/retail-y-centros-comerciales-en-2025\\\/#article\",\"isPartOf\":{\"@id\":\"https:\\\/\\\/www.justretail.news\\\/latam\\\/noticias\\\/retail-y-centros-comerciales-en-2025\\\/\"},\"author\":{\"name\":\"redaccion\",\"@id\":\"https:\\\/\\\/www.justretail.news\\\/latam\\\/#\\\/schema\\\/person\\\/c2656ce0a4e1c3a0cb63204b17bce2d2\"},\"headline\":\"Retail y centros comerciales en 2025\",\"datePublished\":\"2025-07-14T13:15:00+00:00\",\"dateModified\":\"2025-11-08T22:50:34+00:00\",\"mainEntityOfPage\":{\"@id\":\"https:\\\/\\\/www.justretail.news\\\/latam\\\/noticias\\\/retail-y-centros-comerciales-en-2025\\\/\"},\"wordCount\":1059,\"publisher\":{\"@id\":\"https:\\\/\\\/www.justretail.news\\\/latam\\\/#organization\"},\"image\":{\"@id\":\"https:\\\/\\\/www.justretail.news\\\/latam\\\/noticias\\\/retail-y-centros-comerciales-en-2025\\\/#primaryimage\"},\"thumbnailUrl\":\"https:\\\/\\\/www.justretail.news\\\/latam\\\/wp-content\\\/uploads\\\/2025\\\/07\\\/Captura-de-pantalla-2025-07-13-a-las-8.29.33\u202fp.m-scaled.png\",\"keywords\":[\"centros comerciales\",\"ecommerce\",\"retail\",\"sostenibilidad\"],\"articleSection\":[\"Retailers\"],\"inLanguage\":\"es\"},{\"@type\":\"WebPage\",\"@id\":\"https:\\\/\\\/www.justretail.news\\\/latam\\\/noticias\\\/retail-y-centros-comerciales-en-2025\\\/\",\"url\":\"https:\\\/\\\/www.justretail.news\\\/latam\\\/noticias\\\/retail-y-centros-comerciales-en-2025\\\/\",\"name\":\"Retail y centros comerciales en 2025 - Just Retail Latam\",\"isPartOf\":{\"@id\":\"https:\\\/\\\/www.justretail.news\\\/latam\\\/#website\"},\"primaryImageOfPage\":{\"@id\":\"https:\\\/\\\/www.justretail.news\\\/latam\\\/noticias\\\/retail-y-centros-comerciales-en-2025\\\/#primaryimage\"},\"image\":{\"@id\":\"https:\\\/\\\/www.justretail.news\\\/latam\\\/noticias\\\/retail-y-centros-comerciales-en-2025\\\/#primaryimage\"},\"thumbnailUrl\":\"https:\\\/\\\/www.justretail.news\\\/latam\\\/wp-content\\\/uploads\\\/2025\\\/07\\\/Captura-de-pantalla-2025-07-13-a-las-8.29.33\u202fp.m-scaled.png\",\"datePublished\":\"2025-07-14T13:15:00+00:00\",\"dateModified\":\"2025-11-08T22:50:34+00:00\",\"description\":\"El 2025 se perfila como un a\u00f1o decisivo para el retail y los centros comerciales en Am\u00e9rica Latina.\",\"breadcrumb\":{\"@id\":\"https:\\\/\\\/www.justretail.news\\\/latam\\\/noticias\\\/retail-y-centros-comerciales-en-2025\\\/#breadcrumb\"},\"inLanguage\":\"es\",\"potentialAction\":[{\"@type\":\"ReadAction\",\"target\":[\"https:\\\/\\\/www.justretail.news\\\/latam\\\/noticias\\\/retail-y-centros-comerciales-en-2025\\\/\"]}]},{\"@type\":\"ImageObject\",\"inLanguage\":\"es\",\"@id\":\"https:\\\/\\\/www.justretail.news\\\/latam\\\/noticias\\\/retail-y-centros-comerciales-en-2025\\\/#primaryimage\",\"url\":\"https:\\\/\\\/www.justretail.news\\\/latam\\\/wp-content\\\/uploads\\\/2025\\\/07\\\/Captura-de-pantalla-2025-07-13-a-las-8.29.33\u202fp.m-scaled.png\",\"contentUrl\":\"https:\\\/\\\/www.justretail.news\\\/latam\\\/wp-content\\\/uploads\\\/2025\\\/07\\\/Captura-de-pantalla-2025-07-13-a-las-8.29.33\u202fp.m-scaled.png\",\"width\":2560,\"height\":1327,\"caption\":\"Retail\"},{\"@type\":\"BreadcrumbList\",\"@id\":\"https:\\\/\\\/www.justretail.news\\\/latam\\\/noticias\\\/retail-y-centros-comerciales-en-2025\\\/#breadcrumb\",\"itemListElement\":[{\"@type\":\"ListItem\",\"position\":1,\"name\":\"Portada\",\"item\":\"https:\\\/\\\/www.justretail.news\\\/latam\\\/\"},{\"@type\":\"ListItem\",\"position\":2,\"name\":\"Retail y centros comerciales en 2025\"}]},{\"@type\":\"WebSite\",\"@id\":\"https:\\\/\\\/www.justretail.news\\\/latam\\\/#website\",\"url\":\"https:\\\/\\\/www.justretail.news\\\/latam\\\/\",\"name\":\"Just Retail Latam\",\"description\":\"\",\"publisher\":{\"@id\":\"https:\\\/\\\/www.justretail.news\\\/latam\\\/#organization\"},\"potentialAction\":[{\"@type\":\"SearchAction\",\"target\":{\"@type\":\"EntryPoint\",\"urlTemplate\":\"https:\\\/\\\/www.justretail.news\\\/latam\\\/?s={search_term_string}\"},\"query-input\":{\"@type\":\"PropertyValueSpecification\",\"valueRequired\":true,\"valueName\":\"search_term_string\"}}],\"inLanguage\":\"es\"},{\"@type\":\"Organization\",\"@id\":\"https:\\\/\\\/www.justretail.news\\\/latam\\\/#organization\",\"name\":\"Just Retail Latam\",\"url\":\"https:\\\/\\\/www.justretail.news\\\/latam\\\/\",\"logo\":{\"@type\":\"ImageObject\",\"inLanguage\":\"es\",\"@id\":\"https:\\\/\\\/www.justretail.news\\\/latam\\\/#\\\/schema\\\/logo\\\/image\\\/\",\"url\":\"https:\\\/\\\/www.justretail.news\\\/latam\\\/wp-content\\\/uploads\\\/2024\\\/05\\\/just-retail-logo-NEGRO-trans-latam-272x90_nuevo.png\",\"contentUrl\":\"https:\\\/\\\/www.justretail.news\\\/latam\\\/wp-content\\\/uploads\\\/2024\\\/05\\\/just-retail-logo-NEGRO-trans-latam-272x90_nuevo.png\",\"width\":272,\"height\":90,\"caption\":\"Just Retail Latam\"},\"image\":{\"@id\":\"https:\\\/\\\/www.justretail.news\\\/latam\\\/#\\\/schema\\\/logo\\\/image\\\/\"}},{\"@type\":\"Person\",\"@id\":\"https:\\\/\\\/www.justretail.news\\\/latam\\\/#\\\/schema\\\/person\\\/c2656ce0a4e1c3a0cb63204b17bce2d2\",\"name\":\"redaccion\",\"image\":{\"@type\":\"ImageObject\",\"inLanguage\":\"es\",\"@id\":\"https:\\\/\\\/secure.gravatar.com\\\/avatar\\\/0af76fe7cdb55b1d9835c5dcb644cd298ff04e340eef9d71898a0f0a1ea867d0?s=96&d=mm&r=g\",\"url\":\"https:\\\/\\\/secure.gravatar.com\\\/avatar\\\/0af76fe7cdb55b1d9835c5dcb644cd298ff04e340eef9d71898a0f0a1ea867d0?s=96&d=mm&r=g\",\"contentUrl\":\"https:\\\/\\\/secure.gravatar.com\\\/avatar\\\/0af76fe7cdb55b1d9835c5dcb644cd298ff04e340eef9d71898a0f0a1ea867d0?s=96&d=mm&r=g\",\"caption\":\"redaccion\"},\"url\":\"https:\\\/\\\/www.justretail.news\\\/latam\\\/noticias\\\/author\\\/redaccion\\\/\"}]}<\/script>\n<!-- \/ Yoast SEO plugin. -->","yoast_head_json":{"title":"Retail y centros comerciales en 2025 - Just Retail Latam","description":"El 2025 se perfila como un a\u00f1o decisivo para el retail y los centros comerciales en Am\u00e9rica Latina.","robots":{"index":"index","follow":"follow","max-snippet":"max-snippet:-1","max-image-preview":"max-image-preview:large","max-video-preview":"max-video-preview:-1"},"canonical":"https:\/\/www.justretail.news\/latam\/noticias\/retail-y-centros-comerciales-en-2025\/","og_locale":"es_ES","og_type":"article","og_title":"Retail y centros comerciales en 2025 - Just Retail Latam","og_description":"El 2025 se perfila como un a\u00f1o decisivo para el retail y los centros comerciales en Am\u00e9rica Latina.","og_url":"https:\/\/www.justretail.news\/latam\/noticias\/retail-y-centros-comerciales-en-2025\/","og_site_name":"Just Retail Latam","article_published_time":"2025-07-14T13:15:00+00:00","article_modified_time":"2025-11-08T22:50:34+00:00","og_image":[{"width":1024,"height":531,"url":"https:\/\/www.justretail.news\/latam\/wp-content\/uploads\/2025\/07\/Captura-de-pantalla-2025-07-13-a-las-8.29.33\u202fp.m-1024x531.png","type":"image\/png"}],"author":"redaccion","twitter_card":"summary_large_image","twitter_misc":{"Escrito por":"redaccion","Tiempo de lectura":"6 minutos"},"schema":{"@context":"https:\/\/schema.org","@graph":[{"@type":"Article","@id":"https:\/\/www.justretail.news\/latam\/noticias\/retail-y-centros-comerciales-en-2025\/#article","isPartOf":{"@id":"https:\/\/www.justretail.news\/latam\/noticias\/retail-y-centros-comerciales-en-2025\/"},"author":{"name":"redaccion","@id":"https:\/\/www.justretail.news\/latam\/#\/schema\/person\/c2656ce0a4e1c3a0cb63204b17bce2d2"},"headline":"Retail y centros comerciales en 2025","datePublished":"2025-07-14T13:15:00+00:00","dateModified":"2025-11-08T22:50:34+00:00","mainEntityOfPage":{"@id":"https:\/\/www.justretail.news\/latam\/noticias\/retail-y-centros-comerciales-en-2025\/"},"wordCount":1059,"publisher":{"@id":"https:\/\/www.justretail.news\/latam\/#organization"},"image":{"@id":"https:\/\/www.justretail.news\/latam\/noticias\/retail-y-centros-comerciales-en-2025\/#primaryimage"},"thumbnailUrl":"https:\/\/www.justretail.news\/latam\/wp-content\/uploads\/2025\/07\/Captura-de-pantalla-2025-07-13-a-las-8.29.33\u202fp.m-scaled.png","keywords":["centros comerciales","ecommerce","retail","sostenibilidad"],"articleSection":["Retailers"],"inLanguage":"es"},{"@type":"WebPage","@id":"https:\/\/www.justretail.news\/latam\/noticias\/retail-y-centros-comerciales-en-2025\/","url":"https:\/\/www.justretail.news\/latam\/noticias\/retail-y-centros-comerciales-en-2025\/","name":"Retail y centros comerciales en 2025 - Just Retail Latam","isPartOf":{"@id":"https:\/\/www.justretail.news\/latam\/#website"},"primaryImageOfPage":{"@id":"https:\/\/www.justretail.news\/latam\/noticias\/retail-y-centros-comerciales-en-2025\/#primaryimage"},"image":{"@id":"https:\/\/www.justretail.news\/latam\/noticias\/retail-y-centros-comerciales-en-2025\/#primaryimage"},"thumbnailUrl":"https:\/\/www.justretail.news\/latam\/wp-content\/uploads\/2025\/07\/Captura-de-pantalla-2025-07-13-a-las-8.29.33\u202fp.m-scaled.png","datePublished":"2025-07-14T13:15:00+00:00","dateModified":"2025-11-08T22:50:34+00:00","description":"El 2025 se perfila como un a\u00f1o decisivo para el retail y los centros comerciales en Am\u00e9rica Latina.","breadcrumb":{"@id":"https:\/\/www.justretail.news\/latam\/noticias\/retail-y-centros-comerciales-en-2025\/#breadcrumb"},"inLanguage":"es","potentialAction":[{"@type":"ReadAction","target":["https:\/\/www.justretail.news\/latam\/noticias\/retail-y-centros-comerciales-en-2025\/"]}]},{"@type":"ImageObject","inLanguage":"es","@id":"https:\/\/www.justretail.news\/latam\/noticias\/retail-y-centros-comerciales-en-2025\/#primaryimage","url":"https:\/\/www.justretail.news\/latam\/wp-content\/uploads\/2025\/07\/Captura-de-pantalla-2025-07-13-a-las-8.29.33\u202fp.m-scaled.png","contentUrl":"https:\/\/www.justretail.news\/latam\/wp-content\/uploads\/2025\/07\/Captura-de-pantalla-2025-07-13-a-las-8.29.33\u202fp.m-scaled.png","width":2560,"height":1327,"caption":"Retail"},{"@type":"BreadcrumbList","@id":"https:\/\/www.justretail.news\/latam\/noticias\/retail-y-centros-comerciales-en-2025\/#breadcrumb","itemListElement":[{"@type":"ListItem","position":1,"name":"Portada","item":"https:\/\/www.justretail.news\/latam\/"},{"@type":"ListItem","position":2,"name":"Retail y centros comerciales en 2025"}]},{"@type":"WebSite","@id":"https:\/\/www.justretail.news\/latam\/#website","url":"https:\/\/www.justretail.news\/latam\/","name":"Just Retail Latam","description":"","publisher":{"@id":"https:\/\/www.justretail.news\/latam\/#organization"},"potentialAction":[{"@type":"SearchAction","target":{"@type":"EntryPoint","urlTemplate":"https:\/\/www.justretail.news\/latam\/?s={search_term_string}"},"query-input":{"@type":"PropertyValueSpecification","valueRequired":true,"valueName":"search_term_string"}}],"inLanguage":"es"},{"@type":"Organization","@id":"https:\/\/www.justretail.news\/latam\/#organization","name":"Just Retail Latam","url":"https:\/\/www.justretail.news\/latam\/","logo":{"@type":"ImageObject","inLanguage":"es","@id":"https:\/\/www.justretail.news\/latam\/#\/schema\/logo\/image\/","url":"https:\/\/www.justretail.news\/latam\/wp-content\/uploads\/2024\/05\/just-retail-logo-NEGRO-trans-latam-272x90_nuevo.png","contentUrl":"https:\/\/www.justretail.news\/latam\/wp-content\/uploads\/2024\/05\/just-retail-logo-NEGRO-trans-latam-272x90_nuevo.png","width":272,"height":90,"caption":"Just Retail Latam"},"image":{"@id":"https:\/\/www.justretail.news\/latam\/#\/schema\/logo\/image\/"}},{"@type":"Person","@id":"https:\/\/www.justretail.news\/latam\/#\/schema\/person\/c2656ce0a4e1c3a0cb63204b17bce2d2","name":"redaccion","image":{"@type":"ImageObject","inLanguage":"es","@id":"https:\/\/secure.gravatar.com\/avatar\/0af76fe7cdb55b1d9835c5dcb644cd298ff04e340eef9d71898a0f0a1ea867d0?s=96&d=mm&r=g","url":"https:\/\/secure.gravatar.com\/avatar\/0af76fe7cdb55b1d9835c5dcb644cd298ff04e340eef9d71898a0f0a1ea867d0?s=96&d=mm&r=g","contentUrl":"https:\/\/secure.gravatar.com\/avatar\/0af76fe7cdb55b1d9835c5dcb644cd298ff04e340eef9d71898a0f0a1ea867d0?s=96&d=mm&r=g","caption":"redaccion"},"url":"https:\/\/www.justretail.news\/latam\/noticias\/author\/redaccion\/"}]}},"jetpack_featured_media_url":"https:\/\/www.justretail.news\/latam\/wp-content\/uploads\/2025\/07\/Captura-de-pantalla-2025-07-13-a-las-8.29.33\u202fp.m-scaled.png","jetpack_sharing_enabled":true,"_links":{"self":[{"href":"https:\/\/www.justretail.news\/latam\/wp-json\/wp\/v2\/posts\/4026","targetHints":{"allow":["GET"]}}],"collection":[{"href":"https:\/\/www.justretail.news\/latam\/wp-json\/wp\/v2\/posts"}],"about":[{"href":"https:\/\/www.justretail.news\/latam\/wp-json\/wp\/v2\/types\/post"}],"author":[{"embeddable":true,"href":"https:\/\/www.justretail.news\/latam\/wp-json\/wp\/v2\/users\/3"}],"replies":[{"embeddable":true,"href":"https:\/\/www.justretail.news\/latam\/wp-json\/wp\/v2\/comments?post=4026"}],"version-history":[{"count":4,"href":"https:\/\/www.justretail.news\/latam\/wp-json\/wp\/v2\/posts\/4026\/revisions"}],"predecessor-version":[{"id":4045,"href":"https:\/\/www.justretail.news\/latam\/wp-json\/wp\/v2\/posts\/4026\/revisions\/4045"}],"wp:featuredmedia":[{"embeddable":true,"href":"https:\/\/www.justretail.news\/latam\/wp-json\/wp\/v2\/media\/4027"}],"wp:attachment":[{"href":"https:\/\/www.justretail.news\/latam\/wp-json\/wp\/v2\/media?parent=4026"}],"wp:term":[{"taxonomy":"category","embeddable":true,"href":"https:\/\/www.justretail.news\/latam\/wp-json\/wp\/v2\/categories?post=4026"},{"taxonomy":"post_tag","embeddable":true,"href":"https:\/\/www.justretail.news\/latam\/wp-json\/wp\/v2\/tags?post=4026"}],"curies":[{"name":"wp","href":"https:\/\/api.w.org\/{rel}","templated":true}]}}