{"id":4074,"date":"2025-07-20T22:40:04","date_gmt":"2025-07-20T20:40:04","guid":{"rendered":"https:\/\/www.justretail.news\/latam\/?p=4074"},"modified":"2025-11-08T23:49:59","modified_gmt":"2025-11-08T22:49:59","slug":"retail-summit-2025-reunira-a-lideres-del-retail-real-estate-en-latinoamerica","status":"publish","type":"post","link":"https:\/\/www.justretail.news\/latam\/noticias\/retail-summit-2025-reunira-a-lideres-del-retail-real-estate-en-latinoamerica\/","title":{"rendered":"Retail Summit 2025 reunir\u00e1 a l\u00edderes del Retail Real Estate en Latinoam\u00e9rica"},"content":{"rendered":"\n<p>La revista&nbsp;<strong>Inmobiliare<\/strong>, en colaboraci\u00f3n con&nbsp;<strong>Lizan Retail Advisors (LRA)<\/strong>, presentar\u00e1 el&nbsp;<strong>Retail Summit 2025<\/strong>, un encuentro clave para el sector de&nbsp;<strong>Retail Real Estate<\/strong>&nbsp;en Latinoam\u00e9rica. La cita reunir\u00e1 a los principales expertos y l\u00edderes de la industria para compartir las ideas y casos de \u00e9xito que est\u00e1n redefiniendo la relaci\u00f3n entre comercio, bienes ra\u00edces y experiencia del consumidor.<\/p>\n\n\n\n<p>El foro se posiciona como un espacio \u00fanico para debatir sobre las&nbsp;<strong>tendencias globales<\/strong>&nbsp;que est\u00e1n revolucionando el retail, desde la digitalizaci\u00f3n y la omnicanalidad hasta la sostenibilidad y la incorporaci\u00f3n de nuevas tecnolog\u00edas. Adem\u00e1s, ofrecer\u00e1 una mirada detallada a los&nbsp;<strong>formatos innovadores<\/strong>&nbsp;que han demostrado ser exitosos en mercados emergentes y maduros por igual.<\/p>\n\n\n\n<p>Este a\u00f1o, el Summit pondr\u00e1 especial \u00e9nfasis en las&nbsp;<strong>estrategias de expansi\u00f3n y desarrollo<\/strong>&nbsp;que est\u00e1n impulsando la llegada de nuevas marcas internacionales a la regi\u00f3n, as\u00ed como los retos que enfrentan las empresas locales para competir en un entorno cada vez m\u00e1s din\u00e1mico y competitivo.<\/p>\n\n\n\n<figure class=\"wp-block-image size-large\"><img loading=\"lazy\" decoding=\"async\" width=\"819\" height=\"1024\" src=\"https:\/\/www.justretail.news\/latam\/wp-content\/uploads\/2025\/07\/WhatsApp-Image-2025-07-14-at-8.52.31-PM-819x1024.jpeg\" alt=\"Retail Summit\" class=\"wp-image-4077\" srcset=\"https:\/\/www.justretail.news\/latam\/wp-content\/uploads\/2025\/07\/WhatsApp-Image-2025-07-14-at-8.52.31-PM-819x1024.jpeg 819w, https:\/\/www.justretail.news\/latam\/wp-content\/uploads\/2025\/07\/WhatsApp-Image-2025-07-14-at-8.52.31-PM-240x300.jpeg 240w, https:\/\/www.justretail.news\/latam\/wp-content\/uploads\/2025\/07\/WhatsApp-Image-2025-07-14-at-8.52.31-PM-768x960.jpeg 768w, https:\/\/www.justretail.news\/latam\/wp-content\/uploads\/2025\/07\/WhatsApp-Image-2025-07-14-at-8.52.31-PM-336x420.jpeg 336w, https:\/\/www.justretail.news\/latam\/wp-content\/uploads\/2025\/07\/WhatsApp-Image-2025-07-14-at-8.52.31-PM-150x188.jpeg 150w, https:\/\/www.justretail.news\/latam\/wp-content\/uploads\/2025\/07\/WhatsApp-Image-2025-07-14-at-8.52.31-PM-300x375.jpeg 300w, https:\/\/www.justretail.news\/latam\/wp-content\/uploads\/2025\/07\/WhatsApp-Image-2025-07-14-at-8.52.31-PM-696x870.jpeg 696w, https:\/\/www.justretail.news\/latam\/wp-content\/uploads\/2025\/07\/WhatsApp-Image-2025-07-14-at-8.52.31-PM-1068x1335.jpeg 1068w, https:\/\/www.justretail.news\/latam\/wp-content\/uploads\/2025\/07\/WhatsApp-Image-2025-07-14-at-8.52.31-PM.jpeg 1080w\" sizes=\"auto, (max-width: 819px) 100vw, 819px\" \/><\/figure>\n\n\n\n<h3 class=\"wp-block-heading\"><strong>Networking de alto nivel y visi\u00f3n a futuro<\/strong><\/h3>\n\n\n\n<p>Los asistentes podr\u00e1n acceder a paneles especializados donde se analizar\u00e1n&nbsp;<strong>casos reales del mercado mexicano y latinoamericano<\/strong>, proporcionando una visi\u00f3n integral de las oportunidades y desaf\u00edos del retail inmobiliario. Expertos compartir\u00e1n experiencias sobre c\u00f3mo optimizar inversiones en centros comerciales, desarrollar conceptos mixtos y adaptarse a los cambios de h\u00e1bitos de consumo.<\/p>\n\n\n\n<p>Adem\u00e1s, se generar\u00e1 un ambiente ideal para crear&nbsp;<strong>conexiones estrat\u00e9gicas<\/strong>&nbsp;con actores clave del sector, fomentando alianzas que fortalezcan el ecosistema retail. El evento busca consolidarse como una plataforma de&nbsp;<strong>networking de alto nivel<\/strong>, impulsando conversaciones que trasciendan la jornada y se transformen en proyectos concretos.<\/p>\n\n\n\n<h3 class=\"wp-block-heading\"><strong>Oportunidad para profesionales del sector<\/strong><\/h3>\n\n\n\n<p>El&nbsp;<strong>Retail Summit 2025<\/strong>&nbsp;tambi\u00e9n ofrecer\u00e1 a los participantes herramientas pr\u00e1cticas para anticipar la evoluci\u00f3n del mercado y adoptar modelos m\u00e1s flexibles de negocio. Los organizadores han anunciado un&nbsp;<strong>20\u202f% de descuento<\/strong>&nbsp;para quienes se registren con el c\u00f3digo promocional LRA20.<\/p>\n\n\n\n<p>Con este encuentro, Inmobiliare y Lizan Retail Advisors reafirman su compromiso de impulsar la profesionalizaci\u00f3n y el crecimiento sostenible del retail inmobiliario en Am\u00e9rica Latina.<\/p>\n","protected":false},"excerpt":{"rendered":"<p>La revista&nbsp;Inmobiliare, en colaboraci\u00f3n con&nbsp;Lizan Retail Advisors (LRA), presentar\u00e1 el&nbsp;Retail Summit 2025, un encuentro clave para el sector de&nbsp;Retail Real Estate&nbsp;en Latinoam\u00e9rica. La cita reunir\u00e1 a los principales expertos y l\u00edderes de la industria para compartir las ideas y casos de \u00e9xito que est\u00e1n redefiniendo la relaci\u00f3n entre comercio, bienes ra\u00edces y experiencia del consumidor. [&hellip;]<\/p>\n","protected":false},"author":3,"featured_media":4178,"comment_status":"closed","ping_status":"open","sticky":false,"template":"","format":"standard","meta":{"_jetpack_memberships_contains_paid_content":false,"footnotes":""},"categories":[58],"tags":[50,412,201,892],"class_list":{"0":"post-4074","1":"post","2":"type-post","3":"status-publish","4":"format-standard","5":"has-post-thumbnail","7":"category-eventos","8":"tag-innovacion","9":"tag-latinoamerica","10":"tag-retail-real-estate","11":"tag-retail-summit"},"yoast_head":"<!-- This site is optimized with the Yoast SEO plugin v27.4 - https:\/\/yoast.com\/product\/yoast-seo-wordpress\/ -->\n<title>Retail Summit 2025 reunir\u00e1 a l\u00edderes del Retail Real Estate en Latinoam\u00e9rica - Just Retail Latam<\/title>\n<meta name=\"description\" content=\"Retail Summit 2025 reunir\u00e1 a l\u00edderes del Retail Real Estate en Latinoam\u00e9rica para analizar tendencias, expansi\u00f3n y casos de \u00e9xito.\" \/>\n<meta name=\"robots\" content=\"index, follow, max-snippet:-1, max-image-preview:large, max-video-preview:-1\" \/>\n<link rel=\"canonical\" href=\"https:\/\/www.justretail.news\/latam\/noticias\/retail-summit-2025-reunira-a-lideres-del-retail-real-estate-en-latinoamerica\/\" \/>\n<meta property=\"og:locale\" content=\"es_ES\" \/>\n<meta property=\"og:type\" content=\"article\" \/>\n<meta property=\"og:title\" content=\"Retail Summit 2025 reunir\u00e1 a l\u00edderes del Retail Real Estate en Latinoam\u00e9rica - Just Retail Latam\" \/>\n<meta property=\"og:description\" content=\"Retail Summit 2025 reunir\u00e1 a l\u00edderes del Retail Real Estate en Latinoam\u00e9rica para analizar tendencias, expansi\u00f3n y casos de \u00e9xito.\" \/>\n<meta property=\"og:url\" content=\"https:\/\/www.justretail.news\/latam\/noticias\/retail-summit-2025-reunira-a-lideres-del-retail-real-estate-en-latinoamerica\/\" \/>\n<meta property=\"og:site_name\" content=\"Just Retail Latam\" \/>\n<meta property=\"article:published_time\" content=\"2025-07-20T20:40:04+00:00\" \/>\n<meta property=\"article:modified_time\" content=\"2025-11-08T22:49:59+00:00\" \/>\n<meta property=\"og:image\" content=\"https:\/\/www.justretail.news\/latam\/wp-content\/uploads\/2025\/07\/WhatsApp-Image-2025-07-31-at-5.51.15-PM.jpeg\" \/>\n\t<meta property=\"og:image:width\" content=\"801\" \/>\n\t<meta property=\"og:image:height\" content=\"801\" \/>\n\t<meta property=\"og:image:type\" content=\"image\/jpeg\" \/>\n<meta name=\"author\" content=\"redaccion\" \/>\n<meta name=\"twitter:card\" content=\"summary_large_image\" \/>\n<meta name=\"twitter:label1\" content=\"Escrito por\" \/>\n\t<meta name=\"twitter:data1\" content=\"redaccion\" \/>\n\t<meta name=\"twitter:label2\" content=\"Tiempo de lectura\" \/>\n\t<meta name=\"twitter:data2\" content=\"2 minutos\" \/>\n<script type=\"application\/ld+json\" class=\"yoast-schema-graph\">{\"@context\":\"https:\\\/\\\/schema.org\",\"@graph\":[{\"@type\":\"Article\",\"@id\":\"https:\\\/\\\/www.justretail.news\\\/latam\\\/noticias\\\/retail-summit-2025-reunira-a-lideres-del-retail-real-estate-en-latinoamerica\\\/#article\",\"isPartOf\":{\"@id\":\"https:\\\/\\\/www.justretail.news\\\/latam\\\/noticias\\\/retail-summit-2025-reunira-a-lideres-del-retail-real-estate-en-latinoamerica\\\/\"},\"author\":{\"name\":\"redaccion\",\"@id\":\"https:\\\/\\\/www.justretail.news\\\/latam\\\/#\\\/schema\\\/person\\\/c2656ce0a4e1c3a0cb63204b17bce2d2\"},\"headline\":\"Retail Summit 2025 reunir\u00e1 a l\u00edderes del Retail Real Estate en Latinoam\u00e9rica\",\"datePublished\":\"2025-07-20T20:40:04+00:00\",\"dateModified\":\"2025-11-08T22:49:59+00:00\",\"mainEntityOfPage\":{\"@id\":\"https:\\\/\\\/www.justretail.news\\\/latam\\\/noticias\\\/retail-summit-2025-reunira-a-lideres-del-retail-real-estate-en-latinoamerica\\\/\"},\"wordCount\":400,\"publisher\":{\"@id\":\"https:\\\/\\\/www.justretail.news\\\/latam\\\/#organization\"},\"image\":{\"@id\":\"https:\\\/\\\/www.justretail.news\\\/latam\\\/noticias\\\/retail-summit-2025-reunira-a-lideres-del-retail-real-estate-en-latinoamerica\\\/#primaryimage\"},\"thumbnailUrl\":\"https:\\\/\\\/www.justretail.news\\\/latam\\\/wp-content\\\/uploads\\\/2025\\\/07\\\/WhatsApp-Image-2025-07-31-at-5.51.15-PM.jpeg\",\"keywords\":[\"innovaci\u00f3n\",\"Latinoam\u00e9rica\",\"retail real estate\",\"Retail Summit\"],\"articleSection\":[\"Eventos\"],\"inLanguage\":\"es\"},{\"@type\":\"WebPage\",\"@id\":\"https:\\\/\\\/www.justretail.news\\\/latam\\\/noticias\\\/retail-summit-2025-reunira-a-lideres-del-retail-real-estate-en-latinoamerica\\\/\",\"url\":\"https:\\\/\\\/www.justretail.news\\\/latam\\\/noticias\\\/retail-summit-2025-reunira-a-lideres-del-retail-real-estate-en-latinoamerica\\\/\",\"name\":\"Retail Summit 2025 reunir\u00e1 a l\u00edderes del Retail Real Estate en Latinoam\u00e9rica - Just Retail Latam\",\"isPartOf\":{\"@id\":\"https:\\\/\\\/www.justretail.news\\\/latam\\\/#website\"},\"primaryImageOfPage\":{\"@id\":\"https:\\\/\\\/www.justretail.news\\\/latam\\\/noticias\\\/retail-summit-2025-reunira-a-lideres-del-retail-real-estate-en-latinoamerica\\\/#primaryimage\"},\"image\":{\"@id\":\"https:\\\/\\\/www.justretail.news\\\/latam\\\/noticias\\\/retail-summit-2025-reunira-a-lideres-del-retail-real-estate-en-latinoamerica\\\/#primaryimage\"},\"thumbnailUrl\":\"https:\\\/\\\/www.justretail.news\\\/latam\\\/wp-content\\\/uploads\\\/2025\\\/07\\\/WhatsApp-Image-2025-07-31-at-5.51.15-PM.jpeg\",\"datePublished\":\"2025-07-20T20:40:04+00:00\",\"dateModified\":\"2025-11-08T22:49:59+00:00\",\"description\":\"Retail Summit 2025 reunir\u00e1 a l\u00edderes del Retail Real Estate en Latinoam\u00e9rica para analizar tendencias, expansi\u00f3n y casos de \u00e9xito.\",\"breadcrumb\":{\"@id\":\"https:\\\/\\\/www.justretail.news\\\/latam\\\/noticias\\\/retail-summit-2025-reunira-a-lideres-del-retail-real-estate-en-latinoamerica\\\/#breadcrumb\"},\"inLanguage\":\"es\",\"potentialAction\":[{\"@type\":\"ReadAction\",\"target\":[\"https:\\\/\\\/www.justretail.news\\\/latam\\\/noticias\\\/retail-summit-2025-reunira-a-lideres-del-retail-real-estate-en-latinoamerica\\\/\"]}]},{\"@type\":\"ImageObject\",\"inLanguage\":\"es\",\"@id\":\"https:\\\/\\\/www.justretail.news\\\/latam\\\/noticias\\\/retail-summit-2025-reunira-a-lideres-del-retail-real-estate-en-latinoamerica\\\/#primaryimage\",\"url\":\"https:\\\/\\\/www.justretail.news\\\/latam\\\/wp-content\\\/uploads\\\/2025\\\/07\\\/WhatsApp-Image-2025-07-31-at-5.51.15-PM.jpeg\",\"contentUrl\":\"https:\\\/\\\/www.justretail.news\\\/latam\\\/wp-content\\\/uploads\\\/2025\\\/07\\\/WhatsApp-Image-2025-07-31-at-5.51.15-PM.jpeg\",\"width\":801,\"height\":801,\"caption\":\"Retail Summit\"},{\"@type\":\"BreadcrumbList\",\"@id\":\"https:\\\/\\\/www.justretail.news\\\/latam\\\/noticias\\\/retail-summit-2025-reunira-a-lideres-del-retail-real-estate-en-latinoamerica\\\/#breadcrumb\",\"itemListElement\":[{\"@type\":\"ListItem\",\"position\":1,\"name\":\"Portada\",\"item\":\"https:\\\/\\\/www.justretail.news\\\/latam\\\/\"},{\"@type\":\"ListItem\",\"position\":2,\"name\":\"Retail Summit 2025 reunir\u00e1 a l\u00edderes del Retail Real Estate en Latinoam\u00e9rica\"}]},{\"@type\":\"WebSite\",\"@id\":\"https:\\\/\\\/www.justretail.news\\\/latam\\\/#website\",\"url\":\"https:\\\/\\\/www.justretail.news\\\/latam\\\/\",\"name\":\"Just Retail Latam\",\"description\":\"\",\"publisher\":{\"@id\":\"https:\\\/\\\/www.justretail.news\\\/latam\\\/#organization\"},\"potentialAction\":[{\"@type\":\"SearchAction\",\"target\":{\"@type\":\"EntryPoint\",\"urlTemplate\":\"https:\\\/\\\/www.justretail.news\\\/latam\\\/?s={search_term_string}\"},\"query-input\":{\"@type\":\"PropertyValueSpecification\",\"valueRequired\":true,\"valueName\":\"search_term_string\"}}],\"inLanguage\":\"es\"},{\"@type\":\"Organization\",\"@id\":\"https:\\\/\\\/www.justretail.news\\\/latam\\\/#organization\",\"name\":\"Just Retail Latam\",\"url\":\"https:\\\/\\\/www.justretail.news\\\/latam\\\/\",\"logo\":{\"@type\":\"ImageObject\",\"inLanguage\":\"es\",\"@id\":\"https:\\\/\\\/www.justretail.news\\\/latam\\\/#\\\/schema\\\/logo\\\/image\\\/\",\"url\":\"https:\\\/\\\/www.justretail.news\\\/latam\\\/wp-content\\\/uploads\\\/2024\\\/05\\\/just-retail-logo-NEGRO-trans-latam-272x90_nuevo.png\",\"contentUrl\":\"https:\\\/\\\/www.justretail.news\\\/latam\\\/wp-content\\\/uploads\\\/2024\\\/05\\\/just-retail-logo-NEGRO-trans-latam-272x90_nuevo.png\",\"width\":272,\"height\":90,\"caption\":\"Just Retail Latam\"},\"image\":{\"@id\":\"https:\\\/\\\/www.justretail.news\\\/latam\\\/#\\\/schema\\\/logo\\\/image\\\/\"}},{\"@type\":\"Person\",\"@id\":\"https:\\\/\\\/www.justretail.news\\\/latam\\\/#\\\/schema\\\/person\\\/c2656ce0a4e1c3a0cb63204b17bce2d2\",\"name\":\"redaccion\",\"image\":{\"@type\":\"ImageObject\",\"inLanguage\":\"es\",\"@id\":\"https:\\\/\\\/secure.gravatar.com\\\/avatar\\\/0af76fe7cdb55b1d9835c5dcb644cd298ff04e340eef9d71898a0f0a1ea867d0?s=96&d=mm&r=g\",\"url\":\"https:\\\/\\\/secure.gravatar.com\\\/avatar\\\/0af76fe7cdb55b1d9835c5dcb644cd298ff04e340eef9d71898a0f0a1ea867d0?s=96&d=mm&r=g\",\"contentUrl\":\"https:\\\/\\\/secure.gravatar.com\\\/avatar\\\/0af76fe7cdb55b1d9835c5dcb644cd298ff04e340eef9d71898a0f0a1ea867d0?s=96&d=mm&r=g\",\"caption\":\"redaccion\"},\"url\":\"https:\\\/\\\/www.justretail.news\\\/latam\\\/noticias\\\/author\\\/redaccion\\\/\"}]}<\/script>\n<!-- \/ Yoast SEO plugin. -->","yoast_head_json":{"title":"Retail Summit 2025 reunir\u00e1 a l\u00edderes del Retail Real Estate en Latinoam\u00e9rica - Just Retail Latam","description":"Retail Summit 2025 reunir\u00e1 a l\u00edderes del Retail Real Estate en Latinoam\u00e9rica para analizar tendencias, expansi\u00f3n y casos de \u00e9xito.","robots":{"index":"index","follow":"follow","max-snippet":"max-snippet:-1","max-image-preview":"max-image-preview:large","max-video-preview":"max-video-preview:-1"},"canonical":"https:\/\/www.justretail.news\/latam\/noticias\/retail-summit-2025-reunira-a-lideres-del-retail-real-estate-en-latinoamerica\/","og_locale":"es_ES","og_type":"article","og_title":"Retail Summit 2025 reunir\u00e1 a l\u00edderes del Retail Real Estate en Latinoam\u00e9rica - Just Retail Latam","og_description":"Retail Summit 2025 reunir\u00e1 a l\u00edderes del Retail Real Estate en Latinoam\u00e9rica para analizar tendencias, expansi\u00f3n y casos de \u00e9xito.","og_url":"https:\/\/www.justretail.news\/latam\/noticias\/retail-summit-2025-reunira-a-lideres-del-retail-real-estate-en-latinoamerica\/","og_site_name":"Just Retail Latam","article_published_time":"2025-07-20T20:40:04+00:00","article_modified_time":"2025-11-08T22:49:59+00:00","og_image":[{"width":801,"height":801,"url":"https:\/\/www.justretail.news\/latam\/wp-content\/uploads\/2025\/07\/WhatsApp-Image-2025-07-31-at-5.51.15-PM.jpeg","type":"image\/jpeg"}],"author":"redaccion","twitter_card":"summary_large_image","twitter_misc":{"Escrito por":"redaccion","Tiempo de lectura":"2 minutos"},"schema":{"@context":"https:\/\/schema.org","@graph":[{"@type":"Article","@id":"https:\/\/www.justretail.news\/latam\/noticias\/retail-summit-2025-reunira-a-lideres-del-retail-real-estate-en-latinoamerica\/#article","isPartOf":{"@id":"https:\/\/www.justretail.news\/latam\/noticias\/retail-summit-2025-reunira-a-lideres-del-retail-real-estate-en-latinoamerica\/"},"author":{"name":"redaccion","@id":"https:\/\/www.justretail.news\/latam\/#\/schema\/person\/c2656ce0a4e1c3a0cb63204b17bce2d2"},"headline":"Retail Summit 2025 reunir\u00e1 a l\u00edderes del Retail Real Estate en Latinoam\u00e9rica","datePublished":"2025-07-20T20:40:04+00:00","dateModified":"2025-11-08T22:49:59+00:00","mainEntityOfPage":{"@id":"https:\/\/www.justretail.news\/latam\/noticias\/retail-summit-2025-reunira-a-lideres-del-retail-real-estate-en-latinoamerica\/"},"wordCount":400,"publisher":{"@id":"https:\/\/www.justretail.news\/latam\/#organization"},"image":{"@id":"https:\/\/www.justretail.news\/latam\/noticias\/retail-summit-2025-reunira-a-lideres-del-retail-real-estate-en-latinoamerica\/#primaryimage"},"thumbnailUrl":"https:\/\/www.justretail.news\/latam\/wp-content\/uploads\/2025\/07\/WhatsApp-Image-2025-07-31-at-5.51.15-PM.jpeg","keywords":["innovaci\u00f3n","Latinoam\u00e9rica","retail real estate","Retail Summit"],"articleSection":["Eventos"],"inLanguage":"es"},{"@type":"WebPage","@id":"https:\/\/www.justretail.news\/latam\/noticias\/retail-summit-2025-reunira-a-lideres-del-retail-real-estate-en-latinoamerica\/","url":"https:\/\/www.justretail.news\/latam\/noticias\/retail-summit-2025-reunira-a-lideres-del-retail-real-estate-en-latinoamerica\/","name":"Retail Summit 2025 reunir\u00e1 a l\u00edderes del Retail Real Estate en Latinoam\u00e9rica - Just Retail Latam","isPartOf":{"@id":"https:\/\/www.justretail.news\/latam\/#website"},"primaryImageOfPage":{"@id":"https:\/\/www.justretail.news\/latam\/noticias\/retail-summit-2025-reunira-a-lideres-del-retail-real-estate-en-latinoamerica\/#primaryimage"},"image":{"@id":"https:\/\/www.justretail.news\/latam\/noticias\/retail-summit-2025-reunira-a-lideres-del-retail-real-estate-en-latinoamerica\/#primaryimage"},"thumbnailUrl":"https:\/\/www.justretail.news\/latam\/wp-content\/uploads\/2025\/07\/WhatsApp-Image-2025-07-31-at-5.51.15-PM.jpeg","datePublished":"2025-07-20T20:40:04+00:00","dateModified":"2025-11-08T22:49:59+00:00","description":"Retail Summit 2025 reunir\u00e1 a l\u00edderes del Retail Real Estate en Latinoam\u00e9rica para analizar tendencias, expansi\u00f3n y casos de \u00e9xito.","breadcrumb":{"@id":"https:\/\/www.justretail.news\/latam\/noticias\/retail-summit-2025-reunira-a-lideres-del-retail-real-estate-en-latinoamerica\/#breadcrumb"},"inLanguage":"es","potentialAction":[{"@type":"ReadAction","target":["https:\/\/www.justretail.news\/latam\/noticias\/retail-summit-2025-reunira-a-lideres-del-retail-real-estate-en-latinoamerica\/"]}]},{"@type":"ImageObject","inLanguage":"es","@id":"https:\/\/www.justretail.news\/latam\/noticias\/retail-summit-2025-reunira-a-lideres-del-retail-real-estate-en-latinoamerica\/#primaryimage","url":"https:\/\/www.justretail.news\/latam\/wp-content\/uploads\/2025\/07\/WhatsApp-Image-2025-07-31-at-5.51.15-PM.jpeg","contentUrl":"https:\/\/www.justretail.news\/latam\/wp-content\/uploads\/2025\/07\/WhatsApp-Image-2025-07-31-at-5.51.15-PM.jpeg","width":801,"height":801,"caption":"Retail Summit"},{"@type":"BreadcrumbList","@id":"https:\/\/www.justretail.news\/latam\/noticias\/retail-summit-2025-reunira-a-lideres-del-retail-real-estate-en-latinoamerica\/#breadcrumb","itemListElement":[{"@type":"ListItem","position":1,"name":"Portada","item":"https:\/\/www.justretail.news\/latam\/"},{"@type":"ListItem","position":2,"name":"Retail Summit 2025 reunir\u00e1 a l\u00edderes del Retail Real Estate en Latinoam\u00e9rica"}]},{"@type":"WebSite","@id":"https:\/\/www.justretail.news\/latam\/#website","url":"https:\/\/www.justretail.news\/latam\/","name":"Just Retail Latam","description":"","publisher":{"@id":"https:\/\/www.justretail.news\/latam\/#organization"},"potentialAction":[{"@type":"SearchAction","target":{"@type":"EntryPoint","urlTemplate":"https:\/\/www.justretail.news\/latam\/?s={search_term_string}"},"query-input":{"@type":"PropertyValueSpecification","valueRequired":true,"valueName":"search_term_string"}}],"inLanguage":"es"},{"@type":"Organization","@id":"https:\/\/www.justretail.news\/latam\/#organization","name":"Just Retail Latam","url":"https:\/\/www.justretail.news\/latam\/","logo":{"@type":"ImageObject","inLanguage":"es","@id":"https:\/\/www.justretail.news\/latam\/#\/schema\/logo\/image\/","url":"https:\/\/www.justretail.news\/latam\/wp-content\/uploads\/2024\/05\/just-retail-logo-NEGRO-trans-latam-272x90_nuevo.png","contentUrl":"https:\/\/www.justretail.news\/latam\/wp-content\/uploads\/2024\/05\/just-retail-logo-NEGRO-trans-latam-272x90_nuevo.png","width":272,"height":90,"caption":"Just Retail Latam"},"image":{"@id":"https:\/\/www.justretail.news\/latam\/#\/schema\/logo\/image\/"}},{"@type":"Person","@id":"https:\/\/www.justretail.news\/latam\/#\/schema\/person\/c2656ce0a4e1c3a0cb63204b17bce2d2","name":"redaccion","image":{"@type":"ImageObject","inLanguage":"es","@id":"https:\/\/secure.gravatar.com\/avatar\/0af76fe7cdb55b1d9835c5dcb644cd298ff04e340eef9d71898a0f0a1ea867d0?s=96&d=mm&r=g","url":"https:\/\/secure.gravatar.com\/avatar\/0af76fe7cdb55b1d9835c5dcb644cd298ff04e340eef9d71898a0f0a1ea867d0?s=96&d=mm&r=g","contentUrl":"https:\/\/secure.gravatar.com\/avatar\/0af76fe7cdb55b1d9835c5dcb644cd298ff04e340eef9d71898a0f0a1ea867d0?s=96&d=mm&r=g","caption":"redaccion"},"url":"https:\/\/www.justretail.news\/latam\/noticias\/author\/redaccion\/"}]}},"jetpack_featured_media_url":"https:\/\/www.justretail.news\/latam\/wp-content\/uploads\/2025\/07\/WhatsApp-Image-2025-07-31-at-5.51.15-PM.jpeg","jetpack_sharing_enabled":true,"_links":{"self":[{"href":"https:\/\/www.justretail.news\/latam\/wp-json\/wp\/v2\/posts\/4074","targetHints":{"allow":["GET"]}}],"collection":[{"href":"https:\/\/www.justretail.news\/latam\/wp-json\/wp\/v2\/posts"}],"about":[{"href":"https:\/\/www.justretail.news\/latam\/wp-json\/wp\/v2\/types\/post"}],"author":[{"embeddable":true,"href":"https:\/\/www.justretail.news\/latam\/wp-json\/wp\/v2\/users\/3"}],"replies":[{"embeddable":true,"href":"https:\/\/www.justretail.news\/latam\/wp-json\/wp\/v2\/comments?post=4074"}],"version-history":[{"count":2,"href":"https:\/\/www.justretail.news\/latam\/wp-json\/wp\/v2\/posts\/4074\/revisions"}],"predecessor-version":[{"id":4078,"href":"https:\/\/www.justretail.news\/latam\/wp-json\/wp\/v2\/posts\/4074\/revisions\/4078"}],"wp:featuredmedia":[{"embeddable":true,"href":"https:\/\/www.justretail.news\/latam\/wp-json\/wp\/v2\/media\/4178"}],"wp:attachment":[{"href":"https:\/\/www.justretail.news\/latam\/wp-json\/wp\/v2\/media?parent=4074"}],"wp:term":[{"taxonomy":"category","embeddable":true,"href":"https:\/\/www.justretail.news\/latam\/wp-json\/wp\/v2\/categories?post=4074"},{"taxonomy":"post_tag","embeddable":true,"href":"https:\/\/www.justretail.news\/latam\/wp-json\/wp\/v2\/tags?post=4074"}],"curies":[{"name":"wp","href":"https:\/\/api.w.org\/{rel}","templated":true}]}}