{"id":4079,"date":"2025-07-21T15:10:00","date_gmt":"2025-07-21T13:10:00","guid":{"rendered":"https:\/\/www.justretail.news\/latam\/?p=4079"},"modified":"2025-12-11T16:55:09","modified_gmt":"2025-12-11T15:55:09","slug":"luccianos-abre-su-primer-local-en-chile-junto-a-lra","status":"publish","type":"post","link":"https:\/\/www.justretail.news\/latam\/noticias\/luccianos-abre-su-primer-local-en-chile-junto-a-lra\/","title":{"rendered":"Lucciano\u2019s abre su primer local en Chile junto a LRA"},"content":{"rendered":"\n<p class=\"has-text-align-left\"><strong>Lucciano\u2019s ha anunciado su primera apertura en Chile. <\/strong>De la mano de la consultor\u00eda de Lizan Retail Advisors (LRA), firma de asesor\u00eda en expansi\u00f3n de retail, ha encontrado un gran socio comercial para continuar su expansi\u00f3n por Latinoam\u00e9rica.<\/p>\n\n\n\n<p>La exitosa cadena argentina de helados artesanales pr\u00e9mium inaugur\u00f3 su primer local en Chile, ubicado dentro del centro comercial Parque Arauco. Original de Mar del Plata, la marca lleg\u00f3 tras 14 a\u00f1os de presencia en Argentina y expansi\u00f3n posterior en pa\u00edses como Italia, Espa\u00f1a, Estados Unidos y Uruguay, <strong>totalizando ya 83 tiendas en todo el mundo.<\/strong><\/p>\n\n\n\n<p>El fundador,&nbsp;<strong>Christian Otero<\/strong>, se\u00f1al\u00f3 que la llegada a Chile estuvo planificada tiempo atr\u00e1s, pero se retras\u00f3 por la pandemia. Ahora, conf\u00eda en que el p\u00fablico local responder\u00e1 bien: \u201ctenemos muchas oportunidades de crecimiento&#8230; sabemos que se consume mucho helado\u201d, destac\u00f3.<\/p>\n\n\n\n<figure class=\"wp-block-gallery has-nested-images columns-default is-cropped wp-block-gallery-1 is-layout-flex wp-block-gallery-is-layout-flex\">\n<figure class=\"wp-block-image size-large\"><img loading=\"lazy\" decoding=\"async\" width=\"683\" height=\"1024\" data-id=\"4121\" src=\"https:\/\/www.justretail.news\/latam\/wp-content\/uploads\/2025\/07\/Luccianos_07-683x1024.jpg\" alt=\"\" class=\"wp-image-4121\" srcset=\"https:\/\/www.justretail.news\/latam\/wp-content\/uploads\/2025\/07\/Luccianos_07-683x1024.jpg 683w, https:\/\/www.justretail.news\/latam\/wp-content\/uploads\/2025\/07\/Luccianos_07-200x300.jpg 200w, https:\/\/www.justretail.news\/latam\/wp-content\/uploads\/2025\/07\/Luccianos_07-768x1152.jpg 768w, https:\/\/www.justretail.news\/latam\/wp-content\/uploads\/2025\/07\/Luccianos_07-1024x1536.jpg 1024w, https:\/\/www.justretail.news\/latam\/wp-content\/uploads\/2025\/07\/Luccianos_07-1365x2048.jpg 1365w, https:\/\/www.justretail.news\/latam\/wp-content\/uploads\/2025\/07\/Luccianos_07-280x420.jpg 280w, https:\/\/www.justretail.news\/latam\/wp-content\/uploads\/2025\/07\/Luccianos_07-150x225.jpg 150w, https:\/\/www.justretail.news\/latam\/wp-content\/uploads\/2025\/07\/Luccianos_07-300x450.jpg 300w, https:\/\/www.justretail.news\/latam\/wp-content\/uploads\/2025\/07\/Luccianos_07-696x1044.jpg 696w, https:\/\/www.justretail.news\/latam\/wp-content\/uploads\/2025\/07\/Luccianos_07-1068x1602.jpg 1068w, https:\/\/www.justretail.news\/latam\/wp-content\/uploads\/2025\/07\/Luccianos_07-1920x2880.jpg 1920w, https:\/\/www.justretail.news\/latam\/wp-content\/uploads\/2025\/07\/Luccianos_07-scaled.jpg 1707w\" sizes=\"auto, (max-width: 683px) 100vw, 683px\" \/><\/figure>\n\n\n\n<figure class=\"wp-block-image size-large\"><img loading=\"lazy\" decoding=\"async\" width=\"1024\" height=\"904\" data-id=\"4120\" src=\"https:\/\/www.justretail.news\/latam\/wp-content\/uploads\/2025\/07\/Luccianos_02-1024x904.jpg\" alt=\"\" class=\"wp-image-4120\" srcset=\"https:\/\/www.justretail.news\/latam\/wp-content\/uploads\/2025\/07\/Luccianos_02-1024x904.jpg 1024w, https:\/\/www.justretail.news\/latam\/wp-content\/uploads\/2025\/07\/Luccianos_02-300x265.jpg 300w, https:\/\/www.justretail.news\/latam\/wp-content\/uploads\/2025\/07\/Luccianos_02-768x678.jpg 768w, https:\/\/www.justretail.news\/latam\/wp-content\/uploads\/2025\/07\/Luccianos_02-1536x1356.jpg 1536w, https:\/\/www.justretail.news\/latam\/wp-content\/uploads\/2025\/07\/Luccianos_02-2048x1809.jpg 2048w, https:\/\/www.justretail.news\/latam\/wp-content\/uploads\/2025\/07\/Luccianos_02-476x420.jpg 476w, https:\/\/www.justretail.news\/latam\/wp-content\/uploads\/2025\/07\/Luccianos_02-150x132.jpg 150w, https:\/\/www.justretail.news\/latam\/wp-content\/uploads\/2025\/07\/Luccianos_02-696x615.jpg 696w, https:\/\/www.justretail.news\/latam\/wp-content\/uploads\/2025\/07\/Luccianos_02-1068x943.jpg 1068w, https:\/\/www.justretail.news\/latam\/wp-content\/uploads\/2025\/07\/Luccianos_02-1920x1696.jpg 1920w\" sizes=\"auto, (max-width: 1024px) 100vw, 1024px\" \/><\/figure>\n<\/figure>\n\n\n\n<h2 class=\"wp-block-heading\">Concepto innovador y oferta destacada<\/h2>\n\n\n\n<p>El nuevo local, llamado ofrece 130\u202fm\u00b2 decorados con una est\u00e9tica futurista: incluye una escultura rob\u00f3tica de 2,7\u202fm del tradicional maestro heladero, parte del dise\u00f1o pensado para sorprender al visitante.<\/p>\n\n\n\n<p>El men\u00fa incluye helados artesanales, paletas (icepops), bebidas fr\u00edas y calientes, alfajores y chocolates. Destacan sabores como pistacho y el popular \u201cchocolate Dubai\u201d \u2013helado de chocolate belga con relleno de pistacho\u2013 que gan\u00f3 relevancia en redes sociales.<\/p>\n\n\n\n<p>Otero explic\u00f3 que todos los productos ser\u00e1n elaborados en Argentina y enviados a Chile, manteniendo el proceso artesanal con m\u00e1quinas tradicionales, asegurando calidad pr\u00e9mium.<\/p>\n\n\n\n<figure class=\"wp-block-image size-large\"><img loading=\"lazy\" decoding=\"async\" width=\"1024\" height=\"683\" src=\"https:\/\/www.justretail.news\/latam\/wp-content\/uploads\/2025\/07\/Luccianos_12-1024x683.jpg\" alt=\"\" class=\"wp-image-4123\" srcset=\"https:\/\/www.justretail.news\/latam\/wp-content\/uploads\/2025\/07\/Luccianos_12-1024x683.jpg 1024w, https:\/\/www.justretail.news\/latam\/wp-content\/uploads\/2025\/07\/Luccianos_12-300x200.jpg 300w, https:\/\/www.justretail.news\/latam\/wp-content\/uploads\/2025\/07\/Luccianos_12-768x512.jpg 768w, https:\/\/www.justretail.news\/latam\/wp-content\/uploads\/2025\/07\/Luccianos_12-1536x1024.jpg 1536w, https:\/\/www.justretail.news\/latam\/wp-content\/uploads\/2025\/07\/Luccianos_12-2048x1365.jpg 2048w, https:\/\/www.justretail.news\/latam\/wp-content\/uploads\/2025\/07\/Luccianos_12-630x420.jpg 630w, https:\/\/www.justretail.news\/latam\/wp-content\/uploads\/2025\/07\/Luccianos_12-150x100.jpg 150w, https:\/\/www.justretail.news\/latam\/wp-content\/uploads\/2025\/07\/Luccianos_12-696x464.jpg 696w, https:\/\/www.justretail.news\/latam\/wp-content\/uploads\/2025\/07\/Luccianos_12-1068x712.jpg 1068w, https:\/\/www.justretail.news\/latam\/wp-content\/uploads\/2025\/07\/Luccianos_12-1920x1280.jpg 1920w\" sizes=\"auto, (max-width: 1024px) 100vw, 1024px\" \/><\/figure>\n\n\n\n<h2 class=\"wp-block-heading\">Estrategia de expansi\u00f3n y potencial local<\/h2>\n\n\n\n<p>Con la apertura en Chile, Lucciano\u2019s planea replicar su modelo de \u00e9xito en Am\u00e9rica Latina y otras regiones como \u00c1frica y Arabia Saudita, con 35 nuevas tiendas proyectadas solo este a\u00f1o.<\/p>\n\n\n\n<p>El modelo de franquicia se operar\u00e1 a trav\u00e9s de\u00a0<strong>Glace SpA<\/strong>, empresa que tambi\u00e9n gestiona Rebelde Bakery, con el objetivo de sumar m\u00e1s locales antes de fin de a\u00f1o. El socio local \u2013\u00c1lvaro Verme\u2013 estar\u00e1 a cargo del desarrollo y apertura de futuras unidades.<\/p>\n","protected":false},"excerpt":{"rendered":"<p>La exitosa cadena argentina de helados artesanales pr\u00e9mium inaugur\u00f3 su primer local en Chile, ubicado dentro del centro comercial Parque Arauco.<\/p>\n","protected":false},"author":3,"featured_media":4122,"comment_status":"closed","ping_status":"open","sticky":false,"template":"","format":"standard","meta":{"_jetpack_memberships_contains_paid_content":false,"footnotes":""},"categories":[38],"tags":[148,65,513,853],"class_list":{"0":"post-4079","1":"post","2":"type-post","3":"status-publish","4":"format-standard","5":"has-post-thumbnail","7":"category-ocio-fb","8":"tag-chile","9":"tag-expansion","10":"tag-lizan-retail-advisors","11":"tag-luccianos"},"yoast_head":"<!-- This site is optimized with the Yoast SEO plugin v27.4 - https:\/\/yoast.com\/product\/yoast-seo-wordpress\/ -->\n<title>Lucciano\u2019s abre su primer local en Chile junto a LRA - Just Retail Latam<\/title>\n<meta name=\"description\" content=\"Lucciano\u2019s desembarca en Chile con un local en Parque Arauco, asesorado por Lizan Retail Advisors, marcando su entrada oficial en el mercado chileno con 83 tiendas globales.\" \/>\n<meta name=\"robots\" content=\"index, follow, max-snippet:-1, max-image-preview:large, max-video-preview:-1\" \/>\n<link rel=\"canonical\" href=\"https:\/\/www.justretail.news\/latam\/noticias\/luccianos-abre-su-primer-local-en-chile-junto-a-lra\/\" \/>\n<meta property=\"og:locale\" content=\"es_ES\" \/>\n<meta property=\"og:type\" content=\"article\" \/>\n<meta property=\"og:title\" content=\"Lucciano\u2019s abre su primer local en Chile junto a LRA - Just Retail Latam\" \/>\n<meta property=\"og:description\" content=\"Lucciano\u2019s desembarca en Chile con un local en Parque Arauco, asesorado por Lizan Retail Advisors, marcando su entrada oficial en el mercado chileno con 83 tiendas globales.\" \/>\n<meta property=\"og:url\" content=\"https:\/\/www.justretail.news\/latam\/noticias\/luccianos-abre-su-primer-local-en-chile-junto-a-lra\/\" \/>\n<meta property=\"og:site_name\" content=\"Just Retail Latam\" \/>\n<meta property=\"article:published_time\" content=\"2025-07-21T13:10:00+00:00\" \/>\n<meta property=\"article:modified_time\" content=\"2025-12-11T15:55:09+00:00\" \/>\n<meta property=\"og:image\" content=\"https:\/\/www.justretail.news\/latam\/wp-content\/uploads\/2025\/07\/Luccianos_10-scaled.jpg\" \/>\n\t<meta property=\"og:image:width\" content=\"2560\" \/>\n\t<meta property=\"og:image:height\" content=\"1707\" \/>\n\t<meta property=\"og:image:type\" content=\"image\/jpeg\" \/>\n<meta name=\"author\" content=\"redaccion\" \/>\n<meta name=\"twitter:card\" content=\"summary_large_image\" \/>\n<meta name=\"twitter:label1\" content=\"Escrito por\" \/>\n\t<meta name=\"twitter:data1\" content=\"redaccion\" \/>\n\t<meta name=\"twitter:label2\" content=\"Tiempo de lectura\" \/>\n\t<meta name=\"twitter:data2\" content=\"3 minutos\" \/>\n<script type=\"application\/ld+json\" class=\"yoast-schema-graph\">{\"@context\":\"https:\\\/\\\/schema.org\",\"@graph\":[{\"@type\":\"Article\",\"@id\":\"https:\\\/\\\/www.justretail.news\\\/latam\\\/noticias\\\/luccianos-abre-su-primer-local-en-chile-junto-a-lra\\\/#article\",\"isPartOf\":{\"@id\":\"https:\\\/\\\/www.justretail.news\\\/latam\\\/noticias\\\/luccianos-abre-su-primer-local-en-chile-junto-a-lra\\\/\"},\"author\":{\"name\":\"redaccion\",\"@id\":\"https:\\\/\\\/www.justretail.news\\\/latam\\\/#\\\/schema\\\/person\\\/c2656ce0a4e1c3a0cb63204b17bce2d2\"},\"headline\":\"Lucciano\u2019s abre su primer local en Chile junto a LRA\",\"datePublished\":\"2025-07-21T13:10:00+00:00\",\"dateModified\":\"2025-12-11T15:55:09+00:00\",\"mainEntityOfPage\":{\"@id\":\"https:\\\/\\\/www.justretail.news\\\/latam\\\/noticias\\\/luccianos-abre-su-primer-local-en-chile-junto-a-lra\\\/\"},\"wordCount\":350,\"publisher\":{\"@id\":\"https:\\\/\\\/www.justretail.news\\\/latam\\\/#organization\"},\"image\":{\"@id\":\"https:\\\/\\\/www.justretail.news\\\/latam\\\/noticias\\\/luccianos-abre-su-primer-local-en-chile-junto-a-lra\\\/#primaryimage\"},\"thumbnailUrl\":\"https:\\\/\\\/www.justretail.news\\\/latam\\\/wp-content\\\/uploads\\\/2025\\\/07\\\/Luccianos_10-scaled.jpg\",\"keywords\":[\"Chile\",\"expansi\u00f3n\",\"Lizan Retail Advisors\",\"Lucciano's\"],\"articleSection\":[\"Ocio &amp; F&amp;B\"],\"inLanguage\":\"es\"},{\"@type\":\"WebPage\",\"@id\":\"https:\\\/\\\/www.justretail.news\\\/latam\\\/noticias\\\/luccianos-abre-su-primer-local-en-chile-junto-a-lra\\\/\",\"url\":\"https:\\\/\\\/www.justretail.news\\\/latam\\\/noticias\\\/luccianos-abre-su-primer-local-en-chile-junto-a-lra\\\/\",\"name\":\"Lucciano\u2019s abre su primer local en Chile junto a LRA - Just Retail Latam\",\"isPartOf\":{\"@id\":\"https:\\\/\\\/www.justretail.news\\\/latam\\\/#website\"},\"primaryImageOfPage\":{\"@id\":\"https:\\\/\\\/www.justretail.news\\\/latam\\\/noticias\\\/luccianos-abre-su-primer-local-en-chile-junto-a-lra\\\/#primaryimage\"},\"image\":{\"@id\":\"https:\\\/\\\/www.justretail.news\\\/latam\\\/noticias\\\/luccianos-abre-su-primer-local-en-chile-junto-a-lra\\\/#primaryimage\"},\"thumbnailUrl\":\"https:\\\/\\\/www.justretail.news\\\/latam\\\/wp-content\\\/uploads\\\/2025\\\/07\\\/Luccianos_10-scaled.jpg\",\"datePublished\":\"2025-07-21T13:10:00+00:00\",\"dateModified\":\"2025-12-11T15:55:09+00:00\",\"description\":\"Lucciano\u2019s desembarca en Chile con un local en Parque Arauco, asesorado por Lizan Retail Advisors, marcando su entrada oficial en el mercado chileno con 83 tiendas globales.\",\"breadcrumb\":{\"@id\":\"https:\\\/\\\/www.justretail.news\\\/latam\\\/noticias\\\/luccianos-abre-su-primer-local-en-chile-junto-a-lra\\\/#breadcrumb\"},\"inLanguage\":\"es\",\"potentialAction\":[{\"@type\":\"ReadAction\",\"target\":[\"https:\\\/\\\/www.justretail.news\\\/latam\\\/noticias\\\/luccianos-abre-su-primer-local-en-chile-junto-a-lra\\\/\"]}]},{\"@type\":\"ImageObject\",\"inLanguage\":\"es\",\"@id\":\"https:\\\/\\\/www.justretail.news\\\/latam\\\/noticias\\\/luccianos-abre-su-primer-local-en-chile-junto-a-lra\\\/#primaryimage\",\"url\":\"https:\\\/\\\/www.justretail.news\\\/latam\\\/wp-content\\\/uploads\\\/2025\\\/07\\\/Luccianos_10-scaled.jpg\",\"contentUrl\":\"https:\\\/\\\/www.justretail.news\\\/latam\\\/wp-content\\\/uploads\\\/2025\\\/07\\\/Luccianos_10-scaled.jpg\",\"width\":2560,\"height\":1707,\"caption\":\"Luccianos\"},{\"@type\":\"BreadcrumbList\",\"@id\":\"https:\\\/\\\/www.justretail.news\\\/latam\\\/noticias\\\/luccianos-abre-su-primer-local-en-chile-junto-a-lra\\\/#breadcrumb\",\"itemListElement\":[{\"@type\":\"ListItem\",\"position\":1,\"name\":\"Portada\",\"item\":\"https:\\\/\\\/www.justretail.news\\\/latam\\\/\"},{\"@type\":\"ListItem\",\"position\":2,\"name\":\"Lucciano\u2019s abre su primer local en Chile junto a LRA\"}]},{\"@type\":\"WebSite\",\"@id\":\"https:\\\/\\\/www.justretail.news\\\/latam\\\/#website\",\"url\":\"https:\\\/\\\/www.justretail.news\\\/latam\\\/\",\"name\":\"Just Retail Latam\",\"description\":\"\",\"publisher\":{\"@id\":\"https:\\\/\\\/www.justretail.news\\\/latam\\\/#organization\"},\"potentialAction\":[{\"@type\":\"SearchAction\",\"target\":{\"@type\":\"EntryPoint\",\"urlTemplate\":\"https:\\\/\\\/www.justretail.news\\\/latam\\\/?s={search_term_string}\"},\"query-input\":{\"@type\":\"PropertyValueSpecification\",\"valueRequired\":true,\"valueName\":\"search_term_string\"}}],\"inLanguage\":\"es\"},{\"@type\":\"Organization\",\"@id\":\"https:\\\/\\\/www.justretail.news\\\/latam\\\/#organization\",\"name\":\"Just Retail Latam\",\"url\":\"https:\\\/\\\/www.justretail.news\\\/latam\\\/\",\"logo\":{\"@type\":\"ImageObject\",\"inLanguage\":\"es\",\"@id\":\"https:\\\/\\\/www.justretail.news\\\/latam\\\/#\\\/schema\\\/logo\\\/image\\\/\",\"url\":\"https:\\\/\\\/www.justretail.news\\\/latam\\\/wp-content\\\/uploads\\\/2024\\\/05\\\/just-retail-logo-NEGRO-trans-latam-272x90_nuevo.png\",\"contentUrl\":\"https:\\\/\\\/www.justretail.news\\\/latam\\\/wp-content\\\/uploads\\\/2024\\\/05\\\/just-retail-logo-NEGRO-trans-latam-272x90_nuevo.png\",\"width\":272,\"height\":90,\"caption\":\"Just Retail Latam\"},\"image\":{\"@id\":\"https:\\\/\\\/www.justretail.news\\\/latam\\\/#\\\/schema\\\/logo\\\/image\\\/\"}},{\"@type\":\"Person\",\"@id\":\"https:\\\/\\\/www.justretail.news\\\/latam\\\/#\\\/schema\\\/person\\\/c2656ce0a4e1c3a0cb63204b17bce2d2\",\"name\":\"redaccion\",\"image\":{\"@type\":\"ImageObject\",\"inLanguage\":\"es\",\"@id\":\"https:\\\/\\\/secure.gravatar.com\\\/avatar\\\/0af76fe7cdb55b1d9835c5dcb644cd298ff04e340eef9d71898a0f0a1ea867d0?s=96&d=mm&r=g\",\"url\":\"https:\\\/\\\/secure.gravatar.com\\\/avatar\\\/0af76fe7cdb55b1d9835c5dcb644cd298ff04e340eef9d71898a0f0a1ea867d0?s=96&d=mm&r=g\",\"contentUrl\":\"https:\\\/\\\/secure.gravatar.com\\\/avatar\\\/0af76fe7cdb55b1d9835c5dcb644cd298ff04e340eef9d71898a0f0a1ea867d0?s=96&d=mm&r=g\",\"caption\":\"redaccion\"},\"url\":\"https:\\\/\\\/www.justretail.news\\\/latam\\\/noticias\\\/author\\\/redaccion\\\/\"}]}<\/script>\n<!-- \/ Yoast SEO plugin. -->","yoast_head_json":{"title":"Lucciano\u2019s abre su primer local en Chile junto a LRA - Just Retail Latam","description":"Lucciano\u2019s desembarca en Chile con un local en Parque Arauco, asesorado por Lizan Retail Advisors, marcando su entrada oficial en el mercado chileno con 83 tiendas globales.","robots":{"index":"index","follow":"follow","max-snippet":"max-snippet:-1","max-image-preview":"max-image-preview:large","max-video-preview":"max-video-preview:-1"},"canonical":"https:\/\/www.justretail.news\/latam\/noticias\/luccianos-abre-su-primer-local-en-chile-junto-a-lra\/","og_locale":"es_ES","og_type":"article","og_title":"Lucciano\u2019s abre su primer local en Chile junto a LRA - Just Retail Latam","og_description":"Lucciano\u2019s desembarca en Chile con un local en Parque Arauco, asesorado por Lizan Retail Advisors, marcando su entrada oficial en el mercado chileno con 83 tiendas globales.","og_url":"https:\/\/www.justretail.news\/latam\/noticias\/luccianos-abre-su-primer-local-en-chile-junto-a-lra\/","og_site_name":"Just Retail Latam","article_published_time":"2025-07-21T13:10:00+00:00","article_modified_time":"2025-12-11T15:55:09+00:00","og_image":[{"width":2560,"height":1707,"url":"https:\/\/www.justretail.news\/latam\/wp-content\/uploads\/2025\/07\/Luccianos_10-scaled.jpg","type":"image\/jpeg"}],"author":"redaccion","twitter_card":"summary_large_image","twitter_misc":{"Escrito por":"redaccion","Tiempo de lectura":"3 minutos"},"schema":{"@context":"https:\/\/schema.org","@graph":[{"@type":"Article","@id":"https:\/\/www.justretail.news\/latam\/noticias\/luccianos-abre-su-primer-local-en-chile-junto-a-lra\/#article","isPartOf":{"@id":"https:\/\/www.justretail.news\/latam\/noticias\/luccianos-abre-su-primer-local-en-chile-junto-a-lra\/"},"author":{"name":"redaccion","@id":"https:\/\/www.justretail.news\/latam\/#\/schema\/person\/c2656ce0a4e1c3a0cb63204b17bce2d2"},"headline":"Lucciano\u2019s abre su primer local en Chile junto a LRA","datePublished":"2025-07-21T13:10:00+00:00","dateModified":"2025-12-11T15:55:09+00:00","mainEntityOfPage":{"@id":"https:\/\/www.justretail.news\/latam\/noticias\/luccianos-abre-su-primer-local-en-chile-junto-a-lra\/"},"wordCount":350,"publisher":{"@id":"https:\/\/www.justretail.news\/latam\/#organization"},"image":{"@id":"https:\/\/www.justretail.news\/latam\/noticias\/luccianos-abre-su-primer-local-en-chile-junto-a-lra\/#primaryimage"},"thumbnailUrl":"https:\/\/www.justretail.news\/latam\/wp-content\/uploads\/2025\/07\/Luccianos_10-scaled.jpg","keywords":["Chile","expansi\u00f3n","Lizan Retail Advisors","Lucciano's"],"articleSection":["Ocio &amp; F&amp;B"],"inLanguage":"es"},{"@type":"WebPage","@id":"https:\/\/www.justretail.news\/latam\/noticias\/luccianos-abre-su-primer-local-en-chile-junto-a-lra\/","url":"https:\/\/www.justretail.news\/latam\/noticias\/luccianos-abre-su-primer-local-en-chile-junto-a-lra\/","name":"Lucciano\u2019s abre su primer local en Chile junto a LRA - Just Retail Latam","isPartOf":{"@id":"https:\/\/www.justretail.news\/latam\/#website"},"primaryImageOfPage":{"@id":"https:\/\/www.justretail.news\/latam\/noticias\/luccianos-abre-su-primer-local-en-chile-junto-a-lra\/#primaryimage"},"image":{"@id":"https:\/\/www.justretail.news\/latam\/noticias\/luccianos-abre-su-primer-local-en-chile-junto-a-lra\/#primaryimage"},"thumbnailUrl":"https:\/\/www.justretail.news\/latam\/wp-content\/uploads\/2025\/07\/Luccianos_10-scaled.jpg","datePublished":"2025-07-21T13:10:00+00:00","dateModified":"2025-12-11T15:55:09+00:00","description":"Lucciano\u2019s desembarca en Chile con un local en Parque Arauco, asesorado por Lizan Retail Advisors, marcando su entrada oficial en el mercado chileno con 83 tiendas globales.","breadcrumb":{"@id":"https:\/\/www.justretail.news\/latam\/noticias\/luccianos-abre-su-primer-local-en-chile-junto-a-lra\/#breadcrumb"},"inLanguage":"es","potentialAction":[{"@type":"ReadAction","target":["https:\/\/www.justretail.news\/latam\/noticias\/luccianos-abre-su-primer-local-en-chile-junto-a-lra\/"]}]},{"@type":"ImageObject","inLanguage":"es","@id":"https:\/\/www.justretail.news\/latam\/noticias\/luccianos-abre-su-primer-local-en-chile-junto-a-lra\/#primaryimage","url":"https:\/\/www.justretail.news\/latam\/wp-content\/uploads\/2025\/07\/Luccianos_10-scaled.jpg","contentUrl":"https:\/\/www.justretail.news\/latam\/wp-content\/uploads\/2025\/07\/Luccianos_10-scaled.jpg","width":2560,"height":1707,"caption":"Luccianos"},{"@type":"BreadcrumbList","@id":"https:\/\/www.justretail.news\/latam\/noticias\/luccianos-abre-su-primer-local-en-chile-junto-a-lra\/#breadcrumb","itemListElement":[{"@type":"ListItem","position":1,"name":"Portada","item":"https:\/\/www.justretail.news\/latam\/"},{"@type":"ListItem","position":2,"name":"Lucciano\u2019s abre su primer local en Chile junto a LRA"}]},{"@type":"WebSite","@id":"https:\/\/www.justretail.news\/latam\/#website","url":"https:\/\/www.justretail.news\/latam\/","name":"Just Retail Latam","description":"","publisher":{"@id":"https:\/\/www.justretail.news\/latam\/#organization"},"potentialAction":[{"@type":"SearchAction","target":{"@type":"EntryPoint","urlTemplate":"https:\/\/www.justretail.news\/latam\/?s={search_term_string}"},"query-input":{"@type":"PropertyValueSpecification","valueRequired":true,"valueName":"search_term_string"}}],"inLanguage":"es"},{"@type":"Organization","@id":"https:\/\/www.justretail.news\/latam\/#organization","name":"Just Retail Latam","url":"https:\/\/www.justretail.news\/latam\/","logo":{"@type":"ImageObject","inLanguage":"es","@id":"https:\/\/www.justretail.news\/latam\/#\/schema\/logo\/image\/","url":"https:\/\/www.justretail.news\/latam\/wp-content\/uploads\/2024\/05\/just-retail-logo-NEGRO-trans-latam-272x90_nuevo.png","contentUrl":"https:\/\/www.justretail.news\/latam\/wp-content\/uploads\/2024\/05\/just-retail-logo-NEGRO-trans-latam-272x90_nuevo.png","width":272,"height":90,"caption":"Just Retail Latam"},"image":{"@id":"https:\/\/www.justretail.news\/latam\/#\/schema\/logo\/image\/"}},{"@type":"Person","@id":"https:\/\/www.justretail.news\/latam\/#\/schema\/person\/c2656ce0a4e1c3a0cb63204b17bce2d2","name":"redaccion","image":{"@type":"ImageObject","inLanguage":"es","@id":"https:\/\/secure.gravatar.com\/avatar\/0af76fe7cdb55b1d9835c5dcb644cd298ff04e340eef9d71898a0f0a1ea867d0?s=96&d=mm&r=g","url":"https:\/\/secure.gravatar.com\/avatar\/0af76fe7cdb55b1d9835c5dcb644cd298ff04e340eef9d71898a0f0a1ea867d0?s=96&d=mm&r=g","contentUrl":"https:\/\/secure.gravatar.com\/avatar\/0af76fe7cdb55b1d9835c5dcb644cd298ff04e340eef9d71898a0f0a1ea867d0?s=96&d=mm&r=g","caption":"redaccion"},"url":"https:\/\/www.justretail.news\/latam\/noticias\/author\/redaccion\/"}]}},"jetpack_featured_media_url":"https:\/\/www.justretail.news\/latam\/wp-content\/uploads\/2025\/07\/Luccianos_10-scaled.jpg","jetpack_sharing_enabled":true,"_links":{"self":[{"href":"https:\/\/www.justretail.news\/latam\/wp-json\/wp\/v2\/posts\/4079","targetHints":{"allow":["GET"]}}],"collection":[{"href":"https:\/\/www.justretail.news\/latam\/wp-json\/wp\/v2\/posts"}],"about":[{"href":"https:\/\/www.justretail.news\/latam\/wp-json\/wp\/v2\/types\/post"}],"author":[{"embeddable":true,"href":"https:\/\/www.justretail.news\/latam\/wp-json\/wp\/v2\/users\/3"}],"replies":[{"embeddable":true,"href":"https:\/\/www.justretail.news\/latam\/wp-json\/wp\/v2\/comments?post=4079"}],"version-history":[{"count":5,"href":"https:\/\/www.justretail.news\/latam\/wp-json\/wp\/v2\/posts\/4079\/revisions"}],"predecessor-version":[{"id":4875,"href":"https:\/\/www.justretail.news\/latam\/wp-json\/wp\/v2\/posts\/4079\/revisions\/4875"}],"wp:featuredmedia":[{"embeddable":true,"href":"https:\/\/www.justretail.news\/latam\/wp-json\/wp\/v2\/media\/4122"}],"wp:attachment":[{"href":"https:\/\/www.justretail.news\/latam\/wp-json\/wp\/v2\/media?parent=4079"}],"wp:term":[{"taxonomy":"category","embeddable":true,"href":"https:\/\/www.justretail.news\/latam\/wp-json\/wp\/v2\/categories?post=4079"},{"taxonomy":"post_tag","embeddable":true,"href":"https:\/\/www.justretail.news\/latam\/wp-json\/wp\/v2\/tags?post=4079"}],"curies":[{"name":"wp","href":"https:\/\/api.w.org\/{rel}","templated":true}]}}