{"id":4273,"date":"2025-08-27T20:13:16","date_gmt":"2025-08-27T18:13:16","guid":{"rendered":"https:\/\/www.justretail.news\/latam\/?p=4273"},"modified":"2025-11-08T23:49:57","modified_gmt":"2025-11-08T22:49:57","slug":"hm-debuta-en-brasil-con-formato-fisico-y-online-de-manera-simultanea","status":"publish","type":"post","link":"https:\/\/www.justretail.news\/latam\/noticias\/hm-debuta-en-brasil-con-formato-fisico-y-online-de-manera-simultanea\/","title":{"rendered":"H&amp;M debuta en Brasil con formato f\u00edsico y online de manera simult\u00e1nea"},"content":{"rendered":"\n<p><strong>La marca sueca marca un hito al abrir su primera tienda y lanzar su e-commerce el mismo d\u00eda en S\u00e3o Paulo.<\/strong><\/p>\n\n\n\n<p>H&amp;M dio un paso hist\u00f3rico en su expansi\u00f3n internacional con su llegada oficial a Brasil. La compa\u00f1\u00eda inaugur\u00f3 su primera tienda en el&nbsp;<strong>centro comercial Iguatemi de S\u00e3o Paulo<\/strong>&nbsp;y, en paralelo, lanz\u00f3 su plataforma de ventas online&nbsp;<strong>hm.com.br<\/strong>, marcando as\u00ed la primera ocasi\u00f3n en la que la firma combina el debut f\u00edsico y digital de manera simult\u00e1nea en un nuevo mercado.<\/p>\n\n\n\n<p>La jornada estuvo marcada por un ambiente vibrante, con clientes que hicieron largas filas para participar en la inauguraci\u00f3n. La apertura refleja el inter\u00e9s de la marca en establecer una&nbsp;<strong>conexi\u00f3n cercana con el p\u00fablico brasile\u00f1o<\/strong>, al tiempo que ofrece moda accesible y sostenible bajo el lema que la ha caracterizado: calidad al mejor precio.<\/p>\n\n\n\n<p>El CEO de H&amp;M Group,&nbsp;<strong>Daniel Erver<\/strong>, destac\u00f3 la importancia del acontecimiento: \u201cTraer H&amp;M a Brasil es m\u00e1s que un lanzamiento, es construir una relaci\u00f3n duradera con un pa\u00eds que nos inspira\u201d.<\/p>\n\n\n\n<h3 class=\"wp-block-heading\"><strong>Una llegada celebrada por el p\u00fablico y la compa\u00f1\u00eda<\/strong><\/h3>\n\n\n\n<p>La acogida fue positiva desde el primer d\u00eda. Seg\u00fan&nbsp;<strong>Joaquim Pereira, Country Manager de H&amp;M Brasil<\/strong>, el entusiasmo y la calidez de los consumidores locales han sido inspiradores. La apertura no solo refuerza el compromiso de la marca con el mercado latinoamericano, sino que tambi\u00e9n marca un precedente para futuros lanzamientos que combinen estrategias f\u00edsicas y digitales.<\/p>\n\n\n\n<p>Por su parte,&nbsp;<strong>Renata Grima, Store Manager en Iguatemi<\/strong>, describi\u00f3 el evento como un sue\u00f1o hecho realidad, destacando la emoci\u00f3n palpable en los clientes durante el primer d\u00eda de operaciones.<\/p>\n\n\n\n<p>La ceremonia de inauguraci\u00f3n cont\u00f3 con la presencia de&nbsp;<strong>Karl-Johan Persson<\/strong>, presidente de H&amp;M, junto con directivos y equipo local, reforzando la relevancia estrat\u00e9gica del mercado brasile\u00f1o para la compa\u00f1\u00eda.<\/p>\n\n\n\n<h3 class=\"wp-block-heading\"><strong>Brasil se suma a la red global de H&amp;M<\/strong><\/h3>\n\n\n\n<p>Con este lanzamiento, H&amp;M alcanza ya&nbsp;<strong>79 mercados con presencia f\u00edsica<\/strong>&nbsp;y&nbsp;<strong>61 con venta online<\/strong>&nbsp;alrededor del mundo. Brasil se integra as\u00ed a la red de operaciones globales de la compa\u00f1\u00eda, consolidando a Am\u00e9rica Latina como un mercado de gran relevancia para su estrategia de crecimiento.<\/p>\n\n\n\n<p>El debut refuerza la apuesta de la marca por un&nbsp;<strong>modelo omnicanal<\/strong>&nbsp;que busca ofrecer experiencias de compra integradas y adaptadas a las nuevas demandas de los consumidores.<\/p>\n","protected":false},"excerpt":{"rendered":"<p>La marca sueca marca un hito al abrir su primera tienda y lanzar su e-commerce el mismo d\u00eda en S\u00e3o Paulo. H&amp;M dio un paso hist\u00f3rico en su expansi\u00f3n internacional con su llegada oficial a Brasil. La compa\u00f1\u00eda inaugur\u00f3 su primera tienda en el&nbsp;centro comercial Iguatemi de S\u00e3o Paulo&nbsp;y, en paralelo, lanz\u00f3 su plataforma de [&hellip;]<\/p>\n","protected":false},"author":3,"featured_media":4274,"comment_status":"closed","ping_status":"open","sticky":false,"template":"","format":"standard","meta":{"_jetpack_memberships_contains_paid_content":false,"footnotes":""},"categories":[38],"tags":[189,125,131,65,362],"class_list":{"0":"post-4273","1":"post","2":"type-post","3":"status-publish","4":"format-standard","5":"has-post-thumbnail","7":"category-ocio-fb","8":"tag-apertura","9":"tag-brasil","10":"tag-ecommerce","11":"tag-expansion","12":"tag-hm"},"yoast_head":"<!-- This site is optimized with the Yoast SEO plugin v27.4 - https:\/\/yoast.com\/product\/yoast-seo-wordpress\/ -->\n<title>H&amp;M debuta en Brasil con formato f\u00edsico y online de manera simult\u00e1nea - Just Retail Latam<\/title>\n<meta name=\"description\" content=\"H&amp;M debuta en Brasil con la apertura de su primera tienda en S\u00e3o Paulo y el lanzamiento simult\u00e1neo de su e-commerce.\" \/>\n<meta name=\"robots\" content=\"index, follow, max-snippet:-1, max-image-preview:large, max-video-preview:-1\" \/>\n<link rel=\"canonical\" href=\"https:\/\/www.justretail.news\/latam\/noticias\/hm-debuta-en-brasil-con-formato-fisico-y-online-de-manera-simultanea\/\" \/>\n<meta property=\"og:locale\" content=\"es_ES\" \/>\n<meta property=\"og:type\" content=\"article\" \/>\n<meta property=\"og:title\" content=\"H&amp;M debuta en Brasil con formato f\u00edsico y online de manera simult\u00e1nea - Just Retail Latam\" \/>\n<meta property=\"og:description\" content=\"H&amp;M debuta en Brasil con la apertura de su primera tienda en S\u00e3o Paulo y el lanzamiento simult\u00e1neo de su e-commerce.\" \/>\n<meta property=\"og:url\" content=\"https:\/\/www.justretail.news\/latam\/noticias\/hm-debuta-en-brasil-con-formato-fisico-y-online-de-manera-simultanea\/\" \/>\n<meta property=\"og:site_name\" content=\"Just Retail Latam\" \/>\n<meta property=\"article:published_time\" content=\"2025-08-27T18:13:16+00:00\" \/>\n<meta property=\"article:modified_time\" content=\"2025-11-08T22:49:57+00:00\" \/>\n<meta property=\"og:image\" content=\"https:\/\/www.justretail.news\/latam\/wp-content\/uploads\/2025\/08\/unnamed-2.jpg\" \/>\n\t<meta property=\"og:image:width\" content=\"1424\" \/>\n\t<meta property=\"og:image:height\" content=\"954\" \/>\n\t<meta property=\"og:image:type\" content=\"image\/jpeg\" \/>\n<meta name=\"author\" content=\"redaccion\" \/>\n<meta name=\"twitter:card\" content=\"summary_large_image\" \/>\n<meta name=\"twitter:label1\" content=\"Escrito por\" \/>\n\t<meta name=\"twitter:data1\" content=\"redaccion\" \/>\n\t<meta name=\"twitter:label2\" content=\"Tiempo de lectura\" \/>\n\t<meta name=\"twitter:data2\" content=\"2 minutos\" \/>\n<script type=\"application\/ld+json\" class=\"yoast-schema-graph\">{\"@context\":\"https:\\\/\\\/schema.org\",\"@graph\":[{\"@type\":\"Article\",\"@id\":\"https:\\\/\\\/www.justretail.news\\\/latam\\\/noticias\\\/hm-debuta-en-brasil-con-formato-fisico-y-online-de-manera-simultanea\\\/#article\",\"isPartOf\":{\"@id\":\"https:\\\/\\\/www.justretail.news\\\/latam\\\/noticias\\\/hm-debuta-en-brasil-con-formato-fisico-y-online-de-manera-simultanea\\\/\"},\"author\":{\"name\":\"redaccion\",\"@id\":\"https:\\\/\\\/www.justretail.news\\\/latam\\\/#\\\/schema\\\/person\\\/c2656ce0a4e1c3a0cb63204b17bce2d2\"},\"headline\":\"H&amp;M debuta en Brasil con formato f\u00edsico y online de manera simult\u00e1nea\",\"datePublished\":\"2025-08-27T18:13:16+00:00\",\"dateModified\":\"2025-11-08T22:49:57+00:00\",\"mainEntityOfPage\":{\"@id\":\"https:\\\/\\\/www.justretail.news\\\/latam\\\/noticias\\\/hm-debuta-en-brasil-con-formato-fisico-y-online-de-manera-simultanea\\\/\"},\"wordCount\":457,\"publisher\":{\"@id\":\"https:\\\/\\\/www.justretail.news\\\/latam\\\/#organization\"},\"image\":{\"@id\":\"https:\\\/\\\/www.justretail.news\\\/latam\\\/noticias\\\/hm-debuta-en-brasil-con-formato-fisico-y-online-de-manera-simultanea\\\/#primaryimage\"},\"thumbnailUrl\":\"https:\\\/\\\/www.justretail.news\\\/latam\\\/wp-content\\\/uploads\\\/2025\\\/08\\\/unnamed-2.jpg\",\"keywords\":[\"Apertura\",\"Brasil\",\"ecommerce\",\"expansi\u00f3n\",\"H&amp;M\"],\"articleSection\":[\"Ocio &amp; F&amp;B\"],\"inLanguage\":\"es\"},{\"@type\":\"WebPage\",\"@id\":\"https:\\\/\\\/www.justretail.news\\\/latam\\\/noticias\\\/hm-debuta-en-brasil-con-formato-fisico-y-online-de-manera-simultanea\\\/\",\"url\":\"https:\\\/\\\/www.justretail.news\\\/latam\\\/noticias\\\/hm-debuta-en-brasil-con-formato-fisico-y-online-de-manera-simultanea\\\/\",\"name\":\"H&amp;M debuta en Brasil con formato f\u00edsico y online de manera simult\u00e1nea - Just Retail Latam\",\"isPartOf\":{\"@id\":\"https:\\\/\\\/www.justretail.news\\\/latam\\\/#website\"},\"primaryImageOfPage\":{\"@id\":\"https:\\\/\\\/www.justretail.news\\\/latam\\\/noticias\\\/hm-debuta-en-brasil-con-formato-fisico-y-online-de-manera-simultanea\\\/#primaryimage\"},\"image\":{\"@id\":\"https:\\\/\\\/www.justretail.news\\\/latam\\\/noticias\\\/hm-debuta-en-brasil-con-formato-fisico-y-online-de-manera-simultanea\\\/#primaryimage\"},\"thumbnailUrl\":\"https:\\\/\\\/www.justretail.news\\\/latam\\\/wp-content\\\/uploads\\\/2025\\\/08\\\/unnamed-2.jpg\",\"datePublished\":\"2025-08-27T18:13:16+00:00\",\"dateModified\":\"2025-11-08T22:49:57+00:00\",\"description\":\"H&M debuta en Brasil con la apertura de su primera tienda en S\u00e3o Paulo y el lanzamiento simult\u00e1neo de su e-commerce.\",\"breadcrumb\":{\"@id\":\"https:\\\/\\\/www.justretail.news\\\/latam\\\/noticias\\\/hm-debuta-en-brasil-con-formato-fisico-y-online-de-manera-simultanea\\\/#breadcrumb\"},\"inLanguage\":\"es\",\"potentialAction\":[{\"@type\":\"ReadAction\",\"target\":[\"https:\\\/\\\/www.justretail.news\\\/latam\\\/noticias\\\/hm-debuta-en-brasil-con-formato-fisico-y-online-de-manera-simultanea\\\/\"]}]},{\"@type\":\"ImageObject\",\"inLanguage\":\"es\",\"@id\":\"https:\\\/\\\/www.justretail.news\\\/latam\\\/noticias\\\/hm-debuta-en-brasil-con-formato-fisico-y-online-de-manera-simultanea\\\/#primaryimage\",\"url\":\"https:\\\/\\\/www.justretail.news\\\/latam\\\/wp-content\\\/uploads\\\/2025\\\/08\\\/unnamed-2.jpg\",\"contentUrl\":\"https:\\\/\\\/www.justretail.news\\\/latam\\\/wp-content\\\/uploads\\\/2025\\\/08\\\/unnamed-2.jpg\",\"width\":1424,\"height\":954,\"caption\":\"H&M\"},{\"@type\":\"BreadcrumbList\",\"@id\":\"https:\\\/\\\/www.justretail.news\\\/latam\\\/noticias\\\/hm-debuta-en-brasil-con-formato-fisico-y-online-de-manera-simultanea\\\/#breadcrumb\",\"itemListElement\":[{\"@type\":\"ListItem\",\"position\":1,\"name\":\"Portada\",\"item\":\"https:\\\/\\\/www.justretail.news\\\/latam\\\/\"},{\"@type\":\"ListItem\",\"position\":2,\"name\":\"H&amp;M debuta en Brasil con formato f\u00edsico y online de manera simult\u00e1nea\"}]},{\"@type\":\"WebSite\",\"@id\":\"https:\\\/\\\/www.justretail.news\\\/latam\\\/#website\",\"url\":\"https:\\\/\\\/www.justretail.news\\\/latam\\\/\",\"name\":\"Just Retail Latam\",\"description\":\"\",\"publisher\":{\"@id\":\"https:\\\/\\\/www.justretail.news\\\/latam\\\/#organization\"},\"potentialAction\":[{\"@type\":\"SearchAction\",\"target\":{\"@type\":\"EntryPoint\",\"urlTemplate\":\"https:\\\/\\\/www.justretail.news\\\/latam\\\/?s={search_term_string}\"},\"query-input\":{\"@type\":\"PropertyValueSpecification\",\"valueRequired\":true,\"valueName\":\"search_term_string\"}}],\"inLanguage\":\"es\"},{\"@type\":\"Organization\",\"@id\":\"https:\\\/\\\/www.justretail.news\\\/latam\\\/#organization\",\"name\":\"Just Retail Latam\",\"url\":\"https:\\\/\\\/www.justretail.news\\\/latam\\\/\",\"logo\":{\"@type\":\"ImageObject\",\"inLanguage\":\"es\",\"@id\":\"https:\\\/\\\/www.justretail.news\\\/latam\\\/#\\\/schema\\\/logo\\\/image\\\/\",\"url\":\"https:\\\/\\\/www.justretail.news\\\/latam\\\/wp-content\\\/uploads\\\/2024\\\/05\\\/just-retail-logo-NEGRO-trans-latam-272x90_nuevo.png\",\"contentUrl\":\"https:\\\/\\\/www.justretail.news\\\/latam\\\/wp-content\\\/uploads\\\/2024\\\/05\\\/just-retail-logo-NEGRO-trans-latam-272x90_nuevo.png\",\"width\":272,\"height\":90,\"caption\":\"Just Retail Latam\"},\"image\":{\"@id\":\"https:\\\/\\\/www.justretail.news\\\/latam\\\/#\\\/schema\\\/logo\\\/image\\\/\"}},{\"@type\":\"Person\",\"@id\":\"https:\\\/\\\/www.justretail.news\\\/latam\\\/#\\\/schema\\\/person\\\/c2656ce0a4e1c3a0cb63204b17bce2d2\",\"name\":\"redaccion\",\"image\":{\"@type\":\"ImageObject\",\"inLanguage\":\"es\",\"@id\":\"https:\\\/\\\/secure.gravatar.com\\\/avatar\\\/0af76fe7cdb55b1d9835c5dcb644cd298ff04e340eef9d71898a0f0a1ea867d0?s=96&d=mm&r=g\",\"url\":\"https:\\\/\\\/secure.gravatar.com\\\/avatar\\\/0af76fe7cdb55b1d9835c5dcb644cd298ff04e340eef9d71898a0f0a1ea867d0?s=96&d=mm&r=g\",\"contentUrl\":\"https:\\\/\\\/secure.gravatar.com\\\/avatar\\\/0af76fe7cdb55b1d9835c5dcb644cd298ff04e340eef9d71898a0f0a1ea867d0?s=96&d=mm&r=g\",\"caption\":\"redaccion\"},\"url\":\"https:\\\/\\\/www.justretail.news\\\/latam\\\/noticias\\\/author\\\/redaccion\\\/\"}]}<\/script>\n<!-- \/ Yoast SEO plugin. -->","yoast_head_json":{"title":"H&amp;M debuta en Brasil con formato f\u00edsico y online de manera simult\u00e1nea - Just Retail Latam","description":"H&M debuta en Brasil con la apertura de su primera tienda en S\u00e3o Paulo y el lanzamiento simult\u00e1neo de su e-commerce.","robots":{"index":"index","follow":"follow","max-snippet":"max-snippet:-1","max-image-preview":"max-image-preview:large","max-video-preview":"max-video-preview:-1"},"canonical":"https:\/\/www.justretail.news\/latam\/noticias\/hm-debuta-en-brasil-con-formato-fisico-y-online-de-manera-simultanea\/","og_locale":"es_ES","og_type":"article","og_title":"H&amp;M debuta en Brasil con formato f\u00edsico y online de manera simult\u00e1nea - Just Retail Latam","og_description":"H&M debuta en Brasil con la apertura de su primera tienda en S\u00e3o Paulo y el lanzamiento simult\u00e1neo de su e-commerce.","og_url":"https:\/\/www.justretail.news\/latam\/noticias\/hm-debuta-en-brasil-con-formato-fisico-y-online-de-manera-simultanea\/","og_site_name":"Just Retail Latam","article_published_time":"2025-08-27T18:13:16+00:00","article_modified_time":"2025-11-08T22:49:57+00:00","og_image":[{"width":1424,"height":954,"url":"https:\/\/www.justretail.news\/latam\/wp-content\/uploads\/2025\/08\/unnamed-2.jpg","type":"image\/jpeg"}],"author":"redaccion","twitter_card":"summary_large_image","twitter_misc":{"Escrito por":"redaccion","Tiempo de lectura":"2 minutos"},"schema":{"@context":"https:\/\/schema.org","@graph":[{"@type":"Article","@id":"https:\/\/www.justretail.news\/latam\/noticias\/hm-debuta-en-brasil-con-formato-fisico-y-online-de-manera-simultanea\/#article","isPartOf":{"@id":"https:\/\/www.justretail.news\/latam\/noticias\/hm-debuta-en-brasil-con-formato-fisico-y-online-de-manera-simultanea\/"},"author":{"name":"redaccion","@id":"https:\/\/www.justretail.news\/latam\/#\/schema\/person\/c2656ce0a4e1c3a0cb63204b17bce2d2"},"headline":"H&amp;M debuta en Brasil con formato f\u00edsico y online de manera simult\u00e1nea","datePublished":"2025-08-27T18:13:16+00:00","dateModified":"2025-11-08T22:49:57+00:00","mainEntityOfPage":{"@id":"https:\/\/www.justretail.news\/latam\/noticias\/hm-debuta-en-brasil-con-formato-fisico-y-online-de-manera-simultanea\/"},"wordCount":457,"publisher":{"@id":"https:\/\/www.justretail.news\/latam\/#organization"},"image":{"@id":"https:\/\/www.justretail.news\/latam\/noticias\/hm-debuta-en-brasil-con-formato-fisico-y-online-de-manera-simultanea\/#primaryimage"},"thumbnailUrl":"https:\/\/www.justretail.news\/latam\/wp-content\/uploads\/2025\/08\/unnamed-2.jpg","keywords":["Apertura","Brasil","ecommerce","expansi\u00f3n","H&amp;M"],"articleSection":["Ocio &amp; F&amp;B"],"inLanguage":"es"},{"@type":"WebPage","@id":"https:\/\/www.justretail.news\/latam\/noticias\/hm-debuta-en-brasil-con-formato-fisico-y-online-de-manera-simultanea\/","url":"https:\/\/www.justretail.news\/latam\/noticias\/hm-debuta-en-brasil-con-formato-fisico-y-online-de-manera-simultanea\/","name":"H&amp;M debuta en Brasil con formato f\u00edsico y online de manera simult\u00e1nea - Just Retail Latam","isPartOf":{"@id":"https:\/\/www.justretail.news\/latam\/#website"},"primaryImageOfPage":{"@id":"https:\/\/www.justretail.news\/latam\/noticias\/hm-debuta-en-brasil-con-formato-fisico-y-online-de-manera-simultanea\/#primaryimage"},"image":{"@id":"https:\/\/www.justretail.news\/latam\/noticias\/hm-debuta-en-brasil-con-formato-fisico-y-online-de-manera-simultanea\/#primaryimage"},"thumbnailUrl":"https:\/\/www.justretail.news\/latam\/wp-content\/uploads\/2025\/08\/unnamed-2.jpg","datePublished":"2025-08-27T18:13:16+00:00","dateModified":"2025-11-08T22:49:57+00:00","description":"H&M debuta en Brasil con la apertura de su primera tienda en S\u00e3o Paulo y el lanzamiento simult\u00e1neo de su e-commerce.","breadcrumb":{"@id":"https:\/\/www.justretail.news\/latam\/noticias\/hm-debuta-en-brasil-con-formato-fisico-y-online-de-manera-simultanea\/#breadcrumb"},"inLanguage":"es","potentialAction":[{"@type":"ReadAction","target":["https:\/\/www.justretail.news\/latam\/noticias\/hm-debuta-en-brasil-con-formato-fisico-y-online-de-manera-simultanea\/"]}]},{"@type":"ImageObject","inLanguage":"es","@id":"https:\/\/www.justretail.news\/latam\/noticias\/hm-debuta-en-brasil-con-formato-fisico-y-online-de-manera-simultanea\/#primaryimage","url":"https:\/\/www.justretail.news\/latam\/wp-content\/uploads\/2025\/08\/unnamed-2.jpg","contentUrl":"https:\/\/www.justretail.news\/latam\/wp-content\/uploads\/2025\/08\/unnamed-2.jpg","width":1424,"height":954,"caption":"H&M"},{"@type":"BreadcrumbList","@id":"https:\/\/www.justretail.news\/latam\/noticias\/hm-debuta-en-brasil-con-formato-fisico-y-online-de-manera-simultanea\/#breadcrumb","itemListElement":[{"@type":"ListItem","position":1,"name":"Portada","item":"https:\/\/www.justretail.news\/latam\/"},{"@type":"ListItem","position":2,"name":"H&amp;M debuta en Brasil con formato f\u00edsico y online de manera simult\u00e1nea"}]},{"@type":"WebSite","@id":"https:\/\/www.justretail.news\/latam\/#website","url":"https:\/\/www.justretail.news\/latam\/","name":"Just Retail Latam","description":"","publisher":{"@id":"https:\/\/www.justretail.news\/latam\/#organization"},"potentialAction":[{"@type":"SearchAction","target":{"@type":"EntryPoint","urlTemplate":"https:\/\/www.justretail.news\/latam\/?s={search_term_string}"},"query-input":{"@type":"PropertyValueSpecification","valueRequired":true,"valueName":"search_term_string"}}],"inLanguage":"es"},{"@type":"Organization","@id":"https:\/\/www.justretail.news\/latam\/#organization","name":"Just Retail Latam","url":"https:\/\/www.justretail.news\/latam\/","logo":{"@type":"ImageObject","inLanguage":"es","@id":"https:\/\/www.justretail.news\/latam\/#\/schema\/logo\/image\/","url":"https:\/\/www.justretail.news\/latam\/wp-content\/uploads\/2024\/05\/just-retail-logo-NEGRO-trans-latam-272x90_nuevo.png","contentUrl":"https:\/\/www.justretail.news\/latam\/wp-content\/uploads\/2024\/05\/just-retail-logo-NEGRO-trans-latam-272x90_nuevo.png","width":272,"height":90,"caption":"Just Retail Latam"},"image":{"@id":"https:\/\/www.justretail.news\/latam\/#\/schema\/logo\/image\/"}},{"@type":"Person","@id":"https:\/\/www.justretail.news\/latam\/#\/schema\/person\/c2656ce0a4e1c3a0cb63204b17bce2d2","name":"redaccion","image":{"@type":"ImageObject","inLanguage":"es","@id":"https:\/\/secure.gravatar.com\/avatar\/0af76fe7cdb55b1d9835c5dcb644cd298ff04e340eef9d71898a0f0a1ea867d0?s=96&d=mm&r=g","url":"https:\/\/secure.gravatar.com\/avatar\/0af76fe7cdb55b1d9835c5dcb644cd298ff04e340eef9d71898a0f0a1ea867d0?s=96&d=mm&r=g","contentUrl":"https:\/\/secure.gravatar.com\/avatar\/0af76fe7cdb55b1d9835c5dcb644cd298ff04e340eef9d71898a0f0a1ea867d0?s=96&d=mm&r=g","caption":"redaccion"},"url":"https:\/\/www.justretail.news\/latam\/noticias\/author\/redaccion\/"}]}},"jetpack_featured_media_url":"https:\/\/www.justretail.news\/latam\/wp-content\/uploads\/2025\/08\/unnamed-2.jpg","jetpack_sharing_enabled":true,"_links":{"self":[{"href":"https:\/\/www.justretail.news\/latam\/wp-json\/wp\/v2\/posts\/4273","targetHints":{"allow":["GET"]}}],"collection":[{"href":"https:\/\/www.justretail.news\/latam\/wp-json\/wp\/v2\/posts"}],"about":[{"href":"https:\/\/www.justretail.news\/latam\/wp-json\/wp\/v2\/types\/post"}],"author":[{"embeddable":true,"href":"https:\/\/www.justretail.news\/latam\/wp-json\/wp\/v2\/users\/3"}],"replies":[{"embeddable":true,"href":"https:\/\/www.justretail.news\/latam\/wp-json\/wp\/v2\/comments?post=4273"}],"version-history":[{"count":1,"href":"https:\/\/www.justretail.news\/latam\/wp-json\/wp\/v2\/posts\/4273\/revisions"}],"predecessor-version":[{"id":4275,"href":"https:\/\/www.justretail.news\/latam\/wp-json\/wp\/v2\/posts\/4273\/revisions\/4275"}],"wp:featuredmedia":[{"embeddable":true,"href":"https:\/\/www.justretail.news\/latam\/wp-json\/wp\/v2\/media\/4274"}],"wp:attachment":[{"href":"https:\/\/www.justretail.news\/latam\/wp-json\/wp\/v2\/media?parent=4273"}],"wp:term":[{"taxonomy":"category","embeddable":true,"href":"https:\/\/www.justretail.news\/latam\/wp-json\/wp\/v2\/categories?post=4273"},{"taxonomy":"post_tag","embeddable":true,"href":"https:\/\/www.justretail.news\/latam\/wp-json\/wp\/v2\/tags?post=4273"}],"curies":[{"name":"wp","href":"https:\/\/api.w.org\/{rel}","templated":true}]}}