{"id":4276,"date":"2025-08-28T15:00:00","date_gmt":"2025-08-28T13:00:00","guid":{"rendered":"https:\/\/www.justretail.news\/latam\/?p=4276"},"modified":"2025-11-08T23:49:57","modified_gmt":"2025-11-08T22:49:57","slug":"grupo-lux-del-conglomerado-ardila-lulle-adquiere-el-control-mayoritario-de-syra-coffee","status":"publish","type":"post","link":"https:\/\/www.justretail.news\/latam\/noticias\/grupo-lux-del-conglomerado-ardila-lulle-adquiere-el-control-mayoritario-de-syra-coffee\/","title":{"rendered":"Grupo Lux, del conglomerado Ardila L\u00fclle, adquiere el control mayoritario de Syra Coffee"},"content":{"rendered":"\n<p><strong>El movimiento impulsa la expansi\u00f3n de la marca de caf\u00e9s de especialidad en Europa y refuerza su respaldo financiero.<\/strong><\/p>\n\n\n\n<p>Un actor destacado en el sector cafetalero especializado de Espa\u00f1a,&nbsp;<strong>Syra Coffee<\/strong>, ha sido adquirido mayoritariamente por&nbsp;<strong>Grupo Lux<\/strong>, vinculado al poderoso conglomerado colombiano&nbsp;<strong>Organizaci\u00f3n Ardila L\u00fclle<\/strong>, con influencia en industrias como alimentaci\u00f3n, medios y entretenimiento. Esta operaci\u00f3n incluye la compra de participaciones a varios inversionistas catalanes y se acompa\u00f1a de una ampliaci\u00f3n de capital que fortalece la estructura financiera de la empresa.<\/p>\n\n\n\n<p>La alianza sit\u00faa al director general de Grupo Lux en el rol de presidente del consejo de administraci\u00f3n. El fundador de Syra Coffee,&nbsp;<strong>Yassir Ra\u00efs<\/strong>, mantiene su liderazgo ejecutivo, asegurando continuidad operativa y visi\u00f3n creativa. Con este respaldo, la marca busca dar un salto en su expansi\u00f3n internacional.<\/p>\n\n\n\n<figure class=\"wp-block-image size-full\"><img loading=\"lazy\" decoding=\"async\" width=\"1000\" height=\"750\" src=\"https:\/\/www.justretail.news\/latam\/wp-content\/uploads\/2025\/08\/IMG_0473-Editar.jpg\" alt=\"Syra\" class=\"wp-image-4277\" srcset=\"https:\/\/www.justretail.news\/latam\/wp-content\/uploads\/2025\/08\/IMG_0473-Editar.jpg 1000w, https:\/\/www.justretail.news\/latam\/wp-content\/uploads\/2025\/08\/IMG_0473-Editar-300x225.jpg 300w, https:\/\/www.justretail.news\/latam\/wp-content\/uploads\/2025\/08\/IMG_0473-Editar-768x576.jpg 768w, https:\/\/www.justretail.news\/latam\/wp-content\/uploads\/2025\/08\/IMG_0473-Editar-560x420.jpg 560w, https:\/\/www.justretail.news\/latam\/wp-content\/uploads\/2025\/08\/IMG_0473-Editar-80x60.jpg 80w, https:\/\/www.justretail.news\/latam\/wp-content\/uploads\/2025\/08\/IMG_0473-Editar-150x113.jpg 150w, https:\/\/www.justretail.news\/latam\/wp-content\/uploads\/2025\/08\/IMG_0473-Editar-696x522.jpg 696w, https:\/\/www.justretail.news\/latam\/wp-content\/uploads\/2025\/08\/IMG_0473-Editar-265x198.jpg 265w\" sizes=\"auto, (max-width: 1000px) 100vw, 1000px\" \/><\/figure>\n\n\n\n<h3 class=\"wp-block-heading\"><strong>Planes de expansi\u00f3n ambiciosos y respaldo financiero s\u00f3lido<\/strong><\/h3>\n\n\n\n<p>Syra Coffee proyecta alcanzar las&nbsp;<strong>100 tiendas en menos de tres a\u00f1os<\/strong>, m\u00e1s del doble de su red actual de alrededor de 40 locales en ciudades como Barcelona, Madrid y Sevilla. Esta estrategia expansiva se vuelve viable gracias al respaldo econ\u00f3mico y estrat\u00e9gico de Grupo Lux, que suma m\u00fasculo para acelerar aperturas y fortalecer su presencia en nuevos mercados.<\/p>\n\n\n\n<p>Adem\u00e1s, la compa\u00f1\u00eda ha tenido respaldo de inversionistas como Turtle Capital e Inveready. Ahora, el apoyo colombiano desbloquea oportunidades para consolidar operaciones, escalar su modelo de negocio y potenciar su propuesta diferenciadora en un mercado cada vez m\u00e1s competitivo.<\/p>\n\n\n\n<figure class=\"wp-block-image size-large\"><img loading=\"lazy\" decoding=\"async\" width=\"1024\" height=\"683\" src=\"https:\/\/www.justretail.news\/latam\/wp-content\/uploads\/2025\/08\/SYRA_COFFEE_H_M_PASEO_DE_GRACIA_11__R_E-APERTURA_alvarovaldecantos_-16.jpg-1024x683.webp\" alt=\"Syra\" class=\"wp-image-4278\" srcset=\"https:\/\/www.justretail.news\/latam\/wp-content\/uploads\/2025\/08\/SYRA_COFFEE_H_M_PASEO_DE_GRACIA_11__R_E-APERTURA_alvarovaldecantos_-16.jpg-1024x683.webp 1024w, https:\/\/www.justretail.news\/latam\/wp-content\/uploads\/2025\/08\/SYRA_COFFEE_H_M_PASEO_DE_GRACIA_11__R_E-APERTURA_alvarovaldecantos_-16.jpg-300x200.webp 300w, https:\/\/www.justretail.news\/latam\/wp-content\/uploads\/2025\/08\/SYRA_COFFEE_H_M_PASEO_DE_GRACIA_11__R_E-APERTURA_alvarovaldecantos_-16.jpg-768x512.webp 768w, https:\/\/www.justretail.news\/latam\/wp-content\/uploads\/2025\/08\/SYRA_COFFEE_H_M_PASEO_DE_GRACIA_11__R_E-APERTURA_alvarovaldecantos_-16.jpg-1536x1024.webp 1536w, https:\/\/www.justretail.news\/latam\/wp-content\/uploads\/2025\/08\/SYRA_COFFEE_H_M_PASEO_DE_GRACIA_11__R_E-APERTURA_alvarovaldecantos_-16.jpg-2048x1365.webp 2048w, https:\/\/www.justretail.news\/latam\/wp-content\/uploads\/2025\/08\/SYRA_COFFEE_H_M_PASEO_DE_GRACIA_11__R_E-APERTURA_alvarovaldecantos_-16.jpg-630x420.webp 630w, https:\/\/www.justretail.news\/latam\/wp-content\/uploads\/2025\/08\/SYRA_COFFEE_H_M_PASEO_DE_GRACIA_11__R_E-APERTURA_alvarovaldecantos_-16.jpg-150x100.webp 150w, https:\/\/www.justretail.news\/latam\/wp-content\/uploads\/2025\/08\/SYRA_COFFEE_H_M_PASEO_DE_GRACIA_11__R_E-APERTURA_alvarovaldecantos_-16.jpg-696x464.webp 696w, https:\/\/www.justretail.news\/latam\/wp-content\/uploads\/2025\/08\/SYRA_COFFEE_H_M_PASEO_DE_GRACIA_11__R_E-APERTURA_alvarovaldecantos_-16.jpg-1068x712.webp 1068w, https:\/\/www.justretail.news\/latam\/wp-content\/uploads\/2025\/08\/SYRA_COFFEE_H_M_PASEO_DE_GRACIA_11__R_E-APERTURA_alvarovaldecantos_-16.jpg-1920x1280.webp 1920w\" sizes=\"auto, (max-width: 1024px) 100vw, 1024px\" \/><\/figure>\n\n\n\n<h3 class=\"wp-block-heading\"><strong>Sinergia estrat\u00e9gica entre marcas de alto perfil<\/strong><\/h3>\n\n\n\n<p>La reciente adquisici\u00f3n ejemplifica c\u00f3mo un conglomerado latinoamericano con presencia en diversos sectores encuentra en una marca de nicho europea una oportunidad de inversi\u00f3n estrat\u00e9gica. Para Syra Coffee, esto se traduce en recursos financieros, expansi\u00f3n geogr\u00e1fica y soporte institucional. Para Grupo Lux, significa diversificar su portafolio con una firma de alto valor agregado y alcance global.<\/p>\n\n\n\n<p>Este tipo de transacciones tambi\u00e9n refuerzan la din\u00e1mica de integraci\u00f3n entre econom\u00edas latinoamericanas y europeas, en sectores como el de la alimentaci\u00f3n y retail especializado, mostrando el creciente inter\u00e9s y posibilidades de colaboraci\u00f3n internacional.<\/p>\n","protected":false},"excerpt":{"rendered":"<p>El movimiento impulsa la expansi\u00f3n de la marca de caf\u00e9s de especialidad en Europa y refuerza su respaldo financiero. Un actor destacado en el sector cafetalero especializado de Espa\u00f1a,&nbsp;Syra Coffee, ha sido adquirido mayoritariamente por&nbsp;Grupo Lux, vinculado al poderoso conglomerado colombiano&nbsp;Organizaci\u00f3n Ardila L\u00fclle, con influencia en industrias como alimentaci\u00f3n, medios y entretenimiento. Esta operaci\u00f3n incluye [&hellip;]<\/p>\n","protected":false},"author":3,"featured_media":4280,"comment_status":"closed","ping_status":"open","sticky":false,"template":"","format":"standard","meta":{"_jetpack_memberships_contains_paid_content":false,"footnotes":""},"categories":[38],"tags":[78,65,941,942],"class_list":{"0":"post-4276","1":"post","2":"type-post","3":"status-publish","4":"format-standard","5":"has-post-thumbnail","7":"category-ocio-fb","8":"tag-colombia","9":"tag-expansion","10":"tag-grupo-lux","11":"tag-syra-coffee"},"yoast_head":"<!-- This site is optimized with the Yoast SEO plugin v27.4 - https:\/\/yoast.com\/product\/yoast-seo-wordpress\/ -->\n<title>Grupo Lux, del conglomerado Ardila L\u00fclle, adquiere el control mayoritario de Syra Coffee - Just Retail Latam<\/title>\n<meta name=\"description\" content=\"Grupo Lux, del conglomerado Ardila L\u00fclle, adquiere la mayor\u00eda de Syra Coffee, fortaleciendo su expansi\u00f3n hacia 100 tiendas en Europa, con soporte financiero y continuidad operativa bajo su interfaz regional.\" \/>\n<meta name=\"robots\" content=\"index, follow, max-snippet:-1, max-image-preview:large, max-video-preview:-1\" \/>\n<link rel=\"canonical\" href=\"https:\/\/www.justretail.news\/latam\/noticias\/grupo-lux-del-conglomerado-ardila-lulle-adquiere-el-control-mayoritario-de-syra-coffee\/\" \/>\n<meta property=\"og:locale\" content=\"es_ES\" \/>\n<meta property=\"og:type\" content=\"article\" \/>\n<meta property=\"og:title\" content=\"Grupo Lux, del conglomerado Ardila L\u00fclle, adquiere el control mayoritario de Syra Coffee - Just Retail Latam\" \/>\n<meta property=\"og:description\" content=\"Grupo Lux, del conglomerado Ardila L\u00fclle, adquiere la mayor\u00eda de Syra Coffee, fortaleciendo su expansi\u00f3n hacia 100 tiendas en Europa, con soporte financiero y continuidad operativa bajo su interfaz regional.\" \/>\n<meta property=\"og:url\" content=\"https:\/\/www.justretail.news\/latam\/noticias\/grupo-lux-del-conglomerado-ardila-lulle-adquiere-el-control-mayoritario-de-syra-coffee\/\" \/>\n<meta property=\"og:site_name\" content=\"Just Retail Latam\" \/>\n<meta property=\"article:published_time\" content=\"2025-08-28T13:00:00+00:00\" \/>\n<meta property=\"article:modified_time\" content=\"2025-11-08T22:49:57+00:00\" \/>\n<meta property=\"og:image\" content=\"https:\/\/www.justretail.news\/latam\/wp-content\/uploads\/2025\/08\/151746.jpg.jpg\" \/>\n\t<meta property=\"og:image:width\" content=\"1792\" \/>\n\t<meta property=\"og:image:height\" content=\"1008\" \/>\n\t<meta property=\"og:image:type\" content=\"image\/jpeg\" \/>\n<meta name=\"author\" content=\"redaccion\" \/>\n<meta name=\"twitter:card\" content=\"summary_large_image\" \/>\n<meta name=\"twitter:label1\" content=\"Escrito por\" \/>\n\t<meta name=\"twitter:data1\" content=\"redaccion\" \/>\n\t<meta name=\"twitter:label2\" content=\"Tiempo de lectura\" \/>\n\t<meta name=\"twitter:data2\" content=\"3 minutos\" \/>\n<script type=\"application\/ld+json\" class=\"yoast-schema-graph\">{\"@context\":\"https:\\\/\\\/schema.org\",\"@graph\":[{\"@type\":\"Article\",\"@id\":\"https:\\\/\\\/www.justretail.news\\\/latam\\\/noticias\\\/grupo-lux-del-conglomerado-ardila-lulle-adquiere-el-control-mayoritario-de-syra-coffee\\\/#article\",\"isPartOf\":{\"@id\":\"https:\\\/\\\/www.justretail.news\\\/latam\\\/noticias\\\/grupo-lux-del-conglomerado-ardila-lulle-adquiere-el-control-mayoritario-de-syra-coffee\\\/\"},\"author\":{\"name\":\"redaccion\",\"@id\":\"https:\\\/\\\/www.justretail.news\\\/latam\\\/#\\\/schema\\\/person\\\/c2656ce0a4e1c3a0cb63204b17bce2d2\"},\"headline\":\"Grupo Lux, del conglomerado Ardila L\u00fclle, adquiere el control mayoritario de Syra Coffee\",\"datePublished\":\"2025-08-28T13:00:00+00:00\",\"dateModified\":\"2025-11-08T22:49:57+00:00\",\"mainEntityOfPage\":{\"@id\":\"https:\\\/\\\/www.justretail.news\\\/latam\\\/noticias\\\/grupo-lux-del-conglomerado-ardila-lulle-adquiere-el-control-mayoritario-de-syra-coffee\\\/\"},\"wordCount\":388,\"publisher\":{\"@id\":\"https:\\\/\\\/www.justretail.news\\\/latam\\\/#organization\"},\"image\":{\"@id\":\"https:\\\/\\\/www.justretail.news\\\/latam\\\/noticias\\\/grupo-lux-del-conglomerado-ardila-lulle-adquiere-el-control-mayoritario-de-syra-coffee\\\/#primaryimage\"},\"thumbnailUrl\":\"https:\\\/\\\/www.justretail.news\\\/latam\\\/wp-content\\\/uploads\\\/2025\\\/08\\\/151746.jpg.jpg\",\"keywords\":[\"Colombia\",\"expansi\u00f3n\",\"Grupo Lux\",\"Syra Coffee\"],\"articleSection\":[\"Ocio &amp; F&amp;B\"],\"inLanguage\":\"es\"},{\"@type\":\"WebPage\",\"@id\":\"https:\\\/\\\/www.justretail.news\\\/latam\\\/noticias\\\/grupo-lux-del-conglomerado-ardila-lulle-adquiere-el-control-mayoritario-de-syra-coffee\\\/\",\"url\":\"https:\\\/\\\/www.justretail.news\\\/latam\\\/noticias\\\/grupo-lux-del-conglomerado-ardila-lulle-adquiere-el-control-mayoritario-de-syra-coffee\\\/\",\"name\":\"Grupo Lux, del conglomerado Ardila L\u00fclle, adquiere el control mayoritario de Syra Coffee - Just Retail Latam\",\"isPartOf\":{\"@id\":\"https:\\\/\\\/www.justretail.news\\\/latam\\\/#website\"},\"primaryImageOfPage\":{\"@id\":\"https:\\\/\\\/www.justretail.news\\\/latam\\\/noticias\\\/grupo-lux-del-conglomerado-ardila-lulle-adquiere-el-control-mayoritario-de-syra-coffee\\\/#primaryimage\"},\"image\":{\"@id\":\"https:\\\/\\\/www.justretail.news\\\/latam\\\/noticias\\\/grupo-lux-del-conglomerado-ardila-lulle-adquiere-el-control-mayoritario-de-syra-coffee\\\/#primaryimage\"},\"thumbnailUrl\":\"https:\\\/\\\/www.justretail.news\\\/latam\\\/wp-content\\\/uploads\\\/2025\\\/08\\\/151746.jpg.jpg\",\"datePublished\":\"2025-08-28T13:00:00+00:00\",\"dateModified\":\"2025-11-08T22:49:57+00:00\",\"description\":\"Grupo Lux, del conglomerado Ardila L\u00fclle, adquiere la mayor\u00eda de Syra Coffee, fortaleciendo su expansi\u00f3n hacia 100 tiendas en Europa, con soporte financiero y continuidad operativa bajo su interfaz regional.\",\"breadcrumb\":{\"@id\":\"https:\\\/\\\/www.justretail.news\\\/latam\\\/noticias\\\/grupo-lux-del-conglomerado-ardila-lulle-adquiere-el-control-mayoritario-de-syra-coffee\\\/#breadcrumb\"},\"inLanguage\":\"es\",\"potentialAction\":[{\"@type\":\"ReadAction\",\"target\":[\"https:\\\/\\\/www.justretail.news\\\/latam\\\/noticias\\\/grupo-lux-del-conglomerado-ardila-lulle-adquiere-el-control-mayoritario-de-syra-coffee\\\/\"]}]},{\"@type\":\"ImageObject\",\"inLanguage\":\"es\",\"@id\":\"https:\\\/\\\/www.justretail.news\\\/latam\\\/noticias\\\/grupo-lux-del-conglomerado-ardila-lulle-adquiere-el-control-mayoritario-de-syra-coffee\\\/#primaryimage\",\"url\":\"https:\\\/\\\/www.justretail.news\\\/latam\\\/wp-content\\\/uploads\\\/2025\\\/08\\\/151746.jpg.jpg\",\"contentUrl\":\"https:\\\/\\\/www.justretail.news\\\/latam\\\/wp-content\\\/uploads\\\/2025\\\/08\\\/151746.jpg.jpg\",\"width\":1792,\"height\":1008,\"caption\":\"Syra\"},{\"@type\":\"BreadcrumbList\",\"@id\":\"https:\\\/\\\/www.justretail.news\\\/latam\\\/noticias\\\/grupo-lux-del-conglomerado-ardila-lulle-adquiere-el-control-mayoritario-de-syra-coffee\\\/#breadcrumb\",\"itemListElement\":[{\"@type\":\"ListItem\",\"position\":1,\"name\":\"Portada\",\"item\":\"https:\\\/\\\/www.justretail.news\\\/latam\\\/\"},{\"@type\":\"ListItem\",\"position\":2,\"name\":\"Grupo Lux, del conglomerado Ardila L\u00fclle, adquiere el control mayoritario de Syra Coffee\"}]},{\"@type\":\"WebSite\",\"@id\":\"https:\\\/\\\/www.justretail.news\\\/latam\\\/#website\",\"url\":\"https:\\\/\\\/www.justretail.news\\\/latam\\\/\",\"name\":\"Just Retail Latam\",\"description\":\"\",\"publisher\":{\"@id\":\"https:\\\/\\\/www.justretail.news\\\/latam\\\/#organization\"},\"potentialAction\":[{\"@type\":\"SearchAction\",\"target\":{\"@type\":\"EntryPoint\",\"urlTemplate\":\"https:\\\/\\\/www.justretail.news\\\/latam\\\/?s={search_term_string}\"},\"query-input\":{\"@type\":\"PropertyValueSpecification\",\"valueRequired\":true,\"valueName\":\"search_term_string\"}}],\"inLanguage\":\"es\"},{\"@type\":\"Organization\",\"@id\":\"https:\\\/\\\/www.justretail.news\\\/latam\\\/#organization\",\"name\":\"Just Retail Latam\",\"url\":\"https:\\\/\\\/www.justretail.news\\\/latam\\\/\",\"logo\":{\"@type\":\"ImageObject\",\"inLanguage\":\"es\",\"@id\":\"https:\\\/\\\/www.justretail.news\\\/latam\\\/#\\\/schema\\\/logo\\\/image\\\/\",\"url\":\"https:\\\/\\\/www.justretail.news\\\/latam\\\/wp-content\\\/uploads\\\/2024\\\/05\\\/just-retail-logo-NEGRO-trans-latam-272x90_nuevo.png\",\"contentUrl\":\"https:\\\/\\\/www.justretail.news\\\/latam\\\/wp-content\\\/uploads\\\/2024\\\/05\\\/just-retail-logo-NEGRO-trans-latam-272x90_nuevo.png\",\"width\":272,\"height\":90,\"caption\":\"Just Retail Latam\"},\"image\":{\"@id\":\"https:\\\/\\\/www.justretail.news\\\/latam\\\/#\\\/schema\\\/logo\\\/image\\\/\"}},{\"@type\":\"Person\",\"@id\":\"https:\\\/\\\/www.justretail.news\\\/latam\\\/#\\\/schema\\\/person\\\/c2656ce0a4e1c3a0cb63204b17bce2d2\",\"name\":\"redaccion\",\"image\":{\"@type\":\"ImageObject\",\"inLanguage\":\"es\",\"@id\":\"https:\\\/\\\/secure.gravatar.com\\\/avatar\\\/0af76fe7cdb55b1d9835c5dcb644cd298ff04e340eef9d71898a0f0a1ea867d0?s=96&d=mm&r=g\",\"url\":\"https:\\\/\\\/secure.gravatar.com\\\/avatar\\\/0af76fe7cdb55b1d9835c5dcb644cd298ff04e340eef9d71898a0f0a1ea867d0?s=96&d=mm&r=g\",\"contentUrl\":\"https:\\\/\\\/secure.gravatar.com\\\/avatar\\\/0af76fe7cdb55b1d9835c5dcb644cd298ff04e340eef9d71898a0f0a1ea867d0?s=96&d=mm&r=g\",\"caption\":\"redaccion\"},\"url\":\"https:\\\/\\\/www.justretail.news\\\/latam\\\/noticias\\\/author\\\/redaccion\\\/\"}]}<\/script>\n<!-- \/ Yoast SEO plugin. -->","yoast_head_json":{"title":"Grupo Lux, del conglomerado Ardila L\u00fclle, adquiere el control mayoritario de Syra Coffee - Just Retail Latam","description":"Grupo Lux, del conglomerado Ardila L\u00fclle, adquiere la mayor\u00eda de Syra Coffee, fortaleciendo su expansi\u00f3n hacia 100 tiendas en Europa, con soporte financiero y continuidad operativa bajo su interfaz regional.","robots":{"index":"index","follow":"follow","max-snippet":"max-snippet:-1","max-image-preview":"max-image-preview:large","max-video-preview":"max-video-preview:-1"},"canonical":"https:\/\/www.justretail.news\/latam\/noticias\/grupo-lux-del-conglomerado-ardila-lulle-adquiere-el-control-mayoritario-de-syra-coffee\/","og_locale":"es_ES","og_type":"article","og_title":"Grupo Lux, del conglomerado Ardila L\u00fclle, adquiere el control mayoritario de Syra Coffee - Just Retail Latam","og_description":"Grupo Lux, del conglomerado Ardila L\u00fclle, adquiere la mayor\u00eda de Syra Coffee, fortaleciendo su expansi\u00f3n hacia 100 tiendas en Europa, con soporte financiero y continuidad operativa bajo su interfaz regional.","og_url":"https:\/\/www.justretail.news\/latam\/noticias\/grupo-lux-del-conglomerado-ardila-lulle-adquiere-el-control-mayoritario-de-syra-coffee\/","og_site_name":"Just Retail Latam","article_published_time":"2025-08-28T13:00:00+00:00","article_modified_time":"2025-11-08T22:49:57+00:00","og_image":[{"width":1792,"height":1008,"url":"https:\/\/www.justretail.news\/latam\/wp-content\/uploads\/2025\/08\/151746.jpg.jpg","type":"image\/jpeg"}],"author":"redaccion","twitter_card":"summary_large_image","twitter_misc":{"Escrito por":"redaccion","Tiempo de lectura":"3 minutos"},"schema":{"@context":"https:\/\/schema.org","@graph":[{"@type":"Article","@id":"https:\/\/www.justretail.news\/latam\/noticias\/grupo-lux-del-conglomerado-ardila-lulle-adquiere-el-control-mayoritario-de-syra-coffee\/#article","isPartOf":{"@id":"https:\/\/www.justretail.news\/latam\/noticias\/grupo-lux-del-conglomerado-ardila-lulle-adquiere-el-control-mayoritario-de-syra-coffee\/"},"author":{"name":"redaccion","@id":"https:\/\/www.justretail.news\/latam\/#\/schema\/person\/c2656ce0a4e1c3a0cb63204b17bce2d2"},"headline":"Grupo Lux, del conglomerado Ardila L\u00fclle, adquiere el control mayoritario de Syra Coffee","datePublished":"2025-08-28T13:00:00+00:00","dateModified":"2025-11-08T22:49:57+00:00","mainEntityOfPage":{"@id":"https:\/\/www.justretail.news\/latam\/noticias\/grupo-lux-del-conglomerado-ardila-lulle-adquiere-el-control-mayoritario-de-syra-coffee\/"},"wordCount":388,"publisher":{"@id":"https:\/\/www.justretail.news\/latam\/#organization"},"image":{"@id":"https:\/\/www.justretail.news\/latam\/noticias\/grupo-lux-del-conglomerado-ardila-lulle-adquiere-el-control-mayoritario-de-syra-coffee\/#primaryimage"},"thumbnailUrl":"https:\/\/www.justretail.news\/latam\/wp-content\/uploads\/2025\/08\/151746.jpg.jpg","keywords":["Colombia","expansi\u00f3n","Grupo Lux","Syra Coffee"],"articleSection":["Ocio &amp; F&amp;B"],"inLanguage":"es"},{"@type":"WebPage","@id":"https:\/\/www.justretail.news\/latam\/noticias\/grupo-lux-del-conglomerado-ardila-lulle-adquiere-el-control-mayoritario-de-syra-coffee\/","url":"https:\/\/www.justretail.news\/latam\/noticias\/grupo-lux-del-conglomerado-ardila-lulle-adquiere-el-control-mayoritario-de-syra-coffee\/","name":"Grupo Lux, del conglomerado Ardila L\u00fclle, adquiere el control mayoritario de Syra Coffee - Just Retail Latam","isPartOf":{"@id":"https:\/\/www.justretail.news\/latam\/#website"},"primaryImageOfPage":{"@id":"https:\/\/www.justretail.news\/latam\/noticias\/grupo-lux-del-conglomerado-ardila-lulle-adquiere-el-control-mayoritario-de-syra-coffee\/#primaryimage"},"image":{"@id":"https:\/\/www.justretail.news\/latam\/noticias\/grupo-lux-del-conglomerado-ardila-lulle-adquiere-el-control-mayoritario-de-syra-coffee\/#primaryimage"},"thumbnailUrl":"https:\/\/www.justretail.news\/latam\/wp-content\/uploads\/2025\/08\/151746.jpg.jpg","datePublished":"2025-08-28T13:00:00+00:00","dateModified":"2025-11-08T22:49:57+00:00","description":"Grupo Lux, del conglomerado Ardila L\u00fclle, adquiere la mayor\u00eda de Syra Coffee, fortaleciendo su expansi\u00f3n hacia 100 tiendas en Europa, con soporte financiero y continuidad operativa bajo su interfaz regional.","breadcrumb":{"@id":"https:\/\/www.justretail.news\/latam\/noticias\/grupo-lux-del-conglomerado-ardila-lulle-adquiere-el-control-mayoritario-de-syra-coffee\/#breadcrumb"},"inLanguage":"es","potentialAction":[{"@type":"ReadAction","target":["https:\/\/www.justretail.news\/latam\/noticias\/grupo-lux-del-conglomerado-ardila-lulle-adquiere-el-control-mayoritario-de-syra-coffee\/"]}]},{"@type":"ImageObject","inLanguage":"es","@id":"https:\/\/www.justretail.news\/latam\/noticias\/grupo-lux-del-conglomerado-ardila-lulle-adquiere-el-control-mayoritario-de-syra-coffee\/#primaryimage","url":"https:\/\/www.justretail.news\/latam\/wp-content\/uploads\/2025\/08\/151746.jpg.jpg","contentUrl":"https:\/\/www.justretail.news\/latam\/wp-content\/uploads\/2025\/08\/151746.jpg.jpg","width":1792,"height":1008,"caption":"Syra"},{"@type":"BreadcrumbList","@id":"https:\/\/www.justretail.news\/latam\/noticias\/grupo-lux-del-conglomerado-ardila-lulle-adquiere-el-control-mayoritario-de-syra-coffee\/#breadcrumb","itemListElement":[{"@type":"ListItem","position":1,"name":"Portada","item":"https:\/\/www.justretail.news\/latam\/"},{"@type":"ListItem","position":2,"name":"Grupo Lux, del conglomerado Ardila L\u00fclle, adquiere el control mayoritario de Syra Coffee"}]},{"@type":"WebSite","@id":"https:\/\/www.justretail.news\/latam\/#website","url":"https:\/\/www.justretail.news\/latam\/","name":"Just Retail Latam","description":"","publisher":{"@id":"https:\/\/www.justretail.news\/latam\/#organization"},"potentialAction":[{"@type":"SearchAction","target":{"@type":"EntryPoint","urlTemplate":"https:\/\/www.justretail.news\/latam\/?s={search_term_string}"},"query-input":{"@type":"PropertyValueSpecification","valueRequired":true,"valueName":"search_term_string"}}],"inLanguage":"es"},{"@type":"Organization","@id":"https:\/\/www.justretail.news\/latam\/#organization","name":"Just Retail Latam","url":"https:\/\/www.justretail.news\/latam\/","logo":{"@type":"ImageObject","inLanguage":"es","@id":"https:\/\/www.justretail.news\/latam\/#\/schema\/logo\/image\/","url":"https:\/\/www.justretail.news\/latam\/wp-content\/uploads\/2024\/05\/just-retail-logo-NEGRO-trans-latam-272x90_nuevo.png","contentUrl":"https:\/\/www.justretail.news\/latam\/wp-content\/uploads\/2024\/05\/just-retail-logo-NEGRO-trans-latam-272x90_nuevo.png","width":272,"height":90,"caption":"Just Retail Latam"},"image":{"@id":"https:\/\/www.justretail.news\/latam\/#\/schema\/logo\/image\/"}},{"@type":"Person","@id":"https:\/\/www.justretail.news\/latam\/#\/schema\/person\/c2656ce0a4e1c3a0cb63204b17bce2d2","name":"redaccion","image":{"@type":"ImageObject","inLanguage":"es","@id":"https:\/\/secure.gravatar.com\/avatar\/0af76fe7cdb55b1d9835c5dcb644cd298ff04e340eef9d71898a0f0a1ea867d0?s=96&d=mm&r=g","url":"https:\/\/secure.gravatar.com\/avatar\/0af76fe7cdb55b1d9835c5dcb644cd298ff04e340eef9d71898a0f0a1ea867d0?s=96&d=mm&r=g","contentUrl":"https:\/\/secure.gravatar.com\/avatar\/0af76fe7cdb55b1d9835c5dcb644cd298ff04e340eef9d71898a0f0a1ea867d0?s=96&d=mm&r=g","caption":"redaccion"},"url":"https:\/\/www.justretail.news\/latam\/noticias\/author\/redaccion\/"}]}},"jetpack_featured_media_url":"https:\/\/www.justretail.news\/latam\/wp-content\/uploads\/2025\/08\/151746.jpg.jpg","jetpack_sharing_enabled":true,"_links":{"self":[{"href":"https:\/\/www.justretail.news\/latam\/wp-json\/wp\/v2\/posts\/4276","targetHints":{"allow":["GET"]}}],"collection":[{"href":"https:\/\/www.justretail.news\/latam\/wp-json\/wp\/v2\/posts"}],"about":[{"href":"https:\/\/www.justretail.news\/latam\/wp-json\/wp\/v2\/types\/post"}],"author":[{"embeddable":true,"href":"https:\/\/www.justretail.news\/latam\/wp-json\/wp\/v2\/users\/3"}],"replies":[{"embeddable":true,"href":"https:\/\/www.justretail.news\/latam\/wp-json\/wp\/v2\/comments?post=4276"}],"version-history":[{"count":1,"href":"https:\/\/www.justretail.news\/latam\/wp-json\/wp\/v2\/posts\/4276\/revisions"}],"predecessor-version":[{"id":4281,"href":"https:\/\/www.justretail.news\/latam\/wp-json\/wp\/v2\/posts\/4276\/revisions\/4281"}],"wp:featuredmedia":[{"embeddable":true,"href":"https:\/\/www.justretail.news\/latam\/wp-json\/wp\/v2\/media\/4280"}],"wp:attachment":[{"href":"https:\/\/www.justretail.news\/latam\/wp-json\/wp\/v2\/media?parent=4276"}],"wp:term":[{"taxonomy":"category","embeddable":true,"href":"https:\/\/www.justretail.news\/latam\/wp-json\/wp\/v2\/categories?post=4276"},{"taxonomy":"post_tag","embeddable":true,"href":"https:\/\/www.justretail.news\/latam\/wp-json\/wp\/v2\/tags?post=4276"}],"curies":[{"name":"wp","href":"https:\/\/api.w.org\/{rel}","templated":true}]}}