{"id":4287,"date":"2025-09-01T03:54:50","date_gmt":"2025-09-01T01:54:50","guid":{"rendered":"https:\/\/www.justretail.news\/latam\/?p=4287"},"modified":"2025-11-08T23:49:57","modified_gmt":"2025-11-08T22:49:57","slug":"alkomprar-inaugura-tienda-25-en-medellin","status":"publish","type":"post","link":"https:\/\/www.justretail.news\/latam\/noticias\/alkomprar-inaugura-tienda-25-en-medellin\/","title":{"rendered":"Alkomprar inaugura tienda 25 en Medell\u00edn"},"content":{"rendered":"\n<p>Alkomprar inaugur\u00f3 este s\u00e1bado 23 de agosto su tienda n\u00famero&nbsp;<strong>25<\/strong>&nbsp;en Colombia, ubicada en el centro comercial La Central de Medell\u00edn, coincidiendo con su aniversario 22. Esta apertura fortalece su presencia en el competido sector del retail tecnol\u00f3gico y refuerza su compromiso con la ciudad que vio nacer la compa\u00f1\u00eda.<\/p>\n\n\n\n<p>El nuevo punto de venta integra varias categor\u00edas: telefon\u00eda, audio, video, electrodom\u00e9sticos, l\u00ednea blanca e inform\u00e1tica. Entre sus atractivos destacan el programa de cr\u00e9dito \u00e1gil \u201c20 minutos\u201d y descuentos de hasta el&nbsp;<strong>60 %<\/strong>&nbsp;en art\u00edculos seleccionados durante los primeros d\u00edas de operaci\u00f3n.<\/p>\n\n\n\n<p>La directora de Mercadeo,&nbsp;<strong>Natalia Aguirre Duque<\/strong>, enfatiz\u00f3 que esta apertura acerca tecnolog\u00eda a m\u00e1s de&nbsp;<strong>300,000 personas<\/strong>, genera&nbsp;<strong>55 empleos directos e indirectos<\/strong>&nbsp;y recibe a&nbsp;<strong>22,000 visitantes mensuales<\/strong>&nbsp;de zonas como Villa Hermosa, Buenos Aires y La Candelaria, todo ello en un formato contempor\u00e1neo que exhibe m\u00e1s de 30 marcas de forma inmersiva.<\/p>\n\n\n\n<figure class=\"wp-block-image size-full\"><img loading=\"lazy\" decoding=\"async\" width=\"780\" height=\"565\" src=\"https:\/\/www.justretail.news\/latam\/wp-content\/uploads\/2025\/09\/alkomprar-nueva-tienda_48608983_20250822102359.jpg.webp\" alt=\"Alkomprar\" class=\"wp-image-4290\" srcset=\"https:\/\/www.justretail.news\/latam\/wp-content\/uploads\/2025\/09\/alkomprar-nueva-tienda_48608983_20250822102359.jpg.webp 780w, https:\/\/www.justretail.news\/latam\/wp-content\/uploads\/2025\/09\/alkomprar-nueva-tienda_48608983_20250822102359.jpg-300x217.webp 300w, https:\/\/www.justretail.news\/latam\/wp-content\/uploads\/2025\/09\/alkomprar-nueva-tienda_48608983_20250822102359.jpg-768x556.webp 768w, https:\/\/www.justretail.news\/latam\/wp-content\/uploads\/2025\/09\/alkomprar-nueva-tienda_48608983_20250822102359.jpg-580x420.webp 580w, https:\/\/www.justretail.news\/latam\/wp-content\/uploads\/2025\/09\/alkomprar-nueva-tienda_48608983_20250822102359.jpg-150x109.webp 150w, https:\/\/www.justretail.news\/latam\/wp-content\/uploads\/2025\/09\/alkomprar-nueva-tienda_48608983_20250822102359.jpg-696x504.webp 696w, https:\/\/www.justretail.news\/latam\/wp-content\/uploads\/2025\/09\/alkomprar-nueva-tienda_48608983_20250822102359.jpg-324x235.webp 324w\" sizes=\"auto, (max-width: 780px) 100vw, 780px\" \/><\/figure>\n\n\n\n<h3 class=\"wp-block-heading\">Estrategia omnipresente y enfoque comunitario<\/h3>\n\n\n\n<p>La tienda forma parte de un ambicioso plan de expansi\u00f3n que busca llevar tecnolog\u00eda a diversas partes del pa\u00eds. Actualmente, Alkomprar cuenta con presencia en ciudades clave como Medell\u00edn, Cali, Barranquilla, Bucaramanga, Ibagu\u00e9, C\u00facuta, Armenia, Rionegro, Monter\u00eda, Neiva y otras, consolidando su red con cobertura nacional.<\/p>\n\n\n\n<p>Mediante este modelo h\u00edbrido de tecnolog\u00eda y cercan\u00eda, la cadena reafirma su propuesta: una experiencia de compra moderna, con espacios interactivos y dise\u00f1o intuitivo, pensado para conectar con el usuario actual que demanda agilidad y tecnolog\u00eda de punta.<\/p>\n\n\n\n<h3 class=\"wp-block-heading\">Impulso econ\u00f3mico local y visi\u00f3n de futuro<\/h3>\n\n\n\n<p>Adem\u00e1s de su aporte en empleo, la expansi\u00f3n de Alkomprar dinamiza la econom\u00eda local y refuerza la accesibilidad tecnol\u00f3gica en regiones de alta densidad poblacional. La apertura en Medell\u00edn es una muestra clara de que retail y comunidad pueden converger eficazmente.<\/p>\n\n\n\n<p>Esta inauguraci\u00f3n no solo marca un avance inmediato en infraestructura, sino tambi\u00e9n una estrategia de largo plazo: extender la red de tiendas para llevar productos tecnol\u00f3gicos a m\u00e1s ciudadanos colombianos, con un modelo de cobertura inclusiva y experiencial.<\/p>\n","protected":false},"excerpt":{"rendered":"<p>Alkomprar inaugur\u00f3 este s\u00e1bado 23 de agosto su tienda n\u00famero&nbsp;25&nbsp;en Colombia, ubicada en el centro comercial La Central de Medell\u00edn, coincidiendo con su aniversario 22. Esta apertura fortalece su presencia en el competido sector del retail tecnol\u00f3gico y refuerza su compromiso con la ciudad que vio nacer la compa\u00f1\u00eda. El nuevo punto de venta integra [&hellip;]<\/p>\n","protected":false},"author":3,"featured_media":4289,"comment_status":"closed","ping_status":"open","sticky":false,"template":"","format":"standard","meta":{"_jetpack_memberships_contains_paid_content":false,"footnotes":""},"categories":[38],"tags":[943,366,78,65,52],"class_list":{"0":"post-4287","1":"post","2":"type-post","3":"status-publish","4":"format-standard","5":"has-post-thumbnail","7":"category-ocio-fb","8":"tag-alkomprar","9":"tag-aperturas","10":"tag-colombia","11":"tag-expansion","12":"tag-retail"},"yoast_head":"<!-- This site is optimized with the Yoast SEO plugin v27.4 - https:\/\/yoast.com\/product\/yoast-seo-wordpress\/ -->\n<title>Alkomprar inaugura tienda 25 en Medell\u00edn - Just Retail Latam<\/title>\n<meta name=\"description\" content=\"Alkomprar abre su tienda 25 en Colombia en La Central de Medell\u00edn, con certificado inmersivo, ofertas, cr\u00e9dito \u00e1gil y generaci\u00f3n de empleo local, consolidando su presencia nacional.\" \/>\n<meta name=\"robots\" content=\"index, follow, max-snippet:-1, max-image-preview:large, max-video-preview:-1\" \/>\n<link rel=\"canonical\" href=\"https:\/\/www.justretail.news\/latam\/noticias\/alkomprar-inaugura-tienda-25-en-medellin\/\" \/>\n<meta property=\"og:locale\" content=\"es_ES\" \/>\n<meta property=\"og:type\" content=\"article\" \/>\n<meta property=\"og:title\" content=\"Alkomprar inaugura tienda 25 en Medell\u00edn - Just Retail Latam\" \/>\n<meta property=\"og:description\" content=\"Alkomprar abre su tienda 25 en Colombia en La Central de Medell\u00edn, con certificado inmersivo, ofertas, cr\u00e9dito \u00e1gil y generaci\u00f3n de empleo local, consolidando su presencia nacional.\" \/>\n<meta property=\"og:url\" content=\"https:\/\/www.justretail.news\/latam\/noticias\/alkomprar-inaugura-tienda-25-en-medellin\/\" \/>\n<meta property=\"og:site_name\" content=\"Just Retail Latam\" \/>\n<meta property=\"article:published_time\" content=\"2025-09-01T01:54:50+00:00\" \/>\n<meta property=\"article:modified_time\" content=\"2025-11-08T22:49:57+00:00\" \/>\n<meta property=\"og:image\" content=\"https:\/\/www.justretail.news\/latam\/wp-content\/uploads\/2025\/09\/35e2b01a14aa3379e3e9907bb995fc2c.webp\" \/>\n\t<meta property=\"og:image:width\" content=\"1200\" \/>\n\t<meta property=\"og:image:height\" content=\"700\" \/>\n\t<meta property=\"og:image:type\" content=\"image\/webp\" \/>\n<meta name=\"author\" content=\"redaccion\" \/>\n<meta name=\"twitter:card\" content=\"summary_large_image\" \/>\n<meta name=\"twitter:label1\" content=\"Escrito por\" \/>\n\t<meta name=\"twitter:data1\" content=\"redaccion\" \/>\n\t<meta name=\"twitter:label2\" content=\"Tiempo de lectura\" \/>\n\t<meta name=\"twitter:data2\" content=\"2 minutos\" \/>\n<script type=\"application\/ld+json\" class=\"yoast-schema-graph\">{\"@context\":\"https:\\\/\\\/schema.org\",\"@graph\":[{\"@type\":\"Article\",\"@id\":\"https:\\\/\\\/www.justretail.news\\\/latam\\\/noticias\\\/alkomprar-inaugura-tienda-25-en-medellin\\\/#article\",\"isPartOf\":{\"@id\":\"https:\\\/\\\/www.justretail.news\\\/latam\\\/noticias\\\/alkomprar-inaugura-tienda-25-en-medellin\\\/\"},\"author\":{\"name\":\"redaccion\",\"@id\":\"https:\\\/\\\/www.justretail.news\\\/latam\\\/#\\\/schema\\\/person\\\/c2656ce0a4e1c3a0cb63204b17bce2d2\"},\"headline\":\"Alkomprar inaugura tienda 25 en Medell\u00edn\",\"datePublished\":\"2025-09-01T01:54:50+00:00\",\"dateModified\":\"2025-11-08T22:49:57+00:00\",\"mainEntityOfPage\":{\"@id\":\"https:\\\/\\\/www.justretail.news\\\/latam\\\/noticias\\\/alkomprar-inaugura-tienda-25-en-medellin\\\/\"},\"wordCount\":370,\"publisher\":{\"@id\":\"https:\\\/\\\/www.justretail.news\\\/latam\\\/#organization\"},\"image\":{\"@id\":\"https:\\\/\\\/www.justretail.news\\\/latam\\\/noticias\\\/alkomprar-inaugura-tienda-25-en-medellin\\\/#primaryimage\"},\"thumbnailUrl\":\"https:\\\/\\\/www.justretail.news\\\/latam\\\/wp-content\\\/uploads\\\/2025\\\/09\\\/35e2b01a14aa3379e3e9907bb995fc2c.webp\",\"keywords\":[\"Alkomprar\",\"Aperturas\",\"Colombia\",\"expansi\u00f3n\",\"retail\"],\"articleSection\":[\"Ocio &amp; F&amp;B\"],\"inLanguage\":\"es\"},{\"@type\":\"WebPage\",\"@id\":\"https:\\\/\\\/www.justretail.news\\\/latam\\\/noticias\\\/alkomprar-inaugura-tienda-25-en-medellin\\\/\",\"url\":\"https:\\\/\\\/www.justretail.news\\\/latam\\\/noticias\\\/alkomprar-inaugura-tienda-25-en-medellin\\\/\",\"name\":\"Alkomprar inaugura tienda 25 en Medell\u00edn - Just Retail Latam\",\"isPartOf\":{\"@id\":\"https:\\\/\\\/www.justretail.news\\\/latam\\\/#website\"},\"primaryImageOfPage\":{\"@id\":\"https:\\\/\\\/www.justretail.news\\\/latam\\\/noticias\\\/alkomprar-inaugura-tienda-25-en-medellin\\\/#primaryimage\"},\"image\":{\"@id\":\"https:\\\/\\\/www.justretail.news\\\/latam\\\/noticias\\\/alkomprar-inaugura-tienda-25-en-medellin\\\/#primaryimage\"},\"thumbnailUrl\":\"https:\\\/\\\/www.justretail.news\\\/latam\\\/wp-content\\\/uploads\\\/2025\\\/09\\\/35e2b01a14aa3379e3e9907bb995fc2c.webp\",\"datePublished\":\"2025-09-01T01:54:50+00:00\",\"dateModified\":\"2025-11-08T22:49:57+00:00\",\"description\":\"Alkomprar abre su tienda 25 en Colombia en La Central de Medell\u00edn, con certificado inmersivo, ofertas, cr\u00e9dito \u00e1gil y generaci\u00f3n de empleo local, consolidando su presencia nacional.\",\"breadcrumb\":{\"@id\":\"https:\\\/\\\/www.justretail.news\\\/latam\\\/noticias\\\/alkomprar-inaugura-tienda-25-en-medellin\\\/#breadcrumb\"},\"inLanguage\":\"es\",\"potentialAction\":[{\"@type\":\"ReadAction\",\"target\":[\"https:\\\/\\\/www.justretail.news\\\/latam\\\/noticias\\\/alkomprar-inaugura-tienda-25-en-medellin\\\/\"]}]},{\"@type\":\"ImageObject\",\"inLanguage\":\"es\",\"@id\":\"https:\\\/\\\/www.justretail.news\\\/latam\\\/noticias\\\/alkomprar-inaugura-tienda-25-en-medellin\\\/#primaryimage\",\"url\":\"https:\\\/\\\/www.justretail.news\\\/latam\\\/wp-content\\\/uploads\\\/2025\\\/09\\\/35e2b01a14aa3379e3e9907bb995fc2c.webp\",\"contentUrl\":\"https:\\\/\\\/www.justretail.news\\\/latam\\\/wp-content\\\/uploads\\\/2025\\\/09\\\/35e2b01a14aa3379e3e9907bb995fc2c.webp\",\"width\":1200,\"height\":700,\"caption\":\"Alkomprar\"},{\"@type\":\"BreadcrumbList\",\"@id\":\"https:\\\/\\\/www.justretail.news\\\/latam\\\/noticias\\\/alkomprar-inaugura-tienda-25-en-medellin\\\/#breadcrumb\",\"itemListElement\":[{\"@type\":\"ListItem\",\"position\":1,\"name\":\"Portada\",\"item\":\"https:\\\/\\\/www.justretail.news\\\/latam\\\/\"},{\"@type\":\"ListItem\",\"position\":2,\"name\":\"Alkomprar inaugura tienda 25 en Medell\u00edn\"}]},{\"@type\":\"WebSite\",\"@id\":\"https:\\\/\\\/www.justretail.news\\\/latam\\\/#website\",\"url\":\"https:\\\/\\\/www.justretail.news\\\/latam\\\/\",\"name\":\"Just Retail Latam\",\"description\":\"\",\"publisher\":{\"@id\":\"https:\\\/\\\/www.justretail.news\\\/latam\\\/#organization\"},\"potentialAction\":[{\"@type\":\"SearchAction\",\"target\":{\"@type\":\"EntryPoint\",\"urlTemplate\":\"https:\\\/\\\/www.justretail.news\\\/latam\\\/?s={search_term_string}\"},\"query-input\":{\"@type\":\"PropertyValueSpecification\",\"valueRequired\":true,\"valueName\":\"search_term_string\"}}],\"inLanguage\":\"es\"},{\"@type\":\"Organization\",\"@id\":\"https:\\\/\\\/www.justretail.news\\\/latam\\\/#organization\",\"name\":\"Just Retail Latam\",\"url\":\"https:\\\/\\\/www.justretail.news\\\/latam\\\/\",\"logo\":{\"@type\":\"ImageObject\",\"inLanguage\":\"es\",\"@id\":\"https:\\\/\\\/www.justretail.news\\\/latam\\\/#\\\/schema\\\/logo\\\/image\\\/\",\"url\":\"https:\\\/\\\/www.justretail.news\\\/latam\\\/wp-content\\\/uploads\\\/2024\\\/05\\\/just-retail-logo-NEGRO-trans-latam-272x90_nuevo.png\",\"contentUrl\":\"https:\\\/\\\/www.justretail.news\\\/latam\\\/wp-content\\\/uploads\\\/2024\\\/05\\\/just-retail-logo-NEGRO-trans-latam-272x90_nuevo.png\",\"width\":272,\"height\":90,\"caption\":\"Just Retail Latam\"},\"image\":{\"@id\":\"https:\\\/\\\/www.justretail.news\\\/latam\\\/#\\\/schema\\\/logo\\\/image\\\/\"}},{\"@type\":\"Person\",\"@id\":\"https:\\\/\\\/www.justretail.news\\\/latam\\\/#\\\/schema\\\/person\\\/c2656ce0a4e1c3a0cb63204b17bce2d2\",\"name\":\"redaccion\",\"image\":{\"@type\":\"ImageObject\",\"inLanguage\":\"es\",\"@id\":\"https:\\\/\\\/secure.gravatar.com\\\/avatar\\\/0af76fe7cdb55b1d9835c5dcb644cd298ff04e340eef9d71898a0f0a1ea867d0?s=96&d=mm&r=g\",\"url\":\"https:\\\/\\\/secure.gravatar.com\\\/avatar\\\/0af76fe7cdb55b1d9835c5dcb644cd298ff04e340eef9d71898a0f0a1ea867d0?s=96&d=mm&r=g\",\"contentUrl\":\"https:\\\/\\\/secure.gravatar.com\\\/avatar\\\/0af76fe7cdb55b1d9835c5dcb644cd298ff04e340eef9d71898a0f0a1ea867d0?s=96&d=mm&r=g\",\"caption\":\"redaccion\"},\"url\":\"https:\\\/\\\/www.justretail.news\\\/latam\\\/noticias\\\/author\\\/redaccion\\\/\"}]}<\/script>\n<!-- \/ Yoast SEO plugin. -->","yoast_head_json":{"title":"Alkomprar inaugura tienda 25 en Medell\u00edn - Just Retail Latam","description":"Alkomprar abre su tienda 25 en Colombia en La Central de Medell\u00edn, con certificado inmersivo, ofertas, cr\u00e9dito \u00e1gil y generaci\u00f3n de empleo local, consolidando su presencia nacional.","robots":{"index":"index","follow":"follow","max-snippet":"max-snippet:-1","max-image-preview":"max-image-preview:large","max-video-preview":"max-video-preview:-1"},"canonical":"https:\/\/www.justretail.news\/latam\/noticias\/alkomprar-inaugura-tienda-25-en-medellin\/","og_locale":"es_ES","og_type":"article","og_title":"Alkomprar inaugura tienda 25 en Medell\u00edn - Just Retail Latam","og_description":"Alkomprar abre su tienda 25 en Colombia en La Central de Medell\u00edn, con certificado inmersivo, ofertas, cr\u00e9dito \u00e1gil y generaci\u00f3n de empleo local, consolidando su presencia nacional.","og_url":"https:\/\/www.justretail.news\/latam\/noticias\/alkomprar-inaugura-tienda-25-en-medellin\/","og_site_name":"Just Retail Latam","article_published_time":"2025-09-01T01:54:50+00:00","article_modified_time":"2025-11-08T22:49:57+00:00","og_image":[{"width":1200,"height":700,"url":"https:\/\/www.justretail.news\/latam\/wp-content\/uploads\/2025\/09\/35e2b01a14aa3379e3e9907bb995fc2c.webp","type":"image\/webp"}],"author":"redaccion","twitter_card":"summary_large_image","twitter_misc":{"Escrito por":"redaccion","Tiempo de lectura":"2 minutos"},"schema":{"@context":"https:\/\/schema.org","@graph":[{"@type":"Article","@id":"https:\/\/www.justretail.news\/latam\/noticias\/alkomprar-inaugura-tienda-25-en-medellin\/#article","isPartOf":{"@id":"https:\/\/www.justretail.news\/latam\/noticias\/alkomprar-inaugura-tienda-25-en-medellin\/"},"author":{"name":"redaccion","@id":"https:\/\/www.justretail.news\/latam\/#\/schema\/person\/c2656ce0a4e1c3a0cb63204b17bce2d2"},"headline":"Alkomprar inaugura tienda 25 en Medell\u00edn","datePublished":"2025-09-01T01:54:50+00:00","dateModified":"2025-11-08T22:49:57+00:00","mainEntityOfPage":{"@id":"https:\/\/www.justretail.news\/latam\/noticias\/alkomprar-inaugura-tienda-25-en-medellin\/"},"wordCount":370,"publisher":{"@id":"https:\/\/www.justretail.news\/latam\/#organization"},"image":{"@id":"https:\/\/www.justretail.news\/latam\/noticias\/alkomprar-inaugura-tienda-25-en-medellin\/#primaryimage"},"thumbnailUrl":"https:\/\/www.justretail.news\/latam\/wp-content\/uploads\/2025\/09\/35e2b01a14aa3379e3e9907bb995fc2c.webp","keywords":["Alkomprar","Aperturas","Colombia","expansi\u00f3n","retail"],"articleSection":["Ocio &amp; F&amp;B"],"inLanguage":"es"},{"@type":"WebPage","@id":"https:\/\/www.justretail.news\/latam\/noticias\/alkomprar-inaugura-tienda-25-en-medellin\/","url":"https:\/\/www.justretail.news\/latam\/noticias\/alkomprar-inaugura-tienda-25-en-medellin\/","name":"Alkomprar inaugura tienda 25 en Medell\u00edn - Just Retail Latam","isPartOf":{"@id":"https:\/\/www.justretail.news\/latam\/#website"},"primaryImageOfPage":{"@id":"https:\/\/www.justretail.news\/latam\/noticias\/alkomprar-inaugura-tienda-25-en-medellin\/#primaryimage"},"image":{"@id":"https:\/\/www.justretail.news\/latam\/noticias\/alkomprar-inaugura-tienda-25-en-medellin\/#primaryimage"},"thumbnailUrl":"https:\/\/www.justretail.news\/latam\/wp-content\/uploads\/2025\/09\/35e2b01a14aa3379e3e9907bb995fc2c.webp","datePublished":"2025-09-01T01:54:50+00:00","dateModified":"2025-11-08T22:49:57+00:00","description":"Alkomprar abre su tienda 25 en Colombia en La Central de Medell\u00edn, con certificado inmersivo, ofertas, cr\u00e9dito \u00e1gil y generaci\u00f3n de empleo local, consolidando su presencia nacional.","breadcrumb":{"@id":"https:\/\/www.justretail.news\/latam\/noticias\/alkomprar-inaugura-tienda-25-en-medellin\/#breadcrumb"},"inLanguage":"es","potentialAction":[{"@type":"ReadAction","target":["https:\/\/www.justretail.news\/latam\/noticias\/alkomprar-inaugura-tienda-25-en-medellin\/"]}]},{"@type":"ImageObject","inLanguage":"es","@id":"https:\/\/www.justretail.news\/latam\/noticias\/alkomprar-inaugura-tienda-25-en-medellin\/#primaryimage","url":"https:\/\/www.justretail.news\/latam\/wp-content\/uploads\/2025\/09\/35e2b01a14aa3379e3e9907bb995fc2c.webp","contentUrl":"https:\/\/www.justretail.news\/latam\/wp-content\/uploads\/2025\/09\/35e2b01a14aa3379e3e9907bb995fc2c.webp","width":1200,"height":700,"caption":"Alkomprar"},{"@type":"BreadcrumbList","@id":"https:\/\/www.justretail.news\/latam\/noticias\/alkomprar-inaugura-tienda-25-en-medellin\/#breadcrumb","itemListElement":[{"@type":"ListItem","position":1,"name":"Portada","item":"https:\/\/www.justretail.news\/latam\/"},{"@type":"ListItem","position":2,"name":"Alkomprar inaugura tienda 25 en Medell\u00edn"}]},{"@type":"WebSite","@id":"https:\/\/www.justretail.news\/latam\/#website","url":"https:\/\/www.justretail.news\/latam\/","name":"Just Retail Latam","description":"","publisher":{"@id":"https:\/\/www.justretail.news\/latam\/#organization"},"potentialAction":[{"@type":"SearchAction","target":{"@type":"EntryPoint","urlTemplate":"https:\/\/www.justretail.news\/latam\/?s={search_term_string}"},"query-input":{"@type":"PropertyValueSpecification","valueRequired":true,"valueName":"search_term_string"}}],"inLanguage":"es"},{"@type":"Organization","@id":"https:\/\/www.justretail.news\/latam\/#organization","name":"Just Retail Latam","url":"https:\/\/www.justretail.news\/latam\/","logo":{"@type":"ImageObject","inLanguage":"es","@id":"https:\/\/www.justretail.news\/latam\/#\/schema\/logo\/image\/","url":"https:\/\/www.justretail.news\/latam\/wp-content\/uploads\/2024\/05\/just-retail-logo-NEGRO-trans-latam-272x90_nuevo.png","contentUrl":"https:\/\/www.justretail.news\/latam\/wp-content\/uploads\/2024\/05\/just-retail-logo-NEGRO-trans-latam-272x90_nuevo.png","width":272,"height":90,"caption":"Just Retail Latam"},"image":{"@id":"https:\/\/www.justretail.news\/latam\/#\/schema\/logo\/image\/"}},{"@type":"Person","@id":"https:\/\/www.justretail.news\/latam\/#\/schema\/person\/c2656ce0a4e1c3a0cb63204b17bce2d2","name":"redaccion","image":{"@type":"ImageObject","inLanguage":"es","@id":"https:\/\/secure.gravatar.com\/avatar\/0af76fe7cdb55b1d9835c5dcb644cd298ff04e340eef9d71898a0f0a1ea867d0?s=96&d=mm&r=g","url":"https:\/\/secure.gravatar.com\/avatar\/0af76fe7cdb55b1d9835c5dcb644cd298ff04e340eef9d71898a0f0a1ea867d0?s=96&d=mm&r=g","contentUrl":"https:\/\/secure.gravatar.com\/avatar\/0af76fe7cdb55b1d9835c5dcb644cd298ff04e340eef9d71898a0f0a1ea867d0?s=96&d=mm&r=g","caption":"redaccion"},"url":"https:\/\/www.justretail.news\/latam\/noticias\/author\/redaccion\/"}]}},"jetpack_featured_media_url":"https:\/\/www.justretail.news\/latam\/wp-content\/uploads\/2025\/09\/35e2b01a14aa3379e3e9907bb995fc2c.webp","jetpack_sharing_enabled":true,"_links":{"self":[{"href":"https:\/\/www.justretail.news\/latam\/wp-json\/wp\/v2\/posts\/4287","targetHints":{"allow":["GET"]}}],"collection":[{"href":"https:\/\/www.justretail.news\/latam\/wp-json\/wp\/v2\/posts"}],"about":[{"href":"https:\/\/www.justretail.news\/latam\/wp-json\/wp\/v2\/types\/post"}],"author":[{"embeddable":true,"href":"https:\/\/www.justretail.news\/latam\/wp-json\/wp\/v2\/users\/3"}],"replies":[{"embeddable":true,"href":"https:\/\/www.justretail.news\/latam\/wp-json\/wp\/v2\/comments?post=4287"}],"version-history":[{"count":2,"href":"https:\/\/www.justretail.news\/latam\/wp-json\/wp\/v2\/posts\/4287\/revisions"}],"predecessor-version":[{"id":4291,"href":"https:\/\/www.justretail.news\/latam\/wp-json\/wp\/v2\/posts\/4287\/revisions\/4291"}],"wp:featuredmedia":[{"embeddable":true,"href":"https:\/\/www.justretail.news\/latam\/wp-json\/wp\/v2\/media\/4289"}],"wp:attachment":[{"href":"https:\/\/www.justretail.news\/latam\/wp-json\/wp\/v2\/media?parent=4287"}],"wp:term":[{"taxonomy":"category","embeddable":true,"href":"https:\/\/www.justretail.news\/latam\/wp-json\/wp\/v2\/categories?post=4287"},{"taxonomy":"post_tag","embeddable":true,"href":"https:\/\/www.justretail.news\/latam\/wp-json\/wp\/v2\/tags?post=4287"}],"curies":[{"name":"wp","href":"https:\/\/api.w.org\/{rel}","templated":true}]}}