{"id":4292,"date":"2025-09-01T04:24:10","date_gmt":"2025-09-01T02:24:10","guid":{"rendered":"https:\/\/www.justretail.news\/latam\/?p=4292"},"modified":"2025-11-08T23:49:57","modified_gmt":"2025-11-08T22:49:57","slug":"disney-inaugura-su-primera-tienda-independiente-en-latinoamerica","status":"publish","type":"post","link":"https:\/\/www.justretail.news\/latam\/noticias\/disney-inaugura-su-primera-tienda-independiente-en-latinoamerica\/","title":{"rendered":"Disney inaugura su primera tienda independiente en Latinoam\u00e9rica"},"content":{"rendered":"\n<p>Disney dio un paso significativo en su estrategia de retail al abrir su primera tienda independiente en Latinoam\u00e9rica,<strong> ubicada en el centro comercial Galer\u00edas Perisur de Ciudad de M\u00e9xico.<\/strong> En simult\u00e1neo, lanz\u00f3 su tienda en l\u00ednea y plataforma de e-commerce .br, marcando as\u00ed una entrada integral al mercado mexicano que va m\u00e1s all\u00e1 de lo transaccional.<\/p>\n\n\n\n<p>Para el vicepresidente global de productos de consumo, este lanzamiento representa un momento hist\u00f3rico. Destaca que el objetivo no es simplemente vender, sino \u201cconstruir una conexi\u00f3n duradera\u201d con un p\u00fablico que ha demostrado un v\u00ednculo especial con sus personajes e historias.<\/p>\n\n\n\n<figure class=\"wp-block-image size-full\"><img loading=\"lazy\" decoding=\"async\" width=\"936\" height=\"624\" src=\"https:\/\/www.justretail.news\/latam\/wp-content\/uploads\/2025\/09\/disneystore1.jpg\" alt=\"Disney\" class=\"wp-image-4294\" srcset=\"https:\/\/www.justretail.news\/latam\/wp-content\/uploads\/2025\/09\/disneystore1.jpg 936w, https:\/\/www.justretail.news\/latam\/wp-content\/uploads\/2025\/09\/disneystore1-300x200.jpg 300w, https:\/\/www.justretail.news\/latam\/wp-content\/uploads\/2025\/09\/disneystore1-768x512.jpg 768w, https:\/\/www.justretail.news\/latam\/wp-content\/uploads\/2025\/09\/disneystore1-630x420.jpg 630w, https:\/\/www.justretail.news\/latam\/wp-content\/uploads\/2025\/09\/disneystore1-150x100.jpg 150w, https:\/\/www.justretail.news\/latam\/wp-content\/uploads\/2025\/09\/disneystore1-696x464.jpg 696w\" sizes=\"auto, (max-width: 936px) 100vw, 936px\" \/><\/figure>\n\n\n\n<h3 class=\"wp-block-heading\"><strong>Retail experiencial con ra\u00edces locales<\/strong><\/h3>\n\n\n\n<p>La tienda, resultado de una<strong> alianza estrat\u00e9gica con Liverpool<\/strong>, integra elementos de dise\u00f1o emocional como ambientaci\u00f3n basada en castillos y pel\u00edculas ic\u00f3nicas, recreando en M\u00e9xico una experiencia cercana a la de los parques Disney. Esto busca fortalecer el factor emocional, convirtiendo la compra en una vivencia memorable.<\/p>\n\n\n\n<p>Disney adapta su formato global a gustos locales, combinando espacios ambientados con productos de Disney, Pixar, Marvel y Star Wars, mientras se ubica dentro de la narrativa de nostalgia y fantas\u00eda que caracteriza a la marca.<\/p>\n\n\n\n<h3 class=\"wp-block-heading\"><strong>Expansi\u00f3n prevista y visi\u00f3n omnicanal<\/strong><\/h3>\n\n\n\n<p>Este lanzamiento inicia una expansi\u00f3n planificada en M\u00e9xico. La siguiente apertura est\u00e1 prevista en Metepec el 5 de septiembre, consolidando un modelo omnicanal que integra la experiencia en tienda con opciones digitales.<\/p>\n\n\n\n<p>Con este formato, Disney refuerza su<strong> liderazgo en retail emocional y su capacidad para adaptarse al mercado latinoamericano<\/strong>, generando valor a trav\u00e9s de la nostalgia, la innovaci\u00f3n y una fuerte identidad cultural.<\/p>\n","protected":false},"excerpt":{"rendered":"<p>Disney dio un paso significativo en su estrategia de retail al abrir su primera tienda independiente en Latinoam\u00e9rica, ubicada en el centro comercial Galer\u00edas Perisur de Ciudad de M\u00e9xico. En simult\u00e1neo, lanz\u00f3 su tienda en l\u00ednea y plataforma de e-commerce .br, marcando as\u00ed una entrada integral al mercado mexicano que va m\u00e1s all\u00e1 de lo [&hellip;]<\/p>\n","protected":false},"author":3,"featured_media":4293,"comment_status":"closed","ping_status":"open","sticky":false,"template":"","format":"standard","meta":{"_jetpack_memberships_contains_paid_content":false,"footnotes":""},"categories":[59,38],"tags":[170,337,65,412,840],"class_list":{"0":"post-4292","1":"post","2":"type-post","3":"status-publish","4":"format-standard","5":"has-post-thumbnail","7":"category-destacadas","8":"category-ocio-fb","9":"tag-disney","10":"tag-e-commerce","11":"tag-expansion","12":"tag-latinoamerica","13":"tag-retail-experiencial"},"yoast_head":"<!-- This site is optimized with the Yoast SEO plugin v27.4 - https:\/\/yoast.com\/product\/yoast-seo-wordpress\/ -->\n<title>Disney inaugura su primera tienda independiente en Latinoam\u00e9rica - Just Retail Latam<\/title>\n<meta name=\"description\" content=\"Disney inaugura en CDMX su primera tienda independiente en Latinoam\u00e9rica y su e-commerce, apostando por experiencia omnicanal.\" \/>\n<meta name=\"robots\" content=\"index, follow, max-snippet:-1, max-image-preview:large, max-video-preview:-1\" \/>\n<link rel=\"canonical\" href=\"https:\/\/www.justretail.news\/latam\/noticias\/disney-inaugura-su-primera-tienda-independiente-en-latinoamerica\/\" \/>\n<meta property=\"og:locale\" content=\"es_ES\" \/>\n<meta property=\"og:type\" content=\"article\" \/>\n<meta property=\"og:title\" content=\"Disney inaugura su primera tienda independiente en Latinoam\u00e9rica - Just Retail Latam\" \/>\n<meta property=\"og:description\" content=\"Disney inaugura en CDMX su primera tienda independiente en Latinoam\u00e9rica y su e-commerce, apostando por experiencia omnicanal.\" \/>\n<meta property=\"og:url\" content=\"https:\/\/www.justretail.news\/latam\/noticias\/disney-inaugura-su-primera-tienda-independiente-en-latinoamerica\/\" \/>\n<meta property=\"og:site_name\" content=\"Just Retail Latam\" \/>\n<meta property=\"article:published_time\" content=\"2025-09-01T02:24:10+00:00\" \/>\n<meta property=\"article:modified_time\" content=\"2025-11-08T22:49:57+00:00\" \/>\n<meta property=\"og:image\" content=\"https:\/\/www.justretail.news\/latam\/wp-content\/uploads\/2025\/09\/10-1600x1067-1.jpg\" \/>\n\t<meta property=\"og:image:width\" content=\"1600\" \/>\n\t<meta property=\"og:image:height\" content=\"1067\" \/>\n\t<meta property=\"og:image:type\" content=\"image\/jpeg\" \/>\n<meta name=\"author\" content=\"redaccion\" \/>\n<meta name=\"twitter:card\" content=\"summary_large_image\" \/>\n<meta name=\"twitter:label1\" content=\"Escrito por\" \/>\n\t<meta name=\"twitter:data1\" content=\"redaccion\" \/>\n\t<meta name=\"twitter:label2\" content=\"Tiempo de lectura\" \/>\n\t<meta name=\"twitter:data2\" content=\"2 minutos\" \/>\n<script type=\"application\/ld+json\" class=\"yoast-schema-graph\">{\"@context\":\"https:\\\/\\\/schema.org\",\"@graph\":[{\"@type\":\"Article\",\"@id\":\"https:\\\/\\\/www.justretail.news\\\/latam\\\/noticias\\\/disney-inaugura-su-primera-tienda-independiente-en-latinoamerica\\\/#article\",\"isPartOf\":{\"@id\":\"https:\\\/\\\/www.justretail.news\\\/latam\\\/noticias\\\/disney-inaugura-su-primera-tienda-independiente-en-latinoamerica\\\/\"},\"author\":{\"name\":\"redaccion\",\"@id\":\"https:\\\/\\\/www.justretail.news\\\/latam\\\/#\\\/schema\\\/person\\\/c2656ce0a4e1c3a0cb63204b17bce2d2\"},\"headline\":\"Disney inaugura su primera tienda independiente en Latinoam\u00e9rica\",\"datePublished\":\"2025-09-01T02:24:10+00:00\",\"dateModified\":\"2025-11-08T22:49:57+00:00\",\"mainEntityOfPage\":{\"@id\":\"https:\\\/\\\/www.justretail.news\\\/latam\\\/noticias\\\/disney-inaugura-su-primera-tienda-independiente-en-latinoamerica\\\/\"},\"wordCount\":286,\"publisher\":{\"@id\":\"https:\\\/\\\/www.justretail.news\\\/latam\\\/#organization\"},\"image\":{\"@id\":\"https:\\\/\\\/www.justretail.news\\\/latam\\\/noticias\\\/disney-inaugura-su-primera-tienda-independiente-en-latinoamerica\\\/#primaryimage\"},\"thumbnailUrl\":\"https:\\\/\\\/www.justretail.news\\\/latam\\\/wp-content\\\/uploads\\\/2025\\\/09\\\/10-1600x1067-1.jpg\",\"keywords\":[\"Disney\",\"E-commerce\",\"expansi\u00f3n\",\"Latinoam\u00e9rica\",\"Retail Experiencial\"],\"articleSection\":[\"Destacadas\",\"Ocio &amp; F&amp;B\"],\"inLanguage\":\"es\"},{\"@type\":\"WebPage\",\"@id\":\"https:\\\/\\\/www.justretail.news\\\/latam\\\/noticias\\\/disney-inaugura-su-primera-tienda-independiente-en-latinoamerica\\\/\",\"url\":\"https:\\\/\\\/www.justretail.news\\\/latam\\\/noticias\\\/disney-inaugura-su-primera-tienda-independiente-en-latinoamerica\\\/\",\"name\":\"Disney inaugura su primera tienda independiente en Latinoam\u00e9rica - Just Retail Latam\",\"isPartOf\":{\"@id\":\"https:\\\/\\\/www.justretail.news\\\/latam\\\/#website\"},\"primaryImageOfPage\":{\"@id\":\"https:\\\/\\\/www.justretail.news\\\/latam\\\/noticias\\\/disney-inaugura-su-primera-tienda-independiente-en-latinoamerica\\\/#primaryimage\"},\"image\":{\"@id\":\"https:\\\/\\\/www.justretail.news\\\/latam\\\/noticias\\\/disney-inaugura-su-primera-tienda-independiente-en-latinoamerica\\\/#primaryimage\"},\"thumbnailUrl\":\"https:\\\/\\\/www.justretail.news\\\/latam\\\/wp-content\\\/uploads\\\/2025\\\/09\\\/10-1600x1067-1.jpg\",\"datePublished\":\"2025-09-01T02:24:10+00:00\",\"dateModified\":\"2025-11-08T22:49:57+00:00\",\"description\":\"Disney inaugura en CDMX su primera tienda independiente en Latinoam\u00e9rica y su e-commerce, apostando por experiencia omnicanal.\",\"breadcrumb\":{\"@id\":\"https:\\\/\\\/www.justretail.news\\\/latam\\\/noticias\\\/disney-inaugura-su-primera-tienda-independiente-en-latinoamerica\\\/#breadcrumb\"},\"inLanguage\":\"es\",\"potentialAction\":[{\"@type\":\"ReadAction\",\"target\":[\"https:\\\/\\\/www.justretail.news\\\/latam\\\/noticias\\\/disney-inaugura-su-primera-tienda-independiente-en-latinoamerica\\\/\"]}]},{\"@type\":\"ImageObject\",\"inLanguage\":\"es\",\"@id\":\"https:\\\/\\\/www.justretail.news\\\/latam\\\/noticias\\\/disney-inaugura-su-primera-tienda-independiente-en-latinoamerica\\\/#primaryimage\",\"url\":\"https:\\\/\\\/www.justretail.news\\\/latam\\\/wp-content\\\/uploads\\\/2025\\\/09\\\/10-1600x1067-1.jpg\",\"contentUrl\":\"https:\\\/\\\/www.justretail.news\\\/latam\\\/wp-content\\\/uploads\\\/2025\\\/09\\\/10-1600x1067-1.jpg\",\"width\":1600,\"height\":1067,\"caption\":\"Disney\"},{\"@type\":\"BreadcrumbList\",\"@id\":\"https:\\\/\\\/www.justretail.news\\\/latam\\\/noticias\\\/disney-inaugura-su-primera-tienda-independiente-en-latinoamerica\\\/#breadcrumb\",\"itemListElement\":[{\"@type\":\"ListItem\",\"position\":1,\"name\":\"Portada\",\"item\":\"https:\\\/\\\/www.justretail.news\\\/latam\\\/\"},{\"@type\":\"ListItem\",\"position\":2,\"name\":\"Disney inaugura su primera tienda independiente en Latinoam\u00e9rica\"}]},{\"@type\":\"WebSite\",\"@id\":\"https:\\\/\\\/www.justretail.news\\\/latam\\\/#website\",\"url\":\"https:\\\/\\\/www.justretail.news\\\/latam\\\/\",\"name\":\"Just Retail Latam\",\"description\":\"\",\"publisher\":{\"@id\":\"https:\\\/\\\/www.justretail.news\\\/latam\\\/#organization\"},\"potentialAction\":[{\"@type\":\"SearchAction\",\"target\":{\"@type\":\"EntryPoint\",\"urlTemplate\":\"https:\\\/\\\/www.justretail.news\\\/latam\\\/?s={search_term_string}\"},\"query-input\":{\"@type\":\"PropertyValueSpecification\",\"valueRequired\":true,\"valueName\":\"search_term_string\"}}],\"inLanguage\":\"es\"},{\"@type\":\"Organization\",\"@id\":\"https:\\\/\\\/www.justretail.news\\\/latam\\\/#organization\",\"name\":\"Just Retail Latam\",\"url\":\"https:\\\/\\\/www.justretail.news\\\/latam\\\/\",\"logo\":{\"@type\":\"ImageObject\",\"inLanguage\":\"es\",\"@id\":\"https:\\\/\\\/www.justretail.news\\\/latam\\\/#\\\/schema\\\/logo\\\/image\\\/\",\"url\":\"https:\\\/\\\/www.justretail.news\\\/latam\\\/wp-content\\\/uploads\\\/2024\\\/05\\\/just-retail-logo-NEGRO-trans-latam-272x90_nuevo.png\",\"contentUrl\":\"https:\\\/\\\/www.justretail.news\\\/latam\\\/wp-content\\\/uploads\\\/2024\\\/05\\\/just-retail-logo-NEGRO-trans-latam-272x90_nuevo.png\",\"width\":272,\"height\":90,\"caption\":\"Just Retail Latam\"},\"image\":{\"@id\":\"https:\\\/\\\/www.justretail.news\\\/latam\\\/#\\\/schema\\\/logo\\\/image\\\/\"}},{\"@type\":\"Person\",\"@id\":\"https:\\\/\\\/www.justretail.news\\\/latam\\\/#\\\/schema\\\/person\\\/c2656ce0a4e1c3a0cb63204b17bce2d2\",\"name\":\"redaccion\",\"image\":{\"@type\":\"ImageObject\",\"inLanguage\":\"es\",\"@id\":\"https:\\\/\\\/secure.gravatar.com\\\/avatar\\\/0af76fe7cdb55b1d9835c5dcb644cd298ff04e340eef9d71898a0f0a1ea867d0?s=96&d=mm&r=g\",\"url\":\"https:\\\/\\\/secure.gravatar.com\\\/avatar\\\/0af76fe7cdb55b1d9835c5dcb644cd298ff04e340eef9d71898a0f0a1ea867d0?s=96&d=mm&r=g\",\"contentUrl\":\"https:\\\/\\\/secure.gravatar.com\\\/avatar\\\/0af76fe7cdb55b1d9835c5dcb644cd298ff04e340eef9d71898a0f0a1ea867d0?s=96&d=mm&r=g\",\"caption\":\"redaccion\"},\"url\":\"https:\\\/\\\/www.justretail.news\\\/latam\\\/noticias\\\/author\\\/redaccion\\\/\"}]}<\/script>\n<!-- \/ Yoast SEO plugin. -->","yoast_head_json":{"title":"Disney inaugura su primera tienda independiente en Latinoam\u00e9rica - Just Retail Latam","description":"Disney inaugura en CDMX su primera tienda independiente en Latinoam\u00e9rica y su e-commerce, apostando por experiencia omnicanal.","robots":{"index":"index","follow":"follow","max-snippet":"max-snippet:-1","max-image-preview":"max-image-preview:large","max-video-preview":"max-video-preview:-1"},"canonical":"https:\/\/www.justretail.news\/latam\/noticias\/disney-inaugura-su-primera-tienda-independiente-en-latinoamerica\/","og_locale":"es_ES","og_type":"article","og_title":"Disney inaugura su primera tienda independiente en Latinoam\u00e9rica - Just Retail Latam","og_description":"Disney inaugura en CDMX su primera tienda independiente en Latinoam\u00e9rica y su e-commerce, apostando por experiencia omnicanal.","og_url":"https:\/\/www.justretail.news\/latam\/noticias\/disney-inaugura-su-primera-tienda-independiente-en-latinoamerica\/","og_site_name":"Just Retail Latam","article_published_time":"2025-09-01T02:24:10+00:00","article_modified_time":"2025-11-08T22:49:57+00:00","og_image":[{"width":1600,"height":1067,"url":"https:\/\/www.justretail.news\/latam\/wp-content\/uploads\/2025\/09\/10-1600x1067-1.jpg","type":"image\/jpeg"}],"author":"redaccion","twitter_card":"summary_large_image","twitter_misc":{"Escrito por":"redaccion","Tiempo de lectura":"2 minutos"},"schema":{"@context":"https:\/\/schema.org","@graph":[{"@type":"Article","@id":"https:\/\/www.justretail.news\/latam\/noticias\/disney-inaugura-su-primera-tienda-independiente-en-latinoamerica\/#article","isPartOf":{"@id":"https:\/\/www.justretail.news\/latam\/noticias\/disney-inaugura-su-primera-tienda-independiente-en-latinoamerica\/"},"author":{"name":"redaccion","@id":"https:\/\/www.justretail.news\/latam\/#\/schema\/person\/c2656ce0a4e1c3a0cb63204b17bce2d2"},"headline":"Disney inaugura su primera tienda independiente en Latinoam\u00e9rica","datePublished":"2025-09-01T02:24:10+00:00","dateModified":"2025-11-08T22:49:57+00:00","mainEntityOfPage":{"@id":"https:\/\/www.justretail.news\/latam\/noticias\/disney-inaugura-su-primera-tienda-independiente-en-latinoamerica\/"},"wordCount":286,"publisher":{"@id":"https:\/\/www.justretail.news\/latam\/#organization"},"image":{"@id":"https:\/\/www.justretail.news\/latam\/noticias\/disney-inaugura-su-primera-tienda-independiente-en-latinoamerica\/#primaryimage"},"thumbnailUrl":"https:\/\/www.justretail.news\/latam\/wp-content\/uploads\/2025\/09\/10-1600x1067-1.jpg","keywords":["Disney","E-commerce","expansi\u00f3n","Latinoam\u00e9rica","Retail Experiencial"],"articleSection":["Destacadas","Ocio &amp; F&amp;B"],"inLanguage":"es"},{"@type":"WebPage","@id":"https:\/\/www.justretail.news\/latam\/noticias\/disney-inaugura-su-primera-tienda-independiente-en-latinoamerica\/","url":"https:\/\/www.justretail.news\/latam\/noticias\/disney-inaugura-su-primera-tienda-independiente-en-latinoamerica\/","name":"Disney inaugura su primera tienda independiente en Latinoam\u00e9rica - Just Retail Latam","isPartOf":{"@id":"https:\/\/www.justretail.news\/latam\/#website"},"primaryImageOfPage":{"@id":"https:\/\/www.justretail.news\/latam\/noticias\/disney-inaugura-su-primera-tienda-independiente-en-latinoamerica\/#primaryimage"},"image":{"@id":"https:\/\/www.justretail.news\/latam\/noticias\/disney-inaugura-su-primera-tienda-independiente-en-latinoamerica\/#primaryimage"},"thumbnailUrl":"https:\/\/www.justretail.news\/latam\/wp-content\/uploads\/2025\/09\/10-1600x1067-1.jpg","datePublished":"2025-09-01T02:24:10+00:00","dateModified":"2025-11-08T22:49:57+00:00","description":"Disney inaugura en CDMX su primera tienda independiente en Latinoam\u00e9rica y su e-commerce, apostando por experiencia omnicanal.","breadcrumb":{"@id":"https:\/\/www.justretail.news\/latam\/noticias\/disney-inaugura-su-primera-tienda-independiente-en-latinoamerica\/#breadcrumb"},"inLanguage":"es","potentialAction":[{"@type":"ReadAction","target":["https:\/\/www.justretail.news\/latam\/noticias\/disney-inaugura-su-primera-tienda-independiente-en-latinoamerica\/"]}]},{"@type":"ImageObject","inLanguage":"es","@id":"https:\/\/www.justretail.news\/latam\/noticias\/disney-inaugura-su-primera-tienda-independiente-en-latinoamerica\/#primaryimage","url":"https:\/\/www.justretail.news\/latam\/wp-content\/uploads\/2025\/09\/10-1600x1067-1.jpg","contentUrl":"https:\/\/www.justretail.news\/latam\/wp-content\/uploads\/2025\/09\/10-1600x1067-1.jpg","width":1600,"height":1067,"caption":"Disney"},{"@type":"BreadcrumbList","@id":"https:\/\/www.justretail.news\/latam\/noticias\/disney-inaugura-su-primera-tienda-independiente-en-latinoamerica\/#breadcrumb","itemListElement":[{"@type":"ListItem","position":1,"name":"Portada","item":"https:\/\/www.justretail.news\/latam\/"},{"@type":"ListItem","position":2,"name":"Disney inaugura su primera tienda independiente en Latinoam\u00e9rica"}]},{"@type":"WebSite","@id":"https:\/\/www.justretail.news\/latam\/#website","url":"https:\/\/www.justretail.news\/latam\/","name":"Just Retail Latam","description":"","publisher":{"@id":"https:\/\/www.justretail.news\/latam\/#organization"},"potentialAction":[{"@type":"SearchAction","target":{"@type":"EntryPoint","urlTemplate":"https:\/\/www.justretail.news\/latam\/?s={search_term_string}"},"query-input":{"@type":"PropertyValueSpecification","valueRequired":true,"valueName":"search_term_string"}}],"inLanguage":"es"},{"@type":"Organization","@id":"https:\/\/www.justretail.news\/latam\/#organization","name":"Just Retail Latam","url":"https:\/\/www.justretail.news\/latam\/","logo":{"@type":"ImageObject","inLanguage":"es","@id":"https:\/\/www.justretail.news\/latam\/#\/schema\/logo\/image\/","url":"https:\/\/www.justretail.news\/latam\/wp-content\/uploads\/2024\/05\/just-retail-logo-NEGRO-trans-latam-272x90_nuevo.png","contentUrl":"https:\/\/www.justretail.news\/latam\/wp-content\/uploads\/2024\/05\/just-retail-logo-NEGRO-trans-latam-272x90_nuevo.png","width":272,"height":90,"caption":"Just Retail Latam"},"image":{"@id":"https:\/\/www.justretail.news\/latam\/#\/schema\/logo\/image\/"}},{"@type":"Person","@id":"https:\/\/www.justretail.news\/latam\/#\/schema\/person\/c2656ce0a4e1c3a0cb63204b17bce2d2","name":"redaccion","image":{"@type":"ImageObject","inLanguage":"es","@id":"https:\/\/secure.gravatar.com\/avatar\/0af76fe7cdb55b1d9835c5dcb644cd298ff04e340eef9d71898a0f0a1ea867d0?s=96&d=mm&r=g","url":"https:\/\/secure.gravatar.com\/avatar\/0af76fe7cdb55b1d9835c5dcb644cd298ff04e340eef9d71898a0f0a1ea867d0?s=96&d=mm&r=g","contentUrl":"https:\/\/secure.gravatar.com\/avatar\/0af76fe7cdb55b1d9835c5dcb644cd298ff04e340eef9d71898a0f0a1ea867d0?s=96&d=mm&r=g","caption":"redaccion"},"url":"https:\/\/www.justretail.news\/latam\/noticias\/author\/redaccion\/"}]}},"jetpack_featured_media_url":"https:\/\/www.justretail.news\/latam\/wp-content\/uploads\/2025\/09\/10-1600x1067-1.jpg","jetpack_sharing_enabled":true,"_links":{"self":[{"href":"https:\/\/www.justretail.news\/latam\/wp-json\/wp\/v2\/posts\/4292","targetHints":{"allow":["GET"]}}],"collection":[{"href":"https:\/\/www.justretail.news\/latam\/wp-json\/wp\/v2\/posts"}],"about":[{"href":"https:\/\/www.justretail.news\/latam\/wp-json\/wp\/v2\/types\/post"}],"author":[{"embeddable":true,"href":"https:\/\/www.justretail.news\/latam\/wp-json\/wp\/v2\/users\/3"}],"replies":[{"embeddable":true,"href":"https:\/\/www.justretail.news\/latam\/wp-json\/wp\/v2\/comments?post=4292"}],"version-history":[{"count":1,"href":"https:\/\/www.justretail.news\/latam\/wp-json\/wp\/v2\/posts\/4292\/revisions"}],"predecessor-version":[{"id":4295,"href":"https:\/\/www.justretail.news\/latam\/wp-json\/wp\/v2\/posts\/4292\/revisions\/4295"}],"wp:featuredmedia":[{"embeddable":true,"href":"https:\/\/www.justretail.news\/latam\/wp-json\/wp\/v2\/media\/4293"}],"wp:attachment":[{"href":"https:\/\/www.justretail.news\/latam\/wp-json\/wp\/v2\/media?parent=4292"}],"wp:term":[{"taxonomy":"category","embeddable":true,"href":"https:\/\/www.justretail.news\/latam\/wp-json\/wp\/v2\/categories?post=4292"},{"taxonomy":"post_tag","embeddable":true,"href":"https:\/\/www.justretail.news\/latam\/wp-json\/wp\/v2\/tags?post=4292"}],"curies":[{"name":"wp","href":"https:\/\/api.w.org\/{rel}","templated":true}]}}