{"id":4317,"date":"2025-09-04T08:00:08","date_gmt":"2025-09-04T06:00:08","guid":{"rendered":"https:\/\/www.justretail.news\/latam\/?p=4317"},"modified":"2025-11-08T23:49:57","modified_gmt":"2025-11-08T22:49:57","slug":"el-futuro-del-retail-y-los-centros-comerciales-vision-desde-el-retail-summit-2025","status":"publish","type":"post","link":"https:\/\/www.justretail.news\/latam\/noticias\/el-futuro-del-retail-y-los-centros-comerciales-vision-desde-el-retail-summit-2025\/","title":{"rendered":"El futuro del retail y los centros comerciales: visi\u00f3n desde el\u00a0Retail Summit 2025"},"content":{"rendered":"\n<p>El pasado 28 de agosto, en la inauguraci\u00f3n del\u00a0<strong>Retail Summit 2025<\/strong>\u00a0celebrado en la Ciudad de M\u00e9xico y organizado por la Revista Inmobiliare,\u00a0<strong>Jorge Lizan<\/strong>, Managing Director de Lizan Retail Advisors, ofreci\u00f3 una conferencia magistral que puso en perspectiva los grandes retos y oportunidades que vive hoy la industria del retail y los centros comerciales.<\/p>\n\n\n\n<p>Durante d\u00e9cadas, los malls han sido el coraz\u00f3n de la vida comercial y social en las ciudades. Sin embargo, frente a cambios acelerados en los h\u00e1bitos de consumo, la digitalizaci\u00f3n y la presi\u00f3n inflacionaria, se lleg\u00f3 a hablar de la \u201cmuerte del mall\u201d. Lizan fue categ\u00f3rico en desmentir este mito:&nbsp;<strong>\u201clos centros comerciales no est\u00e1n desapareciendo, est\u00e1n evolucionando\u201d.<\/strong><\/p>\n\n\n\n<h2 class=\"wp-block-heading\">Experiencias que trascienden la compra<\/h2>\n\n\n\n<p>El \u00e9xito en 2025 ya no se mide \u00fanicamente en precios o conveniencia, sino en la capacidad de crear momentos memorables que generen v\u00ednculos emocionales con los consumidores. Desde conceptos de retail experiencial \u2014que convierten la compra en un acto inmersivo\u2014 hasta el auge de pop-ups, probadores virtuales y activaciones interactivas, los centros comerciales se est\u00e1n transformando en destinos de entretenimiento, comunidad y estilo de vida.<\/p>\n\n\n\n<h2 class=\"wp-block-heading\">Omnicanalidad 2.0 y personalizaci\u00f3n<\/h2>\n\n\n\n<p>Jorge Lizan subray\u00f3 que la verdadera omnicanalidad va m\u00e1s all\u00e1 de unir la tienda f\u00edsica con la digital: se trata de dise\u00f1ar experiencias adaptativas y personalizadas en cada punto de contacto. Hoy, los datos, la inteligencia artificial y el servicio humano convergen para ofrecer interacciones a la medida.&nbsp;<\/p>\n\n\n\n<figure class=\"wp-block-image size-large\"><img loading=\"lazy\" decoding=\"async\" width=\"1024\" height=\"576\" src=\"https:\/\/www.justretail.news\/latam\/wp-content\/uploads\/2025\/09\/WhatsApp-Image-2025-09-02-at-11.02.46-AM-1024x576.jpeg\" alt=\"\" class=\"wp-image-4319\" srcset=\"https:\/\/www.justretail.news\/latam\/wp-content\/uploads\/2025\/09\/WhatsApp-Image-2025-09-02-at-11.02.46-AM-1024x576.jpeg 1024w, https:\/\/www.justretail.news\/latam\/wp-content\/uploads\/2025\/09\/WhatsApp-Image-2025-09-02-at-11.02.46-AM-300x169.jpeg 300w, https:\/\/www.justretail.news\/latam\/wp-content\/uploads\/2025\/09\/WhatsApp-Image-2025-09-02-at-11.02.46-AM-768x432.jpeg 768w, https:\/\/www.justretail.news\/latam\/wp-content\/uploads\/2025\/09\/WhatsApp-Image-2025-09-02-at-11.02.46-AM-747x420.jpeg 747w, https:\/\/www.justretail.news\/latam\/wp-content\/uploads\/2025\/09\/WhatsApp-Image-2025-09-02-at-11.02.46-AM-150x84.jpeg 150w, https:\/\/www.justretail.news\/latam\/wp-content\/uploads\/2025\/09\/WhatsApp-Image-2025-09-02-at-11.02.46-AM-696x392.jpeg 696w, https:\/\/www.justretail.news\/latam\/wp-content\/uploads\/2025\/09\/WhatsApp-Image-2025-09-02-at-11.02.46-AM-1068x601.jpeg 1068w, https:\/\/www.justretail.news\/latam\/wp-content\/uploads\/2025\/09\/WhatsApp-Image-2025-09-02-at-11.02.46-AM.jpeg 1280w\" sizes=\"auto, (max-width: 1024px) 100vw, 1024px\" \/><\/figure>\n\n\n\n<h2 class=\"wp-block-heading\">Usos mixtos y sostenibilidad<\/h2>\n\n\n\n<p>El crecimiento urbano y la densidad poblacional han dado paso a los proyectos de usos mixtos, que integran vivienda, oficinas, hoteles, gastronom\u00eda y retail en un mismo entorno. Esta tendencia, que ya domina el 85% de los nuevos desarrollos en M\u00e9xico, redefine a los centros comerciales como ecosistemas autosuficientes y generadores de comunidad.&nbsp;<\/p>\n\n\n\n<h2 class=\"wp-block-heading\">Retail experiencial: Del intercambio a la inmersi\u00f3n<\/h2>\n\n\n\n<p><br>Las tiendas est\u00e1n evolucionando de simples puntos de compra a destinos inmersivos. El retail experiencial prioriza interacciones significativas que construyen v\u00ednculos m\u00e1s profundos con los clientes.<\/p>\n\n\n\n<p>\u00bfEl resultado? Momentos que permanecen. El retail experiencial no solo vende productos: crea recuerdos que inspiran a los clientes a volver una y otra vez.<\/p>\n\n\n\n<figure class=\"wp-block-image size-large\"><img loading=\"lazy\" decoding=\"async\" width=\"1024\" height=\"768\" src=\"https:\/\/www.justretail.news\/latam\/wp-content\/uploads\/2025\/09\/WhatsApp-Image-2025-09-02-at-11.02.38-AM-1024x768.jpeg\" alt=\"\" class=\"wp-image-4318\" srcset=\"https:\/\/www.justretail.news\/latam\/wp-content\/uploads\/2025\/09\/WhatsApp-Image-2025-09-02-at-11.02.38-AM-1024x768.jpeg 1024w, https:\/\/www.justretail.news\/latam\/wp-content\/uploads\/2025\/09\/WhatsApp-Image-2025-09-02-at-11.02.38-AM-300x225.jpeg 300w, https:\/\/www.justretail.news\/latam\/wp-content\/uploads\/2025\/09\/WhatsApp-Image-2025-09-02-at-11.02.38-AM-768x576.jpeg 768w, https:\/\/www.justretail.news\/latam\/wp-content\/uploads\/2025\/09\/WhatsApp-Image-2025-09-02-at-11.02.38-AM-560x420.jpeg 560w, https:\/\/www.justretail.news\/latam\/wp-content\/uploads\/2025\/09\/WhatsApp-Image-2025-09-02-at-11.02.38-AM-80x60.jpeg 80w, https:\/\/www.justretail.news\/latam\/wp-content\/uploads\/2025\/09\/WhatsApp-Image-2025-09-02-at-11.02.38-AM-150x113.jpeg 150w, https:\/\/www.justretail.news\/latam\/wp-content\/uploads\/2025\/09\/WhatsApp-Image-2025-09-02-at-11.02.38-AM-696x522.jpeg 696w, https:\/\/www.justretail.news\/latam\/wp-content\/uploads\/2025\/09\/WhatsApp-Image-2025-09-02-at-11.02.38-AM-1068x801.jpeg 1068w, https:\/\/www.justretail.news\/latam\/wp-content\/uploads\/2025\/09\/WhatsApp-Image-2025-09-02-at-11.02.38-AM-265x198.jpeg 265w, https:\/\/www.justretail.news\/latam\/wp-content\/uploads\/2025\/09\/WhatsApp-Image-2025-09-02-at-11.02.38-AM.jpeg 1280w\" sizes=\"auto, (max-width: 1024px) 100vw, 1024px\" \/><\/figure>\n\n\n\n<h2 class=\"wp-block-heading\">M\u00e9xico en el mapa global del retail<\/h2>\n\n\n\n<p>La conferencia destac\u00f3 tambi\u00e9n el papel protag\u00f3nico de M\u00e9xico como un mercado estrat\u00e9gico. Grandes marcas internacionales \u2014desde Fabletics, AllSaints y Golden Goose hasta Joe &amp; The Juice o Pop Mart\u2014 est\u00e1n apostando por el pa\u00eds, atra\u00eddas por su dinamismo, sofisticaci\u00f3n y ubicaci\u00f3n privilegiada.<\/p>\n\n\n\n<p>Lizan cerr\u00f3 con una afirmaci\u00f3n contundente:&nbsp;<strong>\u201clos centros comerciales en Latinoam\u00e9rica no solo sobrevivir\u00e1n, seguir\u00e1n creciendo y reinvent\u00e1ndose\u201d.<\/strong>&nbsp;El reto para retailers y desarrolladores ser\u00e1 dise\u00f1ar espacios que combinen tecnolog\u00eda, innovaci\u00f3n y talento humano, donde la compra sea solo una parte de una experiencia m\u00e1s amplia y significativa.<\/p>\n\n\n\n<p>El Retail Summit 2025 dej\u00f3 claro que el futuro del retail no est\u00e1 en la desaparici\u00f3n de los centros comerciales, sino en su capacidad de adaptarse, innovar y conectar emocionalmente con las nuevas generaciones de consumidores.<\/p>\n","protected":false},"excerpt":{"rendered":"<p>El pasado 28 de agosto, en la inauguraci\u00f3n del\u00a0Retail Summit 2025\u00a0celebrado en la Ciudad de M\u00e9xico y organizado por la Revista Inmobiliare,\u00a0Jorge Lizan, Managing Director de Lizan Retail Advisors, ofreci\u00f3 una conferencia magistral que puso en perspectiva los grandes retos y oportunidades que vive hoy la industria del retail y los centros comerciales. Durante d\u00e9cadas, [&hellip;]<\/p>\n","protected":false},"author":3,"featured_media":4320,"comment_status":"closed","ping_status":"open","sticky":false,"template":"","format":"standard","meta":{"_jetpack_memberships_contains_paid_content":false,"footnotes":""},"categories":[59,58],"tags":[73,947,513,52,840,946],"class_list":{"0":"post-4317","1":"post","2":"type-post","3":"status-publish","4":"format-standard","5":"has-post-thumbnail","7":"category-destacadas","8":"category-eventos","9":"tag-centros-comerciales","10":"tag-jorge-lizan","11":"tag-lizan-retail-advisors","12":"tag-retail","13":"tag-retail-experiencial","14":"tag-retail-summit-2025"},"yoast_head":"<!-- This site is optimized with the Yoast SEO plugin v27.4 - https:\/\/yoast.com\/product\/yoast-seo-wordpress\/ -->\n<title>El futuro del retail y los centros comerciales: visi\u00f3n desde el\u00a0Retail Summit 2025 - Just Retail Latam<\/title>\n<meta name=\"description\" content=\"Jorge Lizan, Managing Director de Lizan Retail Advisors, ofreci\u00f3 una conferencia magistral que puso en perspectiva los grandes retos y oportunidades que vive hoy la industria del retail y centros comerciales.\" \/>\n<meta name=\"robots\" content=\"index, follow, max-snippet:-1, max-image-preview:large, max-video-preview:-1\" \/>\n<link rel=\"canonical\" href=\"https:\/\/www.justretail.news\/latam\/noticias\/el-futuro-del-retail-y-los-centros-comerciales-vision-desde-el-retail-summit-2025\/\" \/>\n<meta property=\"og:locale\" content=\"es_ES\" \/>\n<meta property=\"og:type\" content=\"article\" \/>\n<meta property=\"og:title\" content=\"El futuro del retail y los centros comerciales: visi\u00f3n desde el\u00a0Retail Summit 2025 - Just Retail Latam\" \/>\n<meta property=\"og:description\" content=\"Jorge Lizan, Managing Director de Lizan Retail Advisors, ofreci\u00f3 una conferencia magistral que puso en perspectiva los grandes retos y oportunidades que vive hoy la industria del retail y centros comerciales.\" \/>\n<meta property=\"og:url\" content=\"https:\/\/www.justretail.news\/latam\/noticias\/el-futuro-del-retail-y-los-centros-comerciales-vision-desde-el-retail-summit-2025\/\" \/>\n<meta property=\"og:site_name\" content=\"Just Retail Latam\" \/>\n<meta property=\"article:published_time\" content=\"2025-09-04T06:00:08+00:00\" \/>\n<meta property=\"article:modified_time\" content=\"2025-11-08T22:49:57+00:00\" \/>\n<meta property=\"og:image\" content=\"https:\/\/www.justretail.news\/latam\/wp-content\/uploads\/2025\/09\/WhatsApp-Image-2025-09-02-at-11.02.54-AM.jpeg\" \/>\n\t<meta property=\"og:image:width\" content=\"1280\" \/>\n\t<meta property=\"og:image:height\" content=\"960\" \/>\n\t<meta property=\"og:image:type\" content=\"image\/jpeg\" \/>\n<meta name=\"author\" content=\"redaccion\" \/>\n<meta name=\"twitter:card\" content=\"summary_large_image\" \/>\n<meta name=\"twitter:label1\" content=\"Escrito por\" \/>\n\t<meta name=\"twitter:data1\" content=\"redaccion\" \/>\n\t<meta name=\"twitter:label2\" content=\"Tiempo de lectura\" \/>\n\t<meta name=\"twitter:data2\" content=\"3 minutos\" \/>\n<script type=\"application\/ld+json\" class=\"yoast-schema-graph\">{\"@context\":\"https:\\\/\\\/schema.org\",\"@graph\":[{\"@type\":\"Article\",\"@id\":\"https:\\\/\\\/www.justretail.news\\\/latam\\\/noticias\\\/el-futuro-del-retail-y-los-centros-comerciales-vision-desde-el-retail-summit-2025\\\/#article\",\"isPartOf\":{\"@id\":\"https:\\\/\\\/www.justretail.news\\\/latam\\\/noticias\\\/el-futuro-del-retail-y-los-centros-comerciales-vision-desde-el-retail-summit-2025\\\/\"},\"author\":{\"name\":\"redaccion\",\"@id\":\"https:\\\/\\\/www.justretail.news\\\/latam\\\/#\\\/schema\\\/person\\\/c2656ce0a4e1c3a0cb63204b17bce2d2\"},\"headline\":\"El futuro del retail y los centros comerciales: visi\u00f3n desde el\u00a0Retail Summit 2025\",\"datePublished\":\"2025-09-04T06:00:08+00:00\",\"dateModified\":\"2025-11-08T22:49:57+00:00\",\"mainEntityOfPage\":{\"@id\":\"https:\\\/\\\/www.justretail.news\\\/latam\\\/noticias\\\/el-futuro-del-retail-y-los-centros-comerciales-vision-desde-el-retail-summit-2025\\\/\"},\"wordCount\":541,\"publisher\":{\"@id\":\"https:\\\/\\\/www.justretail.news\\\/latam\\\/#organization\"},\"image\":{\"@id\":\"https:\\\/\\\/www.justretail.news\\\/latam\\\/noticias\\\/el-futuro-del-retail-y-los-centros-comerciales-vision-desde-el-retail-summit-2025\\\/#primaryimage\"},\"thumbnailUrl\":\"https:\\\/\\\/www.justretail.news\\\/latam\\\/wp-content\\\/uploads\\\/2025\\\/09\\\/WhatsApp-Image-2025-09-02-at-11.02.54-AM.jpeg\",\"keywords\":[\"centros comerciales\",\"Jorge Lizan\",\"Lizan Retail Advisors\",\"retail\",\"Retail Experiencial\",\"Retail Summit 2025\"],\"articleSection\":[\"Destacadas\",\"Eventos\"],\"inLanguage\":\"es\"},{\"@type\":\"WebPage\",\"@id\":\"https:\\\/\\\/www.justretail.news\\\/latam\\\/noticias\\\/el-futuro-del-retail-y-los-centros-comerciales-vision-desde-el-retail-summit-2025\\\/\",\"url\":\"https:\\\/\\\/www.justretail.news\\\/latam\\\/noticias\\\/el-futuro-del-retail-y-los-centros-comerciales-vision-desde-el-retail-summit-2025\\\/\",\"name\":\"El futuro del retail y los centros comerciales: visi\u00f3n desde el\u00a0Retail Summit 2025 - Just Retail Latam\",\"isPartOf\":{\"@id\":\"https:\\\/\\\/www.justretail.news\\\/latam\\\/#website\"},\"primaryImageOfPage\":{\"@id\":\"https:\\\/\\\/www.justretail.news\\\/latam\\\/noticias\\\/el-futuro-del-retail-y-los-centros-comerciales-vision-desde-el-retail-summit-2025\\\/#primaryimage\"},\"image\":{\"@id\":\"https:\\\/\\\/www.justretail.news\\\/latam\\\/noticias\\\/el-futuro-del-retail-y-los-centros-comerciales-vision-desde-el-retail-summit-2025\\\/#primaryimage\"},\"thumbnailUrl\":\"https:\\\/\\\/www.justretail.news\\\/latam\\\/wp-content\\\/uploads\\\/2025\\\/09\\\/WhatsApp-Image-2025-09-02-at-11.02.54-AM.jpeg\",\"datePublished\":\"2025-09-04T06:00:08+00:00\",\"dateModified\":\"2025-11-08T22:49:57+00:00\",\"description\":\"Jorge Lizan, Managing Director de Lizan Retail Advisors, ofreci\u00f3 una conferencia magistral que puso en perspectiva los grandes retos y oportunidades que vive hoy la industria del retail y centros comerciales.\",\"breadcrumb\":{\"@id\":\"https:\\\/\\\/www.justretail.news\\\/latam\\\/noticias\\\/el-futuro-del-retail-y-los-centros-comerciales-vision-desde-el-retail-summit-2025\\\/#breadcrumb\"},\"inLanguage\":\"es\",\"potentialAction\":[{\"@type\":\"ReadAction\",\"target\":[\"https:\\\/\\\/www.justretail.news\\\/latam\\\/noticias\\\/el-futuro-del-retail-y-los-centros-comerciales-vision-desde-el-retail-summit-2025\\\/\"]}]},{\"@type\":\"ImageObject\",\"inLanguage\":\"es\",\"@id\":\"https:\\\/\\\/www.justretail.news\\\/latam\\\/noticias\\\/el-futuro-del-retail-y-los-centros-comerciales-vision-desde-el-retail-summit-2025\\\/#primaryimage\",\"url\":\"https:\\\/\\\/www.justretail.news\\\/latam\\\/wp-content\\\/uploads\\\/2025\\\/09\\\/WhatsApp-Image-2025-09-02-at-11.02.54-AM.jpeg\",\"contentUrl\":\"https:\\\/\\\/www.justretail.news\\\/latam\\\/wp-content\\\/uploads\\\/2025\\\/09\\\/WhatsApp-Image-2025-09-02-at-11.02.54-AM.jpeg\",\"width\":1280,\"height\":960,\"caption\":\"Retail Summit 2025\"},{\"@type\":\"BreadcrumbList\",\"@id\":\"https:\\\/\\\/www.justretail.news\\\/latam\\\/noticias\\\/el-futuro-del-retail-y-los-centros-comerciales-vision-desde-el-retail-summit-2025\\\/#breadcrumb\",\"itemListElement\":[{\"@type\":\"ListItem\",\"position\":1,\"name\":\"Portada\",\"item\":\"https:\\\/\\\/www.justretail.news\\\/latam\\\/\"},{\"@type\":\"ListItem\",\"position\":2,\"name\":\"El futuro del retail y los centros comerciales: visi\u00f3n desde el\u00a0Retail Summit 2025\"}]},{\"@type\":\"WebSite\",\"@id\":\"https:\\\/\\\/www.justretail.news\\\/latam\\\/#website\",\"url\":\"https:\\\/\\\/www.justretail.news\\\/latam\\\/\",\"name\":\"Just Retail Latam\",\"description\":\"\",\"publisher\":{\"@id\":\"https:\\\/\\\/www.justretail.news\\\/latam\\\/#organization\"},\"potentialAction\":[{\"@type\":\"SearchAction\",\"target\":{\"@type\":\"EntryPoint\",\"urlTemplate\":\"https:\\\/\\\/www.justretail.news\\\/latam\\\/?s={search_term_string}\"},\"query-input\":{\"@type\":\"PropertyValueSpecification\",\"valueRequired\":true,\"valueName\":\"search_term_string\"}}],\"inLanguage\":\"es\"},{\"@type\":\"Organization\",\"@id\":\"https:\\\/\\\/www.justretail.news\\\/latam\\\/#organization\",\"name\":\"Just Retail Latam\",\"url\":\"https:\\\/\\\/www.justretail.news\\\/latam\\\/\",\"logo\":{\"@type\":\"ImageObject\",\"inLanguage\":\"es\",\"@id\":\"https:\\\/\\\/www.justretail.news\\\/latam\\\/#\\\/schema\\\/logo\\\/image\\\/\",\"url\":\"https:\\\/\\\/www.justretail.news\\\/latam\\\/wp-content\\\/uploads\\\/2024\\\/05\\\/just-retail-logo-NEGRO-trans-latam-272x90_nuevo.png\",\"contentUrl\":\"https:\\\/\\\/www.justretail.news\\\/latam\\\/wp-content\\\/uploads\\\/2024\\\/05\\\/just-retail-logo-NEGRO-trans-latam-272x90_nuevo.png\",\"width\":272,\"height\":90,\"caption\":\"Just Retail Latam\"},\"image\":{\"@id\":\"https:\\\/\\\/www.justretail.news\\\/latam\\\/#\\\/schema\\\/logo\\\/image\\\/\"}},{\"@type\":\"Person\",\"@id\":\"https:\\\/\\\/www.justretail.news\\\/latam\\\/#\\\/schema\\\/person\\\/c2656ce0a4e1c3a0cb63204b17bce2d2\",\"name\":\"redaccion\",\"image\":{\"@type\":\"ImageObject\",\"inLanguage\":\"es\",\"@id\":\"https:\\\/\\\/secure.gravatar.com\\\/avatar\\\/0af76fe7cdb55b1d9835c5dcb644cd298ff04e340eef9d71898a0f0a1ea867d0?s=96&d=mm&r=g\",\"url\":\"https:\\\/\\\/secure.gravatar.com\\\/avatar\\\/0af76fe7cdb55b1d9835c5dcb644cd298ff04e340eef9d71898a0f0a1ea867d0?s=96&d=mm&r=g\",\"contentUrl\":\"https:\\\/\\\/secure.gravatar.com\\\/avatar\\\/0af76fe7cdb55b1d9835c5dcb644cd298ff04e340eef9d71898a0f0a1ea867d0?s=96&d=mm&r=g\",\"caption\":\"redaccion\"},\"url\":\"https:\\\/\\\/www.justretail.news\\\/latam\\\/noticias\\\/author\\\/redaccion\\\/\"}]}<\/script>\n<!-- \/ Yoast SEO plugin. -->","yoast_head_json":{"title":"El futuro del retail y los centros comerciales: visi\u00f3n desde el\u00a0Retail Summit 2025 - Just Retail Latam","description":"Jorge Lizan, Managing Director de Lizan Retail Advisors, ofreci\u00f3 una conferencia magistral que puso en perspectiva los grandes retos y oportunidades que vive hoy la industria del retail y centros comerciales.","robots":{"index":"index","follow":"follow","max-snippet":"max-snippet:-1","max-image-preview":"max-image-preview:large","max-video-preview":"max-video-preview:-1"},"canonical":"https:\/\/www.justretail.news\/latam\/noticias\/el-futuro-del-retail-y-los-centros-comerciales-vision-desde-el-retail-summit-2025\/","og_locale":"es_ES","og_type":"article","og_title":"El futuro del retail y los centros comerciales: visi\u00f3n desde el\u00a0Retail Summit 2025 - Just Retail Latam","og_description":"Jorge Lizan, Managing Director de Lizan Retail Advisors, ofreci\u00f3 una conferencia magistral que puso en perspectiva los grandes retos y oportunidades que vive hoy la industria del retail y centros comerciales.","og_url":"https:\/\/www.justretail.news\/latam\/noticias\/el-futuro-del-retail-y-los-centros-comerciales-vision-desde-el-retail-summit-2025\/","og_site_name":"Just Retail Latam","article_published_time":"2025-09-04T06:00:08+00:00","article_modified_time":"2025-11-08T22:49:57+00:00","og_image":[{"width":1280,"height":960,"url":"https:\/\/www.justretail.news\/latam\/wp-content\/uploads\/2025\/09\/WhatsApp-Image-2025-09-02-at-11.02.54-AM.jpeg","type":"image\/jpeg"}],"author":"redaccion","twitter_card":"summary_large_image","twitter_misc":{"Escrito por":"redaccion","Tiempo de lectura":"3 minutos"},"schema":{"@context":"https:\/\/schema.org","@graph":[{"@type":"Article","@id":"https:\/\/www.justretail.news\/latam\/noticias\/el-futuro-del-retail-y-los-centros-comerciales-vision-desde-el-retail-summit-2025\/#article","isPartOf":{"@id":"https:\/\/www.justretail.news\/latam\/noticias\/el-futuro-del-retail-y-los-centros-comerciales-vision-desde-el-retail-summit-2025\/"},"author":{"name":"redaccion","@id":"https:\/\/www.justretail.news\/latam\/#\/schema\/person\/c2656ce0a4e1c3a0cb63204b17bce2d2"},"headline":"El futuro del retail y los centros comerciales: visi\u00f3n desde el\u00a0Retail Summit 2025","datePublished":"2025-09-04T06:00:08+00:00","dateModified":"2025-11-08T22:49:57+00:00","mainEntityOfPage":{"@id":"https:\/\/www.justretail.news\/latam\/noticias\/el-futuro-del-retail-y-los-centros-comerciales-vision-desde-el-retail-summit-2025\/"},"wordCount":541,"publisher":{"@id":"https:\/\/www.justretail.news\/latam\/#organization"},"image":{"@id":"https:\/\/www.justretail.news\/latam\/noticias\/el-futuro-del-retail-y-los-centros-comerciales-vision-desde-el-retail-summit-2025\/#primaryimage"},"thumbnailUrl":"https:\/\/www.justretail.news\/latam\/wp-content\/uploads\/2025\/09\/WhatsApp-Image-2025-09-02-at-11.02.54-AM.jpeg","keywords":["centros comerciales","Jorge Lizan","Lizan Retail Advisors","retail","Retail Experiencial","Retail Summit 2025"],"articleSection":["Destacadas","Eventos"],"inLanguage":"es"},{"@type":"WebPage","@id":"https:\/\/www.justretail.news\/latam\/noticias\/el-futuro-del-retail-y-los-centros-comerciales-vision-desde-el-retail-summit-2025\/","url":"https:\/\/www.justretail.news\/latam\/noticias\/el-futuro-del-retail-y-los-centros-comerciales-vision-desde-el-retail-summit-2025\/","name":"El futuro del retail y los centros comerciales: visi\u00f3n desde el\u00a0Retail Summit 2025 - Just Retail Latam","isPartOf":{"@id":"https:\/\/www.justretail.news\/latam\/#website"},"primaryImageOfPage":{"@id":"https:\/\/www.justretail.news\/latam\/noticias\/el-futuro-del-retail-y-los-centros-comerciales-vision-desde-el-retail-summit-2025\/#primaryimage"},"image":{"@id":"https:\/\/www.justretail.news\/latam\/noticias\/el-futuro-del-retail-y-los-centros-comerciales-vision-desde-el-retail-summit-2025\/#primaryimage"},"thumbnailUrl":"https:\/\/www.justretail.news\/latam\/wp-content\/uploads\/2025\/09\/WhatsApp-Image-2025-09-02-at-11.02.54-AM.jpeg","datePublished":"2025-09-04T06:00:08+00:00","dateModified":"2025-11-08T22:49:57+00:00","description":"Jorge Lizan, Managing Director de Lizan Retail Advisors, ofreci\u00f3 una conferencia magistral que puso en perspectiva los grandes retos y oportunidades que vive hoy la industria del retail y centros comerciales.","breadcrumb":{"@id":"https:\/\/www.justretail.news\/latam\/noticias\/el-futuro-del-retail-y-los-centros-comerciales-vision-desde-el-retail-summit-2025\/#breadcrumb"},"inLanguage":"es","potentialAction":[{"@type":"ReadAction","target":["https:\/\/www.justretail.news\/latam\/noticias\/el-futuro-del-retail-y-los-centros-comerciales-vision-desde-el-retail-summit-2025\/"]}]},{"@type":"ImageObject","inLanguage":"es","@id":"https:\/\/www.justretail.news\/latam\/noticias\/el-futuro-del-retail-y-los-centros-comerciales-vision-desde-el-retail-summit-2025\/#primaryimage","url":"https:\/\/www.justretail.news\/latam\/wp-content\/uploads\/2025\/09\/WhatsApp-Image-2025-09-02-at-11.02.54-AM.jpeg","contentUrl":"https:\/\/www.justretail.news\/latam\/wp-content\/uploads\/2025\/09\/WhatsApp-Image-2025-09-02-at-11.02.54-AM.jpeg","width":1280,"height":960,"caption":"Retail Summit 2025"},{"@type":"BreadcrumbList","@id":"https:\/\/www.justretail.news\/latam\/noticias\/el-futuro-del-retail-y-los-centros-comerciales-vision-desde-el-retail-summit-2025\/#breadcrumb","itemListElement":[{"@type":"ListItem","position":1,"name":"Portada","item":"https:\/\/www.justretail.news\/latam\/"},{"@type":"ListItem","position":2,"name":"El futuro del retail y los centros comerciales: visi\u00f3n desde el\u00a0Retail Summit 2025"}]},{"@type":"WebSite","@id":"https:\/\/www.justretail.news\/latam\/#website","url":"https:\/\/www.justretail.news\/latam\/","name":"Just Retail Latam","description":"","publisher":{"@id":"https:\/\/www.justretail.news\/latam\/#organization"},"potentialAction":[{"@type":"SearchAction","target":{"@type":"EntryPoint","urlTemplate":"https:\/\/www.justretail.news\/latam\/?s={search_term_string}"},"query-input":{"@type":"PropertyValueSpecification","valueRequired":true,"valueName":"search_term_string"}}],"inLanguage":"es"},{"@type":"Organization","@id":"https:\/\/www.justretail.news\/latam\/#organization","name":"Just Retail Latam","url":"https:\/\/www.justretail.news\/latam\/","logo":{"@type":"ImageObject","inLanguage":"es","@id":"https:\/\/www.justretail.news\/latam\/#\/schema\/logo\/image\/","url":"https:\/\/www.justretail.news\/latam\/wp-content\/uploads\/2024\/05\/just-retail-logo-NEGRO-trans-latam-272x90_nuevo.png","contentUrl":"https:\/\/www.justretail.news\/latam\/wp-content\/uploads\/2024\/05\/just-retail-logo-NEGRO-trans-latam-272x90_nuevo.png","width":272,"height":90,"caption":"Just Retail Latam"},"image":{"@id":"https:\/\/www.justretail.news\/latam\/#\/schema\/logo\/image\/"}},{"@type":"Person","@id":"https:\/\/www.justretail.news\/latam\/#\/schema\/person\/c2656ce0a4e1c3a0cb63204b17bce2d2","name":"redaccion","image":{"@type":"ImageObject","inLanguage":"es","@id":"https:\/\/secure.gravatar.com\/avatar\/0af76fe7cdb55b1d9835c5dcb644cd298ff04e340eef9d71898a0f0a1ea867d0?s=96&d=mm&r=g","url":"https:\/\/secure.gravatar.com\/avatar\/0af76fe7cdb55b1d9835c5dcb644cd298ff04e340eef9d71898a0f0a1ea867d0?s=96&d=mm&r=g","contentUrl":"https:\/\/secure.gravatar.com\/avatar\/0af76fe7cdb55b1d9835c5dcb644cd298ff04e340eef9d71898a0f0a1ea867d0?s=96&d=mm&r=g","caption":"redaccion"},"url":"https:\/\/www.justretail.news\/latam\/noticias\/author\/redaccion\/"}]}},"jetpack_featured_media_url":"https:\/\/www.justretail.news\/latam\/wp-content\/uploads\/2025\/09\/WhatsApp-Image-2025-09-02-at-11.02.54-AM.jpeg","jetpack_sharing_enabled":true,"_links":{"self":[{"href":"https:\/\/www.justretail.news\/latam\/wp-json\/wp\/v2\/posts\/4317","targetHints":{"allow":["GET"]}}],"collection":[{"href":"https:\/\/www.justretail.news\/latam\/wp-json\/wp\/v2\/posts"}],"about":[{"href":"https:\/\/www.justretail.news\/latam\/wp-json\/wp\/v2\/types\/post"}],"author":[{"embeddable":true,"href":"https:\/\/www.justretail.news\/latam\/wp-json\/wp\/v2\/users\/3"}],"replies":[{"embeddable":true,"href":"https:\/\/www.justretail.news\/latam\/wp-json\/wp\/v2\/comments?post=4317"}],"version-history":[{"count":1,"href":"https:\/\/www.justretail.news\/latam\/wp-json\/wp\/v2\/posts\/4317\/revisions"}],"predecessor-version":[{"id":4321,"href":"https:\/\/www.justretail.news\/latam\/wp-json\/wp\/v2\/posts\/4317\/revisions\/4321"}],"wp:featuredmedia":[{"embeddable":true,"href":"https:\/\/www.justretail.news\/latam\/wp-json\/wp\/v2\/media\/4320"}],"wp:attachment":[{"href":"https:\/\/www.justretail.news\/latam\/wp-json\/wp\/v2\/media?parent=4317"}],"wp:term":[{"taxonomy":"category","embeddable":true,"href":"https:\/\/www.justretail.news\/latam\/wp-json\/wp\/v2\/categories?post=4317"},{"taxonomy":"post_tag","embeddable":true,"href":"https:\/\/www.justretail.news\/latam\/wp-json\/wp\/v2\/tags?post=4317"}],"curies":[{"name":"wp","href":"https:\/\/api.w.org\/{rel}","templated":true}]}}