{"id":4322,"date":"2025-09-05T21:53:53","date_gmt":"2025-09-05T19:53:53","guid":{"rendered":"https:\/\/www.justretail.news\/latam\/?p=4322"},"modified":"2025-11-08T23:49:57","modified_gmt":"2025-11-08T22:49:57","slug":"el-panorama-cambiante-del-retail-en-america-latina-insights-del-retail-summit-2025","status":"publish","type":"post","link":"https:\/\/www.justretail.news\/latam\/noticias\/el-panorama-cambiante-del-retail-en-america-latina-insights-del-retail-summit-2025\/","title":{"rendered":"El panorama cambiante del Retail en Am\u00e9rica Latina: insights del Retail Summit 2025"},"content":{"rendered":"\n<p>En el marco del&nbsp;<strong>Retail Summit<\/strong>&nbsp;organizado por la revista Inmobiliare,&nbsp;<strong>Jorge Lizan,&nbsp;<\/strong>Managing Director de Lizan Retail Advisors (LRA), tuvo la oportunidad de moderar el panel&nbsp;<strong>\u201cEl panorama cambiante del Retail en Am\u00e9rica Latina\u201d<\/strong>, donde destacados empresarios del sector compartieron su visi\u00f3n sobre las tendencias y desaf\u00edos que enfrenta la industria en la regi\u00f3n.<\/p>\n\n\n\n<p><strong>Beatriz de los Mozos<\/strong>, fundadora y CEO de la marca de calzado Flabelus, relat\u00f3 c\u00f3mo su negocio naci\u00f3 de una necesidad personal: \u201cYo empec\u00e9 este negocio de forma circunstancial, porque quer\u00eda un zapato c\u00f3modo pero formal, y por eso pens\u00e9 en la alpargata espa\u00f1ola\u201d. Su enfoque innovador y su curiosidad constante le han permitido superar obst\u00e1culos que parec\u00edan imposibles: \u201cA veces las cosas aparentemente no se pueden, y resulta que s\u00ed se pueden\u201d. Beatriz destac\u00f3 tambi\u00e9n la fidelidad de sus clientes y el rol de M\u00e9xico como puerta de entrada para la expansi\u00f3n de la moda espa\u00f1ola en la regi\u00f3n.<\/p>\n\n\n\n<p>Por su parte,&nbsp;<strong>Eduardo Dubost<\/strong>, CEO y Partner de Ikal y Caballer\u00eda, comparti\u00f3 su perspectiva sobre un p\u00fablico aspiracional y las oportunidades en el nicho de marcas exclusivas: \u201cLo m\u00edo ha sido una aventura. Nuestro enfoque es proponer un dise\u00f1o m\u00e1s exclusivo, de nicho, con marcas que muchas veces los consumidores nunca han visto y con el trabajo de dise\u00f1adores independientes\u201d. Su visi\u00f3n refleja c\u00f3mo la diferenciaci\u00f3n y la autenticidad se han convertido en factores clave para conectar con nuevos segmentos.<\/p>\n\n\n\n<figure class=\"wp-block-image size-large\"><img loading=\"lazy\" decoding=\"async\" width=\"1024\" height=\"476\" src=\"https:\/\/www.justretail.news\/latam\/wp-content\/uploads\/2025\/09\/WhatsApp-Image-2025-09-02-at-12.47.10-PM-1024x476.jpeg\" alt=\"Retail Summit\" class=\"wp-image-4325\" srcset=\"https:\/\/www.justretail.news\/latam\/wp-content\/uploads\/2025\/09\/WhatsApp-Image-2025-09-02-at-12.47.10-PM-1024x476.jpeg 1024w, https:\/\/www.justretail.news\/latam\/wp-content\/uploads\/2025\/09\/WhatsApp-Image-2025-09-02-at-12.47.10-PM-300x139.jpeg 300w, https:\/\/www.justretail.news\/latam\/wp-content\/uploads\/2025\/09\/WhatsApp-Image-2025-09-02-at-12.47.10-PM-768x357.jpeg 768w, https:\/\/www.justretail.news\/latam\/wp-content\/uploads\/2025\/09\/WhatsApp-Image-2025-09-02-at-12.47.10-PM-1536x713.jpeg 1536w, https:\/\/www.justretail.news\/latam\/wp-content\/uploads\/2025\/09\/WhatsApp-Image-2025-09-02-at-12.47.10-PM-904x420.jpeg 904w, https:\/\/www.justretail.news\/latam\/wp-content\/uploads\/2025\/09\/WhatsApp-Image-2025-09-02-at-12.47.10-PM-150x70.jpeg 150w, https:\/\/www.justretail.news\/latam\/wp-content\/uploads\/2025\/09\/WhatsApp-Image-2025-09-02-at-12.47.10-PM-696x323.jpeg 696w, https:\/\/www.justretail.news\/latam\/wp-content\/uploads\/2025\/09\/WhatsApp-Image-2025-09-02-at-12.47.10-PM-1068x496.jpeg 1068w, https:\/\/www.justretail.news\/latam\/wp-content\/uploads\/2025\/09\/WhatsApp-Image-2025-09-02-at-12.47.10-PM.jpeg 1600w\" sizes=\"auto, (max-width: 1024px) 100vw, 1024px\" \/><\/figure>\n\n\n\n<p><strong>Eduardo El Mann,&nbsp;<\/strong><strong>Vicepresidente ejecutivo de Allux,<\/strong>&nbsp;subray\u00f3 los cambios culturales acelerados que impactan la infraestructura y la experiencia de los centros comerciales: \u201cEstamos tratando de obedecer a los cambios culturales, que van demasiado r\u00e1pido y requieren una infraestructura distinta de centro comercial, ahora m\u00e1s enfocada a centros experienciales. La autenticidad de las cosas, no solo los productos, se ha vuelto fundamental. Por eso nos interesa traer conceptos innovadores que respondan a estas tendencias\u201d.<\/p>\n\n\n\n<p><strong>Fernando Saucedo<\/strong>, Presidente de Don Nino y CEO de iHop, habl\u00f3 de la importancia de la autenticidad y la experiencia de producto: \u201cQuisimos traer una experiencia de helado m\u00e1s real a M\u00e9xico y para eso deb\u00edamos traerla directamente de Italia, donde se produce el mejor helado, con t\u00e9cnicas muy diferentes a las que usamos aqu\u00ed y por eso se llama Gelato\u201d. Su visi\u00f3n resalta c\u00f3mo la experiencia de consumo puede ser diferenciadora en el retail moderno.<\/p>\n\n\n\n<figure class=\"wp-block-image size-large\"><img loading=\"lazy\" decoding=\"async\" width=\"1024\" height=\"768\" src=\"https:\/\/www.justretail.news\/latam\/wp-content\/uploads\/2025\/09\/WhatsApp-Image-2025-09-02-at-12.45.51-PM-1024x768.jpeg\" alt=\"Retail Summit\" class=\"wp-image-4323\" srcset=\"https:\/\/www.justretail.news\/latam\/wp-content\/uploads\/2025\/09\/WhatsApp-Image-2025-09-02-at-12.45.51-PM-1024x768.jpeg 1024w, https:\/\/www.justretail.news\/latam\/wp-content\/uploads\/2025\/09\/WhatsApp-Image-2025-09-02-at-12.45.51-PM-300x225.jpeg 300w, https:\/\/www.justretail.news\/latam\/wp-content\/uploads\/2025\/09\/WhatsApp-Image-2025-09-02-at-12.45.51-PM-768x576.jpeg 768w, https:\/\/www.justretail.news\/latam\/wp-content\/uploads\/2025\/09\/WhatsApp-Image-2025-09-02-at-12.45.51-PM-560x420.jpeg 560w, https:\/\/www.justretail.news\/latam\/wp-content\/uploads\/2025\/09\/WhatsApp-Image-2025-09-02-at-12.45.51-PM-80x60.jpeg 80w, https:\/\/www.justretail.news\/latam\/wp-content\/uploads\/2025\/09\/WhatsApp-Image-2025-09-02-at-12.45.51-PM-150x113.jpeg 150w, https:\/\/www.justretail.news\/latam\/wp-content\/uploads\/2025\/09\/WhatsApp-Image-2025-09-02-at-12.45.51-PM-696x522.jpeg 696w, https:\/\/www.justretail.news\/latam\/wp-content\/uploads\/2025\/09\/WhatsApp-Image-2025-09-02-at-12.45.51-PM-1068x801.jpeg 1068w, https:\/\/www.justretail.news\/latam\/wp-content\/uploads\/2025\/09\/WhatsApp-Image-2025-09-02-at-12.45.51-PM-265x198.jpeg 265w, https:\/\/www.justretail.news\/latam\/wp-content\/uploads\/2025\/09\/WhatsApp-Image-2025-09-02-at-12.45.51-PM.jpeg 1280w\" sizes=\"auto, (max-width: 1024px) 100vw, 1024px\" \/><\/figure>\n\n\n\n<p>Finalmente,&nbsp;<strong>Marco Balice,&nbsp;<\/strong><strong>Senior Director of consumer Latam &amp; Business Development de Golden Goose,<\/strong>destac\u00f3 la importancia de crear espacios que conecten con la comunidad: \u201cEstamos obsesionados por lo que el cliente pide\u2026 d\u00f3nde hace su shopping\u2026 d\u00f3nde come\u2026 Buscamos esta casa en la colonia Roma para convertirla en un espacio de co-creaci\u00f3n, y m\u00e1s que una tienda es un espacio para crear comunidad. Nuestra marca invita a co-crear tus propios zapatos\u201d.<\/p>\n\n\n\n<p>El panel moderado por&nbsp;<strong>Jorge Lizan&nbsp;<\/strong>permiti\u00f3 mostrar c\u00f3mo la creatividad, la innovaci\u00f3n y la adaptaci\u00f3n a nuevas tendencias culturales son ahora esenciales para competir en el retail latinoamericano, poniendo al cliente y la experiencia en el centro de todas las decisiones.<\/p>\n","protected":false},"excerpt":{"rendered":"<p>En el marco del&nbsp;Retail Summit&nbsp;organizado por la revista Inmobiliare,&nbsp;Jorge Lizan,&nbsp;Managing Director de Lizan Retail Advisors (LRA), tuvo la oportunidad de moderar el panel&nbsp;\u201cEl panorama cambiante del Retail en Am\u00e9rica Latina\u201d, donde destacados empresarios del sector compartieron su visi\u00f3n sobre las tendencias y desaf\u00edos que enfrenta la industria en la regi\u00f3n. Beatriz de los Mozos, fundadora [&hellip;]<\/p>\n","protected":false},"author":3,"featured_media":4324,"comment_status":"closed","ping_status":"open","sticky":false,"template":"","format":"standard","meta":{"_jetpack_memberships_contains_paid_content":false,"footnotes":""},"categories":[59,58],"tags":[947,513,52,892],"class_list":{"0":"post-4322","1":"post","2":"type-post","3":"status-publish","4":"format-standard","5":"has-post-thumbnail","7":"category-destacadas","8":"category-eventos","9":"tag-jorge-lizan","10":"tag-lizan-retail-advisors","11":"tag-retail","12":"tag-retail-summit"},"yoast_head":"<!-- This site is optimized with the Yoast SEO plugin v27.4 - https:\/\/yoast.com\/product\/yoast-seo-wordpress\/ -->\n<title>El panorama cambiante del Retail en Am\u00e9rica Latina: insights del Retail Summit 2025 - Just Retail Latam<\/title>\n<meta name=\"description\" content=\"Destacados empresarios del sector compartieron su visi\u00f3n sobre las tendencias y desaf\u00edos que enfrenta la industria en la regi\u00f3n.\" \/>\n<meta name=\"robots\" content=\"index, follow, max-snippet:-1, max-image-preview:large, max-video-preview:-1\" \/>\n<link rel=\"canonical\" href=\"https:\/\/www.justretail.news\/latam\/noticias\/el-panorama-cambiante-del-retail-en-america-latina-insights-del-retail-summit-2025\/\" \/>\n<meta property=\"og:locale\" content=\"es_ES\" \/>\n<meta property=\"og:type\" content=\"article\" \/>\n<meta property=\"og:title\" content=\"El panorama cambiante del Retail en Am\u00e9rica Latina: insights del Retail Summit 2025 - Just Retail Latam\" \/>\n<meta property=\"og:description\" content=\"Destacados empresarios del sector compartieron su visi\u00f3n sobre las tendencias y desaf\u00edos que enfrenta la industria en la regi\u00f3n.\" \/>\n<meta property=\"og:url\" content=\"https:\/\/www.justretail.news\/latam\/noticias\/el-panorama-cambiante-del-retail-en-america-latina-insights-del-retail-summit-2025\/\" \/>\n<meta property=\"og:site_name\" content=\"Just Retail Latam\" \/>\n<meta property=\"article:published_time\" content=\"2025-09-05T19:53:53+00:00\" \/>\n<meta property=\"article:modified_time\" content=\"2025-11-08T22:49:57+00:00\" \/>\n<meta property=\"og:image\" content=\"https:\/\/www.justretail.news\/latam\/wp-content\/uploads\/2025\/09\/WhatsApp-Image-2025-09-02-at-12.46.16-PM.jpeg\" \/>\n\t<meta property=\"og:image:width\" content=\"1280\" \/>\n\t<meta property=\"og:image:height\" content=\"960\" \/>\n\t<meta property=\"og:image:type\" content=\"image\/jpeg\" \/>\n<meta name=\"author\" content=\"redaccion\" \/>\n<meta name=\"twitter:card\" content=\"summary_large_image\" \/>\n<meta name=\"twitter:label1\" content=\"Escrito por\" \/>\n\t<meta name=\"twitter:data1\" content=\"redaccion\" \/>\n\t<meta name=\"twitter:label2\" content=\"Tiempo de lectura\" \/>\n\t<meta name=\"twitter:data2\" content=\"3 minutos\" \/>\n<script type=\"application\/ld+json\" class=\"yoast-schema-graph\">{\"@context\":\"https:\\\/\\\/schema.org\",\"@graph\":[{\"@type\":\"Article\",\"@id\":\"https:\\\/\\\/www.justretail.news\\\/latam\\\/noticias\\\/el-panorama-cambiante-del-retail-en-america-latina-insights-del-retail-summit-2025\\\/#article\",\"isPartOf\":{\"@id\":\"https:\\\/\\\/www.justretail.news\\\/latam\\\/noticias\\\/el-panorama-cambiante-del-retail-en-america-latina-insights-del-retail-summit-2025\\\/\"},\"author\":{\"name\":\"redaccion\",\"@id\":\"https:\\\/\\\/www.justretail.news\\\/latam\\\/#\\\/schema\\\/person\\\/c2656ce0a4e1c3a0cb63204b17bce2d2\"},\"headline\":\"El panorama cambiante del Retail en Am\u00e9rica Latina: insights del Retail Summit 2025\",\"datePublished\":\"2025-09-05T19:53:53+00:00\",\"dateModified\":\"2025-11-08T22:49:57+00:00\",\"mainEntityOfPage\":{\"@id\":\"https:\\\/\\\/www.justretail.news\\\/latam\\\/noticias\\\/el-panorama-cambiante-del-retail-en-america-latina-insights-del-retail-summit-2025\\\/\"},\"wordCount\":564,\"publisher\":{\"@id\":\"https:\\\/\\\/www.justretail.news\\\/latam\\\/#organization\"},\"image\":{\"@id\":\"https:\\\/\\\/www.justretail.news\\\/latam\\\/noticias\\\/el-panorama-cambiante-del-retail-en-america-latina-insights-del-retail-summit-2025\\\/#primaryimage\"},\"thumbnailUrl\":\"https:\\\/\\\/www.justretail.news\\\/latam\\\/wp-content\\\/uploads\\\/2025\\\/09\\\/WhatsApp-Image-2025-09-02-at-12.46.16-PM.jpeg\",\"keywords\":[\"Jorge Lizan\",\"Lizan Retail Advisors\",\"retail\",\"Retail Summit\"],\"articleSection\":[\"Destacadas\",\"Eventos\"],\"inLanguage\":\"es\"},{\"@type\":\"WebPage\",\"@id\":\"https:\\\/\\\/www.justretail.news\\\/latam\\\/noticias\\\/el-panorama-cambiante-del-retail-en-america-latina-insights-del-retail-summit-2025\\\/\",\"url\":\"https:\\\/\\\/www.justretail.news\\\/latam\\\/noticias\\\/el-panorama-cambiante-del-retail-en-america-latina-insights-del-retail-summit-2025\\\/\",\"name\":\"El panorama cambiante del Retail en Am\u00e9rica Latina: insights del Retail Summit 2025 - Just Retail Latam\",\"isPartOf\":{\"@id\":\"https:\\\/\\\/www.justretail.news\\\/latam\\\/#website\"},\"primaryImageOfPage\":{\"@id\":\"https:\\\/\\\/www.justretail.news\\\/latam\\\/noticias\\\/el-panorama-cambiante-del-retail-en-america-latina-insights-del-retail-summit-2025\\\/#primaryimage\"},\"image\":{\"@id\":\"https:\\\/\\\/www.justretail.news\\\/latam\\\/noticias\\\/el-panorama-cambiante-del-retail-en-america-latina-insights-del-retail-summit-2025\\\/#primaryimage\"},\"thumbnailUrl\":\"https:\\\/\\\/www.justretail.news\\\/latam\\\/wp-content\\\/uploads\\\/2025\\\/09\\\/WhatsApp-Image-2025-09-02-at-12.46.16-PM.jpeg\",\"datePublished\":\"2025-09-05T19:53:53+00:00\",\"dateModified\":\"2025-11-08T22:49:57+00:00\",\"description\":\"Destacados empresarios del sector compartieron su visi\u00f3n sobre las tendencias y desaf\u00edos que enfrenta la industria en la regi\u00f3n.\",\"breadcrumb\":{\"@id\":\"https:\\\/\\\/www.justretail.news\\\/latam\\\/noticias\\\/el-panorama-cambiante-del-retail-en-america-latina-insights-del-retail-summit-2025\\\/#breadcrumb\"},\"inLanguage\":\"es\",\"potentialAction\":[{\"@type\":\"ReadAction\",\"target\":[\"https:\\\/\\\/www.justretail.news\\\/latam\\\/noticias\\\/el-panorama-cambiante-del-retail-en-america-latina-insights-del-retail-summit-2025\\\/\"]}]},{\"@type\":\"ImageObject\",\"inLanguage\":\"es\",\"@id\":\"https:\\\/\\\/www.justretail.news\\\/latam\\\/noticias\\\/el-panorama-cambiante-del-retail-en-america-latina-insights-del-retail-summit-2025\\\/#primaryimage\",\"url\":\"https:\\\/\\\/www.justretail.news\\\/latam\\\/wp-content\\\/uploads\\\/2025\\\/09\\\/WhatsApp-Image-2025-09-02-at-12.46.16-PM.jpeg\",\"contentUrl\":\"https:\\\/\\\/www.justretail.news\\\/latam\\\/wp-content\\\/uploads\\\/2025\\\/09\\\/WhatsApp-Image-2025-09-02-at-12.46.16-PM.jpeg\",\"width\":1280,\"height\":960,\"caption\":\"Retail Summit\"},{\"@type\":\"BreadcrumbList\",\"@id\":\"https:\\\/\\\/www.justretail.news\\\/latam\\\/noticias\\\/el-panorama-cambiante-del-retail-en-america-latina-insights-del-retail-summit-2025\\\/#breadcrumb\",\"itemListElement\":[{\"@type\":\"ListItem\",\"position\":1,\"name\":\"Portada\",\"item\":\"https:\\\/\\\/www.justretail.news\\\/latam\\\/\"},{\"@type\":\"ListItem\",\"position\":2,\"name\":\"El panorama cambiante del Retail en Am\u00e9rica Latina: insights del Retail Summit 2025\"}]},{\"@type\":\"WebSite\",\"@id\":\"https:\\\/\\\/www.justretail.news\\\/latam\\\/#website\",\"url\":\"https:\\\/\\\/www.justretail.news\\\/latam\\\/\",\"name\":\"Just Retail Latam\",\"description\":\"\",\"publisher\":{\"@id\":\"https:\\\/\\\/www.justretail.news\\\/latam\\\/#organization\"},\"potentialAction\":[{\"@type\":\"SearchAction\",\"target\":{\"@type\":\"EntryPoint\",\"urlTemplate\":\"https:\\\/\\\/www.justretail.news\\\/latam\\\/?s={search_term_string}\"},\"query-input\":{\"@type\":\"PropertyValueSpecification\",\"valueRequired\":true,\"valueName\":\"search_term_string\"}}],\"inLanguage\":\"es\"},{\"@type\":\"Organization\",\"@id\":\"https:\\\/\\\/www.justretail.news\\\/latam\\\/#organization\",\"name\":\"Just Retail Latam\",\"url\":\"https:\\\/\\\/www.justretail.news\\\/latam\\\/\",\"logo\":{\"@type\":\"ImageObject\",\"inLanguage\":\"es\",\"@id\":\"https:\\\/\\\/www.justretail.news\\\/latam\\\/#\\\/schema\\\/logo\\\/image\\\/\",\"url\":\"https:\\\/\\\/www.justretail.news\\\/latam\\\/wp-content\\\/uploads\\\/2024\\\/05\\\/just-retail-logo-NEGRO-trans-latam-272x90_nuevo.png\",\"contentUrl\":\"https:\\\/\\\/www.justretail.news\\\/latam\\\/wp-content\\\/uploads\\\/2024\\\/05\\\/just-retail-logo-NEGRO-trans-latam-272x90_nuevo.png\",\"width\":272,\"height\":90,\"caption\":\"Just Retail Latam\"},\"image\":{\"@id\":\"https:\\\/\\\/www.justretail.news\\\/latam\\\/#\\\/schema\\\/logo\\\/image\\\/\"}},{\"@type\":\"Person\",\"@id\":\"https:\\\/\\\/www.justretail.news\\\/latam\\\/#\\\/schema\\\/person\\\/c2656ce0a4e1c3a0cb63204b17bce2d2\",\"name\":\"redaccion\",\"image\":{\"@type\":\"ImageObject\",\"inLanguage\":\"es\",\"@id\":\"https:\\\/\\\/secure.gravatar.com\\\/avatar\\\/0af76fe7cdb55b1d9835c5dcb644cd298ff04e340eef9d71898a0f0a1ea867d0?s=96&d=mm&r=g\",\"url\":\"https:\\\/\\\/secure.gravatar.com\\\/avatar\\\/0af76fe7cdb55b1d9835c5dcb644cd298ff04e340eef9d71898a0f0a1ea867d0?s=96&d=mm&r=g\",\"contentUrl\":\"https:\\\/\\\/secure.gravatar.com\\\/avatar\\\/0af76fe7cdb55b1d9835c5dcb644cd298ff04e340eef9d71898a0f0a1ea867d0?s=96&d=mm&r=g\",\"caption\":\"redaccion\"},\"url\":\"https:\\\/\\\/www.justretail.news\\\/latam\\\/noticias\\\/author\\\/redaccion\\\/\"}]}<\/script>\n<!-- \/ Yoast SEO plugin. -->","yoast_head_json":{"title":"El panorama cambiante del Retail en Am\u00e9rica Latina: insights del Retail Summit 2025 - Just Retail Latam","description":"Destacados empresarios del sector compartieron su visi\u00f3n sobre las tendencias y desaf\u00edos que enfrenta la industria en la regi\u00f3n.","robots":{"index":"index","follow":"follow","max-snippet":"max-snippet:-1","max-image-preview":"max-image-preview:large","max-video-preview":"max-video-preview:-1"},"canonical":"https:\/\/www.justretail.news\/latam\/noticias\/el-panorama-cambiante-del-retail-en-america-latina-insights-del-retail-summit-2025\/","og_locale":"es_ES","og_type":"article","og_title":"El panorama cambiante del Retail en Am\u00e9rica Latina: insights del Retail Summit 2025 - Just Retail Latam","og_description":"Destacados empresarios del sector compartieron su visi\u00f3n sobre las tendencias y desaf\u00edos que enfrenta la industria en la regi\u00f3n.","og_url":"https:\/\/www.justretail.news\/latam\/noticias\/el-panorama-cambiante-del-retail-en-america-latina-insights-del-retail-summit-2025\/","og_site_name":"Just Retail Latam","article_published_time":"2025-09-05T19:53:53+00:00","article_modified_time":"2025-11-08T22:49:57+00:00","og_image":[{"width":1280,"height":960,"url":"https:\/\/www.justretail.news\/latam\/wp-content\/uploads\/2025\/09\/WhatsApp-Image-2025-09-02-at-12.46.16-PM.jpeg","type":"image\/jpeg"}],"author":"redaccion","twitter_card":"summary_large_image","twitter_misc":{"Escrito por":"redaccion","Tiempo de lectura":"3 minutos"},"schema":{"@context":"https:\/\/schema.org","@graph":[{"@type":"Article","@id":"https:\/\/www.justretail.news\/latam\/noticias\/el-panorama-cambiante-del-retail-en-america-latina-insights-del-retail-summit-2025\/#article","isPartOf":{"@id":"https:\/\/www.justretail.news\/latam\/noticias\/el-panorama-cambiante-del-retail-en-america-latina-insights-del-retail-summit-2025\/"},"author":{"name":"redaccion","@id":"https:\/\/www.justretail.news\/latam\/#\/schema\/person\/c2656ce0a4e1c3a0cb63204b17bce2d2"},"headline":"El panorama cambiante del Retail en Am\u00e9rica Latina: insights del Retail Summit 2025","datePublished":"2025-09-05T19:53:53+00:00","dateModified":"2025-11-08T22:49:57+00:00","mainEntityOfPage":{"@id":"https:\/\/www.justretail.news\/latam\/noticias\/el-panorama-cambiante-del-retail-en-america-latina-insights-del-retail-summit-2025\/"},"wordCount":564,"publisher":{"@id":"https:\/\/www.justretail.news\/latam\/#organization"},"image":{"@id":"https:\/\/www.justretail.news\/latam\/noticias\/el-panorama-cambiante-del-retail-en-america-latina-insights-del-retail-summit-2025\/#primaryimage"},"thumbnailUrl":"https:\/\/www.justretail.news\/latam\/wp-content\/uploads\/2025\/09\/WhatsApp-Image-2025-09-02-at-12.46.16-PM.jpeg","keywords":["Jorge Lizan","Lizan Retail Advisors","retail","Retail Summit"],"articleSection":["Destacadas","Eventos"],"inLanguage":"es"},{"@type":"WebPage","@id":"https:\/\/www.justretail.news\/latam\/noticias\/el-panorama-cambiante-del-retail-en-america-latina-insights-del-retail-summit-2025\/","url":"https:\/\/www.justretail.news\/latam\/noticias\/el-panorama-cambiante-del-retail-en-america-latina-insights-del-retail-summit-2025\/","name":"El panorama cambiante del Retail en Am\u00e9rica Latina: insights del Retail Summit 2025 - Just Retail Latam","isPartOf":{"@id":"https:\/\/www.justretail.news\/latam\/#website"},"primaryImageOfPage":{"@id":"https:\/\/www.justretail.news\/latam\/noticias\/el-panorama-cambiante-del-retail-en-america-latina-insights-del-retail-summit-2025\/#primaryimage"},"image":{"@id":"https:\/\/www.justretail.news\/latam\/noticias\/el-panorama-cambiante-del-retail-en-america-latina-insights-del-retail-summit-2025\/#primaryimage"},"thumbnailUrl":"https:\/\/www.justretail.news\/latam\/wp-content\/uploads\/2025\/09\/WhatsApp-Image-2025-09-02-at-12.46.16-PM.jpeg","datePublished":"2025-09-05T19:53:53+00:00","dateModified":"2025-11-08T22:49:57+00:00","description":"Destacados empresarios del sector compartieron su visi\u00f3n sobre las tendencias y desaf\u00edos que enfrenta la industria en la regi\u00f3n.","breadcrumb":{"@id":"https:\/\/www.justretail.news\/latam\/noticias\/el-panorama-cambiante-del-retail-en-america-latina-insights-del-retail-summit-2025\/#breadcrumb"},"inLanguage":"es","potentialAction":[{"@type":"ReadAction","target":["https:\/\/www.justretail.news\/latam\/noticias\/el-panorama-cambiante-del-retail-en-america-latina-insights-del-retail-summit-2025\/"]}]},{"@type":"ImageObject","inLanguage":"es","@id":"https:\/\/www.justretail.news\/latam\/noticias\/el-panorama-cambiante-del-retail-en-america-latina-insights-del-retail-summit-2025\/#primaryimage","url":"https:\/\/www.justretail.news\/latam\/wp-content\/uploads\/2025\/09\/WhatsApp-Image-2025-09-02-at-12.46.16-PM.jpeg","contentUrl":"https:\/\/www.justretail.news\/latam\/wp-content\/uploads\/2025\/09\/WhatsApp-Image-2025-09-02-at-12.46.16-PM.jpeg","width":1280,"height":960,"caption":"Retail Summit"},{"@type":"BreadcrumbList","@id":"https:\/\/www.justretail.news\/latam\/noticias\/el-panorama-cambiante-del-retail-en-america-latina-insights-del-retail-summit-2025\/#breadcrumb","itemListElement":[{"@type":"ListItem","position":1,"name":"Portada","item":"https:\/\/www.justretail.news\/latam\/"},{"@type":"ListItem","position":2,"name":"El panorama cambiante del Retail en Am\u00e9rica Latina: insights del Retail Summit 2025"}]},{"@type":"WebSite","@id":"https:\/\/www.justretail.news\/latam\/#website","url":"https:\/\/www.justretail.news\/latam\/","name":"Just Retail Latam","description":"","publisher":{"@id":"https:\/\/www.justretail.news\/latam\/#organization"},"potentialAction":[{"@type":"SearchAction","target":{"@type":"EntryPoint","urlTemplate":"https:\/\/www.justretail.news\/latam\/?s={search_term_string}"},"query-input":{"@type":"PropertyValueSpecification","valueRequired":true,"valueName":"search_term_string"}}],"inLanguage":"es"},{"@type":"Organization","@id":"https:\/\/www.justretail.news\/latam\/#organization","name":"Just Retail Latam","url":"https:\/\/www.justretail.news\/latam\/","logo":{"@type":"ImageObject","inLanguage":"es","@id":"https:\/\/www.justretail.news\/latam\/#\/schema\/logo\/image\/","url":"https:\/\/www.justretail.news\/latam\/wp-content\/uploads\/2024\/05\/just-retail-logo-NEGRO-trans-latam-272x90_nuevo.png","contentUrl":"https:\/\/www.justretail.news\/latam\/wp-content\/uploads\/2024\/05\/just-retail-logo-NEGRO-trans-latam-272x90_nuevo.png","width":272,"height":90,"caption":"Just Retail Latam"},"image":{"@id":"https:\/\/www.justretail.news\/latam\/#\/schema\/logo\/image\/"}},{"@type":"Person","@id":"https:\/\/www.justretail.news\/latam\/#\/schema\/person\/c2656ce0a4e1c3a0cb63204b17bce2d2","name":"redaccion","image":{"@type":"ImageObject","inLanguage":"es","@id":"https:\/\/secure.gravatar.com\/avatar\/0af76fe7cdb55b1d9835c5dcb644cd298ff04e340eef9d71898a0f0a1ea867d0?s=96&d=mm&r=g","url":"https:\/\/secure.gravatar.com\/avatar\/0af76fe7cdb55b1d9835c5dcb644cd298ff04e340eef9d71898a0f0a1ea867d0?s=96&d=mm&r=g","contentUrl":"https:\/\/secure.gravatar.com\/avatar\/0af76fe7cdb55b1d9835c5dcb644cd298ff04e340eef9d71898a0f0a1ea867d0?s=96&d=mm&r=g","caption":"redaccion"},"url":"https:\/\/www.justretail.news\/latam\/noticias\/author\/redaccion\/"}]}},"jetpack_featured_media_url":"https:\/\/www.justretail.news\/latam\/wp-content\/uploads\/2025\/09\/WhatsApp-Image-2025-09-02-at-12.46.16-PM.jpeg","jetpack_sharing_enabled":true,"_links":{"self":[{"href":"https:\/\/www.justretail.news\/latam\/wp-json\/wp\/v2\/posts\/4322","targetHints":{"allow":["GET"]}}],"collection":[{"href":"https:\/\/www.justretail.news\/latam\/wp-json\/wp\/v2\/posts"}],"about":[{"href":"https:\/\/www.justretail.news\/latam\/wp-json\/wp\/v2\/types\/post"}],"author":[{"embeddable":true,"href":"https:\/\/www.justretail.news\/latam\/wp-json\/wp\/v2\/users\/3"}],"replies":[{"embeddable":true,"href":"https:\/\/www.justretail.news\/latam\/wp-json\/wp\/v2\/comments?post=4322"}],"version-history":[{"count":1,"href":"https:\/\/www.justretail.news\/latam\/wp-json\/wp\/v2\/posts\/4322\/revisions"}],"predecessor-version":[{"id":4326,"href":"https:\/\/www.justretail.news\/latam\/wp-json\/wp\/v2\/posts\/4322\/revisions\/4326"}],"wp:featuredmedia":[{"embeddable":true,"href":"https:\/\/www.justretail.news\/latam\/wp-json\/wp\/v2\/media\/4324"}],"wp:attachment":[{"href":"https:\/\/www.justretail.news\/latam\/wp-json\/wp\/v2\/media?parent=4322"}],"wp:term":[{"taxonomy":"category","embeddable":true,"href":"https:\/\/www.justretail.news\/latam\/wp-json\/wp\/v2\/categories?post=4322"},{"taxonomy":"post_tag","embeddable":true,"href":"https:\/\/www.justretail.news\/latam\/wp-json\/wp\/v2\/tags?post=4322"}],"curies":[{"name":"wp","href":"https:\/\/api.w.org\/{rel}","templated":true}]}}