{"id":4825,"date":"2025-12-09T20:30:47","date_gmt":"2025-12-09T19:30:47","guid":{"rendered":"https:\/\/www.justretail.news\/latam\/?p=4825"},"modified":"2025-12-09T20:30:48","modified_gmt":"2025-12-09T19:30:48","slug":"el-centro-comercial-la-barra-mall-se-renueva-de-cara-al-verano-con-siete-nuevos-locales","status":"publish","type":"post","link":"https:\/\/www.justretail.news\/latam\/noticias\/el-centro-comercial-la-barra-mall-se-renueva-de-cara-al-verano-con-siete-nuevos-locales\/","title":{"rendered":"El centro comercial La Barra Mall se renueva de cara al verano con siete nuevos locales"},"content":{"rendered":"\n<p>El grupo inversor La Barra Mall ha iniciado la reactivaci\u00f3n del hist\u00f3rico centro comercial de Punta del Este, Uruguay. En la previa a una nueva temporada de verano y vacaciones, el complejo sumar\u00e1 siete locales en su primera etapa de reactivaci\u00f3n.<\/p>\n\n\n\n<p><strong>Entre las marcas que estar\u00e1n presentes en La Barra Mall se encuentran la espa\u00f1ola Meller, la uruguaya Be Ganesha<\/strong>, Rex Mix, Chivito Rex o Glassy Wines. La cadena de fitness Tao tambi\u00e9n ocupar\u00e1 dos espacios, uno dedicada a la musculaci\u00f3n y otro para pilates, fisioterapia, pasajes y entramiento funcional.<\/p>\n\n\n\n<p>En total, la ampliaci\u00f3n del centro comercial constar\u00e1 de<strong> 1.400 m2 adicionales<\/strong>, sin contar las terrazas y espacios exteriores, seg\u00fan consta en Info Negocios. En el caso de Meller, por ejemplo, la firma espa\u00f1ola de gafas de sol abrir\u00e1 en La Barra Mall su mayor tienda de Uruguay, para la cual invertir\u00e1 150.000 d\u00f3lares.<\/p>\n\n\n\n<p><strong>La primera etapa de La Barra Mall comenzar\u00e1 a operar el pr\u00f3ximo 27 de diciembre<\/strong>, tras semanas de obras que respetaron la estructura original del complejo, pero modernizando las fachadas, accesos y acabados del centro comercial.<\/p>\n\n\n\n<h2 class=\"wp-block-heading\">Expansi\u00f3n en el verano uruguayo<\/h2>\n\n\n\n<p>La Barra se ha convertido en uno de los epicentros predilectos para el retail local e internacional que quiera tener presencia en Punta del Este. Esta zona de la ciudad costera de Uruguay es conocida por sus casas de arte, experiencias gastron\u00f3micas y de compras de dise\u00f1o.<\/p>\n\n\n\n<p>Otra de las marcas que dir\u00e1 presente esta pr\u00f3xima temporada de verano es el gigante alem\u00e1n Adidas, que abrir\u00e1 en La Barra ante de fin de a\u00f1o. La empresa tambi\u00e9n sumar\u00e1 un nuevo local en Uruguay, concretamente en Paysand\u00fa.<\/p>\n\n\n\n<p><\/p>\n","protected":false},"excerpt":{"rendered":"<p>El grupo inversor La Barra Mall ha iniciado la reactivaci\u00f3n del hist\u00f3rico centro comercial de Punta del Este, Uruguay. En la previa a una nueva temporada de verano y vacaciones, el complejo sumar\u00e1 siete locales en su primera etapa de reactivaci\u00f3n. Entre las marcas que estar\u00e1n presentes en La Barra Mall se encuentran la espa\u00f1ola [&hellip;]<\/p>\n","protected":false},"author":1,"featured_media":4826,"comment_status":"closed","ping_status":"open","sticky":false,"template":"","format":"standard","meta":{"_jetpack_memberships_contains_paid_content":false,"footnotes":""},"categories":[40],"tags":[73,1058,1059,248],"class_list":{"0":"post-4825","1":"post","2":"type-post","3":"status-publish","4":"format-standard","5":"has-post-thumbnail","7":"category-locations","8":"tag-centros-comerciales","9":"tag-la-barra-mall","10":"tag-punta-del-este","11":"tag-uruguay"},"yoast_head":"<!-- This site is optimized with the Yoast SEO plugin v27.4 - https:\/\/yoast.com\/product\/yoast-seo-wordpress\/ -->\n<title>El centro comercial La Barra Mall se renueva de cara al verano con siete nuevos locales - Just Retail Latam<\/title>\n<meta name=\"description\" content=\"El complejo comercial de la ciudad de Punta del Este La Barra Mall abrir\u00e1 el 27 de diciembre con locales como Meller o Be Ganesha.\" \/>\n<meta name=\"robots\" content=\"index, follow, max-snippet:-1, max-image-preview:large, max-video-preview:-1\" \/>\n<link rel=\"canonical\" href=\"https:\/\/www.justretail.news\/latam\/noticias\/el-centro-comercial-la-barra-mall-se-renueva-de-cara-al-verano-con-siete-nuevos-locales\/\" \/>\n<meta property=\"og:locale\" content=\"es_ES\" \/>\n<meta property=\"og:type\" content=\"article\" \/>\n<meta property=\"og:title\" content=\"El centro comercial La Barra Mall se renueva de cara al verano con siete nuevos locales - Just Retail Latam\" \/>\n<meta property=\"og:description\" content=\"El complejo comercial de la ciudad de Punta del Este La Barra Mall abrir\u00e1 el 27 de diciembre con locales como Meller o Be Ganesha.\" \/>\n<meta property=\"og:url\" content=\"https:\/\/www.justretail.news\/latam\/noticias\/el-centro-comercial-la-barra-mall-se-renueva-de-cara-al-verano-con-siete-nuevos-locales\/\" \/>\n<meta property=\"og:site_name\" content=\"Just Retail Latam\" \/>\n<meta property=\"article:published_time\" content=\"2025-12-09T19:30:47+00:00\" \/>\n<meta property=\"article:modified_time\" content=\"2025-12-09T19:30:48+00:00\" \/>\n<meta property=\"og:image\" content=\"https:\/\/www.justretail.news\/latam\/wp-content\/uploads\/2025\/12\/la-barra-mall.jpg\" \/>\n\t<meta property=\"og:image:width\" content=\"800\" \/>\n\t<meta property=\"og:image:height\" content=\"450\" \/>\n\t<meta property=\"og:image:type\" content=\"image\/jpeg\" \/>\n<meta name=\"author\" content=\"Redacci\u00f3n\" \/>\n<meta name=\"twitter:card\" content=\"summary_large_image\" \/>\n<meta name=\"twitter:label1\" content=\"Escrito por\" \/>\n\t<meta name=\"twitter:data1\" content=\"Redacci\u00f3n\" \/>\n\t<meta name=\"twitter:label2\" content=\"Tiempo de lectura\" \/>\n\t<meta name=\"twitter:data2\" content=\"2 minutos\" \/>\n<script type=\"application\/ld+json\" class=\"yoast-schema-graph\">{\"@context\":\"https:\\\/\\\/schema.org\",\"@graph\":[{\"@type\":\"Article\",\"@id\":\"https:\\\/\\\/www.justretail.news\\\/latam\\\/noticias\\\/el-centro-comercial-la-barra-mall-se-renueva-de-cara-al-verano-con-siete-nuevos-locales\\\/#article\",\"isPartOf\":{\"@id\":\"https:\\\/\\\/www.justretail.news\\\/latam\\\/noticias\\\/el-centro-comercial-la-barra-mall-se-renueva-de-cara-al-verano-con-siete-nuevos-locales\\\/\"},\"author\":{\"name\":\"Redacci\u00f3n\",\"@id\":\"https:\\\/\\\/www.justretail.news\\\/latam\\\/#\\\/schema\\\/person\\\/1543b9d803b2d5751fba2211e7785c5f\"},\"headline\":\"El centro comercial La Barra Mall se renueva de cara al verano con siete nuevos locales\",\"datePublished\":\"2025-12-09T19:30:47+00:00\",\"dateModified\":\"2025-12-09T19:30:48+00:00\",\"mainEntityOfPage\":{\"@id\":\"https:\\\/\\\/www.justretail.news\\\/latam\\\/noticias\\\/el-centro-comercial-la-barra-mall-se-renueva-de-cara-al-verano-con-siete-nuevos-locales\\\/\"},\"wordCount\":303,\"publisher\":{\"@id\":\"https:\\\/\\\/www.justretail.news\\\/latam\\\/#organization\"},\"image\":{\"@id\":\"https:\\\/\\\/www.justretail.news\\\/latam\\\/noticias\\\/el-centro-comercial-la-barra-mall-se-renueva-de-cara-al-verano-con-siete-nuevos-locales\\\/#primaryimage\"},\"thumbnailUrl\":\"https:\\\/\\\/www.justretail.news\\\/latam\\\/wp-content\\\/uploads\\\/2025\\\/12\\\/la-barra-mall.jpg\",\"keywords\":[\"centros comerciales\",\"La Barra Mall\",\"Punta del Este\",\"Uruguay\"],\"articleSection\":[\"Locations\"],\"inLanguage\":\"es\"},{\"@type\":\"WebPage\",\"@id\":\"https:\\\/\\\/www.justretail.news\\\/latam\\\/noticias\\\/el-centro-comercial-la-barra-mall-se-renueva-de-cara-al-verano-con-siete-nuevos-locales\\\/\",\"url\":\"https:\\\/\\\/www.justretail.news\\\/latam\\\/noticias\\\/el-centro-comercial-la-barra-mall-se-renueva-de-cara-al-verano-con-siete-nuevos-locales\\\/\",\"name\":\"El centro comercial La Barra Mall se renueva de cara al verano con siete nuevos locales - Just Retail Latam\",\"isPartOf\":{\"@id\":\"https:\\\/\\\/www.justretail.news\\\/latam\\\/#website\"},\"primaryImageOfPage\":{\"@id\":\"https:\\\/\\\/www.justretail.news\\\/latam\\\/noticias\\\/el-centro-comercial-la-barra-mall-se-renueva-de-cara-al-verano-con-siete-nuevos-locales\\\/#primaryimage\"},\"image\":{\"@id\":\"https:\\\/\\\/www.justretail.news\\\/latam\\\/noticias\\\/el-centro-comercial-la-barra-mall-se-renueva-de-cara-al-verano-con-siete-nuevos-locales\\\/#primaryimage\"},\"thumbnailUrl\":\"https:\\\/\\\/www.justretail.news\\\/latam\\\/wp-content\\\/uploads\\\/2025\\\/12\\\/la-barra-mall.jpg\",\"datePublished\":\"2025-12-09T19:30:47+00:00\",\"dateModified\":\"2025-12-09T19:30:48+00:00\",\"description\":\"El complejo comercial de la ciudad de Punta del Este La Barra Mall abrir\u00e1 el 27 de diciembre con locales como Meller o Be Ganesha.\",\"breadcrumb\":{\"@id\":\"https:\\\/\\\/www.justretail.news\\\/latam\\\/noticias\\\/el-centro-comercial-la-barra-mall-se-renueva-de-cara-al-verano-con-siete-nuevos-locales\\\/#breadcrumb\"},\"inLanguage\":\"es\",\"potentialAction\":[{\"@type\":\"ReadAction\",\"target\":[\"https:\\\/\\\/www.justretail.news\\\/latam\\\/noticias\\\/el-centro-comercial-la-barra-mall-se-renueva-de-cara-al-verano-con-siete-nuevos-locales\\\/\"]}]},{\"@type\":\"ImageObject\",\"inLanguage\":\"es\",\"@id\":\"https:\\\/\\\/www.justretail.news\\\/latam\\\/noticias\\\/el-centro-comercial-la-barra-mall-se-renueva-de-cara-al-verano-con-siete-nuevos-locales\\\/#primaryimage\",\"url\":\"https:\\\/\\\/www.justretail.news\\\/latam\\\/wp-content\\\/uploads\\\/2025\\\/12\\\/la-barra-mall.jpg\",\"contentUrl\":\"https:\\\/\\\/www.justretail.news\\\/latam\\\/wp-content\\\/uploads\\\/2025\\\/12\\\/la-barra-mall.jpg\",\"width\":800,\"height\":450},{\"@type\":\"BreadcrumbList\",\"@id\":\"https:\\\/\\\/www.justretail.news\\\/latam\\\/noticias\\\/el-centro-comercial-la-barra-mall-se-renueva-de-cara-al-verano-con-siete-nuevos-locales\\\/#breadcrumb\",\"itemListElement\":[{\"@type\":\"ListItem\",\"position\":1,\"name\":\"Portada\",\"item\":\"https:\\\/\\\/www.justretail.news\\\/latam\\\/\"},{\"@type\":\"ListItem\",\"position\":2,\"name\":\"El centro comercial La Barra Mall se renueva de cara al verano con siete nuevos locales\"}]},{\"@type\":\"WebSite\",\"@id\":\"https:\\\/\\\/www.justretail.news\\\/latam\\\/#website\",\"url\":\"https:\\\/\\\/www.justretail.news\\\/latam\\\/\",\"name\":\"Just Retail Latam\",\"description\":\"\",\"publisher\":{\"@id\":\"https:\\\/\\\/www.justretail.news\\\/latam\\\/#organization\"},\"potentialAction\":[{\"@type\":\"SearchAction\",\"target\":{\"@type\":\"EntryPoint\",\"urlTemplate\":\"https:\\\/\\\/www.justretail.news\\\/latam\\\/?s={search_term_string}\"},\"query-input\":{\"@type\":\"PropertyValueSpecification\",\"valueRequired\":true,\"valueName\":\"search_term_string\"}}],\"inLanguage\":\"es\"},{\"@type\":\"Organization\",\"@id\":\"https:\\\/\\\/www.justretail.news\\\/latam\\\/#organization\",\"name\":\"Just Retail Latam\",\"url\":\"https:\\\/\\\/www.justretail.news\\\/latam\\\/\",\"logo\":{\"@type\":\"ImageObject\",\"inLanguage\":\"es\",\"@id\":\"https:\\\/\\\/www.justretail.news\\\/latam\\\/#\\\/schema\\\/logo\\\/image\\\/\",\"url\":\"https:\\\/\\\/www.justretail.news\\\/latam\\\/wp-content\\\/uploads\\\/2024\\\/05\\\/just-retail-logo-NEGRO-trans-latam-272x90_nuevo.png\",\"contentUrl\":\"https:\\\/\\\/www.justretail.news\\\/latam\\\/wp-content\\\/uploads\\\/2024\\\/05\\\/just-retail-logo-NEGRO-trans-latam-272x90_nuevo.png\",\"width\":272,\"height\":90,\"caption\":\"Just Retail Latam\"},\"image\":{\"@id\":\"https:\\\/\\\/www.justretail.news\\\/latam\\\/#\\\/schema\\\/logo\\\/image\\\/\"}},{\"@type\":\"Person\",\"@id\":\"https:\\\/\\\/www.justretail.news\\\/latam\\\/#\\\/schema\\\/person\\\/1543b9d803b2d5751fba2211e7785c5f\",\"name\":\"Redacci\u00f3n\",\"image\":{\"@type\":\"ImageObject\",\"inLanguage\":\"es\",\"@id\":\"https:\\\/\\\/secure.gravatar.com\\\/avatar\\\/728f66d366b9809efe89ec232bef06263abc057cefaba166bbd45a167e648b3c?s=96&d=mm&r=g\",\"url\":\"https:\\\/\\\/secure.gravatar.com\\\/avatar\\\/728f66d366b9809efe89ec232bef06263abc057cefaba166bbd45a167e648b3c?s=96&d=mm&r=g\",\"contentUrl\":\"https:\\\/\\\/secure.gravatar.com\\\/avatar\\\/728f66d366b9809efe89ec232bef06263abc057cefaba166bbd45a167e648b3c?s=96&d=mm&r=g\",\"caption\":\"Redacci\u00f3n\"},\"sameAs\":[\"https:\\\/\\\/www.justretail.news\\\/latam\"],\"url\":\"https:\\\/\\\/www.justretail.news\\\/latam\\\/noticias\\\/author\\\/latam_master\\\/\"}]}<\/script>\n<!-- \/ Yoast SEO plugin. -->","yoast_head_json":{"title":"El centro comercial La Barra Mall se renueva de cara al verano con siete nuevos locales - Just Retail Latam","description":"El complejo comercial de la ciudad de Punta del Este La Barra Mall abrir\u00e1 el 27 de diciembre con locales como Meller o Be Ganesha.","robots":{"index":"index","follow":"follow","max-snippet":"max-snippet:-1","max-image-preview":"max-image-preview:large","max-video-preview":"max-video-preview:-1"},"canonical":"https:\/\/www.justretail.news\/latam\/noticias\/el-centro-comercial-la-barra-mall-se-renueva-de-cara-al-verano-con-siete-nuevos-locales\/","og_locale":"es_ES","og_type":"article","og_title":"El centro comercial La Barra Mall se renueva de cara al verano con siete nuevos locales - Just Retail Latam","og_description":"El complejo comercial de la ciudad de Punta del Este La Barra Mall abrir\u00e1 el 27 de diciembre con locales como Meller o Be Ganesha.","og_url":"https:\/\/www.justretail.news\/latam\/noticias\/el-centro-comercial-la-barra-mall-se-renueva-de-cara-al-verano-con-siete-nuevos-locales\/","og_site_name":"Just Retail Latam","article_published_time":"2025-12-09T19:30:47+00:00","article_modified_time":"2025-12-09T19:30:48+00:00","og_image":[{"width":800,"height":450,"url":"https:\/\/www.justretail.news\/latam\/wp-content\/uploads\/2025\/12\/la-barra-mall.jpg","type":"image\/jpeg"}],"author":"Redacci\u00f3n","twitter_card":"summary_large_image","twitter_misc":{"Escrito por":"Redacci\u00f3n","Tiempo de lectura":"2 minutos"},"schema":{"@context":"https:\/\/schema.org","@graph":[{"@type":"Article","@id":"https:\/\/www.justretail.news\/latam\/noticias\/el-centro-comercial-la-barra-mall-se-renueva-de-cara-al-verano-con-siete-nuevos-locales\/#article","isPartOf":{"@id":"https:\/\/www.justretail.news\/latam\/noticias\/el-centro-comercial-la-barra-mall-se-renueva-de-cara-al-verano-con-siete-nuevos-locales\/"},"author":{"name":"Redacci\u00f3n","@id":"https:\/\/www.justretail.news\/latam\/#\/schema\/person\/1543b9d803b2d5751fba2211e7785c5f"},"headline":"El centro comercial La Barra Mall se renueva de cara al verano con siete nuevos locales","datePublished":"2025-12-09T19:30:47+00:00","dateModified":"2025-12-09T19:30:48+00:00","mainEntityOfPage":{"@id":"https:\/\/www.justretail.news\/latam\/noticias\/el-centro-comercial-la-barra-mall-se-renueva-de-cara-al-verano-con-siete-nuevos-locales\/"},"wordCount":303,"publisher":{"@id":"https:\/\/www.justretail.news\/latam\/#organization"},"image":{"@id":"https:\/\/www.justretail.news\/latam\/noticias\/el-centro-comercial-la-barra-mall-se-renueva-de-cara-al-verano-con-siete-nuevos-locales\/#primaryimage"},"thumbnailUrl":"https:\/\/www.justretail.news\/latam\/wp-content\/uploads\/2025\/12\/la-barra-mall.jpg","keywords":["centros comerciales","La Barra Mall","Punta del Este","Uruguay"],"articleSection":["Locations"],"inLanguage":"es"},{"@type":"WebPage","@id":"https:\/\/www.justretail.news\/latam\/noticias\/el-centro-comercial-la-barra-mall-se-renueva-de-cara-al-verano-con-siete-nuevos-locales\/","url":"https:\/\/www.justretail.news\/latam\/noticias\/el-centro-comercial-la-barra-mall-se-renueva-de-cara-al-verano-con-siete-nuevos-locales\/","name":"El centro comercial La Barra Mall se renueva de cara al verano con siete nuevos locales - Just Retail Latam","isPartOf":{"@id":"https:\/\/www.justretail.news\/latam\/#website"},"primaryImageOfPage":{"@id":"https:\/\/www.justretail.news\/latam\/noticias\/el-centro-comercial-la-barra-mall-se-renueva-de-cara-al-verano-con-siete-nuevos-locales\/#primaryimage"},"image":{"@id":"https:\/\/www.justretail.news\/latam\/noticias\/el-centro-comercial-la-barra-mall-se-renueva-de-cara-al-verano-con-siete-nuevos-locales\/#primaryimage"},"thumbnailUrl":"https:\/\/www.justretail.news\/latam\/wp-content\/uploads\/2025\/12\/la-barra-mall.jpg","datePublished":"2025-12-09T19:30:47+00:00","dateModified":"2025-12-09T19:30:48+00:00","description":"El complejo comercial de la ciudad de Punta del Este La Barra Mall abrir\u00e1 el 27 de diciembre con locales como Meller o Be Ganesha.","breadcrumb":{"@id":"https:\/\/www.justretail.news\/latam\/noticias\/el-centro-comercial-la-barra-mall-se-renueva-de-cara-al-verano-con-siete-nuevos-locales\/#breadcrumb"},"inLanguage":"es","potentialAction":[{"@type":"ReadAction","target":["https:\/\/www.justretail.news\/latam\/noticias\/el-centro-comercial-la-barra-mall-se-renueva-de-cara-al-verano-con-siete-nuevos-locales\/"]}]},{"@type":"ImageObject","inLanguage":"es","@id":"https:\/\/www.justretail.news\/latam\/noticias\/el-centro-comercial-la-barra-mall-se-renueva-de-cara-al-verano-con-siete-nuevos-locales\/#primaryimage","url":"https:\/\/www.justretail.news\/latam\/wp-content\/uploads\/2025\/12\/la-barra-mall.jpg","contentUrl":"https:\/\/www.justretail.news\/latam\/wp-content\/uploads\/2025\/12\/la-barra-mall.jpg","width":800,"height":450},{"@type":"BreadcrumbList","@id":"https:\/\/www.justretail.news\/latam\/noticias\/el-centro-comercial-la-barra-mall-se-renueva-de-cara-al-verano-con-siete-nuevos-locales\/#breadcrumb","itemListElement":[{"@type":"ListItem","position":1,"name":"Portada","item":"https:\/\/www.justretail.news\/latam\/"},{"@type":"ListItem","position":2,"name":"El centro comercial La Barra Mall se renueva de cara al verano con siete nuevos locales"}]},{"@type":"WebSite","@id":"https:\/\/www.justretail.news\/latam\/#website","url":"https:\/\/www.justretail.news\/latam\/","name":"Just Retail Latam","description":"","publisher":{"@id":"https:\/\/www.justretail.news\/latam\/#organization"},"potentialAction":[{"@type":"SearchAction","target":{"@type":"EntryPoint","urlTemplate":"https:\/\/www.justretail.news\/latam\/?s={search_term_string}"},"query-input":{"@type":"PropertyValueSpecification","valueRequired":true,"valueName":"search_term_string"}}],"inLanguage":"es"},{"@type":"Organization","@id":"https:\/\/www.justretail.news\/latam\/#organization","name":"Just Retail Latam","url":"https:\/\/www.justretail.news\/latam\/","logo":{"@type":"ImageObject","inLanguage":"es","@id":"https:\/\/www.justretail.news\/latam\/#\/schema\/logo\/image\/","url":"https:\/\/www.justretail.news\/latam\/wp-content\/uploads\/2024\/05\/just-retail-logo-NEGRO-trans-latam-272x90_nuevo.png","contentUrl":"https:\/\/www.justretail.news\/latam\/wp-content\/uploads\/2024\/05\/just-retail-logo-NEGRO-trans-latam-272x90_nuevo.png","width":272,"height":90,"caption":"Just Retail Latam"},"image":{"@id":"https:\/\/www.justretail.news\/latam\/#\/schema\/logo\/image\/"}},{"@type":"Person","@id":"https:\/\/www.justretail.news\/latam\/#\/schema\/person\/1543b9d803b2d5751fba2211e7785c5f","name":"Redacci\u00f3n","image":{"@type":"ImageObject","inLanguage":"es","@id":"https:\/\/secure.gravatar.com\/avatar\/728f66d366b9809efe89ec232bef06263abc057cefaba166bbd45a167e648b3c?s=96&d=mm&r=g","url":"https:\/\/secure.gravatar.com\/avatar\/728f66d366b9809efe89ec232bef06263abc057cefaba166bbd45a167e648b3c?s=96&d=mm&r=g","contentUrl":"https:\/\/secure.gravatar.com\/avatar\/728f66d366b9809efe89ec232bef06263abc057cefaba166bbd45a167e648b3c?s=96&d=mm&r=g","caption":"Redacci\u00f3n"},"sameAs":["https:\/\/www.justretail.news\/latam"],"url":"https:\/\/www.justretail.news\/latam\/noticias\/author\/latam_master\/"}]}},"jetpack_featured_media_url":"https:\/\/www.justretail.news\/latam\/wp-content\/uploads\/2025\/12\/la-barra-mall.jpg","jetpack_sharing_enabled":true,"_links":{"self":[{"href":"https:\/\/www.justretail.news\/latam\/wp-json\/wp\/v2\/posts\/4825","targetHints":{"allow":["GET"]}}],"collection":[{"href":"https:\/\/www.justretail.news\/latam\/wp-json\/wp\/v2\/posts"}],"about":[{"href":"https:\/\/www.justretail.news\/latam\/wp-json\/wp\/v2\/types\/post"}],"author":[{"embeddable":true,"href":"https:\/\/www.justretail.news\/latam\/wp-json\/wp\/v2\/users\/1"}],"replies":[{"embeddable":true,"href":"https:\/\/www.justretail.news\/latam\/wp-json\/wp\/v2\/comments?post=4825"}],"version-history":[{"count":1,"href":"https:\/\/www.justretail.news\/latam\/wp-json\/wp\/v2\/posts\/4825\/revisions"}],"predecessor-version":[{"id":4827,"href":"https:\/\/www.justretail.news\/latam\/wp-json\/wp\/v2\/posts\/4825\/revisions\/4827"}],"wp:featuredmedia":[{"embeddable":true,"href":"https:\/\/www.justretail.news\/latam\/wp-json\/wp\/v2\/media\/4826"}],"wp:attachment":[{"href":"https:\/\/www.justretail.news\/latam\/wp-json\/wp\/v2\/media?parent=4825"}],"wp:term":[{"taxonomy":"category","embeddable":true,"href":"https:\/\/www.justretail.news\/latam\/wp-json\/wp\/v2\/categories?post=4825"},{"taxonomy":"post_tag","embeddable":true,"href":"https:\/\/www.justretail.news\/latam\/wp-json\/wp\/v2\/tags?post=4825"}],"curies":[{"name":"wp","href":"https:\/\/api.w.org\/{rel}","templated":true}]}}