{"id":4829,"date":"2025-12-09T22:16:52","date_gmt":"2025-12-09T21:16:52","guid":{"rendered":"https:\/\/www.justretail.news\/latam\/?p=4829"},"modified":"2025-12-09T22:16:53","modified_gmt":"2025-12-09T21:16:53","slug":"freddo-se-expande-en-todo-el-mundo-con-mas-de-treinta-nuevas-heladerias-en-2026","status":"publish","type":"post","link":"https:\/\/www.justretail.news\/latam\/noticias\/freddo-se-expande-en-todo-el-mundo-con-mas-de-treinta-nuevas-heladerias-en-2026\/","title":{"rendered":"Freddo se expande en todo el mundo con m\u00e1s de treinta nuevas helader\u00edas en 2026"},"content":{"rendered":"\n<p>La cadena argentina de helader\u00edas Freddo encara el pr\u00f3ximo a\u00f1o en plena expansi\u00f3n internacional. En 2026, la empresa tiene previsto <strong>abrir 29 locales en el extranjero y otros cinco en Argentina<\/strong>.<\/p>\n\n\n\n<p>Las aperturas internacionales se distribuir\u00e1n en <strong>mercados estrat\u00e9gicos para Freddo como M\u00e9xico, Estados Unidos, Brasil y Chile<\/strong>. Actualmente, la compa\u00f1\u00eda suma 117 locales en Argentina y 86 en el extranjero.<\/p>\n\n\n\n<p>La empresa tambi\u00e9n <strong>ha tomado el control de 16 helader\u00edas<\/strong>, que pasar\u00e1 ahora a gestionar de manera directa. De esta manera, Freddo regresa al modelo de operaci\u00f3n centralizada, con el objetivo de mejorar la experiencia en sus locales y fortalecer la identidad de la marca.<\/p>\n\n\n\n<p>En este sentido, Freddo dedicar\u00e1 parte del 2026 a renovar varios de sus establecimientos con una est\u00e9tica m\u00e1s moderna, adem\u00e1s de <strong>sumar espacios de cafeter\u00eda <\/strong>para aportar una oferta m\u00e1s completa a sus clientes.<\/p>\n\n\n\n<p>Freddo tiene sus or\u00edgenes en 1969 en el barrio de Recoleta, Buenos Aires. La empresa fue fundada por dos inmigrantes italianos y en la actualidad est\u00e1 pilotada por Raul Mand\u00eda.<\/p>\n","protected":false},"excerpt":{"rendered":"<p>Freddo, con m\u00e1s de medio siglo de trayectoria, ha tomado el control de 16 establecimientos de Argentina, que pasar\u00e1 a operar de manera directa. <\/p>\n","protected":false},"author":1,"featured_media":4830,"comment_status":"closed","ping_status":"open","sticky":false,"template":"","format":"standard","meta":{"_jetpack_memberships_contains_paid_content":false,"footnotes":""},"categories":[38],"tags":[804,194,65,1060,370],"class_list":{"0":"post-4829","1":"post","2":"type-post","3":"status-publish","4":"format-standard","5":"has-post-thumbnail","7":"category-ocio-fb","8":"tag-aperturas-2026","9":"tag-argentina","10":"tag-expansion","11":"tag-freddo","12":"tag-heladeria"},"yoast_head":"<!-- This site is optimized with the Yoast SEO plugin v27.4 - https:\/\/yoast.com\/product\/yoast-seo-wordpress\/ -->\n<title>Freddo se expande en todo el mundo con m\u00e1s de treinta nuevas helader\u00edas en 2026 - Just Retail Latam<\/title>\n<meta name=\"description\" content=\"La cadena argentina de helader\u00edas Freddo tiene previsto sumar casi treinta establecimientos el pr\u00f3ximo a\u00f1o en EEUU, M\u00e9xico, Chile y Brasil.\" \/>\n<meta name=\"robots\" content=\"index, follow, max-snippet:-1, max-image-preview:large, max-video-preview:-1\" \/>\n<link rel=\"canonical\" href=\"https:\/\/www.justretail.news\/latam\/noticias\/freddo-se-expande-en-todo-el-mundo-con-mas-de-treinta-nuevas-heladerias-en-2026\/\" \/>\n<meta property=\"og:locale\" content=\"es_ES\" \/>\n<meta property=\"og:type\" content=\"article\" \/>\n<meta property=\"og:title\" content=\"Freddo se expande en todo el mundo con m\u00e1s de treinta nuevas helader\u00edas en 2026 - Just Retail Latam\" \/>\n<meta property=\"og:description\" content=\"La cadena argentina de helader\u00edas Freddo tiene previsto sumar casi treinta establecimientos el pr\u00f3ximo a\u00f1o en EEUU, M\u00e9xico, Chile y Brasil.\" \/>\n<meta property=\"og:url\" content=\"https:\/\/www.justretail.news\/latam\/noticias\/freddo-se-expande-en-todo-el-mundo-con-mas-de-treinta-nuevas-heladerias-en-2026\/\" \/>\n<meta property=\"og:site_name\" content=\"Just Retail Latam\" \/>\n<meta property=\"article:published_time\" content=\"2025-12-09T21:16:52+00:00\" \/>\n<meta property=\"article:modified_time\" content=\"2025-12-09T21:16:53+00:00\" \/>\n<meta property=\"og:image\" content=\"https:\/\/www.justretail.news\/latam\/wp-content\/uploads\/2025\/12\/freddo.jpg\" \/>\n\t<meta property=\"og:image:width\" content=\"800\" \/>\n\t<meta property=\"og:image:height\" content=\"500\" \/>\n\t<meta property=\"og:image:type\" content=\"image\/jpeg\" \/>\n<meta name=\"author\" content=\"Redacci\u00f3n\" \/>\n<meta name=\"twitter:card\" content=\"summary_large_image\" \/>\n<meta name=\"twitter:label1\" content=\"Escrito por\" \/>\n\t<meta name=\"twitter:data1\" content=\"Redacci\u00f3n\" \/>\n\t<meta name=\"twitter:label2\" content=\"Tiempo de lectura\" \/>\n\t<meta name=\"twitter:data2\" content=\"1 minuto\" \/>\n<script type=\"application\/ld+json\" class=\"yoast-schema-graph\">{\"@context\":\"https:\\\/\\\/schema.org\",\"@graph\":[{\"@type\":\"Article\",\"@id\":\"https:\\\/\\\/www.justretail.news\\\/latam\\\/noticias\\\/freddo-se-expande-en-todo-el-mundo-con-mas-de-treinta-nuevas-heladerias-en-2026\\\/#article\",\"isPartOf\":{\"@id\":\"https:\\\/\\\/www.justretail.news\\\/latam\\\/noticias\\\/freddo-se-expande-en-todo-el-mundo-con-mas-de-treinta-nuevas-heladerias-en-2026\\\/\"},\"author\":{\"name\":\"Redacci\u00f3n\",\"@id\":\"https:\\\/\\\/www.justretail.news\\\/latam\\\/#\\\/schema\\\/person\\\/1543b9d803b2d5751fba2211e7785c5f\"},\"headline\":\"Freddo se expande en todo el mundo con m\u00e1s de treinta nuevas helader\u00edas en 2026\",\"datePublished\":\"2025-12-09T21:16:52+00:00\",\"dateModified\":\"2025-12-09T21:16:53+00:00\",\"mainEntityOfPage\":{\"@id\":\"https:\\\/\\\/www.justretail.news\\\/latam\\\/noticias\\\/freddo-se-expande-en-todo-el-mundo-con-mas-de-treinta-nuevas-heladerias-en-2026\\\/\"},\"wordCount\":197,\"publisher\":{\"@id\":\"https:\\\/\\\/www.justretail.news\\\/latam\\\/#organization\"},\"image\":{\"@id\":\"https:\\\/\\\/www.justretail.news\\\/latam\\\/noticias\\\/freddo-se-expande-en-todo-el-mundo-con-mas-de-treinta-nuevas-heladerias-en-2026\\\/#primaryimage\"},\"thumbnailUrl\":\"https:\\\/\\\/www.justretail.news\\\/latam\\\/wp-content\\\/uploads\\\/2025\\\/12\\\/freddo.jpg\",\"keywords\":[\"Aperturas 2026\",\"Argentina\",\"expansi\u00f3n\",\"Freddo\",\"Helader\u00eda\"],\"articleSection\":[\"Ocio &amp; F&amp;B\"],\"inLanguage\":\"es\"},{\"@type\":\"WebPage\",\"@id\":\"https:\\\/\\\/www.justretail.news\\\/latam\\\/noticias\\\/freddo-se-expande-en-todo-el-mundo-con-mas-de-treinta-nuevas-heladerias-en-2026\\\/\",\"url\":\"https:\\\/\\\/www.justretail.news\\\/latam\\\/noticias\\\/freddo-se-expande-en-todo-el-mundo-con-mas-de-treinta-nuevas-heladerias-en-2026\\\/\",\"name\":\"Freddo se expande en todo el mundo con m\u00e1s de treinta nuevas helader\u00edas en 2026 - Just Retail Latam\",\"isPartOf\":{\"@id\":\"https:\\\/\\\/www.justretail.news\\\/latam\\\/#website\"},\"primaryImageOfPage\":{\"@id\":\"https:\\\/\\\/www.justretail.news\\\/latam\\\/noticias\\\/freddo-se-expande-en-todo-el-mundo-con-mas-de-treinta-nuevas-heladerias-en-2026\\\/#primaryimage\"},\"image\":{\"@id\":\"https:\\\/\\\/www.justretail.news\\\/latam\\\/noticias\\\/freddo-se-expande-en-todo-el-mundo-con-mas-de-treinta-nuevas-heladerias-en-2026\\\/#primaryimage\"},\"thumbnailUrl\":\"https:\\\/\\\/www.justretail.news\\\/latam\\\/wp-content\\\/uploads\\\/2025\\\/12\\\/freddo.jpg\",\"datePublished\":\"2025-12-09T21:16:52+00:00\",\"dateModified\":\"2025-12-09T21:16:53+00:00\",\"description\":\"La cadena argentina de helader\u00edas Freddo tiene previsto sumar casi treinta establecimientos el pr\u00f3ximo a\u00f1o en EEUU, M\u00e9xico, Chile y Brasil.\",\"breadcrumb\":{\"@id\":\"https:\\\/\\\/www.justretail.news\\\/latam\\\/noticias\\\/freddo-se-expande-en-todo-el-mundo-con-mas-de-treinta-nuevas-heladerias-en-2026\\\/#breadcrumb\"},\"inLanguage\":\"es\",\"potentialAction\":[{\"@type\":\"ReadAction\",\"target\":[\"https:\\\/\\\/www.justretail.news\\\/latam\\\/noticias\\\/freddo-se-expande-en-todo-el-mundo-con-mas-de-treinta-nuevas-heladerias-en-2026\\\/\"]}]},{\"@type\":\"ImageObject\",\"inLanguage\":\"es\",\"@id\":\"https:\\\/\\\/www.justretail.news\\\/latam\\\/noticias\\\/freddo-se-expande-en-todo-el-mundo-con-mas-de-treinta-nuevas-heladerias-en-2026\\\/#primaryimage\",\"url\":\"https:\\\/\\\/www.justretail.news\\\/latam\\\/wp-content\\\/uploads\\\/2025\\\/12\\\/freddo.jpg\",\"contentUrl\":\"https:\\\/\\\/www.justretail.news\\\/latam\\\/wp-content\\\/uploads\\\/2025\\\/12\\\/freddo.jpg\",\"width\":800,\"height\":500},{\"@type\":\"BreadcrumbList\",\"@id\":\"https:\\\/\\\/www.justretail.news\\\/latam\\\/noticias\\\/freddo-se-expande-en-todo-el-mundo-con-mas-de-treinta-nuevas-heladerias-en-2026\\\/#breadcrumb\",\"itemListElement\":[{\"@type\":\"ListItem\",\"position\":1,\"name\":\"Portada\",\"item\":\"https:\\\/\\\/www.justretail.news\\\/latam\\\/\"},{\"@type\":\"ListItem\",\"position\":2,\"name\":\"Freddo se expande en todo el mundo con m\u00e1s de treinta nuevas helader\u00edas en 2026\"}]},{\"@type\":\"WebSite\",\"@id\":\"https:\\\/\\\/www.justretail.news\\\/latam\\\/#website\",\"url\":\"https:\\\/\\\/www.justretail.news\\\/latam\\\/\",\"name\":\"Just Retail Latam\",\"description\":\"\",\"publisher\":{\"@id\":\"https:\\\/\\\/www.justretail.news\\\/latam\\\/#organization\"},\"potentialAction\":[{\"@type\":\"SearchAction\",\"target\":{\"@type\":\"EntryPoint\",\"urlTemplate\":\"https:\\\/\\\/www.justretail.news\\\/latam\\\/?s={search_term_string}\"},\"query-input\":{\"@type\":\"PropertyValueSpecification\",\"valueRequired\":true,\"valueName\":\"search_term_string\"}}],\"inLanguage\":\"es\"},{\"@type\":\"Organization\",\"@id\":\"https:\\\/\\\/www.justretail.news\\\/latam\\\/#organization\",\"name\":\"Just Retail Latam\",\"url\":\"https:\\\/\\\/www.justretail.news\\\/latam\\\/\",\"logo\":{\"@type\":\"ImageObject\",\"inLanguage\":\"es\",\"@id\":\"https:\\\/\\\/www.justretail.news\\\/latam\\\/#\\\/schema\\\/logo\\\/image\\\/\",\"url\":\"https:\\\/\\\/www.justretail.news\\\/latam\\\/wp-content\\\/uploads\\\/2024\\\/05\\\/just-retail-logo-NEGRO-trans-latam-272x90_nuevo.png\",\"contentUrl\":\"https:\\\/\\\/www.justretail.news\\\/latam\\\/wp-content\\\/uploads\\\/2024\\\/05\\\/just-retail-logo-NEGRO-trans-latam-272x90_nuevo.png\",\"width\":272,\"height\":90,\"caption\":\"Just Retail Latam\"},\"image\":{\"@id\":\"https:\\\/\\\/www.justretail.news\\\/latam\\\/#\\\/schema\\\/logo\\\/image\\\/\"}},{\"@type\":\"Person\",\"@id\":\"https:\\\/\\\/www.justretail.news\\\/latam\\\/#\\\/schema\\\/person\\\/1543b9d803b2d5751fba2211e7785c5f\",\"name\":\"Redacci\u00f3n\",\"image\":{\"@type\":\"ImageObject\",\"inLanguage\":\"es\",\"@id\":\"https:\\\/\\\/secure.gravatar.com\\\/avatar\\\/728f66d366b9809efe89ec232bef06263abc057cefaba166bbd45a167e648b3c?s=96&d=mm&r=g\",\"url\":\"https:\\\/\\\/secure.gravatar.com\\\/avatar\\\/728f66d366b9809efe89ec232bef06263abc057cefaba166bbd45a167e648b3c?s=96&d=mm&r=g\",\"contentUrl\":\"https:\\\/\\\/secure.gravatar.com\\\/avatar\\\/728f66d366b9809efe89ec232bef06263abc057cefaba166bbd45a167e648b3c?s=96&d=mm&r=g\",\"caption\":\"Redacci\u00f3n\"},\"sameAs\":[\"https:\\\/\\\/www.justretail.news\\\/latam\"],\"url\":\"https:\\\/\\\/www.justretail.news\\\/latam\\\/noticias\\\/author\\\/latam_master\\\/\"}]}<\/script>\n<!-- \/ Yoast SEO plugin. -->","yoast_head_json":{"title":"Freddo se expande en todo el mundo con m\u00e1s de treinta nuevas helader\u00edas en 2026 - Just Retail Latam","description":"La cadena argentina de helader\u00edas Freddo tiene previsto sumar casi treinta establecimientos el pr\u00f3ximo a\u00f1o en EEUU, M\u00e9xico, Chile y Brasil.","robots":{"index":"index","follow":"follow","max-snippet":"max-snippet:-1","max-image-preview":"max-image-preview:large","max-video-preview":"max-video-preview:-1"},"canonical":"https:\/\/www.justretail.news\/latam\/noticias\/freddo-se-expande-en-todo-el-mundo-con-mas-de-treinta-nuevas-heladerias-en-2026\/","og_locale":"es_ES","og_type":"article","og_title":"Freddo se expande en todo el mundo con m\u00e1s de treinta nuevas helader\u00edas en 2026 - Just Retail Latam","og_description":"La cadena argentina de helader\u00edas Freddo tiene previsto sumar casi treinta establecimientos el pr\u00f3ximo a\u00f1o en EEUU, M\u00e9xico, Chile y Brasil.","og_url":"https:\/\/www.justretail.news\/latam\/noticias\/freddo-se-expande-en-todo-el-mundo-con-mas-de-treinta-nuevas-heladerias-en-2026\/","og_site_name":"Just Retail Latam","article_published_time":"2025-12-09T21:16:52+00:00","article_modified_time":"2025-12-09T21:16:53+00:00","og_image":[{"width":800,"height":500,"url":"https:\/\/www.justretail.news\/latam\/wp-content\/uploads\/2025\/12\/freddo.jpg","type":"image\/jpeg"}],"author":"Redacci\u00f3n","twitter_card":"summary_large_image","twitter_misc":{"Escrito por":"Redacci\u00f3n","Tiempo de lectura":"1 minuto"},"schema":{"@context":"https:\/\/schema.org","@graph":[{"@type":"Article","@id":"https:\/\/www.justretail.news\/latam\/noticias\/freddo-se-expande-en-todo-el-mundo-con-mas-de-treinta-nuevas-heladerias-en-2026\/#article","isPartOf":{"@id":"https:\/\/www.justretail.news\/latam\/noticias\/freddo-se-expande-en-todo-el-mundo-con-mas-de-treinta-nuevas-heladerias-en-2026\/"},"author":{"name":"Redacci\u00f3n","@id":"https:\/\/www.justretail.news\/latam\/#\/schema\/person\/1543b9d803b2d5751fba2211e7785c5f"},"headline":"Freddo se expande en todo el mundo con m\u00e1s de treinta nuevas helader\u00edas en 2026","datePublished":"2025-12-09T21:16:52+00:00","dateModified":"2025-12-09T21:16:53+00:00","mainEntityOfPage":{"@id":"https:\/\/www.justretail.news\/latam\/noticias\/freddo-se-expande-en-todo-el-mundo-con-mas-de-treinta-nuevas-heladerias-en-2026\/"},"wordCount":197,"publisher":{"@id":"https:\/\/www.justretail.news\/latam\/#organization"},"image":{"@id":"https:\/\/www.justretail.news\/latam\/noticias\/freddo-se-expande-en-todo-el-mundo-con-mas-de-treinta-nuevas-heladerias-en-2026\/#primaryimage"},"thumbnailUrl":"https:\/\/www.justretail.news\/latam\/wp-content\/uploads\/2025\/12\/freddo.jpg","keywords":["Aperturas 2026","Argentina","expansi\u00f3n","Freddo","Helader\u00eda"],"articleSection":["Ocio &amp; F&amp;B"],"inLanguage":"es"},{"@type":"WebPage","@id":"https:\/\/www.justretail.news\/latam\/noticias\/freddo-se-expande-en-todo-el-mundo-con-mas-de-treinta-nuevas-heladerias-en-2026\/","url":"https:\/\/www.justretail.news\/latam\/noticias\/freddo-se-expande-en-todo-el-mundo-con-mas-de-treinta-nuevas-heladerias-en-2026\/","name":"Freddo se expande en todo el mundo con m\u00e1s de treinta nuevas helader\u00edas en 2026 - Just Retail Latam","isPartOf":{"@id":"https:\/\/www.justretail.news\/latam\/#website"},"primaryImageOfPage":{"@id":"https:\/\/www.justretail.news\/latam\/noticias\/freddo-se-expande-en-todo-el-mundo-con-mas-de-treinta-nuevas-heladerias-en-2026\/#primaryimage"},"image":{"@id":"https:\/\/www.justretail.news\/latam\/noticias\/freddo-se-expande-en-todo-el-mundo-con-mas-de-treinta-nuevas-heladerias-en-2026\/#primaryimage"},"thumbnailUrl":"https:\/\/www.justretail.news\/latam\/wp-content\/uploads\/2025\/12\/freddo.jpg","datePublished":"2025-12-09T21:16:52+00:00","dateModified":"2025-12-09T21:16:53+00:00","description":"La cadena argentina de helader\u00edas Freddo tiene previsto sumar casi treinta establecimientos el pr\u00f3ximo a\u00f1o en EEUU, M\u00e9xico, Chile y Brasil.","breadcrumb":{"@id":"https:\/\/www.justretail.news\/latam\/noticias\/freddo-se-expande-en-todo-el-mundo-con-mas-de-treinta-nuevas-heladerias-en-2026\/#breadcrumb"},"inLanguage":"es","potentialAction":[{"@type":"ReadAction","target":["https:\/\/www.justretail.news\/latam\/noticias\/freddo-se-expande-en-todo-el-mundo-con-mas-de-treinta-nuevas-heladerias-en-2026\/"]}]},{"@type":"ImageObject","inLanguage":"es","@id":"https:\/\/www.justretail.news\/latam\/noticias\/freddo-se-expande-en-todo-el-mundo-con-mas-de-treinta-nuevas-heladerias-en-2026\/#primaryimage","url":"https:\/\/www.justretail.news\/latam\/wp-content\/uploads\/2025\/12\/freddo.jpg","contentUrl":"https:\/\/www.justretail.news\/latam\/wp-content\/uploads\/2025\/12\/freddo.jpg","width":800,"height":500},{"@type":"BreadcrumbList","@id":"https:\/\/www.justretail.news\/latam\/noticias\/freddo-se-expande-en-todo-el-mundo-con-mas-de-treinta-nuevas-heladerias-en-2026\/#breadcrumb","itemListElement":[{"@type":"ListItem","position":1,"name":"Portada","item":"https:\/\/www.justretail.news\/latam\/"},{"@type":"ListItem","position":2,"name":"Freddo se expande en todo el mundo con m\u00e1s de treinta nuevas helader\u00edas en 2026"}]},{"@type":"WebSite","@id":"https:\/\/www.justretail.news\/latam\/#website","url":"https:\/\/www.justretail.news\/latam\/","name":"Just Retail Latam","description":"","publisher":{"@id":"https:\/\/www.justretail.news\/latam\/#organization"},"potentialAction":[{"@type":"SearchAction","target":{"@type":"EntryPoint","urlTemplate":"https:\/\/www.justretail.news\/latam\/?s={search_term_string}"},"query-input":{"@type":"PropertyValueSpecification","valueRequired":true,"valueName":"search_term_string"}}],"inLanguage":"es"},{"@type":"Organization","@id":"https:\/\/www.justretail.news\/latam\/#organization","name":"Just Retail Latam","url":"https:\/\/www.justretail.news\/latam\/","logo":{"@type":"ImageObject","inLanguage":"es","@id":"https:\/\/www.justretail.news\/latam\/#\/schema\/logo\/image\/","url":"https:\/\/www.justretail.news\/latam\/wp-content\/uploads\/2024\/05\/just-retail-logo-NEGRO-trans-latam-272x90_nuevo.png","contentUrl":"https:\/\/www.justretail.news\/latam\/wp-content\/uploads\/2024\/05\/just-retail-logo-NEGRO-trans-latam-272x90_nuevo.png","width":272,"height":90,"caption":"Just Retail Latam"},"image":{"@id":"https:\/\/www.justretail.news\/latam\/#\/schema\/logo\/image\/"}},{"@type":"Person","@id":"https:\/\/www.justretail.news\/latam\/#\/schema\/person\/1543b9d803b2d5751fba2211e7785c5f","name":"Redacci\u00f3n","image":{"@type":"ImageObject","inLanguage":"es","@id":"https:\/\/secure.gravatar.com\/avatar\/728f66d366b9809efe89ec232bef06263abc057cefaba166bbd45a167e648b3c?s=96&d=mm&r=g","url":"https:\/\/secure.gravatar.com\/avatar\/728f66d366b9809efe89ec232bef06263abc057cefaba166bbd45a167e648b3c?s=96&d=mm&r=g","contentUrl":"https:\/\/secure.gravatar.com\/avatar\/728f66d366b9809efe89ec232bef06263abc057cefaba166bbd45a167e648b3c?s=96&d=mm&r=g","caption":"Redacci\u00f3n"},"sameAs":["https:\/\/www.justretail.news\/latam"],"url":"https:\/\/www.justretail.news\/latam\/noticias\/author\/latam_master\/"}]}},"jetpack_featured_media_url":"https:\/\/www.justretail.news\/latam\/wp-content\/uploads\/2025\/12\/freddo.jpg","jetpack_sharing_enabled":true,"_links":{"self":[{"href":"https:\/\/www.justretail.news\/latam\/wp-json\/wp\/v2\/posts\/4829","targetHints":{"allow":["GET"]}}],"collection":[{"href":"https:\/\/www.justretail.news\/latam\/wp-json\/wp\/v2\/posts"}],"about":[{"href":"https:\/\/www.justretail.news\/latam\/wp-json\/wp\/v2\/types\/post"}],"author":[{"embeddable":true,"href":"https:\/\/www.justretail.news\/latam\/wp-json\/wp\/v2\/users\/1"}],"replies":[{"embeddable":true,"href":"https:\/\/www.justretail.news\/latam\/wp-json\/wp\/v2\/comments?post=4829"}],"version-history":[{"count":1,"href":"https:\/\/www.justretail.news\/latam\/wp-json\/wp\/v2\/posts\/4829\/revisions"}],"predecessor-version":[{"id":4831,"href":"https:\/\/www.justretail.news\/latam\/wp-json\/wp\/v2\/posts\/4829\/revisions\/4831"}],"wp:featuredmedia":[{"embeddable":true,"href":"https:\/\/www.justretail.news\/latam\/wp-json\/wp\/v2\/media\/4830"}],"wp:attachment":[{"href":"https:\/\/www.justretail.news\/latam\/wp-json\/wp\/v2\/media?parent=4829"}],"wp:term":[{"taxonomy":"category","embeddable":true,"href":"https:\/\/www.justretail.news\/latam\/wp-json\/wp\/v2\/categories?post=4829"},{"taxonomy":"post_tag","embeddable":true,"href":"https:\/\/www.justretail.news\/latam\/wp-json\/wp\/v2\/tags?post=4829"}],"curies":[{"name":"wp","href":"https:\/\/api.w.org\/{rel}","templated":true}]}}