{"id":4832,"date":"2025-12-09T23:37:08","date_gmt":"2025-12-09T22:37:08","guid":{"rendered":"https:\/\/www.justretail.news\/latam\/?p=4832"},"modified":"2025-12-18T22:55:59","modified_gmt":"2025-12-18T21:55:59","slug":"anima-village-abre-en-los-cabos-y-redefine-el-modelo-de-destinos-comerciales-premium-en-baja-california","status":"publish","type":"post","link":"https:\/\/www.justretail.news\/latam\/noticias\/anima-village-abre-en-los-cabos-y-redefine-el-modelo-de-destinos-comerciales-premium-en-baja-california\/","title":{"rendered":"\u00c1nima Village abre en Los Cabos y redefine el modelo de destinos comerciales pr\u00e9mium en Baja California"},"content":{"rendered":"\n<p>Los Cabos (M\u00e9xico) suma un nuevo protagonista a su creciente ecosistema de proyectos de alto nivel. <strong>\u00c1nima Village<\/strong>, desarrollado por SOMA, abri\u00f3 oficialmente sus puertas el pasado 5 de diciembre con una propuesta que combina <em>retail<\/em> de lujo, gastronom\u00eda, arte, bienestar y un enfoque de \u201c<em>slow living<\/em>\u201d que busca transformar la experiencia comercial en la regi\u00f3n.<\/p>\n\n\n\n<p>Concebido como un destino integral m\u00e1s que como un centro comercial tradicional, \u00c1nima Village se despliega entre <strong>arquitectura escult\u00f3rica, patios abiertos y espacios que fomentan la exploraci\u00f3n<\/strong>, ofreciendo un recorrido sensorial que incorpora marcas globales, talento creativo local y experiencias culturales.<\/p>\n\n\n\n<p>Durante el evento inaugural, arquitectos, dise\u00f1adores, artistas, marcas y socios estrat\u00e9gicos se reunieron para celebrar un proyecto que aspira a convertirse en un nuevo referente en la escena <em>lifestyle<\/em> de Baja California. La propuesta, explican sus impulsores, busca <strong>integrar comunidad, comercio y cultura<\/strong> bajo un mismo concepto de <em>placemaking<\/em> contempor\u00e1neo.<\/p>\n\n\n\r\n                <style type=\"text\/css\">\r\n                    \r\n                    #tdi_1  .td-doubleSlider-2 .td-item1 {\r\n                        background: url(https:\/\/www.justretail.news\/latam\/wp-content\/uploads\/2025\/12\/Anima-Village-9-80x60.jpg) 0 0 no-repeat;\r\n                    }\r\n                    #tdi_1  .td-doubleSlider-2 .td-item2 {\r\n                        background: url(https:\/\/www.justretail.news\/latam\/wp-content\/uploads\/2025\/12\/Anima-Village-1-80x60.jpg) 0 0 no-repeat;\r\n                    }\r\n                    #tdi_1  .td-doubleSlider-2 .td-item3 {\r\n                        background: url(https:\/\/www.justretail.news\/latam\/wp-content\/uploads\/2025\/12\/Anima-Village-2-80x60.jpg) 0 0 no-repeat;\r\n                    }\r\n                    #tdi_1  .td-doubleSlider-2 .td-item4 {\r\n                        background: url(https:\/\/www.justretail.news\/latam\/wp-content\/uploads\/2025\/12\/Anima-Village-4-80x60.jpg) 0 0 no-repeat;\r\n                    }\r\n                    #tdi_1  .td-doubleSlider-2 .td-item5 {\r\n                        background: url(https:\/\/www.justretail.news\/latam\/wp-content\/uploads\/2025\/12\/Anima-Village-5-80x60.jpg) 0 0 no-repeat;\r\n                    }\r\n                    #tdi_1  .td-doubleSlider-2 .td-item6 {\r\n                        background: url(https:\/\/www.justretail.news\/latam\/wp-content\/uploads\/2025\/12\/Anima-Village-6-80x60.jpg) 0 0 no-repeat;\r\n                    }\r\n                    #tdi_1  .td-doubleSlider-2 .td-item7 {\r\n                        background: url(https:\/\/www.justretail.news\/latam\/wp-content\/uploads\/2025\/12\/Anima-Village-7-80x60.jpg) 0 0 no-repeat;\r\n                    }\r\n                    #tdi_1  .td-doubleSlider-2 .td-item8 {\r\n                        background: url(https:\/\/www.justretail.news\/latam\/wp-content\/uploads\/2025\/12\/Anima-Village-8-80x60.jpg) 0 0 no-repeat;\r\n                    }\r\n                <\/style>\r\n\r\n                <div id=\"tdi_1\" class=\"td-gallery td-slide-on-2-columns\">\r\n                    <div class=\"post_td_gallery\">\r\n                        <div class=\"td-gallery-slide-top\">\r\n                           <div class=\"td-gallery-title\"><\/div>\r\n\r\n                            <div class=\"td-gallery-controls-wrapper\">\r\n                                <div class=\"td-gallery-slide-count\"><span class=\"td-gallery-slide-item-focus\">1<\/span> de 8<\/div>\r\n                                <div class=\"td-gallery-slide-prev-next-but\">\r\n                                    <i class = \"td-icon-left doubleSliderPrevButton\"><\/i>\r\n                                    <i class = \"td-icon-right doubleSliderNextButton\"><\/i>\r\n                                <\/div>\r\n                            <\/div>\r\n                        <\/div>\r\n\r\n                        <div class = \"td-doubleSlider-1 \">\r\n                            <div class = \"td-slider\">\r\n                                \r\n                    <div class = \"td-slide-item td-item1\">\r\n                        <figure class=\"td-slide-galery-figure td-slide-popup-gallery\">\r\n                            <a class=\"slide-gallery-image-link\" href=\"https:\/\/www.justretail.news\/latam\/wp-content\/uploads\/2025\/12\/Anima-Village-9-e1765319200629.jpg\" title=\"A\u0301nima Village 9\"  data-caption=\"\"  data-description=\"\">\r\n                                <img decoding=\"async\" src=\"https:\/\/www.justretail.news\/latam\/wp-content\/uploads\/2025\/12\/Anima-Village-9-747x420.jpg\" srcset=\"https:\/\/www.justretail.news\/latam\/wp-content\/uploads\/2025\/12\/Anima-Village-9-747x420.jpg 747w, https:\/\/www.justretail.news\/latam\/wp-content\/uploads\/2025\/12\/Anima-Village-9-300x169.jpg 300w, https:\/\/www.justretail.news\/latam\/wp-content\/uploads\/2025\/12\/Anima-Village-9-1024x576.jpg 1024w, https:\/\/www.justretail.news\/latam\/wp-content\/uploads\/2025\/12\/Anima-Village-9-768x432.jpg 768w, https:\/\/www.justretail.news\/latam\/wp-content\/uploads\/2025\/12\/Anima-Village-9-1536x864.jpg 1536w, https:\/\/www.justretail.news\/latam\/wp-content\/uploads\/2025\/12\/Anima-Village-9-150x84.jpg 150w, https:\/\/www.justretail.news\/latam\/wp-content\/uploads\/2025\/12\/Anima-Village-9-696x391.jpg 696w, https:\/\/www.justretail.news\/latam\/wp-content\/uploads\/2025\/12\/Anima-Village-9-1068x600.jpg 1068w, https:\/\/www.justretail.news\/latam\/wp-content\/uploads\/2025\/12\/Anima-Village-9-e1765319200629.jpg 800w\" sizes=\"(max-width: 747px) 100vw, 747px\" alt=\"A\u0301nima Village\">\r\n                            <\/a>\r\n                            \r\n                        <\/figure>\r\n                    <\/div>\r\n                    <div class = \"td-slide-item td-item2\">\r\n                        <figure class=\"td-slide-galery-figure td-slide-popup-gallery\">\r\n                            <a class=\"slide-gallery-image-link\" href=\"https:\/\/www.justretail.news\/latam\/wp-content\/uploads\/2025\/12\/Anima-Village-1-e1765319293116.jpg\" title=\"A\u0301nima Village 1\"  data-caption=\"\"  data-description=\"\">\r\n                                <img decoding=\"async\" src=\"https:\/\/www.justretail.news\/latam\/wp-content\/uploads\/2025\/12\/Anima-Village-1-371x420.jpg\" srcset=\"https:\/\/www.justretail.news\/latam\/wp-content\/uploads\/2025\/12\/Anima-Village-1-371x420.jpg 371w, https:\/\/www.justretail.news\/latam\/wp-content\/uploads\/2025\/12\/Anima-Village-1-265x300.jpg 265w, https:\/\/www.justretail.news\/latam\/wp-content\/uploads\/2025\/12\/Anima-Village-1-905x1024.jpg 905w, https:\/\/www.justretail.news\/latam\/wp-content\/uploads\/2025\/12\/Anima-Village-1-768x869.jpg 768w, https:\/\/www.justretail.news\/latam\/wp-content\/uploads\/2025\/12\/Anima-Village-1-150x170.jpg 150w, https:\/\/www.justretail.news\/latam\/wp-content\/uploads\/2025\/12\/Anima-Village-1-300x339.jpg 300w, https:\/\/www.justretail.news\/latam\/wp-content\/uploads\/2025\/12\/Anima-Village-1-696x787.jpg 696w, https:\/\/www.justretail.news\/latam\/wp-content\/uploads\/2025\/12\/Anima-Village-1-e1765319293116.jpg 800w\" sizes=\"(max-width: 371px) 100vw, 371px\" alt=\"A\u0301nima Village\">\r\n                            <\/a>\r\n                            \r\n                        <\/figure>\r\n                    <\/div>\r\n                    <div class = \"td-slide-item td-item3\">\r\n                        <figure class=\"td-slide-galery-figure td-slide-popup-gallery\">\r\n                            <a class=\"slide-gallery-image-link\" href=\"https:\/\/www.justretail.news\/latam\/wp-content\/uploads\/2025\/12\/Anima-Village-2-e1765319283141.jpg\" title=\"A\u0301nima Village 2\"  data-caption=\"\"  data-description=\"\">\r\n                                <img decoding=\"async\" src=\"https:\/\/www.justretail.news\/latam\/wp-content\/uploads\/2025\/12\/Anima-Village-2-747x420.jpg\" srcset=\"https:\/\/www.justretail.news\/latam\/wp-content\/uploads\/2025\/12\/Anima-Village-2-747x420.jpg 747w, https:\/\/www.justretail.news\/latam\/wp-content\/uploads\/2025\/12\/Anima-Village-2-300x169.jpg 300w, https:\/\/www.justretail.news\/latam\/wp-content\/uploads\/2025\/12\/Anima-Village-2-1024x576.jpg 1024w, https:\/\/www.justretail.news\/latam\/wp-content\/uploads\/2025\/12\/Anima-Village-2-768x432.jpg 768w, https:\/\/www.justretail.news\/latam\/wp-content\/uploads\/2025\/12\/Anima-Village-2-150x84.jpg 150w, https:\/\/www.justretail.news\/latam\/wp-content\/uploads\/2025\/12\/Anima-Village-2-696x392.jpg 696w, https:\/\/www.justretail.news\/latam\/wp-content\/uploads\/2025\/12\/Anima-Village-2-1068x601.jpg 1068w, https:\/\/www.justretail.news\/latam\/wp-content\/uploads\/2025\/12\/Anima-Village-2-e1765319283141.jpg 800w\" sizes=\"(max-width: 747px) 100vw, 747px\" alt=\"A\u0301nima Village\">\r\n                            <\/a>\r\n                            \r\n                        <\/figure>\r\n                    <\/div>\r\n                    <div class = \"td-slide-item td-item4\">\r\n                        <figure class=\"td-slide-galery-figure td-slide-popup-gallery\">\r\n                            <a class=\"slide-gallery-image-link\" href=\"https:\/\/www.justretail.news\/latam\/wp-content\/uploads\/2025\/12\/Anima-Village-4-e1765319262532.jpg\" title=\"A\u0301nima Village 4\"  data-caption=\"\"  data-description=\"\">\r\n                                <img decoding=\"async\" src=\"https:\/\/www.justretail.news\/latam\/wp-content\/uploads\/2025\/12\/Anima-Village-4-340x420.jpg\" srcset=\"https:\/\/www.justretail.news\/latam\/wp-content\/uploads\/2025\/12\/Anima-Village-4-340x420.jpg 340w, https:\/\/www.justretail.news\/latam\/wp-content\/uploads\/2025\/12\/Anima-Village-4-243x300.jpg 243w, https:\/\/www.justretail.news\/latam\/wp-content\/uploads\/2025\/12\/Anima-Village-4-829x1024.jpg 829w, https:\/\/www.justretail.news\/latam\/wp-content\/uploads\/2025\/12\/Anima-Village-4-768x949.jpg 768w, https:\/\/www.justretail.news\/latam\/wp-content\/uploads\/2025\/12\/Anima-Village-4-1243x1536.jpg 1243w, https:\/\/www.justretail.news\/latam\/wp-content\/uploads\/2025\/12\/Anima-Village-4-150x185.jpg 150w, https:\/\/www.justretail.news\/latam\/wp-content\/uploads\/2025\/12\/Anima-Village-4-300x371.jpg 300w, https:\/\/www.justretail.news\/latam\/wp-content\/uploads\/2025\/12\/Anima-Village-4-324x400.jpg 324w, https:\/\/www.justretail.news\/latam\/wp-content\/uploads\/2025\/12\/Anima-Village-4-696x860.jpg 696w, https:\/\/www.justretail.news\/latam\/wp-content\/uploads\/2025\/12\/Anima-Village-4-1068x1320.jpg 1068w, https:\/\/www.justretail.news\/latam\/wp-content\/uploads\/2025\/12\/Anima-Village-4-e1765319262532.jpg 800w\" sizes=\"(max-width: 340px) 100vw, 340px\" alt=\"A\u0301nima Village\">\r\n                            <\/a>\r\n                            \r\n                        <\/figure>\r\n                    <\/div>\r\n                    <div class = \"td-slide-item td-item5\">\r\n                        <figure class=\"td-slide-galery-figure td-slide-popup-gallery\">\r\n                            <a class=\"slide-gallery-image-link\" href=\"https:\/\/www.justretail.news\/latam\/wp-content\/uploads\/2025\/12\/Anima-Village-5-e1765319250489.jpg\" title=\"A\u0301nima Village 5\"  data-caption=\"\"  data-description=\"\">\r\n                                <img decoding=\"async\" src=\"https:\/\/www.justretail.news\/latam\/wp-content\/uploads\/2025\/12\/Anima-Village-5-561x420.jpg\" srcset=\"https:\/\/www.justretail.news\/latam\/wp-content\/uploads\/2025\/12\/Anima-Village-5-561x420.jpg 561w, https:\/\/www.justretail.news\/latam\/wp-content\/uploads\/2025\/12\/Anima-Village-5-300x225.jpg 300w, https:\/\/www.justretail.news\/latam\/wp-content\/uploads\/2025\/12\/Anima-Village-5-1024x767.jpg 1024w, https:\/\/www.justretail.news\/latam\/wp-content\/uploads\/2025\/12\/Anima-Village-5-768x575.jpg 768w, https:\/\/www.justretail.news\/latam\/wp-content\/uploads\/2025\/12\/Anima-Village-5-1536x1151.jpg 1536w, https:\/\/www.justretail.news\/latam\/wp-content\/uploads\/2025\/12\/Anima-Village-5-80x60.jpg 80w, https:\/\/www.justretail.news\/latam\/wp-content\/uploads\/2025\/12\/Anima-Village-5-150x112.jpg 150w, https:\/\/www.justretail.news\/latam\/wp-content\/uploads\/2025\/12\/Anima-Village-5-696x521.jpg 696w, https:\/\/www.justretail.news\/latam\/wp-content\/uploads\/2025\/12\/Anima-Village-5-1068x800.jpg 1068w, https:\/\/www.justretail.news\/latam\/wp-content\/uploads\/2025\/12\/Anima-Village-5-1920x1438.jpg 1920w, https:\/\/www.justretail.news\/latam\/wp-content\/uploads\/2025\/12\/Anima-Village-5-265x198.jpg 265w, https:\/\/www.justretail.news\/latam\/wp-content\/uploads\/2025\/12\/Anima-Village-5-e1765319250489.jpg 800w\" sizes=\"(max-width: 561px) 100vw, 561px\" alt=\"A\u0301nima Village\">\r\n                            <\/a>\r\n                            \r\n                        <\/figure>\r\n                    <\/div>\r\n                    <div class = \"td-slide-item td-item6\">\r\n                        <figure class=\"td-slide-galery-figure td-slide-popup-gallery\">\r\n                            <a class=\"slide-gallery-image-link\" href=\"https:\/\/www.justretail.news\/latam\/wp-content\/uploads\/2025\/12\/Anima-Village-6-e1765319241444.jpg\" title=\"A\u0301nima Village 6\"  data-caption=\"\"  data-description=\"\">\r\n                                <img decoding=\"async\" src=\"https:\/\/www.justretail.news\/latam\/wp-content\/uploads\/2025\/12\/Anima-Village-6-710x420.jpg\" srcset=\"https:\/\/www.justretail.news\/latam\/wp-content\/uploads\/2025\/12\/Anima-Village-6-710x420.jpg 710w, https:\/\/www.justretail.news\/latam\/wp-content\/uploads\/2025\/12\/Anima-Village-6-300x178.jpg 300w, https:\/\/www.justretail.news\/latam\/wp-content\/uploads\/2025\/12\/Anima-Village-6-1024x606.jpg 1024w, https:\/\/www.justretail.news\/latam\/wp-content\/uploads\/2025\/12\/Anima-Village-6-768x455.jpg 768w, https:\/\/www.justretail.news\/latam\/wp-content\/uploads\/2025\/12\/Anima-Village-6-1536x909.jpg 1536w, https:\/\/www.justretail.news\/latam\/wp-content\/uploads\/2025\/12\/Anima-Village-6-150x89.jpg 150w, https:\/\/www.justretail.news\/latam\/wp-content\/uploads\/2025\/12\/Anima-Village-6-696x412.jpg 696w, https:\/\/www.justretail.news\/latam\/wp-content\/uploads\/2025\/12\/Anima-Village-6-1068x632.jpg 1068w, https:\/\/www.justretail.news\/latam\/wp-content\/uploads\/2025\/12\/Anima-Village-6-1920x1136.jpg 1920w, https:\/\/www.justretail.news\/latam\/wp-content\/uploads\/2025\/12\/Anima-Village-6-e1765319241444.jpg 800w\" sizes=\"(max-width: 710px) 100vw, 710px\" alt=\"A\u0301nima Village\">\r\n                            <\/a>\r\n                            \r\n                        <\/figure>\r\n                    <\/div>\r\n                    <div class = \"td-slide-item td-item7\">\r\n                        <figure class=\"td-slide-galery-figure td-slide-popup-gallery\">\r\n                            <a class=\"slide-gallery-image-link\" href=\"https:\/\/www.justretail.news\/latam\/wp-content\/uploads\/2025\/12\/Anima-Village-7-e1765319229432.jpg\" title=\"A\u0301nima Village 7\"  data-caption=\"\"  data-description=\"\">\r\n                                <img decoding=\"async\" src=\"https:\/\/www.justretail.news\/latam\/wp-content\/uploads\/2025\/12\/Anima-Village-7-707x420.jpg\" srcset=\"https:\/\/www.justretail.news\/latam\/wp-content\/uploads\/2025\/12\/Anima-Village-7-707x420.jpg 707w, https:\/\/www.justretail.news\/latam\/wp-content\/uploads\/2025\/12\/Anima-Village-7-300x178.jpg 300w, https:\/\/www.justretail.news\/latam\/wp-content\/uploads\/2025\/12\/Anima-Village-7-1024x608.jpg 1024w, https:\/\/www.justretail.news\/latam\/wp-content\/uploads\/2025\/12\/Anima-Village-7-768x456.jpg 768w, https:\/\/www.justretail.news\/latam\/wp-content\/uploads\/2025\/12\/Anima-Village-7-150x89.jpg 150w, https:\/\/www.justretail.news\/latam\/wp-content\/uploads\/2025\/12\/Anima-Village-7-696x413.jpg 696w, https:\/\/www.justretail.news\/latam\/wp-content\/uploads\/2025\/12\/Anima-Village-7-1068x634.jpg 1068w, https:\/\/www.justretail.news\/latam\/wp-content\/uploads\/2025\/12\/Anima-Village-7-e1765319229432.jpg 800w\" sizes=\"(max-width: 707px) 100vw, 707px\" alt=\"A\u0301nima Village\">\r\n                            <\/a>\r\n                            \r\n                        <\/figure>\r\n                    <\/div>\r\n                    <div class = \"td-slide-item td-item8\">\r\n                        <figure class=\"td-slide-galery-figure td-slide-popup-gallery\">\r\n                            <a class=\"slide-gallery-image-link\" href=\"https:\/\/www.justretail.news\/latam\/wp-content\/uploads\/2025\/12\/Anima-Village-8-e1765319216730.jpg\" title=\"A\u0301nima Village 8\"  data-caption=\"\"  data-description=\"\">\r\n                                <img decoding=\"async\" src=\"https:\/\/www.justretail.news\/latam\/wp-content\/uploads\/2025\/12\/Anima-Village-8-372x420.jpg\" srcset=\"https:\/\/www.justretail.news\/latam\/wp-content\/uploads\/2025\/12\/Anima-Village-8-372x420.jpg 372w, https:\/\/www.justretail.news\/latam\/wp-content\/uploads\/2025\/12\/Anima-Village-8-266x300.jpg 266w, https:\/\/www.justretail.news\/latam\/wp-content\/uploads\/2025\/12\/Anima-Village-8-908x1024.jpg 908w, https:\/\/www.justretail.news\/latam\/wp-content\/uploads\/2025\/12\/Anima-Village-8-768x867.jpg 768w, https:\/\/www.justretail.news\/latam\/wp-content\/uploads\/2025\/12\/Anima-Village-8-150x169.jpg 150w, https:\/\/www.justretail.news\/latam\/wp-content\/uploads\/2025\/12\/Anima-Village-8-300x339.jpg 300w, https:\/\/www.justretail.news\/latam\/wp-content\/uploads\/2025\/12\/Anima-Village-8-696x785.jpg 696w, https:\/\/www.justretail.news\/latam\/wp-content\/uploads\/2025\/12\/Anima-Village-8-1068x1205.jpg 1068w, https:\/\/www.justretail.news\/latam\/wp-content\/uploads\/2025\/12\/Anima-Village-8-e1765319216730.jpg 800w\" sizes=\"(max-width: 372px) 100vw, 372px\" alt=\"A\u0301nima Village\">\r\n                            <\/a>\r\n                            \r\n                        <\/figure>\r\n                    <\/div>\r\n                            <\/div>\r\n                        <\/div>\r\n\r\n                        <div class = \"td-doubleSlider-2\">\r\n                            <div class = \"td-slider\">\r\n                                \r\n                    <div class = \"td-button td-item1\">\r\n                        <div class = \"td-border\"><\/div>\r\n                    <\/div>\r\n                    <div class = \"td-button td-item2\">\r\n                        <div class = \"td-border\"><\/div>\r\n                    <\/div>\r\n                    <div class = \"td-button td-item3\">\r\n                        <div class = \"td-border\"><\/div>\r\n                    <\/div>\r\n                    <div class = \"td-button td-item4\">\r\n                        <div class = \"td-border\"><\/div>\r\n                    <\/div>\r\n                    <div class = \"td-button td-item5\">\r\n                        <div class = \"td-border\"><\/div>\r\n                    <\/div>\r\n                    <div class = \"td-button td-item6\">\r\n                        <div class = \"td-border\"><\/div>\r\n                    <\/div>\r\n                    <div class = \"td-button td-item7\">\r\n                        <div class = \"td-border\"><\/div>\r\n                    <\/div>\r\n                    <div class = \"td-button td-item8\">\r\n                        <div class = \"td-border\"><\/div>\r\n                    <\/div>\r\n                            <\/div>\r\n                        <\/div>\r\n\r\n                    <\/div>\r\n\r\n                <\/div>\r\n                \n\n\n<p>Uno de los elementos que refuerzan el posicionamiento de \u00c1nima Village es su ubicaci\u00f3n: el complejo se encuentra justo por encima de <strong>Park Hyatt Residences | The Villa Collection<\/strong>, uno de los enclaves residenciales m\u00e1s exclusivos de Los Cabos. La apertura a\u00f1ade un nuevo nivel de conveniencia, sofisticaci\u00f3n y vida social a la zona, lo que contribuye a consolidar al destino como un polo global para el turismo y la vivienda de lujo.<\/p>\n\n\n\n<p>Con esta inauguraci\u00f3n, Los Cabos ampl\u00eda su oferta de proyectos que combinan arquitectura de autor, experiencias inmersivas y <em>retail<\/em> de alto nivel, aline\u00e1ndose con las tendencias internacionales que apuestan por entornos h\u00edbridos donde la compra convive con el arte, la gastronom\u00eda y el bienestar.<\/p>\n\n\n\n<p>\u00c1nima Village cuenta con un portafolio ecl\u00e9ctico y exclusivo que re\u00fane marcas internacionales de primer nivel. Desde iconos del lujo como <strong>Louis Vuitton, Prada, Cartier o Rolex,<\/strong> hasta referentes de moda contempor\u00e1nea y <em>lifestyle<\/em> como <strong>Nike, Lululemon, Alo Yoga, Golden Goose, Dolce &amp; Gabbana, Miu Miu o Ferragamo,<\/strong> as\u00ed como firmas de moda accesible y estilo como <strong>Tommy Hilfiger, Coach, Sandro, Victoria\u2019s Secret, Scalpers, Birkenstock o Rag &amp; Bone.<\/strong> Esta mezcla apunta a atraer a un p\u00fablico diverso \u2013residentes, visitantes, amantes del lujo y del dise\u00f1o\u2013, consolidando a \u00c1nima Village como el destino de <em>retail<\/em> pr\u00e9mium m\u00e1s completo y ambicioso de Los Cabos.<\/p>\n\n\n\n<p>\u00c1nima Village ya se encuentra <strong>abierto al p\u00fablico<\/strong> y se perfila como uno de los nuevos espacios imprescindibles para residentes y visitantes que buscan propuestas diferenciadas en la regi\u00f3n.<\/p>\n","protected":false},"excerpt":{"rendered":"<p>El complejo, desarrollado por SOMA, ha abierto sus puertas con una propuesta que combina retail de lujo, gastronom\u00eda, arte y bienestar.<\/p>\n","protected":false},"author":1,"featured_media":4839,"comment_status":"closed","ping_status":"open","sticky":false,"template":"","format":"standard","meta":{"_jetpack_memberships_contains_paid_content":false,"footnotes":""},"categories":[59,40],"tags":[1061,1062],"class_list":{"0":"post-4832","1":"post","2":"type-post","3":"status-publish","4":"format-standard","5":"has-post-thumbnail","7":"category-destacadas","8":"category-locations","9":"tag-anima-village","10":"tag-los-cabos"},"yoast_head":"<!-- This site is optimized with the Yoast SEO plugin v27.4 - https:\/\/yoast.com\/product\/yoast-seo-wordpress\/ -->\n<title>\u00c1nima Village abre en Los Cabos y redefine el modelo de destinos comerciales pr\u00e9mium en Baja California - Just Retail Latam<\/title>\n<meta name=\"description\" content=\"Los Cabos suma un nuevo protagonista a su creciente ecosistema de proyectos de alto nivel, \u00c1nima Village, desarrollado por SOMA.\" \/>\n<meta name=\"robots\" content=\"index, follow, max-snippet:-1, max-image-preview:large, max-video-preview:-1\" \/>\n<link rel=\"canonical\" href=\"https:\/\/www.justretail.news\/latam\/noticias\/anima-village-abre-en-los-cabos-y-redefine-el-modelo-de-destinos-comerciales-premium-en-baja-california\/\" \/>\n<meta property=\"og:locale\" content=\"es_ES\" \/>\n<meta property=\"og:type\" content=\"article\" \/>\n<meta property=\"og:title\" content=\"\u00c1nima Village abre en Los Cabos y redefine el modelo de destinos comerciales pr\u00e9mium en Baja California - Just Retail Latam\" \/>\n<meta property=\"og:description\" content=\"Los Cabos suma un nuevo protagonista a su creciente ecosistema de proyectos de alto nivel, \u00c1nima Village, desarrollado por SOMA.\" \/>\n<meta property=\"og:url\" content=\"https:\/\/www.justretail.news\/latam\/noticias\/anima-village-abre-en-los-cabos-y-redefine-el-modelo-de-destinos-comerciales-premium-en-baja-california\/\" \/>\n<meta property=\"og:site_name\" content=\"Just Retail Latam\" \/>\n<meta property=\"article:published_time\" content=\"2025-12-09T22:37:08+00:00\" \/>\n<meta property=\"article:modified_time\" content=\"2025-12-18T21:55:59+00:00\" \/>\n<meta property=\"og:image\" content=\"https:\/\/www.justretail.news\/latam\/wp-content\/uploads\/2025\/12\/Anima-Village-3-e1765319272982.jpg\" \/>\n\t<meta property=\"og:image:width\" content=\"800\" \/>\n\t<meta property=\"og:image:height\" content=\"539\" \/>\n\t<meta property=\"og:image:type\" content=\"image\/jpeg\" \/>\n<meta name=\"author\" content=\"Redacci\u00f3n\" \/>\n<meta name=\"twitter:card\" content=\"summary_large_image\" \/>\n<meta name=\"twitter:label1\" content=\"Escrito por\" \/>\n\t<meta name=\"twitter:data1\" content=\"Redacci\u00f3n\" \/>\n\t<meta name=\"twitter:label2\" content=\"Tiempo de lectura\" \/>\n\t<meta name=\"twitter:data2\" content=\"3 minutos\" \/>\n<script type=\"application\/ld+json\" class=\"yoast-schema-graph\">{\"@context\":\"https:\\\/\\\/schema.org\",\"@graph\":[{\"@type\":\"Article\",\"@id\":\"https:\\\/\\\/www.justretail.news\\\/latam\\\/noticias\\\/anima-village-abre-en-los-cabos-y-redefine-el-modelo-de-destinos-comerciales-premium-en-baja-california\\\/#article\",\"isPartOf\":{\"@id\":\"https:\\\/\\\/www.justretail.news\\\/latam\\\/noticias\\\/anima-village-abre-en-los-cabos-y-redefine-el-modelo-de-destinos-comerciales-premium-en-baja-california\\\/\"},\"author\":{\"name\":\"Redacci\u00f3n\",\"@id\":\"https:\\\/\\\/www.justretail.news\\\/latam\\\/#\\\/schema\\\/person\\\/1543b9d803b2d5751fba2211e7785c5f\"},\"headline\":\"\u00c1nima Village abre en Los Cabos y redefine el modelo de destinos comerciales pr\u00e9mium en Baja California\",\"datePublished\":\"2025-12-09T22:37:08+00:00\",\"dateModified\":\"2025-12-18T21:55:59+00:00\",\"mainEntityOfPage\":{\"@id\":\"https:\\\/\\\/www.justretail.news\\\/latam\\\/noticias\\\/anima-village-abre-en-los-cabos-y-redefine-el-modelo-de-destinos-comerciales-premium-en-baja-california\\\/\"},\"wordCount\":447,\"publisher\":{\"@id\":\"https:\\\/\\\/www.justretail.news\\\/latam\\\/#organization\"},\"image\":{\"@id\":\"https:\\\/\\\/www.justretail.news\\\/latam\\\/noticias\\\/anima-village-abre-en-los-cabos-y-redefine-el-modelo-de-destinos-comerciales-premium-en-baja-california\\\/#primaryimage\"},\"thumbnailUrl\":\"https:\\\/\\\/www.justretail.news\\\/latam\\\/wp-content\\\/uploads\\\/2025\\\/12\\\/Anima-Village-3-e1765319272982.jpg\",\"keywords\":[\"\u00c1nima Village\",\"Los Cabos\"],\"articleSection\":[\"Destacadas\",\"Locations\"],\"inLanguage\":\"es\"},{\"@type\":\"WebPage\",\"@id\":\"https:\\\/\\\/www.justretail.news\\\/latam\\\/noticias\\\/anima-village-abre-en-los-cabos-y-redefine-el-modelo-de-destinos-comerciales-premium-en-baja-california\\\/\",\"url\":\"https:\\\/\\\/www.justretail.news\\\/latam\\\/noticias\\\/anima-village-abre-en-los-cabos-y-redefine-el-modelo-de-destinos-comerciales-premium-en-baja-california\\\/\",\"name\":\"\u00c1nima Village abre en Los Cabos y redefine el modelo de destinos comerciales pr\u00e9mium en Baja California - Just Retail Latam\",\"isPartOf\":{\"@id\":\"https:\\\/\\\/www.justretail.news\\\/latam\\\/#website\"},\"primaryImageOfPage\":{\"@id\":\"https:\\\/\\\/www.justretail.news\\\/latam\\\/noticias\\\/anima-village-abre-en-los-cabos-y-redefine-el-modelo-de-destinos-comerciales-premium-en-baja-california\\\/#primaryimage\"},\"image\":{\"@id\":\"https:\\\/\\\/www.justretail.news\\\/latam\\\/noticias\\\/anima-village-abre-en-los-cabos-y-redefine-el-modelo-de-destinos-comerciales-premium-en-baja-california\\\/#primaryimage\"},\"thumbnailUrl\":\"https:\\\/\\\/www.justretail.news\\\/latam\\\/wp-content\\\/uploads\\\/2025\\\/12\\\/Anima-Village-3-e1765319272982.jpg\",\"datePublished\":\"2025-12-09T22:37:08+00:00\",\"dateModified\":\"2025-12-18T21:55:59+00:00\",\"description\":\"Los Cabos suma un nuevo protagonista a su creciente ecosistema de proyectos de alto nivel, \u00c1nima Village, desarrollado por SOMA.\",\"breadcrumb\":{\"@id\":\"https:\\\/\\\/www.justretail.news\\\/latam\\\/noticias\\\/anima-village-abre-en-los-cabos-y-redefine-el-modelo-de-destinos-comerciales-premium-en-baja-california\\\/#breadcrumb\"},\"inLanguage\":\"es\",\"potentialAction\":[{\"@type\":\"ReadAction\",\"target\":[\"https:\\\/\\\/www.justretail.news\\\/latam\\\/noticias\\\/anima-village-abre-en-los-cabos-y-redefine-el-modelo-de-destinos-comerciales-premium-en-baja-california\\\/\"]}]},{\"@type\":\"ImageObject\",\"inLanguage\":\"es\",\"@id\":\"https:\\\/\\\/www.justretail.news\\\/latam\\\/noticias\\\/anima-village-abre-en-los-cabos-y-redefine-el-modelo-de-destinos-comerciales-premium-en-baja-california\\\/#primaryimage\",\"url\":\"https:\\\/\\\/www.justretail.news\\\/latam\\\/wp-content\\\/uploads\\\/2025\\\/12\\\/Anima-Village-3-e1765319272982.jpg\",\"contentUrl\":\"https:\\\/\\\/www.justretail.news\\\/latam\\\/wp-content\\\/uploads\\\/2025\\\/12\\\/Anima-Village-3-e1765319272982.jpg\",\"width\":800,\"height\":539,\"caption\":\"A\u0301nima Village\"},{\"@type\":\"BreadcrumbList\",\"@id\":\"https:\\\/\\\/www.justretail.news\\\/latam\\\/noticias\\\/anima-village-abre-en-los-cabos-y-redefine-el-modelo-de-destinos-comerciales-premium-en-baja-california\\\/#breadcrumb\",\"itemListElement\":[{\"@type\":\"ListItem\",\"position\":1,\"name\":\"Portada\",\"item\":\"https:\\\/\\\/www.justretail.news\\\/latam\\\/\"},{\"@type\":\"ListItem\",\"position\":2,\"name\":\"\u00c1nima Village abre en Los Cabos y redefine el modelo de destinos comerciales pr\u00e9mium en Baja California\"}]},{\"@type\":\"WebSite\",\"@id\":\"https:\\\/\\\/www.justretail.news\\\/latam\\\/#website\",\"url\":\"https:\\\/\\\/www.justretail.news\\\/latam\\\/\",\"name\":\"Just Retail Latam\",\"description\":\"\",\"publisher\":{\"@id\":\"https:\\\/\\\/www.justretail.news\\\/latam\\\/#organization\"},\"potentialAction\":[{\"@type\":\"SearchAction\",\"target\":{\"@type\":\"EntryPoint\",\"urlTemplate\":\"https:\\\/\\\/www.justretail.news\\\/latam\\\/?s={search_term_string}\"},\"query-input\":{\"@type\":\"PropertyValueSpecification\",\"valueRequired\":true,\"valueName\":\"search_term_string\"}}],\"inLanguage\":\"es\"},{\"@type\":\"Organization\",\"@id\":\"https:\\\/\\\/www.justretail.news\\\/latam\\\/#organization\",\"name\":\"Just Retail Latam\",\"url\":\"https:\\\/\\\/www.justretail.news\\\/latam\\\/\",\"logo\":{\"@type\":\"ImageObject\",\"inLanguage\":\"es\",\"@id\":\"https:\\\/\\\/www.justretail.news\\\/latam\\\/#\\\/schema\\\/logo\\\/image\\\/\",\"url\":\"https:\\\/\\\/www.justretail.news\\\/latam\\\/wp-content\\\/uploads\\\/2024\\\/05\\\/just-retail-logo-NEGRO-trans-latam-272x90_nuevo.png\",\"contentUrl\":\"https:\\\/\\\/www.justretail.news\\\/latam\\\/wp-content\\\/uploads\\\/2024\\\/05\\\/just-retail-logo-NEGRO-trans-latam-272x90_nuevo.png\",\"width\":272,\"height\":90,\"caption\":\"Just Retail Latam\"},\"image\":{\"@id\":\"https:\\\/\\\/www.justretail.news\\\/latam\\\/#\\\/schema\\\/logo\\\/image\\\/\"}},{\"@type\":\"Person\",\"@id\":\"https:\\\/\\\/www.justretail.news\\\/latam\\\/#\\\/schema\\\/person\\\/1543b9d803b2d5751fba2211e7785c5f\",\"name\":\"Redacci\u00f3n\",\"image\":{\"@type\":\"ImageObject\",\"inLanguage\":\"es\",\"@id\":\"https:\\\/\\\/secure.gravatar.com\\\/avatar\\\/728f66d366b9809efe89ec232bef06263abc057cefaba166bbd45a167e648b3c?s=96&d=mm&r=g\",\"url\":\"https:\\\/\\\/secure.gravatar.com\\\/avatar\\\/728f66d366b9809efe89ec232bef06263abc057cefaba166bbd45a167e648b3c?s=96&d=mm&r=g\",\"contentUrl\":\"https:\\\/\\\/secure.gravatar.com\\\/avatar\\\/728f66d366b9809efe89ec232bef06263abc057cefaba166bbd45a167e648b3c?s=96&d=mm&r=g\",\"caption\":\"Redacci\u00f3n\"},\"sameAs\":[\"https:\\\/\\\/www.justretail.news\\\/latam\"],\"url\":\"https:\\\/\\\/www.justretail.news\\\/latam\\\/noticias\\\/author\\\/latam_master\\\/\"}]}<\/script>\n<!-- \/ Yoast SEO plugin. -->","yoast_head_json":{"title":"\u00c1nima Village abre en Los Cabos y redefine el modelo de destinos comerciales pr\u00e9mium en Baja California - Just Retail Latam","description":"Los Cabos suma un nuevo protagonista a su creciente ecosistema de proyectos de alto nivel, \u00c1nima Village, desarrollado por SOMA.","robots":{"index":"index","follow":"follow","max-snippet":"max-snippet:-1","max-image-preview":"max-image-preview:large","max-video-preview":"max-video-preview:-1"},"canonical":"https:\/\/www.justretail.news\/latam\/noticias\/anima-village-abre-en-los-cabos-y-redefine-el-modelo-de-destinos-comerciales-premium-en-baja-california\/","og_locale":"es_ES","og_type":"article","og_title":"\u00c1nima Village abre en Los Cabos y redefine el modelo de destinos comerciales pr\u00e9mium en Baja California - Just Retail Latam","og_description":"Los Cabos suma un nuevo protagonista a su creciente ecosistema de proyectos de alto nivel, \u00c1nima Village, desarrollado por SOMA.","og_url":"https:\/\/www.justretail.news\/latam\/noticias\/anima-village-abre-en-los-cabos-y-redefine-el-modelo-de-destinos-comerciales-premium-en-baja-california\/","og_site_name":"Just Retail Latam","article_published_time":"2025-12-09T22:37:08+00:00","article_modified_time":"2025-12-18T21:55:59+00:00","og_image":[{"width":800,"height":539,"url":"https:\/\/www.justretail.news\/latam\/wp-content\/uploads\/2025\/12\/Anima-Village-3-e1765319272982.jpg","type":"image\/jpeg"}],"author":"Redacci\u00f3n","twitter_card":"summary_large_image","twitter_misc":{"Escrito por":"Redacci\u00f3n","Tiempo de lectura":"3 minutos"},"schema":{"@context":"https:\/\/schema.org","@graph":[{"@type":"Article","@id":"https:\/\/www.justretail.news\/latam\/noticias\/anima-village-abre-en-los-cabos-y-redefine-el-modelo-de-destinos-comerciales-premium-en-baja-california\/#article","isPartOf":{"@id":"https:\/\/www.justretail.news\/latam\/noticias\/anima-village-abre-en-los-cabos-y-redefine-el-modelo-de-destinos-comerciales-premium-en-baja-california\/"},"author":{"name":"Redacci\u00f3n","@id":"https:\/\/www.justretail.news\/latam\/#\/schema\/person\/1543b9d803b2d5751fba2211e7785c5f"},"headline":"\u00c1nima Village abre en Los Cabos y redefine el modelo de destinos comerciales pr\u00e9mium en Baja California","datePublished":"2025-12-09T22:37:08+00:00","dateModified":"2025-12-18T21:55:59+00:00","mainEntityOfPage":{"@id":"https:\/\/www.justretail.news\/latam\/noticias\/anima-village-abre-en-los-cabos-y-redefine-el-modelo-de-destinos-comerciales-premium-en-baja-california\/"},"wordCount":447,"publisher":{"@id":"https:\/\/www.justretail.news\/latam\/#organization"},"image":{"@id":"https:\/\/www.justretail.news\/latam\/noticias\/anima-village-abre-en-los-cabos-y-redefine-el-modelo-de-destinos-comerciales-premium-en-baja-california\/#primaryimage"},"thumbnailUrl":"https:\/\/www.justretail.news\/latam\/wp-content\/uploads\/2025\/12\/Anima-Village-3-e1765319272982.jpg","keywords":["\u00c1nima Village","Los Cabos"],"articleSection":["Destacadas","Locations"],"inLanguage":"es"},{"@type":"WebPage","@id":"https:\/\/www.justretail.news\/latam\/noticias\/anima-village-abre-en-los-cabos-y-redefine-el-modelo-de-destinos-comerciales-premium-en-baja-california\/","url":"https:\/\/www.justretail.news\/latam\/noticias\/anima-village-abre-en-los-cabos-y-redefine-el-modelo-de-destinos-comerciales-premium-en-baja-california\/","name":"\u00c1nima Village abre en Los Cabos y redefine el modelo de destinos comerciales pr\u00e9mium en Baja California - Just Retail Latam","isPartOf":{"@id":"https:\/\/www.justretail.news\/latam\/#website"},"primaryImageOfPage":{"@id":"https:\/\/www.justretail.news\/latam\/noticias\/anima-village-abre-en-los-cabos-y-redefine-el-modelo-de-destinos-comerciales-premium-en-baja-california\/#primaryimage"},"image":{"@id":"https:\/\/www.justretail.news\/latam\/noticias\/anima-village-abre-en-los-cabos-y-redefine-el-modelo-de-destinos-comerciales-premium-en-baja-california\/#primaryimage"},"thumbnailUrl":"https:\/\/www.justretail.news\/latam\/wp-content\/uploads\/2025\/12\/Anima-Village-3-e1765319272982.jpg","datePublished":"2025-12-09T22:37:08+00:00","dateModified":"2025-12-18T21:55:59+00:00","description":"Los Cabos suma un nuevo protagonista a su creciente ecosistema de proyectos de alto nivel, \u00c1nima Village, desarrollado por SOMA.","breadcrumb":{"@id":"https:\/\/www.justretail.news\/latam\/noticias\/anima-village-abre-en-los-cabos-y-redefine-el-modelo-de-destinos-comerciales-premium-en-baja-california\/#breadcrumb"},"inLanguage":"es","potentialAction":[{"@type":"ReadAction","target":["https:\/\/www.justretail.news\/latam\/noticias\/anima-village-abre-en-los-cabos-y-redefine-el-modelo-de-destinos-comerciales-premium-en-baja-california\/"]}]},{"@type":"ImageObject","inLanguage":"es","@id":"https:\/\/www.justretail.news\/latam\/noticias\/anima-village-abre-en-los-cabos-y-redefine-el-modelo-de-destinos-comerciales-premium-en-baja-california\/#primaryimage","url":"https:\/\/www.justretail.news\/latam\/wp-content\/uploads\/2025\/12\/Anima-Village-3-e1765319272982.jpg","contentUrl":"https:\/\/www.justretail.news\/latam\/wp-content\/uploads\/2025\/12\/Anima-Village-3-e1765319272982.jpg","width":800,"height":539,"caption":"A\u0301nima Village"},{"@type":"BreadcrumbList","@id":"https:\/\/www.justretail.news\/latam\/noticias\/anima-village-abre-en-los-cabos-y-redefine-el-modelo-de-destinos-comerciales-premium-en-baja-california\/#breadcrumb","itemListElement":[{"@type":"ListItem","position":1,"name":"Portada","item":"https:\/\/www.justretail.news\/latam\/"},{"@type":"ListItem","position":2,"name":"\u00c1nima Village abre en Los Cabos y redefine el modelo de destinos comerciales pr\u00e9mium en Baja California"}]},{"@type":"WebSite","@id":"https:\/\/www.justretail.news\/latam\/#website","url":"https:\/\/www.justretail.news\/latam\/","name":"Just Retail Latam","description":"","publisher":{"@id":"https:\/\/www.justretail.news\/latam\/#organization"},"potentialAction":[{"@type":"SearchAction","target":{"@type":"EntryPoint","urlTemplate":"https:\/\/www.justretail.news\/latam\/?s={search_term_string}"},"query-input":{"@type":"PropertyValueSpecification","valueRequired":true,"valueName":"search_term_string"}}],"inLanguage":"es"},{"@type":"Organization","@id":"https:\/\/www.justretail.news\/latam\/#organization","name":"Just Retail Latam","url":"https:\/\/www.justretail.news\/latam\/","logo":{"@type":"ImageObject","inLanguage":"es","@id":"https:\/\/www.justretail.news\/latam\/#\/schema\/logo\/image\/","url":"https:\/\/www.justretail.news\/latam\/wp-content\/uploads\/2024\/05\/just-retail-logo-NEGRO-trans-latam-272x90_nuevo.png","contentUrl":"https:\/\/www.justretail.news\/latam\/wp-content\/uploads\/2024\/05\/just-retail-logo-NEGRO-trans-latam-272x90_nuevo.png","width":272,"height":90,"caption":"Just Retail Latam"},"image":{"@id":"https:\/\/www.justretail.news\/latam\/#\/schema\/logo\/image\/"}},{"@type":"Person","@id":"https:\/\/www.justretail.news\/latam\/#\/schema\/person\/1543b9d803b2d5751fba2211e7785c5f","name":"Redacci\u00f3n","image":{"@type":"ImageObject","inLanguage":"es","@id":"https:\/\/secure.gravatar.com\/avatar\/728f66d366b9809efe89ec232bef06263abc057cefaba166bbd45a167e648b3c?s=96&d=mm&r=g","url":"https:\/\/secure.gravatar.com\/avatar\/728f66d366b9809efe89ec232bef06263abc057cefaba166bbd45a167e648b3c?s=96&d=mm&r=g","contentUrl":"https:\/\/secure.gravatar.com\/avatar\/728f66d366b9809efe89ec232bef06263abc057cefaba166bbd45a167e648b3c?s=96&d=mm&r=g","caption":"Redacci\u00f3n"},"sameAs":["https:\/\/www.justretail.news\/latam"],"url":"https:\/\/www.justretail.news\/latam\/noticias\/author\/latam_master\/"}]}},"jetpack_featured_media_url":"https:\/\/www.justretail.news\/latam\/wp-content\/uploads\/2025\/12\/Anima-Village-3-e1765319272982.jpg","jetpack_sharing_enabled":true,"_links":{"self":[{"href":"https:\/\/www.justretail.news\/latam\/wp-json\/wp\/v2\/posts\/4832","targetHints":{"allow":["GET"]}}],"collection":[{"href":"https:\/\/www.justretail.news\/latam\/wp-json\/wp\/v2\/posts"}],"about":[{"href":"https:\/\/www.justretail.news\/latam\/wp-json\/wp\/v2\/types\/post"}],"author":[{"embeddable":true,"href":"https:\/\/www.justretail.news\/latam\/wp-json\/wp\/v2\/users\/1"}],"replies":[{"embeddable":true,"href":"https:\/\/www.justretail.news\/latam\/wp-json\/wp\/v2\/comments?post=4832"}],"version-history":[{"count":1,"href":"https:\/\/www.justretail.news\/latam\/wp-json\/wp\/v2\/posts\/4832\/revisions"}],"predecessor-version":[{"id":4842,"href":"https:\/\/www.justretail.news\/latam\/wp-json\/wp\/v2\/posts\/4832\/revisions\/4842"}],"wp:featuredmedia":[{"embeddable":true,"href":"https:\/\/www.justretail.news\/latam\/wp-json\/wp\/v2\/media\/4839"}],"wp:attachment":[{"href":"https:\/\/www.justretail.news\/latam\/wp-json\/wp\/v2\/media?parent=4832"}],"wp:term":[{"taxonomy":"category","embeddable":true,"href":"https:\/\/www.justretail.news\/latam\/wp-json\/wp\/v2\/categories?post=4832"},{"taxonomy":"post_tag","embeddable":true,"href":"https:\/\/www.justretail.news\/latam\/wp-json\/wp\/v2\/tags?post=4832"}],"curies":[{"name":"wp","href":"https:\/\/api.w.org\/{rel}","templated":true}]}}