{"id":4858,"date":"2025-12-11T16:58:46","date_gmt":"2025-12-11T15:58:46","guid":{"rendered":"https:\/\/www.justretail.news\/latam\/?p=4858"},"modified":"2025-12-18T22:55:50","modified_gmt":"2025-12-18T21:55:50","slug":"luccianos-acelera-su-expansion-en-latinoamerica-y-pone-la-mira-en-mexico-y-brasil-para-2026","status":"publish","type":"post","link":"https:\/\/www.justretail.news\/latam\/noticias\/luccianos-acelera-su-expansion-en-latinoamerica-y-pone-la-mira-en-mexico-y-brasil-para-2026\/","title":{"rendered":"Lucciano\u2019s acelera su expansi\u00f3n en Latinoam\u00e9rica y pone la mira en M\u00e9xico y Brasil para 2026"},"content":{"rendered":"\n<p>La helader\u00eda artesanal argentina <strong>Lucciano\u2019s<\/strong> avanza con paso firme en su plan de crecimiento en Latinoam\u00e9rica. Tras consolidarse en su pa\u00eds de origen y sumar presencia en Uruguay, Chile y Estados Unidos, la marca entra en una nueva fase de expansi\u00f3n que prioriza <strong>mercados estrat\u00e9gicos por tama\u00f1o, estabilidad y proyecci\u00f3n de consumo<\/strong>. As\u00ed lo explica <strong>Gonzalo Alfons\u00edn, <em>general business manager<\/em> de Lucciano\u2019s<\/strong>, en entrevista exclusiva con <em>Just Retail Latam<\/em>.<\/p>\n\n\n\n<h2 class=\"wp-block-heading\">Argentina sigue siendo el motor del negocio<\/h2>\n\n\n\n<p>La compa\u00f1\u00eda cerrar\u00e1 el a\u00f1o con <strong>m\u00e1s de 100 locales en Argentina<\/strong>, lo que mantiene a este pa\u00eds como su principal base operativa y el centro de pruebas para nuevos sabores, formatos e innovaciones. \u201c<strong>Todo lo lanzamos primero en Argentina. Cuando funciona, hacemos el roll out al resto de los mercados<\/strong>\u201d, detalla Alfons\u00edn.<\/p>\n\n\n\n<figure class=\"wp-block-image size-large\"><img loading=\"lazy\" decoding=\"async\" width=\"1024\" height=\"683\" src=\"https:\/\/www.justretail.news\/latam\/wp-content\/uploads\/2025\/12\/0F8A8780_-1024x683.jpg\" alt=\"Gonzalo Alfons\u00edn, Lucciano's\" class=\"wp-image-4873\" srcset=\"https:\/\/www.justretail.news\/latam\/wp-content\/uploads\/2025\/12\/0F8A8780_-1024x683.jpg 1024w, https:\/\/www.justretail.news\/latam\/wp-content\/uploads\/2025\/12\/0F8A8780_-300x200.jpg 300w, https:\/\/www.justretail.news\/latam\/wp-content\/uploads\/2025\/12\/0F8A8780_-768x512.jpg 768w, https:\/\/www.justretail.news\/latam\/wp-content\/uploads\/2025\/12\/0F8A8780_-1536x1024.jpg 1536w, https:\/\/www.justretail.news\/latam\/wp-content\/uploads\/2025\/12\/0F8A8780_-630x420.jpg 630w, https:\/\/www.justretail.news\/latam\/wp-content\/uploads\/2025\/12\/0F8A8780_-150x100.jpg 150w, https:\/\/www.justretail.news\/latam\/wp-content\/uploads\/2025\/12\/0F8A8780_-696x464.jpg 696w, https:\/\/www.justretail.news\/latam\/wp-content\/uploads\/2025\/12\/0F8A8780_-1068x712.jpg 1068w, https:\/\/www.justretail.news\/latam\/wp-content\/uploads\/2025\/12\/0F8A8780_-1920x1280.jpg 1920w, https:\/\/www.justretail.news\/latam\/wp-content\/uploads\/2025\/12\/0F8A8780_-scaled.jpg 800w\" sizes=\"auto, (max-width: 1024px) 100vw, 1024px\" \/><figcaption class=\"wp-element-caption\">Gonzalo Alfons\u00edn, general business manager de Lucciano&#8217;s<\/figcaption><\/figure>\n\n\n\n<p>Ese modelo ya llev\u00f3 productos como los <strong>alfajores<\/strong> a Estados Unidos y Chile, y servir\u00e1 como plataforma para expandir l\u00edneas completas a Europa y Latinoam\u00e9rica en 2026.<\/p>\n\n\n\n<h2 class=\"wp-block-heading\">Uruguay, Chile y Paraguay: el crecimiento inmediato<\/h2>\n\n\n\n<p>Aunque Uruguay es un mercado peque\u00f1o, Lucciano\u2019s opera all\u00ed <strong>cuatro puntos de venta con excelentes resultados<\/strong>, apoyados en un entorno estable y un alto gasto per c\u00e1pita.<\/p>\n\n\n\n<p>En Chile, la marca abri\u00f3 hace unos meses su <strong>primer local<\/strong>, con un desempe\u00f1o \u201ctremendo\u201d, seg\u00fan el directivo. El plan contempla <strong>cuatro nuevas aperturas para 2026<\/strong>, incluyendo presencia en <strong>Mall Parque Arauco<\/strong>, uno de los complejos m\u00e1s relevantes de Santiago.<\/p>\n\n\n\n<p>La siguiente parada ser\u00e1 <strong>Paraguay<\/strong>, donde Lucciano\u2019s desembarcar\u00e1 en las primeras semanas de 2026.<\/p>\n\n\n\n<p>A la par, avanzan las b\u00fasquedas de ubicaci\u00f3n en <strong>Per\u00fa y Ecuador<\/strong>, mercados que, por su crecimiento econ\u00f3mico y h\u00e1bitos de consumo, entrar\u00edan en la red de aperturas entre 2026 y 2027.<\/p>\n\n\n\n<h2 class=\"wp-block-heading\">M\u00e9xico y Brasil, las grandes apuestas para 2026<\/h2>\n\n\n\r\n                <style type=\"text\/css\">\r\n                    \r\n                    #tdi_1  .td-doubleSlider-2 .td-item1 {\r\n                        background: url(https:\/\/www.justretail.news\/latam\/wp-content\/uploads\/2025\/12\/ADOS4892-Edit-2-80x60.jpg) 0 0 no-repeat;\r\n                    }\r\n                    #tdi_1  .td-doubleSlider-2 .td-item2 {\r\n                        background: url(https:\/\/www.justretail.news\/latam\/wp-content\/uploads\/2025\/12\/Luccianos_11-80x60.jpg) 0 0 no-repeat;\r\n                    }\r\n                    #tdi_1  .td-doubleSlider-2 .td-item3 {\r\n                        background: url(https:\/\/www.justretail.news\/latam\/wp-content\/uploads\/2025\/12\/Luccianos_12-80x60.jpg) 0 0 no-repeat;\r\n                    }\r\n                    #tdi_1  .td-doubleSlider-2 .td-item4 {\r\n                        background: url(https:\/\/www.justretail.news\/latam\/wp-content\/uploads\/2025\/12\/Luccianos_01-80x60.jpg) 0 0 no-repeat;\r\n                    }\r\n                    #tdi_1  .td-doubleSlider-2 .td-item5 {\r\n                        background: url(https:\/\/www.justretail.news\/latam\/wp-content\/uploads\/2025\/12\/Lucciano_s-35-80x60.jpg) 0 0 no-repeat;\r\n                    }\r\n                    #tdi_1  .td-doubleSlider-2 .td-item6 {\r\n                        background: url(https:\/\/www.justretail.news\/latam\/wp-content\/uploads\/2025\/12\/Lucciano_s-30-80x60.jpg) 0 0 no-repeat;\r\n                    }\r\n                    #tdi_1  .td-doubleSlider-2 .td-item7 {\r\n                        background: url(https:\/\/www.justretail.news\/latam\/wp-content\/uploads\/2025\/12\/Lucciano_s-10-80x60.jpg) 0 0 no-repeat;\r\n                    }\r\n                    #tdi_1  .td-doubleSlider-2 .td-item8 {\r\n                        background: url(https:\/\/www.justretail.news\/latam\/wp-content\/uploads\/2025\/12\/Lucciano_s-04-80x60.jpg) 0 0 no-repeat;\r\n                    }\r\n                    #tdi_1  .td-doubleSlider-2 .td-item9 {\r\n                        background: url(https:\/\/www.justretail.news\/latam\/wp-content\/uploads\/2025\/12\/ADOS4940-Edit-80x60.jpg) 0 0 no-repeat;\r\n                    }\r\n                    #tdi_1  .td-doubleSlider-2 .td-item10 {\r\n                        background: url(https:\/\/www.justretail.news\/latam\/wp-content\/uploads\/2025\/12\/ADOS4570-80x60.jpg) 0 0 no-repeat;\r\n                    }\r\n                <\/style>\r\n\r\n                <div id=\"tdi_1\" class=\"td-gallery td-slide-on-2-columns\">\r\n                    <div class=\"post_td_gallery\">\r\n                        <div class=\"td-gallery-slide-top\">\r\n                           <div class=\"td-gallery-title\"><\/div>\r\n\r\n                            <div class=\"td-gallery-controls-wrapper\">\r\n                                <div class=\"td-gallery-slide-count\"><span class=\"td-gallery-slide-item-focus\">1<\/span> de 10<\/div>\r\n                                <div class=\"td-gallery-slide-prev-next-but\">\r\n                                    <i class = \"td-icon-left doubleSliderPrevButton\"><\/i>\r\n                                    <i class = \"td-icon-right doubleSliderNextButton\"><\/i>\r\n                                <\/div>\r\n                            <\/div>\r\n                        <\/div>\r\n\r\n                        <div class = \"td-doubleSlider-1 \">\r\n                            <div class = \"td-slider\">\r\n                                \r\n                    <div class = \"td-slide-item td-item1\">\r\n                        <figure class=\"td-slide-galery-figure td-slide-popup-gallery\">\r\n                            <a class=\"slide-gallery-image-link\" href=\"https:\/\/www.justretail.news\/latam\/wp-content\/uploads\/2025\/12\/ADOS4892-Edit-2.jpg\" title=\"Lucciano's\"  data-caption=\"\"  data-description=\"\">\r\n                                <img decoding=\"async\" src=\"https:\/\/www.justretail.news\/latam\/wp-content\/uploads\/2025\/12\/ADOS4892-Edit-2-629x420.jpg\" srcset=\"https:\/\/www.justretail.news\/latam\/wp-content\/uploads\/2025\/12\/ADOS4892-Edit-2-629x420.jpg 629w, https:\/\/www.justretail.news\/latam\/wp-content\/uploads\/2025\/12\/ADOS4892-Edit-2-300x200.jpg 300w, https:\/\/www.justretail.news\/latam\/wp-content\/uploads\/2025\/12\/ADOS4892-Edit-2-768x513.jpg 768w, https:\/\/www.justretail.news\/latam\/wp-content\/uploads\/2025\/12\/ADOS4892-Edit-2-150x100.jpg 150w, https:\/\/www.justretail.news\/latam\/wp-content\/uploads\/2025\/12\/ADOS4892-Edit-2-696x465.jpg 696w, https:\/\/www.justretail.news\/latam\/wp-content\/uploads\/2025\/12\/ADOS4892-Edit-2.jpg 800w\" sizes=\"(max-width: 629px) 100vw, 629px\" alt=\"Lucciano&#039;s\">\r\n                            <\/a>\r\n                            \r\n                        <\/figure>\r\n                    <\/div>\r\n                    <div class = \"td-slide-item td-item2\">\r\n                        <figure class=\"td-slide-galery-figure td-slide-popup-gallery\">\r\n                            <a class=\"slide-gallery-image-link\" href=\"https:\/\/www.justretail.news\/latam\/wp-content\/uploads\/2025\/12\/Luccianos_11.jpg\" title=\"Lucciano's\"  data-caption=\"\"  data-description=\"\">\r\n                                <img decoding=\"async\" src=\"https:\/\/www.justretail.news\/latam\/wp-content\/uploads\/2025\/12\/Luccianos_11-630x420.jpg\" srcset=\"https:\/\/www.justretail.news\/latam\/wp-content\/uploads\/2025\/12\/Luccianos_11-630x420.jpg 630w, https:\/\/www.justretail.news\/latam\/wp-content\/uploads\/2025\/12\/Luccianos_11-300x200.jpg 300w, https:\/\/www.justretail.news\/latam\/wp-content\/uploads\/2025\/12\/Luccianos_11-768x512.jpg 768w, https:\/\/www.justretail.news\/latam\/wp-content\/uploads\/2025\/12\/Luccianos_11-150x100.jpg 150w, https:\/\/www.justretail.news\/latam\/wp-content\/uploads\/2025\/12\/Luccianos_11-696x464.jpg 696w, https:\/\/www.justretail.news\/latam\/wp-content\/uploads\/2025\/12\/Luccianos_11.jpg 800w\" sizes=\"(max-width: 630px) 100vw, 630px\" alt=\"Lucciano&#039;s\">\r\n                            <\/a>\r\n                            \r\n                        <\/figure>\r\n                    <\/div>\r\n                    <div class = \"td-slide-item td-item3\">\r\n                        <figure class=\"td-slide-galery-figure td-slide-popup-gallery\">\r\n                            <a class=\"slide-gallery-image-link\" href=\"https:\/\/www.justretail.news\/latam\/wp-content\/uploads\/2025\/12\/Luccianos_12.jpg\" title=\"Lucciano's\"  data-caption=\"\"  data-description=\"\">\r\n                                <img decoding=\"async\" src=\"https:\/\/www.justretail.news\/latam\/wp-content\/uploads\/2025\/12\/Luccianos_12-630x420.jpg\" srcset=\"https:\/\/www.justretail.news\/latam\/wp-content\/uploads\/2025\/12\/Luccianos_12-630x420.jpg 630w, https:\/\/www.justretail.news\/latam\/wp-content\/uploads\/2025\/12\/Luccianos_12-300x200.jpg 300w, https:\/\/www.justretail.news\/latam\/wp-content\/uploads\/2025\/12\/Luccianos_12-768x512.jpg 768w, https:\/\/www.justretail.news\/latam\/wp-content\/uploads\/2025\/12\/Luccianos_12-150x100.jpg 150w, https:\/\/www.justretail.news\/latam\/wp-content\/uploads\/2025\/12\/Luccianos_12-696x464.jpg 696w, https:\/\/www.justretail.news\/latam\/wp-content\/uploads\/2025\/12\/Luccianos_12.jpg 800w\" sizes=\"(max-width: 630px) 100vw, 630px\" alt=\"Lucciano&#039;s\">\r\n                            <\/a>\r\n                            \r\n                        <\/figure>\r\n                    <\/div>\r\n                    <div class = \"td-slide-item td-item4\">\r\n                        <figure class=\"td-slide-galery-figure td-slide-popup-gallery\">\r\n                            <a class=\"slide-gallery-image-link\" href=\"https:\/\/www.justretail.news\/latam\/wp-content\/uploads\/2025\/12\/Luccianos_01.jpg\" title=\"Lucciano's\"  data-caption=\"\"  data-description=\"\">\r\n                                <img decoding=\"async\" src=\"https:\/\/www.justretail.news\/latam\/wp-content\/uploads\/2025\/12\/Luccianos_01-420x420.jpg\" srcset=\"https:\/\/www.justretail.news\/latam\/wp-content\/uploads\/2025\/12\/Luccianos_01-420x420.jpg 420w, https:\/\/www.justretail.news\/latam\/wp-content\/uploads\/2025\/12\/Luccianos_01-300x300.jpg 300w, https:\/\/www.justretail.news\/latam\/wp-content\/uploads\/2025\/12\/Luccianos_01-150x150.jpg 150w, https:\/\/www.justretail.news\/latam\/wp-content\/uploads\/2025\/12\/Luccianos_01-768x768.jpg 768w, https:\/\/www.justretail.news\/latam\/wp-content\/uploads\/2025\/12\/Luccianos_01-696x696.jpg 696w, https:\/\/www.justretail.news\/latam\/wp-content\/uploads\/2025\/12\/Luccianos_01.jpg 800w\" sizes=\"(max-width: 420px) 100vw, 420px\" alt=\"Lucciano&#039;s\">\r\n                            <\/a>\r\n                            \r\n                        <\/figure>\r\n                    <\/div>\r\n                    <div class = \"td-slide-item td-item5\">\r\n                        <figure class=\"td-slide-galery-figure td-slide-popup-gallery\">\r\n                            <a class=\"slide-gallery-image-link\" href=\"https:\/\/www.justretail.news\/latam\/wp-content\/uploads\/2025\/12\/Lucciano_s-35.jpg\" title=\"Lucciano's\"  data-caption=\"\"  data-description=\"\">\r\n                                <img decoding=\"async\" src=\"https:\/\/www.justretail.news\/latam\/wp-content\/uploads\/2025\/12\/Lucciano_s-35-743x420.jpg\" srcset=\"https:\/\/www.justretail.news\/latam\/wp-content\/uploads\/2025\/12\/Lucciano_s-35-743x420.jpg 743w, https:\/\/www.justretail.news\/latam\/wp-content\/uploads\/2025\/12\/Lucciano_s-35-300x170.jpg 300w, https:\/\/www.justretail.news\/latam\/wp-content\/uploads\/2025\/12\/Lucciano_s-35-768x434.jpg 768w, https:\/\/www.justretail.news\/latam\/wp-content\/uploads\/2025\/12\/Lucciano_s-35-150x85.jpg 150w, https:\/\/www.justretail.news\/latam\/wp-content\/uploads\/2025\/12\/Lucciano_s-35-696x393.jpg 696w, https:\/\/www.justretail.news\/latam\/wp-content\/uploads\/2025\/12\/Lucciano_s-35.jpg 800w\" sizes=\"(max-width: 743px) 100vw, 743px\" alt=\"Lucciano&#039;s\">\r\n                            <\/a>\r\n                            \r\n                        <\/figure>\r\n                    <\/div>\r\n                    <div class = \"td-slide-item td-item6\">\r\n                        <figure class=\"td-slide-galery-figure td-slide-popup-gallery\">\r\n                            <a class=\"slide-gallery-image-link\" href=\"https:\/\/www.justretail.news\/latam\/wp-content\/uploads\/2025\/12\/Lucciano_s-30.jpg\" title=\"Lucciano's\"  data-caption=\"\"  data-description=\"\">\r\n                                <img decoding=\"async\" src=\"https:\/\/www.justretail.news\/latam\/wp-content\/uploads\/2025\/12\/Lucciano_s-30-642x420.jpg\" srcset=\"https:\/\/www.justretail.news\/latam\/wp-content\/uploads\/2025\/12\/Lucciano_s-30-642x420.jpg 642w, https:\/\/www.justretail.news\/latam\/wp-content\/uploads\/2025\/12\/Lucciano_s-30-300x196.jpg 300w, https:\/\/www.justretail.news\/latam\/wp-content\/uploads\/2025\/12\/Lucciano_s-30-768x502.jpg 768w, https:\/\/www.justretail.news\/latam\/wp-content\/uploads\/2025\/12\/Lucciano_s-30-150x98.jpg 150w, https:\/\/www.justretail.news\/latam\/wp-content\/uploads\/2025\/12\/Lucciano_s-30-696x455.jpg 696w, https:\/\/www.justretail.news\/latam\/wp-content\/uploads\/2025\/12\/Lucciano_s-30-741x486.jpg 741w, https:\/\/www.justretail.news\/latam\/wp-content\/uploads\/2025\/12\/Lucciano_s-30.jpg 800w\" sizes=\"(max-width: 642px) 100vw, 642px\" alt=\"Lucciano&#039;s\">\r\n                            <\/a>\r\n                            \r\n                        <\/figure>\r\n                    <\/div>\r\n                    <div class = \"td-slide-item td-item7\">\r\n                        <figure class=\"td-slide-galery-figure td-slide-popup-gallery\">\r\n                            <a class=\"slide-gallery-image-link\" href=\"https:\/\/www.justretail.news\/latam\/wp-content\/uploads\/2025\/12\/Lucciano_s-10.jpg\" title=\"Lucciano's\"  data-caption=\"\"  data-description=\"\">\r\n                                <img decoding=\"async\" src=\"https:\/\/www.justretail.news\/latam\/wp-content\/uploads\/2025\/12\/Lucciano_s-10-660x420.jpg\" srcset=\"https:\/\/www.justretail.news\/latam\/wp-content\/uploads\/2025\/12\/Lucciano_s-10-660x420.jpg 660w, https:\/\/www.justretail.news\/latam\/wp-content\/uploads\/2025\/12\/Lucciano_s-10-300x191.jpg 300w, https:\/\/www.justretail.news\/latam\/wp-content\/uploads\/2025\/12\/Lucciano_s-10-768x489.jpg 768w, https:\/\/www.justretail.news\/latam\/wp-content\/uploads\/2025\/12\/Lucciano_s-10-150x95.jpg 150w, https:\/\/www.justretail.news\/latam\/wp-content\/uploads\/2025\/12\/Lucciano_s-10-696x443.jpg 696w, https:\/\/www.justretail.news\/latam\/wp-content\/uploads\/2025\/12\/Lucciano_s-10.jpg 800w\" sizes=\"(max-width: 660px) 100vw, 660px\" alt=\"Lucciano&#039;s\">\r\n                            <\/a>\r\n                            \r\n                        <\/figure>\r\n                    <\/div>\r\n                    <div class = \"td-slide-item td-item8\">\r\n                        <figure class=\"td-slide-galery-figure td-slide-popup-gallery\">\r\n                            <a class=\"slide-gallery-image-link\" href=\"https:\/\/www.justretail.news\/latam\/wp-content\/uploads\/2025\/12\/Lucciano_s-04.jpg\" title=\"Lucciano's\"  data-caption=\"\"  data-description=\"\">\r\n                                <img decoding=\"async\" src=\"https:\/\/www.justretail.news\/latam\/wp-content\/uploads\/2025\/12\/Lucciano_s-04-683x420.jpg\" srcset=\"https:\/\/www.justretail.news\/latam\/wp-content\/uploads\/2025\/12\/Lucciano_s-04-683x420.jpg 683w, https:\/\/www.justretail.news\/latam\/wp-content\/uploads\/2025\/12\/Lucciano_s-04-300x185.jpg 300w, https:\/\/www.justretail.news\/latam\/wp-content\/uploads\/2025\/12\/Lucciano_s-04-768x472.jpg 768w, https:\/\/www.justretail.news\/latam\/wp-content\/uploads\/2025\/12\/Lucciano_s-04-150x92.jpg 150w, https:\/\/www.justretail.news\/latam\/wp-content\/uploads\/2025\/12\/Lucciano_s-04-696x428.jpg 696w, https:\/\/www.justretail.news\/latam\/wp-content\/uploads\/2025\/12\/Lucciano_s-04-356x220.jpg 356w, https:\/\/www.justretail.news\/latam\/wp-content\/uploads\/2025\/12\/Lucciano_s-04.jpg 800w\" sizes=\"(max-width: 683px) 100vw, 683px\" alt=\"Lucciano&#039;s\">\r\n                            <\/a>\r\n                            \r\n                        <\/figure>\r\n                    <\/div>\r\n                    <div class = \"td-slide-item td-item9\">\r\n                        <figure class=\"td-slide-galery-figure td-slide-popup-gallery\">\r\n                            <a class=\"slide-gallery-image-link\" href=\"https:\/\/www.justretail.news\/latam\/wp-content\/uploads\/2025\/12\/ADOS4940-Edit.jpg\" title=\"Lucciano's\"  data-caption=\"\"  data-description=\"\">\r\n                                <img decoding=\"async\" src=\"https:\/\/www.justretail.news\/latam\/wp-content\/uploads\/2025\/12\/ADOS4940-Edit-630x420.jpg\" srcset=\"https:\/\/www.justretail.news\/latam\/wp-content\/uploads\/2025\/12\/ADOS4940-Edit-630x420.jpg 630w, https:\/\/www.justretail.news\/latam\/wp-content\/uploads\/2025\/12\/ADOS4940-Edit-300x200.jpg 300w, https:\/\/www.justretail.news\/latam\/wp-content\/uploads\/2025\/12\/ADOS4940-Edit-768x512.jpg 768w, https:\/\/www.justretail.news\/latam\/wp-content\/uploads\/2025\/12\/ADOS4940-Edit-150x100.jpg 150w, https:\/\/www.justretail.news\/latam\/wp-content\/uploads\/2025\/12\/ADOS4940-Edit-696x464.jpg 696w, https:\/\/www.justretail.news\/latam\/wp-content\/uploads\/2025\/12\/ADOS4940-Edit.jpg 800w\" sizes=\"(max-width: 630px) 100vw, 630px\" alt=\"Lucciano&#039;s\">\r\n                            <\/a>\r\n                            \r\n                        <\/figure>\r\n                    <\/div>\r\n                    <div class = \"td-slide-item td-item10\">\r\n                        <figure class=\"td-slide-galery-figure td-slide-popup-gallery\">\r\n                            <a class=\"slide-gallery-image-link\" href=\"https:\/\/www.justretail.news\/latam\/wp-content\/uploads\/2025\/12\/ADOS4570.jpg\" title=\"Lucciano's\"  data-caption=\"\"  data-description=\"\">\r\n                                <img decoding=\"async\" src=\"https:\/\/www.justretail.news\/latam\/wp-content\/uploads\/2025\/12\/ADOS4570-629x420.jpg\" srcset=\"https:\/\/www.justretail.news\/latam\/wp-content\/uploads\/2025\/12\/ADOS4570-629x420.jpg 629w, https:\/\/www.justretail.news\/latam\/wp-content\/uploads\/2025\/12\/ADOS4570-300x200.jpg 300w, https:\/\/www.justretail.news\/latam\/wp-content\/uploads\/2025\/12\/ADOS4570-768x513.jpg 768w, https:\/\/www.justretail.news\/latam\/wp-content\/uploads\/2025\/12\/ADOS4570-150x100.jpg 150w, https:\/\/www.justretail.news\/latam\/wp-content\/uploads\/2025\/12\/ADOS4570-696x465.jpg 696w, https:\/\/www.justretail.news\/latam\/wp-content\/uploads\/2025\/12\/ADOS4570.jpg 800w\" sizes=\"(max-width: 629px) 100vw, 629px\" alt=\"Lucciano&#039;s\">\r\n                            <\/a>\r\n                            \r\n                        <\/figure>\r\n                    <\/div>\r\n                            <\/div>\r\n                        <\/div>\r\n\r\n                        <div class = \"td-doubleSlider-2\">\r\n                            <div class = \"td-slider\">\r\n                                \r\n                    <div class = \"td-button td-item1\">\r\n                        <div class = \"td-border\"><\/div>\r\n                    <\/div>\r\n                    <div class = \"td-button td-item2\">\r\n                        <div class = \"td-border\"><\/div>\r\n                    <\/div>\r\n                    <div class = \"td-button td-item3\">\r\n                        <div class = \"td-border\"><\/div>\r\n                    <\/div>\r\n                    <div class = \"td-button td-item4\">\r\n                        <div class = \"td-border\"><\/div>\r\n                    <\/div>\r\n                    <div class = \"td-button td-item5\">\r\n                        <div class = \"td-border\"><\/div>\r\n                    <\/div>\r\n                    <div class = \"td-button td-item6\">\r\n                        <div class = \"td-border\"><\/div>\r\n                    <\/div>\r\n                    <div class = \"td-button td-item7\">\r\n                        <div class = \"td-border\"><\/div>\r\n                    <\/div>\r\n                    <div class = \"td-button td-item8\">\r\n                        <div class = \"td-border\"><\/div>\r\n                    <\/div>\r\n                    <div class = \"td-button td-item9\">\r\n                        <div class = \"td-border\"><\/div>\r\n                    <\/div>\r\n                    <div class = \"td-button td-item10\">\r\n                        <div class = \"td-border\"><\/div>\r\n                    <\/div>\r\n                            <\/div>\r\n                        <\/div>\r\n\r\n                    <\/div>\r\n\r\n                <\/div>\r\n                \n\n\n<p>La compa\u00f1\u00eda reconoce que las mayores oportunidades est\u00e1n en los dos gigantes latinoamericanos. \u201c<strong>Por tama\u00f1o y potencial, en 2026 nuestro foco ser\u00e1 M\u00e9xico y Brasil<\/strong>\u201d, confirma Alfons\u00edn.<\/p>\n\n\n\n<p>En <strong>M\u00e9xico<\/strong>, la marca busca un <strong><em>partner local<\/em> con capacidad operativa, solidez financiera y experiencia en el sector<\/strong> para desarrollar el mercado bajo un esquema de <em>area developer.<\/em><\/p>\n\n\n\n<p>En <strong>Brasil<\/strong>, en cambio, Lucciano\u2019s prev\u00e9 <strong>abrir de manera directa en el segundo semestre de 2026<\/strong>, replicando el modelo de operaci\u00f3n que ya ha probado con \u00e9xito en Argentina.<\/p>\n\n\n\n<h2 class=\"wp-block-heading\">Un modelo de expansi\u00f3n mixto y flexible<\/h2>\n\n\n\n<p>La estrategia regional de Lucciano\u2019s combina <strong>tiendas propias y franquicias<\/strong>, dependiendo del tipo de mercado.<br>En los pa\u00edses considerados estrat\u00e9gicos \u2013por tama\u00f1o, consumo o potencial tur\u00edstico\u2013 el crecimiento ser\u00e1 mixto: locales propios para construir marca y franquicias para escalar de forma ordenada.<\/p>\n\n\n\n<figure class=\"wp-block-gallery has-nested-images columns-default is-cropped wp-block-gallery-1 is-layout-flex wp-block-gallery-is-layout-flex\">\n<figure class=\"wp-block-image size-large\"><img loading=\"lazy\" decoding=\"async\" width=\"677\" height=\"800\" data-id=\"4869\" src=\"https:\/\/www.justretail.news\/latam\/wp-content\/uploads\/2025\/12\/Luccianos_04-scaled.jpg\" alt=\"Lucciano's\" class=\"wp-image-4869\" srcset=\"https:\/\/www.justretail.news\/latam\/wp-content\/uploads\/2025\/12\/Luccianos_04-scaled.jpg 677w, https:\/\/www.justretail.news\/latam\/wp-content\/uploads\/2025\/12\/Luccianos_04-254x300.jpg 254w, https:\/\/www.justretail.news\/latam\/wp-content\/uploads\/2025\/12\/Luccianos_04-768x908.jpg 768w, https:\/\/www.justretail.news\/latam\/wp-content\/uploads\/2025\/12\/Luccianos_04-355x420.jpg 355w, https:\/\/www.justretail.news\/latam\/wp-content\/uploads\/2025\/12\/Luccianos_04-150x177.jpg 150w, https:\/\/www.justretail.news\/latam\/wp-content\/uploads\/2025\/12\/Luccianos_04-300x355.jpg 300w, https:\/\/www.justretail.news\/latam\/wp-content\/uploads\/2025\/12\/Luccianos_04-696x823.jpg 696w\" sizes=\"auto, (max-width: 677px) 100vw, 677px\" \/><\/figure>\n\n\n\n<figure class=\"wp-block-image size-large\"><img loading=\"lazy\" decoding=\"async\" width=\"800\" height=\"579\" data-id=\"4864\" src=\"https:\/\/www.justretail.news\/latam\/wp-content\/uploads\/2025\/12\/Lucciano_s-20.jpg\" alt=\"Lucciano's\" class=\"wp-image-4864\" srcset=\"https:\/\/www.justretail.news\/latam\/wp-content\/uploads\/2025\/12\/Lucciano_s-20.jpg 800w, https:\/\/www.justretail.news\/latam\/wp-content\/uploads\/2025\/12\/Lucciano_s-20-300x217.jpg 300w, https:\/\/www.justretail.news\/latam\/wp-content\/uploads\/2025\/12\/Lucciano_s-20-768x556.jpg 768w, https:\/\/www.justretail.news\/latam\/wp-content\/uploads\/2025\/12\/Lucciano_s-20-580x420.jpg 580w, https:\/\/www.justretail.news\/latam\/wp-content\/uploads\/2025\/12\/Lucciano_s-20-150x109.jpg 150w, https:\/\/www.justretail.news\/latam\/wp-content\/uploads\/2025\/12\/Lucciano_s-20-696x504.jpg 696w, https:\/\/www.justretail.news\/latam\/wp-content\/uploads\/2025\/12\/Lucciano_s-20-324x235.jpg 324w\" sizes=\"auto, (max-width: 800px) 100vw, 800px\" \/><\/figure>\n\n\n\n<figure class=\"wp-block-image size-large\"><img loading=\"lazy\" decoding=\"async\" width=\"800\" height=\"534\" data-id=\"4859\" src=\"https:\/\/www.justretail.news\/latam\/wp-content\/uploads\/2025\/12\/ADOS4869.jpg\" alt=\"Lucciano's\" class=\"wp-image-4859\" srcset=\"https:\/\/www.justretail.news\/latam\/wp-content\/uploads\/2025\/12\/ADOS4869.jpg 800w, https:\/\/www.justretail.news\/latam\/wp-content\/uploads\/2025\/12\/ADOS4869-300x200.jpg 300w, https:\/\/www.justretail.news\/latam\/wp-content\/uploads\/2025\/12\/ADOS4869-768x513.jpg 768w, https:\/\/www.justretail.news\/latam\/wp-content\/uploads\/2025\/12\/ADOS4869-629x420.jpg 629w, https:\/\/www.justretail.news\/latam\/wp-content\/uploads\/2025\/12\/ADOS4869-150x100.jpg 150w, https:\/\/www.justretail.news\/latam\/wp-content\/uploads\/2025\/12\/ADOS4869-696x465.jpg 696w\" sizes=\"auto, (max-width: 800px) 100vw, 800px\" \/><\/figure>\n<\/figure>\n\n\n\n<p>En mercados medianos o emergentes, <strong>la marca opta por trabajar con un <em>area developer<\/em>,<\/strong> una figura que asume la operaci\u00f3n, el desarrollo y la expansi\u00f3n exclusiva del pa\u00eds.<\/p>\n\n\n\n<p>\u201c<strong>Buscamos socios que entiendan c\u00f3mo operar <em>retail<\/em>, que tengan m\u00fasculo financiero y que quieran comprometerse con un proyecto de marca a largo plazo<\/strong>\u201d, subraya Alfons\u00edn.<\/p>\n\n\n\n<h2 class=\"wp-block-heading\">Log\u00edstica y producci\u00f3n: calidad garantizada en cada pa\u00eds<\/h2>\n\n\n\n<p>La expansi\u00f3n regional supone desaf\u00edos log\u00edsticos, desde regulaciones sanitarias hasta infraestructura de fr\u00edo. Lucciano\u2019s los aborda a trav\u00e9s de dos modelos:<\/p>\n\n\n\n<ul class=\"wp-block-list\">\n<li><strong>Producci\u00f3n centralizada<\/strong> en instalaciones propias, como ocurre en Argentina, desde donde distribuyen helado y productos secos.<\/li>\n\n\n\n<li><strong>Helader\u00edas con laboratorio interno<\/strong>, que replican la receta original, la materia prima y el proceso artesanal para garantizar el 100% de calidad, como en Chile o Uruguay.<\/li>\n<\/ul>\n\n\n\n<p>El \u201ccentro neur\u00e1lgico\u201d sigue ubicado en <strong>Mar del Plata<\/strong>, desde donde la compa\u00f1\u00eda coordina buena parte de su cadena de suministro.<\/p>\n\n\n\n<h2 class=\"wp-block-heading\">Calles prime y centros comerciales, ambos clave para crecer<\/h2>\n\n\n\n<p>La estrategia de expansi\u00f3n de Lucciano\u2019s contempla tanto <strong>ubicaciones en calle \u2013<em>prime zones<\/em><\/strong>\u2013 como establecimientos en <strong><em>shopping centers<\/em><\/strong>. La elecci\u00f3n depende del mercado: en <strong>Argentina<\/strong>, ambos canales funcionan con fuerza; en <strong>Chile<\/strong>, la prioridad est\u00e1 en centros comerciales, con un foco claro en Mall Parque Arauco.<\/p>\n\n\n\n<p>La compa\u00f1\u00eda tambi\u00e9n planea ampliar su presencia con <strong>kioscos e islas<\/strong>, formatos de alto impacto visual y adaptables a diferentes tipos de centros comerciales.<\/p>\n\n\n\n<p>\u201c<strong>Estamos negociando con varios operadores en distintos pa\u00edses para cerrar acuerdos que sean beneficiosos para ambas partes<\/strong>\u201d, adelanta el directivo.<\/p>\n\n\n\n<h2 class=\"wp-block-heading\">Un 2026 decisivo para la marca<\/h2>\n\n\n\n<p>Con aperturas confirmadas, nuevas negociaciones en marcha y el impulso de mercados en r\u00e1pido crecimiento, Lucciano\u2019s se prepara para un 2026 clave en su expansi\u00f3n latinoamericana. La combinaci\u00f3n de un modelo operativo flexible, productos artesanales y una propuesta de dise\u00f1o \u00fanica busca posicionar a la marca como <strong>referente regional del helado pr\u00e9mium<\/strong>.<\/p>\n","protected":false},"excerpt":{"rendered":"<p>Entrevista en primicia con Gonzalo Alfons\u00edn, general business manager de Lucciano\u2019s.<\/p>\n","protected":false},"author":1,"featured_media":4868,"comment_status":"closed","ping_status":"open","sticky":false,"template":"","format":"standard","meta":{"_jetpack_memberships_contains_paid_content":false,"footnotes":""},"categories":[59,37],"tags":[65,412,853],"class_list":{"0":"post-4858","1":"post","2":"type-post","3":"status-publish","4":"format-standard","5":"has-post-thumbnail","7":"category-destacadas","8":"category-retailers","9":"tag-expansion","10":"tag-latinoamerica","11":"tag-luccianos"},"yoast_head":"<!-- This site is optimized with the Yoast SEO plugin v27.4 - https:\/\/yoast.com\/product\/yoast-seo-wordpress\/ -->\n<title>Lucciano\u2019s acelera su expansi\u00f3n en Latinoam\u00e9rica y pone la mira en M\u00e9xico y Brasil para 2026 - Just Retail Latam<\/title>\n<meta name=\"description\" content=\"La helader\u00eda artesanal argentina Lucciano\u2019s avanza con paso firme en su plan de crecimiento en Latinoam\u00e9rica.\" \/>\n<meta name=\"robots\" content=\"index, follow, max-snippet:-1, max-image-preview:large, max-video-preview:-1\" \/>\n<link rel=\"canonical\" href=\"https:\/\/www.justretail.news\/latam\/noticias\/luccianos-acelera-su-expansion-en-latinoamerica-y-pone-la-mira-en-mexico-y-brasil-para-2026\/\" \/>\n<meta property=\"og:locale\" content=\"es_ES\" \/>\n<meta property=\"og:type\" content=\"article\" \/>\n<meta property=\"og:title\" content=\"Lucciano\u2019s acelera su expansi\u00f3n en Latinoam\u00e9rica y pone la mira en M\u00e9xico y Brasil para 2026 - Just Retail Latam\" \/>\n<meta property=\"og:description\" content=\"La helader\u00eda artesanal argentina Lucciano\u2019s avanza con paso firme en su plan de crecimiento en Latinoam\u00e9rica.\" \/>\n<meta property=\"og:url\" content=\"https:\/\/www.justretail.news\/latam\/noticias\/luccianos-acelera-su-expansion-en-latinoamerica-y-pone-la-mira-en-mexico-y-brasil-para-2026\/\" \/>\n<meta property=\"og:site_name\" content=\"Just Retail Latam\" \/>\n<meta property=\"article:published_time\" content=\"2025-12-11T15:58:46+00:00\" \/>\n<meta property=\"article:modified_time\" content=\"2025-12-18T21:55:50+00:00\" \/>\n<meta property=\"og:image\" content=\"https:\/\/www.justretail.news\/latam\/wp-content\/uploads\/2025\/12\/Luccianos_02.jpg\" \/>\n\t<meta property=\"og:image:width\" content=\"800\" \/>\n\t<meta property=\"og:image:height\" content=\"706\" \/>\n\t<meta property=\"og:image:type\" content=\"image\/jpeg\" \/>\n<meta name=\"author\" content=\"Redacci\u00f3n\" \/>\n<meta name=\"twitter:card\" content=\"summary_large_image\" \/>\n<meta name=\"twitter:label1\" content=\"Escrito por\" \/>\n\t<meta name=\"twitter:data1\" content=\"Redacci\u00f3n\" \/>\n\t<meta name=\"twitter:label2\" content=\"Tiempo de lectura\" \/>\n\t<meta name=\"twitter:data2\" content=\"5 minutos\" \/>\n<script type=\"application\/ld+json\" class=\"yoast-schema-graph\">{\"@context\":\"https:\\\/\\\/schema.org\",\"@graph\":[{\"@type\":\"Article\",\"@id\":\"https:\\\/\\\/www.justretail.news\\\/latam\\\/noticias\\\/luccianos-acelera-su-expansion-en-latinoamerica-y-pone-la-mira-en-mexico-y-brasil-para-2026\\\/#article\",\"isPartOf\":{\"@id\":\"https:\\\/\\\/www.justretail.news\\\/latam\\\/noticias\\\/luccianos-acelera-su-expansion-en-latinoamerica-y-pone-la-mira-en-mexico-y-brasil-para-2026\\\/\"},\"author\":{\"name\":\"Redacci\u00f3n\",\"@id\":\"https:\\\/\\\/www.justretail.news\\\/latam\\\/#\\\/schema\\\/person\\\/1543b9d803b2d5751fba2211e7785c5f\"},\"headline\":\"Lucciano\u2019s acelera su expansi\u00f3n en Latinoam\u00e9rica y pone la mira en M\u00e9xico y Brasil para 2026\",\"datePublished\":\"2025-12-11T15:58:46+00:00\",\"dateModified\":\"2025-12-18T21:55:50+00:00\",\"mainEntityOfPage\":{\"@id\":\"https:\\\/\\\/www.justretail.news\\\/latam\\\/noticias\\\/luccianos-acelera-su-expansion-en-latinoamerica-y-pone-la-mira-en-mexico-y-brasil-para-2026\\\/\"},\"wordCount\":818,\"publisher\":{\"@id\":\"https:\\\/\\\/www.justretail.news\\\/latam\\\/#organization\"},\"image\":{\"@id\":\"https:\\\/\\\/www.justretail.news\\\/latam\\\/noticias\\\/luccianos-acelera-su-expansion-en-latinoamerica-y-pone-la-mira-en-mexico-y-brasil-para-2026\\\/#primaryimage\"},\"thumbnailUrl\":\"https:\\\/\\\/www.justretail.news\\\/latam\\\/wp-content\\\/uploads\\\/2025\\\/12\\\/Luccianos_02.jpg\",\"keywords\":[\"expansi\u00f3n\",\"Latinoam\u00e9rica\",\"Lucciano's\"],\"articleSection\":[\"Destacadas\",\"Retailers\"],\"inLanguage\":\"es\"},{\"@type\":\"WebPage\",\"@id\":\"https:\\\/\\\/www.justretail.news\\\/latam\\\/noticias\\\/luccianos-acelera-su-expansion-en-latinoamerica-y-pone-la-mira-en-mexico-y-brasil-para-2026\\\/\",\"url\":\"https:\\\/\\\/www.justretail.news\\\/latam\\\/noticias\\\/luccianos-acelera-su-expansion-en-latinoamerica-y-pone-la-mira-en-mexico-y-brasil-para-2026\\\/\",\"name\":\"Lucciano\u2019s acelera su expansi\u00f3n en Latinoam\u00e9rica y pone la mira en M\u00e9xico y Brasil para 2026 - Just Retail Latam\",\"isPartOf\":{\"@id\":\"https:\\\/\\\/www.justretail.news\\\/latam\\\/#website\"},\"primaryImageOfPage\":{\"@id\":\"https:\\\/\\\/www.justretail.news\\\/latam\\\/noticias\\\/luccianos-acelera-su-expansion-en-latinoamerica-y-pone-la-mira-en-mexico-y-brasil-para-2026\\\/#primaryimage\"},\"image\":{\"@id\":\"https:\\\/\\\/www.justretail.news\\\/latam\\\/noticias\\\/luccianos-acelera-su-expansion-en-latinoamerica-y-pone-la-mira-en-mexico-y-brasil-para-2026\\\/#primaryimage\"},\"thumbnailUrl\":\"https:\\\/\\\/www.justretail.news\\\/latam\\\/wp-content\\\/uploads\\\/2025\\\/12\\\/Luccianos_02.jpg\",\"datePublished\":\"2025-12-11T15:58:46+00:00\",\"dateModified\":\"2025-12-18T21:55:50+00:00\",\"description\":\"La helader\u00eda artesanal argentina Lucciano\u2019s avanza con paso firme en su plan de crecimiento en Latinoam\u00e9rica.\",\"breadcrumb\":{\"@id\":\"https:\\\/\\\/www.justretail.news\\\/latam\\\/noticias\\\/luccianos-acelera-su-expansion-en-latinoamerica-y-pone-la-mira-en-mexico-y-brasil-para-2026\\\/#breadcrumb\"},\"inLanguage\":\"es\",\"potentialAction\":[{\"@type\":\"ReadAction\",\"target\":[\"https:\\\/\\\/www.justretail.news\\\/latam\\\/noticias\\\/luccianos-acelera-su-expansion-en-latinoamerica-y-pone-la-mira-en-mexico-y-brasil-para-2026\\\/\"]}]},{\"@type\":\"ImageObject\",\"inLanguage\":\"es\",\"@id\":\"https:\\\/\\\/www.justretail.news\\\/latam\\\/noticias\\\/luccianos-acelera-su-expansion-en-latinoamerica-y-pone-la-mira-en-mexico-y-brasil-para-2026\\\/#primaryimage\",\"url\":\"https:\\\/\\\/www.justretail.news\\\/latam\\\/wp-content\\\/uploads\\\/2025\\\/12\\\/Luccianos_02.jpg\",\"contentUrl\":\"https:\\\/\\\/www.justretail.news\\\/latam\\\/wp-content\\\/uploads\\\/2025\\\/12\\\/Luccianos_02.jpg\",\"width\":800,\"height\":706,\"caption\":\"Lucciano's\"},{\"@type\":\"BreadcrumbList\",\"@id\":\"https:\\\/\\\/www.justretail.news\\\/latam\\\/noticias\\\/luccianos-acelera-su-expansion-en-latinoamerica-y-pone-la-mira-en-mexico-y-brasil-para-2026\\\/#breadcrumb\",\"itemListElement\":[{\"@type\":\"ListItem\",\"position\":1,\"name\":\"Portada\",\"item\":\"https:\\\/\\\/www.justretail.news\\\/latam\\\/\"},{\"@type\":\"ListItem\",\"position\":2,\"name\":\"Lucciano\u2019s acelera su expansi\u00f3n en Latinoam\u00e9rica y pone la mira en M\u00e9xico y Brasil para 2026\"}]},{\"@type\":\"WebSite\",\"@id\":\"https:\\\/\\\/www.justretail.news\\\/latam\\\/#website\",\"url\":\"https:\\\/\\\/www.justretail.news\\\/latam\\\/\",\"name\":\"Just Retail Latam\",\"description\":\"\",\"publisher\":{\"@id\":\"https:\\\/\\\/www.justretail.news\\\/latam\\\/#organization\"},\"potentialAction\":[{\"@type\":\"SearchAction\",\"target\":{\"@type\":\"EntryPoint\",\"urlTemplate\":\"https:\\\/\\\/www.justretail.news\\\/latam\\\/?s={search_term_string}\"},\"query-input\":{\"@type\":\"PropertyValueSpecification\",\"valueRequired\":true,\"valueName\":\"search_term_string\"}}],\"inLanguage\":\"es\"},{\"@type\":\"Organization\",\"@id\":\"https:\\\/\\\/www.justretail.news\\\/latam\\\/#organization\",\"name\":\"Just Retail Latam\",\"url\":\"https:\\\/\\\/www.justretail.news\\\/latam\\\/\",\"logo\":{\"@type\":\"ImageObject\",\"inLanguage\":\"es\",\"@id\":\"https:\\\/\\\/www.justretail.news\\\/latam\\\/#\\\/schema\\\/logo\\\/image\\\/\",\"url\":\"https:\\\/\\\/www.justretail.news\\\/latam\\\/wp-content\\\/uploads\\\/2024\\\/05\\\/just-retail-logo-NEGRO-trans-latam-272x90_nuevo.png\",\"contentUrl\":\"https:\\\/\\\/www.justretail.news\\\/latam\\\/wp-content\\\/uploads\\\/2024\\\/05\\\/just-retail-logo-NEGRO-trans-latam-272x90_nuevo.png\",\"width\":272,\"height\":90,\"caption\":\"Just Retail Latam\"},\"image\":{\"@id\":\"https:\\\/\\\/www.justretail.news\\\/latam\\\/#\\\/schema\\\/logo\\\/image\\\/\"}},{\"@type\":\"Person\",\"@id\":\"https:\\\/\\\/www.justretail.news\\\/latam\\\/#\\\/schema\\\/person\\\/1543b9d803b2d5751fba2211e7785c5f\",\"name\":\"Redacci\u00f3n\",\"image\":{\"@type\":\"ImageObject\",\"inLanguage\":\"es\",\"@id\":\"https:\\\/\\\/secure.gravatar.com\\\/avatar\\\/728f66d366b9809efe89ec232bef06263abc057cefaba166bbd45a167e648b3c?s=96&d=mm&r=g\",\"url\":\"https:\\\/\\\/secure.gravatar.com\\\/avatar\\\/728f66d366b9809efe89ec232bef06263abc057cefaba166bbd45a167e648b3c?s=96&d=mm&r=g\",\"contentUrl\":\"https:\\\/\\\/secure.gravatar.com\\\/avatar\\\/728f66d366b9809efe89ec232bef06263abc057cefaba166bbd45a167e648b3c?s=96&d=mm&r=g\",\"caption\":\"Redacci\u00f3n\"},\"sameAs\":[\"https:\\\/\\\/www.justretail.news\\\/latam\"],\"url\":\"https:\\\/\\\/www.justretail.news\\\/latam\\\/noticias\\\/author\\\/latam_master\\\/\"}]}<\/script>\n<!-- \/ Yoast SEO plugin. -->","yoast_head_json":{"title":"Lucciano\u2019s acelera su expansi\u00f3n en Latinoam\u00e9rica y pone la mira en M\u00e9xico y Brasil para 2026 - Just Retail Latam","description":"La helader\u00eda artesanal argentina Lucciano\u2019s avanza con paso firme en su plan de crecimiento en Latinoam\u00e9rica.","robots":{"index":"index","follow":"follow","max-snippet":"max-snippet:-1","max-image-preview":"max-image-preview:large","max-video-preview":"max-video-preview:-1"},"canonical":"https:\/\/www.justretail.news\/latam\/noticias\/luccianos-acelera-su-expansion-en-latinoamerica-y-pone-la-mira-en-mexico-y-brasil-para-2026\/","og_locale":"es_ES","og_type":"article","og_title":"Lucciano\u2019s acelera su expansi\u00f3n en Latinoam\u00e9rica y pone la mira en M\u00e9xico y Brasil para 2026 - Just Retail Latam","og_description":"La helader\u00eda artesanal argentina Lucciano\u2019s avanza con paso firme en su plan de crecimiento en Latinoam\u00e9rica.","og_url":"https:\/\/www.justretail.news\/latam\/noticias\/luccianos-acelera-su-expansion-en-latinoamerica-y-pone-la-mira-en-mexico-y-brasil-para-2026\/","og_site_name":"Just Retail Latam","article_published_time":"2025-12-11T15:58:46+00:00","article_modified_time":"2025-12-18T21:55:50+00:00","og_image":[{"width":800,"height":706,"url":"https:\/\/www.justretail.news\/latam\/wp-content\/uploads\/2025\/12\/Luccianos_02.jpg","type":"image\/jpeg"}],"author":"Redacci\u00f3n","twitter_card":"summary_large_image","twitter_misc":{"Escrito por":"Redacci\u00f3n","Tiempo de lectura":"5 minutos"},"schema":{"@context":"https:\/\/schema.org","@graph":[{"@type":"Article","@id":"https:\/\/www.justretail.news\/latam\/noticias\/luccianos-acelera-su-expansion-en-latinoamerica-y-pone-la-mira-en-mexico-y-brasil-para-2026\/#article","isPartOf":{"@id":"https:\/\/www.justretail.news\/latam\/noticias\/luccianos-acelera-su-expansion-en-latinoamerica-y-pone-la-mira-en-mexico-y-brasil-para-2026\/"},"author":{"name":"Redacci\u00f3n","@id":"https:\/\/www.justretail.news\/latam\/#\/schema\/person\/1543b9d803b2d5751fba2211e7785c5f"},"headline":"Lucciano\u2019s acelera su expansi\u00f3n en Latinoam\u00e9rica y pone la mira en M\u00e9xico y Brasil para 2026","datePublished":"2025-12-11T15:58:46+00:00","dateModified":"2025-12-18T21:55:50+00:00","mainEntityOfPage":{"@id":"https:\/\/www.justretail.news\/latam\/noticias\/luccianos-acelera-su-expansion-en-latinoamerica-y-pone-la-mira-en-mexico-y-brasil-para-2026\/"},"wordCount":818,"publisher":{"@id":"https:\/\/www.justretail.news\/latam\/#organization"},"image":{"@id":"https:\/\/www.justretail.news\/latam\/noticias\/luccianos-acelera-su-expansion-en-latinoamerica-y-pone-la-mira-en-mexico-y-brasil-para-2026\/#primaryimage"},"thumbnailUrl":"https:\/\/www.justretail.news\/latam\/wp-content\/uploads\/2025\/12\/Luccianos_02.jpg","keywords":["expansi\u00f3n","Latinoam\u00e9rica","Lucciano's"],"articleSection":["Destacadas","Retailers"],"inLanguage":"es"},{"@type":"WebPage","@id":"https:\/\/www.justretail.news\/latam\/noticias\/luccianos-acelera-su-expansion-en-latinoamerica-y-pone-la-mira-en-mexico-y-brasil-para-2026\/","url":"https:\/\/www.justretail.news\/latam\/noticias\/luccianos-acelera-su-expansion-en-latinoamerica-y-pone-la-mira-en-mexico-y-brasil-para-2026\/","name":"Lucciano\u2019s acelera su expansi\u00f3n en Latinoam\u00e9rica y pone la mira en M\u00e9xico y Brasil para 2026 - Just Retail Latam","isPartOf":{"@id":"https:\/\/www.justretail.news\/latam\/#website"},"primaryImageOfPage":{"@id":"https:\/\/www.justretail.news\/latam\/noticias\/luccianos-acelera-su-expansion-en-latinoamerica-y-pone-la-mira-en-mexico-y-brasil-para-2026\/#primaryimage"},"image":{"@id":"https:\/\/www.justretail.news\/latam\/noticias\/luccianos-acelera-su-expansion-en-latinoamerica-y-pone-la-mira-en-mexico-y-brasil-para-2026\/#primaryimage"},"thumbnailUrl":"https:\/\/www.justretail.news\/latam\/wp-content\/uploads\/2025\/12\/Luccianos_02.jpg","datePublished":"2025-12-11T15:58:46+00:00","dateModified":"2025-12-18T21:55:50+00:00","description":"La helader\u00eda artesanal argentina Lucciano\u2019s avanza con paso firme en su plan de crecimiento en Latinoam\u00e9rica.","breadcrumb":{"@id":"https:\/\/www.justretail.news\/latam\/noticias\/luccianos-acelera-su-expansion-en-latinoamerica-y-pone-la-mira-en-mexico-y-brasil-para-2026\/#breadcrumb"},"inLanguage":"es","potentialAction":[{"@type":"ReadAction","target":["https:\/\/www.justretail.news\/latam\/noticias\/luccianos-acelera-su-expansion-en-latinoamerica-y-pone-la-mira-en-mexico-y-brasil-para-2026\/"]}]},{"@type":"ImageObject","inLanguage":"es","@id":"https:\/\/www.justretail.news\/latam\/noticias\/luccianos-acelera-su-expansion-en-latinoamerica-y-pone-la-mira-en-mexico-y-brasil-para-2026\/#primaryimage","url":"https:\/\/www.justretail.news\/latam\/wp-content\/uploads\/2025\/12\/Luccianos_02.jpg","contentUrl":"https:\/\/www.justretail.news\/latam\/wp-content\/uploads\/2025\/12\/Luccianos_02.jpg","width":800,"height":706,"caption":"Lucciano's"},{"@type":"BreadcrumbList","@id":"https:\/\/www.justretail.news\/latam\/noticias\/luccianos-acelera-su-expansion-en-latinoamerica-y-pone-la-mira-en-mexico-y-brasil-para-2026\/#breadcrumb","itemListElement":[{"@type":"ListItem","position":1,"name":"Portada","item":"https:\/\/www.justretail.news\/latam\/"},{"@type":"ListItem","position":2,"name":"Lucciano\u2019s acelera su expansi\u00f3n en Latinoam\u00e9rica y pone la mira en M\u00e9xico y Brasil para 2026"}]},{"@type":"WebSite","@id":"https:\/\/www.justretail.news\/latam\/#website","url":"https:\/\/www.justretail.news\/latam\/","name":"Just Retail Latam","description":"","publisher":{"@id":"https:\/\/www.justretail.news\/latam\/#organization"},"potentialAction":[{"@type":"SearchAction","target":{"@type":"EntryPoint","urlTemplate":"https:\/\/www.justretail.news\/latam\/?s={search_term_string}"},"query-input":{"@type":"PropertyValueSpecification","valueRequired":true,"valueName":"search_term_string"}}],"inLanguage":"es"},{"@type":"Organization","@id":"https:\/\/www.justretail.news\/latam\/#organization","name":"Just Retail Latam","url":"https:\/\/www.justretail.news\/latam\/","logo":{"@type":"ImageObject","inLanguage":"es","@id":"https:\/\/www.justretail.news\/latam\/#\/schema\/logo\/image\/","url":"https:\/\/www.justretail.news\/latam\/wp-content\/uploads\/2024\/05\/just-retail-logo-NEGRO-trans-latam-272x90_nuevo.png","contentUrl":"https:\/\/www.justretail.news\/latam\/wp-content\/uploads\/2024\/05\/just-retail-logo-NEGRO-trans-latam-272x90_nuevo.png","width":272,"height":90,"caption":"Just Retail Latam"},"image":{"@id":"https:\/\/www.justretail.news\/latam\/#\/schema\/logo\/image\/"}},{"@type":"Person","@id":"https:\/\/www.justretail.news\/latam\/#\/schema\/person\/1543b9d803b2d5751fba2211e7785c5f","name":"Redacci\u00f3n","image":{"@type":"ImageObject","inLanguage":"es","@id":"https:\/\/secure.gravatar.com\/avatar\/728f66d366b9809efe89ec232bef06263abc057cefaba166bbd45a167e648b3c?s=96&d=mm&r=g","url":"https:\/\/secure.gravatar.com\/avatar\/728f66d366b9809efe89ec232bef06263abc057cefaba166bbd45a167e648b3c?s=96&d=mm&r=g","contentUrl":"https:\/\/secure.gravatar.com\/avatar\/728f66d366b9809efe89ec232bef06263abc057cefaba166bbd45a167e648b3c?s=96&d=mm&r=g","caption":"Redacci\u00f3n"},"sameAs":["https:\/\/www.justretail.news\/latam"],"url":"https:\/\/www.justretail.news\/latam\/noticias\/author\/latam_master\/"}]}},"jetpack_featured_media_url":"https:\/\/www.justretail.news\/latam\/wp-content\/uploads\/2025\/12\/Luccianos_02.jpg","jetpack_sharing_enabled":true,"_links":{"self":[{"href":"https:\/\/www.justretail.news\/latam\/wp-json\/wp\/v2\/posts\/4858","targetHints":{"allow":["GET"]}}],"collection":[{"href":"https:\/\/www.justretail.news\/latam\/wp-json\/wp\/v2\/posts"}],"about":[{"href":"https:\/\/www.justretail.news\/latam\/wp-json\/wp\/v2\/types\/post"}],"author":[{"embeddable":true,"href":"https:\/\/www.justretail.news\/latam\/wp-json\/wp\/v2\/users\/1"}],"replies":[{"embeddable":true,"href":"https:\/\/www.justretail.news\/latam\/wp-json\/wp\/v2\/comments?post=4858"}],"version-history":[{"count":3,"href":"https:\/\/www.justretail.news\/latam\/wp-json\/wp\/v2\/posts\/4858\/revisions"}],"predecessor-version":[{"id":4885,"href":"https:\/\/www.justretail.news\/latam\/wp-json\/wp\/v2\/posts\/4858\/revisions\/4885"}],"wp:featuredmedia":[{"embeddable":true,"href":"https:\/\/www.justretail.news\/latam\/wp-json\/wp\/v2\/media\/4868"}],"wp:attachment":[{"href":"https:\/\/www.justretail.news\/latam\/wp-json\/wp\/v2\/media?parent=4858"}],"wp:term":[{"taxonomy":"category","embeddable":true,"href":"https:\/\/www.justretail.news\/latam\/wp-json\/wp\/v2\/categories?post=4858"},{"taxonomy":"post_tag","embeddable":true,"href":"https:\/\/www.justretail.news\/latam\/wp-json\/wp\/v2\/tags?post=4858"}],"curies":[{"name":"wp","href":"https:\/\/api.w.org\/{rel}","templated":true}]}}