{"id":5140,"date":"2026-01-22T17:08:16","date_gmt":"2026-01-22T16:08:16","guid":{"rendered":"https:\/\/www.justretail.news\/latam\/?p=5140"},"modified":"2026-01-29T00:14:17","modified_gmt":"2026-01-28T23:14:17","slug":"decathlon-se-pone-en-forma-en-colombia-35-tiendas-hasta-2030-y-alianza-con-exito","status":"publish","type":"post","link":"https:\/\/www.justretail.news\/latam\/noticias\/decathlon-se-pone-en-forma-en-colombia-35-tiendas-hasta-2030-y-alianza-con-exito\/","title":{"rendered":"Decathlon se pone en forma en Colombia: 35 tiendas hasta 2030 y alianza con \u00c9xito"},"content":{"rendered":"\n<p>El gigante franc\u00e9s Decathlon toma impulso en el mercado colombiano con m\u00e1s tiendas. La empresa, especializada en la venta de art\u00edculos deportivos, pone el foco en el pa\u00eds, donde espera llegar a 30 o 35 tiendas de cara a 2030.<\/p>\n\n\n\n<p>Las pr\u00f3ximas aperturas de Decathlon previstas en Colombia ser\u00e1n en diferentes formatos, desde islas, pasando por tiendas de formato peque\u00f1o hasta <em>macrotiendas<\/em>.<\/p>\n\n\n\n<p>La empresa de moda y art\u00edculos deportivos cerr\u00f3 el a\u00f1o con unos ingresos superiores a los 115 millones de d\u00f3lares en el mercado colombiano. Seg\u00fan destacan desde Decathlon, era el objetivo que ten\u00edan desde que desembarcaron en el pa\u00eds en 2017.<\/p>\n\n\n\n<p>Colombia es uno de los principales mercados en Latinoam\u00e9rica para Decathlon, que tambi\u00e9n est\u00e1 presente en M\u00e9xico, Brasil, Chile, Uruguay o Argentina. El mercado colombiano se encuentra en posici\u00f3n n\u00famero 25 a nivel internacional para la compa\u00f1\u00eda francesa.<\/p>\n\n\n\n<h2 class=\"wp-block-heading\">Los pr\u00f3ximos pasos<\/h2>\n\n\n\n<p>Actualmente, Decathlon opera con una red de <strong>veinte establecimientos<\/strong> en Colombia, <strong>a las puertas de su pr\u00f3xima apertura en el centro comercial Unicentro<\/strong> el pr\u00f3ximo 23 de enero.<\/p>\n\n\n\n<p>Los planes de Decathlon en Colombia tambi\u00e9n contemplan nuevas alianzas. La compa\u00f1\u00eda se unir\u00e1 a Grupo \u00c9xito para estrenar un formato shop in shop en el \u00c9xito Country.<\/p>\n\n\n\n<p>Ser\u00e1 la primera vez que Decathlon contemple este tipo de tienda dentro de otro establecimiento. El objetivo es abrir un espacio de 900 m2 el pr\u00f3ximo abril.<\/p>\n\n\n\n<p>Para el segundo semestre, el grupo prev\u00e9 seguir creciendo en otras ciudades, con el foco puesto \u00edntegramente en Medell\u00edn y Bogot\u00e1. A mediano plazo, Decathlon podr\u00eda abrir en islas como Santa Marta e ir conociendo el mercado deportivo en otras ciudades como Cartagena.<\/p>\n\n\n\n<p>En sus ocho a\u00f1os operando en el mercado colombiano, Decathlon ha desarrollado una red de 872 puestos de trabajo en pa\u00eds, cifra que prev\u00e9 aumentar hasta los 1.000 entre este y el pr\u00f3ximo a\u00f1o.<\/p>\n\n\n\n<p>Desde 2023, la operaci\u00f3n de la compa\u00f1\u00eda francesa en Colombia est\u00e1 liderada por Carlos G\u00f3mez, quien cuenta con una trayectoria de 25 a\u00f1os en Decathlon, iniciando como director de tienda en Zaragoza (Espa\u00f1a).<\/p>\n","protected":false},"excerpt":{"rendered":"<p>Decathlon abrir\u00e1 este viernes una tienda en el centro comercial Unicentro, llegando a los veinte establecimientos en Colombia. <\/p>\n","protected":false},"author":1,"featured_media":5141,"comment_status":"closed","ping_status":"open","sticky":false,"template":"","format":"standard","meta":{"_jetpack_memberships_contains_paid_content":false,"footnotes":""},"categories":[59,37],"tags":[78,563],"class_list":{"0":"post-5140","1":"post","2":"type-post","3":"status-publish","4":"format-standard","5":"has-post-thumbnail","7":"category-destacadas","8":"category-retailers","9":"tag-colombia","10":"tag-decathlon"},"yoast_head":"<!-- This site is optimized with the Yoast SEO plugin v27.4 - https:\/\/yoast.com\/product\/yoast-seo-wordpress\/ -->\n<title>Decathlon se pone en forma en Colombia: 35 tiendas hasta 2030 y alianza con \u00c9xito - Just Retail Latam<\/title>\n<meta name=\"description\" content=\"Decathlon abrir\u00e1 un espacio 900m2 dentro de un almac\u00e9n de \u00c9xito, el primero de este formato. Adem\u00e1s, la empresa tantea llegar a Cartagena.\" \/>\n<meta name=\"robots\" content=\"index, follow, max-snippet:-1, max-image-preview:large, max-video-preview:-1\" \/>\n<link rel=\"canonical\" href=\"https:\/\/www.justretail.news\/latam\/noticias\/decathlon-se-pone-en-forma-en-colombia-35-tiendas-hasta-2030-y-alianza-con-exito\/\" \/>\n<meta property=\"og:locale\" content=\"es_ES\" \/>\n<meta property=\"og:type\" content=\"article\" \/>\n<meta property=\"og:title\" content=\"Decathlon se pone en forma en Colombia: 35 tiendas hasta 2030 y alianza con \u00c9xito - Just Retail Latam\" \/>\n<meta property=\"og:description\" content=\"Decathlon abrir\u00e1 un espacio 900m2 dentro de un almac\u00e9n de \u00c9xito, el primero de este formato. Adem\u00e1s, la empresa tantea llegar a Cartagena.\" \/>\n<meta property=\"og:url\" content=\"https:\/\/www.justretail.news\/latam\/noticias\/decathlon-se-pone-en-forma-en-colombia-35-tiendas-hasta-2030-y-alianza-con-exito\/\" \/>\n<meta property=\"og:site_name\" content=\"Just Retail Latam\" \/>\n<meta property=\"article:published_time\" content=\"2026-01-22T16:08:16+00:00\" \/>\n<meta property=\"article:modified_time\" content=\"2026-01-28T23:14:17+00:00\" \/>\n<meta property=\"og:image\" content=\"https:\/\/www.justretail.news\/latam\/wp-content\/uploads\/2026\/01\/decathlon-colombia.jpg\" \/>\n\t<meta property=\"og:image:width\" content=\"800\" \/>\n\t<meta property=\"og:image:height\" content=\"587\" \/>\n\t<meta property=\"og:image:type\" content=\"image\/jpeg\" \/>\n<meta name=\"author\" content=\"Redacci\u00f3n\" \/>\n<meta name=\"twitter:card\" content=\"summary_large_image\" \/>\n<meta name=\"twitter:label1\" content=\"Escrito por\" \/>\n\t<meta name=\"twitter:data1\" content=\"Redacci\u00f3n\" \/>\n\t<meta name=\"twitter:label2\" content=\"Tiempo de lectura\" \/>\n\t<meta name=\"twitter:data2\" content=\"2 minutos\" \/>\n<script type=\"application\/ld+json\" class=\"yoast-schema-graph\">{\"@context\":\"https:\\\/\\\/schema.org\",\"@graph\":[{\"@type\":\"Article\",\"@id\":\"https:\\\/\\\/www.justretail.news\\\/latam\\\/noticias\\\/decathlon-se-pone-en-forma-en-colombia-35-tiendas-hasta-2030-y-alianza-con-exito\\\/#article\",\"isPartOf\":{\"@id\":\"https:\\\/\\\/www.justretail.news\\\/latam\\\/noticias\\\/decathlon-se-pone-en-forma-en-colombia-35-tiendas-hasta-2030-y-alianza-con-exito\\\/\"},\"author\":{\"name\":\"Redacci\u00f3n\",\"@id\":\"https:\\\/\\\/www.justretail.news\\\/latam\\\/#\\\/schema\\\/person\\\/1543b9d803b2d5751fba2211e7785c5f\"},\"headline\":\"Decathlon se pone en forma en Colombia: 35 tiendas hasta 2030 y alianza con \u00c9xito\",\"datePublished\":\"2026-01-22T16:08:16+00:00\",\"dateModified\":\"2026-01-28T23:14:17+00:00\",\"mainEntityOfPage\":{\"@id\":\"https:\\\/\\\/www.justretail.news\\\/latam\\\/noticias\\\/decathlon-se-pone-en-forma-en-colombia-35-tiendas-hasta-2030-y-alianza-con-exito\\\/\"},\"wordCount\":374,\"publisher\":{\"@id\":\"https:\\\/\\\/www.justretail.news\\\/latam\\\/#organization\"},\"image\":{\"@id\":\"https:\\\/\\\/www.justretail.news\\\/latam\\\/noticias\\\/decathlon-se-pone-en-forma-en-colombia-35-tiendas-hasta-2030-y-alianza-con-exito\\\/#primaryimage\"},\"thumbnailUrl\":\"https:\\\/\\\/www.justretail.news\\\/latam\\\/wp-content\\\/uploads\\\/2026\\\/01\\\/decathlon-colombia.jpg\",\"keywords\":[\"Colombia\",\"Decathlon\"],\"articleSection\":[\"Destacadas\",\"Retailers\"],\"inLanguage\":\"es\"},{\"@type\":\"WebPage\",\"@id\":\"https:\\\/\\\/www.justretail.news\\\/latam\\\/noticias\\\/decathlon-se-pone-en-forma-en-colombia-35-tiendas-hasta-2030-y-alianza-con-exito\\\/\",\"url\":\"https:\\\/\\\/www.justretail.news\\\/latam\\\/noticias\\\/decathlon-se-pone-en-forma-en-colombia-35-tiendas-hasta-2030-y-alianza-con-exito\\\/\",\"name\":\"Decathlon se pone en forma en Colombia: 35 tiendas hasta 2030 y alianza con \u00c9xito - Just Retail Latam\",\"isPartOf\":{\"@id\":\"https:\\\/\\\/www.justretail.news\\\/latam\\\/#website\"},\"primaryImageOfPage\":{\"@id\":\"https:\\\/\\\/www.justretail.news\\\/latam\\\/noticias\\\/decathlon-se-pone-en-forma-en-colombia-35-tiendas-hasta-2030-y-alianza-con-exito\\\/#primaryimage\"},\"image\":{\"@id\":\"https:\\\/\\\/www.justretail.news\\\/latam\\\/noticias\\\/decathlon-se-pone-en-forma-en-colombia-35-tiendas-hasta-2030-y-alianza-con-exito\\\/#primaryimage\"},\"thumbnailUrl\":\"https:\\\/\\\/www.justretail.news\\\/latam\\\/wp-content\\\/uploads\\\/2026\\\/01\\\/decathlon-colombia.jpg\",\"datePublished\":\"2026-01-22T16:08:16+00:00\",\"dateModified\":\"2026-01-28T23:14:17+00:00\",\"description\":\"Decathlon abrir\u00e1 un espacio 900m2 dentro de un almac\u00e9n de \u00c9xito, el primero de este formato. Adem\u00e1s, la empresa tantea llegar a Cartagena.\",\"breadcrumb\":{\"@id\":\"https:\\\/\\\/www.justretail.news\\\/latam\\\/noticias\\\/decathlon-se-pone-en-forma-en-colombia-35-tiendas-hasta-2030-y-alianza-con-exito\\\/#breadcrumb\"},\"inLanguage\":\"es\",\"potentialAction\":[{\"@type\":\"ReadAction\",\"target\":[\"https:\\\/\\\/www.justretail.news\\\/latam\\\/noticias\\\/decathlon-se-pone-en-forma-en-colombia-35-tiendas-hasta-2030-y-alianza-con-exito\\\/\"]}]},{\"@type\":\"ImageObject\",\"inLanguage\":\"es\",\"@id\":\"https:\\\/\\\/www.justretail.news\\\/latam\\\/noticias\\\/decathlon-se-pone-en-forma-en-colombia-35-tiendas-hasta-2030-y-alianza-con-exito\\\/#primaryimage\",\"url\":\"https:\\\/\\\/www.justretail.news\\\/latam\\\/wp-content\\\/uploads\\\/2026\\\/01\\\/decathlon-colombia.jpg\",\"contentUrl\":\"https:\\\/\\\/www.justretail.news\\\/latam\\\/wp-content\\\/uploads\\\/2026\\\/01\\\/decathlon-colombia.jpg\",\"width\":800,\"height\":587},{\"@type\":\"BreadcrumbList\",\"@id\":\"https:\\\/\\\/www.justretail.news\\\/latam\\\/noticias\\\/decathlon-se-pone-en-forma-en-colombia-35-tiendas-hasta-2030-y-alianza-con-exito\\\/#breadcrumb\",\"itemListElement\":[{\"@type\":\"ListItem\",\"position\":1,\"name\":\"Portada\",\"item\":\"https:\\\/\\\/www.justretail.news\\\/latam\\\/\"},{\"@type\":\"ListItem\",\"position\":2,\"name\":\"Decathlon se pone en forma en Colombia: 35 tiendas hasta 2030 y alianza con \u00c9xito\"}]},{\"@type\":\"WebSite\",\"@id\":\"https:\\\/\\\/www.justretail.news\\\/latam\\\/#website\",\"url\":\"https:\\\/\\\/www.justretail.news\\\/latam\\\/\",\"name\":\"Just Retail Latam\",\"description\":\"\",\"publisher\":{\"@id\":\"https:\\\/\\\/www.justretail.news\\\/latam\\\/#organization\"},\"potentialAction\":[{\"@type\":\"SearchAction\",\"target\":{\"@type\":\"EntryPoint\",\"urlTemplate\":\"https:\\\/\\\/www.justretail.news\\\/latam\\\/?s={search_term_string}\"},\"query-input\":{\"@type\":\"PropertyValueSpecification\",\"valueRequired\":true,\"valueName\":\"search_term_string\"}}],\"inLanguage\":\"es\"},{\"@type\":\"Organization\",\"@id\":\"https:\\\/\\\/www.justretail.news\\\/latam\\\/#organization\",\"name\":\"Just Retail Latam\",\"url\":\"https:\\\/\\\/www.justretail.news\\\/latam\\\/\",\"logo\":{\"@type\":\"ImageObject\",\"inLanguage\":\"es\",\"@id\":\"https:\\\/\\\/www.justretail.news\\\/latam\\\/#\\\/schema\\\/logo\\\/image\\\/\",\"url\":\"https:\\\/\\\/www.justretail.news\\\/latam\\\/wp-content\\\/uploads\\\/2024\\\/05\\\/just-retail-logo-NEGRO-trans-latam-272x90_nuevo.png\",\"contentUrl\":\"https:\\\/\\\/www.justretail.news\\\/latam\\\/wp-content\\\/uploads\\\/2024\\\/05\\\/just-retail-logo-NEGRO-trans-latam-272x90_nuevo.png\",\"width\":272,\"height\":90,\"caption\":\"Just Retail Latam\"},\"image\":{\"@id\":\"https:\\\/\\\/www.justretail.news\\\/latam\\\/#\\\/schema\\\/logo\\\/image\\\/\"}},{\"@type\":\"Person\",\"@id\":\"https:\\\/\\\/www.justretail.news\\\/latam\\\/#\\\/schema\\\/person\\\/1543b9d803b2d5751fba2211e7785c5f\",\"name\":\"Redacci\u00f3n\",\"image\":{\"@type\":\"ImageObject\",\"inLanguage\":\"es\",\"@id\":\"https:\\\/\\\/secure.gravatar.com\\\/avatar\\\/728f66d366b9809efe89ec232bef06263abc057cefaba166bbd45a167e648b3c?s=96&d=mm&r=g\",\"url\":\"https:\\\/\\\/secure.gravatar.com\\\/avatar\\\/728f66d366b9809efe89ec232bef06263abc057cefaba166bbd45a167e648b3c?s=96&d=mm&r=g\",\"contentUrl\":\"https:\\\/\\\/secure.gravatar.com\\\/avatar\\\/728f66d366b9809efe89ec232bef06263abc057cefaba166bbd45a167e648b3c?s=96&d=mm&r=g\",\"caption\":\"Redacci\u00f3n\"},\"sameAs\":[\"https:\\\/\\\/www.justretail.news\\\/latam\"],\"url\":\"https:\\\/\\\/www.justretail.news\\\/latam\\\/noticias\\\/author\\\/latam_master\\\/\"}]}<\/script>\n<!-- \/ Yoast SEO plugin. -->","yoast_head_json":{"title":"Decathlon se pone en forma en Colombia: 35 tiendas hasta 2030 y alianza con \u00c9xito - Just Retail Latam","description":"Decathlon abrir\u00e1 un espacio 900m2 dentro de un almac\u00e9n de \u00c9xito, el primero de este formato. Adem\u00e1s, la empresa tantea llegar a Cartagena.","robots":{"index":"index","follow":"follow","max-snippet":"max-snippet:-1","max-image-preview":"max-image-preview:large","max-video-preview":"max-video-preview:-1"},"canonical":"https:\/\/www.justretail.news\/latam\/noticias\/decathlon-se-pone-en-forma-en-colombia-35-tiendas-hasta-2030-y-alianza-con-exito\/","og_locale":"es_ES","og_type":"article","og_title":"Decathlon se pone en forma en Colombia: 35 tiendas hasta 2030 y alianza con \u00c9xito - Just Retail Latam","og_description":"Decathlon abrir\u00e1 un espacio 900m2 dentro de un almac\u00e9n de \u00c9xito, el primero de este formato. Adem\u00e1s, la empresa tantea llegar a Cartagena.","og_url":"https:\/\/www.justretail.news\/latam\/noticias\/decathlon-se-pone-en-forma-en-colombia-35-tiendas-hasta-2030-y-alianza-con-exito\/","og_site_name":"Just Retail Latam","article_published_time":"2026-01-22T16:08:16+00:00","article_modified_time":"2026-01-28T23:14:17+00:00","og_image":[{"width":800,"height":587,"url":"https:\/\/www.justretail.news\/latam\/wp-content\/uploads\/2026\/01\/decathlon-colombia.jpg","type":"image\/jpeg"}],"author":"Redacci\u00f3n","twitter_card":"summary_large_image","twitter_misc":{"Escrito por":"Redacci\u00f3n","Tiempo de lectura":"2 minutos"},"schema":{"@context":"https:\/\/schema.org","@graph":[{"@type":"Article","@id":"https:\/\/www.justretail.news\/latam\/noticias\/decathlon-se-pone-en-forma-en-colombia-35-tiendas-hasta-2030-y-alianza-con-exito\/#article","isPartOf":{"@id":"https:\/\/www.justretail.news\/latam\/noticias\/decathlon-se-pone-en-forma-en-colombia-35-tiendas-hasta-2030-y-alianza-con-exito\/"},"author":{"name":"Redacci\u00f3n","@id":"https:\/\/www.justretail.news\/latam\/#\/schema\/person\/1543b9d803b2d5751fba2211e7785c5f"},"headline":"Decathlon se pone en forma en Colombia: 35 tiendas hasta 2030 y alianza con \u00c9xito","datePublished":"2026-01-22T16:08:16+00:00","dateModified":"2026-01-28T23:14:17+00:00","mainEntityOfPage":{"@id":"https:\/\/www.justretail.news\/latam\/noticias\/decathlon-se-pone-en-forma-en-colombia-35-tiendas-hasta-2030-y-alianza-con-exito\/"},"wordCount":374,"publisher":{"@id":"https:\/\/www.justretail.news\/latam\/#organization"},"image":{"@id":"https:\/\/www.justretail.news\/latam\/noticias\/decathlon-se-pone-en-forma-en-colombia-35-tiendas-hasta-2030-y-alianza-con-exito\/#primaryimage"},"thumbnailUrl":"https:\/\/www.justretail.news\/latam\/wp-content\/uploads\/2026\/01\/decathlon-colombia.jpg","keywords":["Colombia","Decathlon"],"articleSection":["Destacadas","Retailers"],"inLanguage":"es"},{"@type":"WebPage","@id":"https:\/\/www.justretail.news\/latam\/noticias\/decathlon-se-pone-en-forma-en-colombia-35-tiendas-hasta-2030-y-alianza-con-exito\/","url":"https:\/\/www.justretail.news\/latam\/noticias\/decathlon-se-pone-en-forma-en-colombia-35-tiendas-hasta-2030-y-alianza-con-exito\/","name":"Decathlon se pone en forma en Colombia: 35 tiendas hasta 2030 y alianza con \u00c9xito - Just Retail Latam","isPartOf":{"@id":"https:\/\/www.justretail.news\/latam\/#website"},"primaryImageOfPage":{"@id":"https:\/\/www.justretail.news\/latam\/noticias\/decathlon-se-pone-en-forma-en-colombia-35-tiendas-hasta-2030-y-alianza-con-exito\/#primaryimage"},"image":{"@id":"https:\/\/www.justretail.news\/latam\/noticias\/decathlon-se-pone-en-forma-en-colombia-35-tiendas-hasta-2030-y-alianza-con-exito\/#primaryimage"},"thumbnailUrl":"https:\/\/www.justretail.news\/latam\/wp-content\/uploads\/2026\/01\/decathlon-colombia.jpg","datePublished":"2026-01-22T16:08:16+00:00","dateModified":"2026-01-28T23:14:17+00:00","description":"Decathlon abrir\u00e1 un espacio 900m2 dentro de un almac\u00e9n de \u00c9xito, el primero de este formato. Adem\u00e1s, la empresa tantea llegar a Cartagena.","breadcrumb":{"@id":"https:\/\/www.justretail.news\/latam\/noticias\/decathlon-se-pone-en-forma-en-colombia-35-tiendas-hasta-2030-y-alianza-con-exito\/#breadcrumb"},"inLanguage":"es","potentialAction":[{"@type":"ReadAction","target":["https:\/\/www.justretail.news\/latam\/noticias\/decathlon-se-pone-en-forma-en-colombia-35-tiendas-hasta-2030-y-alianza-con-exito\/"]}]},{"@type":"ImageObject","inLanguage":"es","@id":"https:\/\/www.justretail.news\/latam\/noticias\/decathlon-se-pone-en-forma-en-colombia-35-tiendas-hasta-2030-y-alianza-con-exito\/#primaryimage","url":"https:\/\/www.justretail.news\/latam\/wp-content\/uploads\/2026\/01\/decathlon-colombia.jpg","contentUrl":"https:\/\/www.justretail.news\/latam\/wp-content\/uploads\/2026\/01\/decathlon-colombia.jpg","width":800,"height":587},{"@type":"BreadcrumbList","@id":"https:\/\/www.justretail.news\/latam\/noticias\/decathlon-se-pone-en-forma-en-colombia-35-tiendas-hasta-2030-y-alianza-con-exito\/#breadcrumb","itemListElement":[{"@type":"ListItem","position":1,"name":"Portada","item":"https:\/\/www.justretail.news\/latam\/"},{"@type":"ListItem","position":2,"name":"Decathlon se pone en forma en Colombia: 35 tiendas hasta 2030 y alianza con \u00c9xito"}]},{"@type":"WebSite","@id":"https:\/\/www.justretail.news\/latam\/#website","url":"https:\/\/www.justretail.news\/latam\/","name":"Just Retail Latam","description":"","publisher":{"@id":"https:\/\/www.justretail.news\/latam\/#organization"},"potentialAction":[{"@type":"SearchAction","target":{"@type":"EntryPoint","urlTemplate":"https:\/\/www.justretail.news\/latam\/?s={search_term_string}"},"query-input":{"@type":"PropertyValueSpecification","valueRequired":true,"valueName":"search_term_string"}}],"inLanguage":"es"},{"@type":"Organization","@id":"https:\/\/www.justretail.news\/latam\/#organization","name":"Just Retail Latam","url":"https:\/\/www.justretail.news\/latam\/","logo":{"@type":"ImageObject","inLanguage":"es","@id":"https:\/\/www.justretail.news\/latam\/#\/schema\/logo\/image\/","url":"https:\/\/www.justretail.news\/latam\/wp-content\/uploads\/2024\/05\/just-retail-logo-NEGRO-trans-latam-272x90_nuevo.png","contentUrl":"https:\/\/www.justretail.news\/latam\/wp-content\/uploads\/2024\/05\/just-retail-logo-NEGRO-trans-latam-272x90_nuevo.png","width":272,"height":90,"caption":"Just Retail Latam"},"image":{"@id":"https:\/\/www.justretail.news\/latam\/#\/schema\/logo\/image\/"}},{"@type":"Person","@id":"https:\/\/www.justretail.news\/latam\/#\/schema\/person\/1543b9d803b2d5751fba2211e7785c5f","name":"Redacci\u00f3n","image":{"@type":"ImageObject","inLanguage":"es","@id":"https:\/\/secure.gravatar.com\/avatar\/728f66d366b9809efe89ec232bef06263abc057cefaba166bbd45a167e648b3c?s=96&d=mm&r=g","url":"https:\/\/secure.gravatar.com\/avatar\/728f66d366b9809efe89ec232bef06263abc057cefaba166bbd45a167e648b3c?s=96&d=mm&r=g","contentUrl":"https:\/\/secure.gravatar.com\/avatar\/728f66d366b9809efe89ec232bef06263abc057cefaba166bbd45a167e648b3c?s=96&d=mm&r=g","caption":"Redacci\u00f3n"},"sameAs":["https:\/\/www.justretail.news\/latam"],"url":"https:\/\/www.justretail.news\/latam\/noticias\/author\/latam_master\/"}]}},"jetpack_featured_media_url":"https:\/\/www.justretail.news\/latam\/wp-content\/uploads\/2026\/01\/decathlon-colombia.jpg","jetpack_sharing_enabled":true,"_links":{"self":[{"href":"https:\/\/www.justretail.news\/latam\/wp-json\/wp\/v2\/posts\/5140","targetHints":{"allow":["GET"]}}],"collection":[{"href":"https:\/\/www.justretail.news\/latam\/wp-json\/wp\/v2\/posts"}],"about":[{"href":"https:\/\/www.justretail.news\/latam\/wp-json\/wp\/v2\/types\/post"}],"author":[{"embeddable":true,"href":"https:\/\/www.justretail.news\/latam\/wp-json\/wp\/v2\/users\/1"}],"replies":[{"embeddable":true,"href":"https:\/\/www.justretail.news\/latam\/wp-json\/wp\/v2\/comments?post=5140"}],"version-history":[{"count":1,"href":"https:\/\/www.justretail.news\/latam\/wp-json\/wp\/v2\/posts\/5140\/revisions"}],"predecessor-version":[{"id":5142,"href":"https:\/\/www.justretail.news\/latam\/wp-json\/wp\/v2\/posts\/5140\/revisions\/5142"}],"wp:featuredmedia":[{"embeddable":true,"href":"https:\/\/www.justretail.news\/latam\/wp-json\/wp\/v2\/media\/5141"}],"wp:attachment":[{"href":"https:\/\/www.justretail.news\/latam\/wp-json\/wp\/v2\/media?parent=5140"}],"wp:term":[{"taxonomy":"category","embeddable":true,"href":"https:\/\/www.justretail.news\/latam\/wp-json\/wp\/v2\/categories?post=5140"},{"taxonomy":"post_tag","embeddable":true,"href":"https:\/\/www.justretail.news\/latam\/wp-json\/wp\/v2\/tags?post=5140"}],"curies":[{"name":"wp","href":"https:\/\/api.w.org\/{rel}","templated":true}]}}