{"id":5145,"date":"2026-01-23T19:05:26","date_gmt":"2026-01-23T18:05:26","guid":{"rendered":"https:\/\/www.justretail.news\/latam\/?p=5145"},"modified":"2026-01-29T00:14:11","modified_gmt":"2026-01-28T23:14:11","slug":"grupo-exito-inaugura-el-primer-supermercado-carulla-en-el-sur-de-bogota","status":"publish","type":"post","link":"https:\/\/www.justretail.news\/latam\/noticias\/grupo-exito-inaugura-el-primer-supermercado-carulla-en-el-sur-de-bogota\/","title":{"rendered":"Grupo \u00c9xito inaugura el primer supermercado Carulla en el sur de Bogot\u00e1"},"content":{"rendered":"\n<p>Grupo \u00c9xito <strong>se instala en el barrio de Castilla (Kennedy)<\/strong> con su supermercado Carulla. La empresa colombiana invirti\u00f3 un total de <strong>4.700 millones de pesos colombianos<\/strong> para poner en marcha el nuevo supermercado, que cuenta con <strong>un \u00e1rea de venta de 1.144 m2<\/strong>.<\/p>\n\n\n\n<p>El nuevo Carulla del sur de Bogot\u00e1 ofrecer\u00e1 m\u00e1s de 12.000 productos de diferentes categor\u00edas y un gran surtido en <strong>productos frescos y de gran consumo<\/strong>, adem\u00e1s de fortalecer su secci\u00f3n de carnes.<\/p>\n\n\n\n<p><strong>El supermercado de Grupo \u00c9xito cuenta con experiencias nuevas<\/strong>, como un \u00e1rea de delicatessen, con un portafolio especializado de quesos y productos madurados; panader\u00eda fresca, con panes artesanales que incluye opciones integrales, de centeno, avena y masa madre; comidas preparadas, incluyendo el ic\u00f3nico pollo asado y nuevos conceptos como sushi y pizza; y un desarrollo especial de cervezas y bebidas importadas.<\/p>\n\n\n\n<figure class=\"wp-block-image size-full\"><img loading=\"lazy\" decoding=\"async\" width=\"800\" height=\"600\" src=\"https:\/\/www.justretail.news\/latam\/wp-content\/uploads\/2026\/01\/Apertura-1.jpg\" alt=\"\" class=\"wp-image-5148\" srcset=\"https:\/\/www.justretail.news\/latam\/wp-content\/uploads\/2026\/01\/Apertura-1.jpg 800w, https:\/\/www.justretail.news\/latam\/wp-content\/uploads\/2026\/01\/Apertura-1-300x225.jpg 300w, https:\/\/www.justretail.news\/latam\/wp-content\/uploads\/2026\/01\/Apertura-1-768x576.jpg 768w, https:\/\/www.justretail.news\/latam\/wp-content\/uploads\/2026\/01\/Apertura-1-560x420.jpg 560w, https:\/\/www.justretail.news\/latam\/wp-content\/uploads\/2026\/01\/Apertura-1-80x60.jpg 80w, https:\/\/www.justretail.news\/latam\/wp-content\/uploads\/2026\/01\/Apertura-1-150x113.jpg 150w, https:\/\/www.justretail.news\/latam\/wp-content\/uploads\/2026\/01\/Apertura-1-696x522.jpg 696w, https:\/\/www.justretail.news\/latam\/wp-content\/uploads\/2026\/01\/Apertura-1-265x198.jpg 265w\" sizes=\"auto, (max-width: 800px) 100vw, 800px\" \/><\/figure>\n\n\n\n<p><strong>La tienda genera 26 empleos<\/strong>, que se suman a los m\u00e1s de 8.600 puestos de trabajo de Grupo \u00c9xito en la regi\u00f3n central de Colombia. Adem\u00e1s, durante el desarrollo del proyecto se crearon 90 empleos adicionales.&nbsp;<\/p>\n\n\n\n<p>\u201cEl primer Carulla en el sur de Bogot\u00e1 es un hito que nos llena de orgullo, porque refleja nuestra filosof\u00eda como compa\u00f1\u00eda de que todos merecemos lo mejor cerca de casa, sin importar el lugar donde vivamos, y hoy, los aproximadamente 1,2 millones de habitantes de la localidad de Kennedy pueden encontrar en un solo lugar todo lo que necesitan para su hogar\u201d, destac\u00f3 Carlos Calleja, presidente ejecutivo de Grupo \u00c9xito.<\/p>\n\n\n\n<figure class=\"wp-block-image size-full\"><img loading=\"lazy\" decoding=\"async\" width=\"800\" height=\"450\" src=\"https:\/\/www.justretail.news\/latam\/wp-content\/uploads\/2026\/01\/IMG_5466-1.jpg\" alt=\"\" class=\"wp-image-5149\" srcset=\"https:\/\/www.justretail.news\/latam\/wp-content\/uploads\/2026\/01\/IMG_5466-1.jpg 800w, https:\/\/www.justretail.news\/latam\/wp-content\/uploads\/2026\/01\/IMG_5466-1-300x169.jpg 300w, https:\/\/www.justretail.news\/latam\/wp-content\/uploads\/2026\/01\/IMG_5466-1-768x432.jpg 768w, https:\/\/www.justretail.news\/latam\/wp-content\/uploads\/2026\/01\/IMG_5466-1-747x420.jpg 747w, https:\/\/www.justretail.news\/latam\/wp-content\/uploads\/2026\/01\/IMG_5466-1-150x84.jpg 150w, https:\/\/www.justretail.news\/latam\/wp-content\/uploads\/2026\/01\/IMG_5466-1-696x392.jpg 696w\" sizes=\"auto, (max-width: 800px) 100vw, 800px\" \/><\/figure>\n\n\n\n<p><strong>El nuevo Carulla cuenta con un grafiti en su fachada<\/strong>, elaborado por la muralista Marcela Villarreal, del proyecto Tejidos Urbanos, liderado por la primera dama de Bogot\u00e1, Carolina Deik. La intervenci\u00f3n retrata im\u00e1genes emblem\u00e1ticas de la fauna y flora de la localidad de Kennedy y cont\u00f3 con la participaci\u00f3n de artistas vinculados a la Alcald\u00eda, clientes, habitantes del sector y colaboradores de la compa\u00f1\u00eda, como parte de una apuesta por la integraci\u00f3n con el territorio y el mejoramiento del entorno.&nbsp;<\/p>\n\n\n\n<p>La empresa colombiana cerr\u00f3 el ejercicio 2025 con <strong>una inversi\u00f3n cercana a los ochenta millones de d\u00f3lares<\/strong>, de los cu\u00e1les el 50% estuvo destinado a la expansi\u00f3n, renovaci\u00f3n y mantenimiento de sus tiendas. Para este a\u00f1o, \u00c9xito planea <strong>duplicar esa cifra<\/strong>.<\/p>\n\n\n\n<p>\u201cEsta apertura demuestra c\u00f3mo el trabajo conjunto entre el sector p\u00fablico y privado puede contribuir al mejoramiento de los entornos donde hacemos presencia y confirma que, cuando todos los sectores remamos hacia el mismo lado, logramos sacar adelante proyectos que generan impacto real en el pa\u00eds\u201d, remarc\u00f3 Calleja.<\/p>\n\n\n\n<p>Adem\u00e1s <strong>de la alianza p\u00fablico-privada con Tejidos Urbanos<\/strong>, el grupo ha trabajado a trav\u00e9s de su Fundaci\u00f3n \u00c9xito con la Alcald\u00eda de Bogot\u00e1 durante varios a\u00f1os trabajando en la recuperaci\u00f3n nutricional de la ni\u00f1ez.&nbsp;&nbsp;<\/p>\n\n\n\n<p>En 2024 y 2025, la Fundaci\u00f3n \u00c9xito realiz\u00f3 una inversi\u00f3n social a trav\u00e9s de esta alianza por m\u00e1s de 1.700 millones de pesos colombianos, beneficiando a aproximadamente 1.900 ni\u00f1os y ni\u00f1as con paquetes alimenticios.&nbsp;<\/p>\n\n\n\n<p>En 2026, la Fundaci\u00f3n \u00c9xito ratifica su compromiso con la poblaci\u00f3n materno infantil y realizar\u00e1 <strong>una inversi\u00f3n de 24.000 millones de pesos colombianos en los proyectos que desarrolla en los diferentes municipios del pa\u00eds<\/strong>, con los que se espera impactar a cerca de 55.000 ni\u00f1os y ni\u00f1as. Adicionalmente, en Bogot\u00e1 la Fundaci\u00f3n mantendr\u00e1 la inversi\u00f3n alcanzada en 2025, que super\u00f3 los $3.000 millones de pesos. De estos recursos, m\u00e1s de $1.200 millones de pesos se destinar\u00e1n a la articulaci\u00f3n con la Alcald\u00eda.&nbsp;&nbsp;&nbsp;<\/p>\n\n\n\n<p>Este tipo de resultados reafirman que las alianzas entre el sector p\u00fablico y privado fortalecen la capacidad de atenci\u00f3n y amplifican el impacto de las intervenciones en los territorios.&nbsp;<\/p>\n","protected":false},"excerpt":{"rendered":"<p>El nuevo supermercado Carulla de Grupo \u00c9xito cuenta con un \u00e1rea comercial de 1.114 m2 que supuso una inversi\u00f3n de 4.700 millones de pesos. <\/p>\n","protected":false},"author":1,"featured_media":5147,"comment_status":"closed","ping_status":"open","sticky":false,"template":"","format":"standard","meta":{"_jetpack_memberships_contains_paid_content":false,"footnotes":""},"categories":[59,37],"tags":[212,78,211,218],"class_list":{"0":"post-5145","1":"post","2":"type-post","3":"status-publish","4":"format-standard","5":"has-post-thumbnail","7":"category-destacadas","8":"category-retailers","9":"tag-carulla","10":"tag-colombia","11":"tag-grupo-exito","12":"tag-supermercados"},"yoast_head":"<!-- This site is optimized with the Yoast SEO plugin v27.4 - https:\/\/yoast.com\/product\/yoast-seo-wordpress\/ -->\n<title>Grupo \u00c9xito inaugura el primer supermercado Carulla en el sur de Bogot\u00e1 - Just Retail Latam<\/title>\n<meta name=\"description\" content=\"Con una inversi\u00f3n de 4.700 millones de pesos, el retailer colombiano se instala en la localidad de Kennedy.\" \/>\n<meta name=\"robots\" content=\"index, follow, max-snippet:-1, max-image-preview:large, max-video-preview:-1\" \/>\n<link rel=\"canonical\" href=\"https:\/\/www.justretail.news\/latam\/noticias\/grupo-exito-inaugura-el-primer-supermercado-carulla-en-el-sur-de-bogota\/\" \/>\n<meta property=\"og:locale\" content=\"es_ES\" \/>\n<meta property=\"og:type\" content=\"article\" \/>\n<meta property=\"og:title\" content=\"Grupo \u00c9xito inaugura el primer supermercado Carulla en el sur de Bogot\u00e1 - Just Retail Latam\" \/>\n<meta property=\"og:description\" content=\"Con una inversi\u00f3n de 4.700 millones de pesos, el retailer colombiano se instala en la localidad de Kennedy.\" \/>\n<meta property=\"og:url\" content=\"https:\/\/www.justretail.news\/latam\/noticias\/grupo-exito-inaugura-el-primer-supermercado-carulla-en-el-sur-de-bogota\/\" \/>\n<meta property=\"og:site_name\" content=\"Just Retail Latam\" \/>\n<meta property=\"article:published_time\" content=\"2026-01-23T18:05:26+00:00\" \/>\n<meta property=\"article:modified_time\" content=\"2026-01-28T23:14:11+00:00\" \/>\n<meta property=\"og:image\" content=\"https:\/\/www.justretail.news\/latam\/wp-content\/uploads\/2026\/01\/Foto-fachada-1.jpg\" \/>\n\t<meta property=\"og:image:width\" content=\"800\" \/>\n\t<meta property=\"og:image:height\" content=\"533\" \/>\n\t<meta property=\"og:image:type\" content=\"image\/jpeg\" \/>\n<meta name=\"author\" content=\"Redacci\u00f3n\" \/>\n<meta name=\"twitter:card\" content=\"summary_large_image\" \/>\n<meta name=\"twitter:label1\" content=\"Escrito por\" \/>\n\t<meta name=\"twitter:data1\" content=\"Redacci\u00f3n\" \/>\n\t<meta name=\"twitter:label2\" content=\"Tiempo de lectura\" \/>\n\t<meta name=\"twitter:data2\" content=\"4 minutos\" \/>\n<script type=\"application\/ld+json\" class=\"yoast-schema-graph\">{\"@context\":\"https:\\\/\\\/schema.org\",\"@graph\":[{\"@type\":\"Article\",\"@id\":\"https:\\\/\\\/www.justretail.news\\\/latam\\\/noticias\\\/grupo-exito-inaugura-el-primer-supermercado-carulla-en-el-sur-de-bogota\\\/#article\",\"isPartOf\":{\"@id\":\"https:\\\/\\\/www.justretail.news\\\/latam\\\/noticias\\\/grupo-exito-inaugura-el-primer-supermercado-carulla-en-el-sur-de-bogota\\\/\"},\"author\":{\"name\":\"Redacci\u00f3n\",\"@id\":\"https:\\\/\\\/www.justretail.news\\\/latam\\\/#\\\/schema\\\/person\\\/1543b9d803b2d5751fba2211e7785c5f\"},\"headline\":\"Grupo \u00c9xito inaugura el primer supermercado Carulla en el sur de Bogot\u00e1\",\"datePublished\":\"2026-01-23T18:05:26+00:00\",\"dateModified\":\"2026-01-28T23:14:11+00:00\",\"mainEntityOfPage\":{\"@id\":\"https:\\\/\\\/www.justretail.news\\\/latam\\\/noticias\\\/grupo-exito-inaugura-el-primer-supermercado-carulla-en-el-sur-de-bogota\\\/\"},\"wordCount\":649,\"publisher\":{\"@id\":\"https:\\\/\\\/www.justretail.news\\\/latam\\\/#organization\"},\"image\":{\"@id\":\"https:\\\/\\\/www.justretail.news\\\/latam\\\/noticias\\\/grupo-exito-inaugura-el-primer-supermercado-carulla-en-el-sur-de-bogota\\\/#primaryimage\"},\"thumbnailUrl\":\"https:\\\/\\\/www.justretail.news\\\/latam\\\/wp-content\\\/uploads\\\/2026\\\/01\\\/Foto-fachada-1.jpg\",\"keywords\":[\"Carulla\",\"Colombia\",\"Grupo \u00c9xito\",\"Supermercados\"],\"articleSection\":[\"Destacadas\",\"Retailers\"],\"inLanguage\":\"es\"},{\"@type\":\"WebPage\",\"@id\":\"https:\\\/\\\/www.justretail.news\\\/latam\\\/noticias\\\/grupo-exito-inaugura-el-primer-supermercado-carulla-en-el-sur-de-bogota\\\/\",\"url\":\"https:\\\/\\\/www.justretail.news\\\/latam\\\/noticias\\\/grupo-exito-inaugura-el-primer-supermercado-carulla-en-el-sur-de-bogota\\\/\",\"name\":\"Grupo \u00c9xito inaugura el primer supermercado Carulla en el sur de Bogot\u00e1 - Just Retail Latam\",\"isPartOf\":{\"@id\":\"https:\\\/\\\/www.justretail.news\\\/latam\\\/#website\"},\"primaryImageOfPage\":{\"@id\":\"https:\\\/\\\/www.justretail.news\\\/latam\\\/noticias\\\/grupo-exito-inaugura-el-primer-supermercado-carulla-en-el-sur-de-bogota\\\/#primaryimage\"},\"image\":{\"@id\":\"https:\\\/\\\/www.justretail.news\\\/latam\\\/noticias\\\/grupo-exito-inaugura-el-primer-supermercado-carulla-en-el-sur-de-bogota\\\/#primaryimage\"},\"thumbnailUrl\":\"https:\\\/\\\/www.justretail.news\\\/latam\\\/wp-content\\\/uploads\\\/2026\\\/01\\\/Foto-fachada-1.jpg\",\"datePublished\":\"2026-01-23T18:05:26+00:00\",\"dateModified\":\"2026-01-28T23:14:11+00:00\",\"description\":\"Con una inversi\u00f3n de 4.700 millones de pesos, el retailer colombiano se instala en la localidad de Kennedy.\",\"breadcrumb\":{\"@id\":\"https:\\\/\\\/www.justretail.news\\\/latam\\\/noticias\\\/grupo-exito-inaugura-el-primer-supermercado-carulla-en-el-sur-de-bogota\\\/#breadcrumb\"},\"inLanguage\":\"es\",\"potentialAction\":[{\"@type\":\"ReadAction\",\"target\":[\"https:\\\/\\\/www.justretail.news\\\/latam\\\/noticias\\\/grupo-exito-inaugura-el-primer-supermercado-carulla-en-el-sur-de-bogota\\\/\"]}]},{\"@type\":\"ImageObject\",\"inLanguage\":\"es\",\"@id\":\"https:\\\/\\\/www.justretail.news\\\/latam\\\/noticias\\\/grupo-exito-inaugura-el-primer-supermercado-carulla-en-el-sur-de-bogota\\\/#primaryimage\",\"url\":\"https:\\\/\\\/www.justretail.news\\\/latam\\\/wp-content\\\/uploads\\\/2026\\\/01\\\/Foto-fachada-1.jpg\",\"contentUrl\":\"https:\\\/\\\/www.justretail.news\\\/latam\\\/wp-content\\\/uploads\\\/2026\\\/01\\\/Foto-fachada-1.jpg\",\"width\":800,\"height\":533},{\"@type\":\"BreadcrumbList\",\"@id\":\"https:\\\/\\\/www.justretail.news\\\/latam\\\/noticias\\\/grupo-exito-inaugura-el-primer-supermercado-carulla-en-el-sur-de-bogota\\\/#breadcrumb\",\"itemListElement\":[{\"@type\":\"ListItem\",\"position\":1,\"name\":\"Portada\",\"item\":\"https:\\\/\\\/www.justretail.news\\\/latam\\\/\"},{\"@type\":\"ListItem\",\"position\":2,\"name\":\"Grupo \u00c9xito inaugura el primer supermercado Carulla en el sur de Bogot\u00e1\"}]},{\"@type\":\"WebSite\",\"@id\":\"https:\\\/\\\/www.justretail.news\\\/latam\\\/#website\",\"url\":\"https:\\\/\\\/www.justretail.news\\\/latam\\\/\",\"name\":\"Just Retail Latam\",\"description\":\"\",\"publisher\":{\"@id\":\"https:\\\/\\\/www.justretail.news\\\/latam\\\/#organization\"},\"potentialAction\":[{\"@type\":\"SearchAction\",\"target\":{\"@type\":\"EntryPoint\",\"urlTemplate\":\"https:\\\/\\\/www.justretail.news\\\/latam\\\/?s={search_term_string}\"},\"query-input\":{\"@type\":\"PropertyValueSpecification\",\"valueRequired\":true,\"valueName\":\"search_term_string\"}}],\"inLanguage\":\"es\"},{\"@type\":\"Organization\",\"@id\":\"https:\\\/\\\/www.justretail.news\\\/latam\\\/#organization\",\"name\":\"Just Retail Latam\",\"url\":\"https:\\\/\\\/www.justretail.news\\\/latam\\\/\",\"logo\":{\"@type\":\"ImageObject\",\"inLanguage\":\"es\",\"@id\":\"https:\\\/\\\/www.justretail.news\\\/latam\\\/#\\\/schema\\\/logo\\\/image\\\/\",\"url\":\"https:\\\/\\\/www.justretail.news\\\/latam\\\/wp-content\\\/uploads\\\/2024\\\/05\\\/just-retail-logo-NEGRO-trans-latam-272x90_nuevo.png\",\"contentUrl\":\"https:\\\/\\\/www.justretail.news\\\/latam\\\/wp-content\\\/uploads\\\/2024\\\/05\\\/just-retail-logo-NEGRO-trans-latam-272x90_nuevo.png\",\"width\":272,\"height\":90,\"caption\":\"Just Retail Latam\"},\"image\":{\"@id\":\"https:\\\/\\\/www.justretail.news\\\/latam\\\/#\\\/schema\\\/logo\\\/image\\\/\"}},{\"@type\":\"Person\",\"@id\":\"https:\\\/\\\/www.justretail.news\\\/latam\\\/#\\\/schema\\\/person\\\/1543b9d803b2d5751fba2211e7785c5f\",\"name\":\"Redacci\u00f3n\",\"image\":{\"@type\":\"ImageObject\",\"inLanguage\":\"es\",\"@id\":\"https:\\\/\\\/secure.gravatar.com\\\/avatar\\\/728f66d366b9809efe89ec232bef06263abc057cefaba166bbd45a167e648b3c?s=96&d=mm&r=g\",\"url\":\"https:\\\/\\\/secure.gravatar.com\\\/avatar\\\/728f66d366b9809efe89ec232bef06263abc057cefaba166bbd45a167e648b3c?s=96&d=mm&r=g\",\"contentUrl\":\"https:\\\/\\\/secure.gravatar.com\\\/avatar\\\/728f66d366b9809efe89ec232bef06263abc057cefaba166bbd45a167e648b3c?s=96&d=mm&r=g\",\"caption\":\"Redacci\u00f3n\"},\"sameAs\":[\"https:\\\/\\\/www.justretail.news\\\/latam\"],\"url\":\"https:\\\/\\\/www.justretail.news\\\/latam\\\/noticias\\\/author\\\/latam_master\\\/\"}]}<\/script>\n<!-- \/ Yoast SEO plugin. -->","yoast_head_json":{"title":"Grupo \u00c9xito inaugura el primer supermercado Carulla en el sur de Bogot\u00e1 - Just Retail Latam","description":"Con una inversi\u00f3n de 4.700 millones de pesos, el retailer colombiano se instala en la localidad de Kennedy.","robots":{"index":"index","follow":"follow","max-snippet":"max-snippet:-1","max-image-preview":"max-image-preview:large","max-video-preview":"max-video-preview:-1"},"canonical":"https:\/\/www.justretail.news\/latam\/noticias\/grupo-exito-inaugura-el-primer-supermercado-carulla-en-el-sur-de-bogota\/","og_locale":"es_ES","og_type":"article","og_title":"Grupo \u00c9xito inaugura el primer supermercado Carulla en el sur de Bogot\u00e1 - Just Retail Latam","og_description":"Con una inversi\u00f3n de 4.700 millones de pesos, el retailer colombiano se instala en la localidad de Kennedy.","og_url":"https:\/\/www.justretail.news\/latam\/noticias\/grupo-exito-inaugura-el-primer-supermercado-carulla-en-el-sur-de-bogota\/","og_site_name":"Just Retail Latam","article_published_time":"2026-01-23T18:05:26+00:00","article_modified_time":"2026-01-28T23:14:11+00:00","og_image":[{"width":800,"height":533,"url":"https:\/\/www.justretail.news\/latam\/wp-content\/uploads\/2026\/01\/Foto-fachada-1.jpg","type":"image\/jpeg"}],"author":"Redacci\u00f3n","twitter_card":"summary_large_image","twitter_misc":{"Escrito por":"Redacci\u00f3n","Tiempo de lectura":"4 minutos"},"schema":{"@context":"https:\/\/schema.org","@graph":[{"@type":"Article","@id":"https:\/\/www.justretail.news\/latam\/noticias\/grupo-exito-inaugura-el-primer-supermercado-carulla-en-el-sur-de-bogota\/#article","isPartOf":{"@id":"https:\/\/www.justretail.news\/latam\/noticias\/grupo-exito-inaugura-el-primer-supermercado-carulla-en-el-sur-de-bogota\/"},"author":{"name":"Redacci\u00f3n","@id":"https:\/\/www.justretail.news\/latam\/#\/schema\/person\/1543b9d803b2d5751fba2211e7785c5f"},"headline":"Grupo \u00c9xito inaugura el primer supermercado Carulla en el sur de Bogot\u00e1","datePublished":"2026-01-23T18:05:26+00:00","dateModified":"2026-01-28T23:14:11+00:00","mainEntityOfPage":{"@id":"https:\/\/www.justretail.news\/latam\/noticias\/grupo-exito-inaugura-el-primer-supermercado-carulla-en-el-sur-de-bogota\/"},"wordCount":649,"publisher":{"@id":"https:\/\/www.justretail.news\/latam\/#organization"},"image":{"@id":"https:\/\/www.justretail.news\/latam\/noticias\/grupo-exito-inaugura-el-primer-supermercado-carulla-en-el-sur-de-bogota\/#primaryimage"},"thumbnailUrl":"https:\/\/www.justretail.news\/latam\/wp-content\/uploads\/2026\/01\/Foto-fachada-1.jpg","keywords":["Carulla","Colombia","Grupo \u00c9xito","Supermercados"],"articleSection":["Destacadas","Retailers"],"inLanguage":"es"},{"@type":"WebPage","@id":"https:\/\/www.justretail.news\/latam\/noticias\/grupo-exito-inaugura-el-primer-supermercado-carulla-en-el-sur-de-bogota\/","url":"https:\/\/www.justretail.news\/latam\/noticias\/grupo-exito-inaugura-el-primer-supermercado-carulla-en-el-sur-de-bogota\/","name":"Grupo \u00c9xito inaugura el primer supermercado Carulla en el sur de Bogot\u00e1 - Just Retail Latam","isPartOf":{"@id":"https:\/\/www.justretail.news\/latam\/#website"},"primaryImageOfPage":{"@id":"https:\/\/www.justretail.news\/latam\/noticias\/grupo-exito-inaugura-el-primer-supermercado-carulla-en-el-sur-de-bogota\/#primaryimage"},"image":{"@id":"https:\/\/www.justretail.news\/latam\/noticias\/grupo-exito-inaugura-el-primer-supermercado-carulla-en-el-sur-de-bogota\/#primaryimage"},"thumbnailUrl":"https:\/\/www.justretail.news\/latam\/wp-content\/uploads\/2026\/01\/Foto-fachada-1.jpg","datePublished":"2026-01-23T18:05:26+00:00","dateModified":"2026-01-28T23:14:11+00:00","description":"Con una inversi\u00f3n de 4.700 millones de pesos, el retailer colombiano se instala en la localidad de Kennedy.","breadcrumb":{"@id":"https:\/\/www.justretail.news\/latam\/noticias\/grupo-exito-inaugura-el-primer-supermercado-carulla-en-el-sur-de-bogota\/#breadcrumb"},"inLanguage":"es","potentialAction":[{"@type":"ReadAction","target":["https:\/\/www.justretail.news\/latam\/noticias\/grupo-exito-inaugura-el-primer-supermercado-carulla-en-el-sur-de-bogota\/"]}]},{"@type":"ImageObject","inLanguage":"es","@id":"https:\/\/www.justretail.news\/latam\/noticias\/grupo-exito-inaugura-el-primer-supermercado-carulla-en-el-sur-de-bogota\/#primaryimage","url":"https:\/\/www.justretail.news\/latam\/wp-content\/uploads\/2026\/01\/Foto-fachada-1.jpg","contentUrl":"https:\/\/www.justretail.news\/latam\/wp-content\/uploads\/2026\/01\/Foto-fachada-1.jpg","width":800,"height":533},{"@type":"BreadcrumbList","@id":"https:\/\/www.justretail.news\/latam\/noticias\/grupo-exito-inaugura-el-primer-supermercado-carulla-en-el-sur-de-bogota\/#breadcrumb","itemListElement":[{"@type":"ListItem","position":1,"name":"Portada","item":"https:\/\/www.justretail.news\/latam\/"},{"@type":"ListItem","position":2,"name":"Grupo \u00c9xito inaugura el primer supermercado Carulla en el sur de Bogot\u00e1"}]},{"@type":"WebSite","@id":"https:\/\/www.justretail.news\/latam\/#website","url":"https:\/\/www.justretail.news\/latam\/","name":"Just Retail Latam","description":"","publisher":{"@id":"https:\/\/www.justretail.news\/latam\/#organization"},"potentialAction":[{"@type":"SearchAction","target":{"@type":"EntryPoint","urlTemplate":"https:\/\/www.justretail.news\/latam\/?s={search_term_string}"},"query-input":{"@type":"PropertyValueSpecification","valueRequired":true,"valueName":"search_term_string"}}],"inLanguage":"es"},{"@type":"Organization","@id":"https:\/\/www.justretail.news\/latam\/#organization","name":"Just Retail Latam","url":"https:\/\/www.justretail.news\/latam\/","logo":{"@type":"ImageObject","inLanguage":"es","@id":"https:\/\/www.justretail.news\/latam\/#\/schema\/logo\/image\/","url":"https:\/\/www.justretail.news\/latam\/wp-content\/uploads\/2024\/05\/just-retail-logo-NEGRO-trans-latam-272x90_nuevo.png","contentUrl":"https:\/\/www.justretail.news\/latam\/wp-content\/uploads\/2024\/05\/just-retail-logo-NEGRO-trans-latam-272x90_nuevo.png","width":272,"height":90,"caption":"Just Retail Latam"},"image":{"@id":"https:\/\/www.justretail.news\/latam\/#\/schema\/logo\/image\/"}},{"@type":"Person","@id":"https:\/\/www.justretail.news\/latam\/#\/schema\/person\/1543b9d803b2d5751fba2211e7785c5f","name":"Redacci\u00f3n","image":{"@type":"ImageObject","inLanguage":"es","@id":"https:\/\/secure.gravatar.com\/avatar\/728f66d366b9809efe89ec232bef06263abc057cefaba166bbd45a167e648b3c?s=96&d=mm&r=g","url":"https:\/\/secure.gravatar.com\/avatar\/728f66d366b9809efe89ec232bef06263abc057cefaba166bbd45a167e648b3c?s=96&d=mm&r=g","contentUrl":"https:\/\/secure.gravatar.com\/avatar\/728f66d366b9809efe89ec232bef06263abc057cefaba166bbd45a167e648b3c?s=96&d=mm&r=g","caption":"Redacci\u00f3n"},"sameAs":["https:\/\/www.justretail.news\/latam"],"url":"https:\/\/www.justretail.news\/latam\/noticias\/author\/latam_master\/"}]}},"jetpack_featured_media_url":"https:\/\/www.justretail.news\/latam\/wp-content\/uploads\/2026\/01\/Foto-fachada-1.jpg","jetpack_sharing_enabled":true,"_links":{"self":[{"href":"https:\/\/www.justretail.news\/latam\/wp-json\/wp\/v2\/posts\/5145","targetHints":{"allow":["GET"]}}],"collection":[{"href":"https:\/\/www.justretail.news\/latam\/wp-json\/wp\/v2\/posts"}],"about":[{"href":"https:\/\/www.justretail.news\/latam\/wp-json\/wp\/v2\/types\/post"}],"author":[{"embeddable":true,"href":"https:\/\/www.justretail.news\/latam\/wp-json\/wp\/v2\/users\/1"}],"replies":[{"embeddable":true,"href":"https:\/\/www.justretail.news\/latam\/wp-json\/wp\/v2\/comments?post=5145"}],"version-history":[{"count":1,"href":"https:\/\/www.justretail.news\/latam\/wp-json\/wp\/v2\/posts\/5145\/revisions"}],"predecessor-version":[{"id":5150,"href":"https:\/\/www.justretail.news\/latam\/wp-json\/wp\/v2\/posts\/5145\/revisions\/5150"}],"wp:featuredmedia":[{"embeddable":true,"href":"https:\/\/www.justretail.news\/latam\/wp-json\/wp\/v2\/media\/5147"}],"wp:attachment":[{"href":"https:\/\/www.justretail.news\/latam\/wp-json\/wp\/v2\/media?parent=5145"}],"wp:term":[{"taxonomy":"category","embeddable":true,"href":"https:\/\/www.justretail.news\/latam\/wp-json\/wp\/v2\/categories?post=5145"},{"taxonomy":"post_tag","embeddable":true,"href":"https:\/\/www.justretail.news\/latam\/wp-json\/wp\/v2\/tags?post=5145"}],"curies":[{"name":"wp","href":"https:\/\/api.w.org\/{rel}","templated":true}]}}