{"id":5152,"date":"2026-01-23T19:38:48","date_gmt":"2026-01-23T18:38:48","guid":{"rendered":"https:\/\/www.justretail.news\/latam\/?p=5152"},"modified":"2026-01-23T19:38:49","modified_gmt":"2026-01-23T18:38:49","slug":"lacoste-asciende-a-ramiro-martignoni-a-ceo-para-el-mercado-mexicano","status":"publish","type":"post","link":"https:\/\/www.justretail.news\/latam\/noticias\/lacoste-asciende-a-ramiro-martignoni-a-ceo-para-el-mercado-mexicano\/","title":{"rendered":"Lacoste asciende a Ramiro Martignoni a CEO para el mercado mexicano"},"content":{"rendered":"\n<p>Lacoste tiene un nuevo director en M\u00e9xico. La marca francesa de moda nombra un nuevo consejero delegado en el pa\u00eds, en plena apuesta de la empresa por el mercado latinoamericano.<\/p>\n\n\n\n<p><strong>El argentino Ramiro Martignoni, que estaba trabajando para Lacoste en Panam\u00e1<\/strong>, fue ascendido como CEO para M\u00e9xico. El directivo lleva m\u00e1s de seis a\u00f1os trabajando en el grupo franc\u00e9s.<\/p>\n\n\n\n<p>Basado ahora en M\u00e9xico, Martignoni estar\u00e1 a cargo de la operaci\u00f3n de Lacoste en el pa\u00eds, su principal mercado de Latinoam\u00e9rica. Anteriormente, el directivo ocupaba el cargo de <em>manager<\/em> de la divisi\u00f3n de moda y calzado desde la sede de la compa\u00f1\u00eda en Panam\u00e1.<\/p>\n\n\n\n<p><strong>Graduado por la Universidad de Buenos Aires como Contador<\/strong>, Martignoni cuenta tambi\u00e9n con formaci\u00f3n en finanzas, un programa de coach ontol\u00f3gico en Newfield Consulting y un <strong>MBA por la Universidad del CEMA<\/strong>.<\/p>\n\n\n\n<p>Antes de sumarse a Lacoste, <strong>Martignoni trabaj\u00f3 para otras grandes firmas del sector como Avon<\/strong>, donde estuvo cuatro a\u00f1os; <strong>VF Jeanswear<\/strong>, donde ocup\u00f3 cargos de responsabilidad en Chile y Argentina; adem\u00e1s de la empresa de moda infantil <strong>Cheeky<\/strong>, quien lo contrat\u00f3 como director de la cadena de suministro.<\/p>\n\n\n\n<p>Lacoste cuenta en la actualidad con <strong>treinta tiendas en el mercado mexicano y m\u00e1s de cien puntos de venta <\/strong>en tiendas departamentales y multimarca. \u201cM\u00e9xico es un mercado clave en la regi\u00f3n por su dinamismo, su conexi\u00f3n con la moda y su afinidad con el universo deportivo de Lacoste\u201d, remarc\u00f3 el nuevo CEO.<\/p>\n\n\n\n<p>La marca francesa est\u00e1 presente en casi todos los pa\u00edses de la regi\u00f3n, ya sea con tiendas propias, puntos de venta o canal online. Recientemente, la compa\u00f1\u00eda cambi\u00f3 de socio en Colombia.<\/p>\n","protected":false},"excerpt":{"rendered":"<p>Ramito Martignoni lleva casi siete a\u00f1os trabajando para Lacoste. Anteriormente ocup\u00f3 cargos de responsabilidad en Avon y VF Corp. <\/p>\n","protected":false},"author":1,"featured_media":5153,"comment_status":"closed","ping_status":"open","sticky":false,"template":"","format":"standard","meta":{"_jetpack_memberships_contains_paid_content":false,"footnotes":""},"categories":[71],"tags":[375,981,66],"class_list":{"0":"post-5152","1":"post","2":"type-post","3":"status-publish","4":"format-standard","5":"has-post-thumbnail","7":"category-nombramientos","8":"tag-ceo","9":"tag-lacoste","10":"tag-mexico"},"yoast_head":"<!-- This site is optimized with the Yoast SEO plugin v27.4 - https:\/\/yoast.com\/product\/yoast-seo-wordpress\/ -->\n<title>Lacoste asciende a Ramiro Martignoni a CEO para el mercado mexicano - Just Retail Latam<\/title>\n<meta name=\"description\" content=\"En plena expansi\u00f3n en el mercado latinoamericano, Lacoste nombra un nuevo director para M\u00e9xico, donde cuenta con 30 tiendas.\" \/>\n<meta name=\"robots\" content=\"index, follow, max-snippet:-1, max-image-preview:large, max-video-preview:-1\" \/>\n<link rel=\"canonical\" href=\"https:\/\/www.justretail.news\/latam\/noticias\/lacoste-asciende-a-ramiro-martignoni-a-ceo-para-el-mercado-mexicano\/\" \/>\n<meta property=\"og:locale\" content=\"es_ES\" \/>\n<meta property=\"og:type\" content=\"article\" \/>\n<meta property=\"og:title\" content=\"Lacoste asciende a Ramiro Martignoni a CEO para el mercado mexicano - Just Retail Latam\" \/>\n<meta property=\"og:description\" content=\"En plena expansi\u00f3n en el mercado latinoamericano, Lacoste nombra un nuevo director para M\u00e9xico, donde cuenta con 30 tiendas.\" \/>\n<meta property=\"og:url\" content=\"https:\/\/www.justretail.news\/latam\/noticias\/lacoste-asciende-a-ramiro-martignoni-a-ceo-para-el-mercado-mexicano\/\" \/>\n<meta property=\"og:site_name\" content=\"Just Retail Latam\" \/>\n<meta property=\"article:published_time\" content=\"2026-01-23T18:38:48+00:00\" \/>\n<meta property=\"article:modified_time\" content=\"2026-01-23T18:38:49+00:00\" \/>\n<meta property=\"og:image\" content=\"https:\/\/www.justretail.news\/latam\/wp-content\/uploads\/2026\/01\/lacoste-la-canada-1.jpg\" \/>\n\t<meta property=\"og:image:width\" content=\"800\" \/>\n\t<meta property=\"og:image:height\" content=\"466\" \/>\n\t<meta property=\"og:image:type\" content=\"image\/jpeg\" \/>\n<meta name=\"author\" content=\"Redacci\u00f3n\" \/>\n<meta name=\"twitter:card\" content=\"summary_large_image\" \/>\n<meta name=\"twitter:label1\" content=\"Escrito por\" \/>\n\t<meta name=\"twitter:data1\" content=\"Redacci\u00f3n\" \/>\n\t<meta name=\"twitter:label2\" content=\"Tiempo de lectura\" \/>\n\t<meta name=\"twitter:data2\" content=\"2 minutos\" \/>\n<script type=\"application\/ld+json\" class=\"yoast-schema-graph\">{\"@context\":\"https:\\\/\\\/schema.org\",\"@graph\":[{\"@type\":\"Article\",\"@id\":\"https:\\\/\\\/www.justretail.news\\\/latam\\\/noticias\\\/lacoste-asciende-a-ramiro-martignoni-a-ceo-para-el-mercado-mexicano\\\/#article\",\"isPartOf\":{\"@id\":\"https:\\\/\\\/www.justretail.news\\\/latam\\\/noticias\\\/lacoste-asciende-a-ramiro-martignoni-a-ceo-para-el-mercado-mexicano\\\/\"},\"author\":{\"name\":\"Redacci\u00f3n\",\"@id\":\"https:\\\/\\\/www.justretail.news\\\/latam\\\/#\\\/schema\\\/person\\\/1543b9d803b2d5751fba2211e7785c5f\"},\"headline\":\"Lacoste asciende a Ramiro Martignoni a CEO para el mercado mexicano\",\"datePublished\":\"2026-01-23T18:38:48+00:00\",\"dateModified\":\"2026-01-23T18:38:49+00:00\",\"mainEntityOfPage\":{\"@id\":\"https:\\\/\\\/www.justretail.news\\\/latam\\\/noticias\\\/lacoste-asciende-a-ramiro-martignoni-a-ceo-para-el-mercado-mexicano\\\/\"},\"wordCount\":303,\"publisher\":{\"@id\":\"https:\\\/\\\/www.justretail.news\\\/latam\\\/#organization\"},\"image\":{\"@id\":\"https:\\\/\\\/www.justretail.news\\\/latam\\\/noticias\\\/lacoste-asciende-a-ramiro-martignoni-a-ceo-para-el-mercado-mexicano\\\/#primaryimage\"},\"thumbnailUrl\":\"https:\\\/\\\/www.justretail.news\\\/latam\\\/wp-content\\\/uploads\\\/2026\\\/01\\\/lacoste-la-canada-1.jpg\",\"keywords\":[\"CEO\",\"Lacoste\",\"M\u00e9xico\"],\"articleSection\":[\"Nombramientos\"],\"inLanguage\":\"es\"},{\"@type\":\"WebPage\",\"@id\":\"https:\\\/\\\/www.justretail.news\\\/latam\\\/noticias\\\/lacoste-asciende-a-ramiro-martignoni-a-ceo-para-el-mercado-mexicano\\\/\",\"url\":\"https:\\\/\\\/www.justretail.news\\\/latam\\\/noticias\\\/lacoste-asciende-a-ramiro-martignoni-a-ceo-para-el-mercado-mexicano\\\/\",\"name\":\"Lacoste asciende a Ramiro Martignoni a CEO para el mercado mexicano - Just Retail Latam\",\"isPartOf\":{\"@id\":\"https:\\\/\\\/www.justretail.news\\\/latam\\\/#website\"},\"primaryImageOfPage\":{\"@id\":\"https:\\\/\\\/www.justretail.news\\\/latam\\\/noticias\\\/lacoste-asciende-a-ramiro-martignoni-a-ceo-para-el-mercado-mexicano\\\/#primaryimage\"},\"image\":{\"@id\":\"https:\\\/\\\/www.justretail.news\\\/latam\\\/noticias\\\/lacoste-asciende-a-ramiro-martignoni-a-ceo-para-el-mercado-mexicano\\\/#primaryimage\"},\"thumbnailUrl\":\"https:\\\/\\\/www.justretail.news\\\/latam\\\/wp-content\\\/uploads\\\/2026\\\/01\\\/lacoste-la-canada-1.jpg\",\"datePublished\":\"2026-01-23T18:38:48+00:00\",\"dateModified\":\"2026-01-23T18:38:49+00:00\",\"description\":\"En plena expansi\u00f3n en el mercado latinoamericano, Lacoste nombra un nuevo director para M\u00e9xico, donde cuenta con 30 tiendas.\",\"breadcrumb\":{\"@id\":\"https:\\\/\\\/www.justretail.news\\\/latam\\\/noticias\\\/lacoste-asciende-a-ramiro-martignoni-a-ceo-para-el-mercado-mexicano\\\/#breadcrumb\"},\"inLanguage\":\"es\",\"potentialAction\":[{\"@type\":\"ReadAction\",\"target\":[\"https:\\\/\\\/www.justretail.news\\\/latam\\\/noticias\\\/lacoste-asciende-a-ramiro-martignoni-a-ceo-para-el-mercado-mexicano\\\/\"]}]},{\"@type\":\"ImageObject\",\"inLanguage\":\"es\",\"@id\":\"https:\\\/\\\/www.justretail.news\\\/latam\\\/noticias\\\/lacoste-asciende-a-ramiro-martignoni-a-ceo-para-el-mercado-mexicano\\\/#primaryimage\",\"url\":\"https:\\\/\\\/www.justretail.news\\\/latam\\\/wp-content\\\/uploads\\\/2026\\\/01\\\/lacoste-la-canada-1.jpg\",\"contentUrl\":\"https:\\\/\\\/www.justretail.news\\\/latam\\\/wp-content\\\/uploads\\\/2026\\\/01\\\/lacoste-la-canada-1.jpg\",\"width\":800,\"height\":466},{\"@type\":\"BreadcrumbList\",\"@id\":\"https:\\\/\\\/www.justretail.news\\\/latam\\\/noticias\\\/lacoste-asciende-a-ramiro-martignoni-a-ceo-para-el-mercado-mexicano\\\/#breadcrumb\",\"itemListElement\":[{\"@type\":\"ListItem\",\"position\":1,\"name\":\"Portada\",\"item\":\"https:\\\/\\\/www.justretail.news\\\/latam\\\/\"},{\"@type\":\"ListItem\",\"position\":2,\"name\":\"Lacoste asciende a Ramiro Martignoni a CEO para el mercado mexicano\"}]},{\"@type\":\"WebSite\",\"@id\":\"https:\\\/\\\/www.justretail.news\\\/latam\\\/#website\",\"url\":\"https:\\\/\\\/www.justretail.news\\\/latam\\\/\",\"name\":\"Just Retail Latam\",\"description\":\"\",\"publisher\":{\"@id\":\"https:\\\/\\\/www.justretail.news\\\/latam\\\/#organization\"},\"potentialAction\":[{\"@type\":\"SearchAction\",\"target\":{\"@type\":\"EntryPoint\",\"urlTemplate\":\"https:\\\/\\\/www.justretail.news\\\/latam\\\/?s={search_term_string}\"},\"query-input\":{\"@type\":\"PropertyValueSpecification\",\"valueRequired\":true,\"valueName\":\"search_term_string\"}}],\"inLanguage\":\"es\"},{\"@type\":\"Organization\",\"@id\":\"https:\\\/\\\/www.justretail.news\\\/latam\\\/#organization\",\"name\":\"Just Retail Latam\",\"url\":\"https:\\\/\\\/www.justretail.news\\\/latam\\\/\",\"logo\":{\"@type\":\"ImageObject\",\"inLanguage\":\"es\",\"@id\":\"https:\\\/\\\/www.justretail.news\\\/latam\\\/#\\\/schema\\\/logo\\\/image\\\/\",\"url\":\"https:\\\/\\\/www.justretail.news\\\/latam\\\/wp-content\\\/uploads\\\/2024\\\/05\\\/just-retail-logo-NEGRO-trans-latam-272x90_nuevo.png\",\"contentUrl\":\"https:\\\/\\\/www.justretail.news\\\/latam\\\/wp-content\\\/uploads\\\/2024\\\/05\\\/just-retail-logo-NEGRO-trans-latam-272x90_nuevo.png\",\"width\":272,\"height\":90,\"caption\":\"Just Retail Latam\"},\"image\":{\"@id\":\"https:\\\/\\\/www.justretail.news\\\/latam\\\/#\\\/schema\\\/logo\\\/image\\\/\"}},{\"@type\":\"Person\",\"@id\":\"https:\\\/\\\/www.justretail.news\\\/latam\\\/#\\\/schema\\\/person\\\/1543b9d803b2d5751fba2211e7785c5f\",\"name\":\"Redacci\u00f3n\",\"image\":{\"@type\":\"ImageObject\",\"inLanguage\":\"es\",\"@id\":\"https:\\\/\\\/secure.gravatar.com\\\/avatar\\\/728f66d366b9809efe89ec232bef06263abc057cefaba166bbd45a167e648b3c?s=96&d=mm&r=g\",\"url\":\"https:\\\/\\\/secure.gravatar.com\\\/avatar\\\/728f66d366b9809efe89ec232bef06263abc057cefaba166bbd45a167e648b3c?s=96&d=mm&r=g\",\"contentUrl\":\"https:\\\/\\\/secure.gravatar.com\\\/avatar\\\/728f66d366b9809efe89ec232bef06263abc057cefaba166bbd45a167e648b3c?s=96&d=mm&r=g\",\"caption\":\"Redacci\u00f3n\"},\"sameAs\":[\"https:\\\/\\\/www.justretail.news\\\/latam\"],\"url\":\"https:\\\/\\\/www.justretail.news\\\/latam\\\/noticias\\\/author\\\/latam_master\\\/\"}]}<\/script>\n<!-- \/ Yoast SEO plugin. -->","yoast_head_json":{"title":"Lacoste asciende a Ramiro Martignoni a CEO para el mercado mexicano - Just Retail Latam","description":"En plena expansi\u00f3n en el mercado latinoamericano, Lacoste nombra un nuevo director para M\u00e9xico, donde cuenta con 30 tiendas.","robots":{"index":"index","follow":"follow","max-snippet":"max-snippet:-1","max-image-preview":"max-image-preview:large","max-video-preview":"max-video-preview:-1"},"canonical":"https:\/\/www.justretail.news\/latam\/noticias\/lacoste-asciende-a-ramiro-martignoni-a-ceo-para-el-mercado-mexicano\/","og_locale":"es_ES","og_type":"article","og_title":"Lacoste asciende a Ramiro Martignoni a CEO para el mercado mexicano - Just Retail Latam","og_description":"En plena expansi\u00f3n en el mercado latinoamericano, Lacoste nombra un nuevo director para M\u00e9xico, donde cuenta con 30 tiendas.","og_url":"https:\/\/www.justretail.news\/latam\/noticias\/lacoste-asciende-a-ramiro-martignoni-a-ceo-para-el-mercado-mexicano\/","og_site_name":"Just Retail Latam","article_published_time":"2026-01-23T18:38:48+00:00","article_modified_time":"2026-01-23T18:38:49+00:00","og_image":[{"width":800,"height":466,"url":"https:\/\/www.justretail.news\/latam\/wp-content\/uploads\/2026\/01\/lacoste-la-canada-1.jpg","type":"image\/jpeg"}],"author":"Redacci\u00f3n","twitter_card":"summary_large_image","twitter_misc":{"Escrito por":"Redacci\u00f3n","Tiempo de lectura":"2 minutos"},"schema":{"@context":"https:\/\/schema.org","@graph":[{"@type":"Article","@id":"https:\/\/www.justretail.news\/latam\/noticias\/lacoste-asciende-a-ramiro-martignoni-a-ceo-para-el-mercado-mexicano\/#article","isPartOf":{"@id":"https:\/\/www.justretail.news\/latam\/noticias\/lacoste-asciende-a-ramiro-martignoni-a-ceo-para-el-mercado-mexicano\/"},"author":{"name":"Redacci\u00f3n","@id":"https:\/\/www.justretail.news\/latam\/#\/schema\/person\/1543b9d803b2d5751fba2211e7785c5f"},"headline":"Lacoste asciende a Ramiro Martignoni a CEO para el mercado mexicano","datePublished":"2026-01-23T18:38:48+00:00","dateModified":"2026-01-23T18:38:49+00:00","mainEntityOfPage":{"@id":"https:\/\/www.justretail.news\/latam\/noticias\/lacoste-asciende-a-ramiro-martignoni-a-ceo-para-el-mercado-mexicano\/"},"wordCount":303,"publisher":{"@id":"https:\/\/www.justretail.news\/latam\/#organization"},"image":{"@id":"https:\/\/www.justretail.news\/latam\/noticias\/lacoste-asciende-a-ramiro-martignoni-a-ceo-para-el-mercado-mexicano\/#primaryimage"},"thumbnailUrl":"https:\/\/www.justretail.news\/latam\/wp-content\/uploads\/2026\/01\/lacoste-la-canada-1.jpg","keywords":["CEO","Lacoste","M\u00e9xico"],"articleSection":["Nombramientos"],"inLanguage":"es"},{"@type":"WebPage","@id":"https:\/\/www.justretail.news\/latam\/noticias\/lacoste-asciende-a-ramiro-martignoni-a-ceo-para-el-mercado-mexicano\/","url":"https:\/\/www.justretail.news\/latam\/noticias\/lacoste-asciende-a-ramiro-martignoni-a-ceo-para-el-mercado-mexicano\/","name":"Lacoste asciende a Ramiro Martignoni a CEO para el mercado mexicano - Just Retail Latam","isPartOf":{"@id":"https:\/\/www.justretail.news\/latam\/#website"},"primaryImageOfPage":{"@id":"https:\/\/www.justretail.news\/latam\/noticias\/lacoste-asciende-a-ramiro-martignoni-a-ceo-para-el-mercado-mexicano\/#primaryimage"},"image":{"@id":"https:\/\/www.justretail.news\/latam\/noticias\/lacoste-asciende-a-ramiro-martignoni-a-ceo-para-el-mercado-mexicano\/#primaryimage"},"thumbnailUrl":"https:\/\/www.justretail.news\/latam\/wp-content\/uploads\/2026\/01\/lacoste-la-canada-1.jpg","datePublished":"2026-01-23T18:38:48+00:00","dateModified":"2026-01-23T18:38:49+00:00","description":"En plena expansi\u00f3n en el mercado latinoamericano, Lacoste nombra un nuevo director para M\u00e9xico, donde cuenta con 30 tiendas.","breadcrumb":{"@id":"https:\/\/www.justretail.news\/latam\/noticias\/lacoste-asciende-a-ramiro-martignoni-a-ceo-para-el-mercado-mexicano\/#breadcrumb"},"inLanguage":"es","potentialAction":[{"@type":"ReadAction","target":["https:\/\/www.justretail.news\/latam\/noticias\/lacoste-asciende-a-ramiro-martignoni-a-ceo-para-el-mercado-mexicano\/"]}]},{"@type":"ImageObject","inLanguage":"es","@id":"https:\/\/www.justretail.news\/latam\/noticias\/lacoste-asciende-a-ramiro-martignoni-a-ceo-para-el-mercado-mexicano\/#primaryimage","url":"https:\/\/www.justretail.news\/latam\/wp-content\/uploads\/2026\/01\/lacoste-la-canada-1.jpg","contentUrl":"https:\/\/www.justretail.news\/latam\/wp-content\/uploads\/2026\/01\/lacoste-la-canada-1.jpg","width":800,"height":466},{"@type":"BreadcrumbList","@id":"https:\/\/www.justretail.news\/latam\/noticias\/lacoste-asciende-a-ramiro-martignoni-a-ceo-para-el-mercado-mexicano\/#breadcrumb","itemListElement":[{"@type":"ListItem","position":1,"name":"Portada","item":"https:\/\/www.justretail.news\/latam\/"},{"@type":"ListItem","position":2,"name":"Lacoste asciende a Ramiro Martignoni a CEO para el mercado mexicano"}]},{"@type":"WebSite","@id":"https:\/\/www.justretail.news\/latam\/#website","url":"https:\/\/www.justretail.news\/latam\/","name":"Just Retail Latam","description":"","publisher":{"@id":"https:\/\/www.justretail.news\/latam\/#organization"},"potentialAction":[{"@type":"SearchAction","target":{"@type":"EntryPoint","urlTemplate":"https:\/\/www.justretail.news\/latam\/?s={search_term_string}"},"query-input":{"@type":"PropertyValueSpecification","valueRequired":true,"valueName":"search_term_string"}}],"inLanguage":"es"},{"@type":"Organization","@id":"https:\/\/www.justretail.news\/latam\/#organization","name":"Just Retail Latam","url":"https:\/\/www.justretail.news\/latam\/","logo":{"@type":"ImageObject","inLanguage":"es","@id":"https:\/\/www.justretail.news\/latam\/#\/schema\/logo\/image\/","url":"https:\/\/www.justretail.news\/latam\/wp-content\/uploads\/2024\/05\/just-retail-logo-NEGRO-trans-latam-272x90_nuevo.png","contentUrl":"https:\/\/www.justretail.news\/latam\/wp-content\/uploads\/2024\/05\/just-retail-logo-NEGRO-trans-latam-272x90_nuevo.png","width":272,"height":90,"caption":"Just Retail Latam"},"image":{"@id":"https:\/\/www.justretail.news\/latam\/#\/schema\/logo\/image\/"}},{"@type":"Person","@id":"https:\/\/www.justretail.news\/latam\/#\/schema\/person\/1543b9d803b2d5751fba2211e7785c5f","name":"Redacci\u00f3n","image":{"@type":"ImageObject","inLanguage":"es","@id":"https:\/\/secure.gravatar.com\/avatar\/728f66d366b9809efe89ec232bef06263abc057cefaba166bbd45a167e648b3c?s=96&d=mm&r=g","url":"https:\/\/secure.gravatar.com\/avatar\/728f66d366b9809efe89ec232bef06263abc057cefaba166bbd45a167e648b3c?s=96&d=mm&r=g","contentUrl":"https:\/\/secure.gravatar.com\/avatar\/728f66d366b9809efe89ec232bef06263abc057cefaba166bbd45a167e648b3c?s=96&d=mm&r=g","caption":"Redacci\u00f3n"},"sameAs":["https:\/\/www.justretail.news\/latam"],"url":"https:\/\/www.justretail.news\/latam\/noticias\/author\/latam_master\/"}]}},"jetpack_featured_media_url":"https:\/\/www.justretail.news\/latam\/wp-content\/uploads\/2026\/01\/lacoste-la-canada-1.jpg","jetpack_sharing_enabled":true,"_links":{"self":[{"href":"https:\/\/www.justretail.news\/latam\/wp-json\/wp\/v2\/posts\/5152","targetHints":{"allow":["GET"]}}],"collection":[{"href":"https:\/\/www.justretail.news\/latam\/wp-json\/wp\/v2\/posts"}],"about":[{"href":"https:\/\/www.justretail.news\/latam\/wp-json\/wp\/v2\/types\/post"}],"author":[{"embeddable":true,"href":"https:\/\/www.justretail.news\/latam\/wp-json\/wp\/v2\/users\/1"}],"replies":[{"embeddable":true,"href":"https:\/\/www.justretail.news\/latam\/wp-json\/wp\/v2\/comments?post=5152"}],"version-history":[{"count":1,"href":"https:\/\/www.justretail.news\/latam\/wp-json\/wp\/v2\/posts\/5152\/revisions"}],"predecessor-version":[{"id":5154,"href":"https:\/\/www.justretail.news\/latam\/wp-json\/wp\/v2\/posts\/5152\/revisions\/5154"}],"wp:featuredmedia":[{"embeddable":true,"href":"https:\/\/www.justretail.news\/latam\/wp-json\/wp\/v2\/media\/5153"}],"wp:attachment":[{"href":"https:\/\/www.justretail.news\/latam\/wp-json\/wp\/v2\/media?parent=5152"}],"wp:term":[{"taxonomy":"category","embeddable":true,"href":"https:\/\/www.justretail.news\/latam\/wp-json\/wp\/v2\/categories?post=5152"},{"taxonomy":"post_tag","embeddable":true,"href":"https:\/\/www.justretail.news\/latam\/wp-json\/wp\/v2\/tags?post=5152"}],"curies":[{"name":"wp","href":"https:\/\/api.w.org\/{rel}","templated":true}]}}