{"id":5155,"date":"2026-01-26T19:12:05","date_gmt":"2026-01-26T18:12:05","guid":{"rendered":"https:\/\/www.justretail.news\/latam\/?p=5155"},"modified":"2026-02-08T23:15:55","modified_gmt":"2026-02-08T22:15:55","slug":"paris-baguette-acelera-su-expansion-global-y-pone-a-mexico-en-el-centro-de-su-estrategia-en-latinoamerica","status":"publish","type":"post","link":"https:\/\/www.justretail.news\/latam\/noticias\/paris-baguette-acelera-su-expansion-global-y-pone-a-mexico-en-el-centro-de-su-estrategia-en-latinoamerica\/","title":{"rendered":"Paris Baguette acelera su expansi\u00f3n global y pone a M\u00e9xico en el centro de su estrategia en Latinoam\u00e9rica"},"content":{"rendered":"\n<p>La cadena de bakery caf\u00e9s <strong>Paris Baguette<\/strong>, nacida en Corea del Sur e inspirada en la tradici\u00f3n francesa, contin\u00faa consolid\u00e1ndose como la marca de mayor crecimiento global en su categor\u00eda. Con m\u00e1s de <strong>4.000 unidades en el mundo<\/strong>, presencia s\u00f3lida en Asia y Norteam\u00e9rica y <strong>cuatro a\u00f1os consecutivos de crecimiento en ventas comparables y tr\u00e1fico<\/strong>, la compa\u00f1\u00eda prepara ahora su entrada a <strong>M\u00e9xico<\/strong>, un mercado clave dentro de su hoja de ruta internacional. Y lo har\u00e1 de la mano de Lizan Retail Advisors, que le acompa\u00f1ar\u00e1 en este desembarco en el pa\u00eds latinoamericano.<\/p>\n\n\n\n<p>Solo en 2025, la marca abri\u00f3 <strong>232 nuevas cafeter\u00edas a nivel global<\/strong>, 77 de ellas en Norteam\u00e9rica. Para 2026, el plan contempla <strong>150 nuevas aperturas en la regi\u00f3n<\/strong>, y M\u00e9xico aparece como el primer gran paso en Latinoam\u00e9rica. Para entender el alcance de esta decisi\u00f3n, conversamos con <strong>Darren Tipton, CEO de Paris Baguette<\/strong>, quien lidera la estrategia global de crecimiento de la compa\u00f1\u00eda.<\/p>\n\n\n\n<h2 class=\"wp-block-heading\">M\u00e9xico, un mercado estrat\u00e9gico por cultura y escala<\/h2>\n\n\n<div class=\"wp-block-image\">\n<figure class=\"alignleft size-full is-resized\"><img loading=\"lazy\" decoding=\"async\" width=\"330\" height=\"462\" src=\"https:\/\/www.justretail.news\/latam\/wp-content\/uploads\/2026\/01\/Paris-Baguette-3.png\" alt=\"Paris Baguette\" class=\"wp-image-5158\" style=\"width:192px;height:auto\" srcset=\"https:\/\/www.justretail.news\/latam\/wp-content\/uploads\/2026\/01\/Paris-Baguette-3.png 330w, https:\/\/www.justretail.news\/latam\/wp-content\/uploads\/2026\/01\/Paris-Baguette-3-214x300.png 214w, https:\/\/www.justretail.news\/latam\/wp-content\/uploads\/2026\/01\/Paris-Baguette-3-300x420.png 300w, https:\/\/www.justretail.news\/latam\/wp-content\/uploads\/2026\/01\/Paris-Baguette-3-150x210.png 150w\" sizes=\"auto, (max-width: 330px) 100vw, 330px\" \/><\/figure>\n<\/div>\n\n\n<p>Seg\u00fan Tipton, la elecci\u00f3n de M\u00e9xico responde tanto a su cercan\u00eda geogr\u00e1fica como a su peso como mercado de consumo. \u201cM\u00e9xico representa uno de los mercados m\u00e1s din\u00e1micos de Latinoam\u00e9rica, con una fuerte cultura de cafeter\u00edas y una demanda creciente por experiencias <em>premium<\/em> de panader\u00eda y caf\u00e9\u201d, explica.<\/p>\n\n\n\n<p>El CEO destaca una afinidad clara entre los valores del consumidor mexicano \u2013frescura, hospitalidad, calidez y celebraci\u00f3n cotidiana\u2013 y el ADN de la marca. \u201cSu escala e influencia lo convierten en un punto de entrada ideal para el crecimiento regional\u201d, a\u00f1ade.<\/p>\n\n\n\n<h2 class=\"wp-block-heading\">Un segmento <em>premium<\/em> a\u00fan con espacio para crecer<\/h2>\n\n\n\n<p>Desde la perspectiva de Paris Baguette, el mercado mexicano ofrece un <strong>alto potencial de desarrollo<\/strong>, especialmente en el segmento de bakery caf\u00e9s <em>premium<\/em>, que a\u00fan se encuentra en una etapa temprana. \u201cVemos un inter\u00e9s creciente por productos artesanales, ingredientes de alta calidad y propuestas visualmente atractivas\u201d, se\u00f1ala Tipton.<\/p>\n\n\n\n<p>Los consumidores j\u00f3venes juegan un papel clave en esta evoluci\u00f3n. Al igual que en otros mercados, est\u00e1n impulsando el crecimiento de la cultura de cafeter\u00edas, buscando espacios que combinen producto, experiencia y socializaci\u00f3n. \u201cM\u00e9xico ser\u00e1 un gran mercado para nosotros\u201d, afirma.<\/p>\n\n\n\n<h2 class=\"wp-block-heading\">Un concepto basado en frescura y experiencia<\/h2>\n\n\n\n<p>El diferencial de Paris Baguette se apoya en un modelo de <strong>horneado diario en tienda<\/strong>, con un fuerte \u00e9nfasis en la artesan\u00eda y la hospitalidad. Su propuesta incluye una amplia variedad de panes, pasteles, reposter\u00eda, s\u00e1ndwiches y bebidas preparadas al momento, todo en un entorno dise\u00f1ado para resultar c\u00e1lido y accesible.<\/p>\n\n\n\n<p>\u201cLa marca es conocida por su frescura y por esa sensaci\u00f3n de abundancia visual cuando entras a una tienda\u201d, explica el CEO. El objetivo es replicar en cada ubicaci\u00f3n la experiencia de una <strong>panader\u00eda de barrio contempor\u00e1nea<\/strong>, un concepto que ha demostrado escalar con \u00e9xito en distintos continentes.<\/p>\n\n\n\n<h2 class=\"wp-block-heading\">M\u00e1s que una compra, una experiencia de <em>lifestyle<\/em><\/h2>\n\n\n\n<p>Paris Baguette fue concebida como algo m\u00e1s que un punto de venta. \u201cNuestros caf\u00e9s est\u00e1n dise\u00f1ados para generar alegr\u00eda, fomentar la conexi\u00f3n y crear una sensaci\u00f3n de ocasi\u00f3n\u201d, se\u00f1ala Tipton. El dise\u00f1o del espacio, la presentaci\u00f3n del producto y el servicio forman parte de una experiencia integral que busca integrarse en la rutina diaria del consumidor.<\/p>\n\n\n\n<figure class=\"wp-block-gallery has-nested-images columns-default is-cropped wp-block-gallery-1 is-layout-flex wp-block-gallery-is-layout-flex\">\n<figure class=\"wp-block-image size-large\"><img loading=\"lazy\" decoding=\"async\" width=\"640\" height=\"427\" data-id=\"5156\" src=\"https:\/\/www.justretail.news\/latam\/wp-content\/uploads\/2026\/01\/Paris-Baguette-2.jpg\" alt=\"Paris Baguette\" class=\"wp-image-5156\" srcset=\"https:\/\/www.justretail.news\/latam\/wp-content\/uploads\/2026\/01\/Paris-Baguette-2.jpg 640w, https:\/\/www.justretail.news\/latam\/wp-content\/uploads\/2026\/01\/Paris-Baguette-2-300x200.jpg 300w, https:\/\/www.justretail.news\/latam\/wp-content\/uploads\/2026\/01\/Paris-Baguette-2-630x420.jpg 630w, https:\/\/www.justretail.news\/latam\/wp-content\/uploads\/2026\/01\/Paris-Baguette-2-150x100.jpg 150w\" sizes=\"auto, (max-width: 640px) 100vw, 640px\" \/><\/figure>\n<\/figure>\n\n\n\n<p>Este enfoque lifestyle ha sido clave para posicionar a la marca en mercados tan diversos como Estados Unidos, Corea del Sur o Canad\u00e1, y ser\u00e1 uno de los pilares de su llegada a M\u00e9xico.<\/p>\n\n\n\n<h2 class=\"wp-block-heading\">Una propuesta atractiva para inversionistas<\/h2>\n\n\n\n<p>Desde el punto de vista del desarrollo de red, la compa\u00f1\u00eda busca <strong>socios franquiciatarios<\/strong> con capacidad operativa y visi\u00f3n de largo plazo. \u201cLos inversionistas acceden a una marca global con un modelo probado y econom\u00edas unitarias s\u00f3lidas\u201d, explica Tipton.<\/p>\n\n\n\n<p>La empresa ofrece soporte integral: desde selecci\u00f3n de ubicaciones y dise\u00f1o, hasta construcci\u00f3n, capacitaci\u00f3n, operaci\u00f3n y marketing. A esto se suma una plataforma de producto altamente diferenciada y una marca que llega al mercado con fuerte inercia de crecimiento.<\/p>\n\n\n\n<h2 class=\"wp-block-heading\">El reto local: operaci\u00f3n, talento y <em>real estate<\/em><\/h2>\n\n\n\n<p>Para operar con \u00e9xito en M\u00e9xico, el socio local deber\u00e1 conocer a fondo el entorno retail. \u201cEs clave entender los h\u00e1bitos del consumidor, el papel del real estate y mantener un compromiso absoluto con la calidad y los est\u00e1ndares de marca\u201d, subraya el CEO.<\/p>\n\n\n\n<p>La adaptaci\u00f3n cultural ser\u00e1 relevante, pero siempre manteniendo el equilibrio con la consistencia global. \u201cLa colaboraci\u00f3n en una localizaci\u00f3n bien pensada ser\u00e1 esencial para el \u00e9xito a largo plazo\u201d.<\/p>\n\n\n\n<h2 class=\"wp-block-heading\">Aprendizajes globales aplicados al mercado mexicano<\/h2>\n\n\n\n<p>Entre las principales lecciones aprendidas en otras expansiones, Tipton destaca la importancia de desarrollar la <strong>infraestructura de supply chain desde el inicio<\/strong>, invertir en capacitaci\u00f3n local y lanzar el mercado con <strong><em>flagship stores<\/em><\/strong> que construyan visibilidad de marca.<\/p>\n\n\n\n<p>Con el tiempo, el conocimiento del consumidor local permitir\u00e1 ajustar y afinar la oferta, sin perder la esencia del concepto.<\/p>\n\n\n\n<h2 class=\"wp-block-heading\">Qu\u00e9 esperar de las primeras tiendas<\/h2>\n\n\n\n<p>\u201cEl pan, la reposter\u00eda y los pasteles son universales, y ah\u00ed est\u00e1 una de nuestras grandes fortalezas\u201d, concluye Tipton. Combinados con el horneado diario y una experiencia c\u00e1lida de <em>bakery<\/em> caf\u00e9, la propuesta busca conectar r\u00e1pidamente con el consumidor mexicano.<\/p>\n\n\n\n<p>Con una estrategia clara, una marca consolidada y un mercado con fundamentos s\u00f3lidos, <strong>Paris Baguette<\/strong> inicia su desembarco en M\u00e9xico con la ambici\u00f3n de convertirse en un actor relevante del <em>retail<\/em> gastron\u00f3mico. El siguiente paso ser\u00e1 clave: encontrar al socio local capaz de ejecutar esa visi\u00f3n con rigor operativo y sensibilidad al mercado.<\/p>\n","protected":false},"excerpt":{"rendered":"<p>Para entender el alcance de esta decisi\u00f3n, conversamos con Darren Tipton, CEO de la compa\u00f1\u00eda.<\/p>\n","protected":false},"author":1,"featured_media":5157,"comment_status":"closed","ping_status":"open","sticky":false,"template":"","format":"standard","meta":{"_jetpack_memberships_contains_paid_content":false,"footnotes":""},"categories":[59,38],"tags":[65,66,521],"class_list":{"0":"post-5155","1":"post","2":"type-post","3":"status-publish","4":"format-standard","5":"has-post-thumbnail","7":"category-destacadas","8":"category-ocio-fb","9":"tag-expansion","10":"tag-mexico","11":"tag-paris-baguette"},"yoast_head":"<!-- This site is optimized with the Yoast SEO plugin v27.4 - https:\/\/yoast.com\/product\/yoast-seo-wordpress\/ -->\n<title>Paris Baguette acelera su expansi\u00f3n global y pone a M\u00e9xico en el centro de su estrategia en Latinoam\u00e9rica - Just Retail Latam<\/title>\n<meta name=\"description\" content=\"Paris Baguette inicia su desembarco en M\u00e9xico con la ambici\u00f3n de convertirse en un actor relevante del retail gastron\u00f3mico.\" \/>\n<meta name=\"robots\" content=\"index, follow, max-snippet:-1, max-image-preview:large, max-video-preview:-1\" \/>\n<link rel=\"canonical\" href=\"https:\/\/www.justretail.news\/latam\/noticias\/paris-baguette-acelera-su-expansion-global-y-pone-a-mexico-en-el-centro-de-su-estrategia-en-latinoamerica\/\" \/>\n<meta property=\"og:locale\" content=\"es_ES\" \/>\n<meta property=\"og:type\" content=\"article\" \/>\n<meta property=\"og:title\" content=\"Paris Baguette acelera su expansi\u00f3n global y pone a M\u00e9xico en el centro de su estrategia en Latinoam\u00e9rica - Just Retail Latam\" \/>\n<meta property=\"og:description\" content=\"Paris Baguette inicia su desembarco en M\u00e9xico con la ambici\u00f3n de convertirse en un actor relevante del retail gastron\u00f3mico.\" \/>\n<meta property=\"og:url\" content=\"https:\/\/www.justretail.news\/latam\/noticias\/paris-baguette-acelera-su-expansion-global-y-pone-a-mexico-en-el-centro-de-su-estrategia-en-latinoamerica\/\" \/>\n<meta property=\"og:site_name\" content=\"Just Retail Latam\" \/>\n<meta property=\"article:published_time\" content=\"2026-01-26T18:12:05+00:00\" \/>\n<meta property=\"article:modified_time\" content=\"2026-02-08T22:15:55+00:00\" \/>\n<meta property=\"og:image\" content=\"https:\/\/www.justretail.news\/latam\/wp-content\/uploads\/2026\/01\/Paris-Baguette-1.jpg\" \/>\n\t<meta property=\"og:image:width\" content=\"640\" \/>\n\t<meta property=\"og:image:height\" content=\"426\" \/>\n\t<meta property=\"og:image:type\" content=\"image\/jpeg\" \/>\n<meta name=\"author\" content=\"Redacci\u00f3n\" \/>\n<meta name=\"twitter:card\" content=\"summary_large_image\" \/>\n<meta name=\"twitter:label1\" content=\"Escrito por\" \/>\n\t<meta name=\"twitter:data1\" content=\"Redacci\u00f3n\" \/>\n\t<meta name=\"twitter:label2\" content=\"Tiempo de lectura\" \/>\n\t<meta name=\"twitter:data2\" content=\"5 minutos\" \/>\n<script type=\"application\/ld+json\" class=\"yoast-schema-graph\">{\"@context\":\"https:\\\/\\\/schema.org\",\"@graph\":[{\"@type\":\"Article\",\"@id\":\"https:\\\/\\\/www.justretail.news\\\/latam\\\/noticias\\\/paris-baguette-acelera-su-expansion-global-y-pone-a-mexico-en-el-centro-de-su-estrategia-en-latinoamerica\\\/#article\",\"isPartOf\":{\"@id\":\"https:\\\/\\\/www.justretail.news\\\/latam\\\/noticias\\\/paris-baguette-acelera-su-expansion-global-y-pone-a-mexico-en-el-centro-de-su-estrategia-en-latinoamerica\\\/\"},\"author\":{\"name\":\"Redacci\u00f3n\",\"@id\":\"https:\\\/\\\/www.justretail.news\\\/latam\\\/#\\\/schema\\\/person\\\/1543b9d803b2d5751fba2211e7785c5f\"},\"headline\":\"Paris Baguette acelera su expansi\u00f3n global y pone a M\u00e9xico en el centro de su estrategia en Latinoam\u00e9rica\",\"datePublished\":\"2026-01-26T18:12:05+00:00\",\"dateModified\":\"2026-02-08T22:15:55+00:00\",\"mainEntityOfPage\":{\"@id\":\"https:\\\/\\\/www.justretail.news\\\/latam\\\/noticias\\\/paris-baguette-acelera-su-expansion-global-y-pone-a-mexico-en-el-centro-de-su-estrategia-en-latinoamerica\\\/\"},\"wordCount\":990,\"publisher\":{\"@id\":\"https:\\\/\\\/www.justretail.news\\\/latam\\\/#organization\"},\"image\":{\"@id\":\"https:\\\/\\\/www.justretail.news\\\/latam\\\/noticias\\\/paris-baguette-acelera-su-expansion-global-y-pone-a-mexico-en-el-centro-de-su-estrategia-en-latinoamerica\\\/#primaryimage\"},\"thumbnailUrl\":\"https:\\\/\\\/www.justretail.news\\\/latam\\\/wp-content\\\/uploads\\\/2026\\\/01\\\/Paris-Baguette-1.jpg\",\"keywords\":[\"expansi\u00f3n\",\"M\u00e9xico\",\"Paris Baguette\"],\"articleSection\":[\"Destacadas\",\"Ocio &amp; F&amp;B\"],\"inLanguage\":\"es\"},{\"@type\":\"WebPage\",\"@id\":\"https:\\\/\\\/www.justretail.news\\\/latam\\\/noticias\\\/paris-baguette-acelera-su-expansion-global-y-pone-a-mexico-en-el-centro-de-su-estrategia-en-latinoamerica\\\/\",\"url\":\"https:\\\/\\\/www.justretail.news\\\/latam\\\/noticias\\\/paris-baguette-acelera-su-expansion-global-y-pone-a-mexico-en-el-centro-de-su-estrategia-en-latinoamerica\\\/\",\"name\":\"Paris Baguette acelera su expansi\u00f3n global y pone a M\u00e9xico en el centro de su estrategia en Latinoam\u00e9rica - Just Retail Latam\",\"isPartOf\":{\"@id\":\"https:\\\/\\\/www.justretail.news\\\/latam\\\/#website\"},\"primaryImageOfPage\":{\"@id\":\"https:\\\/\\\/www.justretail.news\\\/latam\\\/noticias\\\/paris-baguette-acelera-su-expansion-global-y-pone-a-mexico-en-el-centro-de-su-estrategia-en-latinoamerica\\\/#primaryimage\"},\"image\":{\"@id\":\"https:\\\/\\\/www.justretail.news\\\/latam\\\/noticias\\\/paris-baguette-acelera-su-expansion-global-y-pone-a-mexico-en-el-centro-de-su-estrategia-en-latinoamerica\\\/#primaryimage\"},\"thumbnailUrl\":\"https:\\\/\\\/www.justretail.news\\\/latam\\\/wp-content\\\/uploads\\\/2026\\\/01\\\/Paris-Baguette-1.jpg\",\"datePublished\":\"2026-01-26T18:12:05+00:00\",\"dateModified\":\"2026-02-08T22:15:55+00:00\",\"description\":\"Paris Baguette inicia su desembarco en M\u00e9xico con la ambici\u00f3n de convertirse en un actor relevante del retail gastron\u00f3mico.\",\"breadcrumb\":{\"@id\":\"https:\\\/\\\/www.justretail.news\\\/latam\\\/noticias\\\/paris-baguette-acelera-su-expansion-global-y-pone-a-mexico-en-el-centro-de-su-estrategia-en-latinoamerica\\\/#breadcrumb\"},\"inLanguage\":\"es\",\"potentialAction\":[{\"@type\":\"ReadAction\",\"target\":[\"https:\\\/\\\/www.justretail.news\\\/latam\\\/noticias\\\/paris-baguette-acelera-su-expansion-global-y-pone-a-mexico-en-el-centro-de-su-estrategia-en-latinoamerica\\\/\"]}]},{\"@type\":\"ImageObject\",\"inLanguage\":\"es\",\"@id\":\"https:\\\/\\\/www.justretail.news\\\/latam\\\/noticias\\\/paris-baguette-acelera-su-expansion-global-y-pone-a-mexico-en-el-centro-de-su-estrategia-en-latinoamerica\\\/#primaryimage\",\"url\":\"https:\\\/\\\/www.justretail.news\\\/latam\\\/wp-content\\\/uploads\\\/2026\\\/01\\\/Paris-Baguette-1.jpg\",\"contentUrl\":\"https:\\\/\\\/www.justretail.news\\\/latam\\\/wp-content\\\/uploads\\\/2026\\\/01\\\/Paris-Baguette-1.jpg\",\"width\":640,\"height\":426,\"caption\":\"Paris Baguette\"},{\"@type\":\"BreadcrumbList\",\"@id\":\"https:\\\/\\\/www.justretail.news\\\/latam\\\/noticias\\\/paris-baguette-acelera-su-expansion-global-y-pone-a-mexico-en-el-centro-de-su-estrategia-en-latinoamerica\\\/#breadcrumb\",\"itemListElement\":[{\"@type\":\"ListItem\",\"position\":1,\"name\":\"Portada\",\"item\":\"https:\\\/\\\/www.justretail.news\\\/latam\\\/\"},{\"@type\":\"ListItem\",\"position\":2,\"name\":\"Paris Baguette acelera su expansi\u00f3n global y pone a M\u00e9xico en el centro de su estrategia en Latinoam\u00e9rica\"}]},{\"@type\":\"WebSite\",\"@id\":\"https:\\\/\\\/www.justretail.news\\\/latam\\\/#website\",\"url\":\"https:\\\/\\\/www.justretail.news\\\/latam\\\/\",\"name\":\"Just Retail Latam\",\"description\":\"\",\"publisher\":{\"@id\":\"https:\\\/\\\/www.justretail.news\\\/latam\\\/#organization\"},\"potentialAction\":[{\"@type\":\"SearchAction\",\"target\":{\"@type\":\"EntryPoint\",\"urlTemplate\":\"https:\\\/\\\/www.justretail.news\\\/latam\\\/?s={search_term_string}\"},\"query-input\":{\"@type\":\"PropertyValueSpecification\",\"valueRequired\":true,\"valueName\":\"search_term_string\"}}],\"inLanguage\":\"es\"},{\"@type\":\"Organization\",\"@id\":\"https:\\\/\\\/www.justretail.news\\\/latam\\\/#organization\",\"name\":\"Just Retail Latam\",\"url\":\"https:\\\/\\\/www.justretail.news\\\/latam\\\/\",\"logo\":{\"@type\":\"ImageObject\",\"inLanguage\":\"es\",\"@id\":\"https:\\\/\\\/www.justretail.news\\\/latam\\\/#\\\/schema\\\/logo\\\/image\\\/\",\"url\":\"https:\\\/\\\/www.justretail.news\\\/latam\\\/wp-content\\\/uploads\\\/2024\\\/05\\\/just-retail-logo-NEGRO-trans-latam-272x90_nuevo.png\",\"contentUrl\":\"https:\\\/\\\/www.justretail.news\\\/latam\\\/wp-content\\\/uploads\\\/2024\\\/05\\\/just-retail-logo-NEGRO-trans-latam-272x90_nuevo.png\",\"width\":272,\"height\":90,\"caption\":\"Just Retail Latam\"},\"image\":{\"@id\":\"https:\\\/\\\/www.justretail.news\\\/latam\\\/#\\\/schema\\\/logo\\\/image\\\/\"}},{\"@type\":\"Person\",\"@id\":\"https:\\\/\\\/www.justretail.news\\\/latam\\\/#\\\/schema\\\/person\\\/1543b9d803b2d5751fba2211e7785c5f\",\"name\":\"Redacci\u00f3n\",\"image\":{\"@type\":\"ImageObject\",\"inLanguage\":\"es\",\"@id\":\"https:\\\/\\\/secure.gravatar.com\\\/avatar\\\/728f66d366b9809efe89ec232bef06263abc057cefaba166bbd45a167e648b3c?s=96&d=mm&r=g\",\"url\":\"https:\\\/\\\/secure.gravatar.com\\\/avatar\\\/728f66d366b9809efe89ec232bef06263abc057cefaba166bbd45a167e648b3c?s=96&d=mm&r=g\",\"contentUrl\":\"https:\\\/\\\/secure.gravatar.com\\\/avatar\\\/728f66d366b9809efe89ec232bef06263abc057cefaba166bbd45a167e648b3c?s=96&d=mm&r=g\",\"caption\":\"Redacci\u00f3n\"},\"sameAs\":[\"https:\\\/\\\/www.justretail.news\\\/latam\"],\"url\":\"https:\\\/\\\/www.justretail.news\\\/latam\\\/noticias\\\/author\\\/latam_master\\\/\"}]}<\/script>\n<!-- \/ Yoast SEO plugin. -->","yoast_head_json":{"title":"Paris Baguette acelera su expansi\u00f3n global y pone a M\u00e9xico en el centro de su estrategia en Latinoam\u00e9rica - Just Retail Latam","description":"Paris Baguette inicia su desembarco en M\u00e9xico con la ambici\u00f3n de convertirse en un actor relevante del retail gastron\u00f3mico.","robots":{"index":"index","follow":"follow","max-snippet":"max-snippet:-1","max-image-preview":"max-image-preview:large","max-video-preview":"max-video-preview:-1"},"canonical":"https:\/\/www.justretail.news\/latam\/noticias\/paris-baguette-acelera-su-expansion-global-y-pone-a-mexico-en-el-centro-de-su-estrategia-en-latinoamerica\/","og_locale":"es_ES","og_type":"article","og_title":"Paris Baguette acelera su expansi\u00f3n global y pone a M\u00e9xico en el centro de su estrategia en Latinoam\u00e9rica - Just Retail Latam","og_description":"Paris Baguette inicia su desembarco en M\u00e9xico con la ambici\u00f3n de convertirse en un actor relevante del retail gastron\u00f3mico.","og_url":"https:\/\/www.justretail.news\/latam\/noticias\/paris-baguette-acelera-su-expansion-global-y-pone-a-mexico-en-el-centro-de-su-estrategia-en-latinoamerica\/","og_site_name":"Just Retail Latam","article_published_time":"2026-01-26T18:12:05+00:00","article_modified_time":"2026-02-08T22:15:55+00:00","og_image":[{"width":640,"height":426,"url":"https:\/\/www.justretail.news\/latam\/wp-content\/uploads\/2026\/01\/Paris-Baguette-1.jpg","type":"image\/jpeg"}],"author":"Redacci\u00f3n","twitter_card":"summary_large_image","twitter_misc":{"Escrito por":"Redacci\u00f3n","Tiempo de lectura":"5 minutos"},"schema":{"@context":"https:\/\/schema.org","@graph":[{"@type":"Article","@id":"https:\/\/www.justretail.news\/latam\/noticias\/paris-baguette-acelera-su-expansion-global-y-pone-a-mexico-en-el-centro-de-su-estrategia-en-latinoamerica\/#article","isPartOf":{"@id":"https:\/\/www.justretail.news\/latam\/noticias\/paris-baguette-acelera-su-expansion-global-y-pone-a-mexico-en-el-centro-de-su-estrategia-en-latinoamerica\/"},"author":{"name":"Redacci\u00f3n","@id":"https:\/\/www.justretail.news\/latam\/#\/schema\/person\/1543b9d803b2d5751fba2211e7785c5f"},"headline":"Paris Baguette acelera su expansi\u00f3n global y pone a M\u00e9xico en el centro de su estrategia en Latinoam\u00e9rica","datePublished":"2026-01-26T18:12:05+00:00","dateModified":"2026-02-08T22:15:55+00:00","mainEntityOfPage":{"@id":"https:\/\/www.justretail.news\/latam\/noticias\/paris-baguette-acelera-su-expansion-global-y-pone-a-mexico-en-el-centro-de-su-estrategia-en-latinoamerica\/"},"wordCount":990,"publisher":{"@id":"https:\/\/www.justretail.news\/latam\/#organization"},"image":{"@id":"https:\/\/www.justretail.news\/latam\/noticias\/paris-baguette-acelera-su-expansion-global-y-pone-a-mexico-en-el-centro-de-su-estrategia-en-latinoamerica\/#primaryimage"},"thumbnailUrl":"https:\/\/www.justretail.news\/latam\/wp-content\/uploads\/2026\/01\/Paris-Baguette-1.jpg","keywords":["expansi\u00f3n","M\u00e9xico","Paris Baguette"],"articleSection":["Destacadas","Ocio &amp; F&amp;B"],"inLanguage":"es"},{"@type":"WebPage","@id":"https:\/\/www.justretail.news\/latam\/noticias\/paris-baguette-acelera-su-expansion-global-y-pone-a-mexico-en-el-centro-de-su-estrategia-en-latinoamerica\/","url":"https:\/\/www.justretail.news\/latam\/noticias\/paris-baguette-acelera-su-expansion-global-y-pone-a-mexico-en-el-centro-de-su-estrategia-en-latinoamerica\/","name":"Paris Baguette acelera su expansi\u00f3n global y pone a M\u00e9xico en el centro de su estrategia en Latinoam\u00e9rica - Just Retail Latam","isPartOf":{"@id":"https:\/\/www.justretail.news\/latam\/#website"},"primaryImageOfPage":{"@id":"https:\/\/www.justretail.news\/latam\/noticias\/paris-baguette-acelera-su-expansion-global-y-pone-a-mexico-en-el-centro-de-su-estrategia-en-latinoamerica\/#primaryimage"},"image":{"@id":"https:\/\/www.justretail.news\/latam\/noticias\/paris-baguette-acelera-su-expansion-global-y-pone-a-mexico-en-el-centro-de-su-estrategia-en-latinoamerica\/#primaryimage"},"thumbnailUrl":"https:\/\/www.justretail.news\/latam\/wp-content\/uploads\/2026\/01\/Paris-Baguette-1.jpg","datePublished":"2026-01-26T18:12:05+00:00","dateModified":"2026-02-08T22:15:55+00:00","description":"Paris Baguette inicia su desembarco en M\u00e9xico con la ambici\u00f3n de convertirse en un actor relevante del retail gastron\u00f3mico.","breadcrumb":{"@id":"https:\/\/www.justretail.news\/latam\/noticias\/paris-baguette-acelera-su-expansion-global-y-pone-a-mexico-en-el-centro-de-su-estrategia-en-latinoamerica\/#breadcrumb"},"inLanguage":"es","potentialAction":[{"@type":"ReadAction","target":["https:\/\/www.justretail.news\/latam\/noticias\/paris-baguette-acelera-su-expansion-global-y-pone-a-mexico-en-el-centro-de-su-estrategia-en-latinoamerica\/"]}]},{"@type":"ImageObject","inLanguage":"es","@id":"https:\/\/www.justretail.news\/latam\/noticias\/paris-baguette-acelera-su-expansion-global-y-pone-a-mexico-en-el-centro-de-su-estrategia-en-latinoamerica\/#primaryimage","url":"https:\/\/www.justretail.news\/latam\/wp-content\/uploads\/2026\/01\/Paris-Baguette-1.jpg","contentUrl":"https:\/\/www.justretail.news\/latam\/wp-content\/uploads\/2026\/01\/Paris-Baguette-1.jpg","width":640,"height":426,"caption":"Paris Baguette"},{"@type":"BreadcrumbList","@id":"https:\/\/www.justretail.news\/latam\/noticias\/paris-baguette-acelera-su-expansion-global-y-pone-a-mexico-en-el-centro-de-su-estrategia-en-latinoamerica\/#breadcrumb","itemListElement":[{"@type":"ListItem","position":1,"name":"Portada","item":"https:\/\/www.justretail.news\/latam\/"},{"@type":"ListItem","position":2,"name":"Paris Baguette acelera su expansi\u00f3n global y pone a M\u00e9xico en el centro de su estrategia en Latinoam\u00e9rica"}]},{"@type":"WebSite","@id":"https:\/\/www.justretail.news\/latam\/#website","url":"https:\/\/www.justretail.news\/latam\/","name":"Just Retail Latam","description":"","publisher":{"@id":"https:\/\/www.justretail.news\/latam\/#organization"},"potentialAction":[{"@type":"SearchAction","target":{"@type":"EntryPoint","urlTemplate":"https:\/\/www.justretail.news\/latam\/?s={search_term_string}"},"query-input":{"@type":"PropertyValueSpecification","valueRequired":true,"valueName":"search_term_string"}}],"inLanguage":"es"},{"@type":"Organization","@id":"https:\/\/www.justretail.news\/latam\/#organization","name":"Just Retail Latam","url":"https:\/\/www.justretail.news\/latam\/","logo":{"@type":"ImageObject","inLanguage":"es","@id":"https:\/\/www.justretail.news\/latam\/#\/schema\/logo\/image\/","url":"https:\/\/www.justretail.news\/latam\/wp-content\/uploads\/2024\/05\/just-retail-logo-NEGRO-trans-latam-272x90_nuevo.png","contentUrl":"https:\/\/www.justretail.news\/latam\/wp-content\/uploads\/2024\/05\/just-retail-logo-NEGRO-trans-latam-272x90_nuevo.png","width":272,"height":90,"caption":"Just Retail Latam"},"image":{"@id":"https:\/\/www.justretail.news\/latam\/#\/schema\/logo\/image\/"}},{"@type":"Person","@id":"https:\/\/www.justretail.news\/latam\/#\/schema\/person\/1543b9d803b2d5751fba2211e7785c5f","name":"Redacci\u00f3n","image":{"@type":"ImageObject","inLanguage":"es","@id":"https:\/\/secure.gravatar.com\/avatar\/728f66d366b9809efe89ec232bef06263abc057cefaba166bbd45a167e648b3c?s=96&d=mm&r=g","url":"https:\/\/secure.gravatar.com\/avatar\/728f66d366b9809efe89ec232bef06263abc057cefaba166bbd45a167e648b3c?s=96&d=mm&r=g","contentUrl":"https:\/\/secure.gravatar.com\/avatar\/728f66d366b9809efe89ec232bef06263abc057cefaba166bbd45a167e648b3c?s=96&d=mm&r=g","caption":"Redacci\u00f3n"},"sameAs":["https:\/\/www.justretail.news\/latam"],"url":"https:\/\/www.justretail.news\/latam\/noticias\/author\/latam_master\/"}]}},"jetpack_featured_media_url":"https:\/\/www.justretail.news\/latam\/wp-content\/uploads\/2026\/01\/Paris-Baguette-1.jpg","jetpack_sharing_enabled":true,"_links":{"self":[{"href":"https:\/\/www.justretail.news\/latam\/wp-json\/wp\/v2\/posts\/5155","targetHints":{"allow":["GET"]}}],"collection":[{"href":"https:\/\/www.justretail.news\/latam\/wp-json\/wp\/v2\/posts"}],"about":[{"href":"https:\/\/www.justretail.news\/latam\/wp-json\/wp\/v2\/types\/post"}],"author":[{"embeddable":true,"href":"https:\/\/www.justretail.news\/latam\/wp-json\/wp\/v2\/users\/1"}],"replies":[{"embeddable":true,"href":"https:\/\/www.justretail.news\/latam\/wp-json\/wp\/v2\/comments?post=5155"}],"version-history":[{"count":2,"href":"https:\/\/www.justretail.news\/latam\/wp-json\/wp\/v2\/posts\/5155\/revisions"}],"predecessor-version":[{"id":5160,"href":"https:\/\/www.justretail.news\/latam\/wp-json\/wp\/v2\/posts\/5155\/revisions\/5160"}],"wp:featuredmedia":[{"embeddable":true,"href":"https:\/\/www.justretail.news\/latam\/wp-json\/wp\/v2\/media\/5157"}],"wp:attachment":[{"href":"https:\/\/www.justretail.news\/latam\/wp-json\/wp\/v2\/media?parent=5155"}],"wp:term":[{"taxonomy":"category","embeddable":true,"href":"https:\/\/www.justretail.news\/latam\/wp-json\/wp\/v2\/categories?post=5155"},{"taxonomy":"post_tag","embeddable":true,"href":"https:\/\/www.justretail.news\/latam\/wp-json\/wp\/v2\/tags?post=5155"}],"curies":[{"name":"wp","href":"https:\/\/api.w.org\/{rel}","templated":true}]}}