{"id":5169,"date":"2026-01-27T22:12:40","date_gmt":"2026-01-27T21:12:40","guid":{"rendered":"https:\/\/www.justretail.news\/latam\/?p=5169"},"modified":"2026-01-27T22:12:41","modified_gmt":"2026-01-27T21:12:41","slug":"mattel-refuerza-su-logistica-en-mexico-a-traves-de-una-alianza-con-dhl","status":"publish","type":"post","link":"https:\/\/www.justretail.news\/latam\/noticias\/mattel-refuerza-su-logistica-en-mexico-a-traves-de-una-alianza-con-dhl\/","title":{"rendered":"Mattel refuerza su log\u00edstica en M\u00e9xico a trav\u00e9s de una alianza con DHL"},"content":{"rendered":"\n<p>El gigante estadounidense de juguetes Mattel refuerza su operaci\u00f3n en M\u00e9xico. La empresa sell\u00f3 una alianza con DHL Supply Chain para fortalecer su cadena de suministro en el pa\u00eds, <strong>ampliar su capacidad operativa<\/strong> y mejorar su flexibilidad operativa.<\/p>\n\n\n\n<p>DHL Supply Chain opera en M\u00e9xico desde el <strong>Mega Campus de Naxtlalpan<\/strong>, en el Estado de M\u00e9xico. \u201cTrabajar con una marca que acompa\u00f1a a millones de familias implica responsabilidad, confianza y compromiso\u201d, aseguraron desde la empresa de correos.<\/p>\n\n\n\n<figure class=\"wp-block-image size-full\"><img loading=\"lazy\" decoding=\"async\" width=\"800\" height=\"534\" src=\"https:\/\/www.justretail.news\/latam\/wp-content\/uploads\/2026\/01\/mattel-dhl2.jpg\" alt=\"\" class=\"wp-image-5170\" srcset=\"https:\/\/www.justretail.news\/latam\/wp-content\/uploads\/2026\/01\/mattel-dhl2.jpg 800w, https:\/\/www.justretail.news\/latam\/wp-content\/uploads\/2026\/01\/mattel-dhl2-300x200.jpg 300w, https:\/\/www.justretail.news\/latam\/wp-content\/uploads\/2026\/01\/mattel-dhl2-768x513.jpg 768w, https:\/\/www.justretail.news\/latam\/wp-content\/uploads\/2026\/01\/mattel-dhl2-629x420.jpg 629w, https:\/\/www.justretail.news\/latam\/wp-content\/uploads\/2026\/01\/mattel-dhl2-150x100.jpg 150w, https:\/\/www.justretail.news\/latam\/wp-content\/uploads\/2026\/01\/mattel-dhl2-696x465.jpg 696w\" sizes=\"auto, (max-width: 800px) 100vw, 800px\" \/><\/figure>\n\n\n\n<p>Adem\u00e1s, remarcaron que, desde DHL Supply Chain respaldan esa confianza con una operaci\u00f3n dise\u00f1ada para crecer, responder a la demanda y mirar al futuro con solidez. \u201cEsta alianza nos recuerda que la tecnolog\u00eda no s\u00f3lo mueve cajas, sino que ayuda a generar grandes momentos e historias\u201d, apunt\u00f3 Jos\u00e9 Ricardo Ju\u00e1rez Ortega, supervisor de DHL Supply Chain.<\/p>\n\n\n\n<figure class=\"wp-block-image size-full\"><img loading=\"lazy\" decoding=\"async\" width=\"800\" height=\"533\" src=\"https:\/\/www.justretail.news\/latam\/wp-content\/uploads\/2026\/01\/mattel-dhl.jpg\" alt=\"\" class=\"wp-image-5171\" srcset=\"https:\/\/www.justretail.news\/latam\/wp-content\/uploads\/2026\/01\/mattel-dhl.jpg 800w, https:\/\/www.justretail.news\/latam\/wp-content\/uploads\/2026\/01\/mattel-dhl-300x200.jpg 300w, https:\/\/www.justretail.news\/latam\/wp-content\/uploads\/2026\/01\/mattel-dhl-768x512.jpg 768w, https:\/\/www.justretail.news\/latam\/wp-content\/uploads\/2026\/01\/mattel-dhl-630x420.jpg 630w, https:\/\/www.justretail.news\/latam\/wp-content\/uploads\/2026\/01\/mattel-dhl-150x100.jpg 150w, https:\/\/www.justretail.news\/latam\/wp-content\/uploads\/2026\/01\/mattel-dhl-696x464.jpg 696w\" sizes=\"auto, (max-width: 800px) 100vw, 800px\" \/><\/figure>\n\n\n\n<p>Por su parte, desde Mattel se\u00f1alaron que esta alianza permite a la empresa contar con una plataforma log\u00edstica con capacidad de expansi\u00f3n y soporte tecnol\u00f3gico. La nueva operaci\u00f3n incorpora sistemas de clasificaci\u00f3n automatizada que optimizan actividades como el recibo, el <em>picking<\/em> y los servicios de valor agregado.<\/p>\n\n\n\n<p>El Mega Campus de DHL Supply Chain en M\u00e9xico es una plataforma que permite responder a los requerimientos operativos de las empresas y acompa\u00f1ar sus crecimientos en el mercado mexicano.<\/p>\n\n\n\n<h2 class=\"wp-block-heading\">La operaci\u00f3n de Mattel en M\u00e9xico<\/h2>\n\n\n\n<p>Adem\u00e1s de la alianza con DHL, Mattel lleva un tiempo apostando por el pa\u00eds. Recientemente, la empresa ampli\u00f3 y moderniz\u00f3 su planta de Montoi, Monterrey y espera con junto a DHL, la operaci\u00f3n log\u00edstica crezca un 7%.<\/p>\n\n\n\n<p><\/p>\n","protected":false},"excerpt":{"rendered":"<p>Con esta nueva alianza, Mattel M\u00e9xico espera que su operaci\u00f3n log\u00edstica crezca en un 7%. <\/p>\n","protected":false},"author":1,"featured_media":5172,"comment_status":"closed","ping_status":"open","sticky":false,"template":"","format":"standard","meta":{"_jetpack_memberships_contains_paid_content":false,"footnotes":""},"categories":[37],"tags":[1121,922,447,613],"class_list":{"0":"post-5169","1":"post","2":"type-post","3":"status-publish","4":"format-standard","5":"has-post-thumbnail","7":"category-retailers","8":"tag-dhl","9":"tag-logistica","10":"tag-mattel","11":"tag-mexico-2"},"yoast_head":"<!-- This site is optimized with the Yoast SEO plugin v27.4 - https:\/\/yoast.com\/product\/yoast-seo-wordpress\/ -->\n<title>Mattel refuerza su log\u00edstica en M\u00e9xico a trav\u00e9s de una alianza con DHL - Just Retail Latam<\/title>\n<meta name=\"description\" content=\"La alianza entre ambas empresas busca fortalecer la operaci\u00f3n y la capacidad de respuesta a la demanda de los consumidores de Mattel M\u00e9xico.\" \/>\n<meta name=\"robots\" content=\"index, follow, max-snippet:-1, max-image-preview:large, max-video-preview:-1\" \/>\n<link rel=\"canonical\" href=\"https:\/\/www.justretail.news\/latam\/noticias\/mattel-refuerza-su-logistica-en-mexico-a-traves-de-una-alianza-con-dhl\/\" \/>\n<meta property=\"og:locale\" content=\"es_ES\" \/>\n<meta property=\"og:type\" content=\"article\" \/>\n<meta property=\"og:title\" content=\"Mattel refuerza su log\u00edstica en M\u00e9xico a trav\u00e9s de una alianza con DHL - Just Retail Latam\" \/>\n<meta property=\"og:description\" content=\"La alianza entre ambas empresas busca fortalecer la operaci\u00f3n y la capacidad de respuesta a la demanda de los consumidores de Mattel M\u00e9xico.\" \/>\n<meta property=\"og:url\" content=\"https:\/\/www.justretail.news\/latam\/noticias\/mattel-refuerza-su-logistica-en-mexico-a-traves-de-una-alianza-con-dhl\/\" \/>\n<meta property=\"og:site_name\" content=\"Just Retail Latam\" \/>\n<meta property=\"article:published_time\" content=\"2026-01-27T21:12:40+00:00\" \/>\n<meta property=\"article:modified_time\" content=\"2026-01-27T21:12:41+00:00\" \/>\n<meta property=\"og:image\" content=\"https:\/\/www.justretail.news\/latam\/wp-content\/uploads\/2026\/01\/mattel-dhl1.jpg\" \/>\n\t<meta property=\"og:image:width\" content=\"800\" \/>\n\t<meta property=\"og:image:height\" content=\"534\" \/>\n\t<meta property=\"og:image:type\" content=\"image\/jpeg\" \/>\n<meta name=\"author\" content=\"Redacci\u00f3n\" \/>\n<meta name=\"twitter:card\" content=\"summary_large_image\" \/>\n<meta name=\"twitter:label1\" content=\"Escrito por\" \/>\n\t<meta name=\"twitter:data1\" content=\"Redacci\u00f3n\" \/>\n\t<meta name=\"twitter:label2\" content=\"Tiempo de lectura\" \/>\n\t<meta name=\"twitter:data2\" content=\"2 minutos\" \/>\n<script type=\"application\/ld+json\" class=\"yoast-schema-graph\">{\"@context\":\"https:\\\/\\\/schema.org\",\"@graph\":[{\"@type\":\"Article\",\"@id\":\"https:\\\/\\\/www.justretail.news\\\/latam\\\/noticias\\\/mattel-refuerza-su-logistica-en-mexico-a-traves-de-una-alianza-con-dhl\\\/#article\",\"isPartOf\":{\"@id\":\"https:\\\/\\\/www.justretail.news\\\/latam\\\/noticias\\\/mattel-refuerza-su-logistica-en-mexico-a-traves-de-una-alianza-con-dhl\\\/\"},\"author\":{\"name\":\"Redacci\u00f3n\",\"@id\":\"https:\\\/\\\/www.justretail.news\\\/latam\\\/#\\\/schema\\\/person\\\/1543b9d803b2d5751fba2211e7785c5f\"},\"headline\":\"Mattel refuerza su log\u00edstica en M\u00e9xico a trav\u00e9s de una alianza con DHL\",\"datePublished\":\"2026-01-27T21:12:40+00:00\",\"dateModified\":\"2026-01-27T21:12:41+00:00\",\"mainEntityOfPage\":{\"@id\":\"https:\\\/\\\/www.justretail.news\\\/latam\\\/noticias\\\/mattel-refuerza-su-logistica-en-mexico-a-traves-de-una-alianza-con-dhl\\\/\"},\"wordCount\":293,\"publisher\":{\"@id\":\"https:\\\/\\\/www.justretail.news\\\/latam\\\/#organization\"},\"image\":{\"@id\":\"https:\\\/\\\/www.justretail.news\\\/latam\\\/noticias\\\/mattel-refuerza-su-logistica-en-mexico-a-traves-de-una-alianza-con-dhl\\\/#primaryimage\"},\"thumbnailUrl\":\"https:\\\/\\\/www.justretail.news\\\/latam\\\/wp-content\\\/uploads\\\/2026\\\/01\\\/mattel-dhl1.jpg\",\"keywords\":[\"DHL\",\"Log\u00edstica\",\"Mattel\",\"m\u00c9XICO\"],\"articleSection\":[\"Retailers\"],\"inLanguage\":\"es\"},{\"@type\":\"WebPage\",\"@id\":\"https:\\\/\\\/www.justretail.news\\\/latam\\\/noticias\\\/mattel-refuerza-su-logistica-en-mexico-a-traves-de-una-alianza-con-dhl\\\/\",\"url\":\"https:\\\/\\\/www.justretail.news\\\/latam\\\/noticias\\\/mattel-refuerza-su-logistica-en-mexico-a-traves-de-una-alianza-con-dhl\\\/\",\"name\":\"Mattel refuerza su log\u00edstica en M\u00e9xico a trav\u00e9s de una alianza con DHL - Just Retail Latam\",\"isPartOf\":{\"@id\":\"https:\\\/\\\/www.justretail.news\\\/latam\\\/#website\"},\"primaryImageOfPage\":{\"@id\":\"https:\\\/\\\/www.justretail.news\\\/latam\\\/noticias\\\/mattel-refuerza-su-logistica-en-mexico-a-traves-de-una-alianza-con-dhl\\\/#primaryimage\"},\"image\":{\"@id\":\"https:\\\/\\\/www.justretail.news\\\/latam\\\/noticias\\\/mattel-refuerza-su-logistica-en-mexico-a-traves-de-una-alianza-con-dhl\\\/#primaryimage\"},\"thumbnailUrl\":\"https:\\\/\\\/www.justretail.news\\\/latam\\\/wp-content\\\/uploads\\\/2026\\\/01\\\/mattel-dhl1.jpg\",\"datePublished\":\"2026-01-27T21:12:40+00:00\",\"dateModified\":\"2026-01-27T21:12:41+00:00\",\"description\":\"La alianza entre ambas empresas busca fortalecer la operaci\u00f3n y la capacidad de respuesta a la demanda de los consumidores de Mattel M\u00e9xico.\",\"breadcrumb\":{\"@id\":\"https:\\\/\\\/www.justretail.news\\\/latam\\\/noticias\\\/mattel-refuerza-su-logistica-en-mexico-a-traves-de-una-alianza-con-dhl\\\/#breadcrumb\"},\"inLanguage\":\"es\",\"potentialAction\":[{\"@type\":\"ReadAction\",\"target\":[\"https:\\\/\\\/www.justretail.news\\\/latam\\\/noticias\\\/mattel-refuerza-su-logistica-en-mexico-a-traves-de-una-alianza-con-dhl\\\/\"]}]},{\"@type\":\"ImageObject\",\"inLanguage\":\"es\",\"@id\":\"https:\\\/\\\/www.justretail.news\\\/latam\\\/noticias\\\/mattel-refuerza-su-logistica-en-mexico-a-traves-de-una-alianza-con-dhl\\\/#primaryimage\",\"url\":\"https:\\\/\\\/www.justretail.news\\\/latam\\\/wp-content\\\/uploads\\\/2026\\\/01\\\/mattel-dhl1.jpg\",\"contentUrl\":\"https:\\\/\\\/www.justretail.news\\\/latam\\\/wp-content\\\/uploads\\\/2026\\\/01\\\/mattel-dhl1.jpg\",\"width\":800,\"height\":534},{\"@type\":\"BreadcrumbList\",\"@id\":\"https:\\\/\\\/www.justretail.news\\\/latam\\\/noticias\\\/mattel-refuerza-su-logistica-en-mexico-a-traves-de-una-alianza-con-dhl\\\/#breadcrumb\",\"itemListElement\":[{\"@type\":\"ListItem\",\"position\":1,\"name\":\"Portada\",\"item\":\"https:\\\/\\\/www.justretail.news\\\/latam\\\/\"},{\"@type\":\"ListItem\",\"position\":2,\"name\":\"Mattel refuerza su log\u00edstica en M\u00e9xico a trav\u00e9s de una alianza con DHL\"}]},{\"@type\":\"WebSite\",\"@id\":\"https:\\\/\\\/www.justretail.news\\\/latam\\\/#website\",\"url\":\"https:\\\/\\\/www.justretail.news\\\/latam\\\/\",\"name\":\"Just Retail Latam\",\"description\":\"\",\"publisher\":{\"@id\":\"https:\\\/\\\/www.justretail.news\\\/latam\\\/#organization\"},\"potentialAction\":[{\"@type\":\"SearchAction\",\"target\":{\"@type\":\"EntryPoint\",\"urlTemplate\":\"https:\\\/\\\/www.justretail.news\\\/latam\\\/?s={search_term_string}\"},\"query-input\":{\"@type\":\"PropertyValueSpecification\",\"valueRequired\":true,\"valueName\":\"search_term_string\"}}],\"inLanguage\":\"es\"},{\"@type\":\"Organization\",\"@id\":\"https:\\\/\\\/www.justretail.news\\\/latam\\\/#organization\",\"name\":\"Just Retail Latam\",\"url\":\"https:\\\/\\\/www.justretail.news\\\/latam\\\/\",\"logo\":{\"@type\":\"ImageObject\",\"inLanguage\":\"es\",\"@id\":\"https:\\\/\\\/www.justretail.news\\\/latam\\\/#\\\/schema\\\/logo\\\/image\\\/\",\"url\":\"https:\\\/\\\/www.justretail.news\\\/latam\\\/wp-content\\\/uploads\\\/2024\\\/05\\\/just-retail-logo-NEGRO-trans-latam-272x90_nuevo.png\",\"contentUrl\":\"https:\\\/\\\/www.justretail.news\\\/latam\\\/wp-content\\\/uploads\\\/2024\\\/05\\\/just-retail-logo-NEGRO-trans-latam-272x90_nuevo.png\",\"width\":272,\"height\":90,\"caption\":\"Just Retail Latam\"},\"image\":{\"@id\":\"https:\\\/\\\/www.justretail.news\\\/latam\\\/#\\\/schema\\\/logo\\\/image\\\/\"}},{\"@type\":\"Person\",\"@id\":\"https:\\\/\\\/www.justretail.news\\\/latam\\\/#\\\/schema\\\/person\\\/1543b9d803b2d5751fba2211e7785c5f\",\"name\":\"Redacci\u00f3n\",\"image\":{\"@type\":\"ImageObject\",\"inLanguage\":\"es\",\"@id\":\"https:\\\/\\\/secure.gravatar.com\\\/avatar\\\/728f66d366b9809efe89ec232bef06263abc057cefaba166bbd45a167e648b3c?s=96&d=mm&r=g\",\"url\":\"https:\\\/\\\/secure.gravatar.com\\\/avatar\\\/728f66d366b9809efe89ec232bef06263abc057cefaba166bbd45a167e648b3c?s=96&d=mm&r=g\",\"contentUrl\":\"https:\\\/\\\/secure.gravatar.com\\\/avatar\\\/728f66d366b9809efe89ec232bef06263abc057cefaba166bbd45a167e648b3c?s=96&d=mm&r=g\",\"caption\":\"Redacci\u00f3n\"},\"sameAs\":[\"https:\\\/\\\/www.justretail.news\\\/latam\"],\"url\":\"https:\\\/\\\/www.justretail.news\\\/latam\\\/noticias\\\/author\\\/latam_master\\\/\"}]}<\/script>\n<!-- \/ Yoast SEO plugin. -->","yoast_head_json":{"title":"Mattel refuerza su log\u00edstica en M\u00e9xico a trav\u00e9s de una alianza con DHL - Just Retail Latam","description":"La alianza entre ambas empresas busca fortalecer la operaci\u00f3n y la capacidad de respuesta a la demanda de los consumidores de Mattel M\u00e9xico.","robots":{"index":"index","follow":"follow","max-snippet":"max-snippet:-1","max-image-preview":"max-image-preview:large","max-video-preview":"max-video-preview:-1"},"canonical":"https:\/\/www.justretail.news\/latam\/noticias\/mattel-refuerza-su-logistica-en-mexico-a-traves-de-una-alianza-con-dhl\/","og_locale":"es_ES","og_type":"article","og_title":"Mattel refuerza su log\u00edstica en M\u00e9xico a trav\u00e9s de una alianza con DHL - Just Retail Latam","og_description":"La alianza entre ambas empresas busca fortalecer la operaci\u00f3n y la capacidad de respuesta a la demanda de los consumidores de Mattel M\u00e9xico.","og_url":"https:\/\/www.justretail.news\/latam\/noticias\/mattel-refuerza-su-logistica-en-mexico-a-traves-de-una-alianza-con-dhl\/","og_site_name":"Just Retail Latam","article_published_time":"2026-01-27T21:12:40+00:00","article_modified_time":"2026-01-27T21:12:41+00:00","og_image":[{"width":800,"height":534,"url":"https:\/\/www.justretail.news\/latam\/wp-content\/uploads\/2026\/01\/mattel-dhl1.jpg","type":"image\/jpeg"}],"author":"Redacci\u00f3n","twitter_card":"summary_large_image","twitter_misc":{"Escrito por":"Redacci\u00f3n","Tiempo de lectura":"2 minutos"},"schema":{"@context":"https:\/\/schema.org","@graph":[{"@type":"Article","@id":"https:\/\/www.justretail.news\/latam\/noticias\/mattel-refuerza-su-logistica-en-mexico-a-traves-de-una-alianza-con-dhl\/#article","isPartOf":{"@id":"https:\/\/www.justretail.news\/latam\/noticias\/mattel-refuerza-su-logistica-en-mexico-a-traves-de-una-alianza-con-dhl\/"},"author":{"name":"Redacci\u00f3n","@id":"https:\/\/www.justretail.news\/latam\/#\/schema\/person\/1543b9d803b2d5751fba2211e7785c5f"},"headline":"Mattel refuerza su log\u00edstica en M\u00e9xico a trav\u00e9s de una alianza con DHL","datePublished":"2026-01-27T21:12:40+00:00","dateModified":"2026-01-27T21:12:41+00:00","mainEntityOfPage":{"@id":"https:\/\/www.justretail.news\/latam\/noticias\/mattel-refuerza-su-logistica-en-mexico-a-traves-de-una-alianza-con-dhl\/"},"wordCount":293,"publisher":{"@id":"https:\/\/www.justretail.news\/latam\/#organization"},"image":{"@id":"https:\/\/www.justretail.news\/latam\/noticias\/mattel-refuerza-su-logistica-en-mexico-a-traves-de-una-alianza-con-dhl\/#primaryimage"},"thumbnailUrl":"https:\/\/www.justretail.news\/latam\/wp-content\/uploads\/2026\/01\/mattel-dhl1.jpg","keywords":["DHL","Log\u00edstica","Mattel","m\u00c9XICO"],"articleSection":["Retailers"],"inLanguage":"es"},{"@type":"WebPage","@id":"https:\/\/www.justretail.news\/latam\/noticias\/mattel-refuerza-su-logistica-en-mexico-a-traves-de-una-alianza-con-dhl\/","url":"https:\/\/www.justretail.news\/latam\/noticias\/mattel-refuerza-su-logistica-en-mexico-a-traves-de-una-alianza-con-dhl\/","name":"Mattel refuerza su log\u00edstica en M\u00e9xico a trav\u00e9s de una alianza con DHL - Just Retail Latam","isPartOf":{"@id":"https:\/\/www.justretail.news\/latam\/#website"},"primaryImageOfPage":{"@id":"https:\/\/www.justretail.news\/latam\/noticias\/mattel-refuerza-su-logistica-en-mexico-a-traves-de-una-alianza-con-dhl\/#primaryimage"},"image":{"@id":"https:\/\/www.justretail.news\/latam\/noticias\/mattel-refuerza-su-logistica-en-mexico-a-traves-de-una-alianza-con-dhl\/#primaryimage"},"thumbnailUrl":"https:\/\/www.justretail.news\/latam\/wp-content\/uploads\/2026\/01\/mattel-dhl1.jpg","datePublished":"2026-01-27T21:12:40+00:00","dateModified":"2026-01-27T21:12:41+00:00","description":"La alianza entre ambas empresas busca fortalecer la operaci\u00f3n y la capacidad de respuesta a la demanda de los consumidores de Mattel M\u00e9xico.","breadcrumb":{"@id":"https:\/\/www.justretail.news\/latam\/noticias\/mattel-refuerza-su-logistica-en-mexico-a-traves-de-una-alianza-con-dhl\/#breadcrumb"},"inLanguage":"es","potentialAction":[{"@type":"ReadAction","target":["https:\/\/www.justretail.news\/latam\/noticias\/mattel-refuerza-su-logistica-en-mexico-a-traves-de-una-alianza-con-dhl\/"]}]},{"@type":"ImageObject","inLanguage":"es","@id":"https:\/\/www.justretail.news\/latam\/noticias\/mattel-refuerza-su-logistica-en-mexico-a-traves-de-una-alianza-con-dhl\/#primaryimage","url":"https:\/\/www.justretail.news\/latam\/wp-content\/uploads\/2026\/01\/mattel-dhl1.jpg","contentUrl":"https:\/\/www.justretail.news\/latam\/wp-content\/uploads\/2026\/01\/mattel-dhl1.jpg","width":800,"height":534},{"@type":"BreadcrumbList","@id":"https:\/\/www.justretail.news\/latam\/noticias\/mattel-refuerza-su-logistica-en-mexico-a-traves-de-una-alianza-con-dhl\/#breadcrumb","itemListElement":[{"@type":"ListItem","position":1,"name":"Portada","item":"https:\/\/www.justretail.news\/latam\/"},{"@type":"ListItem","position":2,"name":"Mattel refuerza su log\u00edstica en M\u00e9xico a trav\u00e9s de una alianza con DHL"}]},{"@type":"WebSite","@id":"https:\/\/www.justretail.news\/latam\/#website","url":"https:\/\/www.justretail.news\/latam\/","name":"Just Retail Latam","description":"","publisher":{"@id":"https:\/\/www.justretail.news\/latam\/#organization"},"potentialAction":[{"@type":"SearchAction","target":{"@type":"EntryPoint","urlTemplate":"https:\/\/www.justretail.news\/latam\/?s={search_term_string}"},"query-input":{"@type":"PropertyValueSpecification","valueRequired":true,"valueName":"search_term_string"}}],"inLanguage":"es"},{"@type":"Organization","@id":"https:\/\/www.justretail.news\/latam\/#organization","name":"Just Retail Latam","url":"https:\/\/www.justretail.news\/latam\/","logo":{"@type":"ImageObject","inLanguage":"es","@id":"https:\/\/www.justretail.news\/latam\/#\/schema\/logo\/image\/","url":"https:\/\/www.justretail.news\/latam\/wp-content\/uploads\/2024\/05\/just-retail-logo-NEGRO-trans-latam-272x90_nuevo.png","contentUrl":"https:\/\/www.justretail.news\/latam\/wp-content\/uploads\/2024\/05\/just-retail-logo-NEGRO-trans-latam-272x90_nuevo.png","width":272,"height":90,"caption":"Just Retail Latam"},"image":{"@id":"https:\/\/www.justretail.news\/latam\/#\/schema\/logo\/image\/"}},{"@type":"Person","@id":"https:\/\/www.justretail.news\/latam\/#\/schema\/person\/1543b9d803b2d5751fba2211e7785c5f","name":"Redacci\u00f3n","image":{"@type":"ImageObject","inLanguage":"es","@id":"https:\/\/secure.gravatar.com\/avatar\/728f66d366b9809efe89ec232bef06263abc057cefaba166bbd45a167e648b3c?s=96&d=mm&r=g","url":"https:\/\/secure.gravatar.com\/avatar\/728f66d366b9809efe89ec232bef06263abc057cefaba166bbd45a167e648b3c?s=96&d=mm&r=g","contentUrl":"https:\/\/secure.gravatar.com\/avatar\/728f66d366b9809efe89ec232bef06263abc057cefaba166bbd45a167e648b3c?s=96&d=mm&r=g","caption":"Redacci\u00f3n"},"sameAs":["https:\/\/www.justretail.news\/latam"],"url":"https:\/\/www.justretail.news\/latam\/noticias\/author\/latam_master\/"}]}},"jetpack_featured_media_url":"https:\/\/www.justretail.news\/latam\/wp-content\/uploads\/2026\/01\/mattel-dhl1.jpg","jetpack_sharing_enabled":true,"_links":{"self":[{"href":"https:\/\/www.justretail.news\/latam\/wp-json\/wp\/v2\/posts\/5169","targetHints":{"allow":["GET"]}}],"collection":[{"href":"https:\/\/www.justretail.news\/latam\/wp-json\/wp\/v2\/posts"}],"about":[{"href":"https:\/\/www.justretail.news\/latam\/wp-json\/wp\/v2\/types\/post"}],"author":[{"embeddable":true,"href":"https:\/\/www.justretail.news\/latam\/wp-json\/wp\/v2\/users\/1"}],"replies":[{"embeddable":true,"href":"https:\/\/www.justretail.news\/latam\/wp-json\/wp\/v2\/comments?post=5169"}],"version-history":[{"count":1,"href":"https:\/\/www.justretail.news\/latam\/wp-json\/wp\/v2\/posts\/5169\/revisions"}],"predecessor-version":[{"id":5173,"href":"https:\/\/www.justretail.news\/latam\/wp-json\/wp\/v2\/posts\/5169\/revisions\/5173"}],"wp:featuredmedia":[{"embeddable":true,"href":"https:\/\/www.justretail.news\/latam\/wp-json\/wp\/v2\/media\/5172"}],"wp:attachment":[{"href":"https:\/\/www.justretail.news\/latam\/wp-json\/wp\/v2\/media?parent=5169"}],"wp:term":[{"taxonomy":"category","embeddable":true,"href":"https:\/\/www.justretail.news\/latam\/wp-json\/wp\/v2\/categories?post=5169"},{"taxonomy":"post_tag","embeddable":true,"href":"https:\/\/www.justretail.news\/latam\/wp-json\/wp\/v2\/tags?post=5169"}],"curies":[{"name":"wp","href":"https:\/\/api.w.org\/{rel}","templated":true}]}}