{"id":5428,"date":"2026-03-06T23:24:22","date_gmt":"2026-03-06T22:24:22","guid":{"rendered":"https:\/\/www.justretail.news\/latam\/?p=5428"},"modified":"2026-03-16T22:38:52","modified_gmt":"2026-03-16T21:38:52","slug":"hm-confirma-su-llegada-a-paraguay-y-refuerza-su-expansion-en-america-latina","status":"publish","type":"post","link":"https:\/\/www.justretail.news\/latam\/noticias\/hm-confirma-su-llegada-a-paraguay-y-refuerza-su-expansion-en-america-latina\/","title":{"rendered":"H&amp;M confirma su llegada a Paraguay y refuerza su expansi\u00f3n en Am\u00e9rica Latina"},"content":{"rendered":"\n<p>La expansi\u00f3n de <a href=\"\/latam\/?s=H%26M\" target=\"_blank\" rel=\"noreferrer noopener\">H&amp;M<\/a> en Am\u00e9rica Latina suma un nuevo cap\u00edtulo. El gigante sueco de la moda anunci\u00f3 que abrir\u00e1 sus primeras tiendas en Paraguay durante el tercer trimestre de 2026, en una decisi\u00f3n que refuerza su estrategia de crecimiento en mercados emergentes de la regi\u00f3n. Aunque la compa\u00f1\u00eda a\u00fan no ha revelado la ubicaci\u00f3n exacta de sus futuras tiendas ni la fecha oficial de inauguraci\u00f3n, confirm\u00f3 que el mercado paraguayo formar\u00e1 parte de su red comercial a partir del pr\u00f3ximo a\u00f1o. La llegada representa la entrada formal de la cadena en uno de los pocos pa\u00edses de Sudam\u00e9rica donde todav\u00eda no ten\u00eda presencia f\u00edsica.<\/p>\n\n\n\n<h2 class=\"wp-block-heading\">Una nueva etapa de expansi\u00f3n regional<\/h2>\n\n\n\n<p>La apertura en Paraguay se enmarca dentro de la estrategia de crecimiento de H&amp;M en Am\u00e9rica Latina, donde la firma ha consolidado su presencia en pa\u00edses como Chile, Per\u00fa y Uruguay, adem\u00e1s de avanzar recientemente en mercados de mayor escala como Brasil.<\/p>\n\n\n\n<p>La compa\u00f1\u00eda ha identificado en la regi\u00f3n una base de consumidores cada vez m\u00e1s interesada en propuestas de moda internacional a precios accesibles. Este contexto ha impulsado su expansi\u00f3n en ciudades donde el <em>retail<\/em> de moda a\u00fan presenta margen de crecimiento frente a otros mercados m\u00e1s maduros.<\/p>\n\n\n\n<p>En ese sentido, Paraguay aparece como un destino atractivo para nuevas inversiones comerciales, con un consumo en crecimiento y un sector <em>retail<\/em> que ha mostrado dinamismo en los \u00faltimos a\u00f1os, especialmente en centros comerciales y desarrollos urbanos.<\/p>\n\n\n\n<h2 class=\"wp-block-heading\">Oferta de producto y posicionamiento<\/h2>\n\n\n\n<p>De acuerdo con la compa\u00f1\u00eda, el portafolio que llegar\u00e1 al pa\u00eds incluir\u00e1 las principales categor\u00edas de la marca: moda femenina, masculina e infantil, adem\u00e1s de colecciones deportivas y la l\u00ednea de hogar.<\/p>\n\n\n\n<p>La propuesta combina dise\u00f1o contempor\u00e1neo, inspiraci\u00f3n global y precios competitivos, un modelo que ha permitido a la empresa posicionarse como uno de los referentes del llamado \u201c<em>fast fashion<\/em>\u201d a nivel internacional.<\/p>\n\n\n\n<p>En este sentido, la estrategia busca replicar en Paraguay el formato de tienda y surtido que ya opera en otros mercados latinoamericanos, acercando tendencias globales a consumidores locales con una oferta amplia y accesible.<\/p>\n\n\n\n<h2 class=\"wp-block-heading\">La visi\u00f3n de la compa\u00f1\u00eda<\/h2>\n\n\n\n<p>Desde la empresa destacan que el desembarco busca conectar con nuevos p\u00fablicos y ampliar su comunidad de clientes en la regi\u00f3n.<\/p>\n\n\n\n<p>Anna Barigazzi, responsable comercial de la marca para varios mercados de Sudam\u00e9rica, se\u00f1al\u00f3 que la compa\u00f1\u00eda ve esta expansi\u00f3n como una oportunidad para acercar su propuesta a un nuevo p\u00fablico y seguir democratizando el acceso a la moda.<\/p>\n\n\n\n<p>La ejecutiva tambi\u00e9n subray\u00f3 que la marca apuesta por combinar dise\u00f1o, creatividad y calidad con precios competitivos, una f\u00f3rmula que ha sido clave para su crecimiento internacional.<\/p>\n\n\n\n<h2 class=\"wp-block-heading\">Am\u00e9rica Latina, foco de crecimiento<\/h2>\n\n\n\n<p>La expansi\u00f3n en Paraguay forma parte de un movimiento m\u00e1s amplio del grupo por fortalecer su presencia en mercados considerados estrat\u00e9gicos para el crecimiento futuro.<\/p>\n\n\n\n<p>En los \u00faltimos a\u00f1os, H&amp;M ha priorizado la apertura de tiendas en econom\u00edas con mayor potencial de expansi\u00f3n, mientras ajusta su red comercial en regiones m\u00e1s saturadas. En paralelo, la compa\u00f1\u00eda contin\u00faa desarrollando su canal digital, que ya representa una parte relevante de sus ventas globales.<\/p>\n\n\n\n<p>Actualmente el grupo opera miles de tiendas en todo el mundo y mantiene una estrategia h\u00edbrida que combina retail f\u00edsico y comercio electr\u00f3nico para ampliar su alcance.<\/p>\n","protected":false},"excerpt":{"rendered":"<p>El gigante sueco de la moda anunci\u00f3 que abrir\u00e1 sus primeras tiendas en Paraguay durante el tercer trimestre de 2026.<\/p>\n","protected":false},"author":1,"featured_media":3996,"comment_status":"closed","ping_status":"open","sticky":false,"template":"","format":"standard","meta":{"_jetpack_memberships_contains_paid_content":false,"footnotes":""},"categories":[59,37],"tags":[362,457],"class_list":{"0":"post-5428","1":"post","2":"type-post","3":"status-publish","4":"format-standard","5":"has-post-thumbnail","7":"category-destacadas","8":"category-retailers","9":"tag-hm","10":"tag-paraguay"},"yoast_head":"<!-- This site is optimized with the Yoast SEO plugin v27.4 - https:\/\/yoast.com\/product\/yoast-seo-wordpress\/ -->\n<title>H&amp;M confirma su llegada a Paraguay y refuerza su expansi\u00f3n en Am\u00e9rica Latina - Just Retail Latam<\/title>\n<meta name=\"description\" content=\"El gigante sueco de la moda H&amp;M anunci\u00f3 que abrir\u00e1 sus primeras tiendas en Paraguay durante el tercer trimestre de 2026.\" \/>\n<meta name=\"robots\" content=\"index, follow, max-snippet:-1, max-image-preview:large, max-video-preview:-1\" \/>\n<link rel=\"canonical\" href=\"https:\/\/www.justretail.news\/latam\/noticias\/hm-confirma-su-llegada-a-paraguay-y-refuerza-su-expansion-en-america-latina\/\" \/>\n<meta property=\"og:locale\" content=\"es_ES\" \/>\n<meta property=\"og:type\" content=\"article\" \/>\n<meta property=\"og:title\" content=\"H&amp;M confirma su llegada a Paraguay y refuerza su expansi\u00f3n en Am\u00e9rica Latina - Just Retail Latam\" \/>\n<meta property=\"og:description\" content=\"El gigante sueco de la moda H&amp;M anunci\u00f3 que abrir\u00e1 sus primeras tiendas en Paraguay durante el tercer trimestre de 2026.\" \/>\n<meta property=\"og:url\" content=\"https:\/\/www.justretail.news\/latam\/noticias\/hm-confirma-su-llegada-a-paraguay-y-refuerza-su-expansion-en-america-latina\/\" \/>\n<meta property=\"og:site_name\" content=\"Just Retail Latam\" \/>\n<meta property=\"article:published_time\" content=\"2026-03-06T22:24:22+00:00\" \/>\n<meta property=\"article:modified_time\" content=\"2026-03-16T21:38:52+00:00\" \/>\n<meta property=\"og:image\" content=\"https:\/\/www.justretail.news\/latam\/wp-content\/uploads\/2025\/07\/HM-tienda-728.png\" \/>\n\t<meta property=\"og:image:width\" content=\"948\" \/>\n\t<meta property=\"og:image:height\" content=\"450\" \/>\n\t<meta property=\"og:image:type\" content=\"image\/png\" \/>\n<meta name=\"author\" content=\"Redacci\u00f3n\" \/>\n<meta name=\"twitter:card\" content=\"summary_large_image\" \/>\n<meta name=\"twitter:label1\" content=\"Escrito por\" \/>\n\t<meta name=\"twitter:data1\" content=\"Redacci\u00f3n\" \/>\n\t<meta name=\"twitter:label2\" content=\"Tiempo de lectura\" \/>\n\t<meta name=\"twitter:data2\" content=\"3 minutos\" \/>\n<script type=\"application\/ld+json\" class=\"yoast-schema-graph\">{\"@context\":\"https:\\\/\\\/schema.org\",\"@graph\":[{\"@type\":\"Article\",\"@id\":\"https:\\\/\\\/www.justretail.news\\\/latam\\\/noticias\\\/hm-confirma-su-llegada-a-paraguay-y-refuerza-su-expansion-en-america-latina\\\/#article\",\"isPartOf\":{\"@id\":\"https:\\\/\\\/www.justretail.news\\\/latam\\\/noticias\\\/hm-confirma-su-llegada-a-paraguay-y-refuerza-su-expansion-en-america-latina\\\/\"},\"author\":{\"name\":\"Redacci\u00f3n\",\"@id\":\"https:\\\/\\\/www.justretail.news\\\/latam\\\/#\\\/schema\\\/person\\\/1543b9d803b2d5751fba2211e7785c5f\"},\"headline\":\"H&amp;M confirma su llegada a Paraguay y refuerza su expansi\u00f3n en Am\u00e9rica Latina\",\"datePublished\":\"2026-03-06T22:24:22+00:00\",\"dateModified\":\"2026-03-16T21:38:52+00:00\",\"mainEntityOfPage\":{\"@id\":\"https:\\\/\\\/www.justretail.news\\\/latam\\\/noticias\\\/hm-confirma-su-llegada-a-paraguay-y-refuerza-su-expansion-en-america-latina\\\/\"},\"wordCount\":615,\"publisher\":{\"@id\":\"https:\\\/\\\/www.justretail.news\\\/latam\\\/#organization\"},\"image\":{\"@id\":\"https:\\\/\\\/www.justretail.news\\\/latam\\\/noticias\\\/hm-confirma-su-llegada-a-paraguay-y-refuerza-su-expansion-en-america-latina\\\/#primaryimage\"},\"thumbnailUrl\":\"https:\\\/\\\/www.justretail.news\\\/latam\\\/wp-content\\\/uploads\\\/2025\\\/07\\\/HM-tienda-728.png\",\"keywords\":[\"H&amp;M\",\"Paraguay\"],\"articleSection\":[\"Destacadas\",\"Retailers\"],\"inLanguage\":\"es\"},{\"@type\":\"WebPage\",\"@id\":\"https:\\\/\\\/www.justretail.news\\\/latam\\\/noticias\\\/hm-confirma-su-llegada-a-paraguay-y-refuerza-su-expansion-en-america-latina\\\/\",\"url\":\"https:\\\/\\\/www.justretail.news\\\/latam\\\/noticias\\\/hm-confirma-su-llegada-a-paraguay-y-refuerza-su-expansion-en-america-latina\\\/\",\"name\":\"H&amp;M confirma su llegada a Paraguay y refuerza su expansi\u00f3n en Am\u00e9rica Latina - Just Retail Latam\",\"isPartOf\":{\"@id\":\"https:\\\/\\\/www.justretail.news\\\/latam\\\/#website\"},\"primaryImageOfPage\":{\"@id\":\"https:\\\/\\\/www.justretail.news\\\/latam\\\/noticias\\\/hm-confirma-su-llegada-a-paraguay-y-refuerza-su-expansion-en-america-latina\\\/#primaryimage\"},\"image\":{\"@id\":\"https:\\\/\\\/www.justretail.news\\\/latam\\\/noticias\\\/hm-confirma-su-llegada-a-paraguay-y-refuerza-su-expansion-en-america-latina\\\/#primaryimage\"},\"thumbnailUrl\":\"https:\\\/\\\/www.justretail.news\\\/latam\\\/wp-content\\\/uploads\\\/2025\\\/07\\\/HM-tienda-728.png\",\"datePublished\":\"2026-03-06T22:24:22+00:00\",\"dateModified\":\"2026-03-16T21:38:52+00:00\",\"description\":\"El gigante sueco de la moda H&M anunci\u00f3 que abrir\u00e1 sus primeras tiendas en Paraguay durante el tercer trimestre de 2026.\",\"breadcrumb\":{\"@id\":\"https:\\\/\\\/www.justretail.news\\\/latam\\\/noticias\\\/hm-confirma-su-llegada-a-paraguay-y-refuerza-su-expansion-en-america-latina\\\/#breadcrumb\"},\"inLanguage\":\"es\",\"potentialAction\":[{\"@type\":\"ReadAction\",\"target\":[\"https:\\\/\\\/www.justretail.news\\\/latam\\\/noticias\\\/hm-confirma-su-llegada-a-paraguay-y-refuerza-su-expansion-en-america-latina\\\/\"]}]},{\"@type\":\"ImageObject\",\"inLanguage\":\"es\",\"@id\":\"https:\\\/\\\/www.justretail.news\\\/latam\\\/noticias\\\/hm-confirma-su-llegada-a-paraguay-y-refuerza-su-expansion-en-america-latina\\\/#primaryimage\",\"url\":\"https:\\\/\\\/www.justretail.news\\\/latam\\\/wp-content\\\/uploads\\\/2025\\\/07\\\/HM-tienda-728.png\",\"contentUrl\":\"https:\\\/\\\/www.justretail.news\\\/latam\\\/wp-content\\\/uploads\\\/2025\\\/07\\\/HM-tienda-728.png\",\"width\":948,\"height\":450,\"caption\":\"H&M\"},{\"@type\":\"BreadcrumbList\",\"@id\":\"https:\\\/\\\/www.justretail.news\\\/latam\\\/noticias\\\/hm-confirma-su-llegada-a-paraguay-y-refuerza-su-expansion-en-america-latina\\\/#breadcrumb\",\"itemListElement\":[{\"@type\":\"ListItem\",\"position\":1,\"name\":\"Portada\",\"item\":\"https:\\\/\\\/www.justretail.news\\\/latam\\\/\"},{\"@type\":\"ListItem\",\"position\":2,\"name\":\"H&amp;M confirma su llegada a Paraguay y refuerza su expansi\u00f3n en Am\u00e9rica Latina\"}]},{\"@type\":\"WebSite\",\"@id\":\"https:\\\/\\\/www.justretail.news\\\/latam\\\/#website\",\"url\":\"https:\\\/\\\/www.justretail.news\\\/latam\\\/\",\"name\":\"Just Retail Latam\",\"description\":\"\",\"publisher\":{\"@id\":\"https:\\\/\\\/www.justretail.news\\\/latam\\\/#organization\"},\"potentialAction\":[{\"@type\":\"SearchAction\",\"target\":{\"@type\":\"EntryPoint\",\"urlTemplate\":\"https:\\\/\\\/www.justretail.news\\\/latam\\\/?s={search_term_string}\"},\"query-input\":{\"@type\":\"PropertyValueSpecification\",\"valueRequired\":true,\"valueName\":\"search_term_string\"}}],\"inLanguage\":\"es\"},{\"@type\":\"Organization\",\"@id\":\"https:\\\/\\\/www.justretail.news\\\/latam\\\/#organization\",\"name\":\"Just Retail Latam\",\"url\":\"https:\\\/\\\/www.justretail.news\\\/latam\\\/\",\"logo\":{\"@type\":\"ImageObject\",\"inLanguage\":\"es\",\"@id\":\"https:\\\/\\\/www.justretail.news\\\/latam\\\/#\\\/schema\\\/logo\\\/image\\\/\",\"url\":\"https:\\\/\\\/www.justretail.news\\\/latam\\\/wp-content\\\/uploads\\\/2024\\\/05\\\/just-retail-logo-NEGRO-trans-latam-272x90_nuevo.png\",\"contentUrl\":\"https:\\\/\\\/www.justretail.news\\\/latam\\\/wp-content\\\/uploads\\\/2024\\\/05\\\/just-retail-logo-NEGRO-trans-latam-272x90_nuevo.png\",\"width\":272,\"height\":90,\"caption\":\"Just Retail Latam\"},\"image\":{\"@id\":\"https:\\\/\\\/www.justretail.news\\\/latam\\\/#\\\/schema\\\/logo\\\/image\\\/\"}},{\"@type\":\"Person\",\"@id\":\"https:\\\/\\\/www.justretail.news\\\/latam\\\/#\\\/schema\\\/person\\\/1543b9d803b2d5751fba2211e7785c5f\",\"name\":\"Redacci\u00f3n\",\"image\":{\"@type\":\"ImageObject\",\"inLanguage\":\"es\",\"@id\":\"https:\\\/\\\/secure.gravatar.com\\\/avatar\\\/728f66d366b9809efe89ec232bef06263abc057cefaba166bbd45a167e648b3c?s=96&d=mm&r=g\",\"url\":\"https:\\\/\\\/secure.gravatar.com\\\/avatar\\\/728f66d366b9809efe89ec232bef06263abc057cefaba166bbd45a167e648b3c?s=96&d=mm&r=g\",\"contentUrl\":\"https:\\\/\\\/secure.gravatar.com\\\/avatar\\\/728f66d366b9809efe89ec232bef06263abc057cefaba166bbd45a167e648b3c?s=96&d=mm&r=g\",\"caption\":\"Redacci\u00f3n\"},\"sameAs\":[\"https:\\\/\\\/www.justretail.news\\\/latam\"],\"url\":\"https:\\\/\\\/www.justretail.news\\\/latam\\\/noticias\\\/author\\\/latam_master\\\/\"}]}<\/script>\n<!-- \/ Yoast SEO plugin. -->","yoast_head_json":{"title":"H&amp;M confirma su llegada a Paraguay y refuerza su expansi\u00f3n en Am\u00e9rica Latina - Just Retail Latam","description":"El gigante sueco de la moda H&M anunci\u00f3 que abrir\u00e1 sus primeras tiendas en Paraguay durante el tercer trimestre de 2026.","robots":{"index":"index","follow":"follow","max-snippet":"max-snippet:-1","max-image-preview":"max-image-preview:large","max-video-preview":"max-video-preview:-1"},"canonical":"https:\/\/www.justretail.news\/latam\/noticias\/hm-confirma-su-llegada-a-paraguay-y-refuerza-su-expansion-en-america-latina\/","og_locale":"es_ES","og_type":"article","og_title":"H&amp;M confirma su llegada a Paraguay y refuerza su expansi\u00f3n en Am\u00e9rica Latina - Just Retail Latam","og_description":"El gigante sueco de la moda H&M anunci\u00f3 que abrir\u00e1 sus primeras tiendas en Paraguay durante el tercer trimestre de 2026.","og_url":"https:\/\/www.justretail.news\/latam\/noticias\/hm-confirma-su-llegada-a-paraguay-y-refuerza-su-expansion-en-america-latina\/","og_site_name":"Just Retail Latam","article_published_time":"2026-03-06T22:24:22+00:00","article_modified_time":"2026-03-16T21:38:52+00:00","og_image":[{"width":948,"height":450,"url":"https:\/\/www.justretail.news\/latam\/wp-content\/uploads\/2025\/07\/HM-tienda-728.png","type":"image\/png"}],"author":"Redacci\u00f3n","twitter_card":"summary_large_image","twitter_misc":{"Escrito por":"Redacci\u00f3n","Tiempo de lectura":"3 minutos"},"schema":{"@context":"https:\/\/schema.org","@graph":[{"@type":"Article","@id":"https:\/\/www.justretail.news\/latam\/noticias\/hm-confirma-su-llegada-a-paraguay-y-refuerza-su-expansion-en-america-latina\/#article","isPartOf":{"@id":"https:\/\/www.justretail.news\/latam\/noticias\/hm-confirma-su-llegada-a-paraguay-y-refuerza-su-expansion-en-america-latina\/"},"author":{"name":"Redacci\u00f3n","@id":"https:\/\/www.justretail.news\/latam\/#\/schema\/person\/1543b9d803b2d5751fba2211e7785c5f"},"headline":"H&amp;M confirma su llegada a Paraguay y refuerza su expansi\u00f3n en Am\u00e9rica Latina","datePublished":"2026-03-06T22:24:22+00:00","dateModified":"2026-03-16T21:38:52+00:00","mainEntityOfPage":{"@id":"https:\/\/www.justretail.news\/latam\/noticias\/hm-confirma-su-llegada-a-paraguay-y-refuerza-su-expansion-en-america-latina\/"},"wordCount":615,"publisher":{"@id":"https:\/\/www.justretail.news\/latam\/#organization"},"image":{"@id":"https:\/\/www.justretail.news\/latam\/noticias\/hm-confirma-su-llegada-a-paraguay-y-refuerza-su-expansion-en-america-latina\/#primaryimage"},"thumbnailUrl":"https:\/\/www.justretail.news\/latam\/wp-content\/uploads\/2025\/07\/HM-tienda-728.png","keywords":["H&amp;M","Paraguay"],"articleSection":["Destacadas","Retailers"],"inLanguage":"es"},{"@type":"WebPage","@id":"https:\/\/www.justretail.news\/latam\/noticias\/hm-confirma-su-llegada-a-paraguay-y-refuerza-su-expansion-en-america-latina\/","url":"https:\/\/www.justretail.news\/latam\/noticias\/hm-confirma-su-llegada-a-paraguay-y-refuerza-su-expansion-en-america-latina\/","name":"H&amp;M confirma su llegada a Paraguay y refuerza su expansi\u00f3n en Am\u00e9rica Latina - Just Retail Latam","isPartOf":{"@id":"https:\/\/www.justretail.news\/latam\/#website"},"primaryImageOfPage":{"@id":"https:\/\/www.justretail.news\/latam\/noticias\/hm-confirma-su-llegada-a-paraguay-y-refuerza-su-expansion-en-america-latina\/#primaryimage"},"image":{"@id":"https:\/\/www.justretail.news\/latam\/noticias\/hm-confirma-su-llegada-a-paraguay-y-refuerza-su-expansion-en-america-latina\/#primaryimage"},"thumbnailUrl":"https:\/\/www.justretail.news\/latam\/wp-content\/uploads\/2025\/07\/HM-tienda-728.png","datePublished":"2026-03-06T22:24:22+00:00","dateModified":"2026-03-16T21:38:52+00:00","description":"El gigante sueco de la moda H&M anunci\u00f3 que abrir\u00e1 sus primeras tiendas en Paraguay durante el tercer trimestre de 2026.","breadcrumb":{"@id":"https:\/\/www.justretail.news\/latam\/noticias\/hm-confirma-su-llegada-a-paraguay-y-refuerza-su-expansion-en-america-latina\/#breadcrumb"},"inLanguage":"es","potentialAction":[{"@type":"ReadAction","target":["https:\/\/www.justretail.news\/latam\/noticias\/hm-confirma-su-llegada-a-paraguay-y-refuerza-su-expansion-en-america-latina\/"]}]},{"@type":"ImageObject","inLanguage":"es","@id":"https:\/\/www.justretail.news\/latam\/noticias\/hm-confirma-su-llegada-a-paraguay-y-refuerza-su-expansion-en-america-latina\/#primaryimage","url":"https:\/\/www.justretail.news\/latam\/wp-content\/uploads\/2025\/07\/HM-tienda-728.png","contentUrl":"https:\/\/www.justretail.news\/latam\/wp-content\/uploads\/2025\/07\/HM-tienda-728.png","width":948,"height":450,"caption":"H&M"},{"@type":"BreadcrumbList","@id":"https:\/\/www.justretail.news\/latam\/noticias\/hm-confirma-su-llegada-a-paraguay-y-refuerza-su-expansion-en-america-latina\/#breadcrumb","itemListElement":[{"@type":"ListItem","position":1,"name":"Portada","item":"https:\/\/www.justretail.news\/latam\/"},{"@type":"ListItem","position":2,"name":"H&amp;M confirma su llegada a Paraguay y refuerza su expansi\u00f3n en Am\u00e9rica Latina"}]},{"@type":"WebSite","@id":"https:\/\/www.justretail.news\/latam\/#website","url":"https:\/\/www.justretail.news\/latam\/","name":"Just Retail Latam","description":"","publisher":{"@id":"https:\/\/www.justretail.news\/latam\/#organization"},"potentialAction":[{"@type":"SearchAction","target":{"@type":"EntryPoint","urlTemplate":"https:\/\/www.justretail.news\/latam\/?s={search_term_string}"},"query-input":{"@type":"PropertyValueSpecification","valueRequired":true,"valueName":"search_term_string"}}],"inLanguage":"es"},{"@type":"Organization","@id":"https:\/\/www.justretail.news\/latam\/#organization","name":"Just Retail Latam","url":"https:\/\/www.justretail.news\/latam\/","logo":{"@type":"ImageObject","inLanguage":"es","@id":"https:\/\/www.justretail.news\/latam\/#\/schema\/logo\/image\/","url":"https:\/\/www.justretail.news\/latam\/wp-content\/uploads\/2024\/05\/just-retail-logo-NEGRO-trans-latam-272x90_nuevo.png","contentUrl":"https:\/\/www.justretail.news\/latam\/wp-content\/uploads\/2024\/05\/just-retail-logo-NEGRO-trans-latam-272x90_nuevo.png","width":272,"height":90,"caption":"Just Retail Latam"},"image":{"@id":"https:\/\/www.justretail.news\/latam\/#\/schema\/logo\/image\/"}},{"@type":"Person","@id":"https:\/\/www.justretail.news\/latam\/#\/schema\/person\/1543b9d803b2d5751fba2211e7785c5f","name":"Redacci\u00f3n","image":{"@type":"ImageObject","inLanguage":"es","@id":"https:\/\/secure.gravatar.com\/avatar\/728f66d366b9809efe89ec232bef06263abc057cefaba166bbd45a167e648b3c?s=96&d=mm&r=g","url":"https:\/\/secure.gravatar.com\/avatar\/728f66d366b9809efe89ec232bef06263abc057cefaba166bbd45a167e648b3c?s=96&d=mm&r=g","contentUrl":"https:\/\/secure.gravatar.com\/avatar\/728f66d366b9809efe89ec232bef06263abc057cefaba166bbd45a167e648b3c?s=96&d=mm&r=g","caption":"Redacci\u00f3n"},"sameAs":["https:\/\/www.justretail.news\/latam"],"url":"https:\/\/www.justretail.news\/latam\/noticias\/author\/latam_master\/"}]}},"jetpack_featured_media_url":"https:\/\/www.justretail.news\/latam\/wp-content\/uploads\/2025\/07\/HM-tienda-728.png","jetpack_sharing_enabled":true,"_links":{"self":[{"href":"https:\/\/www.justretail.news\/latam\/wp-json\/wp\/v2\/posts\/5428","targetHints":{"allow":["GET"]}}],"collection":[{"href":"https:\/\/www.justretail.news\/latam\/wp-json\/wp\/v2\/posts"}],"about":[{"href":"https:\/\/www.justretail.news\/latam\/wp-json\/wp\/v2\/types\/post"}],"author":[{"embeddable":true,"href":"https:\/\/www.justretail.news\/latam\/wp-json\/wp\/v2\/users\/1"}],"replies":[{"embeddable":true,"href":"https:\/\/www.justretail.news\/latam\/wp-json\/wp\/v2\/comments?post=5428"}],"version-history":[{"count":2,"href":"https:\/\/www.justretail.news\/latam\/wp-json\/wp\/v2\/posts\/5428\/revisions"}],"predecessor-version":[{"id":5430,"href":"https:\/\/www.justretail.news\/latam\/wp-json\/wp\/v2\/posts\/5428\/revisions\/5430"}],"wp:featuredmedia":[{"embeddable":true,"href":"https:\/\/www.justretail.news\/latam\/wp-json\/wp\/v2\/media\/3996"}],"wp:attachment":[{"href":"https:\/\/www.justretail.news\/latam\/wp-json\/wp\/v2\/media?parent=5428"}],"wp:term":[{"taxonomy":"category","embeddable":true,"href":"https:\/\/www.justretail.news\/latam\/wp-json\/wp\/v2\/categories?post=5428"},{"taxonomy":"post_tag","embeddable":true,"href":"https:\/\/www.justretail.news\/latam\/wp-json\/wp\/v2\/tags?post=5428"}],"curies":[{"name":"wp","href":"https:\/\/api.w.org\/{rel}","templated":true}]}}