{"id":5434,"date":"2026-03-09T19:18:00","date_gmt":"2026-03-09T18:18:00","guid":{"rendered":"https:\/\/www.justretail.news\/latam\/?p=5434"},"modified":"2026-03-16T22:38:44","modified_gmt":"2026-03-16T21:38:44","slug":"grupo-la-comer-impulsa-sumesa-con-hasta-ocho-nuevas-aperturas-este-ano","status":"publish","type":"post","link":"https:\/\/www.justretail.news\/latam\/noticias\/grupo-la-comer-impulsa-sumesa-con-hasta-ocho-nuevas-aperturas-este-ano\/","title":{"rendered":"Grupo La Comer impulsa Sumesa con hasta ocho nuevas aperturas este a\u00f1o"},"content":{"rendered":"\n<p>La Comer refuerza su apuesta por las tiendas de autoservicio con Sumesa. El grupo mexicano se ha marcado el objetivo de <strong>duplicar su ritmo de aperturas este a\u00f1o<\/strong> y llegar a sumar entre seis y ocho nuevos establecimientos a lo largo de 2026.<\/p>\n\n\n\n<p>La expansi\u00f3n de Sumesa se enmarca en la nueva gesti\u00f3n que inici\u00f3 Grupo La Comer con el nombramiento de H\u00e9ctor de la Barreda como nuevo CEO de la compa\u00f1\u00eda. \u201c<strong>Estamos relanzando Sumesa<\/strong>, lo que incluir\u00e1 una renovaci\u00f3n del formato, expansi\u00f3n y un nuevo canal de desarrollo en t\u00e9rminos de formato de tienda de barrio\u201d, destac\u00f3 de la Berrada.<\/p>\n\n\n\n<p>En esta l\u00ednea, <strong>Sumesa apostar\u00e1 por zonas urbanas de alta densidad poblacional<\/strong>, como una novedad para la cadena. De hecho, de las pr\u00f3ximas aperturas previstas para este a\u00f1o, la empresa considera crecer fuera de Ciudad de M\u00e9xico.<\/p>\n\n\n\n<p>La red comercial de Sumesa est\u00e1 compuesta en la actualidad por trece establecimientos, once de ellos en la Ciudad de M\u00e9xico. La marca copa el 14% del portafolio de Grupo La Comer.<\/p>\n\n\n\n<p><strong>Sumesa cerr\u00f3 el ejercicio 2025 con un crecimiento del 5,3%<\/strong>, hasta 85.257 millones de pesos mexicanos. Con este nuevo enfoque, la empresa buscar\u00e1 competir con marcas consolidadas como Oxxo (FEMSA) o Tiendas 3B, seg\u00fan <em>El Economista<\/em>.<\/p>\n\n\n\n<p>Fundada en 1940, Sumesa se enfoca en el segmento de autoservicio y desde 1981 es parte de La Comer. En 2017, el grupo contempl\u00f3 la posibilidad de cerrar la marca e integrarla en otros formatos del conglomerado, pero con la pandemia del 2020 los planes cambiaron.<\/p>\n","protected":false},"excerpt":{"rendered":"<p>Sumesa concentra la mayor\u00eda de sus tiendas en CDMX, aunque este a\u00f1o prev\u00e9 crecer en otras zonas del pa\u00eds. <\/p>\n","protected":false},"author":1,"featured_media":5435,"comment_status":"closed","ping_status":"open","sticky":false,"template":"","format":"standard","meta":{"_jetpack_memberships_contains_paid_content":false,"footnotes":""},"categories":[59,37],"tags":[756,66,307],"class_list":{"0":"post-5434","1":"post","2":"type-post","3":"status-publish","4":"format-standard","5":"has-post-thumbnail","7":"category-destacadas","8":"category-retailers","9":"tag-grupo-la-comer","10":"tag-mexico","11":"tag-tiendas-de-autoservicio"},"yoast_head":"<!-- This site is optimized with the Yoast SEO plugin v27.4 - https:\/\/yoast.com\/product\/yoast-seo-wordpress\/ -->\n<title>Grupo La Comer impulsa Sumesa con hasta ocho nuevas aperturas este a\u00f1o - Just Retail Latam<\/title>\n<meta name=\"description\" content=\"La cadena de tiendas de autoservicio acelera su ritmo de aperturas y busca crecer fuera de Ciudad de M\u00e9xico.\" \/>\n<meta name=\"robots\" content=\"index, follow, max-snippet:-1, max-image-preview:large, max-video-preview:-1\" \/>\n<link rel=\"canonical\" href=\"https:\/\/www.justretail.news\/latam\/noticias\/grupo-la-comer-impulsa-sumesa-con-hasta-ocho-nuevas-aperturas-este-ano\/\" \/>\n<meta property=\"og:locale\" content=\"es_ES\" \/>\n<meta property=\"og:type\" content=\"article\" \/>\n<meta property=\"og:title\" content=\"Grupo La Comer impulsa Sumesa con hasta ocho nuevas aperturas este a\u00f1o - Just Retail Latam\" \/>\n<meta property=\"og:description\" content=\"La cadena de tiendas de autoservicio acelera su ritmo de aperturas y busca crecer fuera de Ciudad de M\u00e9xico.\" \/>\n<meta property=\"og:url\" content=\"https:\/\/www.justretail.news\/latam\/noticias\/grupo-la-comer-impulsa-sumesa-con-hasta-ocho-nuevas-aperturas-este-ano\/\" \/>\n<meta property=\"og:site_name\" content=\"Just Retail Latam\" \/>\n<meta property=\"article:published_time\" content=\"2026-03-09T18:18:00+00:00\" \/>\n<meta property=\"article:modified_time\" content=\"2026-03-16T21:38:44+00:00\" \/>\n<meta property=\"og:image\" content=\"https:\/\/www.justretail.news\/latam\/wp-content\/uploads\/2026\/03\/sumesa.jpg\" \/>\n\t<meta property=\"og:image:width\" content=\"800\" \/>\n\t<meta property=\"og:image:height\" content=\"600\" \/>\n\t<meta property=\"og:image:type\" content=\"image\/jpeg\" \/>\n<meta name=\"author\" content=\"Redacci\u00f3n\" \/>\n<meta name=\"twitter:card\" content=\"summary_large_image\" \/>\n<meta name=\"twitter:label1\" content=\"Escrito por\" \/>\n\t<meta name=\"twitter:data1\" content=\"Redacci\u00f3n\" \/>\n\t<meta name=\"twitter:label2\" content=\"Tiempo de lectura\" \/>\n\t<meta name=\"twitter:data2\" content=\"2 minutos\" \/>\n<script type=\"application\/ld+json\" class=\"yoast-schema-graph\">{\"@context\":\"https:\\\/\\\/schema.org\",\"@graph\":[{\"@type\":\"Article\",\"@id\":\"https:\\\/\\\/www.justretail.news\\\/latam\\\/noticias\\\/grupo-la-comer-impulsa-sumesa-con-hasta-ocho-nuevas-aperturas-este-ano\\\/#article\",\"isPartOf\":{\"@id\":\"https:\\\/\\\/www.justretail.news\\\/latam\\\/noticias\\\/grupo-la-comer-impulsa-sumesa-con-hasta-ocho-nuevas-aperturas-este-ano\\\/\"},\"author\":{\"name\":\"Redacci\u00f3n\",\"@id\":\"https:\\\/\\\/www.justretail.news\\\/latam\\\/#\\\/schema\\\/person\\\/1543b9d803b2d5751fba2211e7785c5f\"},\"headline\":\"Grupo La Comer impulsa Sumesa con hasta ocho nuevas aperturas este a\u00f1o\",\"datePublished\":\"2026-03-09T18:18:00+00:00\",\"dateModified\":\"2026-03-16T21:38:44+00:00\",\"mainEntityOfPage\":{\"@id\":\"https:\\\/\\\/www.justretail.news\\\/latam\\\/noticias\\\/grupo-la-comer-impulsa-sumesa-con-hasta-ocho-nuevas-aperturas-este-ano\\\/\"},\"wordCount\":270,\"publisher\":{\"@id\":\"https:\\\/\\\/www.justretail.news\\\/latam\\\/#organization\"},\"image\":{\"@id\":\"https:\\\/\\\/www.justretail.news\\\/latam\\\/noticias\\\/grupo-la-comer-impulsa-sumesa-con-hasta-ocho-nuevas-aperturas-este-ano\\\/#primaryimage\"},\"thumbnailUrl\":\"https:\\\/\\\/www.justretail.news\\\/latam\\\/wp-content\\\/uploads\\\/2026\\\/03\\\/sumesa.jpg\",\"keywords\":[\"Grupo La Comer\",\"M\u00e9xico\",\"Tiendas de autoservicio\"],\"articleSection\":[\"Destacadas\",\"Retailers\"],\"inLanguage\":\"es\"},{\"@type\":\"WebPage\",\"@id\":\"https:\\\/\\\/www.justretail.news\\\/latam\\\/noticias\\\/grupo-la-comer-impulsa-sumesa-con-hasta-ocho-nuevas-aperturas-este-ano\\\/\",\"url\":\"https:\\\/\\\/www.justretail.news\\\/latam\\\/noticias\\\/grupo-la-comer-impulsa-sumesa-con-hasta-ocho-nuevas-aperturas-este-ano\\\/\",\"name\":\"Grupo La Comer impulsa Sumesa con hasta ocho nuevas aperturas este a\u00f1o - Just Retail Latam\",\"isPartOf\":{\"@id\":\"https:\\\/\\\/www.justretail.news\\\/latam\\\/#website\"},\"primaryImageOfPage\":{\"@id\":\"https:\\\/\\\/www.justretail.news\\\/latam\\\/noticias\\\/grupo-la-comer-impulsa-sumesa-con-hasta-ocho-nuevas-aperturas-este-ano\\\/#primaryimage\"},\"image\":{\"@id\":\"https:\\\/\\\/www.justretail.news\\\/latam\\\/noticias\\\/grupo-la-comer-impulsa-sumesa-con-hasta-ocho-nuevas-aperturas-este-ano\\\/#primaryimage\"},\"thumbnailUrl\":\"https:\\\/\\\/www.justretail.news\\\/latam\\\/wp-content\\\/uploads\\\/2026\\\/03\\\/sumesa.jpg\",\"datePublished\":\"2026-03-09T18:18:00+00:00\",\"dateModified\":\"2026-03-16T21:38:44+00:00\",\"description\":\"La cadena de tiendas de autoservicio acelera su ritmo de aperturas y busca crecer fuera de Ciudad de M\u00e9xico.\",\"breadcrumb\":{\"@id\":\"https:\\\/\\\/www.justretail.news\\\/latam\\\/noticias\\\/grupo-la-comer-impulsa-sumesa-con-hasta-ocho-nuevas-aperturas-este-ano\\\/#breadcrumb\"},\"inLanguage\":\"es\",\"potentialAction\":[{\"@type\":\"ReadAction\",\"target\":[\"https:\\\/\\\/www.justretail.news\\\/latam\\\/noticias\\\/grupo-la-comer-impulsa-sumesa-con-hasta-ocho-nuevas-aperturas-este-ano\\\/\"]}]},{\"@type\":\"ImageObject\",\"inLanguage\":\"es\",\"@id\":\"https:\\\/\\\/www.justretail.news\\\/latam\\\/noticias\\\/grupo-la-comer-impulsa-sumesa-con-hasta-ocho-nuevas-aperturas-este-ano\\\/#primaryimage\",\"url\":\"https:\\\/\\\/www.justretail.news\\\/latam\\\/wp-content\\\/uploads\\\/2026\\\/03\\\/sumesa.jpg\",\"contentUrl\":\"https:\\\/\\\/www.justretail.news\\\/latam\\\/wp-content\\\/uploads\\\/2026\\\/03\\\/sumesa.jpg\",\"width\":800,\"height\":600},{\"@type\":\"BreadcrumbList\",\"@id\":\"https:\\\/\\\/www.justretail.news\\\/latam\\\/noticias\\\/grupo-la-comer-impulsa-sumesa-con-hasta-ocho-nuevas-aperturas-este-ano\\\/#breadcrumb\",\"itemListElement\":[{\"@type\":\"ListItem\",\"position\":1,\"name\":\"Portada\",\"item\":\"https:\\\/\\\/www.justretail.news\\\/latam\\\/\"},{\"@type\":\"ListItem\",\"position\":2,\"name\":\"Grupo La Comer impulsa Sumesa con hasta ocho nuevas aperturas este a\u00f1o\"}]},{\"@type\":\"WebSite\",\"@id\":\"https:\\\/\\\/www.justretail.news\\\/latam\\\/#website\",\"url\":\"https:\\\/\\\/www.justretail.news\\\/latam\\\/\",\"name\":\"Just Retail Latam\",\"description\":\"\",\"publisher\":{\"@id\":\"https:\\\/\\\/www.justretail.news\\\/latam\\\/#organization\"},\"potentialAction\":[{\"@type\":\"SearchAction\",\"target\":{\"@type\":\"EntryPoint\",\"urlTemplate\":\"https:\\\/\\\/www.justretail.news\\\/latam\\\/?s={search_term_string}\"},\"query-input\":{\"@type\":\"PropertyValueSpecification\",\"valueRequired\":true,\"valueName\":\"search_term_string\"}}],\"inLanguage\":\"es\"},{\"@type\":\"Organization\",\"@id\":\"https:\\\/\\\/www.justretail.news\\\/latam\\\/#organization\",\"name\":\"Just Retail Latam\",\"url\":\"https:\\\/\\\/www.justretail.news\\\/latam\\\/\",\"logo\":{\"@type\":\"ImageObject\",\"inLanguage\":\"es\",\"@id\":\"https:\\\/\\\/www.justretail.news\\\/latam\\\/#\\\/schema\\\/logo\\\/image\\\/\",\"url\":\"https:\\\/\\\/www.justretail.news\\\/latam\\\/wp-content\\\/uploads\\\/2024\\\/05\\\/just-retail-logo-NEGRO-trans-latam-272x90_nuevo.png\",\"contentUrl\":\"https:\\\/\\\/www.justretail.news\\\/latam\\\/wp-content\\\/uploads\\\/2024\\\/05\\\/just-retail-logo-NEGRO-trans-latam-272x90_nuevo.png\",\"width\":272,\"height\":90,\"caption\":\"Just Retail Latam\"},\"image\":{\"@id\":\"https:\\\/\\\/www.justretail.news\\\/latam\\\/#\\\/schema\\\/logo\\\/image\\\/\"}},{\"@type\":\"Person\",\"@id\":\"https:\\\/\\\/www.justretail.news\\\/latam\\\/#\\\/schema\\\/person\\\/1543b9d803b2d5751fba2211e7785c5f\",\"name\":\"Redacci\u00f3n\",\"image\":{\"@type\":\"ImageObject\",\"inLanguage\":\"es\",\"@id\":\"https:\\\/\\\/secure.gravatar.com\\\/avatar\\\/728f66d366b9809efe89ec232bef06263abc057cefaba166bbd45a167e648b3c?s=96&d=mm&r=g\",\"url\":\"https:\\\/\\\/secure.gravatar.com\\\/avatar\\\/728f66d366b9809efe89ec232bef06263abc057cefaba166bbd45a167e648b3c?s=96&d=mm&r=g\",\"contentUrl\":\"https:\\\/\\\/secure.gravatar.com\\\/avatar\\\/728f66d366b9809efe89ec232bef06263abc057cefaba166bbd45a167e648b3c?s=96&d=mm&r=g\",\"caption\":\"Redacci\u00f3n\"},\"sameAs\":[\"https:\\\/\\\/www.justretail.news\\\/latam\"],\"url\":\"https:\\\/\\\/www.justretail.news\\\/latam\\\/noticias\\\/author\\\/latam_master\\\/\"}]}<\/script>\n<!-- \/ Yoast SEO plugin. -->","yoast_head_json":{"title":"Grupo La Comer impulsa Sumesa con hasta ocho nuevas aperturas este a\u00f1o - Just Retail Latam","description":"La cadena de tiendas de autoservicio acelera su ritmo de aperturas y busca crecer fuera de Ciudad de M\u00e9xico.","robots":{"index":"index","follow":"follow","max-snippet":"max-snippet:-1","max-image-preview":"max-image-preview:large","max-video-preview":"max-video-preview:-1"},"canonical":"https:\/\/www.justretail.news\/latam\/noticias\/grupo-la-comer-impulsa-sumesa-con-hasta-ocho-nuevas-aperturas-este-ano\/","og_locale":"es_ES","og_type":"article","og_title":"Grupo La Comer impulsa Sumesa con hasta ocho nuevas aperturas este a\u00f1o - Just Retail Latam","og_description":"La cadena de tiendas de autoservicio acelera su ritmo de aperturas y busca crecer fuera de Ciudad de M\u00e9xico.","og_url":"https:\/\/www.justretail.news\/latam\/noticias\/grupo-la-comer-impulsa-sumesa-con-hasta-ocho-nuevas-aperturas-este-ano\/","og_site_name":"Just Retail Latam","article_published_time":"2026-03-09T18:18:00+00:00","article_modified_time":"2026-03-16T21:38:44+00:00","og_image":[{"width":800,"height":600,"url":"https:\/\/www.justretail.news\/latam\/wp-content\/uploads\/2026\/03\/sumesa.jpg","type":"image\/jpeg"}],"author":"Redacci\u00f3n","twitter_card":"summary_large_image","twitter_misc":{"Escrito por":"Redacci\u00f3n","Tiempo de lectura":"2 minutos"},"schema":{"@context":"https:\/\/schema.org","@graph":[{"@type":"Article","@id":"https:\/\/www.justretail.news\/latam\/noticias\/grupo-la-comer-impulsa-sumesa-con-hasta-ocho-nuevas-aperturas-este-ano\/#article","isPartOf":{"@id":"https:\/\/www.justretail.news\/latam\/noticias\/grupo-la-comer-impulsa-sumesa-con-hasta-ocho-nuevas-aperturas-este-ano\/"},"author":{"name":"Redacci\u00f3n","@id":"https:\/\/www.justretail.news\/latam\/#\/schema\/person\/1543b9d803b2d5751fba2211e7785c5f"},"headline":"Grupo La Comer impulsa Sumesa con hasta ocho nuevas aperturas este a\u00f1o","datePublished":"2026-03-09T18:18:00+00:00","dateModified":"2026-03-16T21:38:44+00:00","mainEntityOfPage":{"@id":"https:\/\/www.justretail.news\/latam\/noticias\/grupo-la-comer-impulsa-sumesa-con-hasta-ocho-nuevas-aperturas-este-ano\/"},"wordCount":270,"publisher":{"@id":"https:\/\/www.justretail.news\/latam\/#organization"},"image":{"@id":"https:\/\/www.justretail.news\/latam\/noticias\/grupo-la-comer-impulsa-sumesa-con-hasta-ocho-nuevas-aperturas-este-ano\/#primaryimage"},"thumbnailUrl":"https:\/\/www.justretail.news\/latam\/wp-content\/uploads\/2026\/03\/sumesa.jpg","keywords":["Grupo La Comer","M\u00e9xico","Tiendas de autoservicio"],"articleSection":["Destacadas","Retailers"],"inLanguage":"es"},{"@type":"WebPage","@id":"https:\/\/www.justretail.news\/latam\/noticias\/grupo-la-comer-impulsa-sumesa-con-hasta-ocho-nuevas-aperturas-este-ano\/","url":"https:\/\/www.justretail.news\/latam\/noticias\/grupo-la-comer-impulsa-sumesa-con-hasta-ocho-nuevas-aperturas-este-ano\/","name":"Grupo La Comer impulsa Sumesa con hasta ocho nuevas aperturas este a\u00f1o - Just Retail Latam","isPartOf":{"@id":"https:\/\/www.justretail.news\/latam\/#website"},"primaryImageOfPage":{"@id":"https:\/\/www.justretail.news\/latam\/noticias\/grupo-la-comer-impulsa-sumesa-con-hasta-ocho-nuevas-aperturas-este-ano\/#primaryimage"},"image":{"@id":"https:\/\/www.justretail.news\/latam\/noticias\/grupo-la-comer-impulsa-sumesa-con-hasta-ocho-nuevas-aperturas-este-ano\/#primaryimage"},"thumbnailUrl":"https:\/\/www.justretail.news\/latam\/wp-content\/uploads\/2026\/03\/sumesa.jpg","datePublished":"2026-03-09T18:18:00+00:00","dateModified":"2026-03-16T21:38:44+00:00","description":"La cadena de tiendas de autoservicio acelera su ritmo de aperturas y busca crecer fuera de Ciudad de M\u00e9xico.","breadcrumb":{"@id":"https:\/\/www.justretail.news\/latam\/noticias\/grupo-la-comer-impulsa-sumesa-con-hasta-ocho-nuevas-aperturas-este-ano\/#breadcrumb"},"inLanguage":"es","potentialAction":[{"@type":"ReadAction","target":["https:\/\/www.justretail.news\/latam\/noticias\/grupo-la-comer-impulsa-sumesa-con-hasta-ocho-nuevas-aperturas-este-ano\/"]}]},{"@type":"ImageObject","inLanguage":"es","@id":"https:\/\/www.justretail.news\/latam\/noticias\/grupo-la-comer-impulsa-sumesa-con-hasta-ocho-nuevas-aperturas-este-ano\/#primaryimage","url":"https:\/\/www.justretail.news\/latam\/wp-content\/uploads\/2026\/03\/sumesa.jpg","contentUrl":"https:\/\/www.justretail.news\/latam\/wp-content\/uploads\/2026\/03\/sumesa.jpg","width":800,"height":600},{"@type":"BreadcrumbList","@id":"https:\/\/www.justretail.news\/latam\/noticias\/grupo-la-comer-impulsa-sumesa-con-hasta-ocho-nuevas-aperturas-este-ano\/#breadcrumb","itemListElement":[{"@type":"ListItem","position":1,"name":"Portada","item":"https:\/\/www.justretail.news\/latam\/"},{"@type":"ListItem","position":2,"name":"Grupo La Comer impulsa Sumesa con hasta ocho nuevas aperturas este a\u00f1o"}]},{"@type":"WebSite","@id":"https:\/\/www.justretail.news\/latam\/#website","url":"https:\/\/www.justretail.news\/latam\/","name":"Just Retail Latam","description":"","publisher":{"@id":"https:\/\/www.justretail.news\/latam\/#organization"},"potentialAction":[{"@type":"SearchAction","target":{"@type":"EntryPoint","urlTemplate":"https:\/\/www.justretail.news\/latam\/?s={search_term_string}"},"query-input":{"@type":"PropertyValueSpecification","valueRequired":true,"valueName":"search_term_string"}}],"inLanguage":"es"},{"@type":"Organization","@id":"https:\/\/www.justretail.news\/latam\/#organization","name":"Just Retail Latam","url":"https:\/\/www.justretail.news\/latam\/","logo":{"@type":"ImageObject","inLanguage":"es","@id":"https:\/\/www.justretail.news\/latam\/#\/schema\/logo\/image\/","url":"https:\/\/www.justretail.news\/latam\/wp-content\/uploads\/2024\/05\/just-retail-logo-NEGRO-trans-latam-272x90_nuevo.png","contentUrl":"https:\/\/www.justretail.news\/latam\/wp-content\/uploads\/2024\/05\/just-retail-logo-NEGRO-trans-latam-272x90_nuevo.png","width":272,"height":90,"caption":"Just Retail Latam"},"image":{"@id":"https:\/\/www.justretail.news\/latam\/#\/schema\/logo\/image\/"}},{"@type":"Person","@id":"https:\/\/www.justretail.news\/latam\/#\/schema\/person\/1543b9d803b2d5751fba2211e7785c5f","name":"Redacci\u00f3n","image":{"@type":"ImageObject","inLanguage":"es","@id":"https:\/\/secure.gravatar.com\/avatar\/728f66d366b9809efe89ec232bef06263abc057cefaba166bbd45a167e648b3c?s=96&d=mm&r=g","url":"https:\/\/secure.gravatar.com\/avatar\/728f66d366b9809efe89ec232bef06263abc057cefaba166bbd45a167e648b3c?s=96&d=mm&r=g","contentUrl":"https:\/\/secure.gravatar.com\/avatar\/728f66d366b9809efe89ec232bef06263abc057cefaba166bbd45a167e648b3c?s=96&d=mm&r=g","caption":"Redacci\u00f3n"},"sameAs":["https:\/\/www.justretail.news\/latam"],"url":"https:\/\/www.justretail.news\/latam\/noticias\/author\/latam_master\/"}]}},"jetpack_featured_media_url":"https:\/\/www.justretail.news\/latam\/wp-content\/uploads\/2026\/03\/sumesa.jpg","jetpack_sharing_enabled":true,"_links":{"self":[{"href":"https:\/\/www.justretail.news\/latam\/wp-json\/wp\/v2\/posts\/5434","targetHints":{"allow":["GET"]}}],"collection":[{"href":"https:\/\/www.justretail.news\/latam\/wp-json\/wp\/v2\/posts"}],"about":[{"href":"https:\/\/www.justretail.news\/latam\/wp-json\/wp\/v2\/types\/post"}],"author":[{"embeddable":true,"href":"https:\/\/www.justretail.news\/latam\/wp-json\/wp\/v2\/users\/1"}],"replies":[{"embeddable":true,"href":"https:\/\/www.justretail.news\/latam\/wp-json\/wp\/v2\/comments?post=5434"}],"version-history":[{"count":1,"href":"https:\/\/www.justretail.news\/latam\/wp-json\/wp\/v2\/posts\/5434\/revisions"}],"predecessor-version":[{"id":5436,"href":"https:\/\/www.justretail.news\/latam\/wp-json\/wp\/v2\/posts\/5434\/revisions\/5436"}],"wp:featuredmedia":[{"embeddable":true,"href":"https:\/\/www.justretail.news\/latam\/wp-json\/wp\/v2\/media\/5435"}],"wp:attachment":[{"href":"https:\/\/www.justretail.news\/latam\/wp-json\/wp\/v2\/media?parent=5434"}],"wp:term":[{"taxonomy":"category","embeddable":true,"href":"https:\/\/www.justretail.news\/latam\/wp-json\/wp\/v2\/categories?post=5434"},{"taxonomy":"post_tag","embeddable":true,"href":"https:\/\/www.justretail.news\/latam\/wp-json\/wp\/v2\/tags?post=5434"}],"curies":[{"name":"wp","href":"https:\/\/api.w.org\/{rel}","templated":true}]}}