{"id":5453,"date":"2026-03-11T21:32:43","date_gmt":"2026-03-11T20:32:43","guid":{"rendered":"https:\/\/www.justretail.news\/latam\/?p=5453"},"modified":"2026-03-11T21:32:44","modified_gmt":"2026-03-11T20:32:44","slug":"grupo-exito-refuerza-super-inter-con-una-nueva-apertura-en-valle-del-cauca-y-eje-cafetero","status":"publish","type":"post","link":"https:\/\/www.justretail.news\/latam\/noticias\/grupo-exito-refuerza-super-inter-con-una-nueva-apertura-en-valle-del-cauca-y-eje-cafetero\/","title":{"rendered":"Grupo \u00c9xito refuerza Super Inter con una nueva apertura en Valle del Cauca y Eje Cafetero"},"content":{"rendered":"\n<p>Grupo \u00c9xito fortalece su operaci\u00f3n en el Valle del Cauca y Eje Cafetero con una apertura de Super Inter. La compa\u00f1\u00eda colombiana <strong>extiende su oferta de precios bajos y descuentos<\/strong> con iniciativas como <em>D\u00edas Tem\u00e1ticos<\/em>, <em>Canasta del Ahorro<\/em>, <em>Mega Ofertas<\/em>, etc en estas regiones de Colombia.<\/p>\n\n\n\n<p>Tal como lo hace con \u00c9xito y Carulla, Super Inter busca con esta iniciativa <strong>generar un impacto real en el bolsillo de los hogares<\/strong> y acompa\u00f1ar a las familias con opciones accesibles y permanentes.<\/p>\n\n\n\n<p>\u201cContribuimos al desarrollo de la regi\u00f3n mediante la generaci\u00f3n de m\u00e1s de 4.000 empleos directos en el Valle del Cauca y el Eje Cafetero\u201d, destac\u00f3 en un comunicado Ana Mar\u00eda Lopera, gerente de marketing de Grupo \u00c9xito.<\/p>\n\n\n\n<p>La empresa colombiana promueve <strong>el consumo de proximidad, trabajando con m\u00e1s de 280 proveedores <\/strong>del Valle del Cauca y el Eje Cafetero, ofreciendo los productos en 41 Super Inter, 35 \u00c9xito y 16 tiendas Carulla.<\/p>\n\n\n\n<p>El mes pasado, Grupo \u00c9xito anunci\u00f3 la inversi\u00f3n de 10.780 millones de pesos colombianos para reconvertir sus supermercados Super Inter, presentes en el Eje Cafetero y Valle del Cauca, a sus dos marcas \u00c9xito y Carulla.<\/p>\n\n\n\n<p>El retailer colombiano <a href=\"https:\/\/www.justretail.news\/latam\/noticias\/grupo-exito-transformara-40-establecimientos\/\">ya hab\u00eda anticipado<\/a> hace m\u00e1s de un a\u00f1o su plan de transformar cuarenta establecimientos, no s\u00f3lo de Super Inter sino tambi\u00e9n de sus marcas Surti Max y Surti Mayorista.<\/p>\n\n\n\n<p>En concreto, la empresa reconvirti\u00f3 seis supermercados de la cadena en el Valle del Cauca, cubriendo una superficie de m\u00e1s de 7.000 m2. Grupo \u00c9xito prev\u00e9 que este proceso de unificaci\u00f3n tardar\u00e1 un poco m\u00e1s de dos a\u00f1os.<\/p>\n","protected":false},"excerpt":{"rendered":"<p>Super Inter ofrecer\u00e1 campa\u00f1as especiales de descuentos para generar un impacto real en el bolsillo de los hogares. <\/p>\n","protected":false},"author":5,"featured_media":5454,"comment_status":"closed","ping_status":"open","sticky":false,"template":"","format":"standard","meta":{"_jetpack_memberships_contains_paid_content":false,"footnotes":""},"categories":[37],"tags":[78,211],"class_list":{"0":"post-5453","1":"post","2":"type-post","3":"status-publish","4":"format-standard","5":"has-post-thumbnail","7":"category-retailers","8":"tag-colombia","9":"tag-grupo-exito"},"yoast_head":"<!-- This site is optimized with the Yoast SEO plugin v27.4 - https:\/\/yoast.com\/product\/yoast-seo-wordpress\/ -->\n<title>Grupo \u00c9xito refuerza Super Inter con una nueva apertura en Valle del Cauca y Eje Cafetero - Just Retail Latam<\/title>\n<meta name=\"description\" content=\"El retailer colombiano est\u00e1 en proceso de reconvertir las tiendas de Super Inter en el Valle del Cauca y Eje Cafetero.\" \/>\n<meta name=\"robots\" content=\"index, follow, max-snippet:-1, max-image-preview:large, max-video-preview:-1\" \/>\n<link rel=\"canonical\" href=\"https:\/\/www.justretail.news\/latam\/noticias\/grupo-exito-refuerza-super-inter-con-una-nueva-apertura-en-valle-del-cauca-y-eje-cafetero\/\" \/>\n<meta property=\"og:locale\" content=\"es_ES\" \/>\n<meta property=\"og:type\" content=\"article\" \/>\n<meta property=\"og:title\" content=\"Grupo \u00c9xito refuerza Super Inter con una nueva apertura en Valle del Cauca y Eje Cafetero - Just Retail Latam\" \/>\n<meta property=\"og:description\" content=\"El retailer colombiano est\u00e1 en proceso de reconvertir las tiendas de Super Inter en el Valle del Cauca y Eje Cafetero.\" \/>\n<meta property=\"og:url\" content=\"https:\/\/www.justretail.news\/latam\/noticias\/grupo-exito-refuerza-super-inter-con-una-nueva-apertura-en-valle-del-cauca-y-eje-cafetero\/\" \/>\n<meta property=\"og:site_name\" content=\"Just Retail Latam\" \/>\n<meta property=\"article:published_time\" content=\"2026-03-11T20:32:43+00:00\" \/>\n<meta property=\"article:modified_time\" content=\"2026-03-11T20:32:44+00:00\" \/>\n<meta property=\"og:image\" content=\"https:\/\/www.justretail.news\/latam\/wp-content\/uploads\/2026\/03\/super-inter-grupo-exito.jpg\" \/>\n\t<meta property=\"og:image:width\" content=\"800\" \/>\n\t<meta property=\"og:image:height\" content=\"600\" \/>\n\t<meta property=\"og:image:type\" content=\"image\/jpeg\" \/>\n<meta name=\"author\" content=\"Maria\" \/>\n<meta name=\"twitter:card\" content=\"summary_large_image\" \/>\n<meta name=\"twitter:label1\" content=\"Escrito por\" \/>\n\t<meta name=\"twitter:data1\" content=\"Maria\" \/>\n\t<meta name=\"twitter:label2\" content=\"Tiempo de lectura\" \/>\n\t<meta name=\"twitter:data2\" content=\"2 minutos\" \/>\n<script type=\"application\/ld+json\" class=\"yoast-schema-graph\">{\"@context\":\"https:\\\/\\\/schema.org\",\"@graph\":[{\"@type\":\"Article\",\"@id\":\"https:\\\/\\\/www.justretail.news\\\/latam\\\/noticias\\\/grupo-exito-refuerza-super-inter-con-una-nueva-apertura-en-valle-del-cauca-y-eje-cafetero\\\/#article\",\"isPartOf\":{\"@id\":\"https:\\\/\\\/www.justretail.news\\\/latam\\\/noticias\\\/grupo-exito-refuerza-super-inter-con-una-nueva-apertura-en-valle-del-cauca-y-eje-cafetero\\\/\"},\"author\":{\"name\":\"Maria\",\"@id\":\"https:\\\/\\\/www.justretail.news\\\/latam\\\/#\\\/schema\\\/person\\\/4e6a28be0434490d2692d680dc723ab8\"},\"headline\":\"Grupo \u00c9xito refuerza Super Inter con una nueva apertura en Valle del Cauca y Eje Cafetero\",\"datePublished\":\"2026-03-11T20:32:43+00:00\",\"dateModified\":\"2026-03-11T20:32:44+00:00\",\"mainEntityOfPage\":{\"@id\":\"https:\\\/\\\/www.justretail.news\\\/latam\\\/noticias\\\/grupo-exito-refuerza-super-inter-con-una-nueva-apertura-en-valle-del-cauca-y-eje-cafetero\\\/\"},\"wordCount\":287,\"publisher\":{\"@id\":\"https:\\\/\\\/www.justretail.news\\\/latam\\\/#organization\"},\"image\":{\"@id\":\"https:\\\/\\\/www.justretail.news\\\/latam\\\/noticias\\\/grupo-exito-refuerza-super-inter-con-una-nueva-apertura-en-valle-del-cauca-y-eje-cafetero\\\/#primaryimage\"},\"thumbnailUrl\":\"https:\\\/\\\/www.justretail.news\\\/latam\\\/wp-content\\\/uploads\\\/2026\\\/03\\\/super-inter-grupo-exito.jpg\",\"keywords\":[\"Colombia\",\"Grupo \u00c9xito\"],\"articleSection\":[\"Retailers\"],\"inLanguage\":\"es\"},{\"@type\":\"WebPage\",\"@id\":\"https:\\\/\\\/www.justretail.news\\\/latam\\\/noticias\\\/grupo-exito-refuerza-super-inter-con-una-nueva-apertura-en-valle-del-cauca-y-eje-cafetero\\\/\",\"url\":\"https:\\\/\\\/www.justretail.news\\\/latam\\\/noticias\\\/grupo-exito-refuerza-super-inter-con-una-nueva-apertura-en-valle-del-cauca-y-eje-cafetero\\\/\",\"name\":\"Grupo \u00c9xito refuerza Super Inter con una nueva apertura en Valle del Cauca y Eje Cafetero - Just Retail Latam\",\"isPartOf\":{\"@id\":\"https:\\\/\\\/www.justretail.news\\\/latam\\\/#website\"},\"primaryImageOfPage\":{\"@id\":\"https:\\\/\\\/www.justretail.news\\\/latam\\\/noticias\\\/grupo-exito-refuerza-super-inter-con-una-nueva-apertura-en-valle-del-cauca-y-eje-cafetero\\\/#primaryimage\"},\"image\":{\"@id\":\"https:\\\/\\\/www.justretail.news\\\/latam\\\/noticias\\\/grupo-exito-refuerza-super-inter-con-una-nueva-apertura-en-valle-del-cauca-y-eje-cafetero\\\/#primaryimage\"},\"thumbnailUrl\":\"https:\\\/\\\/www.justretail.news\\\/latam\\\/wp-content\\\/uploads\\\/2026\\\/03\\\/super-inter-grupo-exito.jpg\",\"datePublished\":\"2026-03-11T20:32:43+00:00\",\"dateModified\":\"2026-03-11T20:32:44+00:00\",\"description\":\"El retailer colombiano est\u00e1 en proceso de reconvertir las tiendas de Super Inter en el Valle del Cauca y Eje Cafetero.\",\"breadcrumb\":{\"@id\":\"https:\\\/\\\/www.justretail.news\\\/latam\\\/noticias\\\/grupo-exito-refuerza-super-inter-con-una-nueva-apertura-en-valle-del-cauca-y-eje-cafetero\\\/#breadcrumb\"},\"inLanguage\":\"es\",\"potentialAction\":[{\"@type\":\"ReadAction\",\"target\":[\"https:\\\/\\\/www.justretail.news\\\/latam\\\/noticias\\\/grupo-exito-refuerza-super-inter-con-una-nueva-apertura-en-valle-del-cauca-y-eje-cafetero\\\/\"]}]},{\"@type\":\"ImageObject\",\"inLanguage\":\"es\",\"@id\":\"https:\\\/\\\/www.justretail.news\\\/latam\\\/noticias\\\/grupo-exito-refuerza-super-inter-con-una-nueva-apertura-en-valle-del-cauca-y-eje-cafetero\\\/#primaryimage\",\"url\":\"https:\\\/\\\/www.justretail.news\\\/latam\\\/wp-content\\\/uploads\\\/2026\\\/03\\\/super-inter-grupo-exito.jpg\",\"contentUrl\":\"https:\\\/\\\/www.justretail.news\\\/latam\\\/wp-content\\\/uploads\\\/2026\\\/03\\\/super-inter-grupo-exito.jpg\",\"width\":800,\"height\":600},{\"@type\":\"BreadcrumbList\",\"@id\":\"https:\\\/\\\/www.justretail.news\\\/latam\\\/noticias\\\/grupo-exito-refuerza-super-inter-con-una-nueva-apertura-en-valle-del-cauca-y-eje-cafetero\\\/#breadcrumb\",\"itemListElement\":[{\"@type\":\"ListItem\",\"position\":1,\"name\":\"Portada\",\"item\":\"https:\\\/\\\/www.justretail.news\\\/latam\\\/\"},{\"@type\":\"ListItem\",\"position\":2,\"name\":\"Grupo \u00c9xito refuerza Super Inter con una nueva apertura en Valle del Cauca y Eje Cafetero\"}]},{\"@type\":\"WebSite\",\"@id\":\"https:\\\/\\\/www.justretail.news\\\/latam\\\/#website\",\"url\":\"https:\\\/\\\/www.justretail.news\\\/latam\\\/\",\"name\":\"Just Retail Latam\",\"description\":\"\",\"publisher\":{\"@id\":\"https:\\\/\\\/www.justretail.news\\\/latam\\\/#organization\"},\"potentialAction\":[{\"@type\":\"SearchAction\",\"target\":{\"@type\":\"EntryPoint\",\"urlTemplate\":\"https:\\\/\\\/www.justretail.news\\\/latam\\\/?s={search_term_string}\"},\"query-input\":{\"@type\":\"PropertyValueSpecification\",\"valueRequired\":true,\"valueName\":\"search_term_string\"}}],\"inLanguage\":\"es\"},{\"@type\":\"Organization\",\"@id\":\"https:\\\/\\\/www.justretail.news\\\/latam\\\/#organization\",\"name\":\"Just Retail Latam\",\"url\":\"https:\\\/\\\/www.justretail.news\\\/latam\\\/\",\"logo\":{\"@type\":\"ImageObject\",\"inLanguage\":\"es\",\"@id\":\"https:\\\/\\\/www.justretail.news\\\/latam\\\/#\\\/schema\\\/logo\\\/image\\\/\",\"url\":\"https:\\\/\\\/www.justretail.news\\\/latam\\\/wp-content\\\/uploads\\\/2024\\\/05\\\/just-retail-logo-NEGRO-trans-latam-272x90_nuevo.png\",\"contentUrl\":\"https:\\\/\\\/www.justretail.news\\\/latam\\\/wp-content\\\/uploads\\\/2024\\\/05\\\/just-retail-logo-NEGRO-trans-latam-272x90_nuevo.png\",\"width\":272,\"height\":90,\"caption\":\"Just Retail Latam\"},\"image\":{\"@id\":\"https:\\\/\\\/www.justretail.news\\\/latam\\\/#\\\/schema\\\/logo\\\/image\\\/\"}},{\"@type\":\"Person\",\"@id\":\"https:\\\/\\\/www.justretail.news\\\/latam\\\/#\\\/schema\\\/person\\\/4e6a28be0434490d2692d680dc723ab8\",\"name\":\"Maria\",\"image\":{\"@type\":\"ImageObject\",\"inLanguage\":\"es\",\"@id\":\"https:\\\/\\\/secure.gravatar.com\\\/avatar\\\/77f7b279ccd9646254ab1a8cd4cb93662898ba819c8bba3e318cb16ffec365e7?s=96&d=mm&r=g\",\"url\":\"https:\\\/\\\/secure.gravatar.com\\\/avatar\\\/77f7b279ccd9646254ab1a8cd4cb93662898ba819c8bba3e318cb16ffec365e7?s=96&d=mm&r=g\",\"contentUrl\":\"https:\\\/\\\/secure.gravatar.com\\\/avatar\\\/77f7b279ccd9646254ab1a8cd4cb93662898ba819c8bba3e318cb16ffec365e7?s=96&d=mm&r=g\",\"caption\":\"Maria\"},\"url\":\"https:\\\/\\\/www.justretail.news\\\/latam\\\/noticias\\\/author\\\/maria\\\/\"}]}<\/script>\n<!-- \/ Yoast SEO plugin. -->","yoast_head_json":{"title":"Grupo \u00c9xito refuerza Super Inter con una nueva apertura en Valle del Cauca y Eje Cafetero - Just Retail Latam","description":"El retailer colombiano est\u00e1 en proceso de reconvertir las tiendas de Super Inter en el Valle del Cauca y Eje Cafetero.","robots":{"index":"index","follow":"follow","max-snippet":"max-snippet:-1","max-image-preview":"max-image-preview:large","max-video-preview":"max-video-preview:-1"},"canonical":"https:\/\/www.justretail.news\/latam\/noticias\/grupo-exito-refuerza-super-inter-con-una-nueva-apertura-en-valle-del-cauca-y-eje-cafetero\/","og_locale":"es_ES","og_type":"article","og_title":"Grupo \u00c9xito refuerza Super Inter con una nueva apertura en Valle del Cauca y Eje Cafetero - Just Retail Latam","og_description":"El retailer colombiano est\u00e1 en proceso de reconvertir las tiendas de Super Inter en el Valle del Cauca y Eje Cafetero.","og_url":"https:\/\/www.justretail.news\/latam\/noticias\/grupo-exito-refuerza-super-inter-con-una-nueva-apertura-en-valle-del-cauca-y-eje-cafetero\/","og_site_name":"Just Retail Latam","article_published_time":"2026-03-11T20:32:43+00:00","article_modified_time":"2026-03-11T20:32:44+00:00","og_image":[{"width":800,"height":600,"url":"https:\/\/www.justretail.news\/latam\/wp-content\/uploads\/2026\/03\/super-inter-grupo-exito.jpg","type":"image\/jpeg"}],"author":"Maria","twitter_card":"summary_large_image","twitter_misc":{"Escrito por":"Maria","Tiempo de lectura":"2 minutos"},"schema":{"@context":"https:\/\/schema.org","@graph":[{"@type":"Article","@id":"https:\/\/www.justretail.news\/latam\/noticias\/grupo-exito-refuerza-super-inter-con-una-nueva-apertura-en-valle-del-cauca-y-eje-cafetero\/#article","isPartOf":{"@id":"https:\/\/www.justretail.news\/latam\/noticias\/grupo-exito-refuerza-super-inter-con-una-nueva-apertura-en-valle-del-cauca-y-eje-cafetero\/"},"author":{"name":"Maria","@id":"https:\/\/www.justretail.news\/latam\/#\/schema\/person\/4e6a28be0434490d2692d680dc723ab8"},"headline":"Grupo \u00c9xito refuerza Super Inter con una nueva apertura en Valle del Cauca y Eje Cafetero","datePublished":"2026-03-11T20:32:43+00:00","dateModified":"2026-03-11T20:32:44+00:00","mainEntityOfPage":{"@id":"https:\/\/www.justretail.news\/latam\/noticias\/grupo-exito-refuerza-super-inter-con-una-nueva-apertura-en-valle-del-cauca-y-eje-cafetero\/"},"wordCount":287,"publisher":{"@id":"https:\/\/www.justretail.news\/latam\/#organization"},"image":{"@id":"https:\/\/www.justretail.news\/latam\/noticias\/grupo-exito-refuerza-super-inter-con-una-nueva-apertura-en-valle-del-cauca-y-eje-cafetero\/#primaryimage"},"thumbnailUrl":"https:\/\/www.justretail.news\/latam\/wp-content\/uploads\/2026\/03\/super-inter-grupo-exito.jpg","keywords":["Colombia","Grupo \u00c9xito"],"articleSection":["Retailers"],"inLanguage":"es"},{"@type":"WebPage","@id":"https:\/\/www.justretail.news\/latam\/noticias\/grupo-exito-refuerza-super-inter-con-una-nueva-apertura-en-valle-del-cauca-y-eje-cafetero\/","url":"https:\/\/www.justretail.news\/latam\/noticias\/grupo-exito-refuerza-super-inter-con-una-nueva-apertura-en-valle-del-cauca-y-eje-cafetero\/","name":"Grupo \u00c9xito refuerza Super Inter con una nueva apertura en Valle del Cauca y Eje Cafetero - Just Retail Latam","isPartOf":{"@id":"https:\/\/www.justretail.news\/latam\/#website"},"primaryImageOfPage":{"@id":"https:\/\/www.justretail.news\/latam\/noticias\/grupo-exito-refuerza-super-inter-con-una-nueva-apertura-en-valle-del-cauca-y-eje-cafetero\/#primaryimage"},"image":{"@id":"https:\/\/www.justretail.news\/latam\/noticias\/grupo-exito-refuerza-super-inter-con-una-nueva-apertura-en-valle-del-cauca-y-eje-cafetero\/#primaryimage"},"thumbnailUrl":"https:\/\/www.justretail.news\/latam\/wp-content\/uploads\/2026\/03\/super-inter-grupo-exito.jpg","datePublished":"2026-03-11T20:32:43+00:00","dateModified":"2026-03-11T20:32:44+00:00","description":"El retailer colombiano est\u00e1 en proceso de reconvertir las tiendas de Super Inter en el Valle del Cauca y Eje Cafetero.","breadcrumb":{"@id":"https:\/\/www.justretail.news\/latam\/noticias\/grupo-exito-refuerza-super-inter-con-una-nueva-apertura-en-valle-del-cauca-y-eje-cafetero\/#breadcrumb"},"inLanguage":"es","potentialAction":[{"@type":"ReadAction","target":["https:\/\/www.justretail.news\/latam\/noticias\/grupo-exito-refuerza-super-inter-con-una-nueva-apertura-en-valle-del-cauca-y-eje-cafetero\/"]}]},{"@type":"ImageObject","inLanguage":"es","@id":"https:\/\/www.justretail.news\/latam\/noticias\/grupo-exito-refuerza-super-inter-con-una-nueva-apertura-en-valle-del-cauca-y-eje-cafetero\/#primaryimage","url":"https:\/\/www.justretail.news\/latam\/wp-content\/uploads\/2026\/03\/super-inter-grupo-exito.jpg","contentUrl":"https:\/\/www.justretail.news\/latam\/wp-content\/uploads\/2026\/03\/super-inter-grupo-exito.jpg","width":800,"height":600},{"@type":"BreadcrumbList","@id":"https:\/\/www.justretail.news\/latam\/noticias\/grupo-exito-refuerza-super-inter-con-una-nueva-apertura-en-valle-del-cauca-y-eje-cafetero\/#breadcrumb","itemListElement":[{"@type":"ListItem","position":1,"name":"Portada","item":"https:\/\/www.justretail.news\/latam\/"},{"@type":"ListItem","position":2,"name":"Grupo \u00c9xito refuerza Super Inter con una nueva apertura en Valle del Cauca y Eje Cafetero"}]},{"@type":"WebSite","@id":"https:\/\/www.justretail.news\/latam\/#website","url":"https:\/\/www.justretail.news\/latam\/","name":"Just Retail Latam","description":"","publisher":{"@id":"https:\/\/www.justretail.news\/latam\/#organization"},"potentialAction":[{"@type":"SearchAction","target":{"@type":"EntryPoint","urlTemplate":"https:\/\/www.justretail.news\/latam\/?s={search_term_string}"},"query-input":{"@type":"PropertyValueSpecification","valueRequired":true,"valueName":"search_term_string"}}],"inLanguage":"es"},{"@type":"Organization","@id":"https:\/\/www.justretail.news\/latam\/#organization","name":"Just Retail Latam","url":"https:\/\/www.justretail.news\/latam\/","logo":{"@type":"ImageObject","inLanguage":"es","@id":"https:\/\/www.justretail.news\/latam\/#\/schema\/logo\/image\/","url":"https:\/\/www.justretail.news\/latam\/wp-content\/uploads\/2024\/05\/just-retail-logo-NEGRO-trans-latam-272x90_nuevo.png","contentUrl":"https:\/\/www.justretail.news\/latam\/wp-content\/uploads\/2024\/05\/just-retail-logo-NEGRO-trans-latam-272x90_nuevo.png","width":272,"height":90,"caption":"Just Retail Latam"},"image":{"@id":"https:\/\/www.justretail.news\/latam\/#\/schema\/logo\/image\/"}},{"@type":"Person","@id":"https:\/\/www.justretail.news\/latam\/#\/schema\/person\/4e6a28be0434490d2692d680dc723ab8","name":"Maria","image":{"@type":"ImageObject","inLanguage":"es","@id":"https:\/\/secure.gravatar.com\/avatar\/77f7b279ccd9646254ab1a8cd4cb93662898ba819c8bba3e318cb16ffec365e7?s=96&d=mm&r=g","url":"https:\/\/secure.gravatar.com\/avatar\/77f7b279ccd9646254ab1a8cd4cb93662898ba819c8bba3e318cb16ffec365e7?s=96&d=mm&r=g","contentUrl":"https:\/\/secure.gravatar.com\/avatar\/77f7b279ccd9646254ab1a8cd4cb93662898ba819c8bba3e318cb16ffec365e7?s=96&d=mm&r=g","caption":"Maria"},"url":"https:\/\/www.justretail.news\/latam\/noticias\/author\/maria\/"}]}},"jetpack_featured_media_url":"https:\/\/www.justretail.news\/latam\/wp-content\/uploads\/2026\/03\/super-inter-grupo-exito.jpg","jetpack_sharing_enabled":true,"_links":{"self":[{"href":"https:\/\/www.justretail.news\/latam\/wp-json\/wp\/v2\/posts\/5453","targetHints":{"allow":["GET"]}}],"collection":[{"href":"https:\/\/www.justretail.news\/latam\/wp-json\/wp\/v2\/posts"}],"about":[{"href":"https:\/\/www.justretail.news\/latam\/wp-json\/wp\/v2\/types\/post"}],"author":[{"embeddable":true,"href":"https:\/\/www.justretail.news\/latam\/wp-json\/wp\/v2\/users\/5"}],"replies":[{"embeddable":true,"href":"https:\/\/www.justretail.news\/latam\/wp-json\/wp\/v2\/comments?post=5453"}],"version-history":[{"count":1,"href":"https:\/\/www.justretail.news\/latam\/wp-json\/wp\/v2\/posts\/5453\/revisions"}],"predecessor-version":[{"id":5455,"href":"https:\/\/www.justretail.news\/latam\/wp-json\/wp\/v2\/posts\/5453\/revisions\/5455"}],"wp:featuredmedia":[{"embeddable":true,"href":"https:\/\/www.justretail.news\/latam\/wp-json\/wp\/v2\/media\/5454"}],"wp:attachment":[{"href":"https:\/\/www.justretail.news\/latam\/wp-json\/wp\/v2\/media?parent=5453"}],"wp:term":[{"taxonomy":"category","embeddable":true,"href":"https:\/\/www.justretail.news\/latam\/wp-json\/wp\/v2\/categories?post=5453"},{"taxonomy":"post_tag","embeddable":true,"href":"https:\/\/www.justretail.news\/latam\/wp-json\/wp\/v2\/tags?post=5453"}],"curies":[{"name":"wp","href":"https:\/\/api.w.org\/{rel}","templated":true}]}}