{"id":5750,"date":"2026-04-27T14:15:47","date_gmt":"2026-04-27T12:15:47","guid":{"rendered":"https:\/\/www.justretail.news\/latam\/?p=5750"},"modified":"2026-04-27T14:15:48","modified_gmt":"2026-04-27T12:15:48","slug":"el-grupo-mexicano-galeria-concreta-la-compra-de-la-espanola-avanza-food","status":"publish","type":"post","link":"https:\/\/www.justretail.news\/latam\/noticias\/el-grupo-mexicano-galeria-concreta-la-compra-de-la-espanola-avanza-food\/","title":{"rendered":"El grupo mexicano Galer\u00eda concreta la compra de la espa\u00f1ola Avanza Food"},"content":{"rendered":"\n<p>La espa\u00f1ola Avanza Food se salva de la liquidaci\u00f3n al encontrar nuevo due\u00f1o. El grupo mexicano Galer\u00eda ha sellado la compra de la unidad productiva de la empresa, que controla en Espa\u00f1a los restaurantes Tony Roma\u2019s y Carl\u2019s Jr.<\/p>\n\n\n\n<figure class=\"wp-block-image size-full\"><img loading=\"lazy\" decoding=\"async\" width=\"800\" height=\"711\" src=\"https:\/\/www.justretail.news\/latam\/wp-content\/uploads\/2026\/04\/carls-jr.jpg\" alt=\"\" class=\"wp-image-5754\" srcset=\"https:\/\/www.justretail.news\/latam\/wp-content\/uploads\/2026\/04\/carls-jr.jpg 800w, https:\/\/www.justretail.news\/latam\/wp-content\/uploads\/2026\/04\/carls-jr-300x267.jpg 300w, https:\/\/www.justretail.news\/latam\/wp-content\/uploads\/2026\/04\/carls-jr-768x683.jpg 768w, https:\/\/www.justretail.news\/latam\/wp-content\/uploads\/2026\/04\/carls-jr-473x420.jpg 473w, https:\/\/www.justretail.news\/latam\/wp-content\/uploads\/2026\/04\/carls-jr-150x133.jpg 150w, https:\/\/www.justretail.news\/latam\/wp-content\/uploads\/2026\/04\/carls-jr-696x619.jpg 696w\" sizes=\"auto, (max-width: 800px) 100vw, 800px\" \/><\/figure>\n\n\n\n<p>La operaci\u00f3n se concreta pese a la negativa de la banca acreedora, que hab\u00eda expresado su oposici\u00f3n a la operaci\u00f3n recientemente ante el Juzgado Mercantil N\u00famero 5 de Madrid, seg\u00fan <em>El Economista<\/em>.<\/p>\n\n\n\n<p>Cabe destacar que<strong> Avanza Food se encontraba en concurso de acreedores<\/strong> y que el pasado marzo, Galer\u00eda ya hab\u00eda manifestado su inter\u00e9s en comprar la empresa espa\u00f1ola despu\u00e9s de que Deloitte presentara un cuaderno de venta y sondeara el mercado.<\/p>\n\n\n\n<p>Sin embargo, el juzgado madrile\u00f1o termin\u00f3 autorizando la oferta de compra de Valores Met\u00e1licos (sociedad con la Grupo Galer\u00eda opera en Espa\u00f1a) para hacerse con una unidad productiva de Avanza Food.<\/p>\n\n\n\n<p>La empresa mexicana cuenta con el respaldo de CKE, masterfranquiciado estadounidense de Carl\u2019s Jr que opera como organizaci\u00f3n matriz de la marca de hamburguesas y otras cadenas como Green Burrito, Hardee\u2019s y Red Burrito.<\/p>\n\n\n\n<h2 class=\"wp-block-heading\">Qu\u00e9 compra Grupo Galer\u00eda<\/h2>\n\n\n\n<p>Con m\u00e1s de <strong>veinte a\u00f1os de experiencia en franquicias de restauraci\u00f3n<\/strong>, Avanza Food opera con dos cadenas de restaurantes en Espa\u00f1a: Tony Roma\u2019s, especializados en comida americana y Carl\u2019s Jr, de hamburguesas.<\/p>\n\n\n\n<p>Con la operaci\u00f3n, Grupo Galer\u00eda acceder\u00e1 a <strong>una red de m\u00e1s de 400 locales en Espa\u00f1a<\/strong>. Avanza Food ofrec\u00eda franquicias de ambas cadenas, adem\u00e1s del asesoramiento legal y formaci\u00f3n de personal.<\/p>\n\n\n\n<p>Grupo Galer\u00eda, por su parte, cuenta con activos cercanos a los 248 millones de euros y ventas superiores a 234 millones de euros. La empresa mexicana prev\u00e9 <strong>una inversi\u00f3n m\u00ednima de 3 millones de euros en un plazo de cinco a\u00f1os <\/strong>para resucitar las cadenas de restaurantes en Espa\u00f1a.<\/p>\n\n\n\n<p>En M\u00e9xico, Grupo Galer\u00eda gestiona otras marcas internacionales como <strong>IHOP, Buffalo Wild Wings o Dunkin<\/strong>.<\/p>\n","protected":false},"excerpt":{"rendered":"<p>Grupo Galer\u00eda pretende una inversi\u00f3n m\u00ednima de 3 millones de euros en 5 a\u00f1os para volver a impulsar Tony Roma&#8217;s y Carl&#8217;s Jr.<\/p>\n","protected":false},"author":1,"featured_media":5751,"comment_status":"closed","ping_status":"open","sticky":false,"template":"","format":"standard","meta":{"_jetpack_memberships_contains_paid_content":false,"footnotes":""},"categories":[38],"tags":[1227,1229,1226,1228],"class_list":{"0":"post-5750","1":"post","2":"type-post","3":"status-publish","4":"format-standard","5":"has-post-thumbnail","7":"category-ocio-fb","8":"tag-avanza-food","9":"tag-carls-jr","10":"tag-galeria","11":"tag-tony-romas"},"yoast_head":"<!-- This site is optimized with the Yoast SEO plugin v27.4 - https:\/\/yoast.com\/product\/yoast-seo-wordpress\/ -->\n<title>El grupo mexicano Galer\u00eda concreta la compra de la espa\u00f1ola Avanza Food - Just Retail Latam<\/title>\n<meta name=\"description\" content=\"La empresa espa\u00f1ola de franquicias de restaurantes, con m\u00e1s de 20 a\u00f1os de experiencia, se encontraba en concurso de acreedores.\" \/>\n<meta name=\"robots\" content=\"index, follow, max-snippet:-1, max-image-preview:large, max-video-preview:-1\" \/>\n<link rel=\"canonical\" href=\"https:\/\/www.justretail.news\/latam\/noticias\/el-grupo-mexicano-galeria-concreta-la-compra-de-la-espanola-avanza-food\/\" \/>\n<meta property=\"og:locale\" content=\"es_ES\" \/>\n<meta property=\"og:type\" content=\"article\" \/>\n<meta property=\"og:title\" content=\"El grupo mexicano Galer\u00eda concreta la compra de la espa\u00f1ola Avanza Food - Just Retail Latam\" \/>\n<meta property=\"og:description\" content=\"La empresa espa\u00f1ola de franquicias de restaurantes, con m\u00e1s de 20 a\u00f1os de experiencia, se encontraba en concurso de acreedores.\" \/>\n<meta property=\"og:url\" content=\"https:\/\/www.justretail.news\/latam\/noticias\/el-grupo-mexicano-galeria-concreta-la-compra-de-la-espanola-avanza-food\/\" \/>\n<meta property=\"og:site_name\" content=\"Just Retail Latam\" \/>\n<meta property=\"article:published_time\" content=\"2026-04-27T12:15:47+00:00\" \/>\n<meta property=\"article:modified_time\" content=\"2026-04-27T12:15:48+00:00\" \/>\n<meta property=\"og:image\" content=\"https:\/\/www.justretail.news\/latam\/wp-content\/uploads\/2026\/04\/tony-romas-scaled.jpg\" \/>\n\t<meta property=\"og:image:width\" content=\"800\" \/>\n\t<meta property=\"og:image:height\" content=\"533\" \/>\n\t<meta property=\"og:image:type\" content=\"image\/jpeg\" \/>\n<meta name=\"author\" content=\"Redacci\u00f3n\" \/>\n<meta name=\"twitter:card\" content=\"summary_large_image\" \/>\n<meta name=\"twitter:label1\" content=\"Escrito por\" \/>\n\t<meta name=\"twitter:data1\" content=\"Redacci\u00f3n\" \/>\n\t<meta name=\"twitter:label2\" content=\"Tiempo de lectura\" \/>\n\t<meta name=\"twitter:data2\" content=\"2 minutos\" \/>\n<script type=\"application\/ld+json\" class=\"yoast-schema-graph\">{\"@context\":\"https:\\\/\\\/schema.org\",\"@graph\":[{\"@type\":\"Article\",\"@id\":\"https:\\\/\\\/www.justretail.news\\\/latam\\\/noticias\\\/el-grupo-mexicano-galeria-concreta-la-compra-de-la-espanola-avanza-food\\\/#article\",\"isPartOf\":{\"@id\":\"https:\\\/\\\/www.justretail.news\\\/latam\\\/noticias\\\/el-grupo-mexicano-galeria-concreta-la-compra-de-la-espanola-avanza-food\\\/\"},\"author\":{\"name\":\"Redacci\u00f3n\",\"@id\":\"https:\\\/\\\/www.justretail.news\\\/latam\\\/#\\\/schema\\\/person\\\/1543b9d803b2d5751fba2211e7785c5f\"},\"headline\":\"El grupo mexicano Galer\u00eda concreta la compra de la espa\u00f1ola Avanza Food\",\"datePublished\":\"2026-04-27T12:15:47+00:00\",\"dateModified\":\"2026-04-27T12:15:48+00:00\",\"mainEntityOfPage\":{\"@id\":\"https:\\\/\\\/www.justretail.news\\\/latam\\\/noticias\\\/el-grupo-mexicano-galeria-concreta-la-compra-de-la-espanola-avanza-food\\\/\"},\"wordCount\":362,\"publisher\":{\"@id\":\"https:\\\/\\\/www.justretail.news\\\/latam\\\/#organization\"},\"image\":{\"@id\":\"https:\\\/\\\/www.justretail.news\\\/latam\\\/noticias\\\/el-grupo-mexicano-galeria-concreta-la-compra-de-la-espanola-avanza-food\\\/#primaryimage\"},\"thumbnailUrl\":\"https:\\\/\\\/www.justretail.news\\\/latam\\\/wp-content\\\/uploads\\\/2026\\\/04\\\/tony-romas-scaled.jpg\",\"keywords\":[\"Avanza Food\",\"Carl's Jr\",\"Galer\u00eda\",\"Tony Roma's\"],\"articleSection\":[\"Ocio &amp; F&amp;B\"],\"inLanguage\":\"es\"},{\"@type\":\"WebPage\",\"@id\":\"https:\\\/\\\/www.justretail.news\\\/latam\\\/noticias\\\/el-grupo-mexicano-galeria-concreta-la-compra-de-la-espanola-avanza-food\\\/\",\"url\":\"https:\\\/\\\/www.justretail.news\\\/latam\\\/noticias\\\/el-grupo-mexicano-galeria-concreta-la-compra-de-la-espanola-avanza-food\\\/\",\"name\":\"El grupo mexicano Galer\u00eda concreta la compra de la espa\u00f1ola Avanza Food - Just Retail Latam\",\"isPartOf\":{\"@id\":\"https:\\\/\\\/www.justretail.news\\\/latam\\\/#website\"},\"primaryImageOfPage\":{\"@id\":\"https:\\\/\\\/www.justretail.news\\\/latam\\\/noticias\\\/el-grupo-mexicano-galeria-concreta-la-compra-de-la-espanola-avanza-food\\\/#primaryimage\"},\"image\":{\"@id\":\"https:\\\/\\\/www.justretail.news\\\/latam\\\/noticias\\\/el-grupo-mexicano-galeria-concreta-la-compra-de-la-espanola-avanza-food\\\/#primaryimage\"},\"thumbnailUrl\":\"https:\\\/\\\/www.justretail.news\\\/latam\\\/wp-content\\\/uploads\\\/2026\\\/04\\\/tony-romas-scaled.jpg\",\"datePublished\":\"2026-04-27T12:15:47+00:00\",\"dateModified\":\"2026-04-27T12:15:48+00:00\",\"description\":\"La empresa espa\u00f1ola de franquicias de restaurantes, con m\u00e1s de 20 a\u00f1os de experiencia, se encontraba en concurso de acreedores.\",\"breadcrumb\":{\"@id\":\"https:\\\/\\\/www.justretail.news\\\/latam\\\/noticias\\\/el-grupo-mexicano-galeria-concreta-la-compra-de-la-espanola-avanza-food\\\/#breadcrumb\"},\"inLanguage\":\"es\",\"potentialAction\":[{\"@type\":\"ReadAction\",\"target\":[\"https:\\\/\\\/www.justretail.news\\\/latam\\\/noticias\\\/el-grupo-mexicano-galeria-concreta-la-compra-de-la-espanola-avanza-food\\\/\"]}]},{\"@type\":\"ImageObject\",\"inLanguage\":\"es\",\"@id\":\"https:\\\/\\\/www.justretail.news\\\/latam\\\/noticias\\\/el-grupo-mexicano-galeria-concreta-la-compra-de-la-espanola-avanza-food\\\/#primaryimage\",\"url\":\"https:\\\/\\\/www.justretail.news\\\/latam\\\/wp-content\\\/uploads\\\/2026\\\/04\\\/tony-romas-scaled.jpg\",\"contentUrl\":\"https:\\\/\\\/www.justretail.news\\\/latam\\\/wp-content\\\/uploads\\\/2026\\\/04\\\/tony-romas-scaled.jpg\",\"width\":800,\"height\":533},{\"@type\":\"BreadcrumbList\",\"@id\":\"https:\\\/\\\/www.justretail.news\\\/latam\\\/noticias\\\/el-grupo-mexicano-galeria-concreta-la-compra-de-la-espanola-avanza-food\\\/#breadcrumb\",\"itemListElement\":[{\"@type\":\"ListItem\",\"position\":1,\"name\":\"Portada\",\"item\":\"https:\\\/\\\/www.justretail.news\\\/latam\\\/\"},{\"@type\":\"ListItem\",\"position\":2,\"name\":\"El grupo mexicano Galer\u00eda concreta la compra de la espa\u00f1ola Avanza Food\"}]},{\"@type\":\"WebSite\",\"@id\":\"https:\\\/\\\/www.justretail.news\\\/latam\\\/#website\",\"url\":\"https:\\\/\\\/www.justretail.news\\\/latam\\\/\",\"name\":\"Just Retail Latam\",\"description\":\"\",\"publisher\":{\"@id\":\"https:\\\/\\\/www.justretail.news\\\/latam\\\/#organization\"},\"potentialAction\":[{\"@type\":\"SearchAction\",\"target\":{\"@type\":\"EntryPoint\",\"urlTemplate\":\"https:\\\/\\\/www.justretail.news\\\/latam\\\/?s={search_term_string}\"},\"query-input\":{\"@type\":\"PropertyValueSpecification\",\"valueRequired\":true,\"valueName\":\"search_term_string\"}}],\"inLanguage\":\"es\"},{\"@type\":\"Organization\",\"@id\":\"https:\\\/\\\/www.justretail.news\\\/latam\\\/#organization\",\"name\":\"Just Retail Latam\",\"url\":\"https:\\\/\\\/www.justretail.news\\\/latam\\\/\",\"logo\":{\"@type\":\"ImageObject\",\"inLanguage\":\"es\",\"@id\":\"https:\\\/\\\/www.justretail.news\\\/latam\\\/#\\\/schema\\\/logo\\\/image\\\/\",\"url\":\"https:\\\/\\\/www.justretail.news\\\/latam\\\/wp-content\\\/uploads\\\/2024\\\/05\\\/just-retail-logo-NEGRO-trans-latam-272x90_nuevo.png\",\"contentUrl\":\"https:\\\/\\\/www.justretail.news\\\/latam\\\/wp-content\\\/uploads\\\/2024\\\/05\\\/just-retail-logo-NEGRO-trans-latam-272x90_nuevo.png\",\"width\":272,\"height\":90,\"caption\":\"Just Retail Latam\"},\"image\":{\"@id\":\"https:\\\/\\\/www.justretail.news\\\/latam\\\/#\\\/schema\\\/logo\\\/image\\\/\"}},{\"@type\":\"Person\",\"@id\":\"https:\\\/\\\/www.justretail.news\\\/latam\\\/#\\\/schema\\\/person\\\/1543b9d803b2d5751fba2211e7785c5f\",\"name\":\"Redacci\u00f3n\",\"image\":{\"@type\":\"ImageObject\",\"inLanguage\":\"es\",\"@id\":\"https:\\\/\\\/secure.gravatar.com\\\/avatar\\\/728f66d366b9809efe89ec232bef06263abc057cefaba166bbd45a167e648b3c?s=96&d=mm&r=g\",\"url\":\"https:\\\/\\\/secure.gravatar.com\\\/avatar\\\/728f66d366b9809efe89ec232bef06263abc057cefaba166bbd45a167e648b3c?s=96&d=mm&r=g\",\"contentUrl\":\"https:\\\/\\\/secure.gravatar.com\\\/avatar\\\/728f66d366b9809efe89ec232bef06263abc057cefaba166bbd45a167e648b3c?s=96&d=mm&r=g\",\"caption\":\"Redacci\u00f3n\"},\"sameAs\":[\"https:\\\/\\\/www.justretail.news\\\/latam\"],\"url\":\"https:\\\/\\\/www.justretail.news\\\/latam\\\/noticias\\\/author\\\/latam_master\\\/\"}]}<\/script>\n<!-- \/ Yoast SEO plugin. -->","yoast_head_json":{"title":"El grupo mexicano Galer\u00eda concreta la compra de la espa\u00f1ola Avanza Food - Just Retail Latam","description":"La empresa espa\u00f1ola de franquicias de restaurantes, con m\u00e1s de 20 a\u00f1os de experiencia, se encontraba en concurso de acreedores.","robots":{"index":"index","follow":"follow","max-snippet":"max-snippet:-1","max-image-preview":"max-image-preview:large","max-video-preview":"max-video-preview:-1"},"canonical":"https:\/\/www.justretail.news\/latam\/noticias\/el-grupo-mexicano-galeria-concreta-la-compra-de-la-espanola-avanza-food\/","og_locale":"es_ES","og_type":"article","og_title":"El grupo mexicano Galer\u00eda concreta la compra de la espa\u00f1ola Avanza Food - Just Retail Latam","og_description":"La empresa espa\u00f1ola de franquicias de restaurantes, con m\u00e1s de 20 a\u00f1os de experiencia, se encontraba en concurso de acreedores.","og_url":"https:\/\/www.justretail.news\/latam\/noticias\/el-grupo-mexicano-galeria-concreta-la-compra-de-la-espanola-avanza-food\/","og_site_name":"Just Retail Latam","article_published_time":"2026-04-27T12:15:47+00:00","article_modified_time":"2026-04-27T12:15:48+00:00","og_image":[{"width":800,"height":533,"url":"https:\/\/www.justretail.news\/latam\/wp-content\/uploads\/2026\/04\/tony-romas-scaled.jpg","type":"image\/jpeg"}],"author":"Redacci\u00f3n","twitter_card":"summary_large_image","twitter_misc":{"Escrito por":"Redacci\u00f3n","Tiempo de lectura":"2 minutos"},"schema":{"@context":"https:\/\/schema.org","@graph":[{"@type":"Article","@id":"https:\/\/www.justretail.news\/latam\/noticias\/el-grupo-mexicano-galeria-concreta-la-compra-de-la-espanola-avanza-food\/#article","isPartOf":{"@id":"https:\/\/www.justretail.news\/latam\/noticias\/el-grupo-mexicano-galeria-concreta-la-compra-de-la-espanola-avanza-food\/"},"author":{"name":"Redacci\u00f3n","@id":"https:\/\/www.justretail.news\/latam\/#\/schema\/person\/1543b9d803b2d5751fba2211e7785c5f"},"headline":"El grupo mexicano Galer\u00eda concreta la compra de la espa\u00f1ola Avanza Food","datePublished":"2026-04-27T12:15:47+00:00","dateModified":"2026-04-27T12:15:48+00:00","mainEntityOfPage":{"@id":"https:\/\/www.justretail.news\/latam\/noticias\/el-grupo-mexicano-galeria-concreta-la-compra-de-la-espanola-avanza-food\/"},"wordCount":362,"publisher":{"@id":"https:\/\/www.justretail.news\/latam\/#organization"},"image":{"@id":"https:\/\/www.justretail.news\/latam\/noticias\/el-grupo-mexicano-galeria-concreta-la-compra-de-la-espanola-avanza-food\/#primaryimage"},"thumbnailUrl":"https:\/\/www.justretail.news\/latam\/wp-content\/uploads\/2026\/04\/tony-romas-scaled.jpg","keywords":["Avanza Food","Carl's Jr","Galer\u00eda","Tony Roma's"],"articleSection":["Ocio &amp; F&amp;B"],"inLanguage":"es"},{"@type":"WebPage","@id":"https:\/\/www.justretail.news\/latam\/noticias\/el-grupo-mexicano-galeria-concreta-la-compra-de-la-espanola-avanza-food\/","url":"https:\/\/www.justretail.news\/latam\/noticias\/el-grupo-mexicano-galeria-concreta-la-compra-de-la-espanola-avanza-food\/","name":"El grupo mexicano Galer\u00eda concreta la compra de la espa\u00f1ola Avanza Food - Just Retail Latam","isPartOf":{"@id":"https:\/\/www.justretail.news\/latam\/#website"},"primaryImageOfPage":{"@id":"https:\/\/www.justretail.news\/latam\/noticias\/el-grupo-mexicano-galeria-concreta-la-compra-de-la-espanola-avanza-food\/#primaryimage"},"image":{"@id":"https:\/\/www.justretail.news\/latam\/noticias\/el-grupo-mexicano-galeria-concreta-la-compra-de-la-espanola-avanza-food\/#primaryimage"},"thumbnailUrl":"https:\/\/www.justretail.news\/latam\/wp-content\/uploads\/2026\/04\/tony-romas-scaled.jpg","datePublished":"2026-04-27T12:15:47+00:00","dateModified":"2026-04-27T12:15:48+00:00","description":"La empresa espa\u00f1ola de franquicias de restaurantes, con m\u00e1s de 20 a\u00f1os de experiencia, se encontraba en concurso de acreedores.","breadcrumb":{"@id":"https:\/\/www.justretail.news\/latam\/noticias\/el-grupo-mexicano-galeria-concreta-la-compra-de-la-espanola-avanza-food\/#breadcrumb"},"inLanguage":"es","potentialAction":[{"@type":"ReadAction","target":["https:\/\/www.justretail.news\/latam\/noticias\/el-grupo-mexicano-galeria-concreta-la-compra-de-la-espanola-avanza-food\/"]}]},{"@type":"ImageObject","inLanguage":"es","@id":"https:\/\/www.justretail.news\/latam\/noticias\/el-grupo-mexicano-galeria-concreta-la-compra-de-la-espanola-avanza-food\/#primaryimage","url":"https:\/\/www.justretail.news\/latam\/wp-content\/uploads\/2026\/04\/tony-romas-scaled.jpg","contentUrl":"https:\/\/www.justretail.news\/latam\/wp-content\/uploads\/2026\/04\/tony-romas-scaled.jpg","width":800,"height":533},{"@type":"BreadcrumbList","@id":"https:\/\/www.justretail.news\/latam\/noticias\/el-grupo-mexicano-galeria-concreta-la-compra-de-la-espanola-avanza-food\/#breadcrumb","itemListElement":[{"@type":"ListItem","position":1,"name":"Portada","item":"https:\/\/www.justretail.news\/latam\/"},{"@type":"ListItem","position":2,"name":"El grupo mexicano Galer\u00eda concreta la compra de la espa\u00f1ola Avanza Food"}]},{"@type":"WebSite","@id":"https:\/\/www.justretail.news\/latam\/#website","url":"https:\/\/www.justretail.news\/latam\/","name":"Just Retail Latam","description":"","publisher":{"@id":"https:\/\/www.justretail.news\/latam\/#organization"},"potentialAction":[{"@type":"SearchAction","target":{"@type":"EntryPoint","urlTemplate":"https:\/\/www.justretail.news\/latam\/?s={search_term_string}"},"query-input":{"@type":"PropertyValueSpecification","valueRequired":true,"valueName":"search_term_string"}}],"inLanguage":"es"},{"@type":"Organization","@id":"https:\/\/www.justretail.news\/latam\/#organization","name":"Just Retail Latam","url":"https:\/\/www.justretail.news\/latam\/","logo":{"@type":"ImageObject","inLanguage":"es","@id":"https:\/\/www.justretail.news\/latam\/#\/schema\/logo\/image\/","url":"https:\/\/www.justretail.news\/latam\/wp-content\/uploads\/2024\/05\/just-retail-logo-NEGRO-trans-latam-272x90_nuevo.png","contentUrl":"https:\/\/www.justretail.news\/latam\/wp-content\/uploads\/2024\/05\/just-retail-logo-NEGRO-trans-latam-272x90_nuevo.png","width":272,"height":90,"caption":"Just Retail Latam"},"image":{"@id":"https:\/\/www.justretail.news\/latam\/#\/schema\/logo\/image\/"}},{"@type":"Person","@id":"https:\/\/www.justretail.news\/latam\/#\/schema\/person\/1543b9d803b2d5751fba2211e7785c5f","name":"Redacci\u00f3n","image":{"@type":"ImageObject","inLanguage":"es","@id":"https:\/\/secure.gravatar.com\/avatar\/728f66d366b9809efe89ec232bef06263abc057cefaba166bbd45a167e648b3c?s=96&d=mm&r=g","url":"https:\/\/secure.gravatar.com\/avatar\/728f66d366b9809efe89ec232bef06263abc057cefaba166bbd45a167e648b3c?s=96&d=mm&r=g","contentUrl":"https:\/\/secure.gravatar.com\/avatar\/728f66d366b9809efe89ec232bef06263abc057cefaba166bbd45a167e648b3c?s=96&d=mm&r=g","caption":"Redacci\u00f3n"},"sameAs":["https:\/\/www.justretail.news\/latam"],"url":"https:\/\/www.justretail.news\/latam\/noticias\/author\/latam_master\/"}]}},"jetpack_featured_media_url":"https:\/\/www.justretail.news\/latam\/wp-content\/uploads\/2026\/04\/tony-romas-scaled.jpg","jetpack_sharing_enabled":true,"_links":{"self":[{"href":"https:\/\/www.justretail.news\/latam\/wp-json\/wp\/v2\/posts\/5750","targetHints":{"allow":["GET"]}}],"collection":[{"href":"https:\/\/www.justretail.news\/latam\/wp-json\/wp\/v2\/posts"}],"about":[{"href":"https:\/\/www.justretail.news\/latam\/wp-json\/wp\/v2\/types\/post"}],"author":[{"embeddable":true,"href":"https:\/\/www.justretail.news\/latam\/wp-json\/wp\/v2\/users\/1"}],"replies":[{"embeddable":true,"href":"https:\/\/www.justretail.news\/latam\/wp-json\/wp\/v2\/comments?post=5750"}],"version-history":[{"count":2,"href":"https:\/\/www.justretail.news\/latam\/wp-json\/wp\/v2\/posts\/5750\/revisions"}],"predecessor-version":[{"id":5755,"href":"https:\/\/www.justretail.news\/latam\/wp-json\/wp\/v2\/posts\/5750\/revisions\/5755"}],"wp:featuredmedia":[{"embeddable":true,"href":"https:\/\/www.justretail.news\/latam\/wp-json\/wp\/v2\/media\/5751"}],"wp:attachment":[{"href":"https:\/\/www.justretail.news\/latam\/wp-json\/wp\/v2\/media?parent=5750"}],"wp:term":[{"taxonomy":"category","embeddable":true,"href":"https:\/\/www.justretail.news\/latam\/wp-json\/wp\/v2\/categories?post=5750"},{"taxonomy":"post_tag","embeddable":true,"href":"https:\/\/www.justretail.news\/latam\/wp-json\/wp\/v2\/tags?post=5750"}],"curies":[{"name":"wp","href":"https:\/\/api.w.org\/{rel}","templated":true}]}}