{"id":5758,"date":"2026-04-28T21:38:07","date_gmt":"2026-04-28T19:38:07","guid":{"rendered":"https:\/\/www.justretail.news\/latam\/?p=5758"},"modified":"2026-04-28T21:38:08","modified_gmt":"2026-04-28T19:38:08","slug":"mercado-libre-destina-3-millones-de-dolares-para-unas-nuevas-oficias-en-argentina","status":"publish","type":"post","link":"https:\/\/www.justretail.news\/latam\/noticias\/mercado-libre-destina-3-millones-de-dolares-para-unas-nuevas-oficias-en-argentina\/","title":{"rendered":"Mercado Libre destina 3 millones de d\u00f3lares para unas nuevas oficias en Argentina"},"content":{"rendered":"\n<p>Mercado Libre sigue reforzando su negocio corporativo en su mercado local. El gigante argentino de ecommerce anuncia el&nbsp;<strong>desarrollo de nuevas oficinas en la ciudad de Villa Allende, provincia de C\u00f3rdoba<\/strong>,&nbsp;como parte de su estrategia de crecimiento y consolidaci\u00f3n en la provincia.<\/p>\n\n\n\n<p>Parla puesta en marcha del complejo de 2.000 m2 de superficie, Mercado Libre realizar\u00e1 una&nbsp;<strong>inversi\u00f3n de 3 millones de d\u00f3lares<\/strong>. El nuevo espacio se ubicar\u00e1 en el edificio Tribeca.<\/p>\n\n\n\n<p>Actualmente,<strong>&nbsp;Mercado Libre da empleo a m\u00e1s de 1.300 personas en la ciudad de C\u00f3rdoba&nbsp;<\/strong>quienes desarrollan tareas clave en \u00e1reas tecnol\u00f3gicas y de producto. Tras el cierre de la oficina anterior en julio de 2025, el equipo continu\u00f3 operando de manera remota, garantizando la continuidad de sus proyectos y operaciones.&nbsp;<\/p>\n\n\n\n<p>\u201cC\u00f3rdoba es una plaza clave para Mercado Libre por eso buscamos un espacio que potencie la colaboraci\u00f3n, la cultura y el desarrollo profesional. Adem\u00e1s, Villa Allende re\u00fane condiciones estrat\u00e9gicas para seguir creciendo en C\u00f3rdoba como un esquema de beneficios que promueven la inversi\u00f3n y la generaci\u00f3n de empleo, y una ubicaci\u00f3n conveniente\u201d, se\u00f1al\u00f3 Juan Martin de la Serna, presidente de Mercado Libre en Argentina.<\/p>\n\n\n\n<p>Una vez finalizada la construcci\u00f3n de las oficinas, el nuevo espacio acompa\u00f1ar\u00e1 el&nbsp;<strong>modelo de trabajo h\u00edbrido<\/strong>&nbsp;de Mercado Libre, permitiendo a los empleados&nbsp;<strong>combinar instancias presenciales y remotas seg\u00fan sus din\u00e1micas y necesidades.&nbsp;<\/strong><\/p>\n\n\n\n<p>Con este proyecto, Mercado Libre reafirma su compromiso con la provincia de C\u00f3rdoba, donde <strong>impulsa el&nbsp;desarrollo tecnol\u00f3gico, la<\/strong>&nbsp;<strong>generaci\u00f3n de empleo&nbsp;y el&nbsp;crecimiento del ecosistema emprendedor<\/strong>.<\/p>\n\n\n\n<p>Mercado Libre cuenta actualmente con&nbsp;<strong>5 centros log\u00edsticos de \u00faltima milla en la provincia de C\u00f3rdoba<\/strong>, con una capacidad total de&nbsp;<strong>procesamiento de 75.000 paquetes diarios<\/strong>, y&nbsp;<strong>m\u00e1s de 17.000 PyMEs y emprendedores cordobeses que utilizan la plataforma<\/strong>&nbsp;para potenciar sus ventas y expandir sus negocios a todo el pa\u00eds.&nbsp;<\/p>\n\n\n\n<p>El mes pasado, Mercado Libre anunci\u00f3 <a href=\"https:\/\/www.justretail.news\/latam\/noticias\/mercado-libre-se-refuerza-en-su-casa-inyecta-3-400-millones-de-dolares-en-argentina\/\">otra inversi\u00f3n millonaria<\/a> con la inyecci\u00f3n de 3.400 millones de d\u00f3lares para expandir su operaci\u00f3n log\u00edstica, fortalecer su plataforma de ecommerce y profundizar el desarrollo de su sistema financiero en Argentina.<\/p>\n","protected":false},"excerpt":{"rendered":"<p>El gigante de ecommerce abrir\u00e1 unas oficinas de 2.000 m2 en la provincia argentina de C\u00f3rdoba. <\/p>\n","protected":false},"author":1,"featured_media":992,"comment_status":"closed","ping_status":"open","sticky":false,"template":"","format":"standard","meta":{"_jetpack_memberships_contains_paid_content":false,"footnotes":""},"categories":[744,37],"tags":[194,94,1230],"class_list":{"0":"post-5758","1":"post","2":"type-post","3":"status-publish","4":"format-standard","5":"has-post-thumbnail","7":"category-empresas","8":"category-retailers","9":"tag-argentina","10":"tag-mercado-libre","11":"tag-oficinas"},"yoast_head":"<!-- This site is optimized with the Yoast SEO plugin v27.4 - https:\/\/yoast.com\/product\/yoast-seo-wordpress\/ -->\n<title>Mercado Libre destina 3 millones de d\u00f3lares para unas nuevas oficias en Argentina - Just Retail Latam<\/title>\n<meta name=\"description\" content=\"El nuevo espacio estar\u00e1 disponible a partir de 2027 para los empleados del gigante de ecommerce de la provincia de C\u00f3rdoba.\" \/>\n<meta name=\"robots\" content=\"index, follow, max-snippet:-1, max-image-preview:large, max-video-preview:-1\" \/>\n<link rel=\"canonical\" href=\"https:\/\/www.justretail.news\/latam\/noticias\/mercado-libre-destina-3-millones-de-dolares-para-unas-nuevas-oficias-en-argentina\/\" \/>\n<meta property=\"og:locale\" content=\"es_ES\" \/>\n<meta property=\"og:type\" content=\"article\" \/>\n<meta property=\"og:title\" content=\"Mercado Libre destina 3 millones de d\u00f3lares para unas nuevas oficias en Argentina - Just Retail Latam\" \/>\n<meta property=\"og:description\" content=\"El nuevo espacio estar\u00e1 disponible a partir de 2027 para los empleados del gigante de ecommerce de la provincia de C\u00f3rdoba.\" \/>\n<meta property=\"og:url\" content=\"https:\/\/www.justretail.news\/latam\/noticias\/mercado-libre-destina-3-millones-de-dolares-para-unas-nuevas-oficias-en-argentina\/\" \/>\n<meta property=\"og:site_name\" content=\"Just Retail Latam\" \/>\n<meta property=\"article:published_time\" content=\"2026-04-28T19:38:07+00:00\" \/>\n<meta property=\"article:modified_time\" content=\"2026-04-28T19:38:08+00:00\" \/>\n<meta property=\"og:image\" content=\"https:\/\/www.justretail.news\/latam\/wp-content\/uploads\/2024\/08\/sedeco-y-mercado-libre-consolidan-el-comercio-electronico-de-las-pymes-en-la-ciudad-de-mexico-19599.jpg\" \/>\n\t<meta property=\"og:image:width\" content=\"940\" \/>\n\t<meta property=\"og:image:height\" content=\"470\" \/>\n\t<meta property=\"og:image:type\" content=\"image\/jpeg\" \/>\n<meta name=\"author\" content=\"Redacci\u00f3n\" \/>\n<meta name=\"twitter:card\" content=\"summary_large_image\" \/>\n<meta name=\"twitter:label1\" content=\"Escrito por\" \/>\n\t<meta name=\"twitter:data1\" content=\"Redacci\u00f3n\" \/>\n\t<meta name=\"twitter:label2\" content=\"Tiempo de lectura\" \/>\n\t<meta name=\"twitter:data2\" content=\"2 minutos\" \/>\n<script type=\"application\/ld+json\" class=\"yoast-schema-graph\">{\"@context\":\"https:\\\/\\\/schema.org\",\"@graph\":[{\"@type\":\"Article\",\"@id\":\"https:\\\/\\\/www.justretail.news\\\/latam\\\/noticias\\\/mercado-libre-destina-3-millones-de-dolares-para-unas-nuevas-oficias-en-argentina\\\/#article\",\"isPartOf\":{\"@id\":\"https:\\\/\\\/www.justretail.news\\\/latam\\\/noticias\\\/mercado-libre-destina-3-millones-de-dolares-para-unas-nuevas-oficias-en-argentina\\\/\"},\"author\":{\"name\":\"Redacci\u00f3n\",\"@id\":\"https:\\\/\\\/www.justretail.news\\\/latam\\\/#\\\/schema\\\/person\\\/1543b9d803b2d5751fba2211e7785c5f\"},\"headline\":\"Mercado Libre destina 3 millones de d\u00f3lares para unas nuevas oficias en Argentina\",\"datePublished\":\"2026-04-28T19:38:07+00:00\",\"dateModified\":\"2026-04-28T19:38:08+00:00\",\"mainEntityOfPage\":{\"@id\":\"https:\\\/\\\/www.justretail.news\\\/latam\\\/noticias\\\/mercado-libre-destina-3-millones-de-dolares-para-unas-nuevas-oficias-en-argentina\\\/\"},\"wordCount\":395,\"publisher\":{\"@id\":\"https:\\\/\\\/www.justretail.news\\\/latam\\\/#organization\"},\"image\":{\"@id\":\"https:\\\/\\\/www.justretail.news\\\/latam\\\/noticias\\\/mercado-libre-destina-3-millones-de-dolares-para-unas-nuevas-oficias-en-argentina\\\/#primaryimage\"},\"thumbnailUrl\":\"https:\\\/\\\/www.justretail.news\\\/latam\\\/wp-content\\\/uploads\\\/2024\\\/08\\\/sedeco-y-mercado-libre-consolidan-el-comercio-electronico-de-las-pymes-en-la-ciudad-de-mexico-19599.jpg\",\"keywords\":[\"Argentina\",\"mercado libre\",\"oficinas\"],\"articleSection\":[\"Empresas\",\"Retailers\"],\"inLanguage\":\"es\"},{\"@type\":\"WebPage\",\"@id\":\"https:\\\/\\\/www.justretail.news\\\/latam\\\/noticias\\\/mercado-libre-destina-3-millones-de-dolares-para-unas-nuevas-oficias-en-argentina\\\/\",\"url\":\"https:\\\/\\\/www.justretail.news\\\/latam\\\/noticias\\\/mercado-libre-destina-3-millones-de-dolares-para-unas-nuevas-oficias-en-argentina\\\/\",\"name\":\"Mercado Libre destina 3 millones de d\u00f3lares para unas nuevas oficias en Argentina - Just Retail Latam\",\"isPartOf\":{\"@id\":\"https:\\\/\\\/www.justretail.news\\\/latam\\\/#website\"},\"primaryImageOfPage\":{\"@id\":\"https:\\\/\\\/www.justretail.news\\\/latam\\\/noticias\\\/mercado-libre-destina-3-millones-de-dolares-para-unas-nuevas-oficias-en-argentina\\\/#primaryimage\"},\"image\":{\"@id\":\"https:\\\/\\\/www.justretail.news\\\/latam\\\/noticias\\\/mercado-libre-destina-3-millones-de-dolares-para-unas-nuevas-oficias-en-argentina\\\/#primaryimage\"},\"thumbnailUrl\":\"https:\\\/\\\/www.justretail.news\\\/latam\\\/wp-content\\\/uploads\\\/2024\\\/08\\\/sedeco-y-mercado-libre-consolidan-el-comercio-electronico-de-las-pymes-en-la-ciudad-de-mexico-19599.jpg\",\"datePublished\":\"2026-04-28T19:38:07+00:00\",\"dateModified\":\"2026-04-28T19:38:08+00:00\",\"description\":\"El nuevo espacio estar\u00e1 disponible a partir de 2027 para los empleados del gigante de ecommerce de la provincia de C\u00f3rdoba.\",\"breadcrumb\":{\"@id\":\"https:\\\/\\\/www.justretail.news\\\/latam\\\/noticias\\\/mercado-libre-destina-3-millones-de-dolares-para-unas-nuevas-oficias-en-argentina\\\/#breadcrumb\"},\"inLanguage\":\"es\",\"potentialAction\":[{\"@type\":\"ReadAction\",\"target\":[\"https:\\\/\\\/www.justretail.news\\\/latam\\\/noticias\\\/mercado-libre-destina-3-millones-de-dolares-para-unas-nuevas-oficias-en-argentina\\\/\"]}]},{\"@type\":\"ImageObject\",\"inLanguage\":\"es\",\"@id\":\"https:\\\/\\\/www.justretail.news\\\/latam\\\/noticias\\\/mercado-libre-destina-3-millones-de-dolares-para-unas-nuevas-oficias-en-argentina\\\/#primaryimage\",\"url\":\"https:\\\/\\\/www.justretail.news\\\/latam\\\/wp-content\\\/uploads\\\/2024\\\/08\\\/sedeco-y-mercado-libre-consolidan-el-comercio-electronico-de-las-pymes-en-la-ciudad-de-mexico-19599.jpg\",\"contentUrl\":\"https:\\\/\\\/www.justretail.news\\\/latam\\\/wp-content\\\/uploads\\\/2024\\\/08\\\/sedeco-y-mercado-libre-consolidan-el-comercio-electronico-de-las-pymes-en-la-ciudad-de-mexico-19599.jpg\",\"width\":940,\"height\":470},{\"@type\":\"BreadcrumbList\",\"@id\":\"https:\\\/\\\/www.justretail.news\\\/latam\\\/noticias\\\/mercado-libre-destina-3-millones-de-dolares-para-unas-nuevas-oficias-en-argentina\\\/#breadcrumb\",\"itemListElement\":[{\"@type\":\"ListItem\",\"position\":1,\"name\":\"Portada\",\"item\":\"https:\\\/\\\/www.justretail.news\\\/latam\\\/\"},{\"@type\":\"ListItem\",\"position\":2,\"name\":\"Mercado Libre destina 3 millones de d\u00f3lares para unas nuevas oficias en Argentina\"}]},{\"@type\":\"WebSite\",\"@id\":\"https:\\\/\\\/www.justretail.news\\\/latam\\\/#website\",\"url\":\"https:\\\/\\\/www.justretail.news\\\/latam\\\/\",\"name\":\"Just Retail Latam\",\"description\":\"\",\"publisher\":{\"@id\":\"https:\\\/\\\/www.justretail.news\\\/latam\\\/#organization\"},\"potentialAction\":[{\"@type\":\"SearchAction\",\"target\":{\"@type\":\"EntryPoint\",\"urlTemplate\":\"https:\\\/\\\/www.justretail.news\\\/latam\\\/?s={search_term_string}\"},\"query-input\":{\"@type\":\"PropertyValueSpecification\",\"valueRequired\":true,\"valueName\":\"search_term_string\"}}],\"inLanguage\":\"es\"},{\"@type\":\"Organization\",\"@id\":\"https:\\\/\\\/www.justretail.news\\\/latam\\\/#organization\",\"name\":\"Just Retail Latam\",\"url\":\"https:\\\/\\\/www.justretail.news\\\/latam\\\/\",\"logo\":{\"@type\":\"ImageObject\",\"inLanguage\":\"es\",\"@id\":\"https:\\\/\\\/www.justretail.news\\\/latam\\\/#\\\/schema\\\/logo\\\/image\\\/\",\"url\":\"https:\\\/\\\/www.justretail.news\\\/latam\\\/wp-content\\\/uploads\\\/2024\\\/05\\\/just-retail-logo-NEGRO-trans-latam-272x90_nuevo.png\",\"contentUrl\":\"https:\\\/\\\/www.justretail.news\\\/latam\\\/wp-content\\\/uploads\\\/2024\\\/05\\\/just-retail-logo-NEGRO-trans-latam-272x90_nuevo.png\",\"width\":272,\"height\":90,\"caption\":\"Just Retail Latam\"},\"image\":{\"@id\":\"https:\\\/\\\/www.justretail.news\\\/latam\\\/#\\\/schema\\\/logo\\\/image\\\/\"}},{\"@type\":\"Person\",\"@id\":\"https:\\\/\\\/www.justretail.news\\\/latam\\\/#\\\/schema\\\/person\\\/1543b9d803b2d5751fba2211e7785c5f\",\"name\":\"Redacci\u00f3n\",\"image\":{\"@type\":\"ImageObject\",\"inLanguage\":\"es\",\"@id\":\"https:\\\/\\\/secure.gravatar.com\\\/avatar\\\/728f66d366b9809efe89ec232bef06263abc057cefaba166bbd45a167e648b3c?s=96&d=mm&r=g\",\"url\":\"https:\\\/\\\/secure.gravatar.com\\\/avatar\\\/728f66d366b9809efe89ec232bef06263abc057cefaba166bbd45a167e648b3c?s=96&d=mm&r=g\",\"contentUrl\":\"https:\\\/\\\/secure.gravatar.com\\\/avatar\\\/728f66d366b9809efe89ec232bef06263abc057cefaba166bbd45a167e648b3c?s=96&d=mm&r=g\",\"caption\":\"Redacci\u00f3n\"},\"sameAs\":[\"https:\\\/\\\/www.justretail.news\\\/latam\"],\"url\":\"https:\\\/\\\/www.justretail.news\\\/latam\\\/noticias\\\/author\\\/latam_master\\\/\"}]}<\/script>\n<!-- \/ Yoast SEO plugin. -->","yoast_head_json":{"title":"Mercado Libre destina 3 millones de d\u00f3lares para unas nuevas oficias en Argentina - Just Retail Latam","description":"El nuevo espacio estar\u00e1 disponible a partir de 2027 para los empleados del gigante de ecommerce de la provincia de C\u00f3rdoba.","robots":{"index":"index","follow":"follow","max-snippet":"max-snippet:-1","max-image-preview":"max-image-preview:large","max-video-preview":"max-video-preview:-1"},"canonical":"https:\/\/www.justretail.news\/latam\/noticias\/mercado-libre-destina-3-millones-de-dolares-para-unas-nuevas-oficias-en-argentina\/","og_locale":"es_ES","og_type":"article","og_title":"Mercado Libre destina 3 millones de d\u00f3lares para unas nuevas oficias en Argentina - Just Retail Latam","og_description":"El nuevo espacio estar\u00e1 disponible a partir de 2027 para los empleados del gigante de ecommerce de la provincia de C\u00f3rdoba.","og_url":"https:\/\/www.justretail.news\/latam\/noticias\/mercado-libre-destina-3-millones-de-dolares-para-unas-nuevas-oficias-en-argentina\/","og_site_name":"Just Retail Latam","article_published_time":"2026-04-28T19:38:07+00:00","article_modified_time":"2026-04-28T19:38:08+00:00","og_image":[{"width":940,"height":470,"url":"https:\/\/www.justretail.news\/latam\/wp-content\/uploads\/2024\/08\/sedeco-y-mercado-libre-consolidan-el-comercio-electronico-de-las-pymes-en-la-ciudad-de-mexico-19599.jpg","type":"image\/jpeg"}],"author":"Redacci\u00f3n","twitter_card":"summary_large_image","twitter_misc":{"Escrito por":"Redacci\u00f3n","Tiempo de lectura":"2 minutos"},"schema":{"@context":"https:\/\/schema.org","@graph":[{"@type":"Article","@id":"https:\/\/www.justretail.news\/latam\/noticias\/mercado-libre-destina-3-millones-de-dolares-para-unas-nuevas-oficias-en-argentina\/#article","isPartOf":{"@id":"https:\/\/www.justretail.news\/latam\/noticias\/mercado-libre-destina-3-millones-de-dolares-para-unas-nuevas-oficias-en-argentina\/"},"author":{"name":"Redacci\u00f3n","@id":"https:\/\/www.justretail.news\/latam\/#\/schema\/person\/1543b9d803b2d5751fba2211e7785c5f"},"headline":"Mercado Libre destina 3 millones de d\u00f3lares para unas nuevas oficias en Argentina","datePublished":"2026-04-28T19:38:07+00:00","dateModified":"2026-04-28T19:38:08+00:00","mainEntityOfPage":{"@id":"https:\/\/www.justretail.news\/latam\/noticias\/mercado-libre-destina-3-millones-de-dolares-para-unas-nuevas-oficias-en-argentina\/"},"wordCount":395,"publisher":{"@id":"https:\/\/www.justretail.news\/latam\/#organization"},"image":{"@id":"https:\/\/www.justretail.news\/latam\/noticias\/mercado-libre-destina-3-millones-de-dolares-para-unas-nuevas-oficias-en-argentina\/#primaryimage"},"thumbnailUrl":"https:\/\/www.justretail.news\/latam\/wp-content\/uploads\/2024\/08\/sedeco-y-mercado-libre-consolidan-el-comercio-electronico-de-las-pymes-en-la-ciudad-de-mexico-19599.jpg","keywords":["Argentina","mercado libre","oficinas"],"articleSection":["Empresas","Retailers"],"inLanguage":"es"},{"@type":"WebPage","@id":"https:\/\/www.justretail.news\/latam\/noticias\/mercado-libre-destina-3-millones-de-dolares-para-unas-nuevas-oficias-en-argentina\/","url":"https:\/\/www.justretail.news\/latam\/noticias\/mercado-libre-destina-3-millones-de-dolares-para-unas-nuevas-oficias-en-argentina\/","name":"Mercado Libre destina 3 millones de d\u00f3lares para unas nuevas oficias en Argentina - Just Retail Latam","isPartOf":{"@id":"https:\/\/www.justretail.news\/latam\/#website"},"primaryImageOfPage":{"@id":"https:\/\/www.justretail.news\/latam\/noticias\/mercado-libre-destina-3-millones-de-dolares-para-unas-nuevas-oficias-en-argentina\/#primaryimage"},"image":{"@id":"https:\/\/www.justretail.news\/latam\/noticias\/mercado-libre-destina-3-millones-de-dolares-para-unas-nuevas-oficias-en-argentina\/#primaryimage"},"thumbnailUrl":"https:\/\/www.justretail.news\/latam\/wp-content\/uploads\/2024\/08\/sedeco-y-mercado-libre-consolidan-el-comercio-electronico-de-las-pymes-en-la-ciudad-de-mexico-19599.jpg","datePublished":"2026-04-28T19:38:07+00:00","dateModified":"2026-04-28T19:38:08+00:00","description":"El nuevo espacio estar\u00e1 disponible a partir de 2027 para los empleados del gigante de ecommerce de la provincia de C\u00f3rdoba.","breadcrumb":{"@id":"https:\/\/www.justretail.news\/latam\/noticias\/mercado-libre-destina-3-millones-de-dolares-para-unas-nuevas-oficias-en-argentina\/#breadcrumb"},"inLanguage":"es","potentialAction":[{"@type":"ReadAction","target":["https:\/\/www.justretail.news\/latam\/noticias\/mercado-libre-destina-3-millones-de-dolares-para-unas-nuevas-oficias-en-argentina\/"]}]},{"@type":"ImageObject","inLanguage":"es","@id":"https:\/\/www.justretail.news\/latam\/noticias\/mercado-libre-destina-3-millones-de-dolares-para-unas-nuevas-oficias-en-argentina\/#primaryimage","url":"https:\/\/www.justretail.news\/latam\/wp-content\/uploads\/2024\/08\/sedeco-y-mercado-libre-consolidan-el-comercio-electronico-de-las-pymes-en-la-ciudad-de-mexico-19599.jpg","contentUrl":"https:\/\/www.justretail.news\/latam\/wp-content\/uploads\/2024\/08\/sedeco-y-mercado-libre-consolidan-el-comercio-electronico-de-las-pymes-en-la-ciudad-de-mexico-19599.jpg","width":940,"height":470},{"@type":"BreadcrumbList","@id":"https:\/\/www.justretail.news\/latam\/noticias\/mercado-libre-destina-3-millones-de-dolares-para-unas-nuevas-oficias-en-argentina\/#breadcrumb","itemListElement":[{"@type":"ListItem","position":1,"name":"Portada","item":"https:\/\/www.justretail.news\/latam\/"},{"@type":"ListItem","position":2,"name":"Mercado Libre destina 3 millones de d\u00f3lares para unas nuevas oficias en Argentina"}]},{"@type":"WebSite","@id":"https:\/\/www.justretail.news\/latam\/#website","url":"https:\/\/www.justretail.news\/latam\/","name":"Just Retail Latam","description":"","publisher":{"@id":"https:\/\/www.justretail.news\/latam\/#organization"},"potentialAction":[{"@type":"SearchAction","target":{"@type":"EntryPoint","urlTemplate":"https:\/\/www.justretail.news\/latam\/?s={search_term_string}"},"query-input":{"@type":"PropertyValueSpecification","valueRequired":true,"valueName":"search_term_string"}}],"inLanguage":"es"},{"@type":"Organization","@id":"https:\/\/www.justretail.news\/latam\/#organization","name":"Just Retail Latam","url":"https:\/\/www.justretail.news\/latam\/","logo":{"@type":"ImageObject","inLanguage":"es","@id":"https:\/\/www.justretail.news\/latam\/#\/schema\/logo\/image\/","url":"https:\/\/www.justretail.news\/latam\/wp-content\/uploads\/2024\/05\/just-retail-logo-NEGRO-trans-latam-272x90_nuevo.png","contentUrl":"https:\/\/www.justretail.news\/latam\/wp-content\/uploads\/2024\/05\/just-retail-logo-NEGRO-trans-latam-272x90_nuevo.png","width":272,"height":90,"caption":"Just Retail Latam"},"image":{"@id":"https:\/\/www.justretail.news\/latam\/#\/schema\/logo\/image\/"}},{"@type":"Person","@id":"https:\/\/www.justretail.news\/latam\/#\/schema\/person\/1543b9d803b2d5751fba2211e7785c5f","name":"Redacci\u00f3n","image":{"@type":"ImageObject","inLanguage":"es","@id":"https:\/\/secure.gravatar.com\/avatar\/728f66d366b9809efe89ec232bef06263abc057cefaba166bbd45a167e648b3c?s=96&d=mm&r=g","url":"https:\/\/secure.gravatar.com\/avatar\/728f66d366b9809efe89ec232bef06263abc057cefaba166bbd45a167e648b3c?s=96&d=mm&r=g","contentUrl":"https:\/\/secure.gravatar.com\/avatar\/728f66d366b9809efe89ec232bef06263abc057cefaba166bbd45a167e648b3c?s=96&d=mm&r=g","caption":"Redacci\u00f3n"},"sameAs":["https:\/\/www.justretail.news\/latam"],"url":"https:\/\/www.justretail.news\/latam\/noticias\/author\/latam_master\/"}]}},"jetpack_featured_media_url":"https:\/\/www.justretail.news\/latam\/wp-content\/uploads\/2024\/08\/sedeco-y-mercado-libre-consolidan-el-comercio-electronico-de-las-pymes-en-la-ciudad-de-mexico-19599.jpg","jetpack_sharing_enabled":true,"_links":{"self":[{"href":"https:\/\/www.justretail.news\/latam\/wp-json\/wp\/v2\/posts\/5758","targetHints":{"allow":["GET"]}}],"collection":[{"href":"https:\/\/www.justretail.news\/latam\/wp-json\/wp\/v2\/posts"}],"about":[{"href":"https:\/\/www.justretail.news\/latam\/wp-json\/wp\/v2\/types\/post"}],"author":[{"embeddable":true,"href":"https:\/\/www.justretail.news\/latam\/wp-json\/wp\/v2\/users\/1"}],"replies":[{"embeddable":true,"href":"https:\/\/www.justretail.news\/latam\/wp-json\/wp\/v2\/comments?post=5758"}],"version-history":[{"count":1,"href":"https:\/\/www.justretail.news\/latam\/wp-json\/wp\/v2\/posts\/5758\/revisions"}],"predecessor-version":[{"id":5759,"href":"https:\/\/www.justretail.news\/latam\/wp-json\/wp\/v2\/posts\/5758\/revisions\/5759"}],"wp:featuredmedia":[{"embeddable":true,"href":"https:\/\/www.justretail.news\/latam\/wp-json\/wp\/v2\/media\/992"}],"wp:attachment":[{"href":"https:\/\/www.justretail.news\/latam\/wp-json\/wp\/v2\/media?parent=5758"}],"wp:term":[{"taxonomy":"category","embeddable":true,"href":"https:\/\/www.justretail.news\/latam\/wp-json\/wp\/v2\/categories?post=5758"},{"taxonomy":"post_tag","embeddable":true,"href":"https:\/\/www.justretail.news\/latam\/wp-json\/wp\/v2\/tags?post=5758"}],"curies":[{"name":"wp","href":"https:\/\/api.w.org\/{rel}","templated":true}]}}