{"id":5760,"date":"2026-04-28T22:02:47","date_gmt":"2026-04-28T20:02:47","guid":{"rendered":"https:\/\/www.justretail.news\/latam\/?p=5760"},"modified":"2026-04-28T22:02:48","modified_gmt":"2026-04-28T20:02:48","slug":"el-centro-comercial-colombiano-parque-la-colina-obtiene-certificacion-leed-platino","status":"publish","type":"post","link":"https:\/\/www.justretail.news\/latam\/noticias\/el-centro-comercial-colombiano-parque-la-colina-obtiene-certificacion-leed-platino\/","title":{"rendered":"El centro comercial colombiano Parque La Colina obtiene certificaci\u00f3n Leed Platino"},"content":{"rendered":"\n<p>Nueva certificaci\u00f3n medioambiental para el centro comercial colombiano Parque La Colina. El complejo de la ciudad de Bogot\u00e1 vuelve a ubicarse en la m\u00e1xima categor\u00eda de sostenibilidad internacional, tras superar una nueva evaluaci\u00f3n de sus est\u00e1ndares medioambientales.<\/p>\n\n\n\n<p>Recientemente, <strong>Parque La Colina recibi\u00f3 la recertificaci\u00f3n Leed Platino bajo la versi\u00f3n v4.1<\/strong> de Operaci\u00f3n y Mantenimiento (O+M) que es el nivel m\u00e1s alto que otorga el consejo estadounidense Usgbc. El complejo comercial <strong>alcanz\u00f3 en esta evaluaci\u00f3n los 83 puntos<\/strong>.<\/p>\n\n\n\n<p>\u201cEste logro reafirma nuestro compromiso con el entorno. La operaci\u00f3n del centro comercial se basa en una gesti\u00f3n t\u00e9cnica orientada a la eficiencia energ\u00e9tica, el <strong>ahorro de agua y la reducci\u00f3n del impacto ambiental<\/strong>\u201d, destac\u00f3 Mildred Pati\u00f1o, directora de Parque La Colina.<\/p>\n\n\n\n<p>Desde hace tiempo, el centro comercial propiedad del gigante chileno Parque Arauco viene trabajando en cuestiones de sostenibilidad como la <strong>reutilizaci\u00f3n y ahorro de agua, el compostaje y aprovechamiento de residuos, la utilizaci\u00f3n de energ\u00eda 100% renovable<\/strong>, la incorporaci\u00f3n de jardines verticales, entre otras medidas.<\/p>\n\n\n\n<p>La certificaci\u00f3n de Gbci eval\u00faa el desempe\u00f1o real de los edificios en funcionamiento con criterios como eficiencia energ\u00e9tica, calidad del aire interior, reducci\u00f3n de huella de carbono y uso del agua y es una de las m\u00e1s exigentes dentro del sistema Leed.<\/p>\n\n\n\n<p>Parque Arauco tiene un compromiso relevante con la sostenibilidad. El grupo chileno due\u00f1o de Parque La Colina ya cuenta con seis complejos con certificaciones Leed o Edge.<\/p>\n","protected":false},"excerpt":{"rendered":"<p>El complejo bogotano propiedad de Parque Arauco es reconocido por su eficiencia energ\u00e9tica, calidad del aire y uso del agua. <\/p>\n","protected":false},"author":1,"featured_media":5362,"comment_status":"closed","ping_status":"open","sticky":false,"template":"","format":"standard","meta":{"_jetpack_memberships_contains_paid_content":false,"footnotes":""},"categories":[61],"tags":[1232,78,615,1231],"class_list":{"0":"post-5760","1":"post","2":"type-post","3":"status-publish","4":"format-standard","5":"has-post-thumbnail","7":"category-esg","8":"tag-certificacion-leed","9":"tag-colombia","10":"tag-parque-arauco","11":"tag-parque-la-colina"},"yoast_head":"<!-- This site is optimized with the Yoast SEO plugin v27.4 - https:\/\/yoast.com\/product\/yoast-seo-wordpress\/ -->\n<title>El centro comercial colombiano Parque La Colina obtiene certificaci\u00f3n Leed Platino - Just Retail Latam<\/title>\n<meta name=\"description\" content=\"El centro comercial ha recibido la recertificaci\u00f3n Leed Platino bajo la versi\u00f3n v4.1 de Operaci\u00f3n y Mantenimiento (O+M), el nivel m\u00e1s alto.\" \/>\n<meta name=\"robots\" content=\"index, follow, max-snippet:-1, max-image-preview:large, max-video-preview:-1\" \/>\n<link rel=\"canonical\" href=\"https:\/\/www.justretail.news\/latam\/noticias\/el-centro-comercial-colombiano-parque-la-colina-obtiene-certificacion-leed-platino\/\" \/>\n<meta property=\"og:locale\" content=\"es_ES\" \/>\n<meta property=\"og:type\" content=\"article\" \/>\n<meta property=\"og:title\" content=\"El centro comercial colombiano Parque La Colina obtiene certificaci\u00f3n Leed Platino - Just Retail Latam\" \/>\n<meta property=\"og:description\" content=\"El centro comercial ha recibido la recertificaci\u00f3n Leed Platino bajo la versi\u00f3n v4.1 de Operaci\u00f3n y Mantenimiento (O+M), el nivel m\u00e1s alto.\" \/>\n<meta property=\"og:url\" content=\"https:\/\/www.justretail.news\/latam\/noticias\/el-centro-comercial-colombiano-parque-la-colina-obtiene-certificacion-leed-platino\/\" \/>\n<meta property=\"og:site_name\" content=\"Just Retail Latam\" \/>\n<meta property=\"article:published_time\" content=\"2026-04-28T20:02:47+00:00\" \/>\n<meta property=\"article:modified_time\" content=\"2026-04-28T20:02:48+00:00\" \/>\n<meta property=\"og:image\" content=\"https:\/\/www.justretail.news\/latam\/wp-content\/uploads\/2026\/02\/parque-la-colina-scaled.jpg\" \/>\n\t<meta property=\"og:image:width\" content=\"800\" \/>\n\t<meta property=\"og:image:height\" content=\"600\" \/>\n\t<meta property=\"og:image:type\" content=\"image\/jpeg\" \/>\n<meta name=\"author\" content=\"Redacci\u00f3n\" \/>\n<meta name=\"twitter:card\" content=\"summary_large_image\" \/>\n<meta name=\"twitter:label1\" content=\"Escrito por\" \/>\n\t<meta name=\"twitter:data1\" content=\"Redacci\u00f3n\" \/>\n\t<meta name=\"twitter:label2\" content=\"Tiempo de lectura\" \/>\n\t<meta name=\"twitter:data2\" content=\"2 minutos\" \/>\n<script type=\"application\/ld+json\" class=\"yoast-schema-graph\">{\"@context\":\"https:\\\/\\\/schema.org\",\"@graph\":[{\"@type\":\"Article\",\"@id\":\"https:\\\/\\\/www.justretail.news\\\/latam\\\/noticias\\\/el-centro-comercial-colombiano-parque-la-colina-obtiene-certificacion-leed-platino\\\/#article\",\"isPartOf\":{\"@id\":\"https:\\\/\\\/www.justretail.news\\\/latam\\\/noticias\\\/el-centro-comercial-colombiano-parque-la-colina-obtiene-certificacion-leed-platino\\\/\"},\"author\":{\"name\":\"Redacci\u00f3n\",\"@id\":\"https:\\\/\\\/www.justretail.news\\\/latam\\\/#\\\/schema\\\/person\\\/1543b9d803b2d5751fba2211e7785c5f\"},\"headline\":\"El centro comercial colombiano Parque La Colina obtiene certificaci\u00f3n Leed Platino\",\"datePublished\":\"2026-04-28T20:02:47+00:00\",\"dateModified\":\"2026-04-28T20:02:48+00:00\",\"mainEntityOfPage\":{\"@id\":\"https:\\\/\\\/www.justretail.news\\\/latam\\\/noticias\\\/el-centro-comercial-colombiano-parque-la-colina-obtiene-certificacion-leed-platino\\\/\"},\"wordCount\":271,\"publisher\":{\"@id\":\"https:\\\/\\\/www.justretail.news\\\/latam\\\/#organization\"},\"image\":{\"@id\":\"https:\\\/\\\/www.justretail.news\\\/latam\\\/noticias\\\/el-centro-comercial-colombiano-parque-la-colina-obtiene-certificacion-leed-platino\\\/#primaryimage\"},\"thumbnailUrl\":\"https:\\\/\\\/www.justretail.news\\\/latam\\\/wp-content\\\/uploads\\\/2026\\\/02\\\/parque-la-colina-scaled.jpg\",\"keywords\":[\"certificaci\u00f3n Leed\",\"Colombia\",\"Parque Arauco\",\"Parque La Colina\"],\"articleSection\":[\"ESG\"],\"inLanguage\":\"es\"},{\"@type\":\"WebPage\",\"@id\":\"https:\\\/\\\/www.justretail.news\\\/latam\\\/noticias\\\/el-centro-comercial-colombiano-parque-la-colina-obtiene-certificacion-leed-platino\\\/\",\"url\":\"https:\\\/\\\/www.justretail.news\\\/latam\\\/noticias\\\/el-centro-comercial-colombiano-parque-la-colina-obtiene-certificacion-leed-platino\\\/\",\"name\":\"El centro comercial colombiano Parque La Colina obtiene certificaci\u00f3n Leed Platino - Just Retail Latam\",\"isPartOf\":{\"@id\":\"https:\\\/\\\/www.justretail.news\\\/latam\\\/#website\"},\"primaryImageOfPage\":{\"@id\":\"https:\\\/\\\/www.justretail.news\\\/latam\\\/noticias\\\/el-centro-comercial-colombiano-parque-la-colina-obtiene-certificacion-leed-platino\\\/#primaryimage\"},\"image\":{\"@id\":\"https:\\\/\\\/www.justretail.news\\\/latam\\\/noticias\\\/el-centro-comercial-colombiano-parque-la-colina-obtiene-certificacion-leed-platino\\\/#primaryimage\"},\"thumbnailUrl\":\"https:\\\/\\\/www.justretail.news\\\/latam\\\/wp-content\\\/uploads\\\/2026\\\/02\\\/parque-la-colina-scaled.jpg\",\"datePublished\":\"2026-04-28T20:02:47+00:00\",\"dateModified\":\"2026-04-28T20:02:48+00:00\",\"description\":\"El centro comercial ha recibido la recertificaci\u00f3n Leed Platino bajo la versi\u00f3n v4.1 de Operaci\u00f3n y Mantenimiento (O+M), el nivel m\u00e1s alto.\",\"breadcrumb\":{\"@id\":\"https:\\\/\\\/www.justretail.news\\\/latam\\\/noticias\\\/el-centro-comercial-colombiano-parque-la-colina-obtiene-certificacion-leed-platino\\\/#breadcrumb\"},\"inLanguage\":\"es\",\"potentialAction\":[{\"@type\":\"ReadAction\",\"target\":[\"https:\\\/\\\/www.justretail.news\\\/latam\\\/noticias\\\/el-centro-comercial-colombiano-parque-la-colina-obtiene-certificacion-leed-platino\\\/\"]}]},{\"@type\":\"ImageObject\",\"inLanguage\":\"es\",\"@id\":\"https:\\\/\\\/www.justretail.news\\\/latam\\\/noticias\\\/el-centro-comercial-colombiano-parque-la-colina-obtiene-certificacion-leed-platino\\\/#primaryimage\",\"url\":\"https:\\\/\\\/www.justretail.news\\\/latam\\\/wp-content\\\/uploads\\\/2026\\\/02\\\/parque-la-colina-scaled.jpg\",\"contentUrl\":\"https:\\\/\\\/www.justretail.news\\\/latam\\\/wp-content\\\/uploads\\\/2026\\\/02\\\/parque-la-colina-scaled.jpg\",\"width\":800,\"height\":600},{\"@type\":\"BreadcrumbList\",\"@id\":\"https:\\\/\\\/www.justretail.news\\\/latam\\\/noticias\\\/el-centro-comercial-colombiano-parque-la-colina-obtiene-certificacion-leed-platino\\\/#breadcrumb\",\"itemListElement\":[{\"@type\":\"ListItem\",\"position\":1,\"name\":\"Portada\",\"item\":\"https:\\\/\\\/www.justretail.news\\\/latam\\\/\"},{\"@type\":\"ListItem\",\"position\":2,\"name\":\"El centro comercial colombiano Parque La Colina obtiene certificaci\u00f3n Leed Platino\"}]},{\"@type\":\"WebSite\",\"@id\":\"https:\\\/\\\/www.justretail.news\\\/latam\\\/#website\",\"url\":\"https:\\\/\\\/www.justretail.news\\\/latam\\\/\",\"name\":\"Just Retail Latam\",\"description\":\"\",\"publisher\":{\"@id\":\"https:\\\/\\\/www.justretail.news\\\/latam\\\/#organization\"},\"potentialAction\":[{\"@type\":\"SearchAction\",\"target\":{\"@type\":\"EntryPoint\",\"urlTemplate\":\"https:\\\/\\\/www.justretail.news\\\/latam\\\/?s={search_term_string}\"},\"query-input\":{\"@type\":\"PropertyValueSpecification\",\"valueRequired\":true,\"valueName\":\"search_term_string\"}}],\"inLanguage\":\"es\"},{\"@type\":\"Organization\",\"@id\":\"https:\\\/\\\/www.justretail.news\\\/latam\\\/#organization\",\"name\":\"Just Retail Latam\",\"url\":\"https:\\\/\\\/www.justretail.news\\\/latam\\\/\",\"logo\":{\"@type\":\"ImageObject\",\"inLanguage\":\"es\",\"@id\":\"https:\\\/\\\/www.justretail.news\\\/latam\\\/#\\\/schema\\\/logo\\\/image\\\/\",\"url\":\"https:\\\/\\\/www.justretail.news\\\/latam\\\/wp-content\\\/uploads\\\/2024\\\/05\\\/just-retail-logo-NEGRO-trans-latam-272x90_nuevo.png\",\"contentUrl\":\"https:\\\/\\\/www.justretail.news\\\/latam\\\/wp-content\\\/uploads\\\/2024\\\/05\\\/just-retail-logo-NEGRO-trans-latam-272x90_nuevo.png\",\"width\":272,\"height\":90,\"caption\":\"Just Retail Latam\"},\"image\":{\"@id\":\"https:\\\/\\\/www.justretail.news\\\/latam\\\/#\\\/schema\\\/logo\\\/image\\\/\"}},{\"@type\":\"Person\",\"@id\":\"https:\\\/\\\/www.justretail.news\\\/latam\\\/#\\\/schema\\\/person\\\/1543b9d803b2d5751fba2211e7785c5f\",\"name\":\"Redacci\u00f3n\",\"image\":{\"@type\":\"ImageObject\",\"inLanguage\":\"es\",\"@id\":\"https:\\\/\\\/secure.gravatar.com\\\/avatar\\\/728f66d366b9809efe89ec232bef06263abc057cefaba166bbd45a167e648b3c?s=96&d=mm&r=g\",\"url\":\"https:\\\/\\\/secure.gravatar.com\\\/avatar\\\/728f66d366b9809efe89ec232bef06263abc057cefaba166bbd45a167e648b3c?s=96&d=mm&r=g\",\"contentUrl\":\"https:\\\/\\\/secure.gravatar.com\\\/avatar\\\/728f66d366b9809efe89ec232bef06263abc057cefaba166bbd45a167e648b3c?s=96&d=mm&r=g\",\"caption\":\"Redacci\u00f3n\"},\"sameAs\":[\"https:\\\/\\\/www.justretail.news\\\/latam\"],\"url\":\"https:\\\/\\\/www.justretail.news\\\/latam\\\/noticias\\\/author\\\/latam_master\\\/\"}]}<\/script>\n<!-- \/ Yoast SEO plugin. -->","yoast_head_json":{"title":"El centro comercial colombiano Parque La Colina obtiene certificaci\u00f3n Leed Platino - Just Retail Latam","description":"El centro comercial ha recibido la recertificaci\u00f3n Leed Platino bajo la versi\u00f3n v4.1 de Operaci\u00f3n y Mantenimiento (O+M), el nivel m\u00e1s alto.","robots":{"index":"index","follow":"follow","max-snippet":"max-snippet:-1","max-image-preview":"max-image-preview:large","max-video-preview":"max-video-preview:-1"},"canonical":"https:\/\/www.justretail.news\/latam\/noticias\/el-centro-comercial-colombiano-parque-la-colina-obtiene-certificacion-leed-platino\/","og_locale":"es_ES","og_type":"article","og_title":"El centro comercial colombiano Parque La Colina obtiene certificaci\u00f3n Leed Platino - Just Retail Latam","og_description":"El centro comercial ha recibido la recertificaci\u00f3n Leed Platino bajo la versi\u00f3n v4.1 de Operaci\u00f3n y Mantenimiento (O+M), el nivel m\u00e1s alto.","og_url":"https:\/\/www.justretail.news\/latam\/noticias\/el-centro-comercial-colombiano-parque-la-colina-obtiene-certificacion-leed-platino\/","og_site_name":"Just Retail Latam","article_published_time":"2026-04-28T20:02:47+00:00","article_modified_time":"2026-04-28T20:02:48+00:00","og_image":[{"width":800,"height":600,"url":"https:\/\/www.justretail.news\/latam\/wp-content\/uploads\/2026\/02\/parque-la-colina-scaled.jpg","type":"image\/jpeg"}],"author":"Redacci\u00f3n","twitter_card":"summary_large_image","twitter_misc":{"Escrito por":"Redacci\u00f3n","Tiempo de lectura":"2 minutos"},"schema":{"@context":"https:\/\/schema.org","@graph":[{"@type":"Article","@id":"https:\/\/www.justretail.news\/latam\/noticias\/el-centro-comercial-colombiano-parque-la-colina-obtiene-certificacion-leed-platino\/#article","isPartOf":{"@id":"https:\/\/www.justretail.news\/latam\/noticias\/el-centro-comercial-colombiano-parque-la-colina-obtiene-certificacion-leed-platino\/"},"author":{"name":"Redacci\u00f3n","@id":"https:\/\/www.justretail.news\/latam\/#\/schema\/person\/1543b9d803b2d5751fba2211e7785c5f"},"headline":"El centro comercial colombiano Parque La Colina obtiene certificaci\u00f3n Leed Platino","datePublished":"2026-04-28T20:02:47+00:00","dateModified":"2026-04-28T20:02:48+00:00","mainEntityOfPage":{"@id":"https:\/\/www.justretail.news\/latam\/noticias\/el-centro-comercial-colombiano-parque-la-colina-obtiene-certificacion-leed-platino\/"},"wordCount":271,"publisher":{"@id":"https:\/\/www.justretail.news\/latam\/#organization"},"image":{"@id":"https:\/\/www.justretail.news\/latam\/noticias\/el-centro-comercial-colombiano-parque-la-colina-obtiene-certificacion-leed-platino\/#primaryimage"},"thumbnailUrl":"https:\/\/www.justretail.news\/latam\/wp-content\/uploads\/2026\/02\/parque-la-colina-scaled.jpg","keywords":["certificaci\u00f3n Leed","Colombia","Parque Arauco","Parque La Colina"],"articleSection":["ESG"],"inLanguage":"es"},{"@type":"WebPage","@id":"https:\/\/www.justretail.news\/latam\/noticias\/el-centro-comercial-colombiano-parque-la-colina-obtiene-certificacion-leed-platino\/","url":"https:\/\/www.justretail.news\/latam\/noticias\/el-centro-comercial-colombiano-parque-la-colina-obtiene-certificacion-leed-platino\/","name":"El centro comercial colombiano Parque La Colina obtiene certificaci\u00f3n Leed Platino - Just Retail Latam","isPartOf":{"@id":"https:\/\/www.justretail.news\/latam\/#website"},"primaryImageOfPage":{"@id":"https:\/\/www.justretail.news\/latam\/noticias\/el-centro-comercial-colombiano-parque-la-colina-obtiene-certificacion-leed-platino\/#primaryimage"},"image":{"@id":"https:\/\/www.justretail.news\/latam\/noticias\/el-centro-comercial-colombiano-parque-la-colina-obtiene-certificacion-leed-platino\/#primaryimage"},"thumbnailUrl":"https:\/\/www.justretail.news\/latam\/wp-content\/uploads\/2026\/02\/parque-la-colina-scaled.jpg","datePublished":"2026-04-28T20:02:47+00:00","dateModified":"2026-04-28T20:02:48+00:00","description":"El centro comercial ha recibido la recertificaci\u00f3n Leed Platino bajo la versi\u00f3n v4.1 de Operaci\u00f3n y Mantenimiento (O+M), el nivel m\u00e1s alto.","breadcrumb":{"@id":"https:\/\/www.justretail.news\/latam\/noticias\/el-centro-comercial-colombiano-parque-la-colina-obtiene-certificacion-leed-platino\/#breadcrumb"},"inLanguage":"es","potentialAction":[{"@type":"ReadAction","target":["https:\/\/www.justretail.news\/latam\/noticias\/el-centro-comercial-colombiano-parque-la-colina-obtiene-certificacion-leed-platino\/"]}]},{"@type":"ImageObject","inLanguage":"es","@id":"https:\/\/www.justretail.news\/latam\/noticias\/el-centro-comercial-colombiano-parque-la-colina-obtiene-certificacion-leed-platino\/#primaryimage","url":"https:\/\/www.justretail.news\/latam\/wp-content\/uploads\/2026\/02\/parque-la-colina-scaled.jpg","contentUrl":"https:\/\/www.justretail.news\/latam\/wp-content\/uploads\/2026\/02\/parque-la-colina-scaled.jpg","width":800,"height":600},{"@type":"BreadcrumbList","@id":"https:\/\/www.justretail.news\/latam\/noticias\/el-centro-comercial-colombiano-parque-la-colina-obtiene-certificacion-leed-platino\/#breadcrumb","itemListElement":[{"@type":"ListItem","position":1,"name":"Portada","item":"https:\/\/www.justretail.news\/latam\/"},{"@type":"ListItem","position":2,"name":"El centro comercial colombiano Parque La Colina obtiene certificaci\u00f3n Leed Platino"}]},{"@type":"WebSite","@id":"https:\/\/www.justretail.news\/latam\/#website","url":"https:\/\/www.justretail.news\/latam\/","name":"Just Retail Latam","description":"","publisher":{"@id":"https:\/\/www.justretail.news\/latam\/#organization"},"potentialAction":[{"@type":"SearchAction","target":{"@type":"EntryPoint","urlTemplate":"https:\/\/www.justretail.news\/latam\/?s={search_term_string}"},"query-input":{"@type":"PropertyValueSpecification","valueRequired":true,"valueName":"search_term_string"}}],"inLanguage":"es"},{"@type":"Organization","@id":"https:\/\/www.justretail.news\/latam\/#organization","name":"Just Retail Latam","url":"https:\/\/www.justretail.news\/latam\/","logo":{"@type":"ImageObject","inLanguage":"es","@id":"https:\/\/www.justretail.news\/latam\/#\/schema\/logo\/image\/","url":"https:\/\/www.justretail.news\/latam\/wp-content\/uploads\/2024\/05\/just-retail-logo-NEGRO-trans-latam-272x90_nuevo.png","contentUrl":"https:\/\/www.justretail.news\/latam\/wp-content\/uploads\/2024\/05\/just-retail-logo-NEGRO-trans-latam-272x90_nuevo.png","width":272,"height":90,"caption":"Just Retail Latam"},"image":{"@id":"https:\/\/www.justretail.news\/latam\/#\/schema\/logo\/image\/"}},{"@type":"Person","@id":"https:\/\/www.justretail.news\/latam\/#\/schema\/person\/1543b9d803b2d5751fba2211e7785c5f","name":"Redacci\u00f3n","image":{"@type":"ImageObject","inLanguage":"es","@id":"https:\/\/secure.gravatar.com\/avatar\/728f66d366b9809efe89ec232bef06263abc057cefaba166bbd45a167e648b3c?s=96&d=mm&r=g","url":"https:\/\/secure.gravatar.com\/avatar\/728f66d366b9809efe89ec232bef06263abc057cefaba166bbd45a167e648b3c?s=96&d=mm&r=g","contentUrl":"https:\/\/secure.gravatar.com\/avatar\/728f66d366b9809efe89ec232bef06263abc057cefaba166bbd45a167e648b3c?s=96&d=mm&r=g","caption":"Redacci\u00f3n"},"sameAs":["https:\/\/www.justretail.news\/latam"],"url":"https:\/\/www.justretail.news\/latam\/noticias\/author\/latam_master\/"}]}},"jetpack_featured_media_url":"https:\/\/www.justretail.news\/latam\/wp-content\/uploads\/2026\/02\/parque-la-colina-scaled.jpg","jetpack_sharing_enabled":true,"_links":{"self":[{"href":"https:\/\/www.justretail.news\/latam\/wp-json\/wp\/v2\/posts\/5760","targetHints":{"allow":["GET"]}}],"collection":[{"href":"https:\/\/www.justretail.news\/latam\/wp-json\/wp\/v2\/posts"}],"about":[{"href":"https:\/\/www.justretail.news\/latam\/wp-json\/wp\/v2\/types\/post"}],"author":[{"embeddable":true,"href":"https:\/\/www.justretail.news\/latam\/wp-json\/wp\/v2\/users\/1"}],"replies":[{"embeddable":true,"href":"https:\/\/www.justretail.news\/latam\/wp-json\/wp\/v2\/comments?post=5760"}],"version-history":[{"count":1,"href":"https:\/\/www.justretail.news\/latam\/wp-json\/wp\/v2\/posts\/5760\/revisions"}],"predecessor-version":[{"id":5761,"href":"https:\/\/www.justretail.news\/latam\/wp-json\/wp\/v2\/posts\/5760\/revisions\/5761"}],"wp:featuredmedia":[{"embeddable":true,"href":"https:\/\/www.justretail.news\/latam\/wp-json\/wp\/v2\/media\/5362"}],"wp:attachment":[{"href":"https:\/\/www.justretail.news\/latam\/wp-json\/wp\/v2\/media?parent=5760"}],"wp:term":[{"taxonomy":"category","embeddable":true,"href":"https:\/\/www.justretail.news\/latam\/wp-json\/wp\/v2\/categories?post=5760"},{"taxonomy":"post_tag","embeddable":true,"href":"https:\/\/www.justretail.news\/latam\/wp-json\/wp\/v2\/tags?post=5760"}],"curies":[{"name":"wp","href":"https:\/\/api.w.org\/{rel}","templated":true}]}}