{"id":5767,"date":"2026-04-29T23:11:12","date_gmt":"2026-04-29T21:11:12","guid":{"rendered":"https:\/\/www.justretail.news\/latam\/?p=5767"},"modified":"2026-04-29T23:16:01","modified_gmt":"2026-04-29T21:16:01","slug":"mo-global-eyewear-concreta-su-entrada-en-peru-con-dos-tiendas-en-lima","status":"publish","type":"post","link":"https:\/\/www.justretail.news\/latam\/noticias\/mo-global-eyewear-concreta-su-entrada-en-peru-con-dos-tiendas-en-lima\/","title":{"rendered":"M\u00d3 Global Eyewear concreta su entrada en Per\u00fa con dos tiendas en Lima"},"content":{"rendered":"\n<p>M\u00d3 Global Eyewear aterriza finalmente en el mercado peruano. La compa\u00f1\u00eda espa\u00f1ola de \u00f3ptica, que opera bajo la marca Multi\u00f3pticas, avanza en territorio latinoamericano con su desembarco en Per\u00fa, <a href=\"https:\/\/www.justretail.news\/latam\/noticias\/mo-global-eyewear-aterriza-en-peru-en-plena-apuesta-internacional\/\" type=\"link\" id=\"https:\/\/www.justretail.news\/latam\/noticias\/mo-global-eyewear-aterriza-en-peru-en-plena-apuesta-internacional\/\">anticipado a finales del a\u00f1o pasado<\/a>. <\/p>\n\n\n\n<figure class=\"wp-block-image size-full\"><img loading=\"lazy\" decoding=\"async\" width=\"800\" height=\"534\" src=\"https:\/\/www.justretail.news\/latam\/wp-content\/uploads\/2026\/04\/MO_Peru_1-1.jpg\" alt=\"\" class=\"wp-image-5770\" srcset=\"https:\/\/www.justretail.news\/latam\/wp-content\/uploads\/2026\/04\/MO_Peru_1-1.jpg 800w, https:\/\/www.justretail.news\/latam\/wp-content\/uploads\/2026\/04\/MO_Peru_1-1-300x200.jpg 300w, https:\/\/www.justretail.news\/latam\/wp-content\/uploads\/2026\/04\/MO_Peru_1-1-768x513.jpg 768w, https:\/\/www.justretail.news\/latam\/wp-content\/uploads\/2026\/04\/MO_Peru_1-1-629x420.jpg 629w, https:\/\/www.justretail.news\/latam\/wp-content\/uploads\/2026\/04\/MO_Peru_1-1-150x100.jpg 150w, https:\/\/www.justretail.news\/latam\/wp-content\/uploads\/2026\/04\/MO_Peru_1-1-696x465.jpg 696w\" sizes=\"auto, (max-width: 800px) 100vw, 800px\" \/><\/figure>\n\n\n\n<p>Este hito refuerza la presencia de la marca en Latinoam\u00e9rica, que ya est\u00e1 presente en M\u00e9xico, y responde a una estrategia de crecimiento global enfocada en acercar el dise\u00f1o al cuidado visual.<\/p>\n\n\n\n<p>Este abril, M\u00d3 Global Eyewear abri\u00f3 en Lima sus dos primeras tiendas en Per\u00fa. <strong>El primer establecimiento se ubica en el centro comercial Jockey Plaza<\/strong>, mientras que el segundo se encuentra <strong>en el distrito comercial de San Isidro<\/strong>.<\/p>\n\n\n\n<p>Para su llegada al mercado peruano y el desarrollo de su presencia en el pa\u00eds durante los pr\u00f3ximos a\u00f1os, M\u00d3 cerr\u00f3 un acuerdo con&nbsp;<strong>Comercializadora de la Plata,&nbsp;<\/strong>un socio local que trabaja con marcas internacionales como Lacoste, Bimba y Lola o Tous, y que ha sumado a M\u00d3 en su porfolio.<\/p>\n\n\n\n<p>Como principal novedad para el mercado peruano, la empresa espa\u00f1ola ha introducid su <strong>servicio de entrega de<\/strong> <strong>gafas con medida en un plazo de 24 horas<\/strong>. Esta apuesta por la agilidad log\u00edstica busca transformar la experiencia del consumidor local, ofreciendo una respuesta inmediata a las necesidades de salud visual.<\/p>\n\n\n\n<figure class=\"wp-block-image size-full\"><img loading=\"lazy\" decoding=\"async\" width=\"800\" height=\"534\" src=\"https:\/\/www.justretail.news\/latam\/wp-content\/uploads\/2026\/04\/MO_Peru_3-1.jpg\" alt=\"\" class=\"wp-image-5769\" srcset=\"https:\/\/www.justretail.news\/latam\/wp-content\/uploads\/2026\/04\/MO_Peru_3-1.jpg 800w, https:\/\/www.justretail.news\/latam\/wp-content\/uploads\/2026\/04\/MO_Peru_3-1-300x200.jpg 300w, https:\/\/www.justretail.news\/latam\/wp-content\/uploads\/2026\/04\/MO_Peru_3-1-768x513.jpg 768w, https:\/\/www.justretail.news\/latam\/wp-content\/uploads\/2026\/04\/MO_Peru_3-1-629x420.jpg 629w, https:\/\/www.justretail.news\/latam\/wp-content\/uploads\/2026\/04\/MO_Peru_3-1-150x100.jpg 150w, https:\/\/www.justretail.news\/latam\/wp-content\/uploads\/2026\/04\/MO_Peru_3-1-696x465.jpg 696w\" sizes=\"auto, (max-width: 800px) 100vw, 800px\" \/><\/figure>\n\n\n\n<p>Para su llegada a Per\u00fa, <strong>M\u00d3 ha presentado su nueva colecci\u00f3n <em>Encore: Timeless Collection<\/em>,<\/strong> una propuesta para la temporada oto\u00f1o 2026, cuyos modelos exploran el dise\u00f1o atemporal inspirados en referentes del dise\u00f1o industrial, manteniendo su enfoque en durabilidad, est\u00e9tica y funcionalidad.<\/p>\n\n\n\n<h2 class=\"wp-block-heading\">Latinoam\u00e9rica, eje del plan de expansi\u00f3n internacional<\/h2>\n\n\n\n<p>La entrada de la compa\u00f1\u00eda en Per\u00fa forma parte de <strong>un ambicioso plan de expansi\u00f3n internacional de M\u00d3<\/strong>,que continuar\u00e1 durante 2026 y 2027 en diversos mercados.<\/p>\n\n\n\n<p>En este sentido, la empresa espa\u00f1ola <strong>estudia su desembarco en nuevos pa\u00edses de Latinoam\u00e9rica<\/strong> antes de que finalice el a\u00f1o, con el objetivo de replicar en la regi\u00f3n el modelo que desarrolla en Espa\u00f1a.<\/p>\n\n\n\n<p>Desde la compa\u00f1\u00eda, remarcaron la importancia que tiene la regi\u00f3n para el negocio internacional de M\u00d3 Global Eyewear. \u201cLatinoam\u00e9rica es un territorio clave en nuestro crecimiento internacional y nuestra llegada a Per\u00fa se apoya en los valores que desarrollamos en Espa\u00f1a: dise\u00f1o, calidad y precios claros y accesibles\u201d, afirma Carlos Crespo, CEO de M\u00d3 Global Eyewear.<\/p>\n","protected":false},"excerpt":{"rendered":"<p>M\u00d3 abri\u00f3 una tienda en Jockey Plaza y otra en el distrito lime\u00f1o de San Isidro. La empresa prev\u00e9 llegar a m\u00e1s pa\u00edses de Latinoam\u00e9rica.<\/p>\n","protected":false},"author":1,"featured_media":5768,"comment_status":"closed","ping_status":"open","sticky":false,"template":"","format":"standard","meta":{"_jetpack_memberships_contains_paid_content":false,"footnotes":""},"categories":[37],"tags":[251,1234,417,712,75],"class_list":{"0":"post-5767","1":"post","2":"type-post","3":"status-publish","4":"format-standard","5":"has-post-thumbnail","7":"category-retailers","8":"tag-jockey-plaza","9":"tag-mo","10":"tag-moda","11":"tag-multiopticas","12":"tag-peru"},"yoast_head":"<!-- This site is optimized with the Yoast SEO plugin v27.4 - https:\/\/yoast.com\/product\/yoast-seo-wordpress\/ -->\n<title>M\u00d3 Global Eyewear concreta su entrada en Per\u00fa con dos tiendas en Lima - Just Retail Latam<\/title>\n<meta name=\"description\" content=\"La cadena espa\u00f1ola de anteojos suma sus dos primeras tiendas en Per\u00fa de la mano de un socio local que tambi\u00e9n opera otras marcas europeas.\" \/>\n<meta name=\"robots\" content=\"index, follow, max-snippet:-1, max-image-preview:large, max-video-preview:-1\" \/>\n<link rel=\"canonical\" href=\"https:\/\/www.justretail.news\/latam\/noticias\/mo-global-eyewear-concreta-su-entrada-en-peru-con-dos-tiendas-en-lima\/\" \/>\n<meta property=\"og:locale\" content=\"es_ES\" \/>\n<meta property=\"og:type\" content=\"article\" \/>\n<meta property=\"og:title\" content=\"M\u00d3 Global Eyewear concreta su entrada en Per\u00fa con dos tiendas en Lima - Just Retail Latam\" \/>\n<meta property=\"og:description\" content=\"La cadena espa\u00f1ola de anteojos suma sus dos primeras tiendas en Per\u00fa de la mano de un socio local que tambi\u00e9n opera otras marcas europeas.\" \/>\n<meta property=\"og:url\" content=\"https:\/\/www.justretail.news\/latam\/noticias\/mo-global-eyewear-concreta-su-entrada-en-peru-con-dos-tiendas-en-lima\/\" \/>\n<meta property=\"og:site_name\" content=\"Just Retail Latam\" \/>\n<meta property=\"article:published_time\" content=\"2026-04-29T21:11:12+00:00\" \/>\n<meta property=\"article:modified_time\" content=\"2026-04-29T21:16:01+00:00\" \/>\n<meta property=\"og:image\" content=\"https:\/\/www.justretail.news\/latam\/wp-content\/uploads\/2026\/04\/MO_Peru_2.jpg\" \/>\n\t<meta property=\"og:image:width\" content=\"800\" \/>\n\t<meta property=\"og:image:height\" content=\"534\" \/>\n\t<meta property=\"og:image:type\" content=\"image\/jpeg\" \/>\n<meta name=\"author\" content=\"Redacci\u00f3n\" \/>\n<meta name=\"twitter:card\" content=\"summary_large_image\" \/>\n<meta name=\"twitter:label1\" content=\"Escrito por\" \/>\n\t<meta name=\"twitter:data1\" content=\"Redacci\u00f3n\" \/>\n\t<meta name=\"twitter:label2\" content=\"Tiempo de lectura\" \/>\n\t<meta name=\"twitter:data2\" content=\"3 minutos\" \/>\n<script type=\"application\/ld+json\" class=\"yoast-schema-graph\">{\"@context\":\"https:\\\/\\\/schema.org\",\"@graph\":[{\"@type\":\"Article\",\"@id\":\"https:\\\/\\\/www.justretail.news\\\/latam\\\/noticias\\\/mo-global-eyewear-concreta-su-entrada-en-peru-con-dos-tiendas-en-lima\\\/#article\",\"isPartOf\":{\"@id\":\"https:\\\/\\\/www.justretail.news\\\/latam\\\/noticias\\\/mo-global-eyewear-concreta-su-entrada-en-peru-con-dos-tiendas-en-lima\\\/\"},\"author\":{\"name\":\"Redacci\u00f3n\",\"@id\":\"https:\\\/\\\/www.justretail.news\\\/latam\\\/#\\\/schema\\\/person\\\/1543b9d803b2d5751fba2211e7785c5f\"},\"headline\":\"M\u00d3 Global Eyewear concreta su entrada en Per\u00fa con dos tiendas en Lima\",\"datePublished\":\"2026-04-29T21:11:12+00:00\",\"dateModified\":\"2026-04-29T21:16:01+00:00\",\"mainEntityOfPage\":{\"@id\":\"https:\\\/\\\/www.justretail.news\\\/latam\\\/noticias\\\/mo-global-eyewear-concreta-su-entrada-en-peru-con-dos-tiendas-en-lima\\\/\"},\"wordCount\":414,\"publisher\":{\"@id\":\"https:\\\/\\\/www.justretail.news\\\/latam\\\/#organization\"},\"image\":{\"@id\":\"https:\\\/\\\/www.justretail.news\\\/latam\\\/noticias\\\/mo-global-eyewear-concreta-su-entrada-en-peru-con-dos-tiendas-en-lima\\\/#primaryimage\"},\"thumbnailUrl\":\"https:\\\/\\\/www.justretail.news\\\/latam\\\/wp-content\\\/uploads\\\/2026\\\/04\\\/MO_Peru_2.jpg\",\"keywords\":[\"Jockey Plaza\",\"M\u00d3\",\"Moda\",\"Multi\u00f3pticas\",\"Per\u00fa\"],\"articleSection\":[\"Retailers\"],\"inLanguage\":\"es\"},{\"@type\":\"WebPage\",\"@id\":\"https:\\\/\\\/www.justretail.news\\\/latam\\\/noticias\\\/mo-global-eyewear-concreta-su-entrada-en-peru-con-dos-tiendas-en-lima\\\/\",\"url\":\"https:\\\/\\\/www.justretail.news\\\/latam\\\/noticias\\\/mo-global-eyewear-concreta-su-entrada-en-peru-con-dos-tiendas-en-lima\\\/\",\"name\":\"M\u00d3 Global Eyewear concreta su entrada en Per\u00fa con dos tiendas en Lima - Just Retail Latam\",\"isPartOf\":{\"@id\":\"https:\\\/\\\/www.justretail.news\\\/latam\\\/#website\"},\"primaryImageOfPage\":{\"@id\":\"https:\\\/\\\/www.justretail.news\\\/latam\\\/noticias\\\/mo-global-eyewear-concreta-su-entrada-en-peru-con-dos-tiendas-en-lima\\\/#primaryimage\"},\"image\":{\"@id\":\"https:\\\/\\\/www.justretail.news\\\/latam\\\/noticias\\\/mo-global-eyewear-concreta-su-entrada-en-peru-con-dos-tiendas-en-lima\\\/#primaryimage\"},\"thumbnailUrl\":\"https:\\\/\\\/www.justretail.news\\\/latam\\\/wp-content\\\/uploads\\\/2026\\\/04\\\/MO_Peru_2.jpg\",\"datePublished\":\"2026-04-29T21:11:12+00:00\",\"dateModified\":\"2026-04-29T21:16:01+00:00\",\"description\":\"La cadena espa\u00f1ola de anteojos suma sus dos primeras tiendas en Per\u00fa de la mano de un socio local que tambi\u00e9n opera otras marcas europeas.\",\"breadcrumb\":{\"@id\":\"https:\\\/\\\/www.justretail.news\\\/latam\\\/noticias\\\/mo-global-eyewear-concreta-su-entrada-en-peru-con-dos-tiendas-en-lima\\\/#breadcrumb\"},\"inLanguage\":\"es\",\"potentialAction\":[{\"@type\":\"ReadAction\",\"target\":[\"https:\\\/\\\/www.justretail.news\\\/latam\\\/noticias\\\/mo-global-eyewear-concreta-su-entrada-en-peru-con-dos-tiendas-en-lima\\\/\"]}]},{\"@type\":\"ImageObject\",\"inLanguage\":\"es\",\"@id\":\"https:\\\/\\\/www.justretail.news\\\/latam\\\/noticias\\\/mo-global-eyewear-concreta-su-entrada-en-peru-con-dos-tiendas-en-lima\\\/#primaryimage\",\"url\":\"https:\\\/\\\/www.justretail.news\\\/latam\\\/wp-content\\\/uploads\\\/2026\\\/04\\\/MO_Peru_2.jpg\",\"contentUrl\":\"https:\\\/\\\/www.justretail.news\\\/latam\\\/wp-content\\\/uploads\\\/2026\\\/04\\\/MO_Peru_2.jpg\",\"width\":800,\"height\":534},{\"@type\":\"BreadcrumbList\",\"@id\":\"https:\\\/\\\/www.justretail.news\\\/latam\\\/noticias\\\/mo-global-eyewear-concreta-su-entrada-en-peru-con-dos-tiendas-en-lima\\\/#breadcrumb\",\"itemListElement\":[{\"@type\":\"ListItem\",\"position\":1,\"name\":\"Portada\",\"item\":\"https:\\\/\\\/www.justretail.news\\\/latam\\\/\"},{\"@type\":\"ListItem\",\"position\":2,\"name\":\"M\u00d3 Global Eyewear concreta su entrada en Per\u00fa con dos tiendas en Lima\"}]},{\"@type\":\"WebSite\",\"@id\":\"https:\\\/\\\/www.justretail.news\\\/latam\\\/#website\",\"url\":\"https:\\\/\\\/www.justretail.news\\\/latam\\\/\",\"name\":\"Just Retail Latam\",\"description\":\"\",\"publisher\":{\"@id\":\"https:\\\/\\\/www.justretail.news\\\/latam\\\/#organization\"},\"potentialAction\":[{\"@type\":\"SearchAction\",\"target\":{\"@type\":\"EntryPoint\",\"urlTemplate\":\"https:\\\/\\\/www.justretail.news\\\/latam\\\/?s={search_term_string}\"},\"query-input\":{\"@type\":\"PropertyValueSpecification\",\"valueRequired\":true,\"valueName\":\"search_term_string\"}}],\"inLanguage\":\"es\"},{\"@type\":\"Organization\",\"@id\":\"https:\\\/\\\/www.justretail.news\\\/latam\\\/#organization\",\"name\":\"Just Retail Latam\",\"url\":\"https:\\\/\\\/www.justretail.news\\\/latam\\\/\",\"logo\":{\"@type\":\"ImageObject\",\"inLanguage\":\"es\",\"@id\":\"https:\\\/\\\/www.justretail.news\\\/latam\\\/#\\\/schema\\\/logo\\\/image\\\/\",\"url\":\"https:\\\/\\\/www.justretail.news\\\/latam\\\/wp-content\\\/uploads\\\/2024\\\/05\\\/just-retail-logo-NEGRO-trans-latam-272x90_nuevo.png\",\"contentUrl\":\"https:\\\/\\\/www.justretail.news\\\/latam\\\/wp-content\\\/uploads\\\/2024\\\/05\\\/just-retail-logo-NEGRO-trans-latam-272x90_nuevo.png\",\"width\":272,\"height\":90,\"caption\":\"Just Retail Latam\"},\"image\":{\"@id\":\"https:\\\/\\\/www.justretail.news\\\/latam\\\/#\\\/schema\\\/logo\\\/image\\\/\"}},{\"@type\":\"Person\",\"@id\":\"https:\\\/\\\/www.justretail.news\\\/latam\\\/#\\\/schema\\\/person\\\/1543b9d803b2d5751fba2211e7785c5f\",\"name\":\"Redacci\u00f3n\",\"image\":{\"@type\":\"ImageObject\",\"inLanguage\":\"es\",\"@id\":\"https:\\\/\\\/secure.gravatar.com\\\/avatar\\\/728f66d366b9809efe89ec232bef06263abc057cefaba166bbd45a167e648b3c?s=96&d=mm&r=g\",\"url\":\"https:\\\/\\\/secure.gravatar.com\\\/avatar\\\/728f66d366b9809efe89ec232bef06263abc057cefaba166bbd45a167e648b3c?s=96&d=mm&r=g\",\"contentUrl\":\"https:\\\/\\\/secure.gravatar.com\\\/avatar\\\/728f66d366b9809efe89ec232bef06263abc057cefaba166bbd45a167e648b3c?s=96&d=mm&r=g\",\"caption\":\"Redacci\u00f3n\"},\"sameAs\":[\"https:\\\/\\\/www.justretail.news\\\/latam\"],\"url\":\"https:\\\/\\\/www.justretail.news\\\/latam\\\/noticias\\\/author\\\/latam_master\\\/\"}]}<\/script>\n<!-- \/ Yoast SEO plugin. -->","yoast_head_json":{"title":"M\u00d3 Global Eyewear concreta su entrada en Per\u00fa con dos tiendas en Lima - Just Retail Latam","description":"La cadena espa\u00f1ola de anteojos suma sus dos primeras tiendas en Per\u00fa de la mano de un socio local que tambi\u00e9n opera otras marcas europeas.","robots":{"index":"index","follow":"follow","max-snippet":"max-snippet:-1","max-image-preview":"max-image-preview:large","max-video-preview":"max-video-preview:-1"},"canonical":"https:\/\/www.justretail.news\/latam\/noticias\/mo-global-eyewear-concreta-su-entrada-en-peru-con-dos-tiendas-en-lima\/","og_locale":"es_ES","og_type":"article","og_title":"M\u00d3 Global Eyewear concreta su entrada en Per\u00fa con dos tiendas en Lima - Just Retail Latam","og_description":"La cadena espa\u00f1ola de anteojos suma sus dos primeras tiendas en Per\u00fa de la mano de un socio local que tambi\u00e9n opera otras marcas europeas.","og_url":"https:\/\/www.justretail.news\/latam\/noticias\/mo-global-eyewear-concreta-su-entrada-en-peru-con-dos-tiendas-en-lima\/","og_site_name":"Just Retail Latam","article_published_time":"2026-04-29T21:11:12+00:00","article_modified_time":"2026-04-29T21:16:01+00:00","og_image":[{"width":800,"height":534,"url":"https:\/\/www.justretail.news\/latam\/wp-content\/uploads\/2026\/04\/MO_Peru_2.jpg","type":"image\/jpeg"}],"author":"Redacci\u00f3n","twitter_card":"summary_large_image","twitter_misc":{"Escrito por":"Redacci\u00f3n","Tiempo de lectura":"3 minutos"},"schema":{"@context":"https:\/\/schema.org","@graph":[{"@type":"Article","@id":"https:\/\/www.justretail.news\/latam\/noticias\/mo-global-eyewear-concreta-su-entrada-en-peru-con-dos-tiendas-en-lima\/#article","isPartOf":{"@id":"https:\/\/www.justretail.news\/latam\/noticias\/mo-global-eyewear-concreta-su-entrada-en-peru-con-dos-tiendas-en-lima\/"},"author":{"name":"Redacci\u00f3n","@id":"https:\/\/www.justretail.news\/latam\/#\/schema\/person\/1543b9d803b2d5751fba2211e7785c5f"},"headline":"M\u00d3 Global Eyewear concreta su entrada en Per\u00fa con dos tiendas en Lima","datePublished":"2026-04-29T21:11:12+00:00","dateModified":"2026-04-29T21:16:01+00:00","mainEntityOfPage":{"@id":"https:\/\/www.justretail.news\/latam\/noticias\/mo-global-eyewear-concreta-su-entrada-en-peru-con-dos-tiendas-en-lima\/"},"wordCount":414,"publisher":{"@id":"https:\/\/www.justretail.news\/latam\/#organization"},"image":{"@id":"https:\/\/www.justretail.news\/latam\/noticias\/mo-global-eyewear-concreta-su-entrada-en-peru-con-dos-tiendas-en-lima\/#primaryimage"},"thumbnailUrl":"https:\/\/www.justretail.news\/latam\/wp-content\/uploads\/2026\/04\/MO_Peru_2.jpg","keywords":["Jockey Plaza","M\u00d3","Moda","Multi\u00f3pticas","Per\u00fa"],"articleSection":["Retailers"],"inLanguage":"es"},{"@type":"WebPage","@id":"https:\/\/www.justretail.news\/latam\/noticias\/mo-global-eyewear-concreta-su-entrada-en-peru-con-dos-tiendas-en-lima\/","url":"https:\/\/www.justretail.news\/latam\/noticias\/mo-global-eyewear-concreta-su-entrada-en-peru-con-dos-tiendas-en-lima\/","name":"M\u00d3 Global Eyewear concreta su entrada en Per\u00fa con dos tiendas en Lima - Just Retail Latam","isPartOf":{"@id":"https:\/\/www.justretail.news\/latam\/#website"},"primaryImageOfPage":{"@id":"https:\/\/www.justretail.news\/latam\/noticias\/mo-global-eyewear-concreta-su-entrada-en-peru-con-dos-tiendas-en-lima\/#primaryimage"},"image":{"@id":"https:\/\/www.justretail.news\/latam\/noticias\/mo-global-eyewear-concreta-su-entrada-en-peru-con-dos-tiendas-en-lima\/#primaryimage"},"thumbnailUrl":"https:\/\/www.justretail.news\/latam\/wp-content\/uploads\/2026\/04\/MO_Peru_2.jpg","datePublished":"2026-04-29T21:11:12+00:00","dateModified":"2026-04-29T21:16:01+00:00","description":"La cadena espa\u00f1ola de anteojos suma sus dos primeras tiendas en Per\u00fa de la mano de un socio local que tambi\u00e9n opera otras marcas europeas.","breadcrumb":{"@id":"https:\/\/www.justretail.news\/latam\/noticias\/mo-global-eyewear-concreta-su-entrada-en-peru-con-dos-tiendas-en-lima\/#breadcrumb"},"inLanguage":"es","potentialAction":[{"@type":"ReadAction","target":["https:\/\/www.justretail.news\/latam\/noticias\/mo-global-eyewear-concreta-su-entrada-en-peru-con-dos-tiendas-en-lima\/"]}]},{"@type":"ImageObject","inLanguage":"es","@id":"https:\/\/www.justretail.news\/latam\/noticias\/mo-global-eyewear-concreta-su-entrada-en-peru-con-dos-tiendas-en-lima\/#primaryimage","url":"https:\/\/www.justretail.news\/latam\/wp-content\/uploads\/2026\/04\/MO_Peru_2.jpg","contentUrl":"https:\/\/www.justretail.news\/latam\/wp-content\/uploads\/2026\/04\/MO_Peru_2.jpg","width":800,"height":534},{"@type":"BreadcrumbList","@id":"https:\/\/www.justretail.news\/latam\/noticias\/mo-global-eyewear-concreta-su-entrada-en-peru-con-dos-tiendas-en-lima\/#breadcrumb","itemListElement":[{"@type":"ListItem","position":1,"name":"Portada","item":"https:\/\/www.justretail.news\/latam\/"},{"@type":"ListItem","position":2,"name":"M\u00d3 Global Eyewear concreta su entrada en Per\u00fa con dos tiendas en Lima"}]},{"@type":"WebSite","@id":"https:\/\/www.justretail.news\/latam\/#website","url":"https:\/\/www.justretail.news\/latam\/","name":"Just Retail Latam","description":"","publisher":{"@id":"https:\/\/www.justretail.news\/latam\/#organization"},"potentialAction":[{"@type":"SearchAction","target":{"@type":"EntryPoint","urlTemplate":"https:\/\/www.justretail.news\/latam\/?s={search_term_string}"},"query-input":{"@type":"PropertyValueSpecification","valueRequired":true,"valueName":"search_term_string"}}],"inLanguage":"es"},{"@type":"Organization","@id":"https:\/\/www.justretail.news\/latam\/#organization","name":"Just Retail Latam","url":"https:\/\/www.justretail.news\/latam\/","logo":{"@type":"ImageObject","inLanguage":"es","@id":"https:\/\/www.justretail.news\/latam\/#\/schema\/logo\/image\/","url":"https:\/\/www.justretail.news\/latam\/wp-content\/uploads\/2024\/05\/just-retail-logo-NEGRO-trans-latam-272x90_nuevo.png","contentUrl":"https:\/\/www.justretail.news\/latam\/wp-content\/uploads\/2024\/05\/just-retail-logo-NEGRO-trans-latam-272x90_nuevo.png","width":272,"height":90,"caption":"Just Retail Latam"},"image":{"@id":"https:\/\/www.justretail.news\/latam\/#\/schema\/logo\/image\/"}},{"@type":"Person","@id":"https:\/\/www.justretail.news\/latam\/#\/schema\/person\/1543b9d803b2d5751fba2211e7785c5f","name":"Redacci\u00f3n","image":{"@type":"ImageObject","inLanguage":"es","@id":"https:\/\/secure.gravatar.com\/avatar\/728f66d366b9809efe89ec232bef06263abc057cefaba166bbd45a167e648b3c?s=96&d=mm&r=g","url":"https:\/\/secure.gravatar.com\/avatar\/728f66d366b9809efe89ec232bef06263abc057cefaba166bbd45a167e648b3c?s=96&d=mm&r=g","contentUrl":"https:\/\/secure.gravatar.com\/avatar\/728f66d366b9809efe89ec232bef06263abc057cefaba166bbd45a167e648b3c?s=96&d=mm&r=g","caption":"Redacci\u00f3n"},"sameAs":["https:\/\/www.justretail.news\/latam"],"url":"https:\/\/www.justretail.news\/latam\/noticias\/author\/latam_master\/"}]}},"jetpack_featured_media_url":"https:\/\/www.justretail.news\/latam\/wp-content\/uploads\/2026\/04\/MO_Peru_2.jpg","jetpack_sharing_enabled":true,"_links":{"self":[{"href":"https:\/\/www.justretail.news\/latam\/wp-json\/wp\/v2\/posts\/5767","targetHints":{"allow":["GET"]}}],"collection":[{"href":"https:\/\/www.justretail.news\/latam\/wp-json\/wp\/v2\/posts"}],"about":[{"href":"https:\/\/www.justretail.news\/latam\/wp-json\/wp\/v2\/types\/post"}],"author":[{"embeddable":true,"href":"https:\/\/www.justretail.news\/latam\/wp-json\/wp\/v2\/users\/1"}],"replies":[{"embeddable":true,"href":"https:\/\/www.justretail.news\/latam\/wp-json\/wp\/v2\/comments?post=5767"}],"version-history":[{"count":2,"href":"https:\/\/www.justretail.news\/latam\/wp-json\/wp\/v2\/posts\/5767\/revisions"}],"predecessor-version":[{"id":5772,"href":"https:\/\/www.justretail.news\/latam\/wp-json\/wp\/v2\/posts\/5767\/revisions\/5772"}],"wp:featuredmedia":[{"embeddable":true,"href":"https:\/\/www.justretail.news\/latam\/wp-json\/wp\/v2\/media\/5768"}],"wp:attachment":[{"href":"https:\/\/www.justretail.news\/latam\/wp-json\/wp\/v2\/media?parent=5767"}],"wp:term":[{"taxonomy":"category","embeddable":true,"href":"https:\/\/www.justretail.news\/latam\/wp-json\/wp\/v2\/categories?post=5767"},{"taxonomy":"post_tag","embeddable":true,"href":"https:\/\/www.justretail.news\/latam\/wp-json\/wp\/v2\/tags?post=5767"}],"curies":[{"name":"wp","href":"https:\/\/api.w.org\/{rel}","templated":true}]}}