{"id":5774,"date":"2026-04-29T23:37:24","date_gmt":"2026-04-29T21:37:24","guid":{"rendered":"https:\/\/www.justretail.news\/latam\/?p=5774"},"modified":"2026-04-29T23:37:26","modified_gmt":"2026-04-29T21:37:26","slug":"la-colombiana-grupo-pash-abre-en-guatemala-la-primera-internacional-de-atmos","status":"publish","type":"post","link":"https:\/\/www.justretail.news\/latam\/noticias\/la-colombiana-grupo-pash-abre-en-guatemala-la-primera-internacional-de-atmos\/","title":{"rendered":"La colombiana Grupo Pash abre en Guatemala la primera internacional de Atmos"},"content":{"rendered":"\n<p>La moda colombiana se expande en el extranjero. Grupo Pash, uno de los mayores conglomerados de moda del pa\u00eds sudamericano, anuncia la apertura de la primera tienda de su marca de <em>athleusire<\/em> Atmos fuera de Colombia.<\/p>\n\n\n\n<div class=\"wp-block-jetpack-slideshow aligncenter\" data-effect=\"slide\" style=\"--aspect-ratio:calc(768 \/ 1024)\"><div class=\"wp-block-jetpack-slideshow_container swiper\"><ul class=\"wp-block-jetpack-slideshow_swiper-wrapper swiper-wrapper\"><li class=\"wp-block-jetpack-slideshow_slide swiper-slide\"><figure><img loading=\"lazy\" decoding=\"async\" width=\"768\" height=\"1024\" alt=\"\" class=\"wp-block-jetpack-slideshow_image wp-image-5777\" data-id=\"5777\" data-aspect-ratio=\"768 \/ 1024\" src=\"https:\/\/www.justretail.news\/latam\/wp-content\/uploads\/2026\/04\/Tienda-Atmos-Guatemala-1-1-768x1024.jpg\" srcset=\"https:\/\/www.justretail.news\/latam\/wp-content\/uploads\/2026\/04\/Tienda-Atmos-Guatemala-1-1-768x1024.jpg 768w, https:\/\/www.justretail.news\/latam\/wp-content\/uploads\/2026\/04\/Tienda-Atmos-Guatemala-1-1-225x300.jpg 225w, https:\/\/www.justretail.news\/latam\/wp-content\/uploads\/2026\/04\/Tienda-Atmos-Guatemala-1-1-315x420.jpg 315w, https:\/\/www.justretail.news\/latam\/wp-content\/uploads\/2026\/04\/Tienda-Atmos-Guatemala-1-1-150x200.jpg 150w, https:\/\/www.justretail.news\/latam\/wp-content\/uploads\/2026\/04\/Tienda-Atmos-Guatemala-1-1-300x400.jpg 300w, https:\/\/www.justretail.news\/latam\/wp-content\/uploads\/2026\/04\/Tienda-Atmos-Guatemala-1-1-696x928.jpg 696w, https:\/\/www.justretail.news\/latam\/wp-content\/uploads\/2026\/04\/Tienda-Atmos-Guatemala-1-1-scaled.jpg 600w\" sizes=\"(max-width: 768px) 100vw, 768px\" \/><\/figure><\/li><li class=\"wp-block-jetpack-slideshow_slide swiper-slide\"><figure><img loading=\"lazy\" decoding=\"async\" width=\"768\" height=\"1024\" alt=\"\" class=\"wp-block-jetpack-slideshow_image wp-image-5776\" data-id=\"5776\" data-aspect-ratio=\"768 \/ 1024\" src=\"https:\/\/www.justretail.news\/latam\/wp-content\/uploads\/2026\/04\/Tienda-Atmos-Guatemala-5-1-768x1024.jpg\" srcset=\"https:\/\/www.justretail.news\/latam\/wp-content\/uploads\/2026\/04\/Tienda-Atmos-Guatemala-5-1-768x1024.jpg 768w, https:\/\/www.justretail.news\/latam\/wp-content\/uploads\/2026\/04\/Tienda-Atmos-Guatemala-5-1-225x300.jpg 225w, https:\/\/www.justretail.news\/latam\/wp-content\/uploads\/2026\/04\/Tienda-Atmos-Guatemala-5-1-315x420.jpg 315w, https:\/\/www.justretail.news\/latam\/wp-content\/uploads\/2026\/04\/Tienda-Atmos-Guatemala-5-1-150x200.jpg 150w, https:\/\/www.justretail.news\/latam\/wp-content\/uploads\/2026\/04\/Tienda-Atmos-Guatemala-5-1-300x400.jpg 300w, https:\/\/www.justretail.news\/latam\/wp-content\/uploads\/2026\/04\/Tienda-Atmos-Guatemala-5-1-696x928.jpg 696w, https:\/\/www.justretail.news\/latam\/wp-content\/uploads\/2026\/04\/Tienda-Atmos-Guatemala-5-1-scaled.jpg 600w\" sizes=\"(max-width: 768px) 100vw, 768px\" \/><\/figure><\/li><li class=\"wp-block-jetpack-slideshow_slide swiper-slide\"><figure><img loading=\"lazy\" decoding=\"async\" width=\"768\" height=\"1024\" alt=\"\" class=\"wp-block-jetpack-slideshow_image wp-image-5778\" data-id=\"5778\" data-aspect-ratio=\"768 \/ 1024\" src=\"https:\/\/www.justretail.news\/latam\/wp-content\/uploads\/2026\/04\/Tienda-Atmos-Guatemala-7-1-768x1024.jpg\" srcset=\"https:\/\/www.justretail.news\/latam\/wp-content\/uploads\/2026\/04\/Tienda-Atmos-Guatemala-7-1-768x1024.jpg 768w, https:\/\/www.justretail.news\/latam\/wp-content\/uploads\/2026\/04\/Tienda-Atmos-Guatemala-7-1-225x300.jpg 225w, https:\/\/www.justretail.news\/latam\/wp-content\/uploads\/2026\/04\/Tienda-Atmos-Guatemala-7-1-315x420.jpg 315w, https:\/\/www.justretail.news\/latam\/wp-content\/uploads\/2026\/04\/Tienda-Atmos-Guatemala-7-1-150x200.jpg 150w, https:\/\/www.justretail.news\/latam\/wp-content\/uploads\/2026\/04\/Tienda-Atmos-Guatemala-7-1-300x400.jpg 300w, https:\/\/www.justretail.news\/latam\/wp-content\/uploads\/2026\/04\/Tienda-Atmos-Guatemala-7-1-696x928.jpg 696w, https:\/\/www.justretail.news\/latam\/wp-content\/uploads\/2026\/04\/Tienda-Atmos-Guatemala-7-1-scaled.jpg 600w\" sizes=\"(max-width: 768px) 100vw, 768px\" \/><\/figure><\/li><\/ul><a class=\"wp-block-jetpack-slideshow_button-prev swiper-button-prev swiper-button-white\" role=\"button\"><\/a><a class=\"wp-block-jetpack-slideshow_button-next swiper-button-next swiper-button-white\" role=\"button\"><\/a><a aria-label=\"Pause Slideshow\" class=\"wp-block-jetpack-slideshow_button-pause\" role=\"button\"><\/a><div class=\"wp-block-jetpack-slideshow_pagination swiper-pagination swiper-pagination-white\"><\/div><\/div><\/div>\n\n\n\n<p>El pa\u00eds elegido fue Guatemala, tras un asesoramiento y alianza con Retail Mind Group. De acuerdo con Grupo Pash, esta expansi\u00f3n representa un paso estrat\u00e9gico en la consolidaci\u00f3n de su crecimiento regional y la validaci\u00f3n de un modelo de marca con potencia internacional.<\/p>\n\n\n\n<p><strong>La elecci\u00f3n de Guatemala<\/strong> como el primer destino internacional de Atmos se basa en dos pilares clave. Por un lado, se identifica un alto potencial de mercado en la categor\u00eda <em>athleisure<\/em>, con un consumidor local cada vez m\u00e1s conectado con el bienestar y un estilo de vida activo. Por otro lado, su ubicaci\u00f3n tambi\u00e9n lo convierte en un <strong>punto estrat\u00e9gico para la expansi\u00f3n en Centroam\u00e9rica y en un primer paso natural en el proceso de internacionalizaci\u00f3n<\/strong>.<\/p>\n\n\n\n<p>\u201cEsta es una oportunidad para llevar la propuesta de valor de Atmos a nuevos mercados y seguir construyendo una marca relevante m\u00e1s all\u00e1 de Colombia\u201d, asegur\u00f3 Natalia Gaviria Var\u00f3n, directora de marketing de la compa\u00f1\u00eda.<\/p>\n\n\n\n<h2 class=\"wp-block-heading\">ADN de marca y futuro<\/h2>\n\n\n\n<p><strong>La oferta de Atmos en Guatemala mantendr\u00e1 el ADN de la marca basado en dise\u00f1o, funcionalidad y versatilidad.<\/strong> En cuanto a los planes futuros, Grupo Pash mantiene una visi\u00f3n de crecimiento progresiva. En el corto plazo, el enfoque est\u00e1 en la consolidaci\u00f3n local para entender al consumidor y aprender del mercado, permitiendo evaluar estrat\u00e9gicamente futuras oportunidades de crecimiento en el pa\u00eds.<\/p>\n\n\n\n<p>Asimismo, la empresa proyecta seguir creciendo de manera estrat\u00e9gica en Latinoam\u00e9rica, priorizando un crecimiento controlado y sostenible en el mediano y largo plazo. Una vez consolidada su presencia regional Grupo Pash evaluar\u00e1 nuevas oportunidades en otros mercados internacionales, incluyendo Europa, siempre alineadas con el ritmo de crecimiento y las condiciones de cada mercado.<\/p>\n\n\n\n<p>Fundado en 1981 en Bogot\u00e1, Grupo Pash se especializa en la fabricaci\u00f3n y venta al por menor de ropa para hombre, mujer y ni\u00f1o, con marcas propias como Patprimo, Seven Seven, Ostu y la marca de ropa deportiva y <em>athleisure<\/em> Atmos. El grupo est\u00e1 asociado a Manufacturas Eliot, la mayor empresa textil de Colombia.<\/p>\n","protected":false},"excerpt":{"rendered":"<p>La empresa, due\u00f1a de otras marcas como Patprimo o SevenSeven, se ha aliado a Retail Mind Group para llegar a Guatemala. <\/p>\n","protected":false},"author":1,"featured_media":5775,"comment_status":"closed","ping_status":"open","sticky":false,"template":"","format":"standard","meta":{"_jetpack_memberships_contains_paid_content":false,"footnotes":""},"categories":[37],"tags":[1235,1074,220,417,483],"class_list":{"0":"post-5774","1":"post","2":"type-post","3":"status-publish","4":"format-standard","5":"has-post-thumbnail","7":"category-retailers","8":"tag-atmos","9":"tag-grupo-pash","10":"tag-guatemala","11":"tag-moda","12":"tag-retail-mind-group"},"yoast_head":"<!-- This site is optimized with the Yoast SEO plugin v27.4 - https:\/\/yoast.com\/product\/yoast-seo-wordpress\/ -->\n<title>La colombiana Grupo Pash abre en Guatemala la primera internacional de Atmos - Just Retail Latam<\/title>\n<meta name=\"description\" content=\"El grupo colombiano inicia en Guatemala la internacionalizaci\u00f3n de Atmos, anticipando una futura expansi\u00f3n en Centroam\u00e9rica.\" \/>\n<meta name=\"robots\" content=\"index, follow, max-snippet:-1, max-image-preview:large, max-video-preview:-1\" \/>\n<link rel=\"canonical\" href=\"https:\/\/www.justretail.news\/latam\/noticias\/la-colombiana-grupo-pash-abre-en-guatemala-la-primera-internacional-de-atmos\/\" \/>\n<meta property=\"og:locale\" content=\"es_ES\" \/>\n<meta property=\"og:type\" content=\"article\" \/>\n<meta property=\"og:title\" content=\"La colombiana Grupo Pash abre en Guatemala la primera internacional de Atmos - Just Retail Latam\" \/>\n<meta property=\"og:description\" content=\"El grupo colombiano inicia en Guatemala la internacionalizaci\u00f3n de Atmos, anticipando una futura expansi\u00f3n en Centroam\u00e9rica.\" \/>\n<meta property=\"og:url\" content=\"https:\/\/www.justretail.news\/latam\/noticias\/la-colombiana-grupo-pash-abre-en-guatemala-la-primera-internacional-de-atmos\/\" \/>\n<meta property=\"og:site_name\" content=\"Just Retail Latam\" \/>\n<meta property=\"article:published_time\" content=\"2026-04-29T21:37:24+00:00\" \/>\n<meta property=\"article:modified_time\" content=\"2026-04-29T21:37:26+00:00\" \/>\n<meta property=\"og:image\" content=\"https:\/\/www.justretail.news\/latam\/wp-content\/uploads\/2026\/04\/atmos-guatemala-1.jpg\" \/>\n\t<meta property=\"og:image:width\" content=\"800\" \/>\n\t<meta property=\"og:image:height\" content=\"485\" \/>\n\t<meta property=\"og:image:type\" content=\"image\/jpeg\" \/>\n<meta name=\"author\" content=\"Redacci\u00f3n\" \/>\n<meta name=\"twitter:card\" content=\"summary_large_image\" \/>\n<meta name=\"twitter:label1\" content=\"Escrito por\" \/>\n\t<meta name=\"twitter:data1\" content=\"Redacci\u00f3n\" \/>\n\t<meta name=\"twitter:label2\" content=\"Tiempo de lectura\" \/>\n\t<meta name=\"twitter:data2\" content=\"3 minutos\" \/>\n<script type=\"application\/ld+json\" class=\"yoast-schema-graph\">{\"@context\":\"https:\\\/\\\/schema.org\",\"@graph\":[{\"@type\":\"Article\",\"@id\":\"https:\\\/\\\/www.justretail.news\\\/latam\\\/noticias\\\/la-colombiana-grupo-pash-abre-en-guatemala-la-primera-internacional-de-atmos\\\/#article\",\"isPartOf\":{\"@id\":\"https:\\\/\\\/www.justretail.news\\\/latam\\\/noticias\\\/la-colombiana-grupo-pash-abre-en-guatemala-la-primera-internacional-de-atmos\\\/\"},\"author\":{\"name\":\"Redacci\u00f3n\",\"@id\":\"https:\\\/\\\/www.justretail.news\\\/latam\\\/#\\\/schema\\\/person\\\/1543b9d803b2d5751fba2211e7785c5f\"},\"headline\":\"La colombiana Grupo Pash abre en Guatemala la primera internacional de Atmos\",\"datePublished\":\"2026-04-29T21:37:24+00:00\",\"dateModified\":\"2026-04-29T21:37:26+00:00\",\"mainEntityOfPage\":{\"@id\":\"https:\\\/\\\/www.justretail.news\\\/latam\\\/noticias\\\/la-colombiana-grupo-pash-abre-en-guatemala-la-primera-internacional-de-atmos\\\/\"},\"wordCount\":401,\"publisher\":{\"@id\":\"https:\\\/\\\/www.justretail.news\\\/latam\\\/#organization\"},\"image\":{\"@id\":\"https:\\\/\\\/www.justretail.news\\\/latam\\\/noticias\\\/la-colombiana-grupo-pash-abre-en-guatemala-la-primera-internacional-de-atmos\\\/#primaryimage\"},\"thumbnailUrl\":\"https:\\\/\\\/www.justretail.news\\\/latam\\\/wp-content\\\/uploads\\\/2026\\\/04\\\/atmos-guatemala-1.jpg\",\"keywords\":[\"Atmos\",\"Grupo Pash\",\"Guatemala\",\"Moda\",\"Retail mind Group\"],\"articleSection\":[\"Retailers\"],\"inLanguage\":\"es\"},{\"@type\":\"WebPage\",\"@id\":\"https:\\\/\\\/www.justretail.news\\\/latam\\\/noticias\\\/la-colombiana-grupo-pash-abre-en-guatemala-la-primera-internacional-de-atmos\\\/\",\"url\":\"https:\\\/\\\/www.justretail.news\\\/latam\\\/noticias\\\/la-colombiana-grupo-pash-abre-en-guatemala-la-primera-internacional-de-atmos\\\/\",\"name\":\"La colombiana Grupo Pash abre en Guatemala la primera internacional de Atmos - Just Retail Latam\",\"isPartOf\":{\"@id\":\"https:\\\/\\\/www.justretail.news\\\/latam\\\/#website\"},\"primaryImageOfPage\":{\"@id\":\"https:\\\/\\\/www.justretail.news\\\/latam\\\/noticias\\\/la-colombiana-grupo-pash-abre-en-guatemala-la-primera-internacional-de-atmos\\\/#primaryimage\"},\"image\":{\"@id\":\"https:\\\/\\\/www.justretail.news\\\/latam\\\/noticias\\\/la-colombiana-grupo-pash-abre-en-guatemala-la-primera-internacional-de-atmos\\\/#primaryimage\"},\"thumbnailUrl\":\"https:\\\/\\\/www.justretail.news\\\/latam\\\/wp-content\\\/uploads\\\/2026\\\/04\\\/atmos-guatemala-1.jpg\",\"datePublished\":\"2026-04-29T21:37:24+00:00\",\"dateModified\":\"2026-04-29T21:37:26+00:00\",\"description\":\"El grupo colombiano inicia en Guatemala la internacionalizaci\u00f3n de Atmos, anticipando una futura expansi\u00f3n en Centroam\u00e9rica.\",\"breadcrumb\":{\"@id\":\"https:\\\/\\\/www.justretail.news\\\/latam\\\/noticias\\\/la-colombiana-grupo-pash-abre-en-guatemala-la-primera-internacional-de-atmos\\\/#breadcrumb\"},\"inLanguage\":\"es\",\"potentialAction\":[{\"@type\":\"ReadAction\",\"target\":[\"https:\\\/\\\/www.justretail.news\\\/latam\\\/noticias\\\/la-colombiana-grupo-pash-abre-en-guatemala-la-primera-internacional-de-atmos\\\/\"]}]},{\"@type\":\"ImageObject\",\"inLanguage\":\"es\",\"@id\":\"https:\\\/\\\/www.justretail.news\\\/latam\\\/noticias\\\/la-colombiana-grupo-pash-abre-en-guatemala-la-primera-internacional-de-atmos\\\/#primaryimage\",\"url\":\"https:\\\/\\\/www.justretail.news\\\/latam\\\/wp-content\\\/uploads\\\/2026\\\/04\\\/atmos-guatemala-1.jpg\",\"contentUrl\":\"https:\\\/\\\/www.justretail.news\\\/latam\\\/wp-content\\\/uploads\\\/2026\\\/04\\\/atmos-guatemala-1.jpg\",\"width\":800,\"height\":485},{\"@type\":\"BreadcrumbList\",\"@id\":\"https:\\\/\\\/www.justretail.news\\\/latam\\\/noticias\\\/la-colombiana-grupo-pash-abre-en-guatemala-la-primera-internacional-de-atmos\\\/#breadcrumb\",\"itemListElement\":[{\"@type\":\"ListItem\",\"position\":1,\"name\":\"Portada\",\"item\":\"https:\\\/\\\/www.justretail.news\\\/latam\\\/\"},{\"@type\":\"ListItem\",\"position\":2,\"name\":\"La colombiana Grupo Pash abre en Guatemala la primera internacional de Atmos\"}]},{\"@type\":\"WebSite\",\"@id\":\"https:\\\/\\\/www.justretail.news\\\/latam\\\/#website\",\"url\":\"https:\\\/\\\/www.justretail.news\\\/latam\\\/\",\"name\":\"Just Retail Latam\",\"description\":\"\",\"publisher\":{\"@id\":\"https:\\\/\\\/www.justretail.news\\\/latam\\\/#organization\"},\"potentialAction\":[{\"@type\":\"SearchAction\",\"target\":{\"@type\":\"EntryPoint\",\"urlTemplate\":\"https:\\\/\\\/www.justretail.news\\\/latam\\\/?s={search_term_string}\"},\"query-input\":{\"@type\":\"PropertyValueSpecification\",\"valueRequired\":true,\"valueName\":\"search_term_string\"}}],\"inLanguage\":\"es\"},{\"@type\":\"Organization\",\"@id\":\"https:\\\/\\\/www.justretail.news\\\/latam\\\/#organization\",\"name\":\"Just Retail Latam\",\"url\":\"https:\\\/\\\/www.justretail.news\\\/latam\\\/\",\"logo\":{\"@type\":\"ImageObject\",\"inLanguage\":\"es\",\"@id\":\"https:\\\/\\\/www.justretail.news\\\/latam\\\/#\\\/schema\\\/logo\\\/image\\\/\",\"url\":\"https:\\\/\\\/www.justretail.news\\\/latam\\\/wp-content\\\/uploads\\\/2024\\\/05\\\/just-retail-logo-NEGRO-trans-latam-272x90_nuevo.png\",\"contentUrl\":\"https:\\\/\\\/www.justretail.news\\\/latam\\\/wp-content\\\/uploads\\\/2024\\\/05\\\/just-retail-logo-NEGRO-trans-latam-272x90_nuevo.png\",\"width\":272,\"height\":90,\"caption\":\"Just Retail Latam\"},\"image\":{\"@id\":\"https:\\\/\\\/www.justretail.news\\\/latam\\\/#\\\/schema\\\/logo\\\/image\\\/\"}},{\"@type\":\"Person\",\"@id\":\"https:\\\/\\\/www.justretail.news\\\/latam\\\/#\\\/schema\\\/person\\\/1543b9d803b2d5751fba2211e7785c5f\",\"name\":\"Redacci\u00f3n\",\"image\":{\"@type\":\"ImageObject\",\"inLanguage\":\"es\",\"@id\":\"https:\\\/\\\/secure.gravatar.com\\\/avatar\\\/728f66d366b9809efe89ec232bef06263abc057cefaba166bbd45a167e648b3c?s=96&d=mm&r=g\",\"url\":\"https:\\\/\\\/secure.gravatar.com\\\/avatar\\\/728f66d366b9809efe89ec232bef06263abc057cefaba166bbd45a167e648b3c?s=96&d=mm&r=g\",\"contentUrl\":\"https:\\\/\\\/secure.gravatar.com\\\/avatar\\\/728f66d366b9809efe89ec232bef06263abc057cefaba166bbd45a167e648b3c?s=96&d=mm&r=g\",\"caption\":\"Redacci\u00f3n\"},\"sameAs\":[\"https:\\\/\\\/www.justretail.news\\\/latam\"],\"url\":\"https:\\\/\\\/www.justretail.news\\\/latam\\\/noticias\\\/author\\\/latam_master\\\/\"}]}<\/script>\n<!-- \/ Yoast SEO plugin. -->","yoast_head_json":{"title":"La colombiana Grupo Pash abre en Guatemala la primera internacional de Atmos - Just Retail Latam","description":"El grupo colombiano inicia en Guatemala la internacionalizaci\u00f3n de Atmos, anticipando una futura expansi\u00f3n en Centroam\u00e9rica.","robots":{"index":"index","follow":"follow","max-snippet":"max-snippet:-1","max-image-preview":"max-image-preview:large","max-video-preview":"max-video-preview:-1"},"canonical":"https:\/\/www.justretail.news\/latam\/noticias\/la-colombiana-grupo-pash-abre-en-guatemala-la-primera-internacional-de-atmos\/","og_locale":"es_ES","og_type":"article","og_title":"La colombiana Grupo Pash abre en Guatemala la primera internacional de Atmos - Just Retail Latam","og_description":"El grupo colombiano inicia en Guatemala la internacionalizaci\u00f3n de Atmos, anticipando una futura expansi\u00f3n en Centroam\u00e9rica.","og_url":"https:\/\/www.justretail.news\/latam\/noticias\/la-colombiana-grupo-pash-abre-en-guatemala-la-primera-internacional-de-atmos\/","og_site_name":"Just Retail Latam","article_published_time":"2026-04-29T21:37:24+00:00","article_modified_time":"2026-04-29T21:37:26+00:00","og_image":[{"width":800,"height":485,"url":"https:\/\/www.justretail.news\/latam\/wp-content\/uploads\/2026\/04\/atmos-guatemala-1.jpg","type":"image\/jpeg"}],"author":"Redacci\u00f3n","twitter_card":"summary_large_image","twitter_misc":{"Escrito por":"Redacci\u00f3n","Tiempo de lectura":"3 minutos"},"schema":{"@context":"https:\/\/schema.org","@graph":[{"@type":"Article","@id":"https:\/\/www.justretail.news\/latam\/noticias\/la-colombiana-grupo-pash-abre-en-guatemala-la-primera-internacional-de-atmos\/#article","isPartOf":{"@id":"https:\/\/www.justretail.news\/latam\/noticias\/la-colombiana-grupo-pash-abre-en-guatemala-la-primera-internacional-de-atmos\/"},"author":{"name":"Redacci\u00f3n","@id":"https:\/\/www.justretail.news\/latam\/#\/schema\/person\/1543b9d803b2d5751fba2211e7785c5f"},"headline":"La colombiana Grupo Pash abre en Guatemala la primera internacional de Atmos","datePublished":"2026-04-29T21:37:24+00:00","dateModified":"2026-04-29T21:37:26+00:00","mainEntityOfPage":{"@id":"https:\/\/www.justretail.news\/latam\/noticias\/la-colombiana-grupo-pash-abre-en-guatemala-la-primera-internacional-de-atmos\/"},"wordCount":401,"publisher":{"@id":"https:\/\/www.justretail.news\/latam\/#organization"},"image":{"@id":"https:\/\/www.justretail.news\/latam\/noticias\/la-colombiana-grupo-pash-abre-en-guatemala-la-primera-internacional-de-atmos\/#primaryimage"},"thumbnailUrl":"https:\/\/www.justretail.news\/latam\/wp-content\/uploads\/2026\/04\/atmos-guatemala-1.jpg","keywords":["Atmos","Grupo Pash","Guatemala","Moda","Retail mind Group"],"articleSection":["Retailers"],"inLanguage":"es"},{"@type":"WebPage","@id":"https:\/\/www.justretail.news\/latam\/noticias\/la-colombiana-grupo-pash-abre-en-guatemala-la-primera-internacional-de-atmos\/","url":"https:\/\/www.justretail.news\/latam\/noticias\/la-colombiana-grupo-pash-abre-en-guatemala-la-primera-internacional-de-atmos\/","name":"La colombiana Grupo Pash abre en Guatemala la primera internacional de Atmos - Just Retail Latam","isPartOf":{"@id":"https:\/\/www.justretail.news\/latam\/#website"},"primaryImageOfPage":{"@id":"https:\/\/www.justretail.news\/latam\/noticias\/la-colombiana-grupo-pash-abre-en-guatemala-la-primera-internacional-de-atmos\/#primaryimage"},"image":{"@id":"https:\/\/www.justretail.news\/latam\/noticias\/la-colombiana-grupo-pash-abre-en-guatemala-la-primera-internacional-de-atmos\/#primaryimage"},"thumbnailUrl":"https:\/\/www.justretail.news\/latam\/wp-content\/uploads\/2026\/04\/atmos-guatemala-1.jpg","datePublished":"2026-04-29T21:37:24+00:00","dateModified":"2026-04-29T21:37:26+00:00","description":"El grupo colombiano inicia en Guatemala la internacionalizaci\u00f3n de Atmos, anticipando una futura expansi\u00f3n en Centroam\u00e9rica.","breadcrumb":{"@id":"https:\/\/www.justretail.news\/latam\/noticias\/la-colombiana-grupo-pash-abre-en-guatemala-la-primera-internacional-de-atmos\/#breadcrumb"},"inLanguage":"es","potentialAction":[{"@type":"ReadAction","target":["https:\/\/www.justretail.news\/latam\/noticias\/la-colombiana-grupo-pash-abre-en-guatemala-la-primera-internacional-de-atmos\/"]}]},{"@type":"ImageObject","inLanguage":"es","@id":"https:\/\/www.justretail.news\/latam\/noticias\/la-colombiana-grupo-pash-abre-en-guatemala-la-primera-internacional-de-atmos\/#primaryimage","url":"https:\/\/www.justretail.news\/latam\/wp-content\/uploads\/2026\/04\/atmos-guatemala-1.jpg","contentUrl":"https:\/\/www.justretail.news\/latam\/wp-content\/uploads\/2026\/04\/atmos-guatemala-1.jpg","width":800,"height":485},{"@type":"BreadcrumbList","@id":"https:\/\/www.justretail.news\/latam\/noticias\/la-colombiana-grupo-pash-abre-en-guatemala-la-primera-internacional-de-atmos\/#breadcrumb","itemListElement":[{"@type":"ListItem","position":1,"name":"Portada","item":"https:\/\/www.justretail.news\/latam\/"},{"@type":"ListItem","position":2,"name":"La colombiana Grupo Pash abre en Guatemala la primera internacional de Atmos"}]},{"@type":"WebSite","@id":"https:\/\/www.justretail.news\/latam\/#website","url":"https:\/\/www.justretail.news\/latam\/","name":"Just Retail Latam","description":"","publisher":{"@id":"https:\/\/www.justretail.news\/latam\/#organization"},"potentialAction":[{"@type":"SearchAction","target":{"@type":"EntryPoint","urlTemplate":"https:\/\/www.justretail.news\/latam\/?s={search_term_string}"},"query-input":{"@type":"PropertyValueSpecification","valueRequired":true,"valueName":"search_term_string"}}],"inLanguage":"es"},{"@type":"Organization","@id":"https:\/\/www.justretail.news\/latam\/#organization","name":"Just Retail Latam","url":"https:\/\/www.justretail.news\/latam\/","logo":{"@type":"ImageObject","inLanguage":"es","@id":"https:\/\/www.justretail.news\/latam\/#\/schema\/logo\/image\/","url":"https:\/\/www.justretail.news\/latam\/wp-content\/uploads\/2024\/05\/just-retail-logo-NEGRO-trans-latam-272x90_nuevo.png","contentUrl":"https:\/\/www.justretail.news\/latam\/wp-content\/uploads\/2024\/05\/just-retail-logo-NEGRO-trans-latam-272x90_nuevo.png","width":272,"height":90,"caption":"Just Retail Latam"},"image":{"@id":"https:\/\/www.justretail.news\/latam\/#\/schema\/logo\/image\/"}},{"@type":"Person","@id":"https:\/\/www.justretail.news\/latam\/#\/schema\/person\/1543b9d803b2d5751fba2211e7785c5f","name":"Redacci\u00f3n","image":{"@type":"ImageObject","inLanguage":"es","@id":"https:\/\/secure.gravatar.com\/avatar\/728f66d366b9809efe89ec232bef06263abc057cefaba166bbd45a167e648b3c?s=96&d=mm&r=g","url":"https:\/\/secure.gravatar.com\/avatar\/728f66d366b9809efe89ec232bef06263abc057cefaba166bbd45a167e648b3c?s=96&d=mm&r=g","contentUrl":"https:\/\/secure.gravatar.com\/avatar\/728f66d366b9809efe89ec232bef06263abc057cefaba166bbd45a167e648b3c?s=96&d=mm&r=g","caption":"Redacci\u00f3n"},"sameAs":["https:\/\/www.justretail.news\/latam"],"url":"https:\/\/www.justretail.news\/latam\/noticias\/author\/latam_master\/"}]}},"jetpack_featured_media_url":"https:\/\/www.justretail.news\/latam\/wp-content\/uploads\/2026\/04\/atmos-guatemala-1.jpg","jetpack_sharing_enabled":true,"_links":{"self":[{"href":"https:\/\/www.justretail.news\/latam\/wp-json\/wp\/v2\/posts\/5774","targetHints":{"allow":["GET"]}}],"collection":[{"href":"https:\/\/www.justretail.news\/latam\/wp-json\/wp\/v2\/posts"}],"about":[{"href":"https:\/\/www.justretail.news\/latam\/wp-json\/wp\/v2\/types\/post"}],"author":[{"embeddable":true,"href":"https:\/\/www.justretail.news\/latam\/wp-json\/wp\/v2\/users\/1"}],"replies":[{"embeddable":true,"href":"https:\/\/www.justretail.news\/latam\/wp-json\/wp\/v2\/comments?post=5774"}],"version-history":[{"count":1,"href":"https:\/\/www.justretail.news\/latam\/wp-json\/wp\/v2\/posts\/5774\/revisions"}],"predecessor-version":[{"id":5779,"href":"https:\/\/www.justretail.news\/latam\/wp-json\/wp\/v2\/posts\/5774\/revisions\/5779"}],"wp:featuredmedia":[{"embeddable":true,"href":"https:\/\/www.justretail.news\/latam\/wp-json\/wp\/v2\/media\/5775"}],"wp:attachment":[{"href":"https:\/\/www.justretail.news\/latam\/wp-json\/wp\/v2\/media?parent=5774"}],"wp:term":[{"taxonomy":"category","embeddable":true,"href":"https:\/\/www.justretail.news\/latam\/wp-json\/wp\/v2\/categories?post=5774"},{"taxonomy":"post_tag","embeddable":true,"href":"https:\/\/www.justretail.news\/latam\/wp-json\/wp\/v2\/tags?post=5774"}],"curies":[{"name":"wp","href":"https:\/\/api.w.org\/{rel}","templated":true}]}}