{"id":6571,"date":"2026-08-31T19:55:11","date_gmt":"2026-08-31T17:55:11","guid":{"rendered":"https:\/\/www.justretail.news\/latam\/?p=6571"},"modified":"2026-08-31T19:55:13","modified_gmt":"2026-08-31T17:55:13","slug":"los-alfajores-havanna-ganan-posiciones-en-brasil-con-mas-de-60-aperturas","status":"publish","type":"post","link":"https:\/\/www.justretail.news\/latam\/noticias\/los-alfajores-havanna-ganan-posiciones-en-brasil-con-mas-de-60-aperturas\/","title":{"rendered":"Los alfajores Havanna ganan posiciones en Brasil con m\u00e1s de 60 aperturas"},"content":{"rendered":"\n<p class=\"wp-block-paragraph\">Havanna pisa el acelerador en Brasil. La compa\u00f1\u00eda argentina de cafeter\u00edas, alfajores y dulce de leche prev\u00e9<strong> inaugurar m\u00e1s de 60 establecimientos en el pa\u00eds hasta diciembre de 2026<\/strong>, una cifra equivalente a cerca de una cuarta parte de su red actual en este mercado.<\/p>\n\n\n\n<p class=\"wp-block-paragraph\">La empresa cuenta con <strong>m\u00e1s de 250 puntos de venta en Brasil<\/strong>, operados en su mayor\u00eda bajo el modelo de franquicia. En abril, la red estaba formada por 251 establecimientos y alrededor del 70% se encontraba en manos de franquiciados.<\/p>\n\n\n\n<p class=\"wp-block-paragraph\">Entre las pr\u00f3ximas inauguraciones se encuentra una tienda en <strong>Shopping Jardim Sul, en S\u00e3o Paulo<\/strong>, cuya apertura est\u00e1 programada para septiembre. La cadena combina sus cafeter\u00edas tradicionales con formatos express y helader\u00edas, una de las principales apuestas para acelerar su presencia en el mercado brasile\u00f1o.<\/p>\n\n\n\n<p class=\"wp-block-paragraph\">Durante el primer semestre de 2026, Havanna abri\u00f3 m\u00e1s de treinta establecimientos en el pa\u00eds. La compa\u00f1\u00eda proyectaba elevar alrededor de un 20% sus ingresos este a\u00f1o, hasta aproximadamente <strong>500 millones de reales (unos 92,5 millones de d\u00f3lares)<\/strong>, frente a los 420 millones de reales registrados en 2025.<\/p>\n\n\n\n<p class=\"wp-block-paragraph\">A m\u00e1s largo plazo, <strong>la empresa se ha marcado el objetivo de alcanzar m\u00e1s de 700 puntos de venta en Brasil en 2030<\/strong>, incluyendo los distintos formatos con los que opera en el mercado.<\/p>\n\n\n\n<p class=\"wp-block-paragraph\">El avance de la cadena se produce mientras su grupo accionista renegocia una deuda de <strong>127,7 millones de reales, equivalentes a 24,8 millones de d\u00f3lares<\/strong>, mediante un proceso de recuperaci\u00f3n extrajudicial que involucra a seis sociedades controladas por el empresario Marcos Rothenberg.<\/p>\n\n\n\n<p class=\"wp-block-paragraph\">La propuesta presentada a los acreedores contempla descuentos de hasta el 95% para determinados cr\u00e9ditos, un periodo de gracia de doce meses y plazos de pago de hasta diez a\u00f1os. Havanna ha asegurado que el pasivo procede principalmente de obligaciones contra\u00eddas por otras empresas del grupo y que <strong>la reestructuraci\u00f3n no responde a dificultades operativas o financieras de la cadena<\/strong>.<\/p>\n\n\n\n<p class=\"wp-block-paragraph\">La empresa tambi\u00e9n contin\u00faa ampliando la distribuci\u00f3n de sus productos fuera de su red comercial. El pasado abril, Havanna alcanz\u00f3 un acuerdo con la aerol\u00ednea Azul para distribuir <strong>30.000 alfajores en vuelos internacionales con salida desde Campinas<\/strong>.<\/p>\n\n\n\n<p class=\"wp-block-paragraph\">Havanna opera en Brasil desde 2006 y compite tanto en el mercado de cafeter\u00edas como en el segmento de helados premium. La compa\u00f1\u00eda tiene presencia en doce pa\u00edses y comercializa sus productos mediante tiendas, franquicias y otros canales de distribuci\u00f3n.<\/p>\n","protected":false},"excerpt":{"rendered":"<p>La cadena argentina mantendr\u00e1 su plan de expansi\u00f3n pese al proceso de renegociaci\u00f3n de una deuda de 24,8 millones de d\u00f3lares. <\/p>\n","protected":false},"author":1,"featured_media":6572,"comment_status":"closed","ping_status":"open","sticky":false,"template":"","format":"standard","meta":{"_jetpack_newsletter_access":"","_jetpack_dont_email_post_to_subs":false,"_jetpack_newsletter_tier_id":0,"_jetpack_memberships_contains_paywalled_content":false,"_jetpack_feature_clip_id":0,"_jetpack_memberships_contains_paid_content":false,"footnotes":"","jetpack_post_was_ever_published":false},"categories":[38],"tags":[125,1349],"class_list":["post-6571","post","type-post","status-publish","format-standard","has-post-thumbnail","category-ocio-fb","tag-brasil","tag-havanna"],"yoast_head":"<!-- This site is optimized with the Yoast SEO plugin v28.4 - https:\/\/yoast.com\/product\/yoast-seo-wordpress\/ -->\n<title>Los alfajores Havanna ganan posiciones en Brasil con m\u00e1s de 60 aperturas - Just Retail Latam<\/title>\n<meta name=\"robots\" content=\"index, follow, max-snippet:-1, max-image-preview:large, max-video-preview:-1\" \/>\n<link rel=\"canonical\" href=\"https:\/\/www.justretail.news\/latam\/noticias\/los-alfajores-havanna-ganan-posiciones-en-brasil-con-mas-de-60-aperturas\/\" \/>\n<meta property=\"og:locale\" content=\"es_ES\" \/>\n<meta property=\"og:type\" content=\"article\" \/>\n<meta property=\"og:title\" content=\"Los alfajores Havanna ganan posiciones en Brasil con m\u00e1s de 60 aperturas - Just Retail Latam\" \/>\n<meta property=\"og:description\" content=\"La cadena argentina mantendr\u00e1 su plan de expansi\u00f3n pese al proceso de renegociaci\u00f3n de una deuda de 24,8 millones de d\u00f3lares.\" \/>\n<meta property=\"og:url\" content=\"https:\/\/www.justretail.news\/latam\/noticias\/los-alfajores-havanna-ganan-posiciones-en-brasil-con-mas-de-60-aperturas\/\" \/>\n<meta property=\"og:site_name\" content=\"Just Retail Latam\" \/>\n<meta property=\"article:published_time\" content=\"2026-08-31T17:55:11+00:00\" \/>\n<meta property=\"article:modified_time\" content=\"2026-08-31T17:55:13+00:00\" \/>\n<meta property=\"og:image\" content=\"https:\/\/www.justretail.news\/latam\/wp-content\/uploads\/2026\/08\/havanna-el-solar.jpg\" \/>\n\t<meta property=\"og:image:width\" content=\"801\" \/>\n\t<meta property=\"og:image:height\" content=\"606\" \/>\n\t<meta property=\"og:image:type\" content=\"image\/jpeg\" \/>\n<meta name=\"author\" content=\"Redacci\u00f3n\" \/>\n<meta name=\"twitter:card\" content=\"summary_large_image\" \/>\n<meta name=\"twitter:label1\" content=\"Escrito por\" \/>\n\t<meta name=\"twitter:data1\" content=\"Redacci\u00f3n\" \/>\n\t<meta name=\"twitter:label2\" content=\"Tiempo de lectura\" \/>\n\t<meta name=\"twitter:data2\" content=\"2 minutos\" \/>\n<script type=\"application\/ld+json\" class=\"yoast-schema-graph\">{\"@context\":\"https:\\\/\\\/schema.org\",\"@graph\":[{\"@type\":\"Article\",\"@id\":\"https:\\\/\\\/www.justretail.news\\\/latam\\\/noticias\\\/los-alfajores-havanna-ganan-posiciones-en-brasil-con-mas-de-60-aperturas\\\/#article\",\"isPartOf\":{\"@id\":\"https:\\\/\\\/www.justretail.news\\\/latam\\\/noticias\\\/los-alfajores-havanna-ganan-posiciones-en-brasil-con-mas-de-60-aperturas\\\/\"},\"author\":{\"name\":\"Redacci\u00f3n\",\"@id\":\"https:\\\/\\\/www.justretail.news\\\/latam\\\/#\\\/schema\\\/person\\\/1543b9d803b2d5751fba2211e7785c5f\"},\"headline\":\"Los alfajores Havanna ganan posiciones en Brasil con m\u00e1s de 60 aperturas\",\"datePublished\":\"2026-08-31T17:55:11+00:00\",\"dateModified\":\"2026-08-31T17:55:13+00:00\",\"mainEntityOfPage\":{\"@id\":\"https:\\\/\\\/www.justretail.news\\\/latam\\\/noticias\\\/los-alfajores-havanna-ganan-posiciones-en-brasil-con-mas-de-60-aperturas\\\/\"},\"wordCount\":417,\"publisher\":{\"@id\":\"https:\\\/\\\/www.justretail.news\\\/latam\\\/#organization\"},\"image\":{\"@id\":\"https:\\\/\\\/www.justretail.news\\\/latam\\\/noticias\\\/los-alfajores-havanna-ganan-posiciones-en-brasil-con-mas-de-60-aperturas\\\/#primaryimage\"},\"thumbnailUrl\":\"https:\\\/\\\/www.justretail.news\\\/latam\\\/wp-content\\\/uploads\\\/2026\\\/08\\\/havanna-el-solar.jpg\",\"keywords\":[\"Brasil\",\"Havanna\"],\"articleSection\":[\"Ocio &amp; F&amp;B\"],\"inLanguage\":\"es\"},{\"@type\":\"WebPage\",\"@id\":\"https:\\\/\\\/www.justretail.news\\\/latam\\\/noticias\\\/los-alfajores-havanna-ganan-posiciones-en-brasil-con-mas-de-60-aperturas\\\/\",\"url\":\"https:\\\/\\\/www.justretail.news\\\/latam\\\/noticias\\\/los-alfajores-havanna-ganan-posiciones-en-brasil-con-mas-de-60-aperturas\\\/\",\"name\":\"Los alfajores Havanna ganan posiciones en Brasil con m\u00e1s de 60 aperturas - Just Retail Latam\",\"isPartOf\":{\"@id\":\"https:\\\/\\\/www.justretail.news\\\/latam\\\/#website\"},\"primaryImageOfPage\":{\"@id\":\"https:\\\/\\\/www.justretail.news\\\/latam\\\/noticias\\\/los-alfajores-havanna-ganan-posiciones-en-brasil-con-mas-de-60-aperturas\\\/#primaryimage\"},\"image\":{\"@id\":\"https:\\\/\\\/www.justretail.news\\\/latam\\\/noticias\\\/los-alfajores-havanna-ganan-posiciones-en-brasil-con-mas-de-60-aperturas\\\/#primaryimage\"},\"thumbnailUrl\":\"https:\\\/\\\/www.justretail.news\\\/latam\\\/wp-content\\\/uploads\\\/2026\\\/08\\\/havanna-el-solar.jpg\",\"datePublished\":\"2026-08-31T17:55:11+00:00\",\"dateModified\":\"2026-08-31T17:55:13+00:00\",\"breadcrumb\":{\"@id\":\"https:\\\/\\\/www.justretail.news\\\/latam\\\/noticias\\\/los-alfajores-havanna-ganan-posiciones-en-brasil-con-mas-de-60-aperturas\\\/#breadcrumb\"},\"inLanguage\":\"es\",\"potentialAction\":[{\"@type\":\"ReadAction\",\"target\":[\"https:\\\/\\\/www.justretail.news\\\/latam\\\/noticias\\\/los-alfajores-havanna-ganan-posiciones-en-brasil-con-mas-de-60-aperturas\\\/\"]}]},{\"@type\":\"ImageObject\",\"inLanguage\":\"es\",\"@id\":\"https:\\\/\\\/www.justretail.news\\\/latam\\\/noticias\\\/los-alfajores-havanna-ganan-posiciones-en-brasil-con-mas-de-60-aperturas\\\/#primaryimage\",\"url\":\"https:\\\/\\\/www.justretail.news\\\/latam\\\/wp-content\\\/uploads\\\/2026\\\/08\\\/havanna-el-solar.jpg\",\"contentUrl\":\"https:\\\/\\\/www.justretail.news\\\/latam\\\/wp-content\\\/uploads\\\/2026\\\/08\\\/havanna-el-solar.jpg\",\"width\":801,\"height\":606},{\"@type\":\"BreadcrumbList\",\"@id\":\"https:\\\/\\\/www.justretail.news\\\/latam\\\/noticias\\\/los-alfajores-havanna-ganan-posiciones-en-brasil-con-mas-de-60-aperturas\\\/#breadcrumb\",\"itemListElement\":[{\"@type\":\"ListItem\",\"position\":1,\"name\":\"Portada\",\"item\":\"https:\\\/\\\/www.justretail.news\\\/latam\\\/\"},{\"@type\":\"ListItem\",\"position\":2,\"name\":\"Los alfajores Havanna ganan posiciones en Brasil con m\u00e1s de 60 aperturas\"}]},{\"@type\":\"WebSite\",\"@id\":\"https:\\\/\\\/www.justretail.news\\\/latam\\\/#website\",\"url\":\"https:\\\/\\\/www.justretail.news\\\/latam\\\/\",\"name\":\"Just Retail Latam\",\"description\":\"\",\"publisher\":{\"@id\":\"https:\\\/\\\/www.justretail.news\\\/latam\\\/#organization\"},\"potentialAction\":[{\"@type\":\"SearchAction\",\"target\":{\"@type\":\"EntryPoint\",\"urlTemplate\":\"https:\\\/\\\/www.justretail.news\\\/latam\\\/?s={search_term_string}\"},\"query-input\":{\"@type\":\"PropertyValueSpecification\",\"valueRequired\":true,\"valueName\":\"search_term_string\"}}],\"inLanguage\":\"es\"},{\"@type\":\"Organization\",\"@id\":\"https:\\\/\\\/www.justretail.news\\\/latam\\\/#organization\",\"name\":\"Just Retail Latam\",\"url\":\"https:\\\/\\\/www.justretail.news\\\/latam\\\/\",\"logo\":{\"@type\":\"ImageObject\",\"inLanguage\":\"es\",\"@id\":\"https:\\\/\\\/www.justretail.news\\\/latam\\\/#\\\/schema\\\/logo\\\/image\\\/\",\"url\":\"https:\\\/\\\/www.justretail.news\\\/latam\\\/wp-content\\\/uploads\\\/2024\\\/05\\\/just-retail-logo-NEGRO-trans-latam-272x90_nuevo.png\",\"contentUrl\":\"https:\\\/\\\/www.justretail.news\\\/latam\\\/wp-content\\\/uploads\\\/2024\\\/05\\\/just-retail-logo-NEGRO-trans-latam-272x90_nuevo.png\",\"width\":272,\"height\":90,\"caption\":\"Just Retail Latam\"},\"image\":{\"@id\":\"https:\\\/\\\/www.justretail.news\\\/latam\\\/#\\\/schema\\\/logo\\\/image\\\/\"}},{\"@type\":\"Person\",\"@id\":\"https:\\\/\\\/www.justretail.news\\\/latam\\\/#\\\/schema\\\/person\\\/1543b9d803b2d5751fba2211e7785c5f\",\"name\":\"Redacci\u00f3n\",\"image\":{\"@type\":\"ImageObject\",\"inLanguage\":\"es\",\"@id\":\"https:\\\/\\\/secure.gravatar.com\\\/avatar\\\/728f66d366b9809efe89ec232bef06263abc057cefaba166bbd45a167e648b3c?s=96&d=mm&r=g\",\"url\":\"https:\\\/\\\/secure.gravatar.com\\\/avatar\\\/728f66d366b9809efe89ec232bef06263abc057cefaba166bbd45a167e648b3c?s=96&d=mm&r=g\",\"contentUrl\":\"https:\\\/\\\/secure.gravatar.com\\\/avatar\\\/728f66d366b9809efe89ec232bef06263abc057cefaba166bbd45a167e648b3c?s=96&d=mm&r=g\",\"caption\":\"Redacci\u00f3n\"},\"sameAs\":[\"https:\\\/\\\/www.justretail.news\\\/latam\"],\"url\":\"https:\\\/\\\/www.justretail.news\\\/latam\\\/noticias\\\/author\\\/latam_master\\\/\"}]}<\/script>\n<!-- \/ Yoast SEO plugin. -->","yoast_head_json":{"title":"Los alfajores Havanna ganan posiciones en Brasil con m\u00e1s de 60 aperturas - Just Retail Latam","robots":{"index":"index","follow":"follow","max-snippet":"max-snippet:-1","max-image-preview":"max-image-preview:large","max-video-preview":"max-video-preview:-1"},"canonical":"https:\/\/www.justretail.news\/latam\/noticias\/los-alfajores-havanna-ganan-posiciones-en-brasil-con-mas-de-60-aperturas\/","og_locale":"es_ES","og_type":"article","og_title":"Los alfajores Havanna ganan posiciones en Brasil con m\u00e1s de 60 aperturas - Just Retail Latam","og_description":"La cadena argentina mantendr\u00e1 su plan de expansi\u00f3n pese al proceso de renegociaci\u00f3n de una deuda de 24,8 millones de d\u00f3lares.","og_url":"https:\/\/www.justretail.news\/latam\/noticias\/los-alfajores-havanna-ganan-posiciones-en-brasil-con-mas-de-60-aperturas\/","og_site_name":"Just Retail Latam","article_published_time":"2026-08-31T17:55:11+00:00","article_modified_time":"2026-08-31T17:55:13+00:00","og_image":[{"width":801,"height":606,"url":"https:\/\/www.justretail.news\/latam\/wp-content\/uploads\/2026\/08\/havanna-el-solar.jpg","type":"image\/jpeg"}],"author":"Redacci\u00f3n","twitter_card":"summary_large_image","twitter_misc":{"Escrito por":"Redacci\u00f3n","Tiempo de lectura":"2 minutos"},"schema":{"@context":"https:\/\/schema.org","@graph":[{"@type":"Article","@id":"https:\/\/www.justretail.news\/latam\/noticias\/los-alfajores-havanna-ganan-posiciones-en-brasil-con-mas-de-60-aperturas\/#article","isPartOf":{"@id":"https:\/\/www.justretail.news\/latam\/noticias\/los-alfajores-havanna-ganan-posiciones-en-brasil-con-mas-de-60-aperturas\/"},"author":{"name":"Redacci\u00f3n","@id":"https:\/\/www.justretail.news\/latam\/#\/schema\/person\/1543b9d803b2d5751fba2211e7785c5f"},"headline":"Los alfajores Havanna ganan posiciones en Brasil con m\u00e1s de 60 aperturas","datePublished":"2026-08-31T17:55:11+00:00","dateModified":"2026-08-31T17:55:13+00:00","mainEntityOfPage":{"@id":"https:\/\/www.justretail.news\/latam\/noticias\/los-alfajores-havanna-ganan-posiciones-en-brasil-con-mas-de-60-aperturas\/"},"wordCount":417,"publisher":{"@id":"https:\/\/www.justretail.news\/latam\/#organization"},"image":{"@id":"https:\/\/www.justretail.news\/latam\/noticias\/los-alfajores-havanna-ganan-posiciones-en-brasil-con-mas-de-60-aperturas\/#primaryimage"},"thumbnailUrl":"https:\/\/www.justretail.news\/latam\/wp-content\/uploads\/2026\/08\/havanna-el-solar.jpg","keywords":["Brasil","Havanna"],"articleSection":["Ocio &amp; F&amp;B"],"inLanguage":"es"},{"@type":"WebPage","@id":"https:\/\/www.justretail.news\/latam\/noticias\/los-alfajores-havanna-ganan-posiciones-en-brasil-con-mas-de-60-aperturas\/","url":"https:\/\/www.justretail.news\/latam\/noticias\/los-alfajores-havanna-ganan-posiciones-en-brasil-con-mas-de-60-aperturas\/","name":"Los alfajores Havanna ganan posiciones en Brasil con m\u00e1s de 60 aperturas - Just Retail Latam","isPartOf":{"@id":"https:\/\/www.justretail.news\/latam\/#website"},"primaryImageOfPage":{"@id":"https:\/\/www.justretail.news\/latam\/noticias\/los-alfajores-havanna-ganan-posiciones-en-brasil-con-mas-de-60-aperturas\/#primaryimage"},"image":{"@id":"https:\/\/www.justretail.news\/latam\/noticias\/los-alfajores-havanna-ganan-posiciones-en-brasil-con-mas-de-60-aperturas\/#primaryimage"},"thumbnailUrl":"https:\/\/www.justretail.news\/latam\/wp-content\/uploads\/2026\/08\/havanna-el-solar.jpg","datePublished":"2026-08-31T17:55:11+00:00","dateModified":"2026-08-31T17:55:13+00:00","breadcrumb":{"@id":"https:\/\/www.justretail.news\/latam\/noticias\/los-alfajores-havanna-ganan-posiciones-en-brasil-con-mas-de-60-aperturas\/#breadcrumb"},"inLanguage":"es","potentialAction":[{"@type":"ReadAction","target":["https:\/\/www.justretail.news\/latam\/noticias\/los-alfajores-havanna-ganan-posiciones-en-brasil-con-mas-de-60-aperturas\/"]}]},{"@type":"ImageObject","inLanguage":"es","@id":"https:\/\/www.justretail.news\/latam\/noticias\/los-alfajores-havanna-ganan-posiciones-en-brasil-con-mas-de-60-aperturas\/#primaryimage","url":"https:\/\/www.justretail.news\/latam\/wp-content\/uploads\/2026\/08\/havanna-el-solar.jpg","contentUrl":"https:\/\/www.justretail.news\/latam\/wp-content\/uploads\/2026\/08\/havanna-el-solar.jpg","width":801,"height":606},{"@type":"BreadcrumbList","@id":"https:\/\/www.justretail.news\/latam\/noticias\/los-alfajores-havanna-ganan-posiciones-en-brasil-con-mas-de-60-aperturas\/#breadcrumb","itemListElement":[{"@type":"ListItem","position":1,"name":"Portada","item":"https:\/\/www.justretail.news\/latam\/"},{"@type":"ListItem","position":2,"name":"Los alfajores Havanna ganan posiciones en Brasil con m\u00e1s de 60 aperturas"}]},{"@type":"WebSite","@id":"https:\/\/www.justretail.news\/latam\/#website","url":"https:\/\/www.justretail.news\/latam\/","name":"Just Retail Latam","description":"","publisher":{"@id":"https:\/\/www.justretail.news\/latam\/#organization"},"potentialAction":[{"@type":"SearchAction","target":{"@type":"EntryPoint","urlTemplate":"https:\/\/www.justretail.news\/latam\/?s={search_term_string}"},"query-input":{"@type":"PropertyValueSpecification","valueRequired":true,"valueName":"search_term_string"}}],"inLanguage":"es"},{"@type":"Organization","@id":"https:\/\/www.justretail.news\/latam\/#organization","name":"Just Retail Latam","url":"https:\/\/www.justretail.news\/latam\/","logo":{"@type":"ImageObject","inLanguage":"es","@id":"https:\/\/www.justretail.news\/latam\/#\/schema\/logo\/image\/","url":"https:\/\/www.justretail.news\/latam\/wp-content\/uploads\/2024\/05\/just-retail-logo-NEGRO-trans-latam-272x90_nuevo.png","contentUrl":"https:\/\/www.justretail.news\/latam\/wp-content\/uploads\/2024\/05\/just-retail-logo-NEGRO-trans-latam-272x90_nuevo.png","width":272,"height":90,"caption":"Just Retail Latam"},"image":{"@id":"https:\/\/www.justretail.news\/latam\/#\/schema\/logo\/image\/"}},{"@type":"Person","@id":"https:\/\/www.justretail.news\/latam\/#\/schema\/person\/1543b9d803b2d5751fba2211e7785c5f","name":"Redacci\u00f3n","image":{"@type":"ImageObject","inLanguage":"es","@id":"https:\/\/secure.gravatar.com\/avatar\/728f66d366b9809efe89ec232bef06263abc057cefaba166bbd45a167e648b3c?s=96&d=mm&r=g","url":"https:\/\/secure.gravatar.com\/avatar\/728f66d366b9809efe89ec232bef06263abc057cefaba166bbd45a167e648b3c?s=96&d=mm&r=g","contentUrl":"https:\/\/secure.gravatar.com\/avatar\/728f66d366b9809efe89ec232bef06263abc057cefaba166bbd45a167e648b3c?s=96&d=mm&r=g","caption":"Redacci\u00f3n"},"sameAs":["https:\/\/www.justretail.news\/latam"],"url":"https:\/\/www.justretail.news\/latam\/noticias\/author\/latam_master\/"}]}},"jetpack_sharing_enabled":true,"jetpack_featured_media_url":"https:\/\/www.justretail.news\/latam\/wp-content\/uploads\/2026\/08\/havanna-el-solar.jpg","_links":{"self":[{"href":"https:\/\/www.justretail.news\/latam\/wp-json\/wp\/v2\/posts\/6571","targetHints":{"allow":["GET"]}}],"collection":[{"href":"https:\/\/www.justretail.news\/latam\/wp-json\/wp\/v2\/posts"}],"about":[{"href":"https:\/\/www.justretail.news\/latam\/wp-json\/wp\/v2\/types\/post"}],"author":[{"embeddable":true,"href":"https:\/\/www.justretail.news\/latam\/wp-json\/wp\/v2\/users\/1"}],"replies":[{"embeddable":true,"href":"https:\/\/www.justretail.news\/latam\/wp-json\/wp\/v2\/comments?post=6571"}],"version-history":[{"count":1,"href":"https:\/\/www.justretail.news\/latam\/wp-json\/wp\/v2\/posts\/6571\/revisions"}],"predecessor-version":[{"id":6573,"href":"https:\/\/www.justretail.news\/latam\/wp-json\/wp\/v2\/posts\/6571\/revisions\/6573"}],"wp:featuredmedia":[{"embeddable":true,"href":"https:\/\/www.justretail.news\/latam\/wp-json\/wp\/v2\/media\/6572"}],"wp:attachment":[{"href":"https:\/\/www.justretail.news\/latam\/wp-json\/wp\/v2\/media?parent=6571"}],"wp:term":[{"taxonomy":"category","embeddable":true,"href":"https:\/\/www.justretail.news\/latam\/wp-json\/wp\/v2\/categories?post=6571"},{"taxonomy":"post_tag","embeddable":true,"href":"https:\/\/www.justretail.news\/latam\/wp-json\/wp\/v2\/tags?post=6571"}],"curies":[{"name":"wp","href":"https:\/\/api.w.org\/{rel}","templated":true}]}}