{"id":6575,"date":"2026-08-31T20:13:07","date_gmt":"2026-08-31T18:13:07","guid":{"rendered":"https:\/\/www.justretail.news\/latam\/?p=6575"},"modified":"2026-08-31T20:13:09","modified_gmt":"2026-08-31T18:13:09","slug":"ikea-avanza-con-su-desembarco-en-panama-y-anuncia-ubicacion-de-su-primer-local","status":"publish","type":"post","link":"https:\/\/www.justretail.news\/latam\/noticias\/ikea-avanza-con-su-desembarco-en-panama-y-anuncia-ubicacion-de-su-primer-local\/","title":{"rendered":"Ikea avanza con su desembarco en Panam\u00e1 y anuncia ubicaci\u00f3n de su primer local"},"content":{"rendered":"\n<p class=\"wp-block-paragraph\">Ikea revel\u00f3 las ubicaciones donde desarrollar\u00e1 sus primeras operaciones en Panam\u00e1, en <strong>un desembarco que se ven\u00eda anunciando desde 2025 <\/strong>y que ahora avanza con definiciones concretas sobre formato y locaci\u00f3n.<\/p>\n\n\n\n<p class=\"wp-block-paragraph\"><strong>La primera tienda f\u00edsica de Ikea en Panam\u00e1 estar\u00e1 ubicada en AltaPlaza Mall<\/strong>, en Ciudad de Panam\u00e1, y tendr\u00e1 un formato compacto. Su oferta se complementar\u00e1 con el cat\u00e1logo disponible a trav\u00e9s de la p\u00e1gina web y la aplicaci\u00f3n de Ikea, lo que permitir\u00e1 a los clientes acceder a productos que no necesariamente estar\u00e1n exhibidos en el local f\u00edsico.<\/p>\n\n\n\n<p class=\"wp-block-paragraph\">Antes de esa apertura, Ikea pondr\u00e1 en marcha <strong>una base log\u00edstica en Zona Uno, en Costa Sur<\/strong>, que preparar\u00e1 los pedidos realizados por los canales digitales y telef\u00f3nicos de la compa\u00f1\u00eda. Este espacio funcionar\u00e1 como punto de recogida para algunos pedidos y como apoyo para las entregas, pero no ser\u00e1 una tienda abierta al p\u00fablico.<\/p>\n\n\n\n<p class=\"wp-block-paragraph\">Como parte de una segunda etapa de expansi\u00f3n, <strong>Ikea proyecta una tienda de mayor tama\u00f1o junto con un centro de distribuci\u00f3n en Metropark.<\/strong> La compa\u00f1\u00eda no ha revelado montos de inversi\u00f3n ni una fecha oficial de apertura: el ingreso al mercado paname\u00f1o ser\u00e1 gradual, a medida que se desarrollen la plataforma digital, los servicios de entrega, la atenci\u00f3n al cliente, la log\u00edstica y los espacios f\u00edsicos de IKEA.<\/p>\n\n\n\n<p class=\"wp-block-paragraph\"><strong>El comercio electr\u00f3nico de Ikea ya est\u00e1 operativo en Panam\u00e1.<\/strong> La p\u00e1gina web de la marca permite explorar parte del cat\u00e1logo y realizar compras en l\u00ednea, de manera que el canal digital funciona como primer punto de contacto con los consumidores paname\u00f1os mientras se define el calendario de aperturas f\u00edsicas.<\/p>\n\n\n\n<h2 class=\"wp-block-heading\">Alianza con locales<\/h2>\n\n\n\n<p class=\"wp-block-paragraph\"><strong>La operaci\u00f3n paname\u00f1a de Ikea queda en manos de Grupo Sarton<\/strong>, la franquicia que tambi\u00e9n gestiona la marca en Rep\u00fablica Dominicana, Puerto Rico y Costa Rica. Por su parte, el gigante sueco de la decoraci\u00f3n opera en pa\u00edses como Chile, Per\u00fa y Colombia junto a Falabella.<\/p>\n\n\n\n<p class=\"wp-block-paragraph\">Just Retail Latam inform\u00f3 recientemente que <strong>Falabella.com se convirti\u00f3 en la tercera plataforma a nivel mundial autorizada por Ikea para vender sus productos mediante un modelo de <em>marketplace<\/em><\/strong>, despu\u00e9s de acuerdos similares en Indonesia y China. El acuerdo, que arranc\u00f3 en Chile, podr\u00eda replicarse en Colombia si el resultado cumple con las expectativas de ambas compa\u00f1\u00edas.<\/p>\n","protected":false},"excerpt":{"rendered":"<p>La tienda se ubicar\u00e1 en AltaPlaza Mall. Adem\u00e1s, el gigante sueco abrir\u00e1 una base log\u00edstica en Zona Uno. <\/p>\n","protected":false},"author":1,"featured_media":6576,"comment_status":"closed","ping_status":"open","sticky":false,"template":"","format":"standard","meta":{"_jetpack_newsletter_access":"","_jetpack_dont_email_post_to_subs":false,"_jetpack_newsletter_tier_id":0,"_jetpack_memberships_contains_paywalled_content":false,"_jetpack_feature_clip_id":0,"_jetpack_memberships_contains_paid_content":false,"footnotes":"","jetpack_post_was_ever_published":false},"categories":[37],"tags":[1350,232,569],"class_list":["post-6575","post","type-post","status-publish","format-standard","has-post-thumbnail","category-retailers","tag-decoracion","tag-ikea","tag-panama"],"yoast_head":"<!-- This site is optimized with the Yoast SEO plugin v28.4 - https:\/\/yoast.com\/product\/yoast-seo-wordpress\/ -->\n<title>Ikea avanza con su desembarco en Panam\u00e1 y anuncia ubicaci\u00f3n de su primer local - Just Retail Latam<\/title>\n<meta name=\"robots\" content=\"index, follow, max-snippet:-1, max-image-preview:large, max-video-preview:-1\" \/>\n<link rel=\"canonical\" href=\"https:\/\/www.justretail.news\/latam\/noticias\/ikea-avanza-con-su-desembarco-en-panama-y-anuncia-ubicacion-de-su-primer-local\/\" \/>\n<meta property=\"og:locale\" content=\"es_ES\" \/>\n<meta property=\"og:type\" content=\"article\" \/>\n<meta property=\"og:title\" content=\"Ikea avanza con su desembarco en Panam\u00e1 y anuncia ubicaci\u00f3n de su primer local - Just Retail Latam\" \/>\n<meta property=\"og:description\" content=\"La tienda se ubicar\u00e1 en AltaPlaza Mall. Adem\u00e1s, el gigante sueco abrir\u00e1 una base log\u00edstica en Zona Uno.\" \/>\n<meta property=\"og:url\" content=\"https:\/\/www.justretail.news\/latam\/noticias\/ikea-avanza-con-su-desembarco-en-panama-y-anuncia-ubicacion-de-su-primer-local\/\" \/>\n<meta property=\"og:site_name\" content=\"Just Retail Latam\" \/>\n<meta property=\"article:published_time\" content=\"2026-08-31T18:13:07+00:00\" \/>\n<meta property=\"article:modified_time\" content=\"2026-08-31T18:13:09+00:00\" \/>\n<meta property=\"og:image\" content=\"https:\/\/www.justretail.news\/latam\/wp-content\/uploads\/2026\/08\/ikea.jpg\" \/>\n\t<meta property=\"og:image:width\" content=\"800\" \/>\n\t<meta property=\"og:image:height\" content=\"515\" \/>\n\t<meta property=\"og:image:type\" content=\"image\/jpeg\" \/>\n<meta name=\"author\" content=\"Redacci\u00f3n\" \/>\n<meta name=\"twitter:card\" content=\"summary_large_image\" \/>\n<meta name=\"twitter:label1\" content=\"Escrito por\" \/>\n\t<meta name=\"twitter:data1\" content=\"Redacci\u00f3n\" \/>\n\t<meta name=\"twitter:label2\" content=\"Tiempo de lectura\" \/>\n\t<meta name=\"twitter:data2\" content=\"2 minutos\" \/>\n<script type=\"application\/ld+json\" class=\"yoast-schema-graph\">{\"@context\":\"https:\\\/\\\/schema.org\",\"@graph\":[{\"@type\":\"Article\",\"@id\":\"https:\\\/\\\/www.justretail.news\\\/latam\\\/noticias\\\/ikea-avanza-con-su-desembarco-en-panama-y-anuncia-ubicacion-de-su-primer-local\\\/#article\",\"isPartOf\":{\"@id\":\"https:\\\/\\\/www.justretail.news\\\/latam\\\/noticias\\\/ikea-avanza-con-su-desembarco-en-panama-y-anuncia-ubicacion-de-su-primer-local\\\/\"},\"author\":{\"name\":\"Redacci\u00f3n\",\"@id\":\"https:\\\/\\\/www.justretail.news\\\/latam\\\/#\\\/schema\\\/person\\\/1543b9d803b2d5751fba2211e7785c5f\"},\"headline\":\"Ikea avanza con su desembarco en Panam\u00e1 y anuncia ubicaci\u00f3n de su primer local\",\"datePublished\":\"2026-08-31T18:13:07+00:00\",\"dateModified\":\"2026-08-31T18:13:09+00:00\",\"mainEntityOfPage\":{\"@id\":\"https:\\\/\\\/www.justretail.news\\\/latam\\\/noticias\\\/ikea-avanza-con-su-desembarco-en-panama-y-anuncia-ubicacion-de-su-primer-local\\\/\"},\"wordCount\":420,\"publisher\":{\"@id\":\"https:\\\/\\\/www.justretail.news\\\/latam\\\/#organization\"},\"image\":{\"@id\":\"https:\\\/\\\/www.justretail.news\\\/latam\\\/noticias\\\/ikea-avanza-con-su-desembarco-en-panama-y-anuncia-ubicacion-de-su-primer-local\\\/#primaryimage\"},\"thumbnailUrl\":\"https:\\\/\\\/www.justretail.news\\\/latam\\\/wp-content\\\/uploads\\\/2026\\\/08\\\/ikea.jpg\",\"keywords\":[\"decoraci\u00f3n\",\"Ikea\",\"Panam\u00e1\"],\"articleSection\":[\"Retailers\"],\"inLanguage\":\"es\"},{\"@type\":\"WebPage\",\"@id\":\"https:\\\/\\\/www.justretail.news\\\/latam\\\/noticias\\\/ikea-avanza-con-su-desembarco-en-panama-y-anuncia-ubicacion-de-su-primer-local\\\/\",\"url\":\"https:\\\/\\\/www.justretail.news\\\/latam\\\/noticias\\\/ikea-avanza-con-su-desembarco-en-panama-y-anuncia-ubicacion-de-su-primer-local\\\/\",\"name\":\"Ikea avanza con su desembarco en Panam\u00e1 y anuncia ubicaci\u00f3n de su primer local - Just Retail Latam\",\"isPartOf\":{\"@id\":\"https:\\\/\\\/www.justretail.news\\\/latam\\\/#website\"},\"primaryImageOfPage\":{\"@id\":\"https:\\\/\\\/www.justretail.news\\\/latam\\\/noticias\\\/ikea-avanza-con-su-desembarco-en-panama-y-anuncia-ubicacion-de-su-primer-local\\\/#primaryimage\"},\"image\":{\"@id\":\"https:\\\/\\\/www.justretail.news\\\/latam\\\/noticias\\\/ikea-avanza-con-su-desembarco-en-panama-y-anuncia-ubicacion-de-su-primer-local\\\/#primaryimage\"},\"thumbnailUrl\":\"https:\\\/\\\/www.justretail.news\\\/latam\\\/wp-content\\\/uploads\\\/2026\\\/08\\\/ikea.jpg\",\"datePublished\":\"2026-08-31T18:13:07+00:00\",\"dateModified\":\"2026-08-31T18:13:09+00:00\",\"breadcrumb\":{\"@id\":\"https:\\\/\\\/www.justretail.news\\\/latam\\\/noticias\\\/ikea-avanza-con-su-desembarco-en-panama-y-anuncia-ubicacion-de-su-primer-local\\\/#breadcrumb\"},\"inLanguage\":\"es\",\"potentialAction\":[{\"@type\":\"ReadAction\",\"target\":[\"https:\\\/\\\/www.justretail.news\\\/latam\\\/noticias\\\/ikea-avanza-con-su-desembarco-en-panama-y-anuncia-ubicacion-de-su-primer-local\\\/\"]}]},{\"@type\":\"ImageObject\",\"inLanguage\":\"es\",\"@id\":\"https:\\\/\\\/www.justretail.news\\\/latam\\\/noticias\\\/ikea-avanza-con-su-desembarco-en-panama-y-anuncia-ubicacion-de-su-primer-local\\\/#primaryimage\",\"url\":\"https:\\\/\\\/www.justretail.news\\\/latam\\\/wp-content\\\/uploads\\\/2026\\\/08\\\/ikea.jpg\",\"contentUrl\":\"https:\\\/\\\/www.justretail.news\\\/latam\\\/wp-content\\\/uploads\\\/2026\\\/08\\\/ikea.jpg\",\"width\":800,\"height\":515},{\"@type\":\"BreadcrumbList\",\"@id\":\"https:\\\/\\\/www.justretail.news\\\/latam\\\/noticias\\\/ikea-avanza-con-su-desembarco-en-panama-y-anuncia-ubicacion-de-su-primer-local\\\/#breadcrumb\",\"itemListElement\":[{\"@type\":\"ListItem\",\"position\":1,\"name\":\"Portada\",\"item\":\"https:\\\/\\\/www.justretail.news\\\/latam\\\/\"},{\"@type\":\"ListItem\",\"position\":2,\"name\":\"Ikea avanza con su desembarco en Panam\u00e1 y anuncia ubicaci\u00f3n de su primer local\"}]},{\"@type\":\"WebSite\",\"@id\":\"https:\\\/\\\/www.justretail.news\\\/latam\\\/#website\",\"url\":\"https:\\\/\\\/www.justretail.news\\\/latam\\\/\",\"name\":\"Just Retail Latam\",\"description\":\"\",\"publisher\":{\"@id\":\"https:\\\/\\\/www.justretail.news\\\/latam\\\/#organization\"},\"potentialAction\":[{\"@type\":\"SearchAction\",\"target\":{\"@type\":\"EntryPoint\",\"urlTemplate\":\"https:\\\/\\\/www.justretail.news\\\/latam\\\/?s={search_term_string}\"},\"query-input\":{\"@type\":\"PropertyValueSpecification\",\"valueRequired\":true,\"valueName\":\"search_term_string\"}}],\"inLanguage\":\"es\"},{\"@type\":\"Organization\",\"@id\":\"https:\\\/\\\/www.justretail.news\\\/latam\\\/#organization\",\"name\":\"Just Retail Latam\",\"url\":\"https:\\\/\\\/www.justretail.news\\\/latam\\\/\",\"logo\":{\"@type\":\"ImageObject\",\"inLanguage\":\"es\",\"@id\":\"https:\\\/\\\/www.justretail.news\\\/latam\\\/#\\\/schema\\\/logo\\\/image\\\/\",\"url\":\"https:\\\/\\\/www.justretail.news\\\/latam\\\/wp-content\\\/uploads\\\/2024\\\/05\\\/just-retail-logo-NEGRO-trans-latam-272x90_nuevo.png\",\"contentUrl\":\"https:\\\/\\\/www.justretail.news\\\/latam\\\/wp-content\\\/uploads\\\/2024\\\/05\\\/just-retail-logo-NEGRO-trans-latam-272x90_nuevo.png\",\"width\":272,\"height\":90,\"caption\":\"Just Retail Latam\"},\"image\":{\"@id\":\"https:\\\/\\\/www.justretail.news\\\/latam\\\/#\\\/schema\\\/logo\\\/image\\\/\"}},{\"@type\":\"Person\",\"@id\":\"https:\\\/\\\/www.justretail.news\\\/latam\\\/#\\\/schema\\\/person\\\/1543b9d803b2d5751fba2211e7785c5f\",\"name\":\"Redacci\u00f3n\",\"image\":{\"@type\":\"ImageObject\",\"inLanguage\":\"es\",\"@id\":\"https:\\\/\\\/secure.gravatar.com\\\/avatar\\\/728f66d366b9809efe89ec232bef06263abc057cefaba166bbd45a167e648b3c?s=96&d=mm&r=g\",\"url\":\"https:\\\/\\\/secure.gravatar.com\\\/avatar\\\/728f66d366b9809efe89ec232bef06263abc057cefaba166bbd45a167e648b3c?s=96&d=mm&r=g\",\"contentUrl\":\"https:\\\/\\\/secure.gravatar.com\\\/avatar\\\/728f66d366b9809efe89ec232bef06263abc057cefaba166bbd45a167e648b3c?s=96&d=mm&r=g\",\"caption\":\"Redacci\u00f3n\"},\"sameAs\":[\"https:\\\/\\\/www.justretail.news\\\/latam\"],\"url\":\"https:\\\/\\\/www.justretail.news\\\/latam\\\/noticias\\\/author\\\/latam_master\\\/\"}]}<\/script>\n<!-- \/ Yoast SEO plugin. -->","yoast_head_json":{"title":"Ikea avanza con su desembarco en Panam\u00e1 y anuncia ubicaci\u00f3n de su primer local - Just Retail Latam","robots":{"index":"index","follow":"follow","max-snippet":"max-snippet:-1","max-image-preview":"max-image-preview:large","max-video-preview":"max-video-preview:-1"},"canonical":"https:\/\/www.justretail.news\/latam\/noticias\/ikea-avanza-con-su-desembarco-en-panama-y-anuncia-ubicacion-de-su-primer-local\/","og_locale":"es_ES","og_type":"article","og_title":"Ikea avanza con su desembarco en Panam\u00e1 y anuncia ubicaci\u00f3n de su primer local - Just Retail Latam","og_description":"La tienda se ubicar\u00e1 en AltaPlaza Mall. Adem\u00e1s, el gigante sueco abrir\u00e1 una base log\u00edstica en Zona Uno.","og_url":"https:\/\/www.justretail.news\/latam\/noticias\/ikea-avanza-con-su-desembarco-en-panama-y-anuncia-ubicacion-de-su-primer-local\/","og_site_name":"Just Retail Latam","article_published_time":"2026-08-31T18:13:07+00:00","article_modified_time":"2026-08-31T18:13:09+00:00","og_image":[{"width":800,"height":515,"url":"https:\/\/www.justretail.news\/latam\/wp-content\/uploads\/2026\/08\/ikea.jpg","type":"image\/jpeg"}],"author":"Redacci\u00f3n","twitter_card":"summary_large_image","twitter_misc":{"Escrito por":"Redacci\u00f3n","Tiempo de lectura":"2 minutos"},"schema":{"@context":"https:\/\/schema.org","@graph":[{"@type":"Article","@id":"https:\/\/www.justretail.news\/latam\/noticias\/ikea-avanza-con-su-desembarco-en-panama-y-anuncia-ubicacion-de-su-primer-local\/#article","isPartOf":{"@id":"https:\/\/www.justretail.news\/latam\/noticias\/ikea-avanza-con-su-desembarco-en-panama-y-anuncia-ubicacion-de-su-primer-local\/"},"author":{"name":"Redacci\u00f3n","@id":"https:\/\/www.justretail.news\/latam\/#\/schema\/person\/1543b9d803b2d5751fba2211e7785c5f"},"headline":"Ikea avanza con su desembarco en Panam\u00e1 y anuncia ubicaci\u00f3n de su primer local","datePublished":"2026-08-31T18:13:07+00:00","dateModified":"2026-08-31T18:13:09+00:00","mainEntityOfPage":{"@id":"https:\/\/www.justretail.news\/latam\/noticias\/ikea-avanza-con-su-desembarco-en-panama-y-anuncia-ubicacion-de-su-primer-local\/"},"wordCount":420,"publisher":{"@id":"https:\/\/www.justretail.news\/latam\/#organization"},"image":{"@id":"https:\/\/www.justretail.news\/latam\/noticias\/ikea-avanza-con-su-desembarco-en-panama-y-anuncia-ubicacion-de-su-primer-local\/#primaryimage"},"thumbnailUrl":"https:\/\/www.justretail.news\/latam\/wp-content\/uploads\/2026\/08\/ikea.jpg","keywords":["decoraci\u00f3n","Ikea","Panam\u00e1"],"articleSection":["Retailers"],"inLanguage":"es"},{"@type":"WebPage","@id":"https:\/\/www.justretail.news\/latam\/noticias\/ikea-avanza-con-su-desembarco-en-panama-y-anuncia-ubicacion-de-su-primer-local\/","url":"https:\/\/www.justretail.news\/latam\/noticias\/ikea-avanza-con-su-desembarco-en-panama-y-anuncia-ubicacion-de-su-primer-local\/","name":"Ikea avanza con su desembarco en Panam\u00e1 y anuncia ubicaci\u00f3n de su primer local - Just Retail Latam","isPartOf":{"@id":"https:\/\/www.justretail.news\/latam\/#website"},"primaryImageOfPage":{"@id":"https:\/\/www.justretail.news\/latam\/noticias\/ikea-avanza-con-su-desembarco-en-panama-y-anuncia-ubicacion-de-su-primer-local\/#primaryimage"},"image":{"@id":"https:\/\/www.justretail.news\/latam\/noticias\/ikea-avanza-con-su-desembarco-en-panama-y-anuncia-ubicacion-de-su-primer-local\/#primaryimage"},"thumbnailUrl":"https:\/\/www.justretail.news\/latam\/wp-content\/uploads\/2026\/08\/ikea.jpg","datePublished":"2026-08-31T18:13:07+00:00","dateModified":"2026-08-31T18:13:09+00:00","breadcrumb":{"@id":"https:\/\/www.justretail.news\/latam\/noticias\/ikea-avanza-con-su-desembarco-en-panama-y-anuncia-ubicacion-de-su-primer-local\/#breadcrumb"},"inLanguage":"es","potentialAction":[{"@type":"ReadAction","target":["https:\/\/www.justretail.news\/latam\/noticias\/ikea-avanza-con-su-desembarco-en-panama-y-anuncia-ubicacion-de-su-primer-local\/"]}]},{"@type":"ImageObject","inLanguage":"es","@id":"https:\/\/www.justretail.news\/latam\/noticias\/ikea-avanza-con-su-desembarco-en-panama-y-anuncia-ubicacion-de-su-primer-local\/#primaryimage","url":"https:\/\/www.justretail.news\/latam\/wp-content\/uploads\/2026\/08\/ikea.jpg","contentUrl":"https:\/\/www.justretail.news\/latam\/wp-content\/uploads\/2026\/08\/ikea.jpg","width":800,"height":515},{"@type":"BreadcrumbList","@id":"https:\/\/www.justretail.news\/latam\/noticias\/ikea-avanza-con-su-desembarco-en-panama-y-anuncia-ubicacion-de-su-primer-local\/#breadcrumb","itemListElement":[{"@type":"ListItem","position":1,"name":"Portada","item":"https:\/\/www.justretail.news\/latam\/"},{"@type":"ListItem","position":2,"name":"Ikea avanza con su desembarco en Panam\u00e1 y anuncia ubicaci\u00f3n de su primer local"}]},{"@type":"WebSite","@id":"https:\/\/www.justretail.news\/latam\/#website","url":"https:\/\/www.justretail.news\/latam\/","name":"Just Retail Latam","description":"","publisher":{"@id":"https:\/\/www.justretail.news\/latam\/#organization"},"potentialAction":[{"@type":"SearchAction","target":{"@type":"EntryPoint","urlTemplate":"https:\/\/www.justretail.news\/latam\/?s={search_term_string}"},"query-input":{"@type":"PropertyValueSpecification","valueRequired":true,"valueName":"search_term_string"}}],"inLanguage":"es"},{"@type":"Organization","@id":"https:\/\/www.justretail.news\/latam\/#organization","name":"Just Retail Latam","url":"https:\/\/www.justretail.news\/latam\/","logo":{"@type":"ImageObject","inLanguage":"es","@id":"https:\/\/www.justretail.news\/latam\/#\/schema\/logo\/image\/","url":"https:\/\/www.justretail.news\/latam\/wp-content\/uploads\/2024\/05\/just-retail-logo-NEGRO-trans-latam-272x90_nuevo.png","contentUrl":"https:\/\/www.justretail.news\/latam\/wp-content\/uploads\/2024\/05\/just-retail-logo-NEGRO-trans-latam-272x90_nuevo.png","width":272,"height":90,"caption":"Just Retail Latam"},"image":{"@id":"https:\/\/www.justretail.news\/latam\/#\/schema\/logo\/image\/"}},{"@type":"Person","@id":"https:\/\/www.justretail.news\/latam\/#\/schema\/person\/1543b9d803b2d5751fba2211e7785c5f","name":"Redacci\u00f3n","image":{"@type":"ImageObject","inLanguage":"es","@id":"https:\/\/secure.gravatar.com\/avatar\/728f66d366b9809efe89ec232bef06263abc057cefaba166bbd45a167e648b3c?s=96&d=mm&r=g","url":"https:\/\/secure.gravatar.com\/avatar\/728f66d366b9809efe89ec232bef06263abc057cefaba166bbd45a167e648b3c?s=96&d=mm&r=g","contentUrl":"https:\/\/secure.gravatar.com\/avatar\/728f66d366b9809efe89ec232bef06263abc057cefaba166bbd45a167e648b3c?s=96&d=mm&r=g","caption":"Redacci\u00f3n"},"sameAs":["https:\/\/www.justretail.news\/latam"],"url":"https:\/\/www.justretail.news\/latam\/noticias\/author\/latam_master\/"}]}},"jetpack_sharing_enabled":true,"jetpack_featured_media_url":"https:\/\/www.justretail.news\/latam\/wp-content\/uploads\/2026\/08\/ikea.jpg","_links":{"self":[{"href":"https:\/\/www.justretail.news\/latam\/wp-json\/wp\/v2\/posts\/6575","targetHints":{"allow":["GET"]}}],"collection":[{"href":"https:\/\/www.justretail.news\/latam\/wp-json\/wp\/v2\/posts"}],"about":[{"href":"https:\/\/www.justretail.news\/latam\/wp-json\/wp\/v2\/types\/post"}],"author":[{"embeddable":true,"href":"https:\/\/www.justretail.news\/latam\/wp-json\/wp\/v2\/users\/1"}],"replies":[{"embeddable":true,"href":"https:\/\/www.justretail.news\/latam\/wp-json\/wp\/v2\/comments?post=6575"}],"version-history":[{"count":1,"href":"https:\/\/www.justretail.news\/latam\/wp-json\/wp\/v2\/posts\/6575\/revisions"}],"predecessor-version":[{"id":6577,"href":"https:\/\/www.justretail.news\/latam\/wp-json\/wp\/v2\/posts\/6575\/revisions\/6577"}],"wp:featuredmedia":[{"embeddable":true,"href":"https:\/\/www.justretail.news\/latam\/wp-json\/wp\/v2\/media\/6576"}],"wp:attachment":[{"href":"https:\/\/www.justretail.news\/latam\/wp-json\/wp\/v2\/media?parent=6575"}],"wp:term":[{"taxonomy":"category","embeddable":true,"href":"https:\/\/www.justretail.news\/latam\/wp-json\/wp\/v2\/categories?post=6575"},{"taxonomy":"post_tag","embeddable":true,"href":"https:\/\/www.justretail.news\/latam\/wp-json\/wp\/v2\/tags?post=6575"}],"curies":[{"name":"wp","href":"https:\/\/api.w.org\/{rel}","templated":true}]}}