{"id":6578,"date":"2026-09-01T21:51:05","date_gmt":"2026-09-01T19:51:05","guid":{"rendered":"https:\/\/www.justretail.news\/latam\/?p=6578"},"modified":"2026-09-01T21:51:07","modified_gmt":"2026-09-01T19:51:07","slug":"falabella-cambia-de-gerente-de-retail-y-nombra-a-tomas-platovsky-al-frente-de-las-departamentales","status":"publish","type":"post","link":"https:\/\/www.justretail.news\/latam\/noticias\/falabella-cambia-de-gerente-de-retail-y-nombra-a-tomas-platovsky-al-frente-de-las-departamentales\/","title":{"rendered":"Falabella cambia de gerente de retail y nombra a Tom\u00e1s Platovsky al frente de las departamentales"},"content":{"rendered":"\n<p class=\"wp-block-paragraph\">Falabella Retail reorganiza su primera l\u00ednea ejecutiva. <strong>Tom\u00e1s Platovsky asumir\u00e1 el pr\u00f3ximo 1 de octubre como gerente general corporativo del negocio<\/strong> del retailer chileno, en reemplazo de Francisco Irarr\u00e1zaval, quien dejar\u00e1 el cargo el 30 de septiembre despu\u00e9s de seis a\u00f1os.<\/p>\n\n\n\n<p class=\"wp-block-paragraph\">Desde su nueva posici\u00f3n, <strong>Platovsky ser\u00e1 responsable de las operaciones de las tiendas por departamento de Falabella<\/strong> en Chile, Per\u00fa y Colombia, los tres mercados en los que est\u00e1 presente la cadena.<\/p>\n\n\n\n<p class=\"wp-block-paragraph\">El ejecutivo ocupa actualmente la gerencia general de Falabella Retail Chile y <strong>acumula 19 a\u00f1os de trayectoria dentro de la compa\u00f1\u00eda<\/strong>. Es ingeniero comercial por la Pontificia Universidad Cat\u00f3lica de Chile y cuenta con un Advanced Management Program de Harvard Business School.<\/p>\n\n\n\n<p class=\"wp-block-paragraph\"><strong>Platovsky ingres\u00f3 en Falabella en 2007<\/strong> como <em>brand manager<\/em> de Diadora y posteriormente pas\u00f3 por diferentes \u00e1reas comerciales. En 2017 asumi\u00f3 la gerencia comercial corporativa de Falabella Retail y, cinco a\u00f1os despu\u00e9s, fue nombrado gerente general de la operaci\u00f3n chilena.<\/p>\n\n\n\n<p class=\"wp-block-paragraph\"><strong>El relevo se produce en plena transformaci\u00f3n de la estrategia omnicanal de Falabella Retail.<\/strong> Durante el segundo trimestre de 2026, las operaciones procedentes de su canal digital y marketplace representaron el 47% de la actividad de la divisi\u00f3n, seg\u00fan informaci\u00f3n de la empresa.<\/p>\n\n\n\n<p class=\"wp-block-paragraph\">Alejandro Gonz\u00e1lez Dale, gerente general de Grupo Falabella, destac\u00f3 el conocimiento del negocio y la capacidad de ejecuci\u00f3n de Platovsky. El directivo se\u00f1al\u00f3 que el nuevo responsable ser\u00e1 clave para liderar el pr\u00f3ximo ciclo de crecimiento de la cadena en los tres pa\u00edses.<\/p>\n\n\n\n<p class=\"wp-block-paragraph\">Por su parte, <strong>Irarr\u00e1zaval acompa\u00f1ar\u00e1 el proceso de transici\u00f3n durante septiembre y permanecer\u00e1 como asesor de Falabella Retail hasta el 31 de diciembre<\/strong>. Posteriormente, abandonar\u00e1 definitivamente el grupo para emprender proyectos personales.<\/p>\n\n\n\n<p class=\"wp-block-paragraph\">El ejecutivo lleg\u00f3 a la gerencia general de Falabella Retail en un periodo marcado por la pandemia, la aceleraci\u00f3n del comercio electr\u00f3nico y el proceso de reestructuraci\u00f3n acometido por el grupo chileno. Durante su gesti\u00f3n, la compa\u00f1\u00eda avanz\u00f3 en la integraci\u00f3n de sus tiendas f\u00edsicas, el comercio electr\u00f3nico y el <em>marketplace<\/em>.<\/p>\n\n\n\n<p class=\"wp-block-paragraph\">En su despedida, Irarr\u00e1zaval asegur\u00f3 que deja la empresa con una \u201csensaci\u00f3n de misi\u00f3n cumplida\u201d y sostuvo que Falabella cuenta actualmente con una estrategia que est\u00e1 dando resultados, despu\u00e9s de varios a\u00f1os de ajustes en su modelo de negocio.<\/p>\n\n\n\n<p class=\"wp-block-paragraph\"><strong>El cambio en la direcci\u00f3n coincide con una mejora de los resultados de Grupo Falabella.<\/strong> La compa\u00f1\u00eda obtuvo una utilidad de 242 millones de d\u00f3lares en el segundo trimestre de 2026, un 14% m\u00e1s que los 213 millones de d\u00f3lares registrados en el mismo periodo del ejercicio anterior. El grupo calific\u00f3 este desempe\u00f1o como su mejor segundo trimestre a nivel operacional.<\/p>\n\n\n\n<p class=\"wp-block-paragraph\">Adem\u00e1s de Falabella Retail, el conglomerado chileno opera en la regi\u00f3n mediante Sodimac, Tottus, Banco Falabella y el grupo de centros comerciales Mallplaza.<\/p>\n","protected":false},"excerpt":{"rendered":"<p>Tom\u00e1s Platovsky asumir\u00e1 el 1 de octubre como gerente general corporativo de Falabella Retail. <\/p>\n","protected":false},"author":1,"featured_media":6579,"comment_status":"closed","ping_status":"open","sticky":false,"template":"","format":"standard","meta":{"_jetpack_newsletter_access":"","_jetpack_dont_email_post_to_subs":false,"_jetpack_newsletter_tier_id":0,"_jetpack_memberships_contains_paywalled_content":false,"_jetpack_feature_clip_id":0,"_jetpack_memberships_contains_paid_content":false,"footnotes":"","jetpack_post_was_ever_published":false},"categories":[71],"tags":[148,209,614],"class_list":["post-6578","post","type-post","status-publish","format-standard","has-post-thumbnail","category-nombramientos","tag-chile","tag-falabella","tag-tiendas-departamentales"],"yoast_head":"<!-- This site is optimized with the Yoast SEO plugin v28.4 - https:\/\/yoast.com\/product\/yoast-seo-wordpress\/ -->\n<title>Falabella cambia de gerente de retail y nombra a Tom\u00e1s Platovsky al frente de las departamentales - Just Retail Latam<\/title>\n<meta name=\"robots\" content=\"index, follow, max-snippet:-1, max-image-preview:large, max-video-preview:-1\" \/>\n<link rel=\"canonical\" href=\"https:\/\/www.justretail.news\/latam\/noticias\/falabella-cambia-de-gerente-de-retail-y-nombra-a-tomas-platovsky-al-frente-de-las-departamentales\/\" \/>\n<meta property=\"og:locale\" content=\"es_ES\" \/>\n<meta property=\"og:type\" content=\"article\" \/>\n<meta property=\"og:title\" content=\"Falabella cambia de gerente de retail y nombra a Tom\u00e1s Platovsky al frente de las departamentales - Just Retail Latam\" \/>\n<meta property=\"og:description\" content=\"Tom\u00e1s Platovsky asumir\u00e1 el 1 de octubre como gerente general corporativo de Falabella Retail.\" \/>\n<meta property=\"og:url\" content=\"https:\/\/www.justretail.news\/latam\/noticias\/falabella-cambia-de-gerente-de-retail-y-nombra-a-tomas-platovsky-al-frente-de-las-departamentales\/\" \/>\n<meta property=\"og:site_name\" content=\"Just Retail Latam\" \/>\n<meta property=\"article:published_time\" content=\"2026-09-01T19:51:05+00:00\" \/>\n<meta property=\"article:modified_time\" content=\"2026-09-01T19:51:07+00:00\" \/>\n<meta property=\"og:image\" content=\"https:\/\/www.justretail.news\/latam\/wp-content\/uploads\/2026\/09\/Tomas-Platovsky-falabella.jpg\" \/>\n\t<meta property=\"og:image:width\" content=\"800\" \/>\n\t<meta property=\"og:image:height\" content=\"450\" \/>\n\t<meta property=\"og:image:type\" content=\"image\/jpeg\" \/>\n<meta name=\"author\" content=\"Redacci\u00f3n\" \/>\n<meta name=\"twitter:card\" content=\"summary_large_image\" \/>\n<meta name=\"twitter:label1\" content=\"Escrito por\" \/>\n\t<meta name=\"twitter:data1\" content=\"Redacci\u00f3n\" \/>\n\t<meta name=\"twitter:label2\" content=\"Tiempo de lectura\" \/>\n\t<meta name=\"twitter:data2\" content=\"3 minutos\" \/>\n<script type=\"application\/ld+json\" class=\"yoast-schema-graph\">{\"@context\":\"https:\\\/\\\/schema.org\",\"@graph\":[{\"@type\":\"Article\",\"@id\":\"https:\\\/\\\/www.justretail.news\\\/latam\\\/noticias\\\/falabella-cambia-de-gerente-de-retail-y-nombra-a-tomas-platovsky-al-frente-de-las-departamentales\\\/#article\",\"isPartOf\":{\"@id\":\"https:\\\/\\\/www.justretail.news\\\/latam\\\/noticias\\\/falabella-cambia-de-gerente-de-retail-y-nombra-a-tomas-platovsky-al-frente-de-las-departamentales\\\/\"},\"author\":{\"name\":\"Redacci\u00f3n\",\"@id\":\"https:\\\/\\\/www.justretail.news\\\/latam\\\/#\\\/schema\\\/person\\\/1543b9d803b2d5751fba2211e7785c5f\"},\"headline\":\"Falabella cambia de gerente de retail y nombra a Tom\u00e1s Platovsky al frente de las departamentales\",\"datePublished\":\"2026-09-01T19:51:05+00:00\",\"dateModified\":\"2026-09-01T19:51:07+00:00\",\"mainEntityOfPage\":{\"@id\":\"https:\\\/\\\/www.justretail.news\\\/latam\\\/noticias\\\/falabella-cambia-de-gerente-de-retail-y-nombra-a-tomas-platovsky-al-frente-de-las-departamentales\\\/\"},\"wordCount\":498,\"publisher\":{\"@id\":\"https:\\\/\\\/www.justretail.news\\\/latam\\\/#organization\"},\"image\":{\"@id\":\"https:\\\/\\\/www.justretail.news\\\/latam\\\/noticias\\\/falabella-cambia-de-gerente-de-retail-y-nombra-a-tomas-platovsky-al-frente-de-las-departamentales\\\/#primaryimage\"},\"thumbnailUrl\":\"https:\\\/\\\/www.justretail.news\\\/latam\\\/wp-content\\\/uploads\\\/2026\\\/09\\\/Tomas-Platovsky-falabella.jpg\",\"keywords\":[\"Chile\",\"Falabella\",\"Tiendas departamentales\"],\"articleSection\":[\"Nombramientos\"],\"inLanguage\":\"es\"},{\"@type\":\"WebPage\",\"@id\":\"https:\\\/\\\/www.justretail.news\\\/latam\\\/noticias\\\/falabella-cambia-de-gerente-de-retail-y-nombra-a-tomas-platovsky-al-frente-de-las-departamentales\\\/\",\"url\":\"https:\\\/\\\/www.justretail.news\\\/latam\\\/noticias\\\/falabella-cambia-de-gerente-de-retail-y-nombra-a-tomas-platovsky-al-frente-de-las-departamentales\\\/\",\"name\":\"Falabella cambia de gerente de retail y nombra a Tom\u00e1s Platovsky al frente de las departamentales - Just Retail Latam\",\"isPartOf\":{\"@id\":\"https:\\\/\\\/www.justretail.news\\\/latam\\\/#website\"},\"primaryImageOfPage\":{\"@id\":\"https:\\\/\\\/www.justretail.news\\\/latam\\\/noticias\\\/falabella-cambia-de-gerente-de-retail-y-nombra-a-tomas-platovsky-al-frente-de-las-departamentales\\\/#primaryimage\"},\"image\":{\"@id\":\"https:\\\/\\\/www.justretail.news\\\/latam\\\/noticias\\\/falabella-cambia-de-gerente-de-retail-y-nombra-a-tomas-platovsky-al-frente-de-las-departamentales\\\/#primaryimage\"},\"thumbnailUrl\":\"https:\\\/\\\/www.justretail.news\\\/latam\\\/wp-content\\\/uploads\\\/2026\\\/09\\\/Tomas-Platovsky-falabella.jpg\",\"datePublished\":\"2026-09-01T19:51:05+00:00\",\"dateModified\":\"2026-09-01T19:51:07+00:00\",\"breadcrumb\":{\"@id\":\"https:\\\/\\\/www.justretail.news\\\/latam\\\/noticias\\\/falabella-cambia-de-gerente-de-retail-y-nombra-a-tomas-platovsky-al-frente-de-las-departamentales\\\/#breadcrumb\"},\"inLanguage\":\"es\",\"potentialAction\":[{\"@type\":\"ReadAction\",\"target\":[\"https:\\\/\\\/www.justretail.news\\\/latam\\\/noticias\\\/falabella-cambia-de-gerente-de-retail-y-nombra-a-tomas-platovsky-al-frente-de-las-departamentales\\\/\"]}]},{\"@type\":\"ImageObject\",\"inLanguage\":\"es\",\"@id\":\"https:\\\/\\\/www.justretail.news\\\/latam\\\/noticias\\\/falabella-cambia-de-gerente-de-retail-y-nombra-a-tomas-platovsky-al-frente-de-las-departamentales\\\/#primaryimage\",\"url\":\"https:\\\/\\\/www.justretail.news\\\/latam\\\/wp-content\\\/uploads\\\/2026\\\/09\\\/Tomas-Platovsky-falabella.jpg\",\"contentUrl\":\"https:\\\/\\\/www.justretail.news\\\/latam\\\/wp-content\\\/uploads\\\/2026\\\/09\\\/Tomas-Platovsky-falabella.jpg\",\"width\":800,\"height\":450},{\"@type\":\"BreadcrumbList\",\"@id\":\"https:\\\/\\\/www.justretail.news\\\/latam\\\/noticias\\\/falabella-cambia-de-gerente-de-retail-y-nombra-a-tomas-platovsky-al-frente-de-las-departamentales\\\/#breadcrumb\",\"itemListElement\":[{\"@type\":\"ListItem\",\"position\":1,\"name\":\"Portada\",\"item\":\"https:\\\/\\\/www.justretail.news\\\/latam\\\/\"},{\"@type\":\"ListItem\",\"position\":2,\"name\":\"Falabella cambia de gerente de retail y nombra a Tom\u00e1s Platovsky al frente de las departamentales\"}]},{\"@type\":\"WebSite\",\"@id\":\"https:\\\/\\\/www.justretail.news\\\/latam\\\/#website\",\"url\":\"https:\\\/\\\/www.justretail.news\\\/latam\\\/\",\"name\":\"Just Retail Latam\",\"description\":\"\",\"publisher\":{\"@id\":\"https:\\\/\\\/www.justretail.news\\\/latam\\\/#organization\"},\"potentialAction\":[{\"@type\":\"SearchAction\",\"target\":{\"@type\":\"EntryPoint\",\"urlTemplate\":\"https:\\\/\\\/www.justretail.news\\\/latam\\\/?s={search_term_string}\"},\"query-input\":{\"@type\":\"PropertyValueSpecification\",\"valueRequired\":true,\"valueName\":\"search_term_string\"}}],\"inLanguage\":\"es\"},{\"@type\":\"Organization\",\"@id\":\"https:\\\/\\\/www.justretail.news\\\/latam\\\/#organization\",\"name\":\"Just Retail Latam\",\"url\":\"https:\\\/\\\/www.justretail.news\\\/latam\\\/\",\"logo\":{\"@type\":\"ImageObject\",\"inLanguage\":\"es\",\"@id\":\"https:\\\/\\\/www.justretail.news\\\/latam\\\/#\\\/schema\\\/logo\\\/image\\\/\",\"url\":\"https:\\\/\\\/www.justretail.news\\\/latam\\\/wp-content\\\/uploads\\\/2024\\\/05\\\/just-retail-logo-NEGRO-trans-latam-272x90_nuevo.png\",\"contentUrl\":\"https:\\\/\\\/www.justretail.news\\\/latam\\\/wp-content\\\/uploads\\\/2024\\\/05\\\/just-retail-logo-NEGRO-trans-latam-272x90_nuevo.png\",\"width\":272,\"height\":90,\"caption\":\"Just Retail Latam\"},\"image\":{\"@id\":\"https:\\\/\\\/www.justretail.news\\\/latam\\\/#\\\/schema\\\/logo\\\/image\\\/\"}},{\"@type\":\"Person\",\"@id\":\"https:\\\/\\\/www.justretail.news\\\/latam\\\/#\\\/schema\\\/person\\\/1543b9d803b2d5751fba2211e7785c5f\",\"name\":\"Redacci\u00f3n\",\"image\":{\"@type\":\"ImageObject\",\"inLanguage\":\"es\",\"@id\":\"https:\\\/\\\/secure.gravatar.com\\\/avatar\\\/728f66d366b9809efe89ec232bef06263abc057cefaba166bbd45a167e648b3c?s=96&d=mm&r=g\",\"url\":\"https:\\\/\\\/secure.gravatar.com\\\/avatar\\\/728f66d366b9809efe89ec232bef06263abc057cefaba166bbd45a167e648b3c?s=96&d=mm&r=g\",\"contentUrl\":\"https:\\\/\\\/secure.gravatar.com\\\/avatar\\\/728f66d366b9809efe89ec232bef06263abc057cefaba166bbd45a167e648b3c?s=96&d=mm&r=g\",\"caption\":\"Redacci\u00f3n\"},\"sameAs\":[\"https:\\\/\\\/www.justretail.news\\\/latam\"],\"url\":\"https:\\\/\\\/www.justretail.news\\\/latam\\\/noticias\\\/author\\\/latam_master\\\/\"}]}<\/script>\n<!-- \/ Yoast SEO plugin. -->","yoast_head_json":{"title":"Falabella cambia de gerente de retail y nombra a Tom\u00e1s Platovsky al frente de las departamentales - Just Retail Latam","robots":{"index":"index","follow":"follow","max-snippet":"max-snippet:-1","max-image-preview":"max-image-preview:large","max-video-preview":"max-video-preview:-1"},"canonical":"https:\/\/www.justretail.news\/latam\/noticias\/falabella-cambia-de-gerente-de-retail-y-nombra-a-tomas-platovsky-al-frente-de-las-departamentales\/","og_locale":"es_ES","og_type":"article","og_title":"Falabella cambia de gerente de retail y nombra a Tom\u00e1s Platovsky al frente de las departamentales - Just Retail Latam","og_description":"Tom\u00e1s Platovsky asumir\u00e1 el 1 de octubre como gerente general corporativo de Falabella Retail.","og_url":"https:\/\/www.justretail.news\/latam\/noticias\/falabella-cambia-de-gerente-de-retail-y-nombra-a-tomas-platovsky-al-frente-de-las-departamentales\/","og_site_name":"Just Retail Latam","article_published_time":"2026-09-01T19:51:05+00:00","article_modified_time":"2026-09-01T19:51:07+00:00","og_image":[{"width":800,"height":450,"url":"https:\/\/www.justretail.news\/latam\/wp-content\/uploads\/2026\/09\/Tomas-Platovsky-falabella.jpg","type":"image\/jpeg"}],"author":"Redacci\u00f3n","twitter_card":"summary_large_image","twitter_misc":{"Escrito por":"Redacci\u00f3n","Tiempo de lectura":"3 minutos"},"schema":{"@context":"https:\/\/schema.org","@graph":[{"@type":"Article","@id":"https:\/\/www.justretail.news\/latam\/noticias\/falabella-cambia-de-gerente-de-retail-y-nombra-a-tomas-platovsky-al-frente-de-las-departamentales\/#article","isPartOf":{"@id":"https:\/\/www.justretail.news\/latam\/noticias\/falabella-cambia-de-gerente-de-retail-y-nombra-a-tomas-platovsky-al-frente-de-las-departamentales\/"},"author":{"name":"Redacci\u00f3n","@id":"https:\/\/www.justretail.news\/latam\/#\/schema\/person\/1543b9d803b2d5751fba2211e7785c5f"},"headline":"Falabella cambia de gerente de retail y nombra a Tom\u00e1s Platovsky al frente de las departamentales","datePublished":"2026-09-01T19:51:05+00:00","dateModified":"2026-09-01T19:51:07+00:00","mainEntityOfPage":{"@id":"https:\/\/www.justretail.news\/latam\/noticias\/falabella-cambia-de-gerente-de-retail-y-nombra-a-tomas-platovsky-al-frente-de-las-departamentales\/"},"wordCount":498,"publisher":{"@id":"https:\/\/www.justretail.news\/latam\/#organization"},"image":{"@id":"https:\/\/www.justretail.news\/latam\/noticias\/falabella-cambia-de-gerente-de-retail-y-nombra-a-tomas-platovsky-al-frente-de-las-departamentales\/#primaryimage"},"thumbnailUrl":"https:\/\/www.justretail.news\/latam\/wp-content\/uploads\/2026\/09\/Tomas-Platovsky-falabella.jpg","keywords":["Chile","Falabella","Tiendas departamentales"],"articleSection":["Nombramientos"],"inLanguage":"es"},{"@type":"WebPage","@id":"https:\/\/www.justretail.news\/latam\/noticias\/falabella-cambia-de-gerente-de-retail-y-nombra-a-tomas-platovsky-al-frente-de-las-departamentales\/","url":"https:\/\/www.justretail.news\/latam\/noticias\/falabella-cambia-de-gerente-de-retail-y-nombra-a-tomas-platovsky-al-frente-de-las-departamentales\/","name":"Falabella cambia de gerente de retail y nombra a Tom\u00e1s Platovsky al frente de las departamentales - Just Retail Latam","isPartOf":{"@id":"https:\/\/www.justretail.news\/latam\/#website"},"primaryImageOfPage":{"@id":"https:\/\/www.justretail.news\/latam\/noticias\/falabella-cambia-de-gerente-de-retail-y-nombra-a-tomas-platovsky-al-frente-de-las-departamentales\/#primaryimage"},"image":{"@id":"https:\/\/www.justretail.news\/latam\/noticias\/falabella-cambia-de-gerente-de-retail-y-nombra-a-tomas-platovsky-al-frente-de-las-departamentales\/#primaryimage"},"thumbnailUrl":"https:\/\/www.justretail.news\/latam\/wp-content\/uploads\/2026\/09\/Tomas-Platovsky-falabella.jpg","datePublished":"2026-09-01T19:51:05+00:00","dateModified":"2026-09-01T19:51:07+00:00","breadcrumb":{"@id":"https:\/\/www.justretail.news\/latam\/noticias\/falabella-cambia-de-gerente-de-retail-y-nombra-a-tomas-platovsky-al-frente-de-las-departamentales\/#breadcrumb"},"inLanguage":"es","potentialAction":[{"@type":"ReadAction","target":["https:\/\/www.justretail.news\/latam\/noticias\/falabella-cambia-de-gerente-de-retail-y-nombra-a-tomas-platovsky-al-frente-de-las-departamentales\/"]}]},{"@type":"ImageObject","inLanguage":"es","@id":"https:\/\/www.justretail.news\/latam\/noticias\/falabella-cambia-de-gerente-de-retail-y-nombra-a-tomas-platovsky-al-frente-de-las-departamentales\/#primaryimage","url":"https:\/\/www.justretail.news\/latam\/wp-content\/uploads\/2026\/09\/Tomas-Platovsky-falabella.jpg","contentUrl":"https:\/\/www.justretail.news\/latam\/wp-content\/uploads\/2026\/09\/Tomas-Platovsky-falabella.jpg","width":800,"height":450},{"@type":"BreadcrumbList","@id":"https:\/\/www.justretail.news\/latam\/noticias\/falabella-cambia-de-gerente-de-retail-y-nombra-a-tomas-platovsky-al-frente-de-las-departamentales\/#breadcrumb","itemListElement":[{"@type":"ListItem","position":1,"name":"Portada","item":"https:\/\/www.justretail.news\/latam\/"},{"@type":"ListItem","position":2,"name":"Falabella cambia de gerente de retail y nombra a Tom\u00e1s Platovsky al frente de las departamentales"}]},{"@type":"WebSite","@id":"https:\/\/www.justretail.news\/latam\/#website","url":"https:\/\/www.justretail.news\/latam\/","name":"Just Retail Latam","description":"","publisher":{"@id":"https:\/\/www.justretail.news\/latam\/#organization"},"potentialAction":[{"@type":"SearchAction","target":{"@type":"EntryPoint","urlTemplate":"https:\/\/www.justretail.news\/latam\/?s={search_term_string}"},"query-input":{"@type":"PropertyValueSpecification","valueRequired":true,"valueName":"search_term_string"}}],"inLanguage":"es"},{"@type":"Organization","@id":"https:\/\/www.justretail.news\/latam\/#organization","name":"Just Retail Latam","url":"https:\/\/www.justretail.news\/latam\/","logo":{"@type":"ImageObject","inLanguage":"es","@id":"https:\/\/www.justretail.news\/latam\/#\/schema\/logo\/image\/","url":"https:\/\/www.justretail.news\/latam\/wp-content\/uploads\/2024\/05\/just-retail-logo-NEGRO-trans-latam-272x90_nuevo.png","contentUrl":"https:\/\/www.justretail.news\/latam\/wp-content\/uploads\/2024\/05\/just-retail-logo-NEGRO-trans-latam-272x90_nuevo.png","width":272,"height":90,"caption":"Just Retail Latam"},"image":{"@id":"https:\/\/www.justretail.news\/latam\/#\/schema\/logo\/image\/"}},{"@type":"Person","@id":"https:\/\/www.justretail.news\/latam\/#\/schema\/person\/1543b9d803b2d5751fba2211e7785c5f","name":"Redacci\u00f3n","image":{"@type":"ImageObject","inLanguage":"es","@id":"https:\/\/secure.gravatar.com\/avatar\/728f66d366b9809efe89ec232bef06263abc057cefaba166bbd45a167e648b3c?s=96&d=mm&r=g","url":"https:\/\/secure.gravatar.com\/avatar\/728f66d366b9809efe89ec232bef06263abc057cefaba166bbd45a167e648b3c?s=96&d=mm&r=g","contentUrl":"https:\/\/secure.gravatar.com\/avatar\/728f66d366b9809efe89ec232bef06263abc057cefaba166bbd45a167e648b3c?s=96&d=mm&r=g","caption":"Redacci\u00f3n"},"sameAs":["https:\/\/www.justretail.news\/latam"],"url":"https:\/\/www.justretail.news\/latam\/noticias\/author\/latam_master\/"}]}},"jetpack_sharing_enabled":true,"jetpack_featured_media_url":"https:\/\/www.justretail.news\/latam\/wp-content\/uploads\/2026\/09\/Tomas-Platovsky-falabella.jpg","_links":{"self":[{"href":"https:\/\/www.justretail.news\/latam\/wp-json\/wp\/v2\/posts\/6578","targetHints":{"allow":["GET"]}}],"collection":[{"href":"https:\/\/www.justretail.news\/latam\/wp-json\/wp\/v2\/posts"}],"about":[{"href":"https:\/\/www.justretail.news\/latam\/wp-json\/wp\/v2\/types\/post"}],"author":[{"embeddable":true,"href":"https:\/\/www.justretail.news\/latam\/wp-json\/wp\/v2\/users\/1"}],"replies":[{"embeddable":true,"href":"https:\/\/www.justretail.news\/latam\/wp-json\/wp\/v2\/comments?post=6578"}],"version-history":[{"count":1,"href":"https:\/\/www.justretail.news\/latam\/wp-json\/wp\/v2\/posts\/6578\/revisions"}],"predecessor-version":[{"id":6580,"href":"https:\/\/www.justretail.news\/latam\/wp-json\/wp\/v2\/posts\/6578\/revisions\/6580"}],"wp:featuredmedia":[{"embeddable":true,"href":"https:\/\/www.justretail.news\/latam\/wp-json\/wp\/v2\/media\/6579"}],"wp:attachment":[{"href":"https:\/\/www.justretail.news\/latam\/wp-json\/wp\/v2\/media?parent=6578"}],"wp:term":[{"taxonomy":"category","embeddable":true,"href":"https:\/\/www.justretail.news\/latam\/wp-json\/wp\/v2\/categories?post=6578"},{"taxonomy":"post_tag","embeddable":true,"href":"https:\/\/www.justretail.news\/latam\/wp-json\/wp\/v2\/tags?post=6578"}],"curies":[{"name":"wp","href":"https:\/\/api.w.org\/{rel}","templated":true}]}}