{"id":6582,"date":"2026-09-01T22:11:58","date_gmt":"2026-09-01T20:11:58","guid":{"rendered":"https:\/\/www.justretail.news\/latam\/?p=6582"},"modified":"2026-09-01T22:11:59","modified_gmt":"2026-09-01T20:11:59","slug":"parque-arauco-redibuja-su-historico-mall-sale-ripley-crece-paris-y-suma-70-tiendas","status":"publish","type":"post","link":"https:\/\/www.justretail.news\/latam\/noticias\/parque-arauco-redibuja-su-historico-mall-sale-ripley-crece-paris-y-suma-70-tiendas\/","title":{"rendered":"Parque Arauco redibuja su hist\u00f3rico mall: sale Ripley, crece Paris y suma 70 tiendas"},"content":{"rendered":"\n<p class=\"wp-block-paragraph\">Parque Arauco prepara una transformaci\u00f3n de gran calado en su centro comercial m\u00e1s emblem\u00e1tico. El grupo <strong>reconvertir\u00e1 el ala poniente de Parque Arauco Kennedy<\/strong>, en Santiago de Chile, con un proyecto que implicar\u00e1 el cierre de la tienda de Ripley, el traslado de Paris y la incorporaci\u00f3n de alrededor de setenta nuevos establecimientos.<\/p>\n\n\n\n<p class=\"wp-block-paragraph\"><strong>Ripley mantendr\u00e1 abierta su tienda hasta el primer semestre de 2027<\/strong>, cuando abandonar\u00e1 el espacio que ocupa actualmente en el complejo ubicado en la comuna de Las Condes. Su salida ser\u00e1 una de las principales piezas de una intervenci\u00f3n que se desarrollar\u00e1 por etapas entre 2027 y 2030.<\/p>\n\n\n\n<p class=\"wp-block-paragraph\">El establecimiento de Ripley ser\u00e1 ocupado por Paris, que trasladar\u00e1 all\u00ed su operaci\u00f3n y habilitar\u00e1 una tienda de aproximadamente <strong>16.500 metros cuadrados, la mayor de la cadena en Chile<\/strong>. Con este movimiento, Parque Arauco Kennedy reunir\u00e1 la tienda m\u00e1s grande de Falabella y el nuevo buque insignia de Paris (del grupo Cencosud) en el pa\u00eds.<\/p>\n\n\n\n<p class=\"wp-block-paragraph\">El traslado de Paris liberar\u00e1 los cerca de 11.000 metros cuadrados que ocupa actualmente en otra zona del centro comercial. <strong>Parque Arauco dividir\u00e1 esta superficie para incorporar alrededor de setenta tiendas peque\u00f1as y medianas<\/strong>, adem\u00e1s de nuevas marcas internacionales de moda y una oferta gastron\u00f3mica renovada.<\/p>\n\n\n\n<p class=\"wp-block-paragraph\">Tras completar la transformaci\u00f3n, <strong>Parque Arauco Kennedy pasar\u00e1 de sus actuales 430 establecimientos a superar los 500 locales<\/strong>. La intervenci\u00f3n forma parte del plan de inversiones por 781 millones de d\u00f3lares que la compa\u00f1\u00eda est\u00e1 ejecutando en Chile.<\/p>\n\n\n\n<h2 class=\"wp-block-heading\">Un proyecto a largo plazo <\/h2>\n\n\n\n<p class=\"wp-block-paragraph\">El proyecto contin\u00faa el plan maestro <strong>iniciado hace m\u00e1s de quince a\u00f1os <\/strong>para convertir el tradicional centro comercial de dos pisos en un complejo de uso mixto de mayor escala. Durante los \u00faltimos ejercicios, las inversiones se concentraron principalmente en el sector oriente del activo, mientras que la pr\u00f3xima etapa estar\u00e1 enfocada en la zona poniente, la m\u00e1s antigua del recinto.<\/p>\n\n\n\n<p class=\"wp-block-paragraph\">Uno de los principales hitos de esta transformaci\u00f3n fue la integraci\u00f3n de Open Plaza Kennedy, adquirido a Grupo Falabella en 2025 y posteriormente incorporado al complejo como Zona D. A comienzos de 2026, Parque Arauco inaugur\u00f3 tambi\u00e9n la Zona C, con acceso por Cerro Colorado.<\/p>\n\n\n\n<p class=\"wp-block-paragraph\">Esta \u00faltima ampliaci\u00f3n incorpor\u00f3 la primera tienda de Seiko en Latinoam\u00e9rica, el mayor <em>flagship <\/em>de Nespresso en Chile y establecimientos de operadores internacionales de belleza como Dior y Kiko Milano. En abril, el complejo estren\u00f3 adem\u00e1s un nuevo espacio gastron\u00f3mico de dos niveles con una terraza orientada hacia el Parque Araucano.<\/p>\n\n\n\n<p class=\"wp-block-paragraph\"><strong>La compa\u00f1\u00eda tambi\u00e9n est\u00e1 ampliando los usos no comerciales de Parque Arauco Kennedy.<\/strong> El grupo desarrolla una torre de oficinas de 23.400 metros cuadrados arrendables, cuya entrega est\u00e1 prevista para el primer trimestre de 2027.<\/p>\n\n\n\n<p class=\"wp-block-paragraph\">A este proyecto se sumar\u00e1 el primer edificio multifamily construido dentro de uno de los centros comerciales de la compa\u00f1\u00eda. El inmueble contar\u00e1 con 414 departamentos destinados al alquiler y su apertura est\u00e1 programada para 2028.<\/p>\n\n\n\n<p class=\"wp-block-paragraph\">La transformaci\u00f3n del activo se beneficiar\u00e1, adem\u00e1s, de la futura estaci\u00f3n Parque Araucano de la L\u00ednea 7 del Metro de Santiago. Con la ampliaci\u00f3n comercial, las oficinas y el desarrollo residencial, Parque Arauco busca consolidar el complejo como uno de los principales destinos de compras y usos mixtos de la regi\u00f3n.<\/p>\n","protected":false},"excerpt":{"rendered":"<p>La tienda departamental de Cencosud ocupar\u00e1 una superficie total de 16.500 metros cuadrados.<\/p>\n","protected":false},"author":1,"featured_media":6583,"comment_status":"closed","ping_status":"open","sticky":false,"template":"","format":"standard","meta":{"_jetpack_newsletter_access":"","_jetpack_dont_email_post_to_subs":false,"_jetpack_newsletter_tier_id":0,"_jetpack_memberships_contains_paywalled_content":false,"_jetpack_feature_clip_id":0,"_jetpack_memberships_contains_paid_content":false,"footnotes":"","jetpack_post_was_ever_published":false},"categories":[40],"tags":[1328,615,445],"class_list":["post-6582","post","type-post","status-publish","format-standard","has-post-thumbnail","category-locations","tag-paris","tag-parque-arauco","tag-ripley"],"yoast_head":"<!-- This site is optimized with the Yoast SEO plugin v28.4 - https:\/\/yoast.com\/product\/yoast-seo-wordpress\/ -->\n<title>Parque Arauco redibuja su hist\u00f3rico mall: sale Ripley, crece Paris y suma 70 tiendas - Just Retail Latam<\/title>\n<meta name=\"robots\" content=\"index, follow, max-snippet:-1, max-image-preview:large, max-video-preview:-1\" \/>\n<link rel=\"canonical\" href=\"https:\/\/www.justretail.news\/latam\/noticias\/parque-arauco-redibuja-su-historico-mall-sale-ripley-crece-paris-y-suma-70-tiendas\/\" \/>\n<meta property=\"og:locale\" content=\"es_ES\" \/>\n<meta property=\"og:type\" content=\"article\" \/>\n<meta property=\"og:title\" content=\"Parque Arauco redibuja su hist\u00f3rico mall: sale Ripley, crece Paris y suma 70 tiendas - Just Retail Latam\" \/>\n<meta property=\"og:description\" content=\"La tienda departamental de Cencosud ocupar\u00e1 una superficie total de 16.500 metros cuadrados.\" \/>\n<meta property=\"og:url\" content=\"https:\/\/www.justretail.news\/latam\/noticias\/parque-arauco-redibuja-su-historico-mall-sale-ripley-crece-paris-y-suma-70-tiendas\/\" \/>\n<meta property=\"og:site_name\" content=\"Just Retail Latam\" \/>\n<meta property=\"article:published_time\" content=\"2026-09-01T20:11:58+00:00\" \/>\n<meta property=\"article:modified_time\" content=\"2026-09-01T20:11:59+00:00\" \/>\n<meta property=\"og:image\" content=\"https:\/\/www.justretail.news\/latam\/wp-content\/uploads\/2026\/09\/parque-arauco.jpg\" \/>\n\t<meta property=\"og:image:width\" content=\"800\" \/>\n\t<meta property=\"og:image:height\" content=\"584\" \/>\n\t<meta property=\"og:image:type\" content=\"image\/jpeg\" \/>\n<meta name=\"author\" content=\"Redacci\u00f3n\" \/>\n<meta name=\"twitter:card\" content=\"summary_large_image\" \/>\n<meta name=\"twitter:label1\" content=\"Escrito por\" \/>\n\t<meta name=\"twitter:data1\" content=\"Redacci\u00f3n\" \/>\n\t<meta name=\"twitter:label2\" content=\"Tiempo de lectura\" \/>\n\t<meta name=\"twitter:data2\" content=\"3 minutos\" \/>\n<script type=\"application\/ld+json\" class=\"yoast-schema-graph\">{\"@context\":\"https:\\\/\\\/schema.org\",\"@graph\":[{\"@type\":\"Article\",\"@id\":\"https:\\\/\\\/www.justretail.news\\\/latam\\\/noticias\\\/parque-arauco-redibuja-su-historico-mall-sale-ripley-crece-paris-y-suma-70-tiendas\\\/#article\",\"isPartOf\":{\"@id\":\"https:\\\/\\\/www.justretail.news\\\/latam\\\/noticias\\\/parque-arauco-redibuja-su-historico-mall-sale-ripley-crece-paris-y-suma-70-tiendas\\\/\"},\"author\":{\"name\":\"Redacci\u00f3n\",\"@id\":\"https:\\\/\\\/www.justretail.news\\\/latam\\\/#\\\/schema\\\/person\\\/1543b9d803b2d5751fba2211e7785c5f\"},\"headline\":\"Parque Arauco redibuja su hist\u00f3rico mall: sale Ripley, crece Paris y suma 70 tiendas\",\"datePublished\":\"2026-09-01T20:11:58+00:00\",\"dateModified\":\"2026-09-01T20:11:59+00:00\",\"mainEntityOfPage\":{\"@id\":\"https:\\\/\\\/www.justretail.news\\\/latam\\\/noticias\\\/parque-arauco-redibuja-su-historico-mall-sale-ripley-crece-paris-y-suma-70-tiendas\\\/\"},\"wordCount\":559,\"publisher\":{\"@id\":\"https:\\\/\\\/www.justretail.news\\\/latam\\\/#organization\"},\"image\":{\"@id\":\"https:\\\/\\\/www.justretail.news\\\/latam\\\/noticias\\\/parque-arauco-redibuja-su-historico-mall-sale-ripley-crece-paris-y-suma-70-tiendas\\\/#primaryimage\"},\"thumbnailUrl\":\"https:\\\/\\\/www.justretail.news\\\/latam\\\/wp-content\\\/uploads\\\/2026\\\/09\\\/parque-arauco.jpg\",\"keywords\":[\"Paris\",\"Parque Arauco\",\"Ripley\"],\"articleSection\":[\"Locations\"],\"inLanguage\":\"es\"},{\"@type\":\"WebPage\",\"@id\":\"https:\\\/\\\/www.justretail.news\\\/latam\\\/noticias\\\/parque-arauco-redibuja-su-historico-mall-sale-ripley-crece-paris-y-suma-70-tiendas\\\/\",\"url\":\"https:\\\/\\\/www.justretail.news\\\/latam\\\/noticias\\\/parque-arauco-redibuja-su-historico-mall-sale-ripley-crece-paris-y-suma-70-tiendas\\\/\",\"name\":\"Parque Arauco redibuja su hist\u00f3rico mall: sale Ripley, crece Paris y suma 70 tiendas - Just Retail Latam\",\"isPartOf\":{\"@id\":\"https:\\\/\\\/www.justretail.news\\\/latam\\\/#website\"},\"primaryImageOfPage\":{\"@id\":\"https:\\\/\\\/www.justretail.news\\\/latam\\\/noticias\\\/parque-arauco-redibuja-su-historico-mall-sale-ripley-crece-paris-y-suma-70-tiendas\\\/#primaryimage\"},\"image\":{\"@id\":\"https:\\\/\\\/www.justretail.news\\\/latam\\\/noticias\\\/parque-arauco-redibuja-su-historico-mall-sale-ripley-crece-paris-y-suma-70-tiendas\\\/#primaryimage\"},\"thumbnailUrl\":\"https:\\\/\\\/www.justretail.news\\\/latam\\\/wp-content\\\/uploads\\\/2026\\\/09\\\/parque-arauco.jpg\",\"datePublished\":\"2026-09-01T20:11:58+00:00\",\"dateModified\":\"2026-09-01T20:11:59+00:00\",\"breadcrumb\":{\"@id\":\"https:\\\/\\\/www.justretail.news\\\/latam\\\/noticias\\\/parque-arauco-redibuja-su-historico-mall-sale-ripley-crece-paris-y-suma-70-tiendas\\\/#breadcrumb\"},\"inLanguage\":\"es\",\"potentialAction\":[{\"@type\":\"ReadAction\",\"target\":[\"https:\\\/\\\/www.justretail.news\\\/latam\\\/noticias\\\/parque-arauco-redibuja-su-historico-mall-sale-ripley-crece-paris-y-suma-70-tiendas\\\/\"]}]},{\"@type\":\"ImageObject\",\"inLanguage\":\"es\",\"@id\":\"https:\\\/\\\/www.justretail.news\\\/latam\\\/noticias\\\/parque-arauco-redibuja-su-historico-mall-sale-ripley-crece-paris-y-suma-70-tiendas\\\/#primaryimage\",\"url\":\"https:\\\/\\\/www.justretail.news\\\/latam\\\/wp-content\\\/uploads\\\/2026\\\/09\\\/parque-arauco.jpg\",\"contentUrl\":\"https:\\\/\\\/www.justretail.news\\\/latam\\\/wp-content\\\/uploads\\\/2026\\\/09\\\/parque-arauco.jpg\",\"width\":800,\"height\":584},{\"@type\":\"BreadcrumbList\",\"@id\":\"https:\\\/\\\/www.justretail.news\\\/latam\\\/noticias\\\/parque-arauco-redibuja-su-historico-mall-sale-ripley-crece-paris-y-suma-70-tiendas\\\/#breadcrumb\",\"itemListElement\":[{\"@type\":\"ListItem\",\"position\":1,\"name\":\"Portada\",\"item\":\"https:\\\/\\\/www.justretail.news\\\/latam\\\/\"},{\"@type\":\"ListItem\",\"position\":2,\"name\":\"Parque Arauco redibuja su hist\u00f3rico mall: sale Ripley, crece Paris y suma 70 tiendas\"}]},{\"@type\":\"WebSite\",\"@id\":\"https:\\\/\\\/www.justretail.news\\\/latam\\\/#website\",\"url\":\"https:\\\/\\\/www.justretail.news\\\/latam\\\/\",\"name\":\"Just Retail Latam\",\"description\":\"\",\"publisher\":{\"@id\":\"https:\\\/\\\/www.justretail.news\\\/latam\\\/#organization\"},\"potentialAction\":[{\"@type\":\"SearchAction\",\"target\":{\"@type\":\"EntryPoint\",\"urlTemplate\":\"https:\\\/\\\/www.justretail.news\\\/latam\\\/?s={search_term_string}\"},\"query-input\":{\"@type\":\"PropertyValueSpecification\",\"valueRequired\":true,\"valueName\":\"search_term_string\"}}],\"inLanguage\":\"es\"},{\"@type\":\"Organization\",\"@id\":\"https:\\\/\\\/www.justretail.news\\\/latam\\\/#organization\",\"name\":\"Just Retail Latam\",\"url\":\"https:\\\/\\\/www.justretail.news\\\/latam\\\/\",\"logo\":{\"@type\":\"ImageObject\",\"inLanguage\":\"es\",\"@id\":\"https:\\\/\\\/www.justretail.news\\\/latam\\\/#\\\/schema\\\/logo\\\/image\\\/\",\"url\":\"https:\\\/\\\/www.justretail.news\\\/latam\\\/wp-content\\\/uploads\\\/2024\\\/05\\\/just-retail-logo-NEGRO-trans-latam-272x90_nuevo.png\",\"contentUrl\":\"https:\\\/\\\/www.justretail.news\\\/latam\\\/wp-content\\\/uploads\\\/2024\\\/05\\\/just-retail-logo-NEGRO-trans-latam-272x90_nuevo.png\",\"width\":272,\"height\":90,\"caption\":\"Just Retail Latam\"},\"image\":{\"@id\":\"https:\\\/\\\/www.justretail.news\\\/latam\\\/#\\\/schema\\\/logo\\\/image\\\/\"}},{\"@type\":\"Person\",\"@id\":\"https:\\\/\\\/www.justretail.news\\\/latam\\\/#\\\/schema\\\/person\\\/1543b9d803b2d5751fba2211e7785c5f\",\"name\":\"Redacci\u00f3n\",\"image\":{\"@type\":\"ImageObject\",\"inLanguage\":\"es\",\"@id\":\"https:\\\/\\\/secure.gravatar.com\\\/avatar\\\/728f66d366b9809efe89ec232bef06263abc057cefaba166bbd45a167e648b3c?s=96&d=mm&r=g\",\"url\":\"https:\\\/\\\/secure.gravatar.com\\\/avatar\\\/728f66d366b9809efe89ec232bef06263abc057cefaba166bbd45a167e648b3c?s=96&d=mm&r=g\",\"contentUrl\":\"https:\\\/\\\/secure.gravatar.com\\\/avatar\\\/728f66d366b9809efe89ec232bef06263abc057cefaba166bbd45a167e648b3c?s=96&d=mm&r=g\",\"caption\":\"Redacci\u00f3n\"},\"sameAs\":[\"https:\\\/\\\/www.justretail.news\\\/latam\"],\"url\":\"https:\\\/\\\/www.justretail.news\\\/latam\\\/noticias\\\/author\\\/latam_master\\\/\"}]}<\/script>\n<!-- \/ Yoast SEO plugin. -->","yoast_head_json":{"title":"Parque Arauco redibuja su hist\u00f3rico mall: sale Ripley, crece Paris y suma 70 tiendas - Just Retail Latam","robots":{"index":"index","follow":"follow","max-snippet":"max-snippet:-1","max-image-preview":"max-image-preview:large","max-video-preview":"max-video-preview:-1"},"canonical":"https:\/\/www.justretail.news\/latam\/noticias\/parque-arauco-redibuja-su-historico-mall-sale-ripley-crece-paris-y-suma-70-tiendas\/","og_locale":"es_ES","og_type":"article","og_title":"Parque Arauco redibuja su hist\u00f3rico mall: sale Ripley, crece Paris y suma 70 tiendas - Just Retail Latam","og_description":"La tienda departamental de Cencosud ocupar\u00e1 una superficie total de 16.500 metros cuadrados.","og_url":"https:\/\/www.justretail.news\/latam\/noticias\/parque-arauco-redibuja-su-historico-mall-sale-ripley-crece-paris-y-suma-70-tiendas\/","og_site_name":"Just Retail Latam","article_published_time":"2026-09-01T20:11:58+00:00","article_modified_time":"2026-09-01T20:11:59+00:00","og_image":[{"width":800,"height":584,"url":"https:\/\/www.justretail.news\/latam\/wp-content\/uploads\/2026\/09\/parque-arauco.jpg","type":"image\/jpeg"}],"author":"Redacci\u00f3n","twitter_card":"summary_large_image","twitter_misc":{"Escrito por":"Redacci\u00f3n","Tiempo de lectura":"3 minutos"},"schema":{"@context":"https:\/\/schema.org","@graph":[{"@type":"Article","@id":"https:\/\/www.justretail.news\/latam\/noticias\/parque-arauco-redibuja-su-historico-mall-sale-ripley-crece-paris-y-suma-70-tiendas\/#article","isPartOf":{"@id":"https:\/\/www.justretail.news\/latam\/noticias\/parque-arauco-redibuja-su-historico-mall-sale-ripley-crece-paris-y-suma-70-tiendas\/"},"author":{"name":"Redacci\u00f3n","@id":"https:\/\/www.justretail.news\/latam\/#\/schema\/person\/1543b9d803b2d5751fba2211e7785c5f"},"headline":"Parque Arauco redibuja su hist\u00f3rico mall: sale Ripley, crece Paris y suma 70 tiendas","datePublished":"2026-09-01T20:11:58+00:00","dateModified":"2026-09-01T20:11:59+00:00","mainEntityOfPage":{"@id":"https:\/\/www.justretail.news\/latam\/noticias\/parque-arauco-redibuja-su-historico-mall-sale-ripley-crece-paris-y-suma-70-tiendas\/"},"wordCount":559,"publisher":{"@id":"https:\/\/www.justretail.news\/latam\/#organization"},"image":{"@id":"https:\/\/www.justretail.news\/latam\/noticias\/parque-arauco-redibuja-su-historico-mall-sale-ripley-crece-paris-y-suma-70-tiendas\/#primaryimage"},"thumbnailUrl":"https:\/\/www.justretail.news\/latam\/wp-content\/uploads\/2026\/09\/parque-arauco.jpg","keywords":["Paris","Parque Arauco","Ripley"],"articleSection":["Locations"],"inLanguage":"es"},{"@type":"WebPage","@id":"https:\/\/www.justretail.news\/latam\/noticias\/parque-arauco-redibuja-su-historico-mall-sale-ripley-crece-paris-y-suma-70-tiendas\/","url":"https:\/\/www.justretail.news\/latam\/noticias\/parque-arauco-redibuja-su-historico-mall-sale-ripley-crece-paris-y-suma-70-tiendas\/","name":"Parque Arauco redibuja su hist\u00f3rico mall: sale Ripley, crece Paris y suma 70 tiendas - Just Retail Latam","isPartOf":{"@id":"https:\/\/www.justretail.news\/latam\/#website"},"primaryImageOfPage":{"@id":"https:\/\/www.justretail.news\/latam\/noticias\/parque-arauco-redibuja-su-historico-mall-sale-ripley-crece-paris-y-suma-70-tiendas\/#primaryimage"},"image":{"@id":"https:\/\/www.justretail.news\/latam\/noticias\/parque-arauco-redibuja-su-historico-mall-sale-ripley-crece-paris-y-suma-70-tiendas\/#primaryimage"},"thumbnailUrl":"https:\/\/www.justretail.news\/latam\/wp-content\/uploads\/2026\/09\/parque-arauco.jpg","datePublished":"2026-09-01T20:11:58+00:00","dateModified":"2026-09-01T20:11:59+00:00","breadcrumb":{"@id":"https:\/\/www.justretail.news\/latam\/noticias\/parque-arauco-redibuja-su-historico-mall-sale-ripley-crece-paris-y-suma-70-tiendas\/#breadcrumb"},"inLanguage":"es","potentialAction":[{"@type":"ReadAction","target":["https:\/\/www.justretail.news\/latam\/noticias\/parque-arauco-redibuja-su-historico-mall-sale-ripley-crece-paris-y-suma-70-tiendas\/"]}]},{"@type":"ImageObject","inLanguage":"es","@id":"https:\/\/www.justretail.news\/latam\/noticias\/parque-arauco-redibuja-su-historico-mall-sale-ripley-crece-paris-y-suma-70-tiendas\/#primaryimage","url":"https:\/\/www.justretail.news\/latam\/wp-content\/uploads\/2026\/09\/parque-arauco.jpg","contentUrl":"https:\/\/www.justretail.news\/latam\/wp-content\/uploads\/2026\/09\/parque-arauco.jpg","width":800,"height":584},{"@type":"BreadcrumbList","@id":"https:\/\/www.justretail.news\/latam\/noticias\/parque-arauco-redibuja-su-historico-mall-sale-ripley-crece-paris-y-suma-70-tiendas\/#breadcrumb","itemListElement":[{"@type":"ListItem","position":1,"name":"Portada","item":"https:\/\/www.justretail.news\/latam\/"},{"@type":"ListItem","position":2,"name":"Parque Arauco redibuja su hist\u00f3rico mall: sale Ripley, crece Paris y suma 70 tiendas"}]},{"@type":"WebSite","@id":"https:\/\/www.justretail.news\/latam\/#website","url":"https:\/\/www.justretail.news\/latam\/","name":"Just Retail Latam","description":"","publisher":{"@id":"https:\/\/www.justretail.news\/latam\/#organization"},"potentialAction":[{"@type":"SearchAction","target":{"@type":"EntryPoint","urlTemplate":"https:\/\/www.justretail.news\/latam\/?s={search_term_string}"},"query-input":{"@type":"PropertyValueSpecification","valueRequired":true,"valueName":"search_term_string"}}],"inLanguage":"es"},{"@type":"Organization","@id":"https:\/\/www.justretail.news\/latam\/#organization","name":"Just Retail Latam","url":"https:\/\/www.justretail.news\/latam\/","logo":{"@type":"ImageObject","inLanguage":"es","@id":"https:\/\/www.justretail.news\/latam\/#\/schema\/logo\/image\/","url":"https:\/\/www.justretail.news\/latam\/wp-content\/uploads\/2024\/05\/just-retail-logo-NEGRO-trans-latam-272x90_nuevo.png","contentUrl":"https:\/\/www.justretail.news\/latam\/wp-content\/uploads\/2024\/05\/just-retail-logo-NEGRO-trans-latam-272x90_nuevo.png","width":272,"height":90,"caption":"Just Retail Latam"},"image":{"@id":"https:\/\/www.justretail.news\/latam\/#\/schema\/logo\/image\/"}},{"@type":"Person","@id":"https:\/\/www.justretail.news\/latam\/#\/schema\/person\/1543b9d803b2d5751fba2211e7785c5f","name":"Redacci\u00f3n","image":{"@type":"ImageObject","inLanguage":"es","@id":"https:\/\/secure.gravatar.com\/avatar\/728f66d366b9809efe89ec232bef06263abc057cefaba166bbd45a167e648b3c?s=96&d=mm&r=g","url":"https:\/\/secure.gravatar.com\/avatar\/728f66d366b9809efe89ec232bef06263abc057cefaba166bbd45a167e648b3c?s=96&d=mm&r=g","contentUrl":"https:\/\/secure.gravatar.com\/avatar\/728f66d366b9809efe89ec232bef06263abc057cefaba166bbd45a167e648b3c?s=96&d=mm&r=g","caption":"Redacci\u00f3n"},"sameAs":["https:\/\/www.justretail.news\/latam"],"url":"https:\/\/www.justretail.news\/latam\/noticias\/author\/latam_master\/"}]}},"jetpack_sharing_enabled":true,"jetpack_featured_media_url":"https:\/\/www.justretail.news\/latam\/wp-content\/uploads\/2026\/09\/parque-arauco.jpg","_links":{"self":[{"href":"https:\/\/www.justretail.news\/latam\/wp-json\/wp\/v2\/posts\/6582","targetHints":{"allow":["GET"]}}],"collection":[{"href":"https:\/\/www.justretail.news\/latam\/wp-json\/wp\/v2\/posts"}],"about":[{"href":"https:\/\/www.justretail.news\/latam\/wp-json\/wp\/v2\/types\/post"}],"author":[{"embeddable":true,"href":"https:\/\/www.justretail.news\/latam\/wp-json\/wp\/v2\/users\/1"}],"replies":[{"embeddable":true,"href":"https:\/\/www.justretail.news\/latam\/wp-json\/wp\/v2\/comments?post=6582"}],"version-history":[{"count":1,"href":"https:\/\/www.justretail.news\/latam\/wp-json\/wp\/v2\/posts\/6582\/revisions"}],"predecessor-version":[{"id":6584,"href":"https:\/\/www.justretail.news\/latam\/wp-json\/wp\/v2\/posts\/6582\/revisions\/6584"}],"wp:featuredmedia":[{"embeddable":true,"href":"https:\/\/www.justretail.news\/latam\/wp-json\/wp\/v2\/media\/6583"}],"wp:attachment":[{"href":"https:\/\/www.justretail.news\/latam\/wp-json\/wp\/v2\/media?parent=6582"}],"wp:term":[{"taxonomy":"category","embeddable":true,"href":"https:\/\/www.justretail.news\/latam\/wp-json\/wp\/v2\/categories?post=6582"},{"taxonomy":"post_tag","embeddable":true,"href":"https:\/\/www.justretail.news\/latam\/wp-json\/wp\/v2\/tags?post=6582"}],"curies":[{"name":"wp","href":"https:\/\/api.w.org\/{rel}","templated":true}]}}