{"id":6585,"date":"2026-09-05T00:11:49","date_gmt":"2026-09-04T22:11:49","guid":{"rendered":"https:\/\/www.justretail.news\/latam\/?p=6585"},"modified":"2026-09-05T00:11:51","modified_gmt":"2026-09-04T22:11:51","slug":"jaguar-capital-proyecta-duplicar-los-ingresos-de-sus-centros-comerciales-en-cinco-anos","status":"publish","type":"post","link":"https:\/\/www.justretail.news\/latam\/noticias\/jaguar-capital-proyecta-duplicar-los-ingresos-de-sus-centros-comerciales-en-cinco-anos\/","title":{"rendered":"Jaguar Capital proyecta duplicar los ingresos de sus centros comerciales en cinco a\u00f1os"},"content":{"rendered":"\n<p class=\"wp-block-paragraph\"><strong>La compa\u00f1\u00eda colombiana, propietaria de la cadena de centros comerciales Nuestro, prepara la ampliaci\u00f3n de dos activos y estudia desarrollar un nuevo centro comercial. Su fundador, Tom\u00e1s Uribe, analiza los planes del grupo y las perspectivas del retail colombiano.<\/strong><\/p>\n\n\n\n<p class=\"wp-block-paragraph\">Jaguar Capital refuerza su apuesta por los centros comerciales. La compa\u00f1\u00eda colombiana, que concentra cerca del 90% de su actividad en el retail, se ha marcado como objetivo duplicar durante los pr\u00f3ximos cinco a\u00f1os los ingresos generados por su actual portafolio, integrado por cinco complejos comerciales.<\/p>\n\n\n\n<figure class=\"wp-block-image size-full\"><img loading=\"lazy\" decoding=\"async\" width=\"800\" height=\"756\" src=\"https:\/\/www.justretail.news\/latam\/wp-content\/uploads\/2026\/09\/tomas-uribe-jagua-capital.jpg\" alt=\"\" class=\"wp-image-6609\" srcset=\"https:\/\/www.justretail.news\/latam\/wp-content\/uploads\/2026\/09\/tomas-uribe-jagua-capital.jpg 800w, https:\/\/www.justretail.news\/latam\/wp-content\/uploads\/2026\/09\/tomas-uribe-jagua-capital-300x284.jpg 300w, https:\/\/www.justretail.news\/latam\/wp-content\/uploads\/2026\/09\/tomas-uribe-jagua-capital-768x726.jpg 768w, https:\/\/www.justretail.news\/latam\/wp-content\/uploads\/2026\/09\/tomas-uribe-jagua-capital-444x420.jpg 444w, https:\/\/www.justretail.news\/latam\/wp-content\/uploads\/2026\/09\/tomas-uribe-jagua-capital-150x142.jpg 150w, https:\/\/www.justretail.news\/latam\/wp-content\/uploads\/2026\/09\/tomas-uribe-jagua-capital-696x658.jpg 696w\" sizes=\"auto, (max-width: 800px) 100vw, 800px\" \/><\/figure>\n\n\n\n<p class=\"wp-block-paragraph\">Just Retail Latam convers\u00f3 con <strong>Tom\u00e1s Uribe, fundador de Jaguar Capital<\/strong>, sobre los planes de la compa\u00f1\u00eda, la evoluci\u00f3n del consumo y los desaf\u00edos que atraviesa el negocio de los centros comerciales en Colombia. El empresario estar\u00e1 presente en el pr\u00f3ximo <strong>Retail Expansion Summit, que se celebrar\u00e1 el 15 y 16 de octubre en Ciudad de M\u00e9xico<\/strong>.<\/p>\n\n\n\n<p class=\"wp-block-paragraph\">\u201cEn el segmento de comercio, debemos duplicar los ingresos del portafolio actual. Eso es a lo que le estamos apuntando\u201d, explica Uribe. A la evoluci\u00f3n del negocio existente, el empresario prev\u00e9 sumar otro 50% mediante ampliaciones y el desarrollo de nuevos centros comerciales.<\/p>\n\n\n\n<p class=\"wp-block-paragraph\"><strong>La hoja de ruta contempla la ampliaci\u00f3n de uno de los activos m\u00e1s maduros de la cadena Nuestro, la incorporaci\u00f3n de m\u00e1s superficie en un segundo complejo y la posible construcci\u00f3n de un centro comercial en una nueva ciudad colombiana.<\/strong> La empresa todav\u00eda no ha revelado la ubicaci\u00f3n ni la inversi\u00f3n prevista para estos proyectos.<\/p>\n\n\n\n<p class=\"wp-block-paragraph\">Jaguar Capital desarroll\u00f3 los cinco centros comerciales que opera actualmente bajo la marca Nuestro.<strong> El portafolio registra una ocupaci\u00f3n del 92%<\/strong> y sus ventas comparables avanzan a doble d\u00edgito interanual, apoyadas en la maduraci\u00f3n de los activos y la incorporaci\u00f3n de nuevos operadores.<\/p>\n\n\n\n<p class=\"wp-block-paragraph\">\u201cNuestro Monter\u00eda es el activo que m\u00e1s est\u00e1 creciendo\u201d, se\u00f1ala Uribe. La estrategia de la compa\u00f1\u00eda se ha apoyado hist\u00f3ricamente en ciudades intermedias y consumidores de ingresos medios, un segmento en el que el grupo contin\u00faa detectando oportunidades.<\/p>\n\n\n\n<p class=\"wp-block-paragraph\">\u201cNo es como hace diez a\u00f1os, cuando hab\u00eda oportunidades en todos lados, pero seguimos viendo posibilidades en el mismo segmento socioecon\u00f3mico medio y en las ciudades intermedias\u201d, afirma el empresario.<\/p>\n\n\n\n<h2 class=\"wp-block-heading\">Consumidores m\u00e1s parecidos por ingresos que por ciudades<\/h2>\n\n\n\n<p class=\"wp-block-paragraph\">La compa\u00f1\u00eda tambi\u00e9n opera un centro comercial dirigido a consumidores de ingresos medios en Bogot\u00e1. Para Uribe, las diferencias entre los h\u00e1bitos de compra de las grandes capitales y las ciudades intermedias se han reducido durante los \u00faltimos a\u00f1os.<\/p>\n\n\n\n<p class=\"wp-block-paragraph\">\u201cCada vez los consumidores se parecen m\u00e1s por su nivel de ingresos que por sus costumbres locales\u201d, sostiene. De hecho, considera que las marcas que consume este segmento son similares independientemente de si se encuentra en una ciudad intermedia o en uno de los principales n\u00facleos urbanos del pa\u00eds.<\/p>\n\n\n\n<p class=\"wp-block-paragraph\">La diferencia aparece, sobre todo, en el acceso a determinados operadores internacionales. Bogot\u00e1 y Medell\u00edn cuentan con una mayor presencia de cadenas globales que todav\u00eda no han extendido sus redes hacia ciudades secundarias.<\/p>\n\n\n\n<p class=\"wp-block-paragraph\"><strong>Jaguar Capital no contempla por ahora desembarcar en otros pa\u00edses latinoamericanos.<\/strong> Frente a una expansi\u00f3n regional, el grupo opta por profundizar su presencia en el mercado colombiano. \u201cCreemos much\u00edsimo en el foco. Colombia es un mercado que conocemos, que queremos y, por lo pronto, seguimos concentrados en Colombia\u201d, asegura Uribe.<\/p>\n\n\n\n<div class=\"wp-block-jetpack-slideshow aligncenter\" data-effect=\"slide\" style=\"--aspect-ratio:calc(800 \/ 450)\"><div class=\"wp-block-jetpack-slideshow_container swiper\"><ul class=\"wp-block-jetpack-slideshow_swiper-wrapper swiper-wrapper\"><li class=\"wp-block-jetpack-slideshow_slide swiper-slide\"><figure><img loading=\"lazy\" decoding=\"async\" width=\"800\" height=\"450\" alt=\"\" class=\"wp-block-jetpack-slideshow_image wp-image-6610\" data-id=\"6610\" data-aspect-ratio=\"800 \/ 450\" src=\"https:\/\/www.justretail.news\/latam\/wp-content\/uploads\/2026\/09\/nuestro-uraba.jpg\" srcset=\"https:\/\/www.justretail.news\/latam\/wp-content\/uploads\/2026\/09\/nuestro-uraba.jpg 800w, https:\/\/www.justretail.news\/latam\/wp-content\/uploads\/2026\/09\/nuestro-uraba-300x169.jpg 300w, https:\/\/www.justretail.news\/latam\/wp-content\/uploads\/2026\/09\/nuestro-uraba-768x432.jpg 768w, https:\/\/www.justretail.news\/latam\/wp-content\/uploads\/2026\/09\/nuestro-uraba-747x420.jpg 747w, https:\/\/www.justretail.news\/latam\/wp-content\/uploads\/2026\/09\/nuestro-uraba-150x84.jpg 150w, https:\/\/www.justretail.news\/latam\/wp-content\/uploads\/2026\/09\/nuestro-uraba-696x392.jpg 696w\" sizes=\"(max-width: 800px) 100vw, 800px\" \/><\/figure><\/li><li class=\"wp-block-jetpack-slideshow_slide swiper-slide\"><figure><img loading=\"lazy\" decoding=\"async\" width=\"800\" height=\"533\" alt=\"\" class=\"wp-block-jetpack-slideshow_image wp-image-6608\" data-id=\"6608\" data-aspect-ratio=\"800 \/ 533\" src=\"https:\/\/www.justretail.news\/latam\/wp-content\/uploads\/2026\/09\/nuestro-bogota1.jpg\" srcset=\"https:\/\/www.justretail.news\/latam\/wp-content\/uploads\/2026\/09\/nuestro-bogota1.jpg 800w, https:\/\/www.justretail.news\/latam\/wp-content\/uploads\/2026\/09\/nuestro-bogota1-300x200.jpg 300w, https:\/\/www.justretail.news\/latam\/wp-content\/uploads\/2026\/09\/nuestro-bogota1-768x512.jpg 768w, https:\/\/www.justretail.news\/latam\/wp-content\/uploads\/2026\/09\/nuestro-bogota1-630x420.jpg 630w, https:\/\/www.justretail.news\/latam\/wp-content\/uploads\/2026\/09\/nuestro-bogota1-150x100.jpg 150w, https:\/\/www.justretail.news\/latam\/wp-content\/uploads\/2026\/09\/nuestro-bogota1-696x464.jpg 696w\" sizes=\"(max-width: 800px) 100vw, 800px\" \/><\/figure><\/li><li class=\"wp-block-jetpack-slideshow_slide swiper-slide\"><figure><img loading=\"lazy\" decoding=\"async\" width=\"800\" height=\"450\" alt=\"\" class=\"wp-block-jetpack-slideshow_image wp-image-6611\" data-id=\"6611\" data-aspect-ratio=\"800 \/ 450\" src=\"https:\/\/www.justretail.news\/latam\/wp-content\/uploads\/2026\/09\/nuestro-monteria.jpg\" srcset=\"https:\/\/www.justretail.news\/latam\/wp-content\/uploads\/2026\/09\/nuestro-monteria.jpg 800w, https:\/\/www.justretail.news\/latam\/wp-content\/uploads\/2026\/09\/nuestro-monteria-300x169.jpg 300w, https:\/\/www.justretail.news\/latam\/wp-content\/uploads\/2026\/09\/nuestro-monteria-768x432.jpg 768w, https:\/\/www.justretail.news\/latam\/wp-content\/uploads\/2026\/09\/nuestro-monteria-747x420.jpg 747w, https:\/\/www.justretail.news\/latam\/wp-content\/uploads\/2026\/09\/nuestro-monteria-150x84.jpg 150w, https:\/\/www.justretail.news\/latam\/wp-content\/uploads\/2026\/09\/nuestro-monteria-696x392.jpg 696w\" sizes=\"(max-width: 800px) 100vw, 800px\" \/><\/figure><\/li><\/ul><a class=\"wp-block-jetpack-slideshow_button-prev swiper-button-prev swiper-button-white\" role=\"button\"><\/a><a class=\"wp-block-jetpack-slideshow_button-next swiper-button-next swiper-button-white\" role=\"button\"><\/a><a aria-label=\"Pause Slideshow\" class=\"wp-block-jetpack-slideshow_button-pause\" role=\"button\"><\/a><div class=\"wp-block-jetpack-slideshow_pagination swiper-pagination swiper-pagination-white\"><\/div><\/div><\/div>\n\n\n\n<p class=\"wp-block-paragraph\">Dentro de sus centros comerciales, tecnolog\u00eda, supermercados y entretenimiento son actualmente las categor\u00edas con mejor desempe\u00f1o. La moda tambi\u00e9n mantiene una trayectoria positiva, aunque con menor dinamismo.<\/p>\n\n\n\n<p class=\"wp-block-paragraph\">Uribe atribuye el avance de la tecnolog\u00eda, entre otros factores, al Mundial de f\u00fatbol, mientras que el entretenimiento se ha beneficiado del desempe\u00f1o de la taquilla cinematogr\u00e1fica. Los supermercados, por su parte, mantienen una evoluci\u00f3n favorable de la mano de la canasta b\u00e1sica.<\/p>\n\n\n\n<h2 class=\"wp-block-heading\">Salud, vivienda y m\u00e1s motivos para visitar el \u2018mall\u2019<\/h2>\n\n\n\n<p class=\"wp-block-paragraph\">Adem\u00e1s de los sectores tradicionales, Jaguar Capital identifica en los servicios de salud una de las principales oportunidades para diversificar el mix de sus centros comerciales. <strong>La compa\u00f1\u00eda se ha marcado como prioridad incorporar una mayor oferta vinculada a este segmento dentro de su portafolio.<\/strong><\/p>\n\n\n\n<p class=\"wp-block-paragraph\">\u201cEl pa\u00eds necesita servicios de salud, entonces es una de nuestras prioridades en nuestro portafolio\u201d, explica Uribe.<\/p>\n\n\n\n<p class=\"wp-block-paragraph\">Otra de las f\u00f3rmulas que el empresario observa con inter\u00e9s son los proyectos de usos mixtos. Los centros comerciales colombianos han ido incorporando comercio, servicios, entretenimiento y gastronom\u00eda, pero la integraci\u00f3n de vivienda todav\u00eda tiene un recorrido limitado en comparaci\u00f3n con otros mercados de la regi\u00f3n.<\/p>\n\n\n\n<p class=\"wp-block-paragraph\">\u201cEn Colombia, el uso de vivienda todav\u00eda no se ha llevado a los centros comerciales y creo que hay una oportunidad interesante\u201d, sostiene.<\/p>\n\n\n\n<p class=\"wp-block-paragraph\">Para Uribe, esta diversificaci\u00f3n ser\u00e1 adem\u00e1s fundamental para que los centros comerciales mantengan su relevancia frente a los cambios en los h\u00e1bitos de consumo. El objetivo pasa por ampliar las razones que llevan al consumidor a desplazarse hasta estos espacios m\u00e1s all\u00e1 de una compra concreta.<\/p>\n\n\n\n<p class=\"wp-block-paragraph\">\u201cHay que darles m\u00e1s ocasiones de visita a los invitados\u201d, afirma Uribe, que explica que la compa\u00f1\u00eda utiliza este t\u00e9rmino en lugar de visitantes. \u201cTener esa mezcla comercial multiuso genera m\u00e1s ocasiones de visita\u201d.<\/p>\n\n\n\n<p class=\"wp-block-paragraph\">Sin embargo, el empresario considera que las experiencias, los eventos o las campa\u00f1as de mercadeo no pueden compensar una propuesta comercial d\u00e9bil. <strong>La oferta de marcas contin\u00faa siendo, seg\u00fan las mediciones de Jaguar Capital, el principal motor para atraer tr\u00e1fico.<\/strong><\/p>\n\n\n\n<h2 class=\"wp-block-heading\">Los retailers reclaman alquileres m\u00e1s variables<\/h2>\n\n\n\n<p class=\"wp-block-paragraph\">El cambio en el modelo de centro comercial tambi\u00e9n est\u00e1 traslad\u00e1ndose a la relaci\u00f3n entre propietarios y operadores. Las condiciones solicitadas por las marcas han evolucionado durante los \u00faltimos a\u00f1os y los retailers demandan una mayor flexibilidad a la hora de negociar nuevas aperturas.<\/p>\n\n\n\n<p class=\"wp-block-paragraph\">Seg\u00fan Uribe, <strong>los operadores solicitan cada vez m\u00e1s apoyo para las adecuaciones de los establecimientos y contratos con una mayor proporci\u00f3n de renta variable<\/strong>, vinculando as\u00ed parte del alquiler al desempe\u00f1o de cada tienda.<\/p>\n\n\n\n<p class=\"wp-block-paragraph\">\u201cCada vez piden m\u00e1s apoyo en adecuaciones, arriendos m\u00e1s variables. Yo creo que esas son las dos cosas\u201d, resume el fundador de Jaguar Capital.<\/p>\n\n\n\n<h2 class=\"wp-block-heading\">Un consumo resistente, pero con riesgos para 2027<\/h2>\n\n\n\n<p class=\"wp-block-paragraph\">El buen desempe\u00f1o de los centros comerciales de Jaguar Capital se enmarca en varios a\u00f1os favorables para el consumo de los hogares colombianos. Uribe apunta a una combinaci\u00f3n de factores que han inyectado recursos en la econom\u00eda y sostenido la actividad del retail.<\/p>\n\n\n\n<p class=\"wp-block-paragraph\">Las remesas, los ingresos procedentes del caf\u00e9 y de otros sectores exportadores, la creaci\u00f3n de empleo y unas pol\u00edticas fiscal y monetaria expansivas han contribuido, seg\u00fan el empresario, a sostener el gasto durante los \u00faltimos a\u00f1os.<\/p>\n\n\n\n<p class=\"wp-block-paragraph\">\u201cHay un consumo de los hogares que nos dio ese impulso\u201d, reconoce Uribe al explicar el avance a doble d\u00edgito de las ventas comparables de su portafolio.<\/p>\n\n\n\n<p class=\"wp-block-paragraph\"><strong>De cara a 2027, sin embargo, el fundador de Jaguar Capital anticipa un escenario m\u00e1s desafiante para el comercio colombiano.<\/strong> \u201cEl panorama lo veo un poco m\u00e1s retador\u201d, advierte. \u201cProbablemente, el nuevo Gobierno va a tener que hacer recortes importantes y, al hacer esos recortes, el bolsillo del consumidor se puede afectar\u201d.<\/p>\n\n\n\n<p class=\"wp-block-paragraph\">En este escenario, Jaguar Capital mantendr\u00e1 su apuesta por Colombia, las ciudades intermedias y los consumidores de ingresos medios. La estrategia pasa por reforzar los activos existentes, sumar superficie comercial y explorar una nueva ubicaci\u00f3n, al tiempo que adapta el mix de sus centros a nuevas demandas de retailers y consumidores.<\/p>\n\n\n\n<p class=\"wp-block-paragraph\"><\/p>\n","protected":false},"excerpt":{"rendered":"<p>La empresa opera 5 centros comerciales bajo la marca Nuestro, con una ocupaci\u00f3n del 92%. Su fundador, Tom\u00e1s Uribe, participar\u00e1 el pr\u00f3ximo 15 y 16 de octubre en el Retail Expansion Summit. <\/p>\n","protected":false},"author":1,"featured_media":6607,"comment_status":"closed","ping_status":"open","sticky":false,"template":"","format":"standard","meta":{"_jetpack_newsletter_access":"","_jetpack_dont_email_post_to_subs":false,"_jetpack_newsletter_tier_id":0,"_jetpack_memberships_contains_paywalled_content":false,"_jetpack_feature_clip_id":0,"_jetpack_memberships_contains_paid_content":false,"footnotes":"","jetpack_post_was_ever_published":false},"categories":[40],"tags":[73,78,1351,1352],"class_list":["post-6585","post","type-post","status-publish","format-standard","has-post-thumbnail","category-locations","tag-centros-comerciales","tag-colombia","tag-jaguar-capital","tag-nuestro"],"yoast_head":"<!-- This site is optimized with the Yoast SEO plugin v28.4 - https:\/\/yoast.com\/product\/yoast-seo-wordpress\/ -->\n<title>Jaguar Capital proyecta duplicar los ingresos de sus centros comerciales en cinco a\u00f1os - Just Retail Latam<\/title>\n<meta name=\"robots\" content=\"index, follow, max-snippet:-1, max-image-preview:large, max-video-preview:-1\" \/>\n<link rel=\"canonical\" href=\"https:\/\/www.justretail.news\/latam\/noticias\/jaguar-capital-proyecta-duplicar-los-ingresos-de-sus-centros-comerciales-en-cinco-anos\/\" \/>\n<meta property=\"og:locale\" content=\"es_ES\" \/>\n<meta property=\"og:type\" content=\"article\" \/>\n<meta property=\"og:title\" content=\"Jaguar Capital proyecta duplicar los ingresos de sus centros comerciales en cinco a\u00f1os - Just Retail Latam\" \/>\n<meta property=\"og:description\" content=\"La empresa opera 5 centros comerciales bajo la marca Nuestro, con una ocupaci\u00f3n del 92%. Su fundador, Tom\u00e1s Uribe, participar\u00e1 el pr\u00f3ximo 15 y 16 de octubre en el Retail Expansion Summit.\" \/>\n<meta property=\"og:url\" content=\"https:\/\/www.justretail.news\/latam\/noticias\/jaguar-capital-proyecta-duplicar-los-ingresos-de-sus-centros-comerciales-en-cinco-anos\/\" \/>\n<meta property=\"og:site_name\" content=\"Just Retail Latam\" \/>\n<meta property=\"article:published_time\" content=\"2026-09-04T22:11:49+00:00\" \/>\n<meta property=\"article:modified_time\" content=\"2026-09-04T22:11:51+00:00\" \/>\n<meta property=\"og:image\" content=\"https:\/\/www.justretail.news\/latam\/wp-content\/uploads\/2026\/09\/nuestro-bogota.jpg\" \/>\n\t<meta property=\"og:image:width\" content=\"800\" \/>\n\t<meta property=\"og:image:height\" content=\"532\" \/>\n\t<meta property=\"og:image:type\" content=\"image\/jpeg\" \/>\n<meta name=\"author\" content=\"Redacci\u00f3n\" \/>\n<meta name=\"twitter:card\" content=\"summary_large_image\" \/>\n<meta name=\"twitter:label1\" content=\"Escrito por\" \/>\n\t<meta name=\"twitter:data1\" content=\"Redacci\u00f3n\" \/>\n\t<meta name=\"twitter:label2\" content=\"Tiempo de lectura\" \/>\n\t<meta name=\"twitter:data2\" content=\"7 minutos\" \/>\n<script type=\"application\/ld+json\" class=\"yoast-schema-graph\">{\"@context\":\"https:\\\/\\\/schema.org\",\"@graph\":[{\"@type\":\"Article\",\"@id\":\"https:\\\/\\\/www.justretail.news\\\/latam\\\/noticias\\\/jaguar-capital-proyecta-duplicar-los-ingresos-de-sus-centros-comerciales-en-cinco-anos\\\/#article\",\"isPartOf\":{\"@id\":\"https:\\\/\\\/www.justretail.news\\\/latam\\\/noticias\\\/jaguar-capital-proyecta-duplicar-los-ingresos-de-sus-centros-comerciales-en-cinco-anos\\\/\"},\"author\":{\"name\":\"Redacci\u00f3n\",\"@id\":\"https:\\\/\\\/www.justretail.news\\\/latam\\\/#\\\/schema\\\/person\\\/1543b9d803b2d5751fba2211e7785c5f\"},\"headline\":\"Jaguar Capital proyecta duplicar los ingresos de sus centros comerciales en cinco a\u00f1os\",\"datePublished\":\"2026-09-04T22:11:49+00:00\",\"dateModified\":\"2026-09-04T22:11:51+00:00\",\"mainEntityOfPage\":{\"@id\":\"https:\\\/\\\/www.justretail.news\\\/latam\\\/noticias\\\/jaguar-capital-proyecta-duplicar-los-ingresos-de-sus-centros-comerciales-en-cinco-anos\\\/\"},\"wordCount\":1297,\"publisher\":{\"@id\":\"https:\\\/\\\/www.justretail.news\\\/latam\\\/#organization\"},\"image\":{\"@id\":\"https:\\\/\\\/www.justretail.news\\\/latam\\\/noticias\\\/jaguar-capital-proyecta-duplicar-los-ingresos-de-sus-centros-comerciales-en-cinco-anos\\\/#primaryimage\"},\"thumbnailUrl\":\"https:\\\/\\\/www.justretail.news\\\/latam\\\/wp-content\\\/uploads\\\/2026\\\/09\\\/nuestro-bogota.jpg\",\"keywords\":[\"centros comerciales\",\"Colombia\",\"Jaguar Capital\",\"Nuestro\"],\"articleSection\":[\"Locations\"],\"inLanguage\":\"es\"},{\"@type\":\"WebPage\",\"@id\":\"https:\\\/\\\/www.justretail.news\\\/latam\\\/noticias\\\/jaguar-capital-proyecta-duplicar-los-ingresos-de-sus-centros-comerciales-en-cinco-anos\\\/\",\"url\":\"https:\\\/\\\/www.justretail.news\\\/latam\\\/noticias\\\/jaguar-capital-proyecta-duplicar-los-ingresos-de-sus-centros-comerciales-en-cinco-anos\\\/\",\"name\":\"Jaguar Capital proyecta duplicar los ingresos de sus centros comerciales en cinco a\u00f1os - Just Retail Latam\",\"isPartOf\":{\"@id\":\"https:\\\/\\\/www.justretail.news\\\/latam\\\/#website\"},\"primaryImageOfPage\":{\"@id\":\"https:\\\/\\\/www.justretail.news\\\/latam\\\/noticias\\\/jaguar-capital-proyecta-duplicar-los-ingresos-de-sus-centros-comerciales-en-cinco-anos\\\/#primaryimage\"},\"image\":{\"@id\":\"https:\\\/\\\/www.justretail.news\\\/latam\\\/noticias\\\/jaguar-capital-proyecta-duplicar-los-ingresos-de-sus-centros-comerciales-en-cinco-anos\\\/#primaryimage\"},\"thumbnailUrl\":\"https:\\\/\\\/www.justretail.news\\\/latam\\\/wp-content\\\/uploads\\\/2026\\\/09\\\/nuestro-bogota.jpg\",\"datePublished\":\"2026-09-04T22:11:49+00:00\",\"dateModified\":\"2026-09-04T22:11:51+00:00\",\"breadcrumb\":{\"@id\":\"https:\\\/\\\/www.justretail.news\\\/latam\\\/noticias\\\/jaguar-capital-proyecta-duplicar-los-ingresos-de-sus-centros-comerciales-en-cinco-anos\\\/#breadcrumb\"},\"inLanguage\":\"es\",\"potentialAction\":[{\"@type\":\"ReadAction\",\"target\":[\"https:\\\/\\\/www.justretail.news\\\/latam\\\/noticias\\\/jaguar-capital-proyecta-duplicar-los-ingresos-de-sus-centros-comerciales-en-cinco-anos\\\/\"]}]},{\"@type\":\"ImageObject\",\"inLanguage\":\"es\",\"@id\":\"https:\\\/\\\/www.justretail.news\\\/latam\\\/noticias\\\/jaguar-capital-proyecta-duplicar-los-ingresos-de-sus-centros-comerciales-en-cinco-anos\\\/#primaryimage\",\"url\":\"https:\\\/\\\/www.justretail.news\\\/latam\\\/wp-content\\\/uploads\\\/2026\\\/09\\\/nuestro-bogota.jpg\",\"contentUrl\":\"https:\\\/\\\/www.justretail.news\\\/latam\\\/wp-content\\\/uploads\\\/2026\\\/09\\\/nuestro-bogota.jpg\",\"width\":800,\"height\":532},{\"@type\":\"BreadcrumbList\",\"@id\":\"https:\\\/\\\/www.justretail.news\\\/latam\\\/noticias\\\/jaguar-capital-proyecta-duplicar-los-ingresos-de-sus-centros-comerciales-en-cinco-anos\\\/#breadcrumb\",\"itemListElement\":[{\"@type\":\"ListItem\",\"position\":1,\"name\":\"Portada\",\"item\":\"https:\\\/\\\/www.justretail.news\\\/latam\\\/\"},{\"@type\":\"ListItem\",\"position\":2,\"name\":\"Jaguar Capital proyecta duplicar los ingresos de sus centros comerciales en cinco a\u00f1os\"}]},{\"@type\":\"WebSite\",\"@id\":\"https:\\\/\\\/www.justretail.news\\\/latam\\\/#website\",\"url\":\"https:\\\/\\\/www.justretail.news\\\/latam\\\/\",\"name\":\"Just Retail Latam\",\"description\":\"\",\"publisher\":{\"@id\":\"https:\\\/\\\/www.justretail.news\\\/latam\\\/#organization\"},\"potentialAction\":[{\"@type\":\"SearchAction\",\"target\":{\"@type\":\"EntryPoint\",\"urlTemplate\":\"https:\\\/\\\/www.justretail.news\\\/latam\\\/?s={search_term_string}\"},\"query-input\":{\"@type\":\"PropertyValueSpecification\",\"valueRequired\":true,\"valueName\":\"search_term_string\"}}],\"inLanguage\":\"es\"},{\"@type\":\"Organization\",\"@id\":\"https:\\\/\\\/www.justretail.news\\\/latam\\\/#organization\",\"name\":\"Just Retail Latam\",\"url\":\"https:\\\/\\\/www.justretail.news\\\/latam\\\/\",\"logo\":{\"@type\":\"ImageObject\",\"inLanguage\":\"es\",\"@id\":\"https:\\\/\\\/www.justretail.news\\\/latam\\\/#\\\/schema\\\/logo\\\/image\\\/\",\"url\":\"https:\\\/\\\/www.justretail.news\\\/latam\\\/wp-content\\\/uploads\\\/2024\\\/05\\\/just-retail-logo-NEGRO-trans-latam-272x90_nuevo.png\",\"contentUrl\":\"https:\\\/\\\/www.justretail.news\\\/latam\\\/wp-content\\\/uploads\\\/2024\\\/05\\\/just-retail-logo-NEGRO-trans-latam-272x90_nuevo.png\",\"width\":272,\"height\":90,\"caption\":\"Just Retail Latam\"},\"image\":{\"@id\":\"https:\\\/\\\/www.justretail.news\\\/latam\\\/#\\\/schema\\\/logo\\\/image\\\/\"}},{\"@type\":\"Person\",\"@id\":\"https:\\\/\\\/www.justretail.news\\\/latam\\\/#\\\/schema\\\/person\\\/1543b9d803b2d5751fba2211e7785c5f\",\"name\":\"Redacci\u00f3n\",\"image\":{\"@type\":\"ImageObject\",\"inLanguage\":\"es\",\"@id\":\"https:\\\/\\\/secure.gravatar.com\\\/avatar\\\/728f66d366b9809efe89ec232bef06263abc057cefaba166bbd45a167e648b3c?s=96&d=mm&r=g\",\"url\":\"https:\\\/\\\/secure.gravatar.com\\\/avatar\\\/728f66d366b9809efe89ec232bef06263abc057cefaba166bbd45a167e648b3c?s=96&d=mm&r=g\",\"contentUrl\":\"https:\\\/\\\/secure.gravatar.com\\\/avatar\\\/728f66d366b9809efe89ec232bef06263abc057cefaba166bbd45a167e648b3c?s=96&d=mm&r=g\",\"caption\":\"Redacci\u00f3n\"},\"sameAs\":[\"https:\\\/\\\/www.justretail.news\\\/latam\"],\"url\":\"https:\\\/\\\/www.justretail.news\\\/latam\\\/noticias\\\/author\\\/latam_master\\\/\"}]}<\/script>\n<!-- \/ Yoast SEO plugin. -->","yoast_head_json":{"title":"Jaguar Capital proyecta duplicar los ingresos de sus centros comerciales en cinco a\u00f1os - Just Retail Latam","robots":{"index":"index","follow":"follow","max-snippet":"max-snippet:-1","max-image-preview":"max-image-preview:large","max-video-preview":"max-video-preview:-1"},"canonical":"https:\/\/www.justretail.news\/latam\/noticias\/jaguar-capital-proyecta-duplicar-los-ingresos-de-sus-centros-comerciales-en-cinco-anos\/","og_locale":"es_ES","og_type":"article","og_title":"Jaguar Capital proyecta duplicar los ingresos de sus centros comerciales en cinco a\u00f1os - Just Retail Latam","og_description":"La empresa opera 5 centros comerciales bajo la marca Nuestro, con una ocupaci\u00f3n del 92%. Su fundador, Tom\u00e1s Uribe, participar\u00e1 el pr\u00f3ximo 15 y 16 de octubre en el Retail Expansion Summit.","og_url":"https:\/\/www.justretail.news\/latam\/noticias\/jaguar-capital-proyecta-duplicar-los-ingresos-de-sus-centros-comerciales-en-cinco-anos\/","og_site_name":"Just Retail Latam","article_published_time":"2026-09-04T22:11:49+00:00","article_modified_time":"2026-09-04T22:11:51+00:00","og_image":[{"width":800,"height":532,"url":"https:\/\/www.justretail.news\/latam\/wp-content\/uploads\/2026\/09\/nuestro-bogota.jpg","type":"image\/jpeg"}],"author":"Redacci\u00f3n","twitter_card":"summary_large_image","twitter_misc":{"Escrito por":"Redacci\u00f3n","Tiempo de lectura":"7 minutos"},"schema":{"@context":"https:\/\/schema.org","@graph":[{"@type":"Article","@id":"https:\/\/www.justretail.news\/latam\/noticias\/jaguar-capital-proyecta-duplicar-los-ingresos-de-sus-centros-comerciales-en-cinco-anos\/#article","isPartOf":{"@id":"https:\/\/www.justretail.news\/latam\/noticias\/jaguar-capital-proyecta-duplicar-los-ingresos-de-sus-centros-comerciales-en-cinco-anos\/"},"author":{"name":"Redacci\u00f3n","@id":"https:\/\/www.justretail.news\/latam\/#\/schema\/person\/1543b9d803b2d5751fba2211e7785c5f"},"headline":"Jaguar Capital proyecta duplicar los ingresos de sus centros comerciales en cinco a\u00f1os","datePublished":"2026-09-04T22:11:49+00:00","dateModified":"2026-09-04T22:11:51+00:00","mainEntityOfPage":{"@id":"https:\/\/www.justretail.news\/latam\/noticias\/jaguar-capital-proyecta-duplicar-los-ingresos-de-sus-centros-comerciales-en-cinco-anos\/"},"wordCount":1297,"publisher":{"@id":"https:\/\/www.justretail.news\/latam\/#organization"},"image":{"@id":"https:\/\/www.justretail.news\/latam\/noticias\/jaguar-capital-proyecta-duplicar-los-ingresos-de-sus-centros-comerciales-en-cinco-anos\/#primaryimage"},"thumbnailUrl":"https:\/\/www.justretail.news\/latam\/wp-content\/uploads\/2026\/09\/nuestro-bogota.jpg","keywords":["centros comerciales","Colombia","Jaguar Capital","Nuestro"],"articleSection":["Locations"],"inLanguage":"es"},{"@type":"WebPage","@id":"https:\/\/www.justretail.news\/latam\/noticias\/jaguar-capital-proyecta-duplicar-los-ingresos-de-sus-centros-comerciales-en-cinco-anos\/","url":"https:\/\/www.justretail.news\/latam\/noticias\/jaguar-capital-proyecta-duplicar-los-ingresos-de-sus-centros-comerciales-en-cinco-anos\/","name":"Jaguar Capital proyecta duplicar los ingresos de sus centros comerciales en cinco a\u00f1os - Just Retail Latam","isPartOf":{"@id":"https:\/\/www.justretail.news\/latam\/#website"},"primaryImageOfPage":{"@id":"https:\/\/www.justretail.news\/latam\/noticias\/jaguar-capital-proyecta-duplicar-los-ingresos-de-sus-centros-comerciales-en-cinco-anos\/#primaryimage"},"image":{"@id":"https:\/\/www.justretail.news\/latam\/noticias\/jaguar-capital-proyecta-duplicar-los-ingresos-de-sus-centros-comerciales-en-cinco-anos\/#primaryimage"},"thumbnailUrl":"https:\/\/www.justretail.news\/latam\/wp-content\/uploads\/2026\/09\/nuestro-bogota.jpg","datePublished":"2026-09-04T22:11:49+00:00","dateModified":"2026-09-04T22:11:51+00:00","breadcrumb":{"@id":"https:\/\/www.justretail.news\/latam\/noticias\/jaguar-capital-proyecta-duplicar-los-ingresos-de-sus-centros-comerciales-en-cinco-anos\/#breadcrumb"},"inLanguage":"es","potentialAction":[{"@type":"ReadAction","target":["https:\/\/www.justretail.news\/latam\/noticias\/jaguar-capital-proyecta-duplicar-los-ingresos-de-sus-centros-comerciales-en-cinco-anos\/"]}]},{"@type":"ImageObject","inLanguage":"es","@id":"https:\/\/www.justretail.news\/latam\/noticias\/jaguar-capital-proyecta-duplicar-los-ingresos-de-sus-centros-comerciales-en-cinco-anos\/#primaryimage","url":"https:\/\/www.justretail.news\/latam\/wp-content\/uploads\/2026\/09\/nuestro-bogota.jpg","contentUrl":"https:\/\/www.justretail.news\/latam\/wp-content\/uploads\/2026\/09\/nuestro-bogota.jpg","width":800,"height":532},{"@type":"BreadcrumbList","@id":"https:\/\/www.justretail.news\/latam\/noticias\/jaguar-capital-proyecta-duplicar-los-ingresos-de-sus-centros-comerciales-en-cinco-anos\/#breadcrumb","itemListElement":[{"@type":"ListItem","position":1,"name":"Portada","item":"https:\/\/www.justretail.news\/latam\/"},{"@type":"ListItem","position":2,"name":"Jaguar Capital proyecta duplicar los ingresos de sus centros comerciales en cinco a\u00f1os"}]},{"@type":"WebSite","@id":"https:\/\/www.justretail.news\/latam\/#website","url":"https:\/\/www.justretail.news\/latam\/","name":"Just Retail Latam","description":"","publisher":{"@id":"https:\/\/www.justretail.news\/latam\/#organization"},"potentialAction":[{"@type":"SearchAction","target":{"@type":"EntryPoint","urlTemplate":"https:\/\/www.justretail.news\/latam\/?s={search_term_string}"},"query-input":{"@type":"PropertyValueSpecification","valueRequired":true,"valueName":"search_term_string"}}],"inLanguage":"es"},{"@type":"Organization","@id":"https:\/\/www.justretail.news\/latam\/#organization","name":"Just Retail Latam","url":"https:\/\/www.justretail.news\/latam\/","logo":{"@type":"ImageObject","inLanguage":"es","@id":"https:\/\/www.justretail.news\/latam\/#\/schema\/logo\/image\/","url":"https:\/\/www.justretail.news\/latam\/wp-content\/uploads\/2024\/05\/just-retail-logo-NEGRO-trans-latam-272x90_nuevo.png","contentUrl":"https:\/\/www.justretail.news\/latam\/wp-content\/uploads\/2024\/05\/just-retail-logo-NEGRO-trans-latam-272x90_nuevo.png","width":272,"height":90,"caption":"Just Retail Latam"},"image":{"@id":"https:\/\/www.justretail.news\/latam\/#\/schema\/logo\/image\/"}},{"@type":"Person","@id":"https:\/\/www.justretail.news\/latam\/#\/schema\/person\/1543b9d803b2d5751fba2211e7785c5f","name":"Redacci\u00f3n","image":{"@type":"ImageObject","inLanguage":"es","@id":"https:\/\/secure.gravatar.com\/avatar\/728f66d366b9809efe89ec232bef06263abc057cefaba166bbd45a167e648b3c?s=96&d=mm&r=g","url":"https:\/\/secure.gravatar.com\/avatar\/728f66d366b9809efe89ec232bef06263abc057cefaba166bbd45a167e648b3c?s=96&d=mm&r=g","contentUrl":"https:\/\/secure.gravatar.com\/avatar\/728f66d366b9809efe89ec232bef06263abc057cefaba166bbd45a167e648b3c?s=96&d=mm&r=g","caption":"Redacci\u00f3n"},"sameAs":["https:\/\/www.justretail.news\/latam"],"url":"https:\/\/www.justretail.news\/latam\/noticias\/author\/latam_master\/"}]}},"jetpack_sharing_enabled":true,"jetpack_featured_media_url":"https:\/\/www.justretail.news\/latam\/wp-content\/uploads\/2026\/09\/nuestro-bogota.jpg","_links":{"self":[{"href":"https:\/\/www.justretail.news\/latam\/wp-json\/wp\/v2\/posts\/6585","targetHints":{"allow":["GET"]}}],"collection":[{"href":"https:\/\/www.justretail.news\/latam\/wp-json\/wp\/v2\/posts"}],"about":[{"href":"https:\/\/www.justretail.news\/latam\/wp-json\/wp\/v2\/types\/post"}],"author":[{"embeddable":true,"href":"https:\/\/www.justretail.news\/latam\/wp-json\/wp\/v2\/users\/1"}],"replies":[{"embeddable":true,"href":"https:\/\/www.justretail.news\/latam\/wp-json\/wp\/v2\/comments?post=6585"}],"version-history":[{"count":2,"href":"https:\/\/www.justretail.news\/latam\/wp-json\/wp\/v2\/posts\/6585\/revisions"}],"predecessor-version":[{"id":6613,"href":"https:\/\/www.justretail.news\/latam\/wp-json\/wp\/v2\/posts\/6585\/revisions\/6613"}],"wp:featuredmedia":[{"embeddable":true,"href":"https:\/\/www.justretail.news\/latam\/wp-json\/wp\/v2\/media\/6607"}],"wp:attachment":[{"href":"https:\/\/www.justretail.news\/latam\/wp-json\/wp\/v2\/media?parent=6585"}],"wp:term":[{"taxonomy":"category","embeddable":true,"href":"https:\/\/www.justretail.news\/latam\/wp-json\/wp\/v2\/categories?post=6585"},{"taxonomy":"post_tag","embeddable":true,"href":"https:\/\/www.justretail.news\/latam\/wp-json\/wp\/v2\/tags?post=6585"}],"curies":[{"name":"wp","href":"https:\/\/api.w.org\/{rel}","templated":true}]}}