{"id":6592,"date":"2026-09-03T20:04:17","date_gmt":"2026-09-03T18:04:17","guid":{"rendered":"https:\/\/www.justretail.news\/latam\/?p=6592"},"modified":"2026-09-03T20:04:19","modified_gmt":"2026-09-03T18:04:19","slug":"zimmermann-entra-en-puerto-rico-con-una-tienda-en-the-mall-of-san-juan","status":"publish","type":"post","link":"https:\/\/www.justretail.news\/latam\/noticias\/zimmermann-entra-en-puerto-rico-con-una-tienda-en-the-mall-of-san-juan\/","title":{"rendered":"Zimmermann entra en Puerto Rico con una tienda en The Mall of San Juan"},"content":{"rendered":"\n<p class=\"wp-block-paragraph\">Zimmermann contin\u00faa ampliando su presencia en Latinoam\u00e9rica. La firma australiana de moda de lujo abre su primera tienda en Puerto Rico, ubicada en The Mall of San Juan, uno de los principales destinos comerciales de gama alta de la isla.<\/p>\n\n\n\n<p class=\"wp-block-paragraph\"><strong>La <em>boutique <\/em>se encuentra en el segundo nivel del centro comercial, en el local 268<\/strong>, y comenz\u00f3 a operar a finales de agosto con la colecci\u00f3n oto\u00f1o 2026. Hasta ahora, la marca atend\u00eda al mercado puertorrique\u00f1o \u00fanicamente mediante su plataforma de comercio electr\u00f3nico.<\/p>\n\n\n\n<p class=\"wp-block-paragraph\">El establecimiento comercializa las l\u00edneas de <em>pr\u00eat-\u00e0-porter<\/em>, moda de ba\u00f1o y accesorios de Zimmermann. La apertura permite a la compa\u00f1\u00eda introducir su concepto de tienda f\u00edsica en un mercado con una importante demanda local y tur\u00edstica de marcas internacionales.<\/p>\n\n\n\n<p class=\"wp-block-paragraph\">The Mall of San Juan, operado por Simon Property Group, concentra una selecci\u00f3n de firmas de lujo y moda premium. Su oferta incluye marcas como Louis Vuitton, Gucci, Saint Laurent, Tory Burch, Ferragamo y Carolina Herrera, entre otros operadores.<\/p>\n\n\n\n<p class=\"wp-block-paragraph\"><strong>La llegada a Puerto Rico ampl\u00eda la red de Zimmermann en Am\u00e9rica<\/strong>, donde la compa\u00f1\u00eda ha desarrollado una parte importante de su expansi\u00f3n internacional. La firma cuenta con establecimientos en ciudades estadounidenses como Nueva York, Miami, Los \u00c1ngeles, Las Vegas, Dallas, Houston y Honolulu. Recientemente, abri\u00f3 su primera tienda en M\u00e9xico, ubicada en Los Cabos. <\/p>\n\n\n\n<p class=\"wp-block-paragraph\">La empresa tambi\u00e9n opera puntos de venta propios en Australia, Europa, China y Oriente Pr\u00f3ximo. En Europa, la marca est\u00e1 presente en mercados como Reino Unido, Francia, Italia y Espa\u00f1a, donde cuenta con establecimientos en Madrid, Barcelona, Marbella e Ibiza.<\/p>\n\n\n\n<p class=\"wp-block-paragraph\">Fundada en S\u00eddney en 1991 por las hermanas Nicky y Simone Zimmermann, <strong>la compa\u00f1\u00eda comenz\u00f3 especializ\u00e1ndose en moda de ba\u00f1o <\/strong>antes de ampliar su propuesta hacia el pr\u00eat-\u00e0-porter y las colecciones resort.<\/p>\n\n\n\n<p class=\"wp-block-paragraph\">La expansi\u00f3n de la firma se aceler\u00f3 despu\u00e9s de que el fondo estadounidense Advent International adquiriera una participaci\u00f3n mayoritaria en la empresa en 2023. La familia Zimmermann y el fondo italiano Style Capital mantuvieron participaciones minoritarias.<\/p>\n","protected":false},"excerpt":{"rendered":"<p>La marca australiana de moda de lujo suma su segundo punto de venta en Latinoam\u00e9rica tras desembarcar recientemente en Los Cabos. <\/p>\n","protected":false},"author":1,"featured_media":6593,"comment_status":"closed","ping_status":"open","sticky":false,"template":"","format":"standard","meta":{"_jetpack_newsletter_access":"","_jetpack_dont_email_post_to_subs":false,"_jetpack_newsletter_tier_id":0,"_jetpack_memberships_contains_paywalled_content":false,"_jetpack_feature_clip_id":0,"_jetpack_memberships_contains_paid_content":false,"footnotes":"","jetpack_post_was_ever_published":false},"categories":[37],"tags":[1356,68,1355],"class_list":["post-6592","post","type-post","status-publish","format-standard","has-post-thumbnail","category-retailers","tag-mall-of-san-juan","tag-puerto-rico","tag-zimmermann"],"yoast_head":"<!-- This site is optimized with the Yoast SEO plugin v28.4 - https:\/\/yoast.com\/product\/yoast-seo-wordpress\/ -->\n<title>Zimmermann entra en Puerto Rico con una tienda en The Mall of San Juan - Just Retail Latam<\/title>\n<meta name=\"robots\" content=\"index, follow, max-snippet:-1, max-image-preview:large, max-video-preview:-1\" \/>\n<link rel=\"canonical\" href=\"https:\/\/www.justretail.news\/latam\/noticias\/zimmermann-entra-en-puerto-rico-con-una-tienda-en-the-mall-of-san-juan\/\" \/>\n<meta property=\"og:locale\" content=\"es_ES\" \/>\n<meta property=\"og:type\" content=\"article\" \/>\n<meta property=\"og:title\" content=\"Zimmermann entra en Puerto Rico con una tienda en The Mall of San Juan - Just Retail Latam\" \/>\n<meta property=\"og:description\" content=\"La marca australiana de moda de lujo suma su segundo punto de venta en Latinoam\u00e9rica tras desembarcar recientemente en Los Cabos.\" \/>\n<meta property=\"og:url\" content=\"https:\/\/www.justretail.news\/latam\/noticias\/zimmermann-entra-en-puerto-rico-con-una-tienda-en-the-mall-of-san-juan\/\" \/>\n<meta property=\"og:site_name\" content=\"Just Retail Latam\" \/>\n<meta property=\"article:published_time\" content=\"2026-09-03T18:04:17+00:00\" \/>\n<meta property=\"article:modified_time\" content=\"2026-09-03T18:04:19+00:00\" \/>\n<meta property=\"og:image\" content=\"https:\/\/www.justretail.news\/latam\/wp-content\/uploads\/2026\/09\/zimmermann-tienda.jpg\" \/>\n\t<meta property=\"og:image:width\" content=\"800\" \/>\n\t<meta property=\"og:image:height\" content=\"534\" \/>\n\t<meta property=\"og:image:type\" content=\"image\/jpeg\" \/>\n<meta name=\"author\" content=\"Redacci\u00f3n\" \/>\n<meta name=\"twitter:card\" content=\"summary_large_image\" \/>\n<meta name=\"twitter:label1\" content=\"Escrito por\" \/>\n\t<meta name=\"twitter:data1\" content=\"Redacci\u00f3n\" \/>\n\t<meta name=\"twitter:label2\" content=\"Tiempo de lectura\" \/>\n\t<meta name=\"twitter:data2\" content=\"2 minutos\" \/>\n<script type=\"application\/ld+json\" class=\"yoast-schema-graph\">{\"@context\":\"https:\\\/\\\/schema.org\",\"@graph\":[{\"@type\":\"Article\",\"@id\":\"https:\\\/\\\/www.justretail.news\\\/latam\\\/noticias\\\/zimmermann-entra-en-puerto-rico-con-una-tienda-en-the-mall-of-san-juan\\\/#article\",\"isPartOf\":{\"@id\":\"https:\\\/\\\/www.justretail.news\\\/latam\\\/noticias\\\/zimmermann-entra-en-puerto-rico-con-una-tienda-en-the-mall-of-san-juan\\\/\"},\"author\":{\"name\":\"Redacci\u00f3n\",\"@id\":\"https:\\\/\\\/www.justretail.news\\\/latam\\\/#\\\/schema\\\/person\\\/1543b9d803b2d5751fba2211e7785c5f\"},\"headline\":\"Zimmermann entra en Puerto Rico con una tienda en The Mall of San Juan\",\"datePublished\":\"2026-09-03T18:04:17+00:00\",\"dateModified\":\"2026-09-03T18:04:19+00:00\",\"mainEntityOfPage\":{\"@id\":\"https:\\\/\\\/www.justretail.news\\\/latam\\\/noticias\\\/zimmermann-entra-en-puerto-rico-con-una-tienda-en-the-mall-of-san-juan\\\/\"},\"wordCount\":366,\"publisher\":{\"@id\":\"https:\\\/\\\/www.justretail.news\\\/latam\\\/#organization\"},\"image\":{\"@id\":\"https:\\\/\\\/www.justretail.news\\\/latam\\\/noticias\\\/zimmermann-entra-en-puerto-rico-con-una-tienda-en-the-mall-of-san-juan\\\/#primaryimage\"},\"thumbnailUrl\":\"https:\\\/\\\/www.justretail.news\\\/latam\\\/wp-content\\\/uploads\\\/2026\\\/09\\\/zimmermann-tienda.jpg\",\"keywords\":[\"Mall of San Juan\",\"Puerto Rico\",\"Zimmermann\"],\"articleSection\":[\"Retailers\"],\"inLanguage\":\"es\"},{\"@type\":\"WebPage\",\"@id\":\"https:\\\/\\\/www.justretail.news\\\/latam\\\/noticias\\\/zimmermann-entra-en-puerto-rico-con-una-tienda-en-the-mall-of-san-juan\\\/\",\"url\":\"https:\\\/\\\/www.justretail.news\\\/latam\\\/noticias\\\/zimmermann-entra-en-puerto-rico-con-una-tienda-en-the-mall-of-san-juan\\\/\",\"name\":\"Zimmermann entra en Puerto Rico con una tienda en The Mall of San Juan - Just Retail Latam\",\"isPartOf\":{\"@id\":\"https:\\\/\\\/www.justretail.news\\\/latam\\\/#website\"},\"primaryImageOfPage\":{\"@id\":\"https:\\\/\\\/www.justretail.news\\\/latam\\\/noticias\\\/zimmermann-entra-en-puerto-rico-con-una-tienda-en-the-mall-of-san-juan\\\/#primaryimage\"},\"image\":{\"@id\":\"https:\\\/\\\/www.justretail.news\\\/latam\\\/noticias\\\/zimmermann-entra-en-puerto-rico-con-una-tienda-en-the-mall-of-san-juan\\\/#primaryimage\"},\"thumbnailUrl\":\"https:\\\/\\\/www.justretail.news\\\/latam\\\/wp-content\\\/uploads\\\/2026\\\/09\\\/zimmermann-tienda.jpg\",\"datePublished\":\"2026-09-03T18:04:17+00:00\",\"dateModified\":\"2026-09-03T18:04:19+00:00\",\"breadcrumb\":{\"@id\":\"https:\\\/\\\/www.justretail.news\\\/latam\\\/noticias\\\/zimmermann-entra-en-puerto-rico-con-una-tienda-en-the-mall-of-san-juan\\\/#breadcrumb\"},\"inLanguage\":\"es\",\"potentialAction\":[{\"@type\":\"ReadAction\",\"target\":[\"https:\\\/\\\/www.justretail.news\\\/latam\\\/noticias\\\/zimmermann-entra-en-puerto-rico-con-una-tienda-en-the-mall-of-san-juan\\\/\"]}]},{\"@type\":\"ImageObject\",\"inLanguage\":\"es\",\"@id\":\"https:\\\/\\\/www.justretail.news\\\/latam\\\/noticias\\\/zimmermann-entra-en-puerto-rico-con-una-tienda-en-the-mall-of-san-juan\\\/#primaryimage\",\"url\":\"https:\\\/\\\/www.justretail.news\\\/latam\\\/wp-content\\\/uploads\\\/2026\\\/09\\\/zimmermann-tienda.jpg\",\"contentUrl\":\"https:\\\/\\\/www.justretail.news\\\/latam\\\/wp-content\\\/uploads\\\/2026\\\/09\\\/zimmermann-tienda.jpg\",\"width\":800,\"height\":534},{\"@type\":\"BreadcrumbList\",\"@id\":\"https:\\\/\\\/www.justretail.news\\\/latam\\\/noticias\\\/zimmermann-entra-en-puerto-rico-con-una-tienda-en-the-mall-of-san-juan\\\/#breadcrumb\",\"itemListElement\":[{\"@type\":\"ListItem\",\"position\":1,\"name\":\"Portada\",\"item\":\"https:\\\/\\\/www.justretail.news\\\/latam\\\/\"},{\"@type\":\"ListItem\",\"position\":2,\"name\":\"Zimmermann entra en Puerto Rico con una tienda en The Mall of San Juan\"}]},{\"@type\":\"WebSite\",\"@id\":\"https:\\\/\\\/www.justretail.news\\\/latam\\\/#website\",\"url\":\"https:\\\/\\\/www.justretail.news\\\/latam\\\/\",\"name\":\"Just Retail Latam\",\"description\":\"\",\"publisher\":{\"@id\":\"https:\\\/\\\/www.justretail.news\\\/latam\\\/#organization\"},\"potentialAction\":[{\"@type\":\"SearchAction\",\"target\":{\"@type\":\"EntryPoint\",\"urlTemplate\":\"https:\\\/\\\/www.justretail.news\\\/latam\\\/?s={search_term_string}\"},\"query-input\":{\"@type\":\"PropertyValueSpecification\",\"valueRequired\":true,\"valueName\":\"search_term_string\"}}],\"inLanguage\":\"es\"},{\"@type\":\"Organization\",\"@id\":\"https:\\\/\\\/www.justretail.news\\\/latam\\\/#organization\",\"name\":\"Just Retail Latam\",\"url\":\"https:\\\/\\\/www.justretail.news\\\/latam\\\/\",\"logo\":{\"@type\":\"ImageObject\",\"inLanguage\":\"es\",\"@id\":\"https:\\\/\\\/www.justretail.news\\\/latam\\\/#\\\/schema\\\/logo\\\/image\\\/\",\"url\":\"https:\\\/\\\/www.justretail.news\\\/latam\\\/wp-content\\\/uploads\\\/2024\\\/05\\\/just-retail-logo-NEGRO-trans-latam-272x90_nuevo.png\",\"contentUrl\":\"https:\\\/\\\/www.justretail.news\\\/latam\\\/wp-content\\\/uploads\\\/2024\\\/05\\\/just-retail-logo-NEGRO-trans-latam-272x90_nuevo.png\",\"width\":272,\"height\":90,\"caption\":\"Just Retail Latam\"},\"image\":{\"@id\":\"https:\\\/\\\/www.justretail.news\\\/latam\\\/#\\\/schema\\\/logo\\\/image\\\/\"}},{\"@type\":\"Person\",\"@id\":\"https:\\\/\\\/www.justretail.news\\\/latam\\\/#\\\/schema\\\/person\\\/1543b9d803b2d5751fba2211e7785c5f\",\"name\":\"Redacci\u00f3n\",\"image\":{\"@type\":\"ImageObject\",\"inLanguage\":\"es\",\"@id\":\"https:\\\/\\\/secure.gravatar.com\\\/avatar\\\/728f66d366b9809efe89ec232bef06263abc057cefaba166bbd45a167e648b3c?s=96&d=mm&r=g\",\"url\":\"https:\\\/\\\/secure.gravatar.com\\\/avatar\\\/728f66d366b9809efe89ec232bef06263abc057cefaba166bbd45a167e648b3c?s=96&d=mm&r=g\",\"contentUrl\":\"https:\\\/\\\/secure.gravatar.com\\\/avatar\\\/728f66d366b9809efe89ec232bef06263abc057cefaba166bbd45a167e648b3c?s=96&d=mm&r=g\",\"caption\":\"Redacci\u00f3n\"},\"sameAs\":[\"https:\\\/\\\/www.justretail.news\\\/latam\"],\"url\":\"https:\\\/\\\/www.justretail.news\\\/latam\\\/noticias\\\/author\\\/latam_master\\\/\"}]}<\/script>\n<!-- \/ Yoast SEO plugin. -->","yoast_head_json":{"title":"Zimmermann entra en Puerto Rico con una tienda en The Mall of San Juan - Just Retail Latam","robots":{"index":"index","follow":"follow","max-snippet":"max-snippet:-1","max-image-preview":"max-image-preview:large","max-video-preview":"max-video-preview:-1"},"canonical":"https:\/\/www.justretail.news\/latam\/noticias\/zimmermann-entra-en-puerto-rico-con-una-tienda-en-the-mall-of-san-juan\/","og_locale":"es_ES","og_type":"article","og_title":"Zimmermann entra en Puerto Rico con una tienda en The Mall of San Juan - Just Retail Latam","og_description":"La marca australiana de moda de lujo suma su segundo punto de venta en Latinoam\u00e9rica tras desembarcar recientemente en Los Cabos.","og_url":"https:\/\/www.justretail.news\/latam\/noticias\/zimmermann-entra-en-puerto-rico-con-una-tienda-en-the-mall-of-san-juan\/","og_site_name":"Just Retail Latam","article_published_time":"2026-09-03T18:04:17+00:00","article_modified_time":"2026-09-03T18:04:19+00:00","og_image":[{"width":800,"height":534,"url":"https:\/\/www.justretail.news\/latam\/wp-content\/uploads\/2026\/09\/zimmermann-tienda.jpg","type":"image\/jpeg"}],"author":"Redacci\u00f3n","twitter_card":"summary_large_image","twitter_misc":{"Escrito por":"Redacci\u00f3n","Tiempo de lectura":"2 minutos"},"schema":{"@context":"https:\/\/schema.org","@graph":[{"@type":"Article","@id":"https:\/\/www.justretail.news\/latam\/noticias\/zimmermann-entra-en-puerto-rico-con-una-tienda-en-the-mall-of-san-juan\/#article","isPartOf":{"@id":"https:\/\/www.justretail.news\/latam\/noticias\/zimmermann-entra-en-puerto-rico-con-una-tienda-en-the-mall-of-san-juan\/"},"author":{"name":"Redacci\u00f3n","@id":"https:\/\/www.justretail.news\/latam\/#\/schema\/person\/1543b9d803b2d5751fba2211e7785c5f"},"headline":"Zimmermann entra en Puerto Rico con una tienda en The Mall of San Juan","datePublished":"2026-09-03T18:04:17+00:00","dateModified":"2026-09-03T18:04:19+00:00","mainEntityOfPage":{"@id":"https:\/\/www.justretail.news\/latam\/noticias\/zimmermann-entra-en-puerto-rico-con-una-tienda-en-the-mall-of-san-juan\/"},"wordCount":366,"publisher":{"@id":"https:\/\/www.justretail.news\/latam\/#organization"},"image":{"@id":"https:\/\/www.justretail.news\/latam\/noticias\/zimmermann-entra-en-puerto-rico-con-una-tienda-en-the-mall-of-san-juan\/#primaryimage"},"thumbnailUrl":"https:\/\/www.justretail.news\/latam\/wp-content\/uploads\/2026\/09\/zimmermann-tienda.jpg","keywords":["Mall of San Juan","Puerto Rico","Zimmermann"],"articleSection":["Retailers"],"inLanguage":"es"},{"@type":"WebPage","@id":"https:\/\/www.justretail.news\/latam\/noticias\/zimmermann-entra-en-puerto-rico-con-una-tienda-en-the-mall-of-san-juan\/","url":"https:\/\/www.justretail.news\/latam\/noticias\/zimmermann-entra-en-puerto-rico-con-una-tienda-en-the-mall-of-san-juan\/","name":"Zimmermann entra en Puerto Rico con una tienda en The Mall of San Juan - Just Retail Latam","isPartOf":{"@id":"https:\/\/www.justretail.news\/latam\/#website"},"primaryImageOfPage":{"@id":"https:\/\/www.justretail.news\/latam\/noticias\/zimmermann-entra-en-puerto-rico-con-una-tienda-en-the-mall-of-san-juan\/#primaryimage"},"image":{"@id":"https:\/\/www.justretail.news\/latam\/noticias\/zimmermann-entra-en-puerto-rico-con-una-tienda-en-the-mall-of-san-juan\/#primaryimage"},"thumbnailUrl":"https:\/\/www.justretail.news\/latam\/wp-content\/uploads\/2026\/09\/zimmermann-tienda.jpg","datePublished":"2026-09-03T18:04:17+00:00","dateModified":"2026-09-03T18:04:19+00:00","breadcrumb":{"@id":"https:\/\/www.justretail.news\/latam\/noticias\/zimmermann-entra-en-puerto-rico-con-una-tienda-en-the-mall-of-san-juan\/#breadcrumb"},"inLanguage":"es","potentialAction":[{"@type":"ReadAction","target":["https:\/\/www.justretail.news\/latam\/noticias\/zimmermann-entra-en-puerto-rico-con-una-tienda-en-the-mall-of-san-juan\/"]}]},{"@type":"ImageObject","inLanguage":"es","@id":"https:\/\/www.justretail.news\/latam\/noticias\/zimmermann-entra-en-puerto-rico-con-una-tienda-en-the-mall-of-san-juan\/#primaryimage","url":"https:\/\/www.justretail.news\/latam\/wp-content\/uploads\/2026\/09\/zimmermann-tienda.jpg","contentUrl":"https:\/\/www.justretail.news\/latam\/wp-content\/uploads\/2026\/09\/zimmermann-tienda.jpg","width":800,"height":534},{"@type":"BreadcrumbList","@id":"https:\/\/www.justretail.news\/latam\/noticias\/zimmermann-entra-en-puerto-rico-con-una-tienda-en-the-mall-of-san-juan\/#breadcrumb","itemListElement":[{"@type":"ListItem","position":1,"name":"Portada","item":"https:\/\/www.justretail.news\/latam\/"},{"@type":"ListItem","position":2,"name":"Zimmermann entra en Puerto Rico con una tienda en The Mall of San Juan"}]},{"@type":"WebSite","@id":"https:\/\/www.justretail.news\/latam\/#website","url":"https:\/\/www.justretail.news\/latam\/","name":"Just Retail Latam","description":"","publisher":{"@id":"https:\/\/www.justretail.news\/latam\/#organization"},"potentialAction":[{"@type":"SearchAction","target":{"@type":"EntryPoint","urlTemplate":"https:\/\/www.justretail.news\/latam\/?s={search_term_string}"},"query-input":{"@type":"PropertyValueSpecification","valueRequired":true,"valueName":"search_term_string"}}],"inLanguage":"es"},{"@type":"Organization","@id":"https:\/\/www.justretail.news\/latam\/#organization","name":"Just Retail Latam","url":"https:\/\/www.justretail.news\/latam\/","logo":{"@type":"ImageObject","inLanguage":"es","@id":"https:\/\/www.justretail.news\/latam\/#\/schema\/logo\/image\/","url":"https:\/\/www.justretail.news\/latam\/wp-content\/uploads\/2024\/05\/just-retail-logo-NEGRO-trans-latam-272x90_nuevo.png","contentUrl":"https:\/\/www.justretail.news\/latam\/wp-content\/uploads\/2024\/05\/just-retail-logo-NEGRO-trans-latam-272x90_nuevo.png","width":272,"height":90,"caption":"Just Retail Latam"},"image":{"@id":"https:\/\/www.justretail.news\/latam\/#\/schema\/logo\/image\/"}},{"@type":"Person","@id":"https:\/\/www.justretail.news\/latam\/#\/schema\/person\/1543b9d803b2d5751fba2211e7785c5f","name":"Redacci\u00f3n","image":{"@type":"ImageObject","inLanguage":"es","@id":"https:\/\/secure.gravatar.com\/avatar\/728f66d366b9809efe89ec232bef06263abc057cefaba166bbd45a167e648b3c?s=96&d=mm&r=g","url":"https:\/\/secure.gravatar.com\/avatar\/728f66d366b9809efe89ec232bef06263abc057cefaba166bbd45a167e648b3c?s=96&d=mm&r=g","contentUrl":"https:\/\/secure.gravatar.com\/avatar\/728f66d366b9809efe89ec232bef06263abc057cefaba166bbd45a167e648b3c?s=96&d=mm&r=g","caption":"Redacci\u00f3n"},"sameAs":["https:\/\/www.justretail.news\/latam"],"url":"https:\/\/www.justretail.news\/latam\/noticias\/author\/latam_master\/"}]}},"jetpack_sharing_enabled":true,"jetpack_featured_media_url":"https:\/\/www.justretail.news\/latam\/wp-content\/uploads\/2026\/09\/zimmermann-tienda.jpg","_links":{"self":[{"href":"https:\/\/www.justretail.news\/latam\/wp-json\/wp\/v2\/posts\/6592","targetHints":{"allow":["GET"]}}],"collection":[{"href":"https:\/\/www.justretail.news\/latam\/wp-json\/wp\/v2\/posts"}],"about":[{"href":"https:\/\/www.justretail.news\/latam\/wp-json\/wp\/v2\/types\/post"}],"author":[{"embeddable":true,"href":"https:\/\/www.justretail.news\/latam\/wp-json\/wp\/v2\/users\/1"}],"replies":[{"embeddable":true,"href":"https:\/\/www.justretail.news\/latam\/wp-json\/wp\/v2\/comments?post=6592"}],"version-history":[{"count":1,"href":"https:\/\/www.justretail.news\/latam\/wp-json\/wp\/v2\/posts\/6592\/revisions"}],"predecessor-version":[{"id":6594,"href":"https:\/\/www.justretail.news\/latam\/wp-json\/wp\/v2\/posts\/6592\/revisions\/6594"}],"wp:featuredmedia":[{"embeddable":true,"href":"https:\/\/www.justretail.news\/latam\/wp-json\/wp\/v2\/media\/6593"}],"wp:attachment":[{"href":"https:\/\/www.justretail.news\/latam\/wp-json\/wp\/v2\/media?parent=6592"}],"wp:term":[{"taxonomy":"category","embeddable":true,"href":"https:\/\/www.justretail.news\/latam\/wp-json\/wp\/v2\/categories?post=6592"},{"taxonomy":"post_tag","embeddable":true,"href":"https:\/\/www.justretail.news\/latam\/wp-json\/wp\/v2\/tags?post=6592"}],"curies":[{"name":"wp","href":"https:\/\/api.w.org\/{rel}","templated":true}]}}