{"id":6595,"date":"2026-09-03T20:15:45","date_gmt":"2026-09-03T18:15:45","guid":{"rendered":"https:\/\/www.justretail.news\/latam\/?p=6595"},"modified":"2026-09-03T20:15:47","modified_gmt":"2026-09-03T18:15:47","slug":"coca-cola-femsa-nombra-a-andres-torres-presidente-de-su-operacion-en-colombia","status":"publish","type":"post","link":"https:\/\/www.justretail.news\/latam\/noticias\/coca-cola-femsa-nombra-a-andres-torres-presidente-de-su-operacion-en-colombia\/","title":{"rendered":"Coca-Cola Femsa nombra a Andr\u00e9s Torres presidente de su operaci\u00f3n en Colombia"},"content":{"rendered":"\n<p class=\"wp-block-paragraph\">Coca-Cola Femsa tiene un nuevo capit\u00e1n en el mercado colombiano. El grupo ha designado a Andr\u00e9s Mauricio Torres Rico como nuevo presidente de su operaci\u00f3n en el pa\u00eds. De esta manera, el ejecutivo regresa a su tierra despu\u00e9s de cuatro a\u00f1os en M\u00e9xico y tras desarrollar una trayectoria de quince a\u00f1os dentro de la embotelladora.<\/p>\n\n\n\n<p class=\"wp-block-paragraph\">Desde su nueva posici\u00f3n, <strong>Torres estar\u00e1 al frente de la estrategia, la gesti\u00f3n y las operaciones de Coca-Cola Femsa en el mercado colombiano<\/strong>, con el reto de impulsar el crecimiento del negocio y acelerar sus procesos de innovaci\u00f3n y transformaci\u00f3n comercial.<\/p>\n\n\n\n<p class=\"wp-block-paragraph\">Antes de asumir el cargo, el ejecutivo se desempe\u00f1\u00f3 como director de Marketing de Coca-Cola Femsa M\u00e9xico entre 2022 y 2026. Durante esta etapa lider\u00f3 la estrategia de portafolio y precios, la gesti\u00f3n de ingresos, el comercio electr\u00f3nico, el marketing digital y el modelo de llegada al mercado.<\/p>\n\n\n\n<p class=\"wp-block-paragraph\">Seg\u00fan la compa\u00f1\u00eda, <strong>su gesti\u00f3n en M\u00e9xico contribuy\u00f3 a revertir m\u00e1s de una d\u00e9cada de p\u00e9rdida de participaci\u00f3n de mercado<\/strong>. El ejecutivo tambi\u00e9n desarroll\u00f3 nuevos modelos de relaci\u00f3n con los consumidores y avanz\u00f3 en la integraci\u00f3n de los canales tradicionales y digitales.<\/p>\n\n\n\n<p class=\"wp-block-paragraph\">Torres ya conoce la operaci\u00f3n colombiana. Entre 2018 y 2022 ocup\u00f3 el cargo de vicepresidente s\u00e9nior de Marketing de Coca-Cola Femsa Colombia, desde donde lider\u00f3 la estrategia comercial, el crecimiento de las marcas, la gesti\u00f3n de ingresos y la evoluci\u00f3n de los canales de venta.<\/p>\n\n\n\n<p class=\"wp-block-paragraph\">Previamente, el directivo trabaj\u00f3 en la operaci\u00f3n de Coca-Cola Femsa en Filipinas, donde lleg\u00f3 a ocupar la direcci\u00f3n de Marketing. Antes de incorporarse al grupo, desarroll\u00f3 parte de su trayectoria profesional en Nielsen.<\/p>\n\n\n\n<p class=\"wp-block-paragraph\"><strong>El nuevo presidente es ingeniero industrial por la Pontificia Universidad Javeriana<\/strong> y cuenta con experiencia en inteligencia de mercados, marketing, comercio electr\u00f3nico, estrategia comercial y transformaci\u00f3n de negocios.<\/p>\n\n\n\n<p class=\"wp-block-paragraph\">Coca-Cola Femsa es el mayor embotellador del Sistema Coca-Cola por volumen de ventas y opera en diez pa\u00edses de Am\u00e9rica Latina. La compa\u00f1\u00eda comercializa sus productos en m\u00e1s de dos millones de puntos de venta y atiende a alrededor de 268 millones de consumidores.<\/p>\n\n\n\n<p class=\"wp-block-paragraph\">El grupo cuenta con m\u00e1s de 90.000 empleados, 55 plantas de producci\u00f3n y 256 centros de distribuci\u00f3n en la regi\u00f3n. En 2025, sus ingresos aumentaron un 4,3% y su utilidad operativa avanz\u00f3 un 7%.<\/p>\n","protected":false},"excerpt":{"rendered":"<p>Andr\u00e9s Torres regresa a Colombia tras cuatro a\u00f1os al frente de \u00e1reas estrat\u00e9gicas de Coca-Cola Femsa M\u00e9xico.<\/p>\n","protected":false},"author":1,"featured_media":6597,"comment_status":"closed","ping_status":"open","sticky":false,"template":"","format":"standard","meta":{"_jetpack_newsletter_access":"","_jetpack_dont_email_post_to_subs":false,"_jetpack_newsletter_tier_id":0,"_jetpack_memberships_contains_paywalled_content":false,"_jetpack_feature_clip_id":0,"_jetpack_memberships_contains_paid_content":false,"footnotes":"","jetpack_post_was_ever_published":false},"categories":[71],"tags":[300,669,78,877],"class_list":["post-6595","post","type-post","status-publish","format-standard","has-post-thumbnail","category-nombramientos","tag-coca-cola","tag-coca-cola-femsa","tag-colombia","tag-femsa"],"yoast_head":"<!-- This site is optimized with the Yoast SEO plugin v28.4 - https:\/\/yoast.com\/product\/yoast-seo-wordpress\/ -->\n<title>Coca-Cola Femsa nombra a Andr\u00e9s Torres presidente de su operaci\u00f3n en Colombia - Just Retail Latam<\/title>\n<meta name=\"robots\" content=\"index, follow, max-snippet:-1, max-image-preview:large, max-video-preview:-1\" \/>\n<link rel=\"canonical\" href=\"https:\/\/www.justretail.news\/latam\/noticias\/coca-cola-femsa-nombra-a-andres-torres-presidente-de-su-operacion-en-colombia\/\" \/>\n<meta property=\"og:locale\" content=\"es_ES\" \/>\n<meta property=\"og:type\" content=\"article\" \/>\n<meta property=\"og:title\" content=\"Coca-Cola Femsa nombra a Andr\u00e9s Torres presidente de su operaci\u00f3n en Colombia - Just Retail Latam\" \/>\n<meta property=\"og:description\" content=\"Andr\u00e9s Torres regresa a Colombia tras cuatro a\u00f1os al frente de \u00e1reas estrat\u00e9gicas de Coca-Cola Femsa M\u00e9xico.\" \/>\n<meta property=\"og:url\" content=\"https:\/\/www.justretail.news\/latam\/noticias\/coca-cola-femsa-nombra-a-andres-torres-presidente-de-su-operacion-en-colombia\/\" \/>\n<meta property=\"og:site_name\" content=\"Just Retail Latam\" \/>\n<meta property=\"article:published_time\" content=\"2026-09-03T18:15:45+00:00\" \/>\n<meta property=\"article:modified_time\" content=\"2026-09-03T18:15:47+00:00\" \/>\n<meta property=\"og:image\" content=\"https:\/\/www.justretail.news\/latam\/wp-content\/uploads\/2026\/09\/Andres-Torres-Coca-Cola-FEmsa.jpg\" \/>\n\t<meta property=\"og:image:width\" content=\"800\" \/>\n\t<meta property=\"og:image:height\" content=\"460\" \/>\n\t<meta property=\"og:image:type\" content=\"image\/jpeg\" \/>\n<meta name=\"author\" content=\"Redacci\u00f3n\" \/>\n<meta name=\"twitter:card\" content=\"summary_large_image\" \/>\n<meta name=\"twitter:label1\" content=\"Escrito por\" \/>\n\t<meta name=\"twitter:data1\" content=\"Redacci\u00f3n\" \/>\n\t<meta name=\"twitter:label2\" content=\"Tiempo de lectura\" \/>\n\t<meta name=\"twitter:data2\" content=\"2 minutos\" \/>\n<script type=\"application\/ld+json\" class=\"yoast-schema-graph\">{\"@context\":\"https:\\\/\\\/schema.org\",\"@graph\":[{\"@type\":\"Article\",\"@id\":\"https:\\\/\\\/www.justretail.news\\\/latam\\\/noticias\\\/coca-cola-femsa-nombra-a-andres-torres-presidente-de-su-operacion-en-colombia\\\/#article\",\"isPartOf\":{\"@id\":\"https:\\\/\\\/www.justretail.news\\\/latam\\\/noticias\\\/coca-cola-femsa-nombra-a-andres-torres-presidente-de-su-operacion-en-colombia\\\/\"},\"author\":{\"name\":\"Redacci\u00f3n\",\"@id\":\"https:\\\/\\\/www.justretail.news\\\/latam\\\/#\\\/schema\\\/person\\\/1543b9d803b2d5751fba2211e7785c5f\"},\"headline\":\"Coca-Cola Femsa nombra a Andr\u00e9s Torres presidente de su operaci\u00f3n en Colombia\",\"datePublished\":\"2026-09-03T18:15:45+00:00\",\"dateModified\":\"2026-09-03T18:15:47+00:00\",\"mainEntityOfPage\":{\"@id\":\"https:\\\/\\\/www.justretail.news\\\/latam\\\/noticias\\\/coca-cola-femsa-nombra-a-andres-torres-presidente-de-su-operacion-en-colombia\\\/\"},\"wordCount\":415,\"publisher\":{\"@id\":\"https:\\\/\\\/www.justretail.news\\\/latam\\\/#organization\"},\"image\":{\"@id\":\"https:\\\/\\\/www.justretail.news\\\/latam\\\/noticias\\\/coca-cola-femsa-nombra-a-andres-torres-presidente-de-su-operacion-en-colombia\\\/#primaryimage\"},\"thumbnailUrl\":\"https:\\\/\\\/www.justretail.news\\\/latam\\\/wp-content\\\/uploads\\\/2026\\\/09\\\/Andres-Torres-Coca-Cola-FEmsa.jpg\",\"keywords\":[\"Coca Cola\",\"Coca-Cola FEMSA\",\"Colombia\",\"FEMSA\"],\"articleSection\":[\"Nombramientos\"],\"inLanguage\":\"es\"},{\"@type\":\"WebPage\",\"@id\":\"https:\\\/\\\/www.justretail.news\\\/latam\\\/noticias\\\/coca-cola-femsa-nombra-a-andres-torres-presidente-de-su-operacion-en-colombia\\\/\",\"url\":\"https:\\\/\\\/www.justretail.news\\\/latam\\\/noticias\\\/coca-cola-femsa-nombra-a-andres-torres-presidente-de-su-operacion-en-colombia\\\/\",\"name\":\"Coca-Cola Femsa nombra a Andr\u00e9s Torres presidente de su operaci\u00f3n en Colombia - Just Retail Latam\",\"isPartOf\":{\"@id\":\"https:\\\/\\\/www.justretail.news\\\/latam\\\/#website\"},\"primaryImageOfPage\":{\"@id\":\"https:\\\/\\\/www.justretail.news\\\/latam\\\/noticias\\\/coca-cola-femsa-nombra-a-andres-torres-presidente-de-su-operacion-en-colombia\\\/#primaryimage\"},\"image\":{\"@id\":\"https:\\\/\\\/www.justretail.news\\\/latam\\\/noticias\\\/coca-cola-femsa-nombra-a-andres-torres-presidente-de-su-operacion-en-colombia\\\/#primaryimage\"},\"thumbnailUrl\":\"https:\\\/\\\/www.justretail.news\\\/latam\\\/wp-content\\\/uploads\\\/2026\\\/09\\\/Andres-Torres-Coca-Cola-FEmsa.jpg\",\"datePublished\":\"2026-09-03T18:15:45+00:00\",\"dateModified\":\"2026-09-03T18:15:47+00:00\",\"breadcrumb\":{\"@id\":\"https:\\\/\\\/www.justretail.news\\\/latam\\\/noticias\\\/coca-cola-femsa-nombra-a-andres-torres-presidente-de-su-operacion-en-colombia\\\/#breadcrumb\"},\"inLanguage\":\"es\",\"potentialAction\":[{\"@type\":\"ReadAction\",\"target\":[\"https:\\\/\\\/www.justretail.news\\\/latam\\\/noticias\\\/coca-cola-femsa-nombra-a-andres-torres-presidente-de-su-operacion-en-colombia\\\/\"]}]},{\"@type\":\"ImageObject\",\"inLanguage\":\"es\",\"@id\":\"https:\\\/\\\/www.justretail.news\\\/latam\\\/noticias\\\/coca-cola-femsa-nombra-a-andres-torres-presidente-de-su-operacion-en-colombia\\\/#primaryimage\",\"url\":\"https:\\\/\\\/www.justretail.news\\\/latam\\\/wp-content\\\/uploads\\\/2026\\\/09\\\/Andres-Torres-Coca-Cola-FEmsa.jpg\",\"contentUrl\":\"https:\\\/\\\/www.justretail.news\\\/latam\\\/wp-content\\\/uploads\\\/2026\\\/09\\\/Andres-Torres-Coca-Cola-FEmsa.jpg\",\"width\":800,\"height\":460},{\"@type\":\"BreadcrumbList\",\"@id\":\"https:\\\/\\\/www.justretail.news\\\/latam\\\/noticias\\\/coca-cola-femsa-nombra-a-andres-torres-presidente-de-su-operacion-en-colombia\\\/#breadcrumb\",\"itemListElement\":[{\"@type\":\"ListItem\",\"position\":1,\"name\":\"Portada\",\"item\":\"https:\\\/\\\/www.justretail.news\\\/latam\\\/\"},{\"@type\":\"ListItem\",\"position\":2,\"name\":\"Coca-Cola Femsa nombra a Andr\u00e9s Torres presidente de su operaci\u00f3n en Colombia\"}]},{\"@type\":\"WebSite\",\"@id\":\"https:\\\/\\\/www.justretail.news\\\/latam\\\/#website\",\"url\":\"https:\\\/\\\/www.justretail.news\\\/latam\\\/\",\"name\":\"Just Retail Latam\",\"description\":\"\",\"publisher\":{\"@id\":\"https:\\\/\\\/www.justretail.news\\\/latam\\\/#organization\"},\"potentialAction\":[{\"@type\":\"SearchAction\",\"target\":{\"@type\":\"EntryPoint\",\"urlTemplate\":\"https:\\\/\\\/www.justretail.news\\\/latam\\\/?s={search_term_string}\"},\"query-input\":{\"@type\":\"PropertyValueSpecification\",\"valueRequired\":true,\"valueName\":\"search_term_string\"}}],\"inLanguage\":\"es\"},{\"@type\":\"Organization\",\"@id\":\"https:\\\/\\\/www.justretail.news\\\/latam\\\/#organization\",\"name\":\"Just Retail Latam\",\"url\":\"https:\\\/\\\/www.justretail.news\\\/latam\\\/\",\"logo\":{\"@type\":\"ImageObject\",\"inLanguage\":\"es\",\"@id\":\"https:\\\/\\\/www.justretail.news\\\/latam\\\/#\\\/schema\\\/logo\\\/image\\\/\",\"url\":\"https:\\\/\\\/www.justretail.news\\\/latam\\\/wp-content\\\/uploads\\\/2024\\\/05\\\/just-retail-logo-NEGRO-trans-latam-272x90_nuevo.png\",\"contentUrl\":\"https:\\\/\\\/www.justretail.news\\\/latam\\\/wp-content\\\/uploads\\\/2024\\\/05\\\/just-retail-logo-NEGRO-trans-latam-272x90_nuevo.png\",\"width\":272,\"height\":90,\"caption\":\"Just Retail Latam\"},\"image\":{\"@id\":\"https:\\\/\\\/www.justretail.news\\\/latam\\\/#\\\/schema\\\/logo\\\/image\\\/\"}},{\"@type\":\"Person\",\"@id\":\"https:\\\/\\\/www.justretail.news\\\/latam\\\/#\\\/schema\\\/person\\\/1543b9d803b2d5751fba2211e7785c5f\",\"name\":\"Redacci\u00f3n\",\"image\":{\"@type\":\"ImageObject\",\"inLanguage\":\"es\",\"@id\":\"https:\\\/\\\/secure.gravatar.com\\\/avatar\\\/728f66d366b9809efe89ec232bef06263abc057cefaba166bbd45a167e648b3c?s=96&d=mm&r=g\",\"url\":\"https:\\\/\\\/secure.gravatar.com\\\/avatar\\\/728f66d366b9809efe89ec232bef06263abc057cefaba166bbd45a167e648b3c?s=96&d=mm&r=g\",\"contentUrl\":\"https:\\\/\\\/secure.gravatar.com\\\/avatar\\\/728f66d366b9809efe89ec232bef06263abc057cefaba166bbd45a167e648b3c?s=96&d=mm&r=g\",\"caption\":\"Redacci\u00f3n\"},\"sameAs\":[\"https:\\\/\\\/www.justretail.news\\\/latam\"],\"url\":\"https:\\\/\\\/www.justretail.news\\\/latam\\\/noticias\\\/author\\\/latam_master\\\/\"}]}<\/script>\n<!-- \/ Yoast SEO plugin. -->","yoast_head_json":{"title":"Coca-Cola Femsa nombra a Andr\u00e9s Torres presidente de su operaci\u00f3n en Colombia - Just Retail Latam","robots":{"index":"index","follow":"follow","max-snippet":"max-snippet:-1","max-image-preview":"max-image-preview:large","max-video-preview":"max-video-preview:-1"},"canonical":"https:\/\/www.justretail.news\/latam\/noticias\/coca-cola-femsa-nombra-a-andres-torres-presidente-de-su-operacion-en-colombia\/","og_locale":"es_ES","og_type":"article","og_title":"Coca-Cola Femsa nombra a Andr\u00e9s Torres presidente de su operaci\u00f3n en Colombia - Just Retail Latam","og_description":"Andr\u00e9s Torres regresa a Colombia tras cuatro a\u00f1os al frente de \u00e1reas estrat\u00e9gicas de Coca-Cola Femsa M\u00e9xico.","og_url":"https:\/\/www.justretail.news\/latam\/noticias\/coca-cola-femsa-nombra-a-andres-torres-presidente-de-su-operacion-en-colombia\/","og_site_name":"Just Retail Latam","article_published_time":"2026-09-03T18:15:45+00:00","article_modified_time":"2026-09-03T18:15:47+00:00","og_image":[{"width":800,"height":460,"url":"https:\/\/www.justretail.news\/latam\/wp-content\/uploads\/2026\/09\/Andres-Torres-Coca-Cola-FEmsa.jpg","type":"image\/jpeg"}],"author":"Redacci\u00f3n","twitter_card":"summary_large_image","twitter_misc":{"Escrito por":"Redacci\u00f3n","Tiempo de lectura":"2 minutos"},"schema":{"@context":"https:\/\/schema.org","@graph":[{"@type":"Article","@id":"https:\/\/www.justretail.news\/latam\/noticias\/coca-cola-femsa-nombra-a-andres-torres-presidente-de-su-operacion-en-colombia\/#article","isPartOf":{"@id":"https:\/\/www.justretail.news\/latam\/noticias\/coca-cola-femsa-nombra-a-andres-torres-presidente-de-su-operacion-en-colombia\/"},"author":{"name":"Redacci\u00f3n","@id":"https:\/\/www.justretail.news\/latam\/#\/schema\/person\/1543b9d803b2d5751fba2211e7785c5f"},"headline":"Coca-Cola Femsa nombra a Andr\u00e9s Torres presidente de su operaci\u00f3n en Colombia","datePublished":"2026-09-03T18:15:45+00:00","dateModified":"2026-09-03T18:15:47+00:00","mainEntityOfPage":{"@id":"https:\/\/www.justretail.news\/latam\/noticias\/coca-cola-femsa-nombra-a-andres-torres-presidente-de-su-operacion-en-colombia\/"},"wordCount":415,"publisher":{"@id":"https:\/\/www.justretail.news\/latam\/#organization"},"image":{"@id":"https:\/\/www.justretail.news\/latam\/noticias\/coca-cola-femsa-nombra-a-andres-torres-presidente-de-su-operacion-en-colombia\/#primaryimage"},"thumbnailUrl":"https:\/\/www.justretail.news\/latam\/wp-content\/uploads\/2026\/09\/Andres-Torres-Coca-Cola-FEmsa.jpg","keywords":["Coca Cola","Coca-Cola FEMSA","Colombia","FEMSA"],"articleSection":["Nombramientos"],"inLanguage":"es"},{"@type":"WebPage","@id":"https:\/\/www.justretail.news\/latam\/noticias\/coca-cola-femsa-nombra-a-andres-torres-presidente-de-su-operacion-en-colombia\/","url":"https:\/\/www.justretail.news\/latam\/noticias\/coca-cola-femsa-nombra-a-andres-torres-presidente-de-su-operacion-en-colombia\/","name":"Coca-Cola Femsa nombra a Andr\u00e9s Torres presidente de su operaci\u00f3n en Colombia - Just Retail Latam","isPartOf":{"@id":"https:\/\/www.justretail.news\/latam\/#website"},"primaryImageOfPage":{"@id":"https:\/\/www.justretail.news\/latam\/noticias\/coca-cola-femsa-nombra-a-andres-torres-presidente-de-su-operacion-en-colombia\/#primaryimage"},"image":{"@id":"https:\/\/www.justretail.news\/latam\/noticias\/coca-cola-femsa-nombra-a-andres-torres-presidente-de-su-operacion-en-colombia\/#primaryimage"},"thumbnailUrl":"https:\/\/www.justretail.news\/latam\/wp-content\/uploads\/2026\/09\/Andres-Torres-Coca-Cola-FEmsa.jpg","datePublished":"2026-09-03T18:15:45+00:00","dateModified":"2026-09-03T18:15:47+00:00","breadcrumb":{"@id":"https:\/\/www.justretail.news\/latam\/noticias\/coca-cola-femsa-nombra-a-andres-torres-presidente-de-su-operacion-en-colombia\/#breadcrumb"},"inLanguage":"es","potentialAction":[{"@type":"ReadAction","target":["https:\/\/www.justretail.news\/latam\/noticias\/coca-cola-femsa-nombra-a-andres-torres-presidente-de-su-operacion-en-colombia\/"]}]},{"@type":"ImageObject","inLanguage":"es","@id":"https:\/\/www.justretail.news\/latam\/noticias\/coca-cola-femsa-nombra-a-andres-torres-presidente-de-su-operacion-en-colombia\/#primaryimage","url":"https:\/\/www.justretail.news\/latam\/wp-content\/uploads\/2026\/09\/Andres-Torres-Coca-Cola-FEmsa.jpg","contentUrl":"https:\/\/www.justretail.news\/latam\/wp-content\/uploads\/2026\/09\/Andres-Torres-Coca-Cola-FEmsa.jpg","width":800,"height":460},{"@type":"BreadcrumbList","@id":"https:\/\/www.justretail.news\/latam\/noticias\/coca-cola-femsa-nombra-a-andres-torres-presidente-de-su-operacion-en-colombia\/#breadcrumb","itemListElement":[{"@type":"ListItem","position":1,"name":"Portada","item":"https:\/\/www.justretail.news\/latam\/"},{"@type":"ListItem","position":2,"name":"Coca-Cola Femsa nombra a Andr\u00e9s Torres presidente de su operaci\u00f3n en Colombia"}]},{"@type":"WebSite","@id":"https:\/\/www.justretail.news\/latam\/#website","url":"https:\/\/www.justretail.news\/latam\/","name":"Just Retail Latam","description":"","publisher":{"@id":"https:\/\/www.justretail.news\/latam\/#organization"},"potentialAction":[{"@type":"SearchAction","target":{"@type":"EntryPoint","urlTemplate":"https:\/\/www.justretail.news\/latam\/?s={search_term_string}"},"query-input":{"@type":"PropertyValueSpecification","valueRequired":true,"valueName":"search_term_string"}}],"inLanguage":"es"},{"@type":"Organization","@id":"https:\/\/www.justretail.news\/latam\/#organization","name":"Just Retail Latam","url":"https:\/\/www.justretail.news\/latam\/","logo":{"@type":"ImageObject","inLanguage":"es","@id":"https:\/\/www.justretail.news\/latam\/#\/schema\/logo\/image\/","url":"https:\/\/www.justretail.news\/latam\/wp-content\/uploads\/2024\/05\/just-retail-logo-NEGRO-trans-latam-272x90_nuevo.png","contentUrl":"https:\/\/www.justretail.news\/latam\/wp-content\/uploads\/2024\/05\/just-retail-logo-NEGRO-trans-latam-272x90_nuevo.png","width":272,"height":90,"caption":"Just Retail Latam"},"image":{"@id":"https:\/\/www.justretail.news\/latam\/#\/schema\/logo\/image\/"}},{"@type":"Person","@id":"https:\/\/www.justretail.news\/latam\/#\/schema\/person\/1543b9d803b2d5751fba2211e7785c5f","name":"Redacci\u00f3n","image":{"@type":"ImageObject","inLanguage":"es","@id":"https:\/\/secure.gravatar.com\/avatar\/728f66d366b9809efe89ec232bef06263abc057cefaba166bbd45a167e648b3c?s=96&d=mm&r=g","url":"https:\/\/secure.gravatar.com\/avatar\/728f66d366b9809efe89ec232bef06263abc057cefaba166bbd45a167e648b3c?s=96&d=mm&r=g","contentUrl":"https:\/\/secure.gravatar.com\/avatar\/728f66d366b9809efe89ec232bef06263abc057cefaba166bbd45a167e648b3c?s=96&d=mm&r=g","caption":"Redacci\u00f3n"},"sameAs":["https:\/\/www.justretail.news\/latam"],"url":"https:\/\/www.justretail.news\/latam\/noticias\/author\/latam_master\/"}]}},"jetpack_sharing_enabled":true,"jetpack_featured_media_url":"https:\/\/www.justretail.news\/latam\/wp-content\/uploads\/2026\/09\/Andres-Torres-Coca-Cola-FEmsa.jpg","_links":{"self":[{"href":"https:\/\/www.justretail.news\/latam\/wp-json\/wp\/v2\/posts\/6595","targetHints":{"allow":["GET"]}}],"collection":[{"href":"https:\/\/www.justretail.news\/latam\/wp-json\/wp\/v2\/posts"}],"about":[{"href":"https:\/\/www.justretail.news\/latam\/wp-json\/wp\/v2\/types\/post"}],"author":[{"embeddable":true,"href":"https:\/\/www.justretail.news\/latam\/wp-json\/wp\/v2\/users\/1"}],"replies":[{"embeddable":true,"href":"https:\/\/www.justretail.news\/latam\/wp-json\/wp\/v2\/comments?post=6595"}],"version-history":[{"count":2,"href":"https:\/\/www.justretail.news\/latam\/wp-json\/wp\/v2\/posts\/6595\/revisions"}],"predecessor-version":[{"id":6598,"href":"https:\/\/www.justretail.news\/latam\/wp-json\/wp\/v2\/posts\/6595\/revisions\/6598"}],"wp:featuredmedia":[{"embeddable":true,"href":"https:\/\/www.justretail.news\/latam\/wp-json\/wp\/v2\/media\/6597"}],"wp:attachment":[{"href":"https:\/\/www.justretail.news\/latam\/wp-json\/wp\/v2\/media?parent=6595"}],"wp:term":[{"taxonomy":"category","embeddable":true,"href":"https:\/\/www.justretail.news\/latam\/wp-json\/wp\/v2\/categories?post=6595"},{"taxonomy":"post_tag","embeddable":true,"href":"https:\/\/www.justretail.news\/latam\/wp-json\/wp\/v2\/tags?post=6595"}],"curies":[{"name":"wp","href":"https:\/\/api.w.org\/{rel}","templated":true}]}}