{"id":6599,"date":"2026-09-03T21:33:26","date_gmt":"2026-09-03T19:33:26","guid":{"rendered":"https:\/\/www.justretail.news\/latam\/?p=6599"},"modified":"2026-09-03T21:33:27","modified_gmt":"2026-09-03T19:33:27","slug":"cencosud-exprime-paris-y-lleva-casi-sus-marcas-a-casi-un-centenar-de-supermercados-de-la-region","status":"publish","type":"post","link":"https:\/\/www.justretail.news\/latam\/noticias\/cencosud-exprime-paris-y-lleva-casi-sus-marcas-a-casi-un-centenar-de-supermercados-de-la-region\/","title":{"rendered":"Cencosud exprime Paris y lleva casi sus marcas  a casi un centenar de supermercados de la regi\u00f3n"},"content":{"rendered":"\n<p class=\"wp-block-paragraph\">Cencosud quiere extender el alcance de Paris m\u00e1s all\u00e1 de las tiendas por departamento. El grupo chileno est\u00e1 introduciendo las marcas propias de la cadena en sus supermercados de Colombia, Argentina y Per\u00fa mediante <strong>corners especializados en vestuario, textil y productos para el hogar<\/strong>.<\/p>\n\n\n\n<p class=\"wp-block-paragraph\"><strong>La compa\u00f1\u00eda ya opera 98 espacios de este tipo en la regi\u00f3n: 54 en Colombia, cuarenta en Argentina y cuatro en Per\u00fa.<\/strong> La estrategia permite a Cencosud aprovechar su red de supermercados para ampliar la distribuci\u00f3n de marcas de Paris como Alaniz, Opposite y Aussie.<\/p>\n\n\n\n<p class=\"wp-block-paragraph\">El proyecto forma parte de la hoja de ruta de Paris hasta 2030 y responde a la estrategia corporativa denominada \u201cUn Solo Cencosud\u201d, con la que el conglomerado busca integrar capacidades y eliminar duplicidades entre sus diferentes formatos y mercados.<\/p>\n\n\n\n<p class=\"wp-block-paragraph\">\u201cBuscamos aprovechar el know how de Paris y sus marcas seleccionadas para fortalecer las categor\u00edas de vestuario, textil y hogar en los supermercados de la regi\u00f3n\u201d, explic\u00f3 Juan Luis Taverne, gerente general de tiendas por departamento de Cencosud, durante un reciente encuentro con inversionistas.<\/p>\n\n\n\n<p class=\"wp-block-paragraph\"><strong>Las marcas propias representan actualmente el 34% del negocio de Paris.<\/strong> Su desembarco en otros formatos abre una nueva v\u00eda de crecimiento para la divisi\u00f3n, que desde 2020 opera \u00fanicamente en Chile tras el cierre de sus once tiendas en Per\u00fa.<\/p>\n\n\n\n<p class=\"wp-block-paragraph\">Paris cuenta actualmente con 48 establecimientos y genera algo m\u00e1s del 9% de los ingresos de Cencosud. En 2019, cuando la divisi\u00f3n operaba en Chile y Per\u00fa mediante las marcas Paris y Johnson, su aportaci\u00f3n alcanzaba el 12%.<\/p>\n\n\n\n<p class=\"wp-block-paragraph\">Durante ese mismo periodo, <strong>los supermercados elevaron su peso desde el 70% hasta cerca del 80% de las ventas del grupo<\/strong>. Cencosud pretende apoyarse en esta escala para llevar las categor\u00edas y marcas desarrolladas por Paris a mercados donde la cadena de grandes almacenes no tiene presencia f\u00edsica.<\/p>\n\n\n\n<p class=\"wp-block-paragraph\">El conglomerado opera casi 1.400 establecimientos y sesenta centros comerciales en Chile, Per\u00fa, Argentina, Colombia, Brasil y Estados Unidos. Su facturaci\u00f3n anual ronda los 20.000 millones de d\u00f3lares.<\/p>\n\n\n\n<h2 class=\"wp-block-heading\">Reordenamiento de Paris en Chile<\/h2>\n\n\n\n<p class=\"wp-block-paragraph\">La expansi\u00f3n regional de las marcas propias coincide con la renovaci\u00f3n de la red f\u00edsica de Paris en Chile. El plan contempla remodelaciones, nuevos formatos y ajustes en determinados establecimientos para elevar las ventas por metro cuadrado y mejorar el margen operativo.<\/p>\n\n\n\n<p class=\"wp-block-paragraph\">En agosto, <strong>Cencosud reinaugur\u00f3 la tienda insignia de Paris en Cenco Alto Las Condes<\/strong>, despu\u00e9s de renovar m\u00e1s de 7.200 metros cuadrados distribuidos en cuatro plantas. Las obras se extendieron durante diez meses y se realizaron sin cerrar el establecimiento.<\/p>\n\n\n\n<p class=\"wp-block-paragraph\">La cadena tambi\u00e9n trasladar\u00e1 su tienda de Parque Arauco Kennedy al espacio que actualmente ocupa Ripley. El nuevo establecimiento contar\u00e1 con aproximadamente <strong>16.500 metros cuadrados y se convertir\u00e1 en el mayor Paris de Chile<\/strong>.<\/p>\n\n\n\n<p class=\"wp-block-paragraph\">La estrategia se desarrolla en un contexto financiero desafiante para Cencosud. El grupo perdi\u00f3 36.455 millones de pesos chilenos, unos cuarenta millones de d\u00f3lares, durante el segundo trimestre de 2026, mientras que sus ingresos retrocedieron un 1,8% interanual.<\/p>\n\n\n\n<p class=\"wp-block-paragraph\">Ante este escenario, la compa\u00f1\u00eda est\u00e1 reorganizando \u00e1reas corporativas como Recursos Humanos, Finanzas, Tecnolog\u00eda y Asuntos Corporativos. El objetivo es que sus marcas comerciales ganen agilidad y concentren sus recursos en la atenci\u00f3n al cliente, el crecimiento y la rentabilidad.<\/p>\n","protected":false},"excerpt":{"rendered":"<p>Cencosud quiere extender el alcance de Paris m\u00e1s all\u00e1 de las tiendas por departamento. El grupo chileno est\u00e1 introduciendo las marcas propias de la cadena en sus supermercados de Colombia, Argentina y Per\u00fa mediante corners especializados en vestuario, textil y productos para el hogar. La compa\u00f1\u00eda ya opera 98 espacios de este tipo en la [&hellip;]<\/p>\n","protected":false},"author":1,"featured_media":6400,"comment_status":"closed","ping_status":"open","sticky":false,"template":"","format":"standard","meta":{"_jetpack_newsletter_access":"","_jetpack_dont_email_post_to_subs":false,"_jetpack_newsletter_tier_id":0,"_jetpack_memberships_contains_paywalled_content":false,"_jetpack_feature_clip_id":0,"_jetpack_memberships_contains_paid_content":false,"footnotes":"","jetpack_post_was_ever_published":false},"categories":[37],"tags":[671,1328,614],"class_list":["post-6599","post","type-post","status-publish","format-standard","has-post-thumbnail","category-retailers","tag-cencosud","tag-paris","tag-tiendas-departamentales"],"yoast_head":"<!-- This site is optimized with the Yoast SEO plugin v28.4 - https:\/\/yoast.com\/product\/yoast-seo-wordpress\/ -->\n<title>Cencosud exprime Paris y lleva casi sus marcas a casi un centenar de supermercados de la regi\u00f3n - Just Retail Latam<\/title>\n<meta name=\"robots\" content=\"index, follow, max-snippet:-1, max-image-preview:large, max-video-preview:-1\" \/>\n<link rel=\"canonical\" href=\"https:\/\/www.justretail.news\/latam\/noticias\/cencosud-exprime-paris-y-lleva-casi-sus-marcas-a-casi-un-centenar-de-supermercados-de-la-region\/\" \/>\n<meta property=\"og:locale\" content=\"es_ES\" \/>\n<meta property=\"og:type\" content=\"article\" \/>\n<meta property=\"og:title\" content=\"Cencosud exprime Paris y lleva casi sus marcas a casi un centenar de supermercados de la regi\u00f3n - Just Retail Latam\" \/>\n<meta property=\"og:description\" content=\"Cencosud quiere extender el alcance de Paris m\u00e1s all\u00e1 de las tiendas por departamento. El grupo chileno est\u00e1 introduciendo las marcas propias de la cadena en sus supermercados de Colombia, Argentina y Per\u00fa mediante corners especializados en vestuario, textil y productos para el hogar. La compa\u00f1\u00eda ya opera 98 espacios de este tipo en la [&hellip;]\" \/>\n<meta property=\"og:url\" content=\"https:\/\/www.justretail.news\/latam\/noticias\/cencosud-exprime-paris-y-lleva-casi-sus-marcas-a-casi-un-centenar-de-supermercados-de-la-region\/\" \/>\n<meta property=\"og:site_name\" content=\"Just Retail Latam\" \/>\n<meta property=\"article:published_time\" content=\"2026-09-03T19:33:26+00:00\" \/>\n<meta property=\"article:modified_time\" content=\"2026-09-03T19:33:27+00:00\" \/>\n<meta property=\"og:image\" content=\"https:\/\/www.justretail.news\/latam\/wp-content\/uploads\/2026\/08\/cencosud-tienda-paris-.jpg\" \/>\n\t<meta property=\"og:image:width\" content=\"800\" \/>\n\t<meta property=\"og:image:height\" content=\"356\" \/>\n\t<meta property=\"og:image:type\" content=\"image\/jpeg\" \/>\n<meta name=\"author\" content=\"Redacci\u00f3n\" \/>\n<meta name=\"twitter:card\" content=\"summary_large_image\" \/>\n<meta name=\"twitter:label1\" content=\"Escrito por\" \/>\n\t<meta name=\"twitter:data1\" content=\"Redacci\u00f3n\" \/>\n\t<meta name=\"twitter:label2\" content=\"Tiempo de lectura\" \/>\n\t<meta name=\"twitter:data2\" content=\"3 minutos\" \/>\n<script type=\"application\/ld+json\" class=\"yoast-schema-graph\">{\"@context\":\"https:\\\/\\\/schema.org\",\"@graph\":[{\"@type\":\"Article\",\"@id\":\"https:\\\/\\\/www.justretail.news\\\/latam\\\/noticias\\\/cencosud-exprime-paris-y-lleva-casi-sus-marcas-a-casi-un-centenar-de-supermercados-de-la-region\\\/#article\",\"isPartOf\":{\"@id\":\"https:\\\/\\\/www.justretail.news\\\/latam\\\/noticias\\\/cencosud-exprime-paris-y-lleva-casi-sus-marcas-a-casi-un-centenar-de-supermercados-de-la-region\\\/\"},\"author\":{\"name\":\"Redacci\u00f3n\",\"@id\":\"https:\\\/\\\/www.justretail.news\\\/latam\\\/#\\\/schema\\\/person\\\/1543b9d803b2d5751fba2211e7785c5f\"},\"headline\":\"Cencosud exprime Paris y lleva casi sus marcas a casi un centenar de supermercados de la regi\u00f3n\",\"datePublished\":\"2026-09-03T19:33:26+00:00\",\"dateModified\":\"2026-09-03T19:33:27+00:00\",\"mainEntityOfPage\":{\"@id\":\"https:\\\/\\\/www.justretail.news\\\/latam\\\/noticias\\\/cencosud-exprime-paris-y-lleva-casi-sus-marcas-a-casi-un-centenar-de-supermercados-de-la-region\\\/\"},\"wordCount\":552,\"publisher\":{\"@id\":\"https:\\\/\\\/www.justretail.news\\\/latam\\\/#organization\"},\"image\":{\"@id\":\"https:\\\/\\\/www.justretail.news\\\/latam\\\/noticias\\\/cencosud-exprime-paris-y-lleva-casi-sus-marcas-a-casi-un-centenar-de-supermercados-de-la-region\\\/#primaryimage\"},\"thumbnailUrl\":\"https:\\\/\\\/www.justretail.news\\\/latam\\\/wp-content\\\/uploads\\\/2026\\\/08\\\/cencosud-tienda-paris-.jpg\",\"keywords\":[\"Cencosud\",\"Paris\",\"Tiendas departamentales\"],\"articleSection\":[\"Retailers\"],\"inLanguage\":\"es\"},{\"@type\":\"WebPage\",\"@id\":\"https:\\\/\\\/www.justretail.news\\\/latam\\\/noticias\\\/cencosud-exprime-paris-y-lleva-casi-sus-marcas-a-casi-un-centenar-de-supermercados-de-la-region\\\/\",\"url\":\"https:\\\/\\\/www.justretail.news\\\/latam\\\/noticias\\\/cencosud-exprime-paris-y-lleva-casi-sus-marcas-a-casi-un-centenar-de-supermercados-de-la-region\\\/\",\"name\":\"Cencosud exprime Paris y lleva casi sus marcas a casi un centenar de supermercados de la regi\u00f3n - Just Retail Latam\",\"isPartOf\":{\"@id\":\"https:\\\/\\\/www.justretail.news\\\/latam\\\/#website\"},\"primaryImageOfPage\":{\"@id\":\"https:\\\/\\\/www.justretail.news\\\/latam\\\/noticias\\\/cencosud-exprime-paris-y-lleva-casi-sus-marcas-a-casi-un-centenar-de-supermercados-de-la-region\\\/#primaryimage\"},\"image\":{\"@id\":\"https:\\\/\\\/www.justretail.news\\\/latam\\\/noticias\\\/cencosud-exprime-paris-y-lleva-casi-sus-marcas-a-casi-un-centenar-de-supermercados-de-la-region\\\/#primaryimage\"},\"thumbnailUrl\":\"https:\\\/\\\/www.justretail.news\\\/latam\\\/wp-content\\\/uploads\\\/2026\\\/08\\\/cencosud-tienda-paris-.jpg\",\"datePublished\":\"2026-09-03T19:33:26+00:00\",\"dateModified\":\"2026-09-03T19:33:27+00:00\",\"breadcrumb\":{\"@id\":\"https:\\\/\\\/www.justretail.news\\\/latam\\\/noticias\\\/cencosud-exprime-paris-y-lleva-casi-sus-marcas-a-casi-un-centenar-de-supermercados-de-la-region\\\/#breadcrumb\"},\"inLanguage\":\"es\",\"potentialAction\":[{\"@type\":\"ReadAction\",\"target\":[\"https:\\\/\\\/www.justretail.news\\\/latam\\\/noticias\\\/cencosud-exprime-paris-y-lleva-casi-sus-marcas-a-casi-un-centenar-de-supermercados-de-la-region\\\/\"]}]},{\"@type\":\"ImageObject\",\"inLanguage\":\"es\",\"@id\":\"https:\\\/\\\/www.justretail.news\\\/latam\\\/noticias\\\/cencosud-exprime-paris-y-lleva-casi-sus-marcas-a-casi-un-centenar-de-supermercados-de-la-region\\\/#primaryimage\",\"url\":\"https:\\\/\\\/www.justretail.news\\\/latam\\\/wp-content\\\/uploads\\\/2026\\\/08\\\/cencosud-tienda-paris-.jpg\",\"contentUrl\":\"https:\\\/\\\/www.justretail.news\\\/latam\\\/wp-content\\\/uploads\\\/2026\\\/08\\\/cencosud-tienda-paris-.jpg\",\"width\":800,\"height\":356},{\"@type\":\"BreadcrumbList\",\"@id\":\"https:\\\/\\\/www.justretail.news\\\/latam\\\/noticias\\\/cencosud-exprime-paris-y-lleva-casi-sus-marcas-a-casi-un-centenar-de-supermercados-de-la-region\\\/#breadcrumb\",\"itemListElement\":[{\"@type\":\"ListItem\",\"position\":1,\"name\":\"Portada\",\"item\":\"https:\\\/\\\/www.justretail.news\\\/latam\\\/\"},{\"@type\":\"ListItem\",\"position\":2,\"name\":\"Cencosud exprime Paris y lleva casi sus marcas a casi un centenar de supermercados de la regi\u00f3n\"}]},{\"@type\":\"WebSite\",\"@id\":\"https:\\\/\\\/www.justretail.news\\\/latam\\\/#website\",\"url\":\"https:\\\/\\\/www.justretail.news\\\/latam\\\/\",\"name\":\"Just Retail Latam\",\"description\":\"\",\"publisher\":{\"@id\":\"https:\\\/\\\/www.justretail.news\\\/latam\\\/#organization\"},\"potentialAction\":[{\"@type\":\"SearchAction\",\"target\":{\"@type\":\"EntryPoint\",\"urlTemplate\":\"https:\\\/\\\/www.justretail.news\\\/latam\\\/?s={search_term_string}\"},\"query-input\":{\"@type\":\"PropertyValueSpecification\",\"valueRequired\":true,\"valueName\":\"search_term_string\"}}],\"inLanguage\":\"es\"},{\"@type\":\"Organization\",\"@id\":\"https:\\\/\\\/www.justretail.news\\\/latam\\\/#organization\",\"name\":\"Just Retail Latam\",\"url\":\"https:\\\/\\\/www.justretail.news\\\/latam\\\/\",\"logo\":{\"@type\":\"ImageObject\",\"inLanguage\":\"es\",\"@id\":\"https:\\\/\\\/www.justretail.news\\\/latam\\\/#\\\/schema\\\/logo\\\/image\\\/\",\"url\":\"https:\\\/\\\/www.justretail.news\\\/latam\\\/wp-content\\\/uploads\\\/2024\\\/05\\\/just-retail-logo-NEGRO-trans-latam-272x90_nuevo.png\",\"contentUrl\":\"https:\\\/\\\/www.justretail.news\\\/latam\\\/wp-content\\\/uploads\\\/2024\\\/05\\\/just-retail-logo-NEGRO-trans-latam-272x90_nuevo.png\",\"width\":272,\"height\":90,\"caption\":\"Just Retail Latam\"},\"image\":{\"@id\":\"https:\\\/\\\/www.justretail.news\\\/latam\\\/#\\\/schema\\\/logo\\\/image\\\/\"}},{\"@type\":\"Person\",\"@id\":\"https:\\\/\\\/www.justretail.news\\\/latam\\\/#\\\/schema\\\/person\\\/1543b9d803b2d5751fba2211e7785c5f\",\"name\":\"Redacci\u00f3n\",\"image\":{\"@type\":\"ImageObject\",\"inLanguage\":\"es\",\"@id\":\"https:\\\/\\\/secure.gravatar.com\\\/avatar\\\/728f66d366b9809efe89ec232bef06263abc057cefaba166bbd45a167e648b3c?s=96&d=mm&r=g\",\"url\":\"https:\\\/\\\/secure.gravatar.com\\\/avatar\\\/728f66d366b9809efe89ec232bef06263abc057cefaba166bbd45a167e648b3c?s=96&d=mm&r=g\",\"contentUrl\":\"https:\\\/\\\/secure.gravatar.com\\\/avatar\\\/728f66d366b9809efe89ec232bef06263abc057cefaba166bbd45a167e648b3c?s=96&d=mm&r=g\",\"caption\":\"Redacci\u00f3n\"},\"sameAs\":[\"https:\\\/\\\/www.justretail.news\\\/latam\"],\"url\":\"https:\\\/\\\/www.justretail.news\\\/latam\\\/noticias\\\/author\\\/latam_master\\\/\"}]}<\/script>\n<!-- \/ Yoast SEO plugin. -->","yoast_head_json":{"title":"Cencosud exprime Paris y lleva casi sus marcas a casi un centenar de supermercados de la regi\u00f3n - Just Retail Latam","robots":{"index":"index","follow":"follow","max-snippet":"max-snippet:-1","max-image-preview":"max-image-preview:large","max-video-preview":"max-video-preview:-1"},"canonical":"https:\/\/www.justretail.news\/latam\/noticias\/cencosud-exprime-paris-y-lleva-casi-sus-marcas-a-casi-un-centenar-de-supermercados-de-la-region\/","og_locale":"es_ES","og_type":"article","og_title":"Cencosud exprime Paris y lleva casi sus marcas a casi un centenar de supermercados de la regi\u00f3n - Just Retail Latam","og_description":"Cencosud quiere extender el alcance de Paris m\u00e1s all\u00e1 de las tiendas por departamento. El grupo chileno est\u00e1 introduciendo las marcas propias de la cadena en sus supermercados de Colombia, Argentina y Per\u00fa mediante corners especializados en vestuario, textil y productos para el hogar. La compa\u00f1\u00eda ya opera 98 espacios de este tipo en la [&hellip;]","og_url":"https:\/\/www.justretail.news\/latam\/noticias\/cencosud-exprime-paris-y-lleva-casi-sus-marcas-a-casi-un-centenar-de-supermercados-de-la-region\/","og_site_name":"Just Retail Latam","article_published_time":"2026-09-03T19:33:26+00:00","article_modified_time":"2026-09-03T19:33:27+00:00","og_image":[{"width":800,"height":356,"url":"https:\/\/www.justretail.news\/latam\/wp-content\/uploads\/2026\/08\/cencosud-tienda-paris-.jpg","type":"image\/jpeg"}],"author":"Redacci\u00f3n","twitter_card":"summary_large_image","twitter_misc":{"Escrito por":"Redacci\u00f3n","Tiempo de lectura":"3 minutos"},"schema":{"@context":"https:\/\/schema.org","@graph":[{"@type":"Article","@id":"https:\/\/www.justretail.news\/latam\/noticias\/cencosud-exprime-paris-y-lleva-casi-sus-marcas-a-casi-un-centenar-de-supermercados-de-la-region\/#article","isPartOf":{"@id":"https:\/\/www.justretail.news\/latam\/noticias\/cencosud-exprime-paris-y-lleva-casi-sus-marcas-a-casi-un-centenar-de-supermercados-de-la-region\/"},"author":{"name":"Redacci\u00f3n","@id":"https:\/\/www.justretail.news\/latam\/#\/schema\/person\/1543b9d803b2d5751fba2211e7785c5f"},"headline":"Cencosud exprime Paris y lleva casi sus marcas a casi un centenar de supermercados de la regi\u00f3n","datePublished":"2026-09-03T19:33:26+00:00","dateModified":"2026-09-03T19:33:27+00:00","mainEntityOfPage":{"@id":"https:\/\/www.justretail.news\/latam\/noticias\/cencosud-exprime-paris-y-lleva-casi-sus-marcas-a-casi-un-centenar-de-supermercados-de-la-region\/"},"wordCount":552,"publisher":{"@id":"https:\/\/www.justretail.news\/latam\/#organization"},"image":{"@id":"https:\/\/www.justretail.news\/latam\/noticias\/cencosud-exprime-paris-y-lleva-casi-sus-marcas-a-casi-un-centenar-de-supermercados-de-la-region\/#primaryimage"},"thumbnailUrl":"https:\/\/www.justretail.news\/latam\/wp-content\/uploads\/2026\/08\/cencosud-tienda-paris-.jpg","keywords":["Cencosud","Paris","Tiendas departamentales"],"articleSection":["Retailers"],"inLanguage":"es"},{"@type":"WebPage","@id":"https:\/\/www.justretail.news\/latam\/noticias\/cencosud-exprime-paris-y-lleva-casi-sus-marcas-a-casi-un-centenar-de-supermercados-de-la-region\/","url":"https:\/\/www.justretail.news\/latam\/noticias\/cencosud-exprime-paris-y-lleva-casi-sus-marcas-a-casi-un-centenar-de-supermercados-de-la-region\/","name":"Cencosud exprime Paris y lleva casi sus marcas a casi un centenar de supermercados de la regi\u00f3n - Just Retail Latam","isPartOf":{"@id":"https:\/\/www.justretail.news\/latam\/#website"},"primaryImageOfPage":{"@id":"https:\/\/www.justretail.news\/latam\/noticias\/cencosud-exprime-paris-y-lleva-casi-sus-marcas-a-casi-un-centenar-de-supermercados-de-la-region\/#primaryimage"},"image":{"@id":"https:\/\/www.justretail.news\/latam\/noticias\/cencosud-exprime-paris-y-lleva-casi-sus-marcas-a-casi-un-centenar-de-supermercados-de-la-region\/#primaryimage"},"thumbnailUrl":"https:\/\/www.justretail.news\/latam\/wp-content\/uploads\/2026\/08\/cencosud-tienda-paris-.jpg","datePublished":"2026-09-03T19:33:26+00:00","dateModified":"2026-09-03T19:33:27+00:00","breadcrumb":{"@id":"https:\/\/www.justretail.news\/latam\/noticias\/cencosud-exprime-paris-y-lleva-casi-sus-marcas-a-casi-un-centenar-de-supermercados-de-la-region\/#breadcrumb"},"inLanguage":"es","potentialAction":[{"@type":"ReadAction","target":["https:\/\/www.justretail.news\/latam\/noticias\/cencosud-exprime-paris-y-lleva-casi-sus-marcas-a-casi-un-centenar-de-supermercados-de-la-region\/"]}]},{"@type":"ImageObject","inLanguage":"es","@id":"https:\/\/www.justretail.news\/latam\/noticias\/cencosud-exprime-paris-y-lleva-casi-sus-marcas-a-casi-un-centenar-de-supermercados-de-la-region\/#primaryimage","url":"https:\/\/www.justretail.news\/latam\/wp-content\/uploads\/2026\/08\/cencosud-tienda-paris-.jpg","contentUrl":"https:\/\/www.justretail.news\/latam\/wp-content\/uploads\/2026\/08\/cencosud-tienda-paris-.jpg","width":800,"height":356},{"@type":"BreadcrumbList","@id":"https:\/\/www.justretail.news\/latam\/noticias\/cencosud-exprime-paris-y-lleva-casi-sus-marcas-a-casi-un-centenar-de-supermercados-de-la-region\/#breadcrumb","itemListElement":[{"@type":"ListItem","position":1,"name":"Portada","item":"https:\/\/www.justretail.news\/latam\/"},{"@type":"ListItem","position":2,"name":"Cencosud exprime Paris y lleva casi sus marcas a casi un centenar de supermercados de la regi\u00f3n"}]},{"@type":"WebSite","@id":"https:\/\/www.justretail.news\/latam\/#website","url":"https:\/\/www.justretail.news\/latam\/","name":"Just Retail Latam","description":"","publisher":{"@id":"https:\/\/www.justretail.news\/latam\/#organization"},"potentialAction":[{"@type":"SearchAction","target":{"@type":"EntryPoint","urlTemplate":"https:\/\/www.justretail.news\/latam\/?s={search_term_string}"},"query-input":{"@type":"PropertyValueSpecification","valueRequired":true,"valueName":"search_term_string"}}],"inLanguage":"es"},{"@type":"Organization","@id":"https:\/\/www.justretail.news\/latam\/#organization","name":"Just Retail Latam","url":"https:\/\/www.justretail.news\/latam\/","logo":{"@type":"ImageObject","inLanguage":"es","@id":"https:\/\/www.justretail.news\/latam\/#\/schema\/logo\/image\/","url":"https:\/\/www.justretail.news\/latam\/wp-content\/uploads\/2024\/05\/just-retail-logo-NEGRO-trans-latam-272x90_nuevo.png","contentUrl":"https:\/\/www.justretail.news\/latam\/wp-content\/uploads\/2024\/05\/just-retail-logo-NEGRO-trans-latam-272x90_nuevo.png","width":272,"height":90,"caption":"Just Retail Latam"},"image":{"@id":"https:\/\/www.justretail.news\/latam\/#\/schema\/logo\/image\/"}},{"@type":"Person","@id":"https:\/\/www.justretail.news\/latam\/#\/schema\/person\/1543b9d803b2d5751fba2211e7785c5f","name":"Redacci\u00f3n","image":{"@type":"ImageObject","inLanguage":"es","@id":"https:\/\/secure.gravatar.com\/avatar\/728f66d366b9809efe89ec232bef06263abc057cefaba166bbd45a167e648b3c?s=96&d=mm&r=g","url":"https:\/\/secure.gravatar.com\/avatar\/728f66d366b9809efe89ec232bef06263abc057cefaba166bbd45a167e648b3c?s=96&d=mm&r=g","contentUrl":"https:\/\/secure.gravatar.com\/avatar\/728f66d366b9809efe89ec232bef06263abc057cefaba166bbd45a167e648b3c?s=96&d=mm&r=g","caption":"Redacci\u00f3n"},"sameAs":["https:\/\/www.justretail.news\/latam"],"url":"https:\/\/www.justretail.news\/latam\/noticias\/author\/latam_master\/"}]}},"jetpack_sharing_enabled":true,"jetpack_featured_media_url":"https:\/\/www.justretail.news\/latam\/wp-content\/uploads\/2026\/08\/cencosud-tienda-paris-.jpg","_links":{"self":[{"href":"https:\/\/www.justretail.news\/latam\/wp-json\/wp\/v2\/posts\/6599","targetHints":{"allow":["GET"]}}],"collection":[{"href":"https:\/\/www.justretail.news\/latam\/wp-json\/wp\/v2\/posts"}],"about":[{"href":"https:\/\/www.justretail.news\/latam\/wp-json\/wp\/v2\/types\/post"}],"author":[{"embeddable":true,"href":"https:\/\/www.justretail.news\/latam\/wp-json\/wp\/v2\/users\/1"}],"replies":[{"embeddable":true,"href":"https:\/\/www.justretail.news\/latam\/wp-json\/wp\/v2\/comments?post=6599"}],"version-history":[{"count":1,"href":"https:\/\/www.justretail.news\/latam\/wp-json\/wp\/v2\/posts\/6599\/revisions"}],"predecessor-version":[{"id":6600,"href":"https:\/\/www.justretail.news\/latam\/wp-json\/wp\/v2\/posts\/6599\/revisions\/6600"}],"wp:featuredmedia":[{"embeddable":true,"href":"https:\/\/www.justretail.news\/latam\/wp-json\/wp\/v2\/media\/6400"}],"wp:attachment":[{"href":"https:\/\/www.justretail.news\/latam\/wp-json\/wp\/v2\/media?parent=6599"}],"wp:term":[{"taxonomy":"category","embeddable":true,"href":"https:\/\/www.justretail.news\/latam\/wp-json\/wp\/v2\/categories?post=6599"},{"taxonomy":"post_tag","embeddable":true,"href":"https:\/\/www.justretail.news\/latam\/wp-json\/wp\/v2\/tags?post=6599"}],"curies":[{"name":"wp","href":"https:\/\/api.w.org\/{rel}","templated":true}]}}