{"id":803,"date":"2024-06-01T11:56:33","date_gmt":"2024-06-01T09:56:33","guid":{"rendered":"https:\/\/www.justretail.news\/latam\/?p=803"},"modified":"2025-11-08T23:53:51","modified_gmt":"2025-11-08T22:53:51","slug":"logisfashion-remodela-la-directiva-en-chile-para-seguir-creciendo-en-latinoamerica","status":"publish","type":"post","link":"https:\/\/www.justretail.news\/latam\/noticias\/logisfashion-remodela-la-directiva-en-chile-para-seguir-creciendo-en-latinoamerica\/","title":{"rendered":"Logisfashion remodela la directiva en Chile para seguir creciendo en Latinoam\u00e9rica"},"content":{"rendered":"\n<p>Logisfashion, multinacional espa\u00f1ola especializada en log\u00edstica aplicada a la moda, ha remodelado la directiva en su filial chilena con la incorporaci\u00f3n de <strong>Felipe Miranda como su nuevo director general<\/strong> con el objetivo de posicionarse entre las empresas log\u00edsticas m\u00e1s importantes del pa\u00eds.<br><br>Asimismo, la compa\u00f1\u00eda busca <strong>fortalecer su propuesta de valor a lo largo de toda la cadena de suministro y centralizar parte de su operaci\u00f3n log\u00edstica en Latinoam\u00e9rica<\/strong>.<br><br>\u00abEste nombramiento, que supone una importante apuesta por el mercado chileno, es clave para el desarrollo de la multinacional en Latinoam\u00e9rica, adem\u00e1s del fomento y reconocimiento del talento local\u00bb, ha sostenido Logifashion.<\/p>\n\n\n\n<p>Para la empresa, <strong>Chile siempre ha sido un mercado muy relevante y puntero en Latinoam\u00e9rica <\/strong>por su empuje, estabilidad e innovaci\u00f3n. \u00abQueremos seguir fortaleciendo nuestra presencia y la incorporaci\u00f3n a nuestro equipo de Felipe Miranda nos ayudar\u00e1 a mejorar a\u00fan m\u00e1s los buenos resultados que llevamos cosechando en los \u00faltimos a\u00f1os\u00bb, ha afirmado el director de operaciones de Logifashion, Diego Larra\u00f1aga.<br><br>Todo ello se alinea a su estrategia de crecimiento internacional.<strong> La apuesta por Chile pasa por seguir ampliando inversiones y capacidades para dar cabida a operaciones de gran magnitud en l\u00ednea <\/strong>con la tendencia creciente del e-commerce y de la cartera de clientes de la compa\u00f1\u00eda. Con esta estrategia, la empresa pretende seguir avanzando en el ranking de players log\u00edsticos en Chile para posicionarse en los pr\u00f3ximos a\u00f1os dentro del top 3 del sector.<\/p>\n","protected":false},"excerpt":{"rendered":"<p>Logisfashion ha remodelado la directiva en su filial chilena con la incorporaci\u00f3n de Felipe Miranda como su nuevo director general.<\/p>\n","protected":false},"author":1,"featured_media":805,"comment_status":"closed","ping_status":"open","sticky":false,"template":"","format":"standard","meta":{"_jetpack_memberships_contains_paid_content":false,"footnotes":""},"categories":[71],"tags":[148,149,147],"class_list":{"0":"post-803","1":"post","2":"type-post","3":"status-publish","4":"format-standard","5":"has-post-thumbnail","7":"category-nombramientos","8":"tag-chile","9":"tag-director-general","10":"tag-logifashion"},"yoast_head":"<!-- This site is optimized with the Yoast SEO plugin v27.4 - https:\/\/yoast.com\/product\/yoast-seo-wordpress\/ -->\n<title>Logisfashion remodela la directiva en Chile para seguir creciendo en Latinoam\u00e9rica - Just Retail Latam<\/title>\n<meta name=\"description\" content=\"Logifashion busca fortalecer su propuesta de valor y centralizar parte de su operaci\u00f3n log\u00edstica en Latinoam\u00e9rica.\" \/>\n<meta name=\"robots\" content=\"index, follow, max-snippet:-1, max-image-preview:large, max-video-preview:-1\" \/>\n<link rel=\"canonical\" href=\"https:\/\/www.justretail.news\/latam\/noticias\/logisfashion-remodela-la-directiva-en-chile-para-seguir-creciendo-en-latinoamerica\/\" \/>\n<meta property=\"og:locale\" content=\"es_ES\" \/>\n<meta property=\"og:type\" content=\"article\" \/>\n<meta property=\"og:title\" content=\"Logisfashion remodela la directiva en Chile para seguir creciendo en Latinoam\u00e9rica - Just Retail Latam\" \/>\n<meta property=\"og:description\" content=\"Logifashion busca fortalecer su propuesta de valor y centralizar parte de su operaci\u00f3n log\u00edstica en Latinoam\u00e9rica.\" \/>\n<meta property=\"og:url\" content=\"https:\/\/www.justretail.news\/latam\/noticias\/logisfashion-remodela-la-directiva-en-chile-para-seguir-creciendo-en-latinoamerica\/\" \/>\n<meta property=\"og:site_name\" content=\"Just Retail Latam\" \/>\n<meta property=\"article:published_time\" content=\"2024-06-01T09:56:33+00:00\" \/>\n<meta property=\"article:modified_time\" content=\"2025-11-08T22:53:51+00:00\" \/>\n<meta property=\"og:image\" content=\"https:\/\/www.justretail.news\/latam\/wp-content\/uploads\/2024\/07\/Felipe-Miranda-Logifashion-e1720778634581.jpg\" \/>\n\t<meta property=\"og:image:width\" content=\"800\" \/>\n\t<meta property=\"og:image:height\" content=\"640\" \/>\n\t<meta property=\"og:image:type\" content=\"image\/jpeg\" \/>\n<meta name=\"author\" content=\"Redacci\u00f3n\" \/>\n<meta name=\"twitter:card\" content=\"summary_large_image\" \/>\n<meta name=\"twitter:label1\" content=\"Escrito por\" \/>\n\t<meta name=\"twitter:data1\" content=\"Redacci\u00f3n\" \/>\n\t<meta name=\"twitter:label2\" content=\"Tiempo de lectura\" \/>\n\t<meta name=\"twitter:data2\" content=\"2 minutos\" \/>\n<script type=\"application\/ld+json\" class=\"yoast-schema-graph\">{\"@context\":\"https:\\\/\\\/schema.org\",\"@graph\":[{\"@type\":\"Article\",\"@id\":\"https:\\\/\\\/www.justretail.news\\\/latam\\\/noticias\\\/logisfashion-remodela-la-directiva-en-chile-para-seguir-creciendo-en-latinoamerica\\\/#article\",\"isPartOf\":{\"@id\":\"https:\\\/\\\/www.justretail.news\\\/latam\\\/noticias\\\/logisfashion-remodela-la-directiva-en-chile-para-seguir-creciendo-en-latinoamerica\\\/\"},\"author\":{\"name\":\"Redacci\u00f3n\",\"@id\":\"https:\\\/\\\/www.justretail.news\\\/latam\\\/#\\\/schema\\\/person\\\/1543b9d803b2d5751fba2211e7785c5f\"},\"headline\":\"Logisfashion remodela la directiva en Chile para seguir creciendo en Latinoam\u00e9rica\",\"datePublished\":\"2024-06-01T09:56:33+00:00\",\"dateModified\":\"2025-11-08T22:53:51+00:00\",\"mainEntityOfPage\":{\"@id\":\"https:\\\/\\\/www.justretail.news\\\/latam\\\/noticias\\\/logisfashion-remodela-la-directiva-en-chile-para-seguir-creciendo-en-latinoamerica\\\/\"},\"wordCount\":271,\"publisher\":{\"@id\":\"https:\\\/\\\/www.justretail.news\\\/latam\\\/#organization\"},\"image\":{\"@id\":\"https:\\\/\\\/www.justretail.news\\\/latam\\\/noticias\\\/logisfashion-remodela-la-directiva-en-chile-para-seguir-creciendo-en-latinoamerica\\\/#primaryimage\"},\"thumbnailUrl\":\"https:\\\/\\\/www.justretail.news\\\/latam\\\/wp-content\\\/uploads\\\/2024\\\/07\\\/Felipe-Miranda-Logifashion-e1720778634581.jpg\",\"keywords\":[\"Chile\",\"director general\",\"Logifashion\"],\"articleSection\":[\"Nombramientos\"],\"inLanguage\":\"es\"},{\"@type\":\"WebPage\",\"@id\":\"https:\\\/\\\/www.justretail.news\\\/latam\\\/noticias\\\/logisfashion-remodela-la-directiva-en-chile-para-seguir-creciendo-en-latinoamerica\\\/\",\"url\":\"https:\\\/\\\/www.justretail.news\\\/latam\\\/noticias\\\/logisfashion-remodela-la-directiva-en-chile-para-seguir-creciendo-en-latinoamerica\\\/\",\"name\":\"Logisfashion remodela la directiva en Chile para seguir creciendo en Latinoam\u00e9rica - Just Retail Latam\",\"isPartOf\":{\"@id\":\"https:\\\/\\\/www.justretail.news\\\/latam\\\/#website\"},\"primaryImageOfPage\":{\"@id\":\"https:\\\/\\\/www.justretail.news\\\/latam\\\/noticias\\\/logisfashion-remodela-la-directiva-en-chile-para-seguir-creciendo-en-latinoamerica\\\/#primaryimage\"},\"image\":{\"@id\":\"https:\\\/\\\/www.justretail.news\\\/latam\\\/noticias\\\/logisfashion-remodela-la-directiva-en-chile-para-seguir-creciendo-en-latinoamerica\\\/#primaryimage\"},\"thumbnailUrl\":\"https:\\\/\\\/www.justretail.news\\\/latam\\\/wp-content\\\/uploads\\\/2024\\\/07\\\/Felipe-Miranda-Logifashion-e1720778634581.jpg\",\"datePublished\":\"2024-06-01T09:56:33+00:00\",\"dateModified\":\"2025-11-08T22:53:51+00:00\",\"description\":\"Logifashion busca fortalecer su propuesta de valor y centralizar parte de su operaci\u00f3n log\u00edstica en Latinoam\u00e9rica.\",\"breadcrumb\":{\"@id\":\"https:\\\/\\\/www.justretail.news\\\/latam\\\/noticias\\\/logisfashion-remodela-la-directiva-en-chile-para-seguir-creciendo-en-latinoamerica\\\/#breadcrumb\"},\"inLanguage\":\"es\",\"potentialAction\":[{\"@type\":\"ReadAction\",\"target\":[\"https:\\\/\\\/www.justretail.news\\\/latam\\\/noticias\\\/logisfashion-remodela-la-directiva-en-chile-para-seguir-creciendo-en-latinoamerica\\\/\"]}]},{\"@type\":\"ImageObject\",\"inLanguage\":\"es\",\"@id\":\"https:\\\/\\\/www.justretail.news\\\/latam\\\/noticias\\\/logisfashion-remodela-la-directiva-en-chile-para-seguir-creciendo-en-latinoamerica\\\/#primaryimage\",\"url\":\"https:\\\/\\\/www.justretail.news\\\/latam\\\/wp-content\\\/uploads\\\/2024\\\/07\\\/Felipe-Miranda-Logifashion-e1720778634581.jpg\",\"contentUrl\":\"https:\\\/\\\/www.justretail.news\\\/latam\\\/wp-content\\\/uploads\\\/2024\\\/07\\\/Felipe-Miranda-Logifashion-e1720778634581.jpg\",\"width\":800,\"height\":640,\"caption\":\"Felipe Miranda Logifashion\"},{\"@type\":\"BreadcrumbList\",\"@id\":\"https:\\\/\\\/www.justretail.news\\\/latam\\\/noticias\\\/logisfashion-remodela-la-directiva-en-chile-para-seguir-creciendo-en-latinoamerica\\\/#breadcrumb\",\"itemListElement\":[{\"@type\":\"ListItem\",\"position\":1,\"name\":\"Portada\",\"item\":\"https:\\\/\\\/www.justretail.news\\\/latam\\\/\"},{\"@type\":\"ListItem\",\"position\":2,\"name\":\"Logisfashion remodela la directiva en Chile para seguir creciendo en Latinoam\u00e9rica\"}]},{\"@type\":\"WebSite\",\"@id\":\"https:\\\/\\\/www.justretail.news\\\/latam\\\/#website\",\"url\":\"https:\\\/\\\/www.justretail.news\\\/latam\\\/\",\"name\":\"Just Retail Latam\",\"description\":\"\",\"publisher\":{\"@id\":\"https:\\\/\\\/www.justretail.news\\\/latam\\\/#organization\"},\"potentialAction\":[{\"@type\":\"SearchAction\",\"target\":{\"@type\":\"EntryPoint\",\"urlTemplate\":\"https:\\\/\\\/www.justretail.news\\\/latam\\\/?s={search_term_string}\"},\"query-input\":{\"@type\":\"PropertyValueSpecification\",\"valueRequired\":true,\"valueName\":\"search_term_string\"}}],\"inLanguage\":\"es\"},{\"@type\":\"Organization\",\"@id\":\"https:\\\/\\\/www.justretail.news\\\/latam\\\/#organization\",\"name\":\"Just Retail Latam\",\"url\":\"https:\\\/\\\/www.justretail.news\\\/latam\\\/\",\"logo\":{\"@type\":\"ImageObject\",\"inLanguage\":\"es\",\"@id\":\"https:\\\/\\\/www.justretail.news\\\/latam\\\/#\\\/schema\\\/logo\\\/image\\\/\",\"url\":\"https:\\\/\\\/www.justretail.news\\\/latam\\\/wp-content\\\/uploads\\\/2024\\\/05\\\/just-retail-logo-NEGRO-trans-latam-272x90_nuevo.png\",\"contentUrl\":\"https:\\\/\\\/www.justretail.news\\\/latam\\\/wp-content\\\/uploads\\\/2024\\\/05\\\/just-retail-logo-NEGRO-trans-latam-272x90_nuevo.png\",\"width\":272,\"height\":90,\"caption\":\"Just Retail Latam\"},\"image\":{\"@id\":\"https:\\\/\\\/www.justretail.news\\\/latam\\\/#\\\/schema\\\/logo\\\/image\\\/\"}},{\"@type\":\"Person\",\"@id\":\"https:\\\/\\\/www.justretail.news\\\/latam\\\/#\\\/schema\\\/person\\\/1543b9d803b2d5751fba2211e7785c5f\",\"name\":\"Redacci\u00f3n\",\"image\":{\"@type\":\"ImageObject\",\"inLanguage\":\"es\",\"@id\":\"https:\\\/\\\/secure.gravatar.com\\\/avatar\\\/728f66d366b9809efe89ec232bef06263abc057cefaba166bbd45a167e648b3c?s=96&d=mm&r=g\",\"url\":\"https:\\\/\\\/secure.gravatar.com\\\/avatar\\\/728f66d366b9809efe89ec232bef06263abc057cefaba166bbd45a167e648b3c?s=96&d=mm&r=g\",\"contentUrl\":\"https:\\\/\\\/secure.gravatar.com\\\/avatar\\\/728f66d366b9809efe89ec232bef06263abc057cefaba166bbd45a167e648b3c?s=96&d=mm&r=g\",\"caption\":\"Redacci\u00f3n\"},\"sameAs\":[\"https:\\\/\\\/www.justretail.news\\\/latam\"],\"url\":\"https:\\\/\\\/www.justretail.news\\\/latam\\\/noticias\\\/author\\\/latam_master\\\/\"}]}<\/script>\n<!-- \/ Yoast SEO plugin. -->","yoast_head_json":{"title":"Logisfashion remodela la directiva en Chile para seguir creciendo en Latinoam\u00e9rica - Just Retail Latam","description":"Logifashion busca fortalecer su propuesta de valor y centralizar parte de su operaci\u00f3n log\u00edstica en Latinoam\u00e9rica.","robots":{"index":"index","follow":"follow","max-snippet":"max-snippet:-1","max-image-preview":"max-image-preview:large","max-video-preview":"max-video-preview:-1"},"canonical":"https:\/\/www.justretail.news\/latam\/noticias\/logisfashion-remodela-la-directiva-en-chile-para-seguir-creciendo-en-latinoamerica\/","og_locale":"es_ES","og_type":"article","og_title":"Logisfashion remodela la directiva en Chile para seguir creciendo en Latinoam\u00e9rica - Just Retail Latam","og_description":"Logifashion busca fortalecer su propuesta de valor y centralizar parte de su operaci\u00f3n log\u00edstica en Latinoam\u00e9rica.","og_url":"https:\/\/www.justretail.news\/latam\/noticias\/logisfashion-remodela-la-directiva-en-chile-para-seguir-creciendo-en-latinoamerica\/","og_site_name":"Just Retail Latam","article_published_time":"2024-06-01T09:56:33+00:00","article_modified_time":"2025-11-08T22:53:51+00:00","og_image":[{"width":800,"height":640,"url":"https:\/\/www.justretail.news\/latam\/wp-content\/uploads\/2024\/07\/Felipe-Miranda-Logifashion-e1720778634581.jpg","type":"image\/jpeg"}],"author":"Redacci\u00f3n","twitter_card":"summary_large_image","twitter_misc":{"Escrito por":"Redacci\u00f3n","Tiempo de lectura":"2 minutos"},"schema":{"@context":"https:\/\/schema.org","@graph":[{"@type":"Article","@id":"https:\/\/www.justretail.news\/latam\/noticias\/logisfashion-remodela-la-directiva-en-chile-para-seguir-creciendo-en-latinoamerica\/#article","isPartOf":{"@id":"https:\/\/www.justretail.news\/latam\/noticias\/logisfashion-remodela-la-directiva-en-chile-para-seguir-creciendo-en-latinoamerica\/"},"author":{"name":"Redacci\u00f3n","@id":"https:\/\/www.justretail.news\/latam\/#\/schema\/person\/1543b9d803b2d5751fba2211e7785c5f"},"headline":"Logisfashion remodela la directiva en Chile para seguir creciendo en Latinoam\u00e9rica","datePublished":"2024-06-01T09:56:33+00:00","dateModified":"2025-11-08T22:53:51+00:00","mainEntityOfPage":{"@id":"https:\/\/www.justretail.news\/latam\/noticias\/logisfashion-remodela-la-directiva-en-chile-para-seguir-creciendo-en-latinoamerica\/"},"wordCount":271,"publisher":{"@id":"https:\/\/www.justretail.news\/latam\/#organization"},"image":{"@id":"https:\/\/www.justretail.news\/latam\/noticias\/logisfashion-remodela-la-directiva-en-chile-para-seguir-creciendo-en-latinoamerica\/#primaryimage"},"thumbnailUrl":"https:\/\/www.justretail.news\/latam\/wp-content\/uploads\/2024\/07\/Felipe-Miranda-Logifashion-e1720778634581.jpg","keywords":["Chile","director general","Logifashion"],"articleSection":["Nombramientos"],"inLanguage":"es"},{"@type":"WebPage","@id":"https:\/\/www.justretail.news\/latam\/noticias\/logisfashion-remodela-la-directiva-en-chile-para-seguir-creciendo-en-latinoamerica\/","url":"https:\/\/www.justretail.news\/latam\/noticias\/logisfashion-remodela-la-directiva-en-chile-para-seguir-creciendo-en-latinoamerica\/","name":"Logisfashion remodela la directiva en Chile para seguir creciendo en Latinoam\u00e9rica - Just Retail Latam","isPartOf":{"@id":"https:\/\/www.justretail.news\/latam\/#website"},"primaryImageOfPage":{"@id":"https:\/\/www.justretail.news\/latam\/noticias\/logisfashion-remodela-la-directiva-en-chile-para-seguir-creciendo-en-latinoamerica\/#primaryimage"},"image":{"@id":"https:\/\/www.justretail.news\/latam\/noticias\/logisfashion-remodela-la-directiva-en-chile-para-seguir-creciendo-en-latinoamerica\/#primaryimage"},"thumbnailUrl":"https:\/\/www.justretail.news\/latam\/wp-content\/uploads\/2024\/07\/Felipe-Miranda-Logifashion-e1720778634581.jpg","datePublished":"2024-06-01T09:56:33+00:00","dateModified":"2025-11-08T22:53:51+00:00","description":"Logifashion busca fortalecer su propuesta de valor y centralizar parte de su operaci\u00f3n log\u00edstica en Latinoam\u00e9rica.","breadcrumb":{"@id":"https:\/\/www.justretail.news\/latam\/noticias\/logisfashion-remodela-la-directiva-en-chile-para-seguir-creciendo-en-latinoamerica\/#breadcrumb"},"inLanguage":"es","potentialAction":[{"@type":"ReadAction","target":["https:\/\/www.justretail.news\/latam\/noticias\/logisfashion-remodela-la-directiva-en-chile-para-seguir-creciendo-en-latinoamerica\/"]}]},{"@type":"ImageObject","inLanguage":"es","@id":"https:\/\/www.justretail.news\/latam\/noticias\/logisfashion-remodela-la-directiva-en-chile-para-seguir-creciendo-en-latinoamerica\/#primaryimage","url":"https:\/\/www.justretail.news\/latam\/wp-content\/uploads\/2024\/07\/Felipe-Miranda-Logifashion-e1720778634581.jpg","contentUrl":"https:\/\/www.justretail.news\/latam\/wp-content\/uploads\/2024\/07\/Felipe-Miranda-Logifashion-e1720778634581.jpg","width":800,"height":640,"caption":"Felipe Miranda Logifashion"},{"@type":"BreadcrumbList","@id":"https:\/\/www.justretail.news\/latam\/noticias\/logisfashion-remodela-la-directiva-en-chile-para-seguir-creciendo-en-latinoamerica\/#breadcrumb","itemListElement":[{"@type":"ListItem","position":1,"name":"Portada","item":"https:\/\/www.justretail.news\/latam\/"},{"@type":"ListItem","position":2,"name":"Logisfashion remodela la directiva en Chile para seguir creciendo en Latinoam\u00e9rica"}]},{"@type":"WebSite","@id":"https:\/\/www.justretail.news\/latam\/#website","url":"https:\/\/www.justretail.news\/latam\/","name":"Just Retail Latam","description":"","publisher":{"@id":"https:\/\/www.justretail.news\/latam\/#organization"},"potentialAction":[{"@type":"SearchAction","target":{"@type":"EntryPoint","urlTemplate":"https:\/\/www.justretail.news\/latam\/?s={search_term_string}"},"query-input":{"@type":"PropertyValueSpecification","valueRequired":true,"valueName":"search_term_string"}}],"inLanguage":"es"},{"@type":"Organization","@id":"https:\/\/www.justretail.news\/latam\/#organization","name":"Just Retail Latam","url":"https:\/\/www.justretail.news\/latam\/","logo":{"@type":"ImageObject","inLanguage":"es","@id":"https:\/\/www.justretail.news\/latam\/#\/schema\/logo\/image\/","url":"https:\/\/www.justretail.news\/latam\/wp-content\/uploads\/2024\/05\/just-retail-logo-NEGRO-trans-latam-272x90_nuevo.png","contentUrl":"https:\/\/www.justretail.news\/latam\/wp-content\/uploads\/2024\/05\/just-retail-logo-NEGRO-trans-latam-272x90_nuevo.png","width":272,"height":90,"caption":"Just Retail Latam"},"image":{"@id":"https:\/\/www.justretail.news\/latam\/#\/schema\/logo\/image\/"}},{"@type":"Person","@id":"https:\/\/www.justretail.news\/latam\/#\/schema\/person\/1543b9d803b2d5751fba2211e7785c5f","name":"Redacci\u00f3n","image":{"@type":"ImageObject","inLanguage":"es","@id":"https:\/\/secure.gravatar.com\/avatar\/728f66d366b9809efe89ec232bef06263abc057cefaba166bbd45a167e648b3c?s=96&d=mm&r=g","url":"https:\/\/secure.gravatar.com\/avatar\/728f66d366b9809efe89ec232bef06263abc057cefaba166bbd45a167e648b3c?s=96&d=mm&r=g","contentUrl":"https:\/\/secure.gravatar.com\/avatar\/728f66d366b9809efe89ec232bef06263abc057cefaba166bbd45a167e648b3c?s=96&d=mm&r=g","caption":"Redacci\u00f3n"},"sameAs":["https:\/\/www.justretail.news\/latam"],"url":"https:\/\/www.justretail.news\/latam\/noticias\/author\/latam_master\/"}]}},"jetpack_featured_media_url":"https:\/\/www.justretail.news\/latam\/wp-content\/uploads\/2024\/07\/Felipe-Miranda-Logifashion-e1720778634581.jpg","jetpack_sharing_enabled":true,"_links":{"self":[{"href":"https:\/\/www.justretail.news\/latam\/wp-json\/wp\/v2\/posts\/803","targetHints":{"allow":["GET"]}}],"collection":[{"href":"https:\/\/www.justretail.news\/latam\/wp-json\/wp\/v2\/posts"}],"about":[{"href":"https:\/\/www.justretail.news\/latam\/wp-json\/wp\/v2\/types\/post"}],"author":[{"embeddable":true,"href":"https:\/\/www.justretail.news\/latam\/wp-json\/wp\/v2\/users\/1"}],"replies":[{"embeddable":true,"href":"https:\/\/www.justretail.news\/latam\/wp-json\/wp\/v2\/comments?post=803"}],"version-history":[{"count":1,"href":"https:\/\/www.justretail.news\/latam\/wp-json\/wp\/v2\/posts\/803\/revisions"}],"predecessor-version":[{"id":806,"href":"https:\/\/www.justretail.news\/latam\/wp-json\/wp\/v2\/posts\/803\/revisions\/806"}],"wp:featuredmedia":[{"embeddable":true,"href":"https:\/\/www.justretail.news\/latam\/wp-json\/wp\/v2\/media\/805"}],"wp:attachment":[{"href":"https:\/\/www.justretail.news\/latam\/wp-json\/wp\/v2\/media?parent=803"}],"wp:term":[{"taxonomy":"category","embeddable":true,"href":"https:\/\/www.justretail.news\/latam\/wp-json\/wp\/v2\/categories?post=803"},{"taxonomy":"post_tag","embeddable":true,"href":"https:\/\/www.justretail.news\/latam\/wp-json\/wp\/v2\/tags?post=803"}],"curies":[{"name":"wp","href":"https:\/\/api.w.org\/{rel}","templated":true}]}}